{"id":8425,"date":"2022-09-29T16:16:49","date_gmt":"2022-09-29T16:16:49","guid":{"rendered":"https:\/\/noti-america.com\/site\/mexico\/?p=8425"},"modified":"2022-09-29T16:16:49","modified_gmt":"2022-09-29T16:16:49","slug":"como-quieren-que-la-olvide-es-el-tema-con-el-que-emmanuel-regresa-a-venezuela","status":"publish","type":"post","link":"https:\/\/noti-america.com\/site\/mexico\/2022\/09\/29\/como-quieren-que-la-olvide-es-el-tema-con-el-que-emmanuel-regresa-a-venezuela\/","title":{"rendered":"\u201cComo quieren que la olvide\u201d es el tema con el que Emmanuel regresa a Venezuela"},"content":{"rendered":"<p>Despu\u00e9s de agotar taquilla el pasado mes de junio, el aclamado artista mexicano Emmanuel regresa a nuestro pa\u00eds para compartir con los venezolanos que se quedaron con las ganas y con los que deseen vivir nuevamente la experiencia de un show inolvidable, esta gala es una invitaci\u00f3n a cantar y vibrar con sus mejores \u00e9xitos.<\/p>\n<p>&nbsp;<\/p>\n<p>Adem\u00e1s, es la ocasi\u00f3n perfecta para sorprender a su p\u00fablico, Emmanuel viene m\u00e1s mexicano que nunca con su \u00faltimo sencillo, C\u00f3mo quieren que la olvide, disponible en todas las plataformas digitales desde el 26 de agosto de este a\u00f1o.<\/p>\n<p>&nbsp;<\/p>\n<p>Toda la vida: Emmanuel es la gira mundial dise\u00f1ada por el artista para deleitar a su p\u00fablico con los cl\u00e1sicos: La chica de humo, Todo se derrumb\u00f3, La \u00faltima luna,Tengo mucho que aprender de ti, Pobre diablo, Sentirme vivo, Coraz\u00f3n demelao, entre otros temas.Un evento imperdible, colmado de sorpresas y emociones para que el Teatro Teresa Carre\u00f1o de Caracas, 27 octubrey el Hotel Hesperia WTC Valencia, el 28 octubre, reciban al \u00eddolo pop de todas las generaciones.<\/p>\n<p>&nbsp;<\/p>\n<p>El p\u00fablico disfrutar\u00e1 de un recorrido por la vida art\u00edstica de Emmanuel, y como ya es costumbre en los shows del artista ser\u00e1n sorprendidos con su performance y magia en el escenario, son ya m\u00e1s de cuatro d\u00e9cadas compartiendo su estilo \u00fanico, un movimiento en la m\u00fasica pop de habla hispana..<\/p>\n<p>&nbsp;<\/p>\n<p><strong>Venezuela disfrutar\u00e1 de su m\u00e1s reciente trabajo \u201cMTV Unplugged\u201d y algo m\u00e1s\u2026<\/strong><\/p>\n<p>&nbsp;<\/p>\n<p>Disponible en CD+DVD MTV Unpluggedes el \u00faltimo trabajo discogr\u00e1fico del artista, con el cualreconquista los corazones de sus fans, confirma su madurez musical y se hace merecedor de doble disco de platino.<\/p>\n<p>&nbsp;<\/p>\n<p>Esta joya del pop estuvo a cargo del premiado productor musical, Aureo Baqueiro y contiene las letras de famosos compositores como Sin Bandera, \u00a0Fato, Amaury Guti\u00e9rrez y Paty Cant\u00fa, los cuales adem\u00e1s ser\u00e1n parte del repertorio que con su ya inconfundible estilo pondr\u00e1 a vibrar a los asistentes a sus conciertos en vivo.<\/p>\n<p>&nbsp;<\/p>\n<p>Si eres un fan\u00e1tico del pop latino no puedes perderte esta cita con el \u00eddolo del g\u00e9nero, Emmanuel, no pierdas la oportunidad de disfrutar una noche musical de lujo en nuestro pa\u00eds.<\/p>\n","protected":false},"excerpt":{"rendered":"<p>Despu\u00e9s de agotar taquilla el pasado mes de junio, el aclamado artista mexicano Emmanuel regresa a nuestro pa\u00eds para compartir con los venezolanos que se quedaron con las ganas y con los que deseen&#46;&#46;&#46;<\/p>\n","protected":false},"author":127,"featured_media":8426,"comment_status":"open","ping_status":"open","sticky":false,"template":"","format":"image","meta":{"_acf_changed":false,"om_disable_all_campaigns":false,"rop_custom_images_group":[],"rop_custom_messages_group":[],"rop_publish_now":"initial","rop_publish_now_accounts":{"twitter_242054905_242054905":""},"rop_publish_now_history":[],"rop_publish_now_status":"pending","_uf_show_specific_survey":0,"_uf_disable_surveys":false,"footnotes":""},"categories":[38],"tags":[],"class_list":["post-8425","post","type-post","status-publish","format-image","has-post-thumbnail","hentry","category-musica","post_format-post-format-image"],"acf":[],"aioseo_notices":[],"yoast_head":"<!-- This site is optimized with the Yoast SEO Premium plugin v24.9 (Yoast SEO v27.2) - https:\/\/yoast.com\/product\/yoast-seo-premium-wordpress\/ -->\n<title>\u201cComo quieren que la olvide\u201d es el tema con el que Emmanuel regresa a Venezuela - M\u00e9xico<\/title>\n<meta name=\"robots\" content=\"index, follow, max-snippet:-1, max-image-preview:large, max-video-preview:-1\" \/>\n<link rel=\"canonical\" href=\"https:\/\/noti-america.com\/site\/mexico\/2022\/09\/29\/como-quieren-que-la-olvide-es-el-tema-con-el-que-emmanuel-regresa-a-venezuela\/\" \/>\n<meta property=\"og:locale\" content=\"es_ES\" \/>\n<meta property=\"og:type\" content=\"article\" \/>\n<meta property=\"og:title\" content=\"\u201cComo quieren que la olvide\u201d es el tema con el que Emmanuel regresa a Venezuela\" \/>\n<meta property=\"og:description\" content=\"Despu\u00e9s de agotar taquilla el pasado mes de junio, el aclamado artista mexicano Emmanuel regresa a nuestro pa\u00eds para compartir con los venezolanos que se quedaron con las ganas y con los que deseen&#046;&#046;&#046;\" \/>\n<meta property=\"og:url\" content=\"https:\/\/noti-america.com\/site\/mexico\/2022\/09\/29\/como-quieren-que-la-olvide-es-el-tema-con-el-que-emmanuel-regresa-a-venezuela\/\" \/>\n<meta property=\"og:site_name\" content=\"M\u00e9xico\" \/>\n<meta property=\"article:published_time\" content=\"2022-09-29T16:16:49+00:00\" \/>\n<meta property=\"og:image\" content=\"https:\/\/noti-america.com\/site\/mexico\/wp-content\/uploads\/sites\/13\/2022\/09\/PORTADA_SinTitulos-scaled.jpg\" \/>\n\t<meta property=\"og:image:width\" content=\"2560\" \/>\n\t<meta property=\"og:image:height\" content=\"2560\" \/>\n\t<meta property=\"og:image:type\" content=\"image\/jpeg\" \/>\n<meta name=\"author\" content=\"Yoelvzla\" \/>\n<meta name=\"twitter:card\" content=\"summary_large_image\" \/>\n<meta name=\"twitter:label1\" content=\"Escrito por\" \/>\n\t<meta name=\"twitter:data1\" content=\"Yoelvzla\" \/>\n\t<meta name=\"twitter:label2\" content=\"Tiempo estimado de lectura\" \/>\n\t<meta name=\"twitter:data2\" content=\"2 minutos\" \/>\n<script type=\"application\/ld+json\" class=\"yoast-schema-graph\">{\"@context\":\"https:\/\/schema.org\",\"@graph\":[{\"@type\":\"Article\",\"@id\":\"https:\/\/noti-america.com\/site\/mexico\/2022\/09\/29\/como-quieren-que-la-olvide-es-el-tema-con-el-que-emmanuel-regresa-a-venezuela\/#article\",\"isPartOf\":{\"@id\":\"https:\/\/noti-america.com\/site\/mexico\/2022\/09\/29\/como-quieren-que-la-olvide-es-el-tema-con-el-que-emmanuel-regresa-a-venezuela\/\"},\"author\":{\"name\":\"Yoelvzla\",\"@id\":\"https:\/\/noti-america.com\/site\/mexico\/#\/schema\/person\/376ccc7b3cc7a8d5a43c3ece07a43857\"},\"headline\":\"\u201cComo quieren que la olvide\u201d es el tema con el que Emmanuel regresa a Venezuela\",\"datePublished\":\"2022-09-29T16:16:49+00:00\",\"mainEntityOfPage\":{\"@id\":\"https:\/\/noti-america.com\/site\/mexico\/2022\/09\/29\/como-quieren-que-la-olvide-es-el-tema-con-el-que-emmanuel-regresa-a-venezuela\/\"},\"wordCount\":402,\"commentCount\":0,\"publisher\":{\"@id\":\"https:\/\/noti-america.com\/site\/mexico\/#organization\"},\"image\":{\"@id\":\"https:\/\/noti-america.com\/site\/mexico\/2022\/09\/29\/como-quieren-que-la-olvide-es-el-tema-con-el-que-emmanuel-regresa-a-venezuela\/#primaryimage\"},\"thumbnailUrl\":\"https:\/\/noti-america.com\/site\/mexico\/wp-content\/uploads\/sites\/13\/2022\/09\/PORTADA_SinTitulos-scaled.jpg\",\"articleSection\":[\"M\u00fasica\"],\"inLanguage\":\"es\",\"potentialAction\":[{\"@type\":\"CommentAction\",\"name\":\"Comment\",\"target\":[\"https:\/\/noti-america.com\/site\/mexico\/2022\/09\/29\/como-quieren-que-la-olvide-es-el-tema-con-el-que-emmanuel-regresa-a-venezuela\/#respond\"]}]},{\"@type\":\"WebPage\",\"@id\":\"https:\/\/noti-america.com\/site\/mexico\/2022\/09\/29\/como-quieren-que-la-olvide-es-el-tema-con-el-que-emmanuel-regresa-a-venezuela\/\",\"url\":\"https:\/\/noti-america.com\/site\/mexico\/2022\/09\/29\/como-quieren-que-la-olvide-es-el-tema-con-el-que-emmanuel-regresa-a-venezuela\/\",\"name\":\"\u201cComo quieren que la olvide\u201d es el tema con el que Emmanuel regresa a Venezuela - M\u00e9xico\",\"isPartOf\":{\"@id\":\"https:\/\/noti-america.com\/site\/mexico\/#website\"},\"primaryImageOfPage\":{\"@id\":\"https:\/\/noti-america.com\/site\/mexico\/2022\/09\/29\/como-quieren-que-la-olvide-es-el-tema-con-el-que-emmanuel-regresa-a-venezuela\/#primaryimage\"},\"image\":{\"@id\":\"https:\/\/noti-america.com\/site\/mexico\/2022\/09\/29\/como-quieren-que-la-olvide-es-el-tema-con-el-que-emmanuel-regresa-a-venezuela\/#primaryimage\"},\"thumbnailUrl\":\"https:\/\/noti-america.com\/site\/mexico\/wp-content\/uploads\/sites\/13\/2022\/09\/PORTADA_SinTitulos-scaled.jpg\",\"datePublished\":\"2022-09-29T16:16:49+00:00\",\"breadcrumb\":{\"@id\":\"https:\/\/noti-america.com\/site\/mexico\/2022\/09\/29\/como-quieren-que-la-olvide-es-el-tema-con-el-que-emmanuel-regresa-a-venezuela\/#breadcrumb\"},\"inLanguage\":\"es\",\"potentialAction\":[{\"@type\":\"ReadAction\",\"target\":[\"https:\/\/noti-america.com\/site\/mexico\/2022\/09\/29\/como-quieren-que-la-olvide-es-el-tema-con-el-que-emmanuel-regresa-a-venezuela\/\"]}]},{\"@type\":\"ImageObject\",\"inLanguage\":\"es\",\"@id\":\"https:\/\/noti-america.com\/site\/mexico\/2022\/09\/29\/como-quieren-que-la-olvide-es-el-tema-con-el-que-emmanuel-regresa-a-venezuela\/#primaryimage\",\"url\":\"https:\/\/noti-america.com\/site\/mexico\/wp-content\/uploads\/sites\/13\/2022\/09\/PORTADA_SinTitulos-scaled.jpg\",\"contentUrl\":\"https:\/\/noti-america.com\/site\/mexico\/wp-content\/uploads\/sites\/13\/2022\/09\/PORTADA_SinTitulos-scaled.jpg\",\"width\":2560,\"height\":2560},{\"@type\":\"BreadcrumbList\",\"@id\":\"https:\/\/noti-america.com\/site\/mexico\/2022\/09\/29\/como-quieren-que-la-olvide-es-el-tema-con-el-que-emmanuel-regresa-a-venezuela\/#breadcrumb\",\"itemListElement\":[{\"@type\":\"ListItem\",\"position\":1,\"name\":\"Portada\",\"item\":\"https:\/\/noti-america.com\/site\/mexico\/\"},{\"@type\":\"ListItem\",\"position\":2,\"name\":\"\u201cComo quieren que la olvide\u201d es el tema con el que Emmanuel regresa a Venezuela\"}]},{\"@type\":\"WebSite\",\"@id\":\"https:\/\/noti-america.com\/site\/mexico\/#website\",\"url\":\"https:\/\/noti-america.com\/site\/mexico\/\",\"name\":\"M\u00e9xico | Noti-America.com\",\"description\":\"\",\"publisher\":{\"@id\":\"https:\/\/noti-america.com\/site\/mexico\/#organization\"},\"potentialAction\":[{\"@type\":\"SearchAction\",\"target\":{\"@type\":\"EntryPoint\",\"urlTemplate\":\"https:\/\/noti-america.com\/site\/mexico\/?s={search_term_string}\"},\"query-input\":{\"@type\":\"PropertyValueSpecification\",\"valueRequired\":true,\"valueName\":\"search_term_string\"}}],\"inLanguage\":\"es\"},{\"@type\":\"Organization\",\"@id\":\"https:\/\/noti-america.com\/site\/mexico\/#organization\",\"name\":\"Noti-America LLC | M\u00e9xico\",\"url\":\"https:\/\/noti-america.com\/site\/mexico\/\",\"logo\":{\"@type\":\"ImageObject\",\"inLanguage\":\"es\",\"@id\":\"https:\/\/noti-america.com\/site\/mexico\/#\/schema\/logo\/image\/\",\"url\":\"https:\/\/noti-america.com\/site\/mexico\/wp-content\/uploads\/sites\/13\/2020\/07\/LogoNA-4x3-1.jpg\",\"contentUrl\":\"https:\/\/noti-america.com\/site\/mexico\/wp-content\/uploads\/sites\/13\/2020\/07\/LogoNA-4x3-1.jpg\",\"width\":1236,\"height\":1080,\"caption\":\"Noti-America LLC | M\u00e9xico\"},\"image\":{\"@id\":\"https:\/\/noti-america.com\/site\/mexico\/#\/schema\/logo\/image\/\"}},{\"@type\":\"Person\",\"@id\":\"https:\/\/noti-america.com\/site\/mexico\/#\/schema\/person\/376ccc7b3cc7a8d5a43c3ece07a43857\",\"name\":\"Yoelvzla\",\"image\":{\"@type\":\"ImageObject\",\"inLanguage\":\"es\",\"@id\":\"https:\/\/secure.gravatar.com\/avatar\/13a96a72123e0e9aa76fe82e8847f726c63a1c5ef6a8d0fadd844c1a5a83b212?s=96&d=mm&r=g\",\"url\":\"https:\/\/secure.gravatar.com\/avatar\/13a96a72123e0e9aa76fe82e8847f726c63a1c5ef6a8d0fadd844c1a5a83b212?s=96&d=mm&r=g\",\"contentUrl\":\"https:\/\/secure.gravatar.com\/avatar\/13a96a72123e0e9aa76fe82e8847f726c63a1c5ef6a8d0fadd844c1a5a83b212?s=96&d=mm&r=g\",\"caption\":\"Yoelvzla\"},\"url\":\"https:\/\/noti-america.com\/site\/mexico\/author\/ydiaz\/\"}]}<\/script>\n<!-- \/ Yoast SEO Premium plugin. -->","yoast_head_json":{"title":"\u201cComo quieren que la olvide\u201d es el tema con el que Emmanuel regresa a Venezuela - M\u00e9xico","robots":{"index":"index","follow":"follow","max-snippet":"max-snippet:-1","max-image-preview":"max-image-preview:large","max-video-preview":"max-video-preview:-1"},"canonical":"https:\/\/noti-america.com\/site\/mexico\/2022\/09\/29\/como-quieren-que-la-olvide-es-el-tema-con-el-que-emmanuel-regresa-a-venezuela\/","og_locale":"es_ES","og_type":"article","og_title":"\u201cComo quieren que la olvide\u201d es el tema con el que Emmanuel regresa a Venezuela","og_description":"Despu\u00e9s de agotar taquilla el pasado mes de junio, el aclamado artista mexicano Emmanuel regresa a nuestro pa\u00eds para compartir con los venezolanos que se quedaron con las ganas y con los que deseen&#46;&#46;&#46;","og_url":"https:\/\/noti-america.com\/site\/mexico\/2022\/09\/29\/como-quieren-que-la-olvide-es-el-tema-con-el-que-emmanuel-regresa-a-venezuela\/","og_site_name":"M\u00e9xico","article_published_time":"2022-09-29T16:16:49+00:00","og_image":[{"width":2560,"height":2560,"url":"https:\/\/noti-america.com\/site\/mexico\/wp-content\/uploads\/sites\/13\/2022\/09\/PORTADA_SinTitulos-scaled.jpg","type":"image\/jpeg"}],"author":"Yoelvzla","twitter_card":"summary_large_image","twitter_misc":{"Escrito por":"Yoelvzla","Tiempo estimado de lectura":"2 minutos"},"schema":{"@context":"https:\/\/schema.org","@graph":[{"@type":"Article","@id":"https:\/\/noti-america.com\/site\/mexico\/2022\/09\/29\/como-quieren-que-la-olvide-es-el-tema-con-el-que-emmanuel-regresa-a-venezuela\/#article","isPartOf":{"@id":"https:\/\/noti-america.com\/site\/mexico\/2022\/09\/29\/como-quieren-que-la-olvide-es-el-tema-con-el-que-emmanuel-regresa-a-venezuela\/"},"author":{"name":"Yoelvzla","@id":"https:\/\/noti-america.com\/site\/mexico\/#\/schema\/person\/376ccc7b3cc7a8d5a43c3ece07a43857"},"headline":"\u201cComo quieren que la olvide\u201d es el tema con el que Emmanuel regresa a Venezuela","datePublished":"2022-09-29T16:16:49+00:00","mainEntityOfPage":{"@id":"https:\/\/noti-america.com\/site\/mexico\/2022\/09\/29\/como-quieren-que-la-olvide-es-el-tema-con-el-que-emmanuel-regresa-a-venezuela\/"},"wordCount":402,"commentCount":0,"publisher":{"@id":"https:\/\/noti-america.com\/site\/mexico\/#organization"},"image":{"@id":"https:\/\/noti-america.com\/site\/mexico\/2022\/09\/29\/como-quieren-que-la-olvide-es-el-tema-con-el-que-emmanuel-regresa-a-venezuela\/#primaryimage"},"thumbnailUrl":"https:\/\/noti-america.com\/site\/mexico\/wp-content\/uploads\/sites\/13\/2022\/09\/PORTADA_SinTitulos-scaled.jpg","articleSection":["M\u00fasica"],"inLanguage":"es","potentialAction":[{"@type":"CommentAction","name":"Comment","target":["https:\/\/noti-america.com\/site\/mexico\/2022\/09\/29\/como-quieren-que-la-olvide-es-el-tema-con-el-que-emmanuel-regresa-a-venezuela\/#respond"]}]},{"@type":"WebPage","@id":"https:\/\/noti-america.com\/site\/mexico\/2022\/09\/29\/como-quieren-que-la-olvide-es-el-tema-con-el-que-emmanuel-regresa-a-venezuela\/","url":"https:\/\/noti-america.com\/site\/mexico\/2022\/09\/29\/como-quieren-que-la-olvide-es-el-tema-con-el-que-emmanuel-regresa-a-venezuela\/","name":"\u201cComo quieren que la olvide\u201d es el tema con el que Emmanuel regresa a Venezuela - M\u00e9xico","isPartOf":{"@id":"https:\/\/noti-america.com\/site\/mexico\/#website"},"primaryImageOfPage":{"@id":"https:\/\/noti-america.com\/site\/mexico\/2022\/09\/29\/como-quieren-que-la-olvide-es-el-tema-con-el-que-emmanuel-regresa-a-venezuela\/#primaryimage"},"image":{"@id":"https:\/\/noti-america.com\/site\/mexico\/2022\/09\/29\/como-quieren-que-la-olvide-es-el-tema-con-el-que-emmanuel-regresa-a-venezuela\/#primaryimage"},"thumbnailUrl":"https:\/\/noti-america.com\/site\/mexico\/wp-content\/uploads\/sites\/13\/2022\/09\/PORTADA_SinTitulos-scaled.jpg","datePublished":"2022-09-29T16:16:49+00:00","breadcrumb":{"@id":"https:\/\/noti-america.com\/site\/mexico\/2022\/09\/29\/como-quieren-que-la-olvide-es-el-tema-con-el-que-emmanuel-regresa-a-venezuela\/#breadcrumb"},"inLanguage":"es","potentialAction":[{"@type":"ReadAction","target":["https:\/\/noti-america.com\/site\/mexico\/2022\/09\/29\/como-quieren-que-la-olvide-es-el-tema-con-el-que-emmanuel-regresa-a-venezuela\/"]}]},{"@type":"ImageObject","inLanguage":"es","@id":"https:\/\/noti-america.com\/site\/mexico\/2022\/09\/29\/como-quieren-que-la-olvide-es-el-tema-con-el-que-emmanuel-regresa-a-venezuela\/#primaryimage","url":"https:\/\/noti-america.com\/site\/mexico\/wp-content\/uploads\/sites\/13\/2022\/09\/PORTADA_SinTitulos-scaled.jpg","contentUrl":"https:\/\/noti-america.com\/site\/mexico\/wp-content\/uploads\/sites\/13\/2022\/09\/PORTADA_SinTitulos-scaled.jpg","width":2560,"height":2560},{"@type":"BreadcrumbList","@id":"https:\/\/noti-america.com\/site\/mexico\/2022\/09\/29\/como-quieren-que-la-olvide-es-el-tema-con-el-que-emmanuel-regresa-a-venezuela\/#breadcrumb","itemListElement":[{"@type":"ListItem","position":1,"name":"Portada","item":"https:\/\/noti-america.com\/site\/mexico\/"},{"@type":"ListItem","position":2,"name":"\u201cComo quieren que la olvide\u201d es el tema con el que Emmanuel regresa a Venezuela"}]},{"@type":"WebSite","@id":"https:\/\/noti-america.com\/site\/mexico\/#website","url":"https:\/\/noti-america.com\/site\/mexico\/","name":"M\u00e9xico | Noti-America.com","description":"","publisher":{"@id":"https:\/\/noti-america.com\/site\/mexico\/#organization"},"potentialAction":[{"@type":"SearchAction","target":{"@type":"EntryPoint","urlTemplate":"https:\/\/noti-america.com\/site\/mexico\/?s={search_term_string}"},"query-input":{"@type":"PropertyValueSpecification","valueRequired":true,"valueName":"search_term_string"}}],"inLanguage":"es"},{"@type":"Organization","@id":"https:\/\/noti-america.com\/site\/mexico\/#organization","name":"Noti-America LLC | M\u00e9xico","url":"https:\/\/noti-america.com\/site\/mexico\/","logo":{"@type":"ImageObject","inLanguage":"es","@id":"https:\/\/noti-america.com\/site\/mexico\/#\/schema\/logo\/image\/","url":"https:\/\/noti-america.com\/site\/mexico\/wp-content\/uploads\/sites\/13\/2020\/07\/LogoNA-4x3-1.jpg","contentUrl":"https:\/\/noti-america.com\/site\/mexico\/wp-content\/uploads\/sites\/13\/2020\/07\/LogoNA-4x3-1.jpg","width":1236,"height":1080,"caption":"Noti-America LLC | M\u00e9xico"},"image":{"@id":"https:\/\/noti-america.com\/site\/mexico\/#\/schema\/logo\/image\/"}},{"@type":"Person","@id":"https:\/\/noti-america.com\/site\/mexico\/#\/schema\/person\/376ccc7b3cc7a8d5a43c3ece07a43857","name":"Yoelvzla","image":{"@type":"ImageObject","inLanguage":"es","@id":"https:\/\/secure.gravatar.com\/avatar\/13a96a72123e0e9aa76fe82e8847f726c63a1c5ef6a8d0fadd844c1a5a83b212?s=96&d=mm&r=g","url":"https:\/\/secure.gravatar.com\/avatar\/13a96a72123e0e9aa76fe82e8847f726c63a1c5ef6a8d0fadd844c1a5a83b212?s=96&d=mm&r=g","contentUrl":"https:\/\/secure.gravatar.com\/avatar\/13a96a72123e0e9aa76fe82e8847f726c63a1c5ef6a8d0fadd844c1a5a83b212?s=96&d=mm&r=g","caption":"Yoelvzla"},"url":"https:\/\/noti-america.com\/site\/mexico\/author\/ydiaz\/"}]}},"_links":{"self":[{"href":"https:\/\/noti-america.com\/site\/mexico\/wp-json\/wp\/v2\/posts\/8425","targetHints":{"allow":["GET"]}}],"collection":[{"href":"https:\/\/noti-america.com\/site\/mexico\/wp-json\/wp\/v2\/posts"}],"about":[{"href":"https:\/\/noti-america.com\/site\/mexico\/wp-json\/wp\/v2\/types\/post"}],"author":[{"embeddable":true,"href":"https:\/\/noti-america.com\/site\/mexico\/wp-json\/wp\/v2\/users\/127"}],"replies":[{"embeddable":true,"href":"https:\/\/noti-america.com\/site\/mexico\/wp-json\/wp\/v2\/comments?post=8425"}],"version-history":[{"count":1,"href":"https:\/\/noti-america.com\/site\/mexico\/wp-json\/wp\/v2\/posts\/8425\/revisions"}],"predecessor-version":[{"id":8427,"href":"https:\/\/noti-america.com\/site\/mexico\/wp-json\/wp\/v2\/posts\/8425\/revisions\/8427"}],"wp:featuredmedia":[{"embeddable":true,"href":"https:\/\/noti-america.com\/site\/mexico\/wp-json\/wp\/v2\/media\/8426"}],"wp:attachment":[{"href":"https:\/\/noti-america.com\/site\/mexico\/wp-json\/wp\/v2\/media?parent=8425"}],"wp:term":[{"taxonomy":"category","embeddable":true,"href":"https:\/\/noti-america.com\/site\/mexico\/wp-json\/wp\/v2\/categories?post=8425"},{"taxonomy":"post_tag","embeddable":true,"href":"https:\/\/noti-america.com\/site\/mexico\/wp-json\/wp\/v2\/tags?post=8425"}],"curies":[{"name":"wp","href":"https:\/\/api.w.org\/{rel}","templated":true}]}}