{"id":8422,"date":"2022-09-29T15:50:37","date_gmt":"2022-09-29T15:50:37","guid":{"rendered":"https:\/\/noti-america.com\/site\/mexico\/?p=8422"},"modified":"2022-09-29T15:50:37","modified_gmt":"2022-09-29T15:50:37","slug":"todo-listo-para-el-regreso-de-la-sonora-matancera","status":"publish","type":"post","link":"https:\/\/noti-america.com\/site\/mexico\/2022\/09\/29\/todo-listo-para-el-regreso-de-la-sonora-matancera\/","title":{"rendered":"\u00a1Todo listo para el regreso de La Sonora Matancera!"},"content":{"rendered":"<p style=\"text-align: justify;line-height: 18.0pt;vertical-align: baseline;margin: 0cm 0cm 15.6pt 0cm\"><span style=\"font-size: 12.0pt\">Lleg\u00f3 el momento de disfrutar el regreso de\u00a0<strong><span style=\"font-family: 'Calibri',sans-serif\">La Nueva Sonora Matancera<\/span><\/strong>\u00a0en su renacer con JN Music Group y su sello discogr\u00e1fico MP Musical Productions dirigido por los l\u00edderes de la m\u00fasica latina, los hermanos\u00a0<strong><span style=\"font-family: 'Calibri',sans-serif\">Juan Hidalgo<\/span><\/strong>\u00a0y\u00a0<strong><span style=\"font-family: 'Calibri',sans-serif\">Nelson Est\u00e9vez<\/span><\/strong>.<\/span><\/p>\n<p style=\"text-align: justify;line-height: 18.0pt;vertical-align: baseline;background-image: initial;background-position: initial;background-size: initial;margin: 0cm 0cm 15.6pt 0cm\"><span style=\"font-size: 12.0pt\">\u00abEl Regreso de La Sonora Matancera\u00bb sale a tan solo 2 a\u00f1os de cumplir 100 a\u00f1os de su fundaci\u00f3n, y as\u00ed seguir con el legado por el mundo de la buena m\u00fasica. Utilizando en sus grabaciones nuevos m\u00fasicos y cantantes, actuales arreglos con un proceso de mezcla y m\u00e1ster moderno, cuidando siempre el sonido original que le ha dado vida a esta inigualable propuesta musical.<\/span><\/p>\n<p style=\"text-align: justify;line-height: 18.0pt;vertical-align: baseline;background-image: initial;background-position: initial;background-size: initial;margin: 0cm 0cm 15.6pt 0cm\"><span style=\"font-size: 12.0pt\">\u201cEs un \u00e1lbum lleno de buena m\u00fasica que no pasa de moda de principio a fin, con nuevos arreglos y adaptaciones, 40 temas resumidos en 10 Medleys grabados en estudio y que contar\u00e1 adem\u00e1s con 10 videos lyrics en Youtube para el disfrute de todos los mel\u00f3manos de esta gran orquesta que engrandece la m\u00fasica latina, y que fue pionera en este estilo y dej\u00f3 la puerta abiertas a grandes orquestas en el mundo para seguir sus pasos\u201d, explica\u00a0<strong><span style=\"font-family: 'Calibri',sans-serif\">Victor Pabon<\/span><\/strong>, Booking Management de la Sonora.<\/span><\/p>\n<p style=\"text-align: justify;line-height: 18.0pt;vertical-align: baseline;background-image: initial;background-position: initial;background-size: initial;margin: 0cm 0cm 15.6pt 0cm\"><span style=\"font-size: 12.0pt\">\u201cQueremos aprovechar la oportunidad, para invitar a seguir a La Sonora Matancera en todas sus plataformas musicales y redes sociales oficiales como: LA SONORA MATANCERA OFICIAL, para que disfruten del contenido exclusivo que traemos para ustedes\u201d, expres\u00f3\u00a0<strong><span style=\"font-family: 'Calibri',sans-serif\">Juan Hidalgo<\/span><\/strong>\u00a0presidente del sello disquero.<\/span><\/p>\n<p style=\"text-align: justify;line-height: 18.0pt;vertical-align: baseline;background-image: initial;background-position: initial;background-size: initial;margin: 0cm 0cm 15.6pt 0cm\"><span style=\"font-size: 12.0pt\">Las sorpresas siguen, ya que adem\u00e1s sacar\u00e1n al mercado este mismo \u00e1lbum completamente en vivo con v\u00eddeos de cada uno de los medley que conforman este \u00e1lbum, mostrando las nuevas caras de La Sonora Matancera, su nuevo sonido y lo actualizado del proyecto.<\/span><\/p>\n<p style=\"text-align: justify;line-height: 18.0pt;vertical-align: baseline;background-image: initial;background-position: initial;background-size: initial;margin: 0cm 0cm 15.6pt 0cm\"><span style=\"font-size: 12.0pt\">Si deseas tener a La Sonora Matancera en tus eventos o celebraciones comun\u00edcate con reservaciones de fechas, booking and management: 305.629.8880.<\/span><\/p>\n<p style=\"text-align: justify;line-height: 18.0pt;vertical-align: baseline;background-image: initial;background-position: initial;background-size: initial;margin: 0cm 0cm 15.6pt 0cm\"><span style=\"font-size: 12.0pt\">Disfruten de \u00abEl regreso de la Sonora Matancera\u00bb con 10 Medley para el bailador.<\/span><\/p>\n","protected":false},"excerpt":{"rendered":"<p>Lleg\u00f3 el momento de disfrutar el regreso de\u00a0La Nueva Sonora Matancera\u00a0en su renacer con JN Music Group y su sello discogr\u00e1fico MP Musical Productions dirigido por los l\u00edderes de la m\u00fasica latina, los hermanos\u00a0Juan&#46;&#46;&#46;<\/p>\n","protected":false},"author":127,"featured_media":8423,"comment_status":"open","ping_status":"open","sticky":false,"template":"","format":"image","meta":{"_acf_changed":false,"om_disable_all_campaigns":false,"rop_custom_images_group":[],"rop_custom_messages_group":[],"rop_publish_now":"initial","rop_publish_now_accounts":{"twitter_242054905_242054905":""},"rop_publish_now_history":[],"rop_publish_now_status":"pending","_uf_show_specific_survey":0,"_uf_disable_surveys":false,"footnotes":""},"categories":[38],"tags":[],"class_list":["post-8422","post","type-post","status-publish","format-image","has-post-thumbnail","hentry","category-musica","post_format-post-format-image"],"acf":[],"aioseo_notices":[],"yoast_head":"<!-- This site is optimized with the Yoast SEO Premium plugin v24.9 (Yoast SEO v27.2) - https:\/\/yoast.com\/product\/yoast-seo-premium-wordpress\/ -->\n<title>\u00a1Todo listo para el regreso de La Sonora Matancera! - M\u00e9xico<\/title>\n<meta name=\"robots\" content=\"index, follow, max-snippet:-1, max-image-preview:large, max-video-preview:-1\" \/>\n<link rel=\"canonical\" href=\"https:\/\/noti-america.com\/site\/mexico\/2022\/09\/29\/todo-listo-para-el-regreso-de-la-sonora-matancera\/\" \/>\n<meta property=\"og:locale\" content=\"es_ES\" \/>\n<meta property=\"og:type\" content=\"article\" \/>\n<meta property=\"og:title\" content=\"\u00a1Todo listo para el regreso de La Sonora Matancera!\" \/>\n<meta property=\"og:description\" content=\"Lleg\u00f3 el momento de disfrutar el regreso de\u00a0La Nueva Sonora Matancera\u00a0en su renacer con JN Music Group y su sello discogr\u00e1fico MP Musical Productions dirigido por los l\u00edderes de la m\u00fasica latina, los hermanos\u00a0Juan&#046;&#046;&#046;\" \/>\n<meta property=\"og:url\" content=\"https:\/\/noti-america.com\/site\/mexico\/2022\/09\/29\/todo-listo-para-el-regreso-de-la-sonora-matancera\/\" \/>\n<meta property=\"og:site_name\" content=\"M\u00e9xico\" \/>\n<meta property=\"article:published_time\" content=\"2022-09-29T15:50:37+00:00\" \/>\n<meta property=\"og:image\" content=\"https:\/\/noti-america.com\/site\/mexico\/wp-content\/uploads\/sites\/13\/2022\/09\/gfgfgf-scaled.jpg\" \/>\n\t<meta property=\"og:image:width\" content=\"2560\" \/>\n\t<meta property=\"og:image:height\" content=\"2560\" \/>\n\t<meta property=\"og:image:type\" content=\"image\/jpeg\" \/>\n<meta name=\"author\" content=\"Yoelvzla\" \/>\n<meta name=\"twitter:card\" content=\"summary_large_image\" \/>\n<meta name=\"twitter:label1\" content=\"Escrito por\" \/>\n\t<meta name=\"twitter:data1\" content=\"Yoelvzla\" \/>\n\t<meta name=\"twitter:label2\" content=\"Tiempo estimado de lectura\" \/>\n\t<meta name=\"twitter:data2\" content=\"2 minutos\" \/>\n<script type=\"application\/ld+json\" class=\"yoast-schema-graph\">{\"@context\":\"https:\/\/schema.org\",\"@graph\":[{\"@type\":\"Article\",\"@id\":\"https:\/\/noti-america.com\/site\/mexico\/2022\/09\/29\/todo-listo-para-el-regreso-de-la-sonora-matancera\/#article\",\"isPartOf\":{\"@id\":\"https:\/\/noti-america.com\/site\/mexico\/2022\/09\/29\/todo-listo-para-el-regreso-de-la-sonora-matancera\/\"},\"author\":{\"name\":\"Yoelvzla\",\"@id\":\"https:\/\/noti-america.com\/site\/mexico\/#\/schema\/person\/376ccc7b3cc7a8d5a43c3ece07a43857\"},\"headline\":\"\u00a1Todo listo para el regreso de La Sonora Matancera!\",\"datePublished\":\"2022-09-29T15:50:37+00:00\",\"mainEntityOfPage\":{\"@id\":\"https:\/\/noti-america.com\/site\/mexico\/2022\/09\/29\/todo-listo-para-el-regreso-de-la-sonora-matancera\/\"},\"wordCount\":333,\"commentCount\":0,\"publisher\":{\"@id\":\"https:\/\/noti-america.com\/site\/mexico\/#organization\"},\"image\":{\"@id\":\"https:\/\/noti-america.com\/site\/mexico\/2022\/09\/29\/todo-listo-para-el-regreso-de-la-sonora-matancera\/#primaryimage\"},\"thumbnailUrl\":\"https:\/\/noti-america.com\/site\/mexico\/wp-content\/uploads\/sites\/13\/2022\/09\/gfgfgf-scaled.jpg\",\"articleSection\":[\"M\u00fasica\"],\"inLanguage\":\"es\",\"potentialAction\":[{\"@type\":\"CommentAction\",\"name\":\"Comment\",\"target\":[\"https:\/\/noti-america.com\/site\/mexico\/2022\/09\/29\/todo-listo-para-el-regreso-de-la-sonora-matancera\/#respond\"]}]},{\"@type\":\"WebPage\",\"@id\":\"https:\/\/noti-america.com\/site\/mexico\/2022\/09\/29\/todo-listo-para-el-regreso-de-la-sonora-matancera\/\",\"url\":\"https:\/\/noti-america.com\/site\/mexico\/2022\/09\/29\/todo-listo-para-el-regreso-de-la-sonora-matancera\/\",\"name\":\"\u00a1Todo listo para el regreso de La Sonora Matancera! - M\u00e9xico\",\"isPartOf\":{\"@id\":\"https:\/\/noti-america.com\/site\/mexico\/#website\"},\"primaryImageOfPage\":{\"@id\":\"https:\/\/noti-america.com\/site\/mexico\/2022\/09\/29\/todo-listo-para-el-regreso-de-la-sonora-matancera\/#primaryimage\"},\"image\":{\"@id\":\"https:\/\/noti-america.com\/site\/mexico\/2022\/09\/29\/todo-listo-para-el-regreso-de-la-sonora-matancera\/#primaryimage\"},\"thumbnailUrl\":\"https:\/\/noti-america.com\/site\/mexico\/wp-content\/uploads\/sites\/13\/2022\/09\/gfgfgf-scaled.jpg\",\"datePublished\":\"2022-09-29T15:50:37+00:00\",\"breadcrumb\":{\"@id\":\"https:\/\/noti-america.com\/site\/mexico\/2022\/09\/29\/todo-listo-para-el-regreso-de-la-sonora-matancera\/#breadcrumb\"},\"inLanguage\":\"es\",\"potentialAction\":[{\"@type\":\"ReadAction\",\"target\":[\"https:\/\/noti-america.com\/site\/mexico\/2022\/09\/29\/todo-listo-para-el-regreso-de-la-sonora-matancera\/\"]}]},{\"@type\":\"ImageObject\",\"inLanguage\":\"es\",\"@id\":\"https:\/\/noti-america.com\/site\/mexico\/2022\/09\/29\/todo-listo-para-el-regreso-de-la-sonora-matancera\/#primaryimage\",\"url\":\"https:\/\/noti-america.com\/site\/mexico\/wp-content\/uploads\/sites\/13\/2022\/09\/gfgfgf-scaled.jpg\",\"contentUrl\":\"https:\/\/noti-america.com\/site\/mexico\/wp-content\/uploads\/sites\/13\/2022\/09\/gfgfgf-scaled.jpg\",\"width\":2560,\"height\":2560},{\"@type\":\"BreadcrumbList\",\"@id\":\"https:\/\/noti-america.com\/site\/mexico\/2022\/09\/29\/todo-listo-para-el-regreso-de-la-sonora-matancera\/#breadcrumb\",\"itemListElement\":[{\"@type\":\"ListItem\",\"position\":1,\"name\":\"Portada\",\"item\":\"https:\/\/noti-america.com\/site\/mexico\/\"},{\"@type\":\"ListItem\",\"position\":2,\"name\":\"\u00a1Todo listo para el regreso de La Sonora Matancera!\"}]},{\"@type\":\"WebSite\",\"@id\":\"https:\/\/noti-america.com\/site\/mexico\/#website\",\"url\":\"https:\/\/noti-america.com\/site\/mexico\/\",\"name\":\"M\u00e9xico | Noti-America.com\",\"description\":\"\",\"publisher\":{\"@id\":\"https:\/\/noti-america.com\/site\/mexico\/#organization\"},\"potentialAction\":[{\"@type\":\"SearchAction\",\"target\":{\"@type\":\"EntryPoint\",\"urlTemplate\":\"https:\/\/noti-america.com\/site\/mexico\/?s={search_term_string}\"},\"query-input\":{\"@type\":\"PropertyValueSpecification\",\"valueRequired\":true,\"valueName\":\"search_term_string\"}}],\"inLanguage\":\"es\"},{\"@type\":\"Organization\",\"@id\":\"https:\/\/noti-america.com\/site\/mexico\/#organization\",\"name\":\"Noti-America LLC | M\u00e9xico\",\"url\":\"https:\/\/noti-america.com\/site\/mexico\/\",\"logo\":{\"@type\":\"ImageObject\",\"inLanguage\":\"es\",\"@id\":\"https:\/\/noti-america.com\/site\/mexico\/#\/schema\/logo\/image\/\",\"url\":\"https:\/\/noti-america.com\/site\/mexico\/wp-content\/uploads\/sites\/13\/2020\/07\/LogoNA-4x3-1.jpg\",\"contentUrl\":\"https:\/\/noti-america.com\/site\/mexico\/wp-content\/uploads\/sites\/13\/2020\/07\/LogoNA-4x3-1.jpg\",\"width\":1236,\"height\":1080,\"caption\":\"Noti-America LLC | M\u00e9xico\"},\"image\":{\"@id\":\"https:\/\/noti-america.com\/site\/mexico\/#\/schema\/logo\/image\/\"}},{\"@type\":\"Person\",\"@id\":\"https:\/\/noti-america.com\/site\/mexico\/#\/schema\/person\/376ccc7b3cc7a8d5a43c3ece07a43857\",\"name\":\"Yoelvzla\",\"image\":{\"@type\":\"ImageObject\",\"inLanguage\":\"es\",\"@id\":\"https:\/\/secure.gravatar.com\/avatar\/13a96a72123e0e9aa76fe82e8847f726c63a1c5ef6a8d0fadd844c1a5a83b212?s=96&d=mm&r=g\",\"url\":\"https:\/\/secure.gravatar.com\/avatar\/13a96a72123e0e9aa76fe82e8847f726c63a1c5ef6a8d0fadd844c1a5a83b212?s=96&d=mm&r=g\",\"contentUrl\":\"https:\/\/secure.gravatar.com\/avatar\/13a96a72123e0e9aa76fe82e8847f726c63a1c5ef6a8d0fadd844c1a5a83b212?s=96&d=mm&r=g\",\"caption\":\"Yoelvzla\"},\"url\":\"https:\/\/noti-america.com\/site\/mexico\/author\/ydiaz\/\"}]}<\/script>\n<!-- \/ Yoast SEO Premium plugin. -->","yoast_head_json":{"title":"\u00a1Todo listo para el regreso de La Sonora Matancera! - M\u00e9xico","robots":{"index":"index","follow":"follow","max-snippet":"max-snippet:-1","max-image-preview":"max-image-preview:large","max-video-preview":"max-video-preview:-1"},"canonical":"https:\/\/noti-america.com\/site\/mexico\/2022\/09\/29\/todo-listo-para-el-regreso-de-la-sonora-matancera\/","og_locale":"es_ES","og_type":"article","og_title":"\u00a1Todo listo para el regreso de La Sonora Matancera!","og_description":"Lleg\u00f3 el momento de disfrutar el regreso de\u00a0La Nueva Sonora Matancera\u00a0en su renacer con JN Music Group y su sello discogr\u00e1fico MP Musical Productions dirigido por los l\u00edderes de la m\u00fasica latina, los hermanos\u00a0Juan&#46;&#46;&#46;","og_url":"https:\/\/noti-america.com\/site\/mexico\/2022\/09\/29\/todo-listo-para-el-regreso-de-la-sonora-matancera\/","og_site_name":"M\u00e9xico","article_published_time":"2022-09-29T15:50:37+00:00","og_image":[{"width":2560,"height":2560,"url":"https:\/\/noti-america.com\/site\/mexico\/wp-content\/uploads\/sites\/13\/2022\/09\/gfgfgf-scaled.jpg","type":"image\/jpeg"}],"author":"Yoelvzla","twitter_card":"summary_large_image","twitter_misc":{"Escrito por":"Yoelvzla","Tiempo estimado de lectura":"2 minutos"},"schema":{"@context":"https:\/\/schema.org","@graph":[{"@type":"Article","@id":"https:\/\/noti-america.com\/site\/mexico\/2022\/09\/29\/todo-listo-para-el-regreso-de-la-sonora-matancera\/#article","isPartOf":{"@id":"https:\/\/noti-america.com\/site\/mexico\/2022\/09\/29\/todo-listo-para-el-regreso-de-la-sonora-matancera\/"},"author":{"name":"Yoelvzla","@id":"https:\/\/noti-america.com\/site\/mexico\/#\/schema\/person\/376ccc7b3cc7a8d5a43c3ece07a43857"},"headline":"\u00a1Todo listo para el regreso de La Sonora Matancera!","datePublished":"2022-09-29T15:50:37+00:00","mainEntityOfPage":{"@id":"https:\/\/noti-america.com\/site\/mexico\/2022\/09\/29\/todo-listo-para-el-regreso-de-la-sonora-matancera\/"},"wordCount":333,"commentCount":0,"publisher":{"@id":"https:\/\/noti-america.com\/site\/mexico\/#organization"},"image":{"@id":"https:\/\/noti-america.com\/site\/mexico\/2022\/09\/29\/todo-listo-para-el-regreso-de-la-sonora-matancera\/#primaryimage"},"thumbnailUrl":"https:\/\/noti-america.com\/site\/mexico\/wp-content\/uploads\/sites\/13\/2022\/09\/gfgfgf-scaled.jpg","articleSection":["M\u00fasica"],"inLanguage":"es","potentialAction":[{"@type":"CommentAction","name":"Comment","target":["https:\/\/noti-america.com\/site\/mexico\/2022\/09\/29\/todo-listo-para-el-regreso-de-la-sonora-matancera\/#respond"]}]},{"@type":"WebPage","@id":"https:\/\/noti-america.com\/site\/mexico\/2022\/09\/29\/todo-listo-para-el-regreso-de-la-sonora-matancera\/","url":"https:\/\/noti-america.com\/site\/mexico\/2022\/09\/29\/todo-listo-para-el-regreso-de-la-sonora-matancera\/","name":"\u00a1Todo listo para el regreso de La Sonora Matancera! - M\u00e9xico","isPartOf":{"@id":"https:\/\/noti-america.com\/site\/mexico\/#website"},"primaryImageOfPage":{"@id":"https:\/\/noti-america.com\/site\/mexico\/2022\/09\/29\/todo-listo-para-el-regreso-de-la-sonora-matancera\/#primaryimage"},"image":{"@id":"https:\/\/noti-america.com\/site\/mexico\/2022\/09\/29\/todo-listo-para-el-regreso-de-la-sonora-matancera\/#primaryimage"},"thumbnailUrl":"https:\/\/noti-america.com\/site\/mexico\/wp-content\/uploads\/sites\/13\/2022\/09\/gfgfgf-scaled.jpg","datePublished":"2022-09-29T15:50:37+00:00","breadcrumb":{"@id":"https:\/\/noti-america.com\/site\/mexico\/2022\/09\/29\/todo-listo-para-el-regreso-de-la-sonora-matancera\/#breadcrumb"},"inLanguage":"es","potentialAction":[{"@type":"ReadAction","target":["https:\/\/noti-america.com\/site\/mexico\/2022\/09\/29\/todo-listo-para-el-regreso-de-la-sonora-matancera\/"]}]},{"@type":"ImageObject","inLanguage":"es","@id":"https:\/\/noti-america.com\/site\/mexico\/2022\/09\/29\/todo-listo-para-el-regreso-de-la-sonora-matancera\/#primaryimage","url":"https:\/\/noti-america.com\/site\/mexico\/wp-content\/uploads\/sites\/13\/2022\/09\/gfgfgf-scaled.jpg","contentUrl":"https:\/\/noti-america.com\/site\/mexico\/wp-content\/uploads\/sites\/13\/2022\/09\/gfgfgf-scaled.jpg","width":2560,"height":2560},{"@type":"BreadcrumbList","@id":"https:\/\/noti-america.com\/site\/mexico\/2022\/09\/29\/todo-listo-para-el-regreso-de-la-sonora-matancera\/#breadcrumb","itemListElement":[{"@type":"ListItem","position":1,"name":"Portada","item":"https:\/\/noti-america.com\/site\/mexico\/"},{"@type":"ListItem","position":2,"name":"\u00a1Todo listo para el regreso de La Sonora Matancera!"}]},{"@type":"WebSite","@id":"https:\/\/noti-america.com\/site\/mexico\/#website","url":"https:\/\/noti-america.com\/site\/mexico\/","name":"M\u00e9xico | Noti-America.com","description":"","publisher":{"@id":"https:\/\/noti-america.com\/site\/mexico\/#organization"},"potentialAction":[{"@type":"SearchAction","target":{"@type":"EntryPoint","urlTemplate":"https:\/\/noti-america.com\/site\/mexico\/?s={search_term_string}"},"query-input":{"@type":"PropertyValueSpecification","valueRequired":true,"valueName":"search_term_string"}}],"inLanguage":"es"},{"@type":"Organization","@id":"https:\/\/noti-america.com\/site\/mexico\/#organization","name":"Noti-America LLC | M\u00e9xico","url":"https:\/\/noti-america.com\/site\/mexico\/","logo":{"@type":"ImageObject","inLanguage":"es","@id":"https:\/\/noti-america.com\/site\/mexico\/#\/schema\/logo\/image\/","url":"https:\/\/noti-america.com\/site\/mexico\/wp-content\/uploads\/sites\/13\/2020\/07\/LogoNA-4x3-1.jpg","contentUrl":"https:\/\/noti-america.com\/site\/mexico\/wp-content\/uploads\/sites\/13\/2020\/07\/LogoNA-4x3-1.jpg","width":1236,"height":1080,"caption":"Noti-America LLC | M\u00e9xico"},"image":{"@id":"https:\/\/noti-america.com\/site\/mexico\/#\/schema\/logo\/image\/"}},{"@type":"Person","@id":"https:\/\/noti-america.com\/site\/mexico\/#\/schema\/person\/376ccc7b3cc7a8d5a43c3ece07a43857","name":"Yoelvzla","image":{"@type":"ImageObject","inLanguage":"es","@id":"https:\/\/secure.gravatar.com\/avatar\/13a96a72123e0e9aa76fe82e8847f726c63a1c5ef6a8d0fadd844c1a5a83b212?s=96&d=mm&r=g","url":"https:\/\/secure.gravatar.com\/avatar\/13a96a72123e0e9aa76fe82e8847f726c63a1c5ef6a8d0fadd844c1a5a83b212?s=96&d=mm&r=g","contentUrl":"https:\/\/secure.gravatar.com\/avatar\/13a96a72123e0e9aa76fe82e8847f726c63a1c5ef6a8d0fadd844c1a5a83b212?s=96&d=mm&r=g","caption":"Yoelvzla"},"url":"https:\/\/noti-america.com\/site\/mexico\/author\/ydiaz\/"}]}},"_links":{"self":[{"href":"https:\/\/noti-america.com\/site\/mexico\/wp-json\/wp\/v2\/posts\/8422","targetHints":{"allow":["GET"]}}],"collection":[{"href":"https:\/\/noti-america.com\/site\/mexico\/wp-json\/wp\/v2\/posts"}],"about":[{"href":"https:\/\/noti-america.com\/site\/mexico\/wp-json\/wp\/v2\/types\/post"}],"author":[{"embeddable":true,"href":"https:\/\/noti-america.com\/site\/mexico\/wp-json\/wp\/v2\/users\/127"}],"replies":[{"embeddable":true,"href":"https:\/\/noti-america.com\/site\/mexico\/wp-json\/wp\/v2\/comments?post=8422"}],"version-history":[{"count":1,"href":"https:\/\/noti-america.com\/site\/mexico\/wp-json\/wp\/v2\/posts\/8422\/revisions"}],"predecessor-version":[{"id":8424,"href":"https:\/\/noti-america.com\/site\/mexico\/wp-json\/wp\/v2\/posts\/8422\/revisions\/8424"}],"wp:featuredmedia":[{"embeddable":true,"href":"https:\/\/noti-america.com\/site\/mexico\/wp-json\/wp\/v2\/media\/8423"}],"wp:attachment":[{"href":"https:\/\/noti-america.com\/site\/mexico\/wp-json\/wp\/v2\/media?parent=8422"}],"wp:term":[{"taxonomy":"category","embeddable":true,"href":"https:\/\/noti-america.com\/site\/mexico\/wp-json\/wp\/v2\/categories?post=8422"},{"taxonomy":"post_tag","embeddable":true,"href":"https:\/\/noti-america.com\/site\/mexico\/wp-json\/wp\/v2\/tags?post=8422"}],"curies":[{"name":"wp","href":"https:\/\/api.w.org\/{rel}","templated":true}]}}