{"id":8407,"date":"2022-09-21T14:27:42","date_gmt":"2022-09-21T14:27:42","guid":{"rendered":"https:\/\/noti-america.com\/site\/mexico\/?p=8407"},"modified":"2022-09-21T14:27:42","modified_gmt":"2022-09-21T14:27:42","slug":"relaciones-entre-venezuela-y-colombia-avanzan-en-materia-de-transporte-de-cara-a-la-reapertura-fronteriza-el-proximo-26-sep","status":"publish","type":"post","link":"https:\/\/noti-america.com\/site\/mexico\/2022\/09\/21\/relaciones-entre-venezuela-y-colombia-avanzan-en-materia-de-transporte-de-cara-a-la-reapertura-fronteriza-el-proximo-26-sep\/","title":{"rendered":"Relaciones entre Venezuela y Colombia avanzan en materia de transporte de cara a la reapertura fronteriza el pr\u00f3ximo 26 sep"},"content":{"rendered":"<p>Este 19 de septiembre, la Comisi\u00f3n T\u00e9cnica de Transporte de Venezuela sostuvo un encuentro con <strong>Guillermo Reyes Gonz\u00e1lez<\/strong>, ministro de la <strong>Rep\u00fablica de Colombia<\/strong>, con el prop\u00f3sito de establecer las l\u00edneas de trabajo de cara a la reapertura fronteriza entre ambos pa\u00edses.<\/p>\n<p>&nbsp;<\/p>\n<p>La comisi\u00f3n venezolana estuvo encabezada por el ministro del Poder Popular para el Transporte, <strong>Ram\u00f3n Vel\u00e1squez Araguay\u00e1n<\/strong> e integrada por las autoridades del sector a\u00e9reo, terrestre y mar\u00edtimo.<\/p>\n<p>&nbsp;<\/p>\n<p>Durante la reuni\u00f3n preparatoria establecieron las estrategias a implementar para la venidera apertura fronteriza el pr\u00f3ximo 26 de septiembre.<\/p>\n<p>&nbsp;<\/p>\n<p>Asimismo, finiquitaron los lineamientos para reabrir el espacio a\u00e9reo, as\u00ed como la reactivaci\u00f3n de las conexiones terrestre y fluviales entre ambas naciones.<\/p>\n<p>&nbsp;<\/p>\n<p>Por su parte, el ministro de Transporte de Colombia, anunci\u00f3 que la Aerol\u00ednea Bandera de Venezuela ser\u00e1 la primera en operar este vuelo. \u201cHemos hecho una agenda de trabajo, en primer lugar tocamos los temas aeron\u00e1uticos, tenemos previsto que el pr\u00f3ximo 26 de septiembre cuando se haga la apertura de la frontera, <strong>Conviasa<\/strong> har\u00e1 el primer vuelo, un ch\u00e1rter de <strong>Caracas-Valencia-Bogot\u00e1<\/strong> y realice la ruta de regreso\u00bb.<\/p>\n<p>&nbsp;<\/p>\n<p>Destac\u00f3 \u00abtenemos una decisi\u00f3n de cielos abiertos entre Venezuela y Colombia, una apertura muy importante que nos parece de la mayor importancia, ha habido una total hermandad, una gran camarader\u00eda entre las dos delegaciones\u201d.<\/p>\n<p>&nbsp;<\/p>\n<p>Se\u00f1al\u00f3 que est\u00e1n en un proceso de implementaci\u00f3n gradual, \u201cesto hay que hacerlo con mucho cuidado para no tener contratiempos, pero lo m\u00e1s importante es que el <strong>26<\/strong> de este mes empezar\u00e1 la hermandad otra vez entre nuestros pa\u00edses sin fronteras\u00bb.<\/p>\n<p>&nbsp;<\/p>\n<p>En cuanto a las frecuencias agreg\u00f3 que por ahora han acordado activar entre dos y cuatro operaciones semanales. Asimismo, Guillermo Reyes puntualiz\u00f3 que adem\u00e1s de Valencia y Caracas progresivamente van establecer vuelos entre Bogot\u00e1 y las principales ciudades venezolanas como Maracaibo, Porlamar y Barcelona.<\/p>\n<p>&nbsp;<\/p>\n<p>En el encuentro adem\u00e1s trataron temas relacionados a las fronteras terrestres \u201cpor ahora hay cosas que se van a ir dando en el camino como el puente tienditas\u201d, subray\u00f3 Reyes.<\/p>\n<p>&nbsp;<\/p>\n<p>El d\u00eda de ma\u00f1ana se trasladan a la frontera las autoridades de migraci\u00f3n del Ministerio de Comercio Exterior colombiano y las autoridades de Venezuela, \u00a0con el fin de verificar los puentes para determinar c\u00f3mo van a operar. \u00a0 \u00abLlegamos a unas reglas b\u00e1sicas en lo que tiene que ver con transporte de carga, las empresas autorizadas podr\u00e1n llegar hasta un punto de la frontera de la aduana en la que se har\u00e1 el transbordo de carga, mientras vamos acordando unas condiciones para que puedan circular hacia ambos lados\u00bb.<\/p>\n<p>&nbsp;<\/p>\n<p>De esta manera, siguen avanzando las relaciones entre los gobiernos de Venezuela y Colombia para impulsar la econom\u00eda de ambas naciones a trav\u00e9s del transporte a\u00e9reo, mar\u00edtimo y terrestre.<\/p>\n","protected":false},"excerpt":{"rendered":"<p>Este 19 de septiembre, la Comisi\u00f3n T\u00e9cnica de Transporte de Venezuela sostuvo un encuentro con Guillermo Reyes Gonz\u00e1lez, ministro de la Rep\u00fablica de Colombia, con el prop\u00f3sito de establecer las l\u00edneas de trabajo de&#46;&#46;&#46;<\/p>\n","protected":false},"author":127,"featured_media":8408,"comment_status":"open","ping_status":"open","sticky":false,"template":"","format":"image","meta":{"_acf_changed":false,"om_disable_all_campaigns":false,"rop_custom_images_group":[],"rop_custom_messages_group":[],"rop_publish_now":"initial","rop_publish_now_accounts":{"twitter_242054905_242054905":""},"rop_publish_now_history":[],"rop_publish_now_status":"pending","_uf_show_specific_survey":0,"_uf_disable_surveys":false,"footnotes":""},"categories":[417],"tags":[],"class_list":["post-8407","post","type-post","status-publish","format-image","has-post-thumbnail","hentry","category-venezuela","post_format-post-format-image"],"acf":[],"aioseo_notices":[],"yoast_head":"<!-- This site is optimized with the Yoast SEO Premium plugin v24.9 (Yoast SEO v27.2) - https:\/\/yoast.com\/product\/yoast-seo-premium-wordpress\/ -->\n<title>Relaciones entre Venezuela y Colombia avanzan en materia de transporte de cara a la reapertura fronteriza el pr\u00f3ximo 26 sep - M\u00e9xico<\/title>\n<meta name=\"robots\" content=\"index, follow, max-snippet:-1, max-image-preview:large, max-video-preview:-1\" \/>\n<link rel=\"canonical\" href=\"https:\/\/noti-america.com\/site\/mexico\/2022\/09\/21\/relaciones-entre-venezuela-y-colombia-avanzan-en-materia-de-transporte-de-cara-a-la-reapertura-fronteriza-el-proximo-26-sep\/\" \/>\n<meta property=\"og:locale\" content=\"es_ES\" \/>\n<meta property=\"og:type\" content=\"article\" \/>\n<meta property=\"og:title\" content=\"Relaciones entre Venezuela y Colombia avanzan en materia de transporte de cara a la reapertura fronteriza el pr\u00f3ximo 26 sep\" \/>\n<meta property=\"og:description\" content=\"Este 19 de septiembre, la Comisi\u00f3n T\u00e9cnica de Transporte de Venezuela sostuvo un encuentro con Guillermo Reyes Gonz\u00e1lez, ministro de la Rep\u00fablica de Colombia, con el prop\u00f3sito de establecer las l\u00edneas de trabajo de&#046;&#046;&#046;\" \/>\n<meta property=\"og:url\" content=\"https:\/\/noti-america.com\/site\/mexico\/2022\/09\/21\/relaciones-entre-venezuela-y-colombia-avanzan-en-materia-de-transporte-de-cara-a-la-reapertura-fronteriza-el-proximo-26-sep\/\" \/>\n<meta property=\"og:site_name\" content=\"M\u00e9xico\" \/>\n<meta property=\"article:published_time\" content=\"2022-09-21T14:27:42+00:00\" \/>\n<meta property=\"og:image\" content=\"https:\/\/noti-america.com\/site\/mexico\/wp-content\/uploads\/sites\/13\/2022\/09\/fdfb.jpg\" \/>\n\t<meta property=\"og:image:width\" content=\"1008\" \/>\n\t<meta property=\"og:image:height\" content=\"477\" \/>\n\t<meta property=\"og:image:type\" content=\"image\/jpeg\" \/>\n<meta name=\"author\" content=\"Yoelvzla\" \/>\n<meta name=\"twitter:card\" content=\"summary_large_image\" \/>\n<meta name=\"twitter:label1\" content=\"Escrito por\" \/>\n\t<meta name=\"twitter:data1\" content=\"Yoelvzla\" \/>\n\t<meta name=\"twitter:label2\" content=\"Tiempo estimado de lectura\" \/>\n\t<meta name=\"twitter:data2\" content=\"3 minutos\" \/>\n<script type=\"application\/ld+json\" class=\"yoast-schema-graph\">{\"@context\":\"https:\/\/schema.org\",\"@graph\":[{\"@type\":\"Article\",\"@id\":\"https:\/\/noti-america.com\/site\/mexico\/2022\/09\/21\/relaciones-entre-venezuela-y-colombia-avanzan-en-materia-de-transporte-de-cara-a-la-reapertura-fronteriza-el-proximo-26-sep\/#article\",\"isPartOf\":{\"@id\":\"https:\/\/noti-america.com\/site\/mexico\/2022\/09\/21\/relaciones-entre-venezuela-y-colombia-avanzan-en-materia-de-transporte-de-cara-a-la-reapertura-fronteriza-el-proximo-26-sep\/\"},\"author\":{\"name\":\"Yoelvzla\",\"@id\":\"https:\/\/noti-america.com\/site\/mexico\/#\/schema\/person\/376ccc7b3cc7a8d5a43c3ece07a43857\"},\"headline\":\"Relaciones entre Venezuela y Colombia avanzan en materia de transporte de cara a la reapertura fronteriza el pr\u00f3ximo 26 sep\",\"datePublished\":\"2022-09-21T14:27:42+00:00\",\"mainEntityOfPage\":{\"@id\":\"https:\/\/noti-america.com\/site\/mexico\/2022\/09\/21\/relaciones-entre-venezuela-y-colombia-avanzan-en-materia-de-transporte-de-cara-a-la-reapertura-fronteriza-el-proximo-26-sep\/\"},\"wordCount\":509,\"commentCount\":0,\"publisher\":{\"@id\":\"https:\/\/noti-america.com\/site\/mexico\/#organization\"},\"image\":{\"@id\":\"https:\/\/noti-america.com\/site\/mexico\/2022\/09\/21\/relaciones-entre-venezuela-y-colombia-avanzan-en-materia-de-transporte-de-cara-a-la-reapertura-fronteriza-el-proximo-26-sep\/#primaryimage\"},\"thumbnailUrl\":\"https:\/\/noti-america.com\/site\/mexico\/wp-content\/uploads\/sites\/13\/2022\/09\/fdfb.jpg\",\"articleSection\":[\"Venezuela\"],\"inLanguage\":\"es\",\"potentialAction\":[{\"@type\":\"CommentAction\",\"name\":\"Comment\",\"target\":[\"https:\/\/noti-america.com\/site\/mexico\/2022\/09\/21\/relaciones-entre-venezuela-y-colombia-avanzan-en-materia-de-transporte-de-cara-a-la-reapertura-fronteriza-el-proximo-26-sep\/#respond\"]}]},{\"@type\":\"WebPage\",\"@id\":\"https:\/\/noti-america.com\/site\/mexico\/2022\/09\/21\/relaciones-entre-venezuela-y-colombia-avanzan-en-materia-de-transporte-de-cara-a-la-reapertura-fronteriza-el-proximo-26-sep\/\",\"url\":\"https:\/\/noti-america.com\/site\/mexico\/2022\/09\/21\/relaciones-entre-venezuela-y-colombia-avanzan-en-materia-de-transporte-de-cara-a-la-reapertura-fronteriza-el-proximo-26-sep\/\",\"name\":\"Relaciones entre Venezuela y Colombia avanzan en materia de transporte de cara a la reapertura fronteriza el pr\u00f3ximo 26 sep - M\u00e9xico\",\"isPartOf\":{\"@id\":\"https:\/\/noti-america.com\/site\/mexico\/#website\"},\"primaryImageOfPage\":{\"@id\":\"https:\/\/noti-america.com\/site\/mexico\/2022\/09\/21\/relaciones-entre-venezuela-y-colombia-avanzan-en-materia-de-transporte-de-cara-a-la-reapertura-fronteriza-el-proximo-26-sep\/#primaryimage\"},\"image\":{\"@id\":\"https:\/\/noti-america.com\/site\/mexico\/2022\/09\/21\/relaciones-entre-venezuela-y-colombia-avanzan-en-materia-de-transporte-de-cara-a-la-reapertura-fronteriza-el-proximo-26-sep\/#primaryimage\"},\"thumbnailUrl\":\"https:\/\/noti-america.com\/site\/mexico\/wp-content\/uploads\/sites\/13\/2022\/09\/fdfb.jpg\",\"datePublished\":\"2022-09-21T14:27:42+00:00\",\"breadcrumb\":{\"@id\":\"https:\/\/noti-america.com\/site\/mexico\/2022\/09\/21\/relaciones-entre-venezuela-y-colombia-avanzan-en-materia-de-transporte-de-cara-a-la-reapertura-fronteriza-el-proximo-26-sep\/#breadcrumb\"},\"inLanguage\":\"es\",\"potentialAction\":[{\"@type\":\"ReadAction\",\"target\":[\"https:\/\/noti-america.com\/site\/mexico\/2022\/09\/21\/relaciones-entre-venezuela-y-colombia-avanzan-en-materia-de-transporte-de-cara-a-la-reapertura-fronteriza-el-proximo-26-sep\/\"]}]},{\"@type\":\"ImageObject\",\"inLanguage\":\"es\",\"@id\":\"https:\/\/noti-america.com\/site\/mexico\/2022\/09\/21\/relaciones-entre-venezuela-y-colombia-avanzan-en-materia-de-transporte-de-cara-a-la-reapertura-fronteriza-el-proximo-26-sep\/#primaryimage\",\"url\":\"https:\/\/noti-america.com\/site\/mexico\/wp-content\/uploads\/sites\/13\/2022\/09\/fdfb.jpg\",\"contentUrl\":\"https:\/\/noti-america.com\/site\/mexico\/wp-content\/uploads\/sites\/13\/2022\/09\/fdfb.jpg\",\"width\":1008,\"height\":477},{\"@type\":\"BreadcrumbList\",\"@id\":\"https:\/\/noti-america.com\/site\/mexico\/2022\/09\/21\/relaciones-entre-venezuela-y-colombia-avanzan-en-materia-de-transporte-de-cara-a-la-reapertura-fronteriza-el-proximo-26-sep\/#breadcrumb\",\"itemListElement\":[{\"@type\":\"ListItem\",\"position\":1,\"name\":\"Portada\",\"item\":\"https:\/\/noti-america.com\/site\/mexico\/\"},{\"@type\":\"ListItem\",\"position\":2,\"name\":\"Relaciones entre Venezuela y Colombia avanzan en materia de transporte de cara a la reapertura fronteriza el pr\u00f3ximo 26 sep\"}]},{\"@type\":\"WebSite\",\"@id\":\"https:\/\/noti-america.com\/site\/mexico\/#website\",\"url\":\"https:\/\/noti-america.com\/site\/mexico\/\",\"name\":\"M\u00e9xico | Noti-America.com\",\"description\":\"\",\"publisher\":{\"@id\":\"https:\/\/noti-america.com\/site\/mexico\/#organization\"},\"potentialAction\":[{\"@type\":\"SearchAction\",\"target\":{\"@type\":\"EntryPoint\",\"urlTemplate\":\"https:\/\/noti-america.com\/site\/mexico\/?s={search_term_string}\"},\"query-input\":{\"@type\":\"PropertyValueSpecification\",\"valueRequired\":true,\"valueName\":\"search_term_string\"}}],\"inLanguage\":\"es\"},{\"@type\":\"Organization\",\"@id\":\"https:\/\/noti-america.com\/site\/mexico\/#organization\",\"name\":\"Noti-America LLC | M\u00e9xico\",\"url\":\"https:\/\/noti-america.com\/site\/mexico\/\",\"logo\":{\"@type\":\"ImageObject\",\"inLanguage\":\"es\",\"@id\":\"https:\/\/noti-america.com\/site\/mexico\/#\/schema\/logo\/image\/\",\"url\":\"https:\/\/noti-america.com\/site\/mexico\/wp-content\/uploads\/sites\/13\/2020\/07\/LogoNA-4x3-1.jpg\",\"contentUrl\":\"https:\/\/noti-america.com\/site\/mexico\/wp-content\/uploads\/sites\/13\/2020\/07\/LogoNA-4x3-1.jpg\",\"width\":1236,\"height\":1080,\"caption\":\"Noti-America LLC | M\u00e9xico\"},\"image\":{\"@id\":\"https:\/\/noti-america.com\/site\/mexico\/#\/schema\/logo\/image\/\"}},{\"@type\":\"Person\",\"@id\":\"https:\/\/noti-america.com\/site\/mexico\/#\/schema\/person\/376ccc7b3cc7a8d5a43c3ece07a43857\",\"name\":\"Yoelvzla\",\"image\":{\"@type\":\"ImageObject\",\"inLanguage\":\"es\",\"@id\":\"https:\/\/secure.gravatar.com\/avatar\/13a96a72123e0e9aa76fe82e8847f726c63a1c5ef6a8d0fadd844c1a5a83b212?s=96&d=mm&r=g\",\"url\":\"https:\/\/secure.gravatar.com\/avatar\/13a96a72123e0e9aa76fe82e8847f726c63a1c5ef6a8d0fadd844c1a5a83b212?s=96&d=mm&r=g\",\"contentUrl\":\"https:\/\/secure.gravatar.com\/avatar\/13a96a72123e0e9aa76fe82e8847f726c63a1c5ef6a8d0fadd844c1a5a83b212?s=96&d=mm&r=g\",\"caption\":\"Yoelvzla\"},\"url\":\"https:\/\/noti-america.com\/site\/mexico\/author\/ydiaz\/\"}]}<\/script>\n<!-- \/ Yoast SEO Premium plugin. -->","yoast_head_json":{"title":"Relaciones entre Venezuela y Colombia avanzan en materia de transporte de cara a la reapertura fronteriza el pr\u00f3ximo 26 sep - M\u00e9xico","robots":{"index":"index","follow":"follow","max-snippet":"max-snippet:-1","max-image-preview":"max-image-preview:large","max-video-preview":"max-video-preview:-1"},"canonical":"https:\/\/noti-america.com\/site\/mexico\/2022\/09\/21\/relaciones-entre-venezuela-y-colombia-avanzan-en-materia-de-transporte-de-cara-a-la-reapertura-fronteriza-el-proximo-26-sep\/","og_locale":"es_ES","og_type":"article","og_title":"Relaciones entre Venezuela y Colombia avanzan en materia de transporte de cara a la reapertura fronteriza el pr\u00f3ximo 26 sep","og_description":"Este 19 de septiembre, la Comisi\u00f3n T\u00e9cnica de Transporte de Venezuela sostuvo un encuentro con Guillermo Reyes Gonz\u00e1lez, ministro de la Rep\u00fablica de Colombia, con el prop\u00f3sito de establecer las l\u00edneas de trabajo de&#46;&#46;&#46;","og_url":"https:\/\/noti-america.com\/site\/mexico\/2022\/09\/21\/relaciones-entre-venezuela-y-colombia-avanzan-en-materia-de-transporte-de-cara-a-la-reapertura-fronteriza-el-proximo-26-sep\/","og_site_name":"M\u00e9xico","article_published_time":"2022-09-21T14:27:42+00:00","og_image":[{"width":1008,"height":477,"url":"https:\/\/noti-america.com\/site\/mexico\/wp-content\/uploads\/sites\/13\/2022\/09\/fdfb.jpg","type":"image\/jpeg"}],"author":"Yoelvzla","twitter_card":"summary_large_image","twitter_misc":{"Escrito por":"Yoelvzla","Tiempo estimado de lectura":"3 minutos"},"schema":{"@context":"https:\/\/schema.org","@graph":[{"@type":"Article","@id":"https:\/\/noti-america.com\/site\/mexico\/2022\/09\/21\/relaciones-entre-venezuela-y-colombia-avanzan-en-materia-de-transporte-de-cara-a-la-reapertura-fronteriza-el-proximo-26-sep\/#article","isPartOf":{"@id":"https:\/\/noti-america.com\/site\/mexico\/2022\/09\/21\/relaciones-entre-venezuela-y-colombia-avanzan-en-materia-de-transporte-de-cara-a-la-reapertura-fronteriza-el-proximo-26-sep\/"},"author":{"name":"Yoelvzla","@id":"https:\/\/noti-america.com\/site\/mexico\/#\/schema\/person\/376ccc7b3cc7a8d5a43c3ece07a43857"},"headline":"Relaciones entre Venezuela y Colombia avanzan en materia de transporte de cara a la reapertura fronteriza el pr\u00f3ximo 26 sep","datePublished":"2022-09-21T14:27:42+00:00","mainEntityOfPage":{"@id":"https:\/\/noti-america.com\/site\/mexico\/2022\/09\/21\/relaciones-entre-venezuela-y-colombia-avanzan-en-materia-de-transporte-de-cara-a-la-reapertura-fronteriza-el-proximo-26-sep\/"},"wordCount":509,"commentCount":0,"publisher":{"@id":"https:\/\/noti-america.com\/site\/mexico\/#organization"},"image":{"@id":"https:\/\/noti-america.com\/site\/mexico\/2022\/09\/21\/relaciones-entre-venezuela-y-colombia-avanzan-en-materia-de-transporte-de-cara-a-la-reapertura-fronteriza-el-proximo-26-sep\/#primaryimage"},"thumbnailUrl":"https:\/\/noti-america.com\/site\/mexico\/wp-content\/uploads\/sites\/13\/2022\/09\/fdfb.jpg","articleSection":["Venezuela"],"inLanguage":"es","potentialAction":[{"@type":"CommentAction","name":"Comment","target":["https:\/\/noti-america.com\/site\/mexico\/2022\/09\/21\/relaciones-entre-venezuela-y-colombia-avanzan-en-materia-de-transporte-de-cara-a-la-reapertura-fronteriza-el-proximo-26-sep\/#respond"]}]},{"@type":"WebPage","@id":"https:\/\/noti-america.com\/site\/mexico\/2022\/09\/21\/relaciones-entre-venezuela-y-colombia-avanzan-en-materia-de-transporte-de-cara-a-la-reapertura-fronteriza-el-proximo-26-sep\/","url":"https:\/\/noti-america.com\/site\/mexico\/2022\/09\/21\/relaciones-entre-venezuela-y-colombia-avanzan-en-materia-de-transporte-de-cara-a-la-reapertura-fronteriza-el-proximo-26-sep\/","name":"Relaciones entre Venezuela y Colombia avanzan en materia de transporte de cara a la reapertura fronteriza el pr\u00f3ximo 26 sep - M\u00e9xico","isPartOf":{"@id":"https:\/\/noti-america.com\/site\/mexico\/#website"},"primaryImageOfPage":{"@id":"https:\/\/noti-america.com\/site\/mexico\/2022\/09\/21\/relaciones-entre-venezuela-y-colombia-avanzan-en-materia-de-transporte-de-cara-a-la-reapertura-fronteriza-el-proximo-26-sep\/#primaryimage"},"image":{"@id":"https:\/\/noti-america.com\/site\/mexico\/2022\/09\/21\/relaciones-entre-venezuela-y-colombia-avanzan-en-materia-de-transporte-de-cara-a-la-reapertura-fronteriza-el-proximo-26-sep\/#primaryimage"},"thumbnailUrl":"https:\/\/noti-america.com\/site\/mexico\/wp-content\/uploads\/sites\/13\/2022\/09\/fdfb.jpg","datePublished":"2022-09-21T14:27:42+00:00","breadcrumb":{"@id":"https:\/\/noti-america.com\/site\/mexico\/2022\/09\/21\/relaciones-entre-venezuela-y-colombia-avanzan-en-materia-de-transporte-de-cara-a-la-reapertura-fronteriza-el-proximo-26-sep\/#breadcrumb"},"inLanguage":"es","potentialAction":[{"@type":"ReadAction","target":["https:\/\/noti-america.com\/site\/mexico\/2022\/09\/21\/relaciones-entre-venezuela-y-colombia-avanzan-en-materia-de-transporte-de-cara-a-la-reapertura-fronteriza-el-proximo-26-sep\/"]}]},{"@type":"ImageObject","inLanguage":"es","@id":"https:\/\/noti-america.com\/site\/mexico\/2022\/09\/21\/relaciones-entre-venezuela-y-colombia-avanzan-en-materia-de-transporte-de-cara-a-la-reapertura-fronteriza-el-proximo-26-sep\/#primaryimage","url":"https:\/\/noti-america.com\/site\/mexico\/wp-content\/uploads\/sites\/13\/2022\/09\/fdfb.jpg","contentUrl":"https:\/\/noti-america.com\/site\/mexico\/wp-content\/uploads\/sites\/13\/2022\/09\/fdfb.jpg","width":1008,"height":477},{"@type":"BreadcrumbList","@id":"https:\/\/noti-america.com\/site\/mexico\/2022\/09\/21\/relaciones-entre-venezuela-y-colombia-avanzan-en-materia-de-transporte-de-cara-a-la-reapertura-fronteriza-el-proximo-26-sep\/#breadcrumb","itemListElement":[{"@type":"ListItem","position":1,"name":"Portada","item":"https:\/\/noti-america.com\/site\/mexico\/"},{"@type":"ListItem","position":2,"name":"Relaciones entre Venezuela y Colombia avanzan en materia de transporte de cara a la reapertura fronteriza el pr\u00f3ximo 26 sep"}]},{"@type":"WebSite","@id":"https:\/\/noti-america.com\/site\/mexico\/#website","url":"https:\/\/noti-america.com\/site\/mexico\/","name":"M\u00e9xico | Noti-America.com","description":"","publisher":{"@id":"https:\/\/noti-america.com\/site\/mexico\/#organization"},"potentialAction":[{"@type":"SearchAction","target":{"@type":"EntryPoint","urlTemplate":"https:\/\/noti-america.com\/site\/mexico\/?s={search_term_string}"},"query-input":{"@type":"PropertyValueSpecification","valueRequired":true,"valueName":"search_term_string"}}],"inLanguage":"es"},{"@type":"Organization","@id":"https:\/\/noti-america.com\/site\/mexico\/#organization","name":"Noti-America LLC | M\u00e9xico","url":"https:\/\/noti-america.com\/site\/mexico\/","logo":{"@type":"ImageObject","inLanguage":"es","@id":"https:\/\/noti-america.com\/site\/mexico\/#\/schema\/logo\/image\/","url":"https:\/\/noti-america.com\/site\/mexico\/wp-content\/uploads\/sites\/13\/2020\/07\/LogoNA-4x3-1.jpg","contentUrl":"https:\/\/noti-america.com\/site\/mexico\/wp-content\/uploads\/sites\/13\/2020\/07\/LogoNA-4x3-1.jpg","width":1236,"height":1080,"caption":"Noti-America LLC | M\u00e9xico"},"image":{"@id":"https:\/\/noti-america.com\/site\/mexico\/#\/schema\/logo\/image\/"}},{"@type":"Person","@id":"https:\/\/noti-america.com\/site\/mexico\/#\/schema\/person\/376ccc7b3cc7a8d5a43c3ece07a43857","name":"Yoelvzla","image":{"@type":"ImageObject","inLanguage":"es","@id":"https:\/\/secure.gravatar.com\/avatar\/13a96a72123e0e9aa76fe82e8847f726c63a1c5ef6a8d0fadd844c1a5a83b212?s=96&d=mm&r=g","url":"https:\/\/secure.gravatar.com\/avatar\/13a96a72123e0e9aa76fe82e8847f726c63a1c5ef6a8d0fadd844c1a5a83b212?s=96&d=mm&r=g","contentUrl":"https:\/\/secure.gravatar.com\/avatar\/13a96a72123e0e9aa76fe82e8847f726c63a1c5ef6a8d0fadd844c1a5a83b212?s=96&d=mm&r=g","caption":"Yoelvzla"},"url":"https:\/\/noti-america.com\/site\/mexico\/author\/ydiaz\/"}]}},"_links":{"self":[{"href":"https:\/\/noti-america.com\/site\/mexico\/wp-json\/wp\/v2\/posts\/8407","targetHints":{"allow":["GET"]}}],"collection":[{"href":"https:\/\/noti-america.com\/site\/mexico\/wp-json\/wp\/v2\/posts"}],"about":[{"href":"https:\/\/noti-america.com\/site\/mexico\/wp-json\/wp\/v2\/types\/post"}],"author":[{"embeddable":true,"href":"https:\/\/noti-america.com\/site\/mexico\/wp-json\/wp\/v2\/users\/127"}],"replies":[{"embeddable":true,"href":"https:\/\/noti-america.com\/site\/mexico\/wp-json\/wp\/v2\/comments?post=8407"}],"version-history":[{"count":1,"href":"https:\/\/noti-america.com\/site\/mexico\/wp-json\/wp\/v2\/posts\/8407\/revisions"}],"predecessor-version":[{"id":8409,"href":"https:\/\/noti-america.com\/site\/mexico\/wp-json\/wp\/v2\/posts\/8407\/revisions\/8409"}],"wp:featuredmedia":[{"embeddable":true,"href":"https:\/\/noti-america.com\/site\/mexico\/wp-json\/wp\/v2\/media\/8408"}],"wp:attachment":[{"href":"https:\/\/noti-america.com\/site\/mexico\/wp-json\/wp\/v2\/media?parent=8407"}],"wp:term":[{"taxonomy":"category","embeddable":true,"href":"https:\/\/noti-america.com\/site\/mexico\/wp-json\/wp\/v2\/categories?post=8407"},{"taxonomy":"post_tag","embeddable":true,"href":"https:\/\/noti-america.com\/site\/mexico\/wp-json\/wp\/v2\/tags?post=8407"}],"curies":[{"name":"wp","href":"https:\/\/api.w.org\/{rel}","templated":true}]}}