{"id":8350,"date":"2022-09-14T12:44:56","date_gmt":"2022-09-14T12:44:56","guid":{"rendered":"https:\/\/noti-america.com\/site\/mexico\/?p=8350"},"modified":"2022-09-14T12:44:56","modified_gmt":"2022-09-14T12:44:56","slug":"beto-collado-pondra-a-bailar-salsa-con-conmigo-no-te-metas","status":"publish","type":"post","link":"https:\/\/noti-america.com\/site\/mexico\/2022\/09\/14\/beto-collado-pondra-a-bailar-salsa-con-conmigo-no-te-metas\/","title":{"rendered":"Beto Collado pondr\u00e1 a bailar salsa con \u201cConmigo no te metas\u201d"},"content":{"rendered":"<p><strong>Beto Collado<\/strong>, un joven salsero dominicano que emociona con su dulce voz, presenta el sencillo \u00abConmigo No Te Metas\u00bb una nueva versi\u00f3n en salsa del reconocido \u00abCantautor del Pueblo\u00bb\u00a0<strong>Wason Brazob\u00e1n<\/strong>.<\/p>\n<p>\u201cEs una canci\u00f3n que relata la historia del hombre que le pide a su mujer: no te metas conmigo si soy bohemio, en que te afecta a ti que yo sea feliz\u00bb apunta Collado quien est\u00e1 representado mundialmente por la casa de los grandes salseros en el mundo, MP Productions de JN Music Group.<\/p>\n<p>El tema fue producido y arreglado musicalmente por\u00a0<strong>Remy N\u00fa\u00f1ez<\/strong>\u00a0en\u00a0<strong>JD Studio, Voice Studio<\/strong>\u00a0y\u00a0<strong>Yiyo Sarante Studio<\/strong>; con la direcci\u00f3n musical de\u00a0<strong>Misael Cuevas Batista<\/strong>.<\/p>\n<p>Cuenta con m\u00fasicos excepcionales que se convocaron y reunieron para grabar este pr\u00f3ximo \u00e1lbum, en los pianos y teclados\u00a0<strong>Misael Cuevas<\/strong>, bajo\u00a0<strong>Juan Daniel Montero<\/strong>, congas\u00a0<strong>Juan Vive de los Santos<\/strong>, timbal y percusi\u00f3n menor\u00a0<strong>Miguel Daneuris Colom\u00e9<\/strong>, trombones\u00a0<strong>Patricio Bonilla<\/strong>, trompetas\u00a0<strong>Adrian Santana<\/strong>\u00a0y en los coros\u00a0<strong>Remy N\u00fa\u00f1ez<\/strong>\u00a0y\u00a0<strong>Miosotis Malag\u00f3n<\/strong>.<\/p>\n<p>La responsabilidad de grabaci\u00f3n fue de\u00a0<strong>Wilson Alm\u00e1nzar,<\/strong>\u00a0<strong>Larry D\u00edaz<\/strong>\u00a0y\u00a0<strong>Luis Adonis Acosta<\/strong>, con la mezcla de\u00a0<strong>Wilson Alm\u00e1nzar<\/strong>\u00a0y masterizaci\u00f3n del reconocido\u00a0<strong>Mike Fuller<\/strong>.<\/p>\n<p>\u201cEsta canci\u00f3n es el primer corte promocional de mi \u00e1lbum de 10 temas titulado \u201cLleg\u00f3 La Salsa\u201d que pr\u00f3ximamente estar\u00e1 disponible en todas la plataformas, y en donde cada tema contar\u00e1 con v\u00eddeo grabado en mi bella Rep\u00fablica Dominicana, mostrando todo lo que tenemos en nuestro pa\u00eds, ya que se rodaron en diferentes zonas y regiones\u201d; enfatiz\u00f3 Collado.<\/p>\n<p>El v\u00eddeo de \u00abConmigo No Te Metas\u00bb fue dirigido por\u00a0<strong>Caroline Contreras<\/strong>\u00a0bajo la producci\u00f3n de\u00a0<strong>Juan Pablo Fern\u00e1ndez<\/strong>, con las c\u00e1maras y direcci\u00f3n de escena de\u00a0<strong>Will B<\/strong>, la iluminaci\u00f3n y sonido\u00a0<strong>Wascar Fern\u00e1ndez<\/strong>\u00a0desde Freddy Sabina\u2019s Bar.<\/p>\n","protected":false},"excerpt":{"rendered":"<p>Beto Collado, un joven salsero dominicano que emociona con su dulce voz, presenta el sencillo \u00abConmigo No Te Metas\u00bb una nueva versi\u00f3n en salsa del reconocido \u00abCantautor del Pueblo\u00bb\u00a0Wason Brazob\u00e1n. \u201cEs una canci\u00f3n que&#46;&#46;&#46;<\/p>\n","protected":false},"author":127,"featured_media":8351,"comment_status":"open","ping_status":"open","sticky":false,"template":"","format":"image","meta":{"_acf_changed":false,"om_disable_all_campaigns":false,"rop_custom_images_group":[],"rop_custom_messages_group":[],"rop_publish_now":"initial","rop_publish_now_accounts":{"twitter_242054905_242054905":""},"rop_publish_now_history":[],"rop_publish_now_status":"pending","_uf_show_specific_survey":0,"_uf_disable_surveys":false,"footnotes":""},"categories":[38],"tags":[],"class_list":["post-8350","post","type-post","status-publish","format-image","has-post-thumbnail","hentry","category-musica","post_format-post-format-image"],"acf":[],"aioseo_notices":[],"yoast_head":"<!-- This site is optimized with the Yoast SEO Premium plugin v24.9 (Yoast SEO v27.2) - https:\/\/yoast.com\/product\/yoast-seo-premium-wordpress\/ -->\n<title>Beto Collado pondr\u00e1 a bailar salsa con \u201cConmigo no te metas\u201d - M\u00e9xico<\/title>\n<meta name=\"robots\" content=\"index, follow, max-snippet:-1, max-image-preview:large, max-video-preview:-1\" \/>\n<link rel=\"canonical\" href=\"https:\/\/noti-america.com\/site\/mexico\/2022\/09\/14\/beto-collado-pondra-a-bailar-salsa-con-conmigo-no-te-metas\/\" \/>\n<meta property=\"og:locale\" content=\"es_ES\" \/>\n<meta property=\"og:type\" content=\"article\" \/>\n<meta property=\"og:title\" content=\"Beto Collado pondr\u00e1 a bailar salsa con \u201cConmigo no te metas\u201d\" \/>\n<meta property=\"og:description\" content=\"Beto Collado, un joven salsero dominicano que emociona con su dulce voz, presenta el sencillo \u00abConmigo No Te Metas\u00bb una nueva versi\u00f3n en salsa del reconocido \u00abCantautor del Pueblo\u00bb\u00a0Wason Brazob\u00e1n. \u201cEs una canci\u00f3n que&#046;&#046;&#046;\" \/>\n<meta property=\"og:url\" content=\"https:\/\/noti-america.com\/site\/mexico\/2022\/09\/14\/beto-collado-pondra-a-bailar-salsa-con-conmigo-no-te-metas\/\" \/>\n<meta property=\"og:site_name\" content=\"M\u00e9xico\" \/>\n<meta property=\"article:published_time\" content=\"2022-09-14T12:44:56+00:00\" \/>\n<meta property=\"og:image\" content=\"https:\/\/noti-america.com\/site\/mexico\/wp-content\/uploads\/sites\/13\/2022\/09\/Beto-Collado.jpg\" \/>\n\t<meta property=\"og:image:width\" content=\"1180\" \/>\n\t<meta property=\"og:image:height\" content=\"1180\" \/>\n\t<meta property=\"og:image:type\" content=\"image\/jpeg\" \/>\n<meta name=\"author\" content=\"Yoelvzla\" \/>\n<meta name=\"twitter:card\" content=\"summary_large_image\" \/>\n<meta name=\"twitter:label1\" content=\"Escrito por\" \/>\n\t<meta name=\"twitter:data1\" content=\"Yoelvzla\" \/>\n\t<meta name=\"twitter:label2\" content=\"Tiempo estimado de lectura\" \/>\n\t<meta name=\"twitter:data2\" content=\"2 minutos\" \/>\n<script type=\"application\/ld+json\" class=\"yoast-schema-graph\">{\"@context\":\"https:\/\/schema.org\",\"@graph\":[{\"@type\":\"Article\",\"@id\":\"https:\/\/noti-america.com\/site\/mexico\/2022\/09\/14\/beto-collado-pondra-a-bailar-salsa-con-conmigo-no-te-metas\/#article\",\"isPartOf\":{\"@id\":\"https:\/\/noti-america.com\/site\/mexico\/2022\/09\/14\/beto-collado-pondra-a-bailar-salsa-con-conmigo-no-te-metas\/\"},\"author\":{\"name\":\"Yoelvzla\",\"@id\":\"https:\/\/noti-america.com\/site\/mexico\/#\/schema\/person\/376ccc7b3cc7a8d5a43c3ece07a43857\"},\"headline\":\"Beto Collado pondr\u00e1 a bailar salsa con \u201cConmigo no te metas\u201d\",\"datePublished\":\"2022-09-14T12:44:56+00:00\",\"mainEntityOfPage\":{\"@id\":\"https:\/\/noti-america.com\/site\/mexico\/2022\/09\/14\/beto-collado-pondra-a-bailar-salsa-con-conmigo-no-te-metas\/\"},\"wordCount\":326,\"commentCount\":0,\"publisher\":{\"@id\":\"https:\/\/noti-america.com\/site\/mexico\/#organization\"},\"image\":{\"@id\":\"https:\/\/noti-america.com\/site\/mexico\/2022\/09\/14\/beto-collado-pondra-a-bailar-salsa-con-conmigo-no-te-metas\/#primaryimage\"},\"thumbnailUrl\":\"https:\/\/noti-america.com\/site\/mexico\/wp-content\/uploads\/sites\/13\/2022\/09\/Beto-Collado.jpg\",\"articleSection\":[\"M\u00fasica\"],\"inLanguage\":\"es\",\"potentialAction\":[{\"@type\":\"CommentAction\",\"name\":\"Comment\",\"target\":[\"https:\/\/noti-america.com\/site\/mexico\/2022\/09\/14\/beto-collado-pondra-a-bailar-salsa-con-conmigo-no-te-metas\/#respond\"]}]},{\"@type\":\"WebPage\",\"@id\":\"https:\/\/noti-america.com\/site\/mexico\/2022\/09\/14\/beto-collado-pondra-a-bailar-salsa-con-conmigo-no-te-metas\/\",\"url\":\"https:\/\/noti-america.com\/site\/mexico\/2022\/09\/14\/beto-collado-pondra-a-bailar-salsa-con-conmigo-no-te-metas\/\",\"name\":\"Beto Collado pondr\u00e1 a bailar salsa con \u201cConmigo no te metas\u201d - M\u00e9xico\",\"isPartOf\":{\"@id\":\"https:\/\/noti-america.com\/site\/mexico\/#website\"},\"primaryImageOfPage\":{\"@id\":\"https:\/\/noti-america.com\/site\/mexico\/2022\/09\/14\/beto-collado-pondra-a-bailar-salsa-con-conmigo-no-te-metas\/#primaryimage\"},\"image\":{\"@id\":\"https:\/\/noti-america.com\/site\/mexico\/2022\/09\/14\/beto-collado-pondra-a-bailar-salsa-con-conmigo-no-te-metas\/#primaryimage\"},\"thumbnailUrl\":\"https:\/\/noti-america.com\/site\/mexico\/wp-content\/uploads\/sites\/13\/2022\/09\/Beto-Collado.jpg\",\"datePublished\":\"2022-09-14T12:44:56+00:00\",\"breadcrumb\":{\"@id\":\"https:\/\/noti-america.com\/site\/mexico\/2022\/09\/14\/beto-collado-pondra-a-bailar-salsa-con-conmigo-no-te-metas\/#breadcrumb\"},\"inLanguage\":\"es\",\"potentialAction\":[{\"@type\":\"ReadAction\",\"target\":[\"https:\/\/noti-america.com\/site\/mexico\/2022\/09\/14\/beto-collado-pondra-a-bailar-salsa-con-conmigo-no-te-metas\/\"]}]},{\"@type\":\"ImageObject\",\"inLanguage\":\"es\",\"@id\":\"https:\/\/noti-america.com\/site\/mexico\/2022\/09\/14\/beto-collado-pondra-a-bailar-salsa-con-conmigo-no-te-metas\/#primaryimage\",\"url\":\"https:\/\/noti-america.com\/site\/mexico\/wp-content\/uploads\/sites\/13\/2022\/09\/Beto-Collado.jpg\",\"contentUrl\":\"https:\/\/noti-america.com\/site\/mexico\/wp-content\/uploads\/sites\/13\/2022\/09\/Beto-Collado.jpg\",\"width\":1180,\"height\":1180},{\"@type\":\"BreadcrumbList\",\"@id\":\"https:\/\/noti-america.com\/site\/mexico\/2022\/09\/14\/beto-collado-pondra-a-bailar-salsa-con-conmigo-no-te-metas\/#breadcrumb\",\"itemListElement\":[{\"@type\":\"ListItem\",\"position\":1,\"name\":\"Portada\",\"item\":\"https:\/\/noti-america.com\/site\/mexico\/\"},{\"@type\":\"ListItem\",\"position\":2,\"name\":\"Beto Collado pondr\u00e1 a bailar salsa con \u201cConmigo no te metas\u201d\"}]},{\"@type\":\"WebSite\",\"@id\":\"https:\/\/noti-america.com\/site\/mexico\/#website\",\"url\":\"https:\/\/noti-america.com\/site\/mexico\/\",\"name\":\"M\u00e9xico | Noti-America.com\",\"description\":\"\",\"publisher\":{\"@id\":\"https:\/\/noti-america.com\/site\/mexico\/#organization\"},\"potentialAction\":[{\"@type\":\"SearchAction\",\"target\":{\"@type\":\"EntryPoint\",\"urlTemplate\":\"https:\/\/noti-america.com\/site\/mexico\/?s={search_term_string}\"},\"query-input\":{\"@type\":\"PropertyValueSpecification\",\"valueRequired\":true,\"valueName\":\"search_term_string\"}}],\"inLanguage\":\"es\"},{\"@type\":\"Organization\",\"@id\":\"https:\/\/noti-america.com\/site\/mexico\/#organization\",\"name\":\"Noti-America LLC | M\u00e9xico\",\"url\":\"https:\/\/noti-america.com\/site\/mexico\/\",\"logo\":{\"@type\":\"ImageObject\",\"inLanguage\":\"es\",\"@id\":\"https:\/\/noti-america.com\/site\/mexico\/#\/schema\/logo\/image\/\",\"url\":\"https:\/\/noti-america.com\/site\/mexico\/wp-content\/uploads\/sites\/13\/2020\/07\/LogoNA-4x3-1.jpg\",\"contentUrl\":\"https:\/\/noti-america.com\/site\/mexico\/wp-content\/uploads\/sites\/13\/2020\/07\/LogoNA-4x3-1.jpg\",\"width\":1236,\"height\":1080,\"caption\":\"Noti-America LLC | M\u00e9xico\"},\"image\":{\"@id\":\"https:\/\/noti-america.com\/site\/mexico\/#\/schema\/logo\/image\/\"}},{\"@type\":\"Person\",\"@id\":\"https:\/\/noti-america.com\/site\/mexico\/#\/schema\/person\/376ccc7b3cc7a8d5a43c3ece07a43857\",\"name\":\"Yoelvzla\",\"image\":{\"@type\":\"ImageObject\",\"inLanguage\":\"es\",\"@id\":\"https:\/\/secure.gravatar.com\/avatar\/13a96a72123e0e9aa76fe82e8847f726c63a1c5ef6a8d0fadd844c1a5a83b212?s=96&d=mm&r=g\",\"url\":\"https:\/\/secure.gravatar.com\/avatar\/13a96a72123e0e9aa76fe82e8847f726c63a1c5ef6a8d0fadd844c1a5a83b212?s=96&d=mm&r=g\",\"contentUrl\":\"https:\/\/secure.gravatar.com\/avatar\/13a96a72123e0e9aa76fe82e8847f726c63a1c5ef6a8d0fadd844c1a5a83b212?s=96&d=mm&r=g\",\"caption\":\"Yoelvzla\"},\"url\":\"https:\/\/noti-america.com\/site\/mexico\/author\/ydiaz\/\"}]}<\/script>\n<!-- \/ Yoast SEO Premium plugin. -->","yoast_head_json":{"title":"Beto Collado pondr\u00e1 a bailar salsa con \u201cConmigo no te metas\u201d - M\u00e9xico","robots":{"index":"index","follow":"follow","max-snippet":"max-snippet:-1","max-image-preview":"max-image-preview:large","max-video-preview":"max-video-preview:-1"},"canonical":"https:\/\/noti-america.com\/site\/mexico\/2022\/09\/14\/beto-collado-pondra-a-bailar-salsa-con-conmigo-no-te-metas\/","og_locale":"es_ES","og_type":"article","og_title":"Beto Collado pondr\u00e1 a bailar salsa con \u201cConmigo no te metas\u201d","og_description":"Beto Collado, un joven salsero dominicano que emociona con su dulce voz, presenta el sencillo \u00abConmigo No Te Metas\u00bb una nueva versi\u00f3n en salsa del reconocido \u00abCantautor del Pueblo\u00bb\u00a0Wason Brazob\u00e1n. \u201cEs una canci\u00f3n que&#46;&#46;&#46;","og_url":"https:\/\/noti-america.com\/site\/mexico\/2022\/09\/14\/beto-collado-pondra-a-bailar-salsa-con-conmigo-no-te-metas\/","og_site_name":"M\u00e9xico","article_published_time":"2022-09-14T12:44:56+00:00","og_image":[{"width":1180,"height":1180,"url":"https:\/\/noti-america.com\/site\/mexico\/wp-content\/uploads\/sites\/13\/2022\/09\/Beto-Collado.jpg","type":"image\/jpeg"}],"author":"Yoelvzla","twitter_card":"summary_large_image","twitter_misc":{"Escrito por":"Yoelvzla","Tiempo estimado de lectura":"2 minutos"},"schema":{"@context":"https:\/\/schema.org","@graph":[{"@type":"Article","@id":"https:\/\/noti-america.com\/site\/mexico\/2022\/09\/14\/beto-collado-pondra-a-bailar-salsa-con-conmigo-no-te-metas\/#article","isPartOf":{"@id":"https:\/\/noti-america.com\/site\/mexico\/2022\/09\/14\/beto-collado-pondra-a-bailar-salsa-con-conmigo-no-te-metas\/"},"author":{"name":"Yoelvzla","@id":"https:\/\/noti-america.com\/site\/mexico\/#\/schema\/person\/376ccc7b3cc7a8d5a43c3ece07a43857"},"headline":"Beto Collado pondr\u00e1 a bailar salsa con \u201cConmigo no te metas\u201d","datePublished":"2022-09-14T12:44:56+00:00","mainEntityOfPage":{"@id":"https:\/\/noti-america.com\/site\/mexico\/2022\/09\/14\/beto-collado-pondra-a-bailar-salsa-con-conmigo-no-te-metas\/"},"wordCount":326,"commentCount":0,"publisher":{"@id":"https:\/\/noti-america.com\/site\/mexico\/#organization"},"image":{"@id":"https:\/\/noti-america.com\/site\/mexico\/2022\/09\/14\/beto-collado-pondra-a-bailar-salsa-con-conmigo-no-te-metas\/#primaryimage"},"thumbnailUrl":"https:\/\/noti-america.com\/site\/mexico\/wp-content\/uploads\/sites\/13\/2022\/09\/Beto-Collado.jpg","articleSection":["M\u00fasica"],"inLanguage":"es","potentialAction":[{"@type":"CommentAction","name":"Comment","target":["https:\/\/noti-america.com\/site\/mexico\/2022\/09\/14\/beto-collado-pondra-a-bailar-salsa-con-conmigo-no-te-metas\/#respond"]}]},{"@type":"WebPage","@id":"https:\/\/noti-america.com\/site\/mexico\/2022\/09\/14\/beto-collado-pondra-a-bailar-salsa-con-conmigo-no-te-metas\/","url":"https:\/\/noti-america.com\/site\/mexico\/2022\/09\/14\/beto-collado-pondra-a-bailar-salsa-con-conmigo-no-te-metas\/","name":"Beto Collado pondr\u00e1 a bailar salsa con \u201cConmigo no te metas\u201d - M\u00e9xico","isPartOf":{"@id":"https:\/\/noti-america.com\/site\/mexico\/#website"},"primaryImageOfPage":{"@id":"https:\/\/noti-america.com\/site\/mexico\/2022\/09\/14\/beto-collado-pondra-a-bailar-salsa-con-conmigo-no-te-metas\/#primaryimage"},"image":{"@id":"https:\/\/noti-america.com\/site\/mexico\/2022\/09\/14\/beto-collado-pondra-a-bailar-salsa-con-conmigo-no-te-metas\/#primaryimage"},"thumbnailUrl":"https:\/\/noti-america.com\/site\/mexico\/wp-content\/uploads\/sites\/13\/2022\/09\/Beto-Collado.jpg","datePublished":"2022-09-14T12:44:56+00:00","breadcrumb":{"@id":"https:\/\/noti-america.com\/site\/mexico\/2022\/09\/14\/beto-collado-pondra-a-bailar-salsa-con-conmigo-no-te-metas\/#breadcrumb"},"inLanguage":"es","potentialAction":[{"@type":"ReadAction","target":["https:\/\/noti-america.com\/site\/mexico\/2022\/09\/14\/beto-collado-pondra-a-bailar-salsa-con-conmigo-no-te-metas\/"]}]},{"@type":"ImageObject","inLanguage":"es","@id":"https:\/\/noti-america.com\/site\/mexico\/2022\/09\/14\/beto-collado-pondra-a-bailar-salsa-con-conmigo-no-te-metas\/#primaryimage","url":"https:\/\/noti-america.com\/site\/mexico\/wp-content\/uploads\/sites\/13\/2022\/09\/Beto-Collado.jpg","contentUrl":"https:\/\/noti-america.com\/site\/mexico\/wp-content\/uploads\/sites\/13\/2022\/09\/Beto-Collado.jpg","width":1180,"height":1180},{"@type":"BreadcrumbList","@id":"https:\/\/noti-america.com\/site\/mexico\/2022\/09\/14\/beto-collado-pondra-a-bailar-salsa-con-conmigo-no-te-metas\/#breadcrumb","itemListElement":[{"@type":"ListItem","position":1,"name":"Portada","item":"https:\/\/noti-america.com\/site\/mexico\/"},{"@type":"ListItem","position":2,"name":"Beto Collado pondr\u00e1 a bailar salsa con \u201cConmigo no te metas\u201d"}]},{"@type":"WebSite","@id":"https:\/\/noti-america.com\/site\/mexico\/#website","url":"https:\/\/noti-america.com\/site\/mexico\/","name":"M\u00e9xico | Noti-America.com","description":"","publisher":{"@id":"https:\/\/noti-america.com\/site\/mexico\/#organization"},"potentialAction":[{"@type":"SearchAction","target":{"@type":"EntryPoint","urlTemplate":"https:\/\/noti-america.com\/site\/mexico\/?s={search_term_string}"},"query-input":{"@type":"PropertyValueSpecification","valueRequired":true,"valueName":"search_term_string"}}],"inLanguage":"es"},{"@type":"Organization","@id":"https:\/\/noti-america.com\/site\/mexico\/#organization","name":"Noti-America LLC | M\u00e9xico","url":"https:\/\/noti-america.com\/site\/mexico\/","logo":{"@type":"ImageObject","inLanguage":"es","@id":"https:\/\/noti-america.com\/site\/mexico\/#\/schema\/logo\/image\/","url":"https:\/\/noti-america.com\/site\/mexico\/wp-content\/uploads\/sites\/13\/2020\/07\/LogoNA-4x3-1.jpg","contentUrl":"https:\/\/noti-america.com\/site\/mexico\/wp-content\/uploads\/sites\/13\/2020\/07\/LogoNA-4x3-1.jpg","width":1236,"height":1080,"caption":"Noti-America LLC | M\u00e9xico"},"image":{"@id":"https:\/\/noti-america.com\/site\/mexico\/#\/schema\/logo\/image\/"}},{"@type":"Person","@id":"https:\/\/noti-america.com\/site\/mexico\/#\/schema\/person\/376ccc7b3cc7a8d5a43c3ece07a43857","name":"Yoelvzla","image":{"@type":"ImageObject","inLanguage":"es","@id":"https:\/\/secure.gravatar.com\/avatar\/13a96a72123e0e9aa76fe82e8847f726c63a1c5ef6a8d0fadd844c1a5a83b212?s=96&d=mm&r=g","url":"https:\/\/secure.gravatar.com\/avatar\/13a96a72123e0e9aa76fe82e8847f726c63a1c5ef6a8d0fadd844c1a5a83b212?s=96&d=mm&r=g","contentUrl":"https:\/\/secure.gravatar.com\/avatar\/13a96a72123e0e9aa76fe82e8847f726c63a1c5ef6a8d0fadd844c1a5a83b212?s=96&d=mm&r=g","caption":"Yoelvzla"},"url":"https:\/\/noti-america.com\/site\/mexico\/author\/ydiaz\/"}]}},"_links":{"self":[{"href":"https:\/\/noti-america.com\/site\/mexico\/wp-json\/wp\/v2\/posts\/8350","targetHints":{"allow":["GET"]}}],"collection":[{"href":"https:\/\/noti-america.com\/site\/mexico\/wp-json\/wp\/v2\/posts"}],"about":[{"href":"https:\/\/noti-america.com\/site\/mexico\/wp-json\/wp\/v2\/types\/post"}],"author":[{"embeddable":true,"href":"https:\/\/noti-america.com\/site\/mexico\/wp-json\/wp\/v2\/users\/127"}],"replies":[{"embeddable":true,"href":"https:\/\/noti-america.com\/site\/mexico\/wp-json\/wp\/v2\/comments?post=8350"}],"version-history":[{"count":1,"href":"https:\/\/noti-america.com\/site\/mexico\/wp-json\/wp\/v2\/posts\/8350\/revisions"}],"predecessor-version":[{"id":8352,"href":"https:\/\/noti-america.com\/site\/mexico\/wp-json\/wp\/v2\/posts\/8350\/revisions\/8352"}],"wp:featuredmedia":[{"embeddable":true,"href":"https:\/\/noti-america.com\/site\/mexico\/wp-json\/wp\/v2\/media\/8351"}],"wp:attachment":[{"href":"https:\/\/noti-america.com\/site\/mexico\/wp-json\/wp\/v2\/media?parent=8350"}],"wp:term":[{"taxonomy":"category","embeddable":true,"href":"https:\/\/noti-america.com\/site\/mexico\/wp-json\/wp\/v2\/categories?post=8350"},{"taxonomy":"post_tag","embeddable":true,"href":"https:\/\/noti-america.com\/site\/mexico\/wp-json\/wp\/v2\/tags?post=8350"}],"curies":[{"name":"wp","href":"https:\/\/api.w.org\/{rel}","templated":true}]}}