{"id":8308,"date":"2022-09-06T02:50:29","date_gmt":"2022-09-06T02:50:29","guid":{"rendered":"https:\/\/noti-america.com\/site\/mexico\/?p=8308"},"modified":"2022-09-06T02:50:29","modified_gmt":"2022-09-06T02:50:29","slug":"victor-nava-a-traves-del-mundo-digital-cambia-la-vida-de-las-personas-positivamente","status":"publish","type":"post","link":"https:\/\/noti-america.com\/site\/mexico\/2022\/09\/06\/victor-nava-a-traves-del-mundo-digital-cambia-la-vida-de-las-personas-positivamente\/","title":{"rendered":"V\u00edctor Nava a trav\u00e9s del mundo digital cambia la vida de las personas positivamente"},"content":{"rendered":"<p>M\u00e1s de 10 a\u00f1os de experiencia lo han llevado a ser uno de los mejores de la plataforma 2.0. V\u00edctor Nava, quien se define como un eterno aprendiz del mundo digital, ha cambiado positivamente la vida de miles de personas habitantes de Espa\u00f1a, Argentina, M\u00e9xico, Ecuador, Venezuela y Estados Unidos.<\/p>\n<p>&nbsp;<\/p>\n<p>Nava inici\u00f3 creando una comunidad en Facebook de Pro Evolution Soccer (Un juego de f\u00fatbol online). \u201cFuimos creciendo a pasos de gigantes. Llegamos a ser m\u00e1s de 10 mil seguidores con torneos online de 400 jugadores presenciales y 100 online logrando obtener 10 cupos en torneos sudamericanos organizados por KONAMI\u201d, coment\u00f3 el experto en redes.<\/p>\n<p>&nbsp;<\/p>\n<p>Las redes sociales para Nava son un mundo sin frontera y lleno de posibilidades. \u201cEntend\u00ed y aprend\u00ed que creando comunidades digitales puedes hacer proyectos desde el escritorio de tu habitaci\u00f3n y eso quiero que tambi\u00e9n lo aprenda el mundo, es mi objetivo\u2026 cambiar la vida de las personas que se acerquen a buscar mi ayuda\u201d.<\/p>\n<p>&nbsp;<\/p>\n<p>V\u00edctor es considerado un experto en marketing de alto nivel en Latinoam\u00e9rica para lograr ese calificativo d\u00eda a d\u00eda trabaja en m\u00e9todos propios con el objetivo de darle resultados a cada uno de sus clientes.<\/p>\n<p>&nbsp;<\/p>\n","protected":false},"excerpt":{"rendered":"<p>M\u00e1s de 10 a\u00f1os de experiencia lo han llevado a ser uno de los mejores de la plataforma 2.0. V\u00edctor Nava, quien se define como un eterno aprendiz del mundo digital, ha cambiado positivamente&#46;&#46;&#46;<\/p>\n","protected":false},"author":127,"featured_media":8309,"comment_status":"open","ping_status":"open","sticky":false,"template":"","format":"image","meta":{"_acf_changed":false,"om_disable_all_campaigns":false,"rop_custom_images_group":[],"rop_custom_messages_group":[],"rop_publish_now":"initial","rop_publish_now_accounts":{"twitter_242054905_242054905":""},"rop_publish_now_history":[],"rop_publish_now_status":"pending","_uf_show_specific_survey":0,"_uf_disable_surveys":false,"footnotes":""},"categories":[417],"tags":[],"class_list":["post-8308","post","type-post","status-publish","format-image","has-post-thumbnail","hentry","category-venezuela","post_format-post-format-image"],"acf":[],"aioseo_notices":[],"yoast_head":"<!-- This site is optimized with the Yoast SEO Premium plugin v24.9 (Yoast SEO v27.2) - https:\/\/yoast.com\/product\/yoast-seo-premium-wordpress\/ -->\n<title>V\u00edctor Nava a trav\u00e9s del mundo digital cambia la vida de las personas positivamente - M\u00e9xico<\/title>\n<meta name=\"robots\" content=\"index, follow, max-snippet:-1, max-image-preview:large, max-video-preview:-1\" \/>\n<link rel=\"canonical\" href=\"https:\/\/noti-america.com\/site\/mexico\/2022\/09\/06\/victor-nava-a-traves-del-mundo-digital-cambia-la-vida-de-las-personas-positivamente\/\" \/>\n<meta property=\"og:locale\" content=\"es_ES\" \/>\n<meta property=\"og:type\" content=\"article\" \/>\n<meta property=\"og:title\" content=\"V\u00edctor Nava a trav\u00e9s del mundo digital cambia la vida de las personas positivamente\" \/>\n<meta property=\"og:description\" content=\"M\u00e1s de 10 a\u00f1os de experiencia lo han llevado a ser uno de los mejores de la plataforma 2.0. V\u00edctor Nava, quien se define como un eterno aprendiz del mundo digital, ha cambiado positivamente&#046;&#046;&#046;\" \/>\n<meta property=\"og:url\" content=\"https:\/\/noti-america.com\/site\/mexico\/2022\/09\/06\/victor-nava-a-traves-del-mundo-digital-cambia-la-vida-de-las-personas-positivamente\/\" \/>\n<meta property=\"og:site_name\" content=\"M\u00e9xico\" \/>\n<meta property=\"article:published_time\" content=\"2022-09-06T02:50:29+00:00\" \/>\n<meta property=\"og:image\" content=\"https:\/\/noti-america.com\/site\/mexico\/wp-content\/uploads\/sites\/13\/2022\/09\/SAVE_20220804_1919014621.jpg\" \/>\n\t<meta property=\"og:image:width\" content=\"1284\" \/>\n\t<meta property=\"og:image:height\" content=\"1468\" \/>\n\t<meta property=\"og:image:type\" content=\"image\/jpeg\" \/>\n<meta name=\"author\" content=\"Yoelvzla\" \/>\n<meta name=\"twitter:card\" content=\"summary_large_image\" \/>\n<meta name=\"twitter:label1\" content=\"Escrito por\" \/>\n\t<meta name=\"twitter:data1\" content=\"Yoelvzla\" \/>\n\t<meta name=\"twitter:label2\" content=\"Tiempo estimado de lectura\" \/>\n\t<meta name=\"twitter:data2\" content=\"1 minuto\" \/>\n<script type=\"application\/ld+json\" class=\"yoast-schema-graph\">{\"@context\":\"https:\/\/schema.org\",\"@graph\":[{\"@type\":\"Article\",\"@id\":\"https:\/\/noti-america.com\/site\/mexico\/2022\/09\/06\/victor-nava-a-traves-del-mundo-digital-cambia-la-vida-de-las-personas-positivamente\/#article\",\"isPartOf\":{\"@id\":\"https:\/\/noti-america.com\/site\/mexico\/2022\/09\/06\/victor-nava-a-traves-del-mundo-digital-cambia-la-vida-de-las-personas-positivamente\/\"},\"author\":{\"name\":\"Yoelvzla\",\"@id\":\"https:\/\/noti-america.com\/site\/mexico\/#\/schema\/person\/376ccc7b3cc7a8d5a43c3ece07a43857\"},\"headline\":\"V\u00edctor Nava a trav\u00e9s del mundo digital cambia la vida de las personas positivamente\",\"datePublished\":\"2022-09-06T02:50:29+00:00\",\"mainEntityOfPage\":{\"@id\":\"https:\/\/noti-america.com\/site\/mexico\/2022\/09\/06\/victor-nava-a-traves-del-mundo-digital-cambia-la-vida-de-las-personas-positivamente\/\"},\"wordCount\":223,\"commentCount\":0,\"publisher\":{\"@id\":\"https:\/\/noti-america.com\/site\/mexico\/#organization\"},\"image\":{\"@id\":\"https:\/\/noti-america.com\/site\/mexico\/2022\/09\/06\/victor-nava-a-traves-del-mundo-digital-cambia-la-vida-de-las-personas-positivamente\/#primaryimage\"},\"thumbnailUrl\":\"https:\/\/noti-america.com\/site\/mexico\/wp-content\/uploads\/sites\/13\/2022\/09\/SAVE_20220804_1919014621.jpg\",\"articleSection\":[\"Venezuela\"],\"inLanguage\":\"es\",\"potentialAction\":[{\"@type\":\"CommentAction\",\"name\":\"Comment\",\"target\":[\"https:\/\/noti-america.com\/site\/mexico\/2022\/09\/06\/victor-nava-a-traves-del-mundo-digital-cambia-la-vida-de-las-personas-positivamente\/#respond\"]}]},{\"@type\":\"WebPage\",\"@id\":\"https:\/\/noti-america.com\/site\/mexico\/2022\/09\/06\/victor-nava-a-traves-del-mundo-digital-cambia-la-vida-de-las-personas-positivamente\/\",\"url\":\"https:\/\/noti-america.com\/site\/mexico\/2022\/09\/06\/victor-nava-a-traves-del-mundo-digital-cambia-la-vida-de-las-personas-positivamente\/\",\"name\":\"V\u00edctor Nava a trav\u00e9s del mundo digital cambia la vida de las personas positivamente - M\u00e9xico\",\"isPartOf\":{\"@id\":\"https:\/\/noti-america.com\/site\/mexico\/#website\"},\"primaryImageOfPage\":{\"@id\":\"https:\/\/noti-america.com\/site\/mexico\/2022\/09\/06\/victor-nava-a-traves-del-mundo-digital-cambia-la-vida-de-las-personas-positivamente\/#primaryimage\"},\"image\":{\"@id\":\"https:\/\/noti-america.com\/site\/mexico\/2022\/09\/06\/victor-nava-a-traves-del-mundo-digital-cambia-la-vida-de-las-personas-positivamente\/#primaryimage\"},\"thumbnailUrl\":\"https:\/\/noti-america.com\/site\/mexico\/wp-content\/uploads\/sites\/13\/2022\/09\/SAVE_20220804_1919014621.jpg\",\"datePublished\":\"2022-09-06T02:50:29+00:00\",\"breadcrumb\":{\"@id\":\"https:\/\/noti-america.com\/site\/mexico\/2022\/09\/06\/victor-nava-a-traves-del-mundo-digital-cambia-la-vida-de-las-personas-positivamente\/#breadcrumb\"},\"inLanguage\":\"es\",\"potentialAction\":[{\"@type\":\"ReadAction\",\"target\":[\"https:\/\/noti-america.com\/site\/mexico\/2022\/09\/06\/victor-nava-a-traves-del-mundo-digital-cambia-la-vida-de-las-personas-positivamente\/\"]}]},{\"@type\":\"ImageObject\",\"inLanguage\":\"es\",\"@id\":\"https:\/\/noti-america.com\/site\/mexico\/2022\/09\/06\/victor-nava-a-traves-del-mundo-digital-cambia-la-vida-de-las-personas-positivamente\/#primaryimage\",\"url\":\"https:\/\/noti-america.com\/site\/mexico\/wp-content\/uploads\/sites\/13\/2022\/09\/SAVE_20220804_1919014621.jpg\",\"contentUrl\":\"https:\/\/noti-america.com\/site\/mexico\/wp-content\/uploads\/sites\/13\/2022\/09\/SAVE_20220804_1919014621.jpg\",\"width\":1284,\"height\":1468},{\"@type\":\"BreadcrumbList\",\"@id\":\"https:\/\/noti-america.com\/site\/mexico\/2022\/09\/06\/victor-nava-a-traves-del-mundo-digital-cambia-la-vida-de-las-personas-positivamente\/#breadcrumb\",\"itemListElement\":[{\"@type\":\"ListItem\",\"position\":1,\"name\":\"Portada\",\"item\":\"https:\/\/noti-america.com\/site\/mexico\/\"},{\"@type\":\"ListItem\",\"position\":2,\"name\":\"V\u00edctor Nava a trav\u00e9s del mundo digital cambia la vida de las personas positivamente\"}]},{\"@type\":\"WebSite\",\"@id\":\"https:\/\/noti-america.com\/site\/mexico\/#website\",\"url\":\"https:\/\/noti-america.com\/site\/mexico\/\",\"name\":\"M\u00e9xico | Noti-America.com\",\"description\":\"\",\"publisher\":{\"@id\":\"https:\/\/noti-america.com\/site\/mexico\/#organization\"},\"potentialAction\":[{\"@type\":\"SearchAction\",\"target\":{\"@type\":\"EntryPoint\",\"urlTemplate\":\"https:\/\/noti-america.com\/site\/mexico\/?s={search_term_string}\"},\"query-input\":{\"@type\":\"PropertyValueSpecification\",\"valueRequired\":true,\"valueName\":\"search_term_string\"}}],\"inLanguage\":\"es\"},{\"@type\":\"Organization\",\"@id\":\"https:\/\/noti-america.com\/site\/mexico\/#organization\",\"name\":\"Noti-America LLC | M\u00e9xico\",\"url\":\"https:\/\/noti-america.com\/site\/mexico\/\",\"logo\":{\"@type\":\"ImageObject\",\"inLanguage\":\"es\",\"@id\":\"https:\/\/noti-america.com\/site\/mexico\/#\/schema\/logo\/image\/\",\"url\":\"https:\/\/noti-america.com\/site\/mexico\/wp-content\/uploads\/sites\/13\/2020\/07\/LogoNA-4x3-1.jpg\",\"contentUrl\":\"https:\/\/noti-america.com\/site\/mexico\/wp-content\/uploads\/sites\/13\/2020\/07\/LogoNA-4x3-1.jpg\",\"width\":1236,\"height\":1080,\"caption\":\"Noti-America LLC | M\u00e9xico\"},\"image\":{\"@id\":\"https:\/\/noti-america.com\/site\/mexico\/#\/schema\/logo\/image\/\"}},{\"@type\":\"Person\",\"@id\":\"https:\/\/noti-america.com\/site\/mexico\/#\/schema\/person\/376ccc7b3cc7a8d5a43c3ece07a43857\",\"name\":\"Yoelvzla\",\"image\":{\"@type\":\"ImageObject\",\"inLanguage\":\"es\",\"@id\":\"https:\/\/secure.gravatar.com\/avatar\/13a96a72123e0e9aa76fe82e8847f726c63a1c5ef6a8d0fadd844c1a5a83b212?s=96&d=mm&r=g\",\"url\":\"https:\/\/secure.gravatar.com\/avatar\/13a96a72123e0e9aa76fe82e8847f726c63a1c5ef6a8d0fadd844c1a5a83b212?s=96&d=mm&r=g\",\"contentUrl\":\"https:\/\/secure.gravatar.com\/avatar\/13a96a72123e0e9aa76fe82e8847f726c63a1c5ef6a8d0fadd844c1a5a83b212?s=96&d=mm&r=g\",\"caption\":\"Yoelvzla\"},\"url\":\"https:\/\/noti-america.com\/site\/mexico\/author\/ydiaz\/\"}]}<\/script>\n<!-- \/ Yoast SEO Premium plugin. -->","yoast_head_json":{"title":"V\u00edctor Nava a trav\u00e9s del mundo digital cambia la vida de las personas positivamente - M\u00e9xico","robots":{"index":"index","follow":"follow","max-snippet":"max-snippet:-1","max-image-preview":"max-image-preview:large","max-video-preview":"max-video-preview:-1"},"canonical":"https:\/\/noti-america.com\/site\/mexico\/2022\/09\/06\/victor-nava-a-traves-del-mundo-digital-cambia-la-vida-de-las-personas-positivamente\/","og_locale":"es_ES","og_type":"article","og_title":"V\u00edctor Nava a trav\u00e9s del mundo digital cambia la vida de las personas positivamente","og_description":"M\u00e1s de 10 a\u00f1os de experiencia lo han llevado a ser uno de los mejores de la plataforma 2.0. V\u00edctor Nava, quien se define como un eterno aprendiz del mundo digital, ha cambiado positivamente&#46;&#46;&#46;","og_url":"https:\/\/noti-america.com\/site\/mexico\/2022\/09\/06\/victor-nava-a-traves-del-mundo-digital-cambia-la-vida-de-las-personas-positivamente\/","og_site_name":"M\u00e9xico","article_published_time":"2022-09-06T02:50:29+00:00","og_image":[{"width":1284,"height":1468,"url":"https:\/\/noti-america.com\/site\/mexico\/wp-content\/uploads\/sites\/13\/2022\/09\/SAVE_20220804_1919014621.jpg","type":"image\/jpeg"}],"author":"Yoelvzla","twitter_card":"summary_large_image","twitter_misc":{"Escrito por":"Yoelvzla","Tiempo estimado de lectura":"1 minuto"},"schema":{"@context":"https:\/\/schema.org","@graph":[{"@type":"Article","@id":"https:\/\/noti-america.com\/site\/mexico\/2022\/09\/06\/victor-nava-a-traves-del-mundo-digital-cambia-la-vida-de-las-personas-positivamente\/#article","isPartOf":{"@id":"https:\/\/noti-america.com\/site\/mexico\/2022\/09\/06\/victor-nava-a-traves-del-mundo-digital-cambia-la-vida-de-las-personas-positivamente\/"},"author":{"name":"Yoelvzla","@id":"https:\/\/noti-america.com\/site\/mexico\/#\/schema\/person\/376ccc7b3cc7a8d5a43c3ece07a43857"},"headline":"V\u00edctor Nava a trav\u00e9s del mundo digital cambia la vida de las personas positivamente","datePublished":"2022-09-06T02:50:29+00:00","mainEntityOfPage":{"@id":"https:\/\/noti-america.com\/site\/mexico\/2022\/09\/06\/victor-nava-a-traves-del-mundo-digital-cambia-la-vida-de-las-personas-positivamente\/"},"wordCount":223,"commentCount":0,"publisher":{"@id":"https:\/\/noti-america.com\/site\/mexico\/#organization"},"image":{"@id":"https:\/\/noti-america.com\/site\/mexico\/2022\/09\/06\/victor-nava-a-traves-del-mundo-digital-cambia-la-vida-de-las-personas-positivamente\/#primaryimage"},"thumbnailUrl":"https:\/\/noti-america.com\/site\/mexico\/wp-content\/uploads\/sites\/13\/2022\/09\/SAVE_20220804_1919014621.jpg","articleSection":["Venezuela"],"inLanguage":"es","potentialAction":[{"@type":"CommentAction","name":"Comment","target":["https:\/\/noti-america.com\/site\/mexico\/2022\/09\/06\/victor-nava-a-traves-del-mundo-digital-cambia-la-vida-de-las-personas-positivamente\/#respond"]}]},{"@type":"WebPage","@id":"https:\/\/noti-america.com\/site\/mexico\/2022\/09\/06\/victor-nava-a-traves-del-mundo-digital-cambia-la-vida-de-las-personas-positivamente\/","url":"https:\/\/noti-america.com\/site\/mexico\/2022\/09\/06\/victor-nava-a-traves-del-mundo-digital-cambia-la-vida-de-las-personas-positivamente\/","name":"V\u00edctor Nava a trav\u00e9s del mundo digital cambia la vida de las personas positivamente - M\u00e9xico","isPartOf":{"@id":"https:\/\/noti-america.com\/site\/mexico\/#website"},"primaryImageOfPage":{"@id":"https:\/\/noti-america.com\/site\/mexico\/2022\/09\/06\/victor-nava-a-traves-del-mundo-digital-cambia-la-vida-de-las-personas-positivamente\/#primaryimage"},"image":{"@id":"https:\/\/noti-america.com\/site\/mexico\/2022\/09\/06\/victor-nava-a-traves-del-mundo-digital-cambia-la-vida-de-las-personas-positivamente\/#primaryimage"},"thumbnailUrl":"https:\/\/noti-america.com\/site\/mexico\/wp-content\/uploads\/sites\/13\/2022\/09\/SAVE_20220804_1919014621.jpg","datePublished":"2022-09-06T02:50:29+00:00","breadcrumb":{"@id":"https:\/\/noti-america.com\/site\/mexico\/2022\/09\/06\/victor-nava-a-traves-del-mundo-digital-cambia-la-vida-de-las-personas-positivamente\/#breadcrumb"},"inLanguage":"es","potentialAction":[{"@type":"ReadAction","target":["https:\/\/noti-america.com\/site\/mexico\/2022\/09\/06\/victor-nava-a-traves-del-mundo-digital-cambia-la-vida-de-las-personas-positivamente\/"]}]},{"@type":"ImageObject","inLanguage":"es","@id":"https:\/\/noti-america.com\/site\/mexico\/2022\/09\/06\/victor-nava-a-traves-del-mundo-digital-cambia-la-vida-de-las-personas-positivamente\/#primaryimage","url":"https:\/\/noti-america.com\/site\/mexico\/wp-content\/uploads\/sites\/13\/2022\/09\/SAVE_20220804_1919014621.jpg","contentUrl":"https:\/\/noti-america.com\/site\/mexico\/wp-content\/uploads\/sites\/13\/2022\/09\/SAVE_20220804_1919014621.jpg","width":1284,"height":1468},{"@type":"BreadcrumbList","@id":"https:\/\/noti-america.com\/site\/mexico\/2022\/09\/06\/victor-nava-a-traves-del-mundo-digital-cambia-la-vida-de-las-personas-positivamente\/#breadcrumb","itemListElement":[{"@type":"ListItem","position":1,"name":"Portada","item":"https:\/\/noti-america.com\/site\/mexico\/"},{"@type":"ListItem","position":2,"name":"V\u00edctor Nava a trav\u00e9s del mundo digital cambia la vida de las personas positivamente"}]},{"@type":"WebSite","@id":"https:\/\/noti-america.com\/site\/mexico\/#website","url":"https:\/\/noti-america.com\/site\/mexico\/","name":"M\u00e9xico | Noti-America.com","description":"","publisher":{"@id":"https:\/\/noti-america.com\/site\/mexico\/#organization"},"potentialAction":[{"@type":"SearchAction","target":{"@type":"EntryPoint","urlTemplate":"https:\/\/noti-america.com\/site\/mexico\/?s={search_term_string}"},"query-input":{"@type":"PropertyValueSpecification","valueRequired":true,"valueName":"search_term_string"}}],"inLanguage":"es"},{"@type":"Organization","@id":"https:\/\/noti-america.com\/site\/mexico\/#organization","name":"Noti-America LLC | M\u00e9xico","url":"https:\/\/noti-america.com\/site\/mexico\/","logo":{"@type":"ImageObject","inLanguage":"es","@id":"https:\/\/noti-america.com\/site\/mexico\/#\/schema\/logo\/image\/","url":"https:\/\/noti-america.com\/site\/mexico\/wp-content\/uploads\/sites\/13\/2020\/07\/LogoNA-4x3-1.jpg","contentUrl":"https:\/\/noti-america.com\/site\/mexico\/wp-content\/uploads\/sites\/13\/2020\/07\/LogoNA-4x3-1.jpg","width":1236,"height":1080,"caption":"Noti-America LLC | M\u00e9xico"},"image":{"@id":"https:\/\/noti-america.com\/site\/mexico\/#\/schema\/logo\/image\/"}},{"@type":"Person","@id":"https:\/\/noti-america.com\/site\/mexico\/#\/schema\/person\/376ccc7b3cc7a8d5a43c3ece07a43857","name":"Yoelvzla","image":{"@type":"ImageObject","inLanguage":"es","@id":"https:\/\/secure.gravatar.com\/avatar\/13a96a72123e0e9aa76fe82e8847f726c63a1c5ef6a8d0fadd844c1a5a83b212?s=96&d=mm&r=g","url":"https:\/\/secure.gravatar.com\/avatar\/13a96a72123e0e9aa76fe82e8847f726c63a1c5ef6a8d0fadd844c1a5a83b212?s=96&d=mm&r=g","contentUrl":"https:\/\/secure.gravatar.com\/avatar\/13a96a72123e0e9aa76fe82e8847f726c63a1c5ef6a8d0fadd844c1a5a83b212?s=96&d=mm&r=g","caption":"Yoelvzla"},"url":"https:\/\/noti-america.com\/site\/mexico\/author\/ydiaz\/"}]}},"_links":{"self":[{"href":"https:\/\/noti-america.com\/site\/mexico\/wp-json\/wp\/v2\/posts\/8308","targetHints":{"allow":["GET"]}}],"collection":[{"href":"https:\/\/noti-america.com\/site\/mexico\/wp-json\/wp\/v2\/posts"}],"about":[{"href":"https:\/\/noti-america.com\/site\/mexico\/wp-json\/wp\/v2\/types\/post"}],"author":[{"embeddable":true,"href":"https:\/\/noti-america.com\/site\/mexico\/wp-json\/wp\/v2\/users\/127"}],"replies":[{"embeddable":true,"href":"https:\/\/noti-america.com\/site\/mexico\/wp-json\/wp\/v2\/comments?post=8308"}],"version-history":[{"count":1,"href":"https:\/\/noti-america.com\/site\/mexico\/wp-json\/wp\/v2\/posts\/8308\/revisions"}],"predecessor-version":[{"id":8310,"href":"https:\/\/noti-america.com\/site\/mexico\/wp-json\/wp\/v2\/posts\/8308\/revisions\/8310"}],"wp:featuredmedia":[{"embeddable":true,"href":"https:\/\/noti-america.com\/site\/mexico\/wp-json\/wp\/v2\/media\/8309"}],"wp:attachment":[{"href":"https:\/\/noti-america.com\/site\/mexico\/wp-json\/wp\/v2\/media?parent=8308"}],"wp:term":[{"taxonomy":"category","embeddable":true,"href":"https:\/\/noti-america.com\/site\/mexico\/wp-json\/wp\/v2\/categories?post=8308"},{"taxonomy":"post_tag","embeddable":true,"href":"https:\/\/noti-america.com\/site\/mexico\/wp-json\/wp\/v2\/tags?post=8308"}],"curies":[{"name":"wp","href":"https:\/\/api.w.org\/{rel}","templated":true}]}}