{"id":8304,"date":"2022-09-06T02:44:35","date_gmt":"2022-09-06T02:44:35","guid":{"rendered":"https:\/\/noti-america.com\/site\/mexico\/?p=8304"},"modified":"2022-09-06T02:55:21","modified_gmt":"2022-09-06T02:55:21","slug":"el-rey-azul-emmanuel-regresa-a-venezuela-por-todo-lo-alto","status":"publish","type":"post","link":"https:\/\/noti-america.com\/site\/mexico\/2022\/09\/06\/el-rey-azul-emmanuel-regresa-a-venezuela-por-todo-lo-alto\/","title":{"rendered":"\u00abEl rey azul\u201d, Emmanuel regresa a Venezuela por todo lo alto"},"content":{"rendered":"<p><strong>Emmanuel<\/strong>\u00a0regresa a Venezuela el pr\u00f3ximo\u00a0<strong>27 de octubre<\/strong>\u00a0con un concierto en el majestuoso Teatro Teresa Carre\u00f1o de Caracas y el\u00a0<strong>28<\/strong>\u00a0del mismo mes en el Hotel Hesperia de Valencia.<\/p>\n<p>&nbsp;<\/p>\n<p><strong>\u201cChica de humo\u201d, \u201cBella se\u00f1ora\u201d, \u201cToda la vida\u201d<\/strong>\u00a0y 30 \u00e9xitos continentales m\u00e1s traer\u00e1 consigo este artista internacional de gran renombre.<\/p>\n<p>&nbsp;<\/p>\n<p>El regreso de Emmanuel fue a petici\u00f3n del p\u00fablico, quienes despu\u00e9s del sabor de su anterior concierto, en el que realiz\u00f3 SOLD OUT r\u00e1pidamente, quedaron con las ganas de ver \u201cEl show del a\u00f1o\u201d y el pr\u00f3ximo mes OZ producciones y True Company lo vuelven hacer posible junto a Cobi e Imperio Group.<\/p>\n<p>&nbsp;<\/p>\n<p>\u201cFueron muchas canciones, \u00e9xitos que no pudimos interpretar aquella vez por cuestiones de tiempo. En esta oportunidad las haremos, porque se lo merecen. Venezuela siempre ha estado en un lugar especial en mi coraz\u00f3n\u201d, expuso Emmanuel, el primer artista latinoamericano en grabar un videoclip a principios de la d\u00e9cada de los ochenta.<\/p>\n<p>&nbsp;<\/p>\n<p>Las entradas est\u00e1n a la venta en Caracas por\u00a0<a href=\"http:\/\/maketickets.com.ve\/\">Maketickets.com.ve<\/a>\u00a0y en Valencia a trav\u00e9s de\u00a0<a href=\"http:\/\/miticket.com.ve\/\">Miticket.com.ve<\/a><\/p>\n","protected":false},"excerpt":{"rendered":"<p>Emmanuel\u00a0regresa a Venezuela el pr\u00f3ximo\u00a027 de octubre\u00a0con un concierto en el majestuoso Teatro Teresa Carre\u00f1o de Caracas y el\u00a028\u00a0del mismo mes en el Hotel Hesperia de Valencia. &nbsp; \u201cChica de humo\u201d, \u201cBella se\u00f1ora\u201d, \u201cToda&#46;&#46;&#46;<\/p>\n","protected":false},"author":127,"featured_media":8305,"comment_status":"open","ping_status":"open","sticky":false,"template":"","format":"image","meta":{"_acf_changed":false,"om_disable_all_campaigns":false,"rop_custom_images_group":[],"rop_custom_messages_group":[],"rop_publish_now":"initial","rop_publish_now_accounts":{"twitter_242054905_242054905":""},"rop_publish_now_history":[],"rop_publish_now_status":"pending","_uf_show_specific_survey":0,"_uf_disable_surveys":false,"footnotes":""},"categories":[56],"tags":[],"class_list":["post-8304","post","type-post","status-publish","format-image","has-post-thumbnail","hentry","category-farandula","post_format-post-format-image"],"acf":[],"aioseo_notices":[],"yoast_head":"<!-- This site is optimized with the Yoast SEO Premium plugin v24.9 (Yoast SEO v27.2) - https:\/\/yoast.com\/product\/yoast-seo-premium-wordpress\/ -->\n<title>&quot;El rey azul\u201d, Emmanuel regresa a Venezuela por todo lo alto - M\u00e9xico<\/title>\n<meta name=\"robots\" content=\"index, follow, max-snippet:-1, max-image-preview:large, max-video-preview:-1\" \/>\n<link rel=\"canonical\" href=\"https:\/\/noti-america.com\/site\/mexico\/2022\/09\/06\/el-rey-azul-emmanuel-regresa-a-venezuela-por-todo-lo-alto\/\" \/>\n<meta property=\"og:locale\" content=\"es_ES\" \/>\n<meta property=\"og:type\" content=\"article\" \/>\n<meta property=\"og:title\" content=\"&quot;El rey azul\u201d, Emmanuel regresa a Venezuela por todo lo alto\" \/>\n<meta property=\"og:description\" content=\"Emmanuel\u00a0regresa a Venezuela el pr\u00f3ximo\u00a027 de octubre\u00a0con un concierto en el majestuoso Teatro Teresa Carre\u00f1o de Caracas y el\u00a028\u00a0del mismo mes en el Hotel Hesperia de Valencia. &nbsp; \u201cChica de humo\u201d, \u201cBella se\u00f1ora\u201d, \u201cToda&#046;&#046;&#046;\" \/>\n<meta property=\"og:url\" content=\"https:\/\/noti-america.com\/site\/mexico\/2022\/09\/06\/el-rey-azul-emmanuel-regresa-a-venezuela-por-todo-lo-alto\/\" \/>\n<meta property=\"og:site_name\" content=\"M\u00e9xico\" \/>\n<meta property=\"article:published_time\" content=\"2022-09-06T02:44:35+00:00\" \/>\n<meta property=\"article:modified_time\" content=\"2022-09-06T02:55:21+00:00\" \/>\n<meta property=\"og:image\" content=\"https:\/\/noti-america.com\/site\/mexico\/wp-content\/uploads\/sites\/13\/2022\/09\/1-46.jpg\" \/>\n\t<meta property=\"og:image:width\" content=\"1596\" \/>\n\t<meta property=\"og:image:height\" content=\"1064\" \/>\n\t<meta property=\"og:image:type\" content=\"image\/jpeg\" \/>\n<meta name=\"author\" content=\"Yoelvzla\" \/>\n<meta name=\"twitter:card\" content=\"summary_large_image\" \/>\n<meta name=\"twitter:label1\" content=\"Escrito por\" \/>\n\t<meta name=\"twitter:data1\" content=\"Yoelvzla\" \/>\n\t<meta name=\"twitter:label2\" content=\"Tiempo estimado de lectura\" \/>\n\t<meta name=\"twitter:data2\" content=\"1 minuto\" \/>\n<script type=\"application\/ld+json\" class=\"yoast-schema-graph\">{\"@context\":\"https:\/\/schema.org\",\"@graph\":[{\"@type\":\"Article\",\"@id\":\"https:\/\/noti-america.com\/site\/mexico\/2022\/09\/06\/el-rey-azul-emmanuel-regresa-a-venezuela-por-todo-lo-alto\/#article\",\"isPartOf\":{\"@id\":\"https:\/\/noti-america.com\/site\/mexico\/2022\/09\/06\/el-rey-azul-emmanuel-regresa-a-venezuela-por-todo-lo-alto\/\"},\"author\":{\"name\":\"Yoelvzla\",\"@id\":\"https:\/\/noti-america.com\/site\/mexico\/#\/schema\/person\/376ccc7b3cc7a8d5a43c3ece07a43857\"},\"headline\":\"\u00abEl rey azul\u201d, Emmanuel regresa a Venezuela por todo lo alto\",\"datePublished\":\"2022-09-06T02:44:35+00:00\",\"dateModified\":\"2022-09-06T02:55:21+00:00\",\"mainEntityOfPage\":{\"@id\":\"https:\/\/noti-america.com\/site\/mexico\/2022\/09\/06\/el-rey-azul-emmanuel-regresa-a-venezuela-por-todo-lo-alto\/\"},\"wordCount\":205,\"commentCount\":0,\"publisher\":{\"@id\":\"https:\/\/noti-america.com\/site\/mexico\/#organization\"},\"image\":{\"@id\":\"https:\/\/noti-america.com\/site\/mexico\/2022\/09\/06\/el-rey-azul-emmanuel-regresa-a-venezuela-por-todo-lo-alto\/#primaryimage\"},\"thumbnailUrl\":\"https:\/\/noti-america.com\/site\/mexico\/wp-content\/uploads\/sites\/13\/2022\/09\/1-46.jpg\",\"articleSection\":[\"Far\u00e1ndula\"],\"inLanguage\":\"es\",\"potentialAction\":[{\"@type\":\"CommentAction\",\"name\":\"Comment\",\"target\":[\"https:\/\/noti-america.com\/site\/mexico\/2022\/09\/06\/el-rey-azul-emmanuel-regresa-a-venezuela-por-todo-lo-alto\/#respond\"]}]},{\"@type\":\"WebPage\",\"@id\":\"https:\/\/noti-america.com\/site\/mexico\/2022\/09\/06\/el-rey-azul-emmanuel-regresa-a-venezuela-por-todo-lo-alto\/\",\"url\":\"https:\/\/noti-america.com\/site\/mexico\/2022\/09\/06\/el-rey-azul-emmanuel-regresa-a-venezuela-por-todo-lo-alto\/\",\"name\":\"\\\"El rey azul\u201d, Emmanuel regresa a Venezuela por todo lo alto - M\u00e9xico\",\"isPartOf\":{\"@id\":\"https:\/\/noti-america.com\/site\/mexico\/#website\"},\"primaryImageOfPage\":{\"@id\":\"https:\/\/noti-america.com\/site\/mexico\/2022\/09\/06\/el-rey-azul-emmanuel-regresa-a-venezuela-por-todo-lo-alto\/#primaryimage\"},\"image\":{\"@id\":\"https:\/\/noti-america.com\/site\/mexico\/2022\/09\/06\/el-rey-azul-emmanuel-regresa-a-venezuela-por-todo-lo-alto\/#primaryimage\"},\"thumbnailUrl\":\"https:\/\/noti-america.com\/site\/mexico\/wp-content\/uploads\/sites\/13\/2022\/09\/1-46.jpg\",\"datePublished\":\"2022-09-06T02:44:35+00:00\",\"dateModified\":\"2022-09-06T02:55:21+00:00\",\"breadcrumb\":{\"@id\":\"https:\/\/noti-america.com\/site\/mexico\/2022\/09\/06\/el-rey-azul-emmanuel-regresa-a-venezuela-por-todo-lo-alto\/#breadcrumb\"},\"inLanguage\":\"es\",\"potentialAction\":[{\"@type\":\"ReadAction\",\"target\":[\"https:\/\/noti-america.com\/site\/mexico\/2022\/09\/06\/el-rey-azul-emmanuel-regresa-a-venezuela-por-todo-lo-alto\/\"]}]},{\"@type\":\"ImageObject\",\"inLanguage\":\"es\",\"@id\":\"https:\/\/noti-america.com\/site\/mexico\/2022\/09\/06\/el-rey-azul-emmanuel-regresa-a-venezuela-por-todo-lo-alto\/#primaryimage\",\"url\":\"https:\/\/noti-america.com\/site\/mexico\/wp-content\/uploads\/sites\/13\/2022\/09\/1-46.jpg\",\"contentUrl\":\"https:\/\/noti-america.com\/site\/mexico\/wp-content\/uploads\/sites\/13\/2022\/09\/1-46.jpg\",\"width\":1596,\"height\":1064},{\"@type\":\"BreadcrumbList\",\"@id\":\"https:\/\/noti-america.com\/site\/mexico\/2022\/09\/06\/el-rey-azul-emmanuel-regresa-a-venezuela-por-todo-lo-alto\/#breadcrumb\",\"itemListElement\":[{\"@type\":\"ListItem\",\"position\":1,\"name\":\"Portada\",\"item\":\"https:\/\/noti-america.com\/site\/mexico\/\"},{\"@type\":\"ListItem\",\"position\":2,\"name\":\"\u00abEl rey azul\u201d, Emmanuel regresa a Venezuela por todo lo alto\"}]},{\"@type\":\"WebSite\",\"@id\":\"https:\/\/noti-america.com\/site\/mexico\/#website\",\"url\":\"https:\/\/noti-america.com\/site\/mexico\/\",\"name\":\"M\u00e9xico | Noti-America.com\",\"description\":\"\",\"publisher\":{\"@id\":\"https:\/\/noti-america.com\/site\/mexico\/#organization\"},\"potentialAction\":[{\"@type\":\"SearchAction\",\"target\":{\"@type\":\"EntryPoint\",\"urlTemplate\":\"https:\/\/noti-america.com\/site\/mexico\/?s={search_term_string}\"},\"query-input\":{\"@type\":\"PropertyValueSpecification\",\"valueRequired\":true,\"valueName\":\"search_term_string\"}}],\"inLanguage\":\"es\"},{\"@type\":\"Organization\",\"@id\":\"https:\/\/noti-america.com\/site\/mexico\/#organization\",\"name\":\"Noti-America LLC | M\u00e9xico\",\"url\":\"https:\/\/noti-america.com\/site\/mexico\/\",\"logo\":{\"@type\":\"ImageObject\",\"inLanguage\":\"es\",\"@id\":\"https:\/\/noti-america.com\/site\/mexico\/#\/schema\/logo\/image\/\",\"url\":\"https:\/\/noti-america.com\/site\/mexico\/wp-content\/uploads\/sites\/13\/2020\/07\/LogoNA-4x3-1.jpg\",\"contentUrl\":\"https:\/\/noti-america.com\/site\/mexico\/wp-content\/uploads\/sites\/13\/2020\/07\/LogoNA-4x3-1.jpg\",\"width\":1236,\"height\":1080,\"caption\":\"Noti-America LLC | M\u00e9xico\"},\"image\":{\"@id\":\"https:\/\/noti-america.com\/site\/mexico\/#\/schema\/logo\/image\/\"}},{\"@type\":\"Person\",\"@id\":\"https:\/\/noti-america.com\/site\/mexico\/#\/schema\/person\/376ccc7b3cc7a8d5a43c3ece07a43857\",\"name\":\"Yoelvzla\",\"image\":{\"@type\":\"ImageObject\",\"inLanguage\":\"es\",\"@id\":\"https:\/\/secure.gravatar.com\/avatar\/13a96a72123e0e9aa76fe82e8847f726c63a1c5ef6a8d0fadd844c1a5a83b212?s=96&d=mm&r=g\",\"url\":\"https:\/\/secure.gravatar.com\/avatar\/13a96a72123e0e9aa76fe82e8847f726c63a1c5ef6a8d0fadd844c1a5a83b212?s=96&d=mm&r=g\",\"contentUrl\":\"https:\/\/secure.gravatar.com\/avatar\/13a96a72123e0e9aa76fe82e8847f726c63a1c5ef6a8d0fadd844c1a5a83b212?s=96&d=mm&r=g\",\"caption\":\"Yoelvzla\"},\"url\":\"https:\/\/noti-america.com\/site\/mexico\/author\/ydiaz\/\"}]}<\/script>\n<!-- \/ Yoast SEO Premium plugin. -->","yoast_head_json":{"title":"\"El rey azul\u201d, Emmanuel regresa a Venezuela por todo lo alto - M\u00e9xico","robots":{"index":"index","follow":"follow","max-snippet":"max-snippet:-1","max-image-preview":"max-image-preview:large","max-video-preview":"max-video-preview:-1"},"canonical":"https:\/\/noti-america.com\/site\/mexico\/2022\/09\/06\/el-rey-azul-emmanuel-regresa-a-venezuela-por-todo-lo-alto\/","og_locale":"es_ES","og_type":"article","og_title":"\"El rey azul\u201d, Emmanuel regresa a Venezuela por todo lo alto","og_description":"Emmanuel\u00a0regresa a Venezuela el pr\u00f3ximo\u00a027 de octubre\u00a0con un concierto en el majestuoso Teatro Teresa Carre\u00f1o de Caracas y el\u00a028\u00a0del mismo mes en el Hotel Hesperia de Valencia. &nbsp; \u201cChica de humo\u201d, \u201cBella se\u00f1ora\u201d, \u201cToda&#46;&#46;&#46;","og_url":"https:\/\/noti-america.com\/site\/mexico\/2022\/09\/06\/el-rey-azul-emmanuel-regresa-a-venezuela-por-todo-lo-alto\/","og_site_name":"M\u00e9xico","article_published_time":"2022-09-06T02:44:35+00:00","article_modified_time":"2022-09-06T02:55:21+00:00","og_image":[{"width":1596,"height":1064,"url":"https:\/\/noti-america.com\/site\/mexico\/wp-content\/uploads\/sites\/13\/2022\/09\/1-46.jpg","type":"image\/jpeg"}],"author":"Yoelvzla","twitter_card":"summary_large_image","twitter_misc":{"Escrito por":"Yoelvzla","Tiempo estimado de lectura":"1 minuto"},"schema":{"@context":"https:\/\/schema.org","@graph":[{"@type":"Article","@id":"https:\/\/noti-america.com\/site\/mexico\/2022\/09\/06\/el-rey-azul-emmanuel-regresa-a-venezuela-por-todo-lo-alto\/#article","isPartOf":{"@id":"https:\/\/noti-america.com\/site\/mexico\/2022\/09\/06\/el-rey-azul-emmanuel-regresa-a-venezuela-por-todo-lo-alto\/"},"author":{"name":"Yoelvzla","@id":"https:\/\/noti-america.com\/site\/mexico\/#\/schema\/person\/376ccc7b3cc7a8d5a43c3ece07a43857"},"headline":"\u00abEl rey azul\u201d, Emmanuel regresa a Venezuela por todo lo alto","datePublished":"2022-09-06T02:44:35+00:00","dateModified":"2022-09-06T02:55:21+00:00","mainEntityOfPage":{"@id":"https:\/\/noti-america.com\/site\/mexico\/2022\/09\/06\/el-rey-azul-emmanuel-regresa-a-venezuela-por-todo-lo-alto\/"},"wordCount":205,"commentCount":0,"publisher":{"@id":"https:\/\/noti-america.com\/site\/mexico\/#organization"},"image":{"@id":"https:\/\/noti-america.com\/site\/mexico\/2022\/09\/06\/el-rey-azul-emmanuel-regresa-a-venezuela-por-todo-lo-alto\/#primaryimage"},"thumbnailUrl":"https:\/\/noti-america.com\/site\/mexico\/wp-content\/uploads\/sites\/13\/2022\/09\/1-46.jpg","articleSection":["Far\u00e1ndula"],"inLanguage":"es","potentialAction":[{"@type":"CommentAction","name":"Comment","target":["https:\/\/noti-america.com\/site\/mexico\/2022\/09\/06\/el-rey-azul-emmanuel-regresa-a-venezuela-por-todo-lo-alto\/#respond"]}]},{"@type":"WebPage","@id":"https:\/\/noti-america.com\/site\/mexico\/2022\/09\/06\/el-rey-azul-emmanuel-regresa-a-venezuela-por-todo-lo-alto\/","url":"https:\/\/noti-america.com\/site\/mexico\/2022\/09\/06\/el-rey-azul-emmanuel-regresa-a-venezuela-por-todo-lo-alto\/","name":"\"El rey azul\u201d, Emmanuel regresa a Venezuela por todo lo alto - M\u00e9xico","isPartOf":{"@id":"https:\/\/noti-america.com\/site\/mexico\/#website"},"primaryImageOfPage":{"@id":"https:\/\/noti-america.com\/site\/mexico\/2022\/09\/06\/el-rey-azul-emmanuel-regresa-a-venezuela-por-todo-lo-alto\/#primaryimage"},"image":{"@id":"https:\/\/noti-america.com\/site\/mexico\/2022\/09\/06\/el-rey-azul-emmanuel-regresa-a-venezuela-por-todo-lo-alto\/#primaryimage"},"thumbnailUrl":"https:\/\/noti-america.com\/site\/mexico\/wp-content\/uploads\/sites\/13\/2022\/09\/1-46.jpg","datePublished":"2022-09-06T02:44:35+00:00","dateModified":"2022-09-06T02:55:21+00:00","breadcrumb":{"@id":"https:\/\/noti-america.com\/site\/mexico\/2022\/09\/06\/el-rey-azul-emmanuel-regresa-a-venezuela-por-todo-lo-alto\/#breadcrumb"},"inLanguage":"es","potentialAction":[{"@type":"ReadAction","target":["https:\/\/noti-america.com\/site\/mexico\/2022\/09\/06\/el-rey-azul-emmanuel-regresa-a-venezuela-por-todo-lo-alto\/"]}]},{"@type":"ImageObject","inLanguage":"es","@id":"https:\/\/noti-america.com\/site\/mexico\/2022\/09\/06\/el-rey-azul-emmanuel-regresa-a-venezuela-por-todo-lo-alto\/#primaryimage","url":"https:\/\/noti-america.com\/site\/mexico\/wp-content\/uploads\/sites\/13\/2022\/09\/1-46.jpg","contentUrl":"https:\/\/noti-america.com\/site\/mexico\/wp-content\/uploads\/sites\/13\/2022\/09\/1-46.jpg","width":1596,"height":1064},{"@type":"BreadcrumbList","@id":"https:\/\/noti-america.com\/site\/mexico\/2022\/09\/06\/el-rey-azul-emmanuel-regresa-a-venezuela-por-todo-lo-alto\/#breadcrumb","itemListElement":[{"@type":"ListItem","position":1,"name":"Portada","item":"https:\/\/noti-america.com\/site\/mexico\/"},{"@type":"ListItem","position":2,"name":"\u00abEl rey azul\u201d, Emmanuel regresa a Venezuela por todo lo alto"}]},{"@type":"WebSite","@id":"https:\/\/noti-america.com\/site\/mexico\/#website","url":"https:\/\/noti-america.com\/site\/mexico\/","name":"M\u00e9xico | Noti-America.com","description":"","publisher":{"@id":"https:\/\/noti-america.com\/site\/mexico\/#organization"},"potentialAction":[{"@type":"SearchAction","target":{"@type":"EntryPoint","urlTemplate":"https:\/\/noti-america.com\/site\/mexico\/?s={search_term_string}"},"query-input":{"@type":"PropertyValueSpecification","valueRequired":true,"valueName":"search_term_string"}}],"inLanguage":"es"},{"@type":"Organization","@id":"https:\/\/noti-america.com\/site\/mexico\/#organization","name":"Noti-America LLC | M\u00e9xico","url":"https:\/\/noti-america.com\/site\/mexico\/","logo":{"@type":"ImageObject","inLanguage":"es","@id":"https:\/\/noti-america.com\/site\/mexico\/#\/schema\/logo\/image\/","url":"https:\/\/noti-america.com\/site\/mexico\/wp-content\/uploads\/sites\/13\/2020\/07\/LogoNA-4x3-1.jpg","contentUrl":"https:\/\/noti-america.com\/site\/mexico\/wp-content\/uploads\/sites\/13\/2020\/07\/LogoNA-4x3-1.jpg","width":1236,"height":1080,"caption":"Noti-America LLC | M\u00e9xico"},"image":{"@id":"https:\/\/noti-america.com\/site\/mexico\/#\/schema\/logo\/image\/"}},{"@type":"Person","@id":"https:\/\/noti-america.com\/site\/mexico\/#\/schema\/person\/376ccc7b3cc7a8d5a43c3ece07a43857","name":"Yoelvzla","image":{"@type":"ImageObject","inLanguage":"es","@id":"https:\/\/secure.gravatar.com\/avatar\/13a96a72123e0e9aa76fe82e8847f726c63a1c5ef6a8d0fadd844c1a5a83b212?s=96&d=mm&r=g","url":"https:\/\/secure.gravatar.com\/avatar\/13a96a72123e0e9aa76fe82e8847f726c63a1c5ef6a8d0fadd844c1a5a83b212?s=96&d=mm&r=g","contentUrl":"https:\/\/secure.gravatar.com\/avatar\/13a96a72123e0e9aa76fe82e8847f726c63a1c5ef6a8d0fadd844c1a5a83b212?s=96&d=mm&r=g","caption":"Yoelvzla"},"url":"https:\/\/noti-america.com\/site\/mexico\/author\/ydiaz\/"}]}},"_links":{"self":[{"href":"https:\/\/noti-america.com\/site\/mexico\/wp-json\/wp\/v2\/posts\/8304","targetHints":{"allow":["GET"]}}],"collection":[{"href":"https:\/\/noti-america.com\/site\/mexico\/wp-json\/wp\/v2\/posts"}],"about":[{"href":"https:\/\/noti-america.com\/site\/mexico\/wp-json\/wp\/v2\/types\/post"}],"author":[{"embeddable":true,"href":"https:\/\/noti-america.com\/site\/mexico\/wp-json\/wp\/v2\/users\/127"}],"replies":[{"embeddable":true,"href":"https:\/\/noti-america.com\/site\/mexico\/wp-json\/wp\/v2\/comments?post=8304"}],"version-history":[{"count":3,"href":"https:\/\/noti-america.com\/site\/mexico\/wp-json\/wp\/v2\/posts\/8304\/revisions"}],"predecessor-version":[{"id":8314,"href":"https:\/\/noti-america.com\/site\/mexico\/wp-json\/wp\/v2\/posts\/8304\/revisions\/8314"}],"wp:featuredmedia":[{"embeddable":true,"href":"https:\/\/noti-america.com\/site\/mexico\/wp-json\/wp\/v2\/media\/8305"}],"wp:attachment":[{"href":"https:\/\/noti-america.com\/site\/mexico\/wp-json\/wp\/v2\/media?parent=8304"}],"wp:term":[{"taxonomy":"category","embeddable":true,"href":"https:\/\/noti-america.com\/site\/mexico\/wp-json\/wp\/v2\/categories?post=8304"},{"taxonomy":"post_tag","embeddable":true,"href":"https:\/\/noti-america.com\/site\/mexico\/wp-json\/wp\/v2\/tags?post=8304"}],"curies":[{"name":"wp","href":"https:\/\/api.w.org\/{rel}","templated":true}]}}