{"id":8301,"date":"2022-09-05T17:01:35","date_gmt":"2022-09-05T17:01:35","guid":{"rendered":"https:\/\/noti-america.com\/site\/mexico\/?p=8301"},"modified":"2022-09-05T17:01:35","modified_gmt":"2022-09-05T17:01:35","slug":"musical-productions-mp-presenta-tito-rojas-me-tienes-que-recordar","status":"publish","type":"post","link":"https:\/\/noti-america.com\/site\/mexico\/2022\/09\/05\/musical-productions-mp-presenta-tito-rojas-me-tienes-que-recordar\/","title":{"rendered":"Musical Productions MP presenta Tito Rojas \u00abMe tienes que recordar\u00bb"},"content":{"rendered":"<table width=\"100%\">\n<tbody>\n<tr>\n<td width=\"602\"><strong>Musical Productions,<\/strong>\u00a0la casa de los grandes salseros en el mundo, lanzan al mercado musical la versi\u00f3n salsa del tema \u00abMe tienes que recordar\u00bb, interpretada en bolero por el siempre recordado\u00a0<strong>\u00abGallo Salsero\u00bb Tito Rojas<\/strong>, en el concierto dado el 6 de septiembre del a\u00f1o 2000 en el Pier 10 de San Juan, aut\u00e9nticamente en vivo.<\/p>\n<p>\u00abMe tienes que recordar\u00bb es una canci\u00f3n cl\u00e1sica, compuesta por el gran dominicano,\u00a0<strong>Luis Kalaff<\/strong>\u00a0y que luego fue grabada por el matancero de Cuba,\u00a0<strong>Justo Betancourt<\/strong>, incluida en su disco \u00abLo sabemos\u00bb en el a\u00f1o 1975, artista que luego bautiz\u00f3 a Tito Rojas con su apodo universal \u00abEl Gallo\u00bb, y que m\u00e1s adelante se uni\u00f3 familiarmente como compadres cuando integraron la\u00a0<strong>Orquesta Borincuba<\/strong>.<\/p>\n<p>Esta versi\u00f3n en salsa surge debido al homenaje realizado en Puerto Rico al \u201cGallo Salsero\u201d, en el aniversario de la salsa 2022 hecho por la emisora radial Salsoul FM, y que reuni\u00f3 a grandes artistas del sello MP All Stars; junto a su directiva los hermanos\u00a0<strong>Juan y Nelson<\/strong>\u00a0de\u00a0<strong>JN MUSIC GROUP<\/strong>\u00a0y el productor musical\u00a0<strong>Julio Gunda Merced,<\/strong>\u00a0quien por a\u00f1os fuera el productor musical de Musical Productions.<\/p>\n<p>Esta canci\u00f3n cuenta con la voz original del Gallo, extra\u00edda de un cassette y llevada a un formato digital, en donde el m\u00fasico y arreglista Gunda Merced, le hizo la adaptaci\u00f3n en Salsa y con el mismo sello y esencia de todos los \u00e9xitos del artista que lo hicieron ser un icono en la salsa.<\/p>\n<p>El video fue realizado por\u00a0<strong>Oscar Enriquez,<\/strong>\u00a0quien es el encargado del departamento de videos en JN Music Group, y se enfatiz\u00f3 en tomar todos los mejores momentos de Tito en su carrera, acompa\u00f1ado por fotograf\u00edas escogidas y sugeridas por sus hijas y esposa.<\/p>\n<p>Cabe destacar que los Hermanos Juan y Nelson, son los propietarios de todo el cat\u00e1logo musical de este legendario cantante, pudiendo tener la dicha de haber logrado la \u00faltima grabaci\u00f3n en vida del tema \u00abPasito Tun Tun\u00bb junto a la\u00a0<strong>Orquesta Billos Caracas Boys<\/strong>\u00a0en el \u00e1lbum \u00abLegendarios\u00bb, disco que fuera nominado en los Latin GRAMMY\u00ae del a\u00f1o 2021, como \u00abMejor \u00c1lbum Tropical Contempor\u00e1neo\u00bb.<\/td>\n<\/tr>\n<tr>\n<td width=\"602\"><\/td>\n<\/tr>\n<\/tbody>\n<\/table>\n<p>&nbsp;<\/p>\n<table width=\"100%\">\n<tbody>\n<tr>\n<td width=\"602\">La hija de Tito Rojas,\u00a0<strong>Jessica Rojas<\/strong>\u00a0quien manej\u00f3 los hilos de su carrera en los \u00faltimos a\u00f1os, expres\u00f3 \u00able doy las gracias a Dios por la vida de cada uno de ustedes sus seguidores, por todo el cari\u00f1o y el apoyo, que cantan cada una de sus canciones y por mantener a mi papa vivo, este legado no muere, agradecida siempre a su casa disquera por este homenaje, \u00e9l sabe que siempre vivir\u00e1 en nuestros corazones\u00bb.<\/p>\n<p>El legado de Tito contin\u00faa en manos de su casa disquera y familia, con grandes sorpresas para sus seguidores, tal como dec\u00eda \u00abDale Pa\u2019 Bajo y Coge Pa\u2019 tu Casa\u00bb.<\/td>\n<\/tr>\n<\/tbody>\n<\/table>\n","protected":false},"excerpt":{"rendered":"<p>Musical Productions,\u00a0la casa de los grandes salseros en el mundo, lanzan al mercado musical la versi\u00f3n salsa del tema \u00abMe tienes que recordar\u00bb, interpretada en bolero por el siempre recordado\u00a0\u00abGallo Salsero\u00bb Tito Rojas, en&#46;&#46;&#46;<\/p>\n","protected":false},"author":127,"featured_media":8302,"comment_status":"open","ping_status":"open","sticky":false,"template":"","format":"image","meta":{"_acf_changed":false,"om_disable_all_campaigns":false,"rop_custom_images_group":[],"rop_custom_messages_group":[],"rop_publish_now":"initial","rop_publish_now_accounts":{"twitter_242054905_242054905":""},"rop_publish_now_history":[],"rop_publish_now_status":"pending","_uf_show_specific_survey":0,"_uf_disable_surveys":false,"footnotes":""},"categories":[38],"tags":[],"class_list":["post-8301","post","type-post","status-publish","format-image","has-post-thumbnail","hentry","category-musica","post_format-post-format-image"],"acf":[],"aioseo_notices":[],"yoast_head":"<!-- This site is optimized with the Yoast SEO Premium plugin v24.9 (Yoast SEO v27.2) - https:\/\/yoast.com\/product\/yoast-seo-premium-wordpress\/ -->\n<title>Musical Productions MP presenta Tito Rojas &quot;Me tienes que recordar&quot; - M\u00e9xico<\/title>\n<meta name=\"robots\" content=\"index, follow, max-snippet:-1, max-image-preview:large, max-video-preview:-1\" \/>\n<link rel=\"canonical\" href=\"https:\/\/noti-america.com\/site\/mexico\/2022\/09\/05\/musical-productions-mp-presenta-tito-rojas-me-tienes-que-recordar\/\" \/>\n<meta property=\"og:locale\" content=\"es_ES\" \/>\n<meta property=\"og:type\" content=\"article\" \/>\n<meta property=\"og:title\" content=\"Musical Productions MP presenta Tito Rojas &quot;Me tienes que recordar&quot;\" \/>\n<meta property=\"og:description\" content=\"Musical Productions,\u00a0la casa de los grandes salseros en el mundo, lanzan al mercado musical la versi\u00f3n salsa del tema \u00abMe tienes que recordar\u00bb, interpretada en bolero por el siempre recordado\u00a0\u00abGallo Salsero\u00bb Tito Rojas, en&#046;&#046;&#046;\" \/>\n<meta property=\"og:url\" content=\"https:\/\/noti-america.com\/site\/mexico\/2022\/09\/05\/musical-productions-mp-presenta-tito-rojas-me-tienes-que-recordar\/\" \/>\n<meta property=\"og:site_name\" content=\"M\u00e9xico\" \/>\n<meta property=\"article:published_time\" content=\"2022-09-05T17:01:35+00:00\" \/>\n<meta property=\"og:image\" content=\"https:\/\/noti-america.com\/site\/mexico\/wp-content\/uploads\/sites\/13\/2022\/09\/COVER-ME-TIENES-QUE-RECORDAR-TITO-ROJAS-scaled.jpg\" \/>\n\t<meta property=\"og:image:width\" content=\"2560\" \/>\n\t<meta property=\"og:image:height\" content=\"2560\" \/>\n\t<meta property=\"og:image:type\" content=\"image\/jpeg\" \/>\n<meta name=\"author\" content=\"Yoelvzla\" \/>\n<meta name=\"twitter:card\" content=\"summary_large_image\" \/>\n<meta name=\"twitter:label1\" content=\"Escrito por\" \/>\n\t<meta name=\"twitter:data1\" content=\"Yoelvzla\" \/>\n\t<meta name=\"twitter:label2\" content=\"Tiempo estimado de lectura\" \/>\n\t<meta name=\"twitter:data2\" content=\"3 minutos\" \/>\n<script type=\"application\/ld+json\" class=\"yoast-schema-graph\">{\"@context\":\"https:\/\/schema.org\",\"@graph\":[{\"@type\":\"Article\",\"@id\":\"https:\/\/noti-america.com\/site\/mexico\/2022\/09\/05\/musical-productions-mp-presenta-tito-rojas-me-tienes-que-recordar\/#article\",\"isPartOf\":{\"@id\":\"https:\/\/noti-america.com\/site\/mexico\/2022\/09\/05\/musical-productions-mp-presenta-tito-rojas-me-tienes-que-recordar\/\"},\"author\":{\"name\":\"Yoelvzla\",\"@id\":\"https:\/\/noti-america.com\/site\/mexico\/#\/schema\/person\/376ccc7b3cc7a8d5a43c3ece07a43857\"},\"headline\":\"Musical Productions MP presenta Tito Rojas \u00abMe tienes que recordar\u00bb\",\"datePublished\":\"2022-09-05T17:01:35+00:00\",\"mainEntityOfPage\":{\"@id\":\"https:\/\/noti-america.com\/site\/mexico\/2022\/09\/05\/musical-productions-mp-presenta-tito-rojas-me-tienes-que-recordar\/\"},\"wordCount\":488,\"commentCount\":0,\"publisher\":{\"@id\":\"https:\/\/noti-america.com\/site\/mexico\/#organization\"},\"image\":{\"@id\":\"https:\/\/noti-america.com\/site\/mexico\/2022\/09\/05\/musical-productions-mp-presenta-tito-rojas-me-tienes-que-recordar\/#primaryimage\"},\"thumbnailUrl\":\"https:\/\/noti-america.com\/site\/mexico\/wp-content\/uploads\/sites\/13\/2022\/09\/COVER-ME-TIENES-QUE-RECORDAR-TITO-ROJAS-scaled.jpg\",\"articleSection\":[\"M\u00fasica\"],\"inLanguage\":\"es\",\"potentialAction\":[{\"@type\":\"CommentAction\",\"name\":\"Comment\",\"target\":[\"https:\/\/noti-america.com\/site\/mexico\/2022\/09\/05\/musical-productions-mp-presenta-tito-rojas-me-tienes-que-recordar\/#respond\"]}]},{\"@type\":\"WebPage\",\"@id\":\"https:\/\/noti-america.com\/site\/mexico\/2022\/09\/05\/musical-productions-mp-presenta-tito-rojas-me-tienes-que-recordar\/\",\"url\":\"https:\/\/noti-america.com\/site\/mexico\/2022\/09\/05\/musical-productions-mp-presenta-tito-rojas-me-tienes-que-recordar\/\",\"name\":\"Musical Productions MP presenta Tito Rojas \\\"Me tienes que recordar\\\" - M\u00e9xico\",\"isPartOf\":{\"@id\":\"https:\/\/noti-america.com\/site\/mexico\/#website\"},\"primaryImageOfPage\":{\"@id\":\"https:\/\/noti-america.com\/site\/mexico\/2022\/09\/05\/musical-productions-mp-presenta-tito-rojas-me-tienes-que-recordar\/#primaryimage\"},\"image\":{\"@id\":\"https:\/\/noti-america.com\/site\/mexico\/2022\/09\/05\/musical-productions-mp-presenta-tito-rojas-me-tienes-que-recordar\/#primaryimage\"},\"thumbnailUrl\":\"https:\/\/noti-america.com\/site\/mexico\/wp-content\/uploads\/sites\/13\/2022\/09\/COVER-ME-TIENES-QUE-RECORDAR-TITO-ROJAS-scaled.jpg\",\"datePublished\":\"2022-09-05T17:01:35+00:00\",\"breadcrumb\":{\"@id\":\"https:\/\/noti-america.com\/site\/mexico\/2022\/09\/05\/musical-productions-mp-presenta-tito-rojas-me-tienes-que-recordar\/#breadcrumb\"},\"inLanguage\":\"es\",\"potentialAction\":[{\"@type\":\"ReadAction\",\"target\":[\"https:\/\/noti-america.com\/site\/mexico\/2022\/09\/05\/musical-productions-mp-presenta-tito-rojas-me-tienes-que-recordar\/\"]}]},{\"@type\":\"ImageObject\",\"inLanguage\":\"es\",\"@id\":\"https:\/\/noti-america.com\/site\/mexico\/2022\/09\/05\/musical-productions-mp-presenta-tito-rojas-me-tienes-que-recordar\/#primaryimage\",\"url\":\"https:\/\/noti-america.com\/site\/mexico\/wp-content\/uploads\/sites\/13\/2022\/09\/COVER-ME-TIENES-QUE-RECORDAR-TITO-ROJAS-scaled.jpg\",\"contentUrl\":\"https:\/\/noti-america.com\/site\/mexico\/wp-content\/uploads\/sites\/13\/2022\/09\/COVER-ME-TIENES-QUE-RECORDAR-TITO-ROJAS-scaled.jpg\",\"width\":2560,\"height\":2560},{\"@type\":\"BreadcrumbList\",\"@id\":\"https:\/\/noti-america.com\/site\/mexico\/2022\/09\/05\/musical-productions-mp-presenta-tito-rojas-me-tienes-que-recordar\/#breadcrumb\",\"itemListElement\":[{\"@type\":\"ListItem\",\"position\":1,\"name\":\"Portada\",\"item\":\"https:\/\/noti-america.com\/site\/mexico\/\"},{\"@type\":\"ListItem\",\"position\":2,\"name\":\"Musical Productions MP presenta Tito Rojas \u00abMe tienes que recordar\u00bb\"}]},{\"@type\":\"WebSite\",\"@id\":\"https:\/\/noti-america.com\/site\/mexico\/#website\",\"url\":\"https:\/\/noti-america.com\/site\/mexico\/\",\"name\":\"M\u00e9xico | Noti-America.com\",\"description\":\"\",\"publisher\":{\"@id\":\"https:\/\/noti-america.com\/site\/mexico\/#organization\"},\"potentialAction\":[{\"@type\":\"SearchAction\",\"target\":{\"@type\":\"EntryPoint\",\"urlTemplate\":\"https:\/\/noti-america.com\/site\/mexico\/?s={search_term_string}\"},\"query-input\":{\"@type\":\"PropertyValueSpecification\",\"valueRequired\":true,\"valueName\":\"search_term_string\"}}],\"inLanguage\":\"es\"},{\"@type\":\"Organization\",\"@id\":\"https:\/\/noti-america.com\/site\/mexico\/#organization\",\"name\":\"Noti-America LLC | M\u00e9xico\",\"url\":\"https:\/\/noti-america.com\/site\/mexico\/\",\"logo\":{\"@type\":\"ImageObject\",\"inLanguage\":\"es\",\"@id\":\"https:\/\/noti-america.com\/site\/mexico\/#\/schema\/logo\/image\/\",\"url\":\"https:\/\/noti-america.com\/site\/mexico\/wp-content\/uploads\/sites\/13\/2020\/07\/LogoNA-4x3-1.jpg\",\"contentUrl\":\"https:\/\/noti-america.com\/site\/mexico\/wp-content\/uploads\/sites\/13\/2020\/07\/LogoNA-4x3-1.jpg\",\"width\":1236,\"height\":1080,\"caption\":\"Noti-America LLC | M\u00e9xico\"},\"image\":{\"@id\":\"https:\/\/noti-america.com\/site\/mexico\/#\/schema\/logo\/image\/\"}},{\"@type\":\"Person\",\"@id\":\"https:\/\/noti-america.com\/site\/mexico\/#\/schema\/person\/376ccc7b3cc7a8d5a43c3ece07a43857\",\"name\":\"Yoelvzla\",\"image\":{\"@type\":\"ImageObject\",\"inLanguage\":\"es\",\"@id\":\"https:\/\/secure.gravatar.com\/avatar\/13a96a72123e0e9aa76fe82e8847f726c63a1c5ef6a8d0fadd844c1a5a83b212?s=96&d=mm&r=g\",\"url\":\"https:\/\/secure.gravatar.com\/avatar\/13a96a72123e0e9aa76fe82e8847f726c63a1c5ef6a8d0fadd844c1a5a83b212?s=96&d=mm&r=g\",\"contentUrl\":\"https:\/\/secure.gravatar.com\/avatar\/13a96a72123e0e9aa76fe82e8847f726c63a1c5ef6a8d0fadd844c1a5a83b212?s=96&d=mm&r=g\",\"caption\":\"Yoelvzla\"},\"url\":\"https:\/\/noti-america.com\/site\/mexico\/author\/ydiaz\/\"}]}<\/script>\n<!-- \/ Yoast SEO Premium plugin. -->","yoast_head_json":{"title":"Musical Productions MP presenta Tito Rojas \"Me tienes que recordar\" - M\u00e9xico","robots":{"index":"index","follow":"follow","max-snippet":"max-snippet:-1","max-image-preview":"max-image-preview:large","max-video-preview":"max-video-preview:-1"},"canonical":"https:\/\/noti-america.com\/site\/mexico\/2022\/09\/05\/musical-productions-mp-presenta-tito-rojas-me-tienes-que-recordar\/","og_locale":"es_ES","og_type":"article","og_title":"Musical Productions MP presenta Tito Rojas \"Me tienes que recordar\"","og_description":"Musical Productions,\u00a0la casa de los grandes salseros en el mundo, lanzan al mercado musical la versi\u00f3n salsa del tema \u00abMe tienes que recordar\u00bb, interpretada en bolero por el siempre recordado\u00a0\u00abGallo Salsero\u00bb Tito Rojas, en&#46;&#46;&#46;","og_url":"https:\/\/noti-america.com\/site\/mexico\/2022\/09\/05\/musical-productions-mp-presenta-tito-rojas-me-tienes-que-recordar\/","og_site_name":"M\u00e9xico","article_published_time":"2022-09-05T17:01:35+00:00","og_image":[{"width":2560,"height":2560,"url":"https:\/\/noti-america.com\/site\/mexico\/wp-content\/uploads\/sites\/13\/2022\/09\/COVER-ME-TIENES-QUE-RECORDAR-TITO-ROJAS-scaled.jpg","type":"image\/jpeg"}],"author":"Yoelvzla","twitter_card":"summary_large_image","twitter_misc":{"Escrito por":"Yoelvzla","Tiempo estimado de lectura":"3 minutos"},"schema":{"@context":"https:\/\/schema.org","@graph":[{"@type":"Article","@id":"https:\/\/noti-america.com\/site\/mexico\/2022\/09\/05\/musical-productions-mp-presenta-tito-rojas-me-tienes-que-recordar\/#article","isPartOf":{"@id":"https:\/\/noti-america.com\/site\/mexico\/2022\/09\/05\/musical-productions-mp-presenta-tito-rojas-me-tienes-que-recordar\/"},"author":{"name":"Yoelvzla","@id":"https:\/\/noti-america.com\/site\/mexico\/#\/schema\/person\/376ccc7b3cc7a8d5a43c3ece07a43857"},"headline":"Musical Productions MP presenta Tito Rojas \u00abMe tienes que recordar\u00bb","datePublished":"2022-09-05T17:01:35+00:00","mainEntityOfPage":{"@id":"https:\/\/noti-america.com\/site\/mexico\/2022\/09\/05\/musical-productions-mp-presenta-tito-rojas-me-tienes-que-recordar\/"},"wordCount":488,"commentCount":0,"publisher":{"@id":"https:\/\/noti-america.com\/site\/mexico\/#organization"},"image":{"@id":"https:\/\/noti-america.com\/site\/mexico\/2022\/09\/05\/musical-productions-mp-presenta-tito-rojas-me-tienes-que-recordar\/#primaryimage"},"thumbnailUrl":"https:\/\/noti-america.com\/site\/mexico\/wp-content\/uploads\/sites\/13\/2022\/09\/COVER-ME-TIENES-QUE-RECORDAR-TITO-ROJAS-scaled.jpg","articleSection":["M\u00fasica"],"inLanguage":"es","potentialAction":[{"@type":"CommentAction","name":"Comment","target":["https:\/\/noti-america.com\/site\/mexico\/2022\/09\/05\/musical-productions-mp-presenta-tito-rojas-me-tienes-que-recordar\/#respond"]}]},{"@type":"WebPage","@id":"https:\/\/noti-america.com\/site\/mexico\/2022\/09\/05\/musical-productions-mp-presenta-tito-rojas-me-tienes-que-recordar\/","url":"https:\/\/noti-america.com\/site\/mexico\/2022\/09\/05\/musical-productions-mp-presenta-tito-rojas-me-tienes-que-recordar\/","name":"Musical Productions MP presenta Tito Rojas \"Me tienes que recordar\" - M\u00e9xico","isPartOf":{"@id":"https:\/\/noti-america.com\/site\/mexico\/#website"},"primaryImageOfPage":{"@id":"https:\/\/noti-america.com\/site\/mexico\/2022\/09\/05\/musical-productions-mp-presenta-tito-rojas-me-tienes-que-recordar\/#primaryimage"},"image":{"@id":"https:\/\/noti-america.com\/site\/mexico\/2022\/09\/05\/musical-productions-mp-presenta-tito-rojas-me-tienes-que-recordar\/#primaryimage"},"thumbnailUrl":"https:\/\/noti-america.com\/site\/mexico\/wp-content\/uploads\/sites\/13\/2022\/09\/COVER-ME-TIENES-QUE-RECORDAR-TITO-ROJAS-scaled.jpg","datePublished":"2022-09-05T17:01:35+00:00","breadcrumb":{"@id":"https:\/\/noti-america.com\/site\/mexico\/2022\/09\/05\/musical-productions-mp-presenta-tito-rojas-me-tienes-que-recordar\/#breadcrumb"},"inLanguage":"es","potentialAction":[{"@type":"ReadAction","target":["https:\/\/noti-america.com\/site\/mexico\/2022\/09\/05\/musical-productions-mp-presenta-tito-rojas-me-tienes-que-recordar\/"]}]},{"@type":"ImageObject","inLanguage":"es","@id":"https:\/\/noti-america.com\/site\/mexico\/2022\/09\/05\/musical-productions-mp-presenta-tito-rojas-me-tienes-que-recordar\/#primaryimage","url":"https:\/\/noti-america.com\/site\/mexico\/wp-content\/uploads\/sites\/13\/2022\/09\/COVER-ME-TIENES-QUE-RECORDAR-TITO-ROJAS-scaled.jpg","contentUrl":"https:\/\/noti-america.com\/site\/mexico\/wp-content\/uploads\/sites\/13\/2022\/09\/COVER-ME-TIENES-QUE-RECORDAR-TITO-ROJAS-scaled.jpg","width":2560,"height":2560},{"@type":"BreadcrumbList","@id":"https:\/\/noti-america.com\/site\/mexico\/2022\/09\/05\/musical-productions-mp-presenta-tito-rojas-me-tienes-que-recordar\/#breadcrumb","itemListElement":[{"@type":"ListItem","position":1,"name":"Portada","item":"https:\/\/noti-america.com\/site\/mexico\/"},{"@type":"ListItem","position":2,"name":"Musical Productions MP presenta Tito Rojas \u00abMe tienes que recordar\u00bb"}]},{"@type":"WebSite","@id":"https:\/\/noti-america.com\/site\/mexico\/#website","url":"https:\/\/noti-america.com\/site\/mexico\/","name":"M\u00e9xico | Noti-America.com","description":"","publisher":{"@id":"https:\/\/noti-america.com\/site\/mexico\/#organization"},"potentialAction":[{"@type":"SearchAction","target":{"@type":"EntryPoint","urlTemplate":"https:\/\/noti-america.com\/site\/mexico\/?s={search_term_string}"},"query-input":{"@type":"PropertyValueSpecification","valueRequired":true,"valueName":"search_term_string"}}],"inLanguage":"es"},{"@type":"Organization","@id":"https:\/\/noti-america.com\/site\/mexico\/#organization","name":"Noti-America LLC | M\u00e9xico","url":"https:\/\/noti-america.com\/site\/mexico\/","logo":{"@type":"ImageObject","inLanguage":"es","@id":"https:\/\/noti-america.com\/site\/mexico\/#\/schema\/logo\/image\/","url":"https:\/\/noti-america.com\/site\/mexico\/wp-content\/uploads\/sites\/13\/2020\/07\/LogoNA-4x3-1.jpg","contentUrl":"https:\/\/noti-america.com\/site\/mexico\/wp-content\/uploads\/sites\/13\/2020\/07\/LogoNA-4x3-1.jpg","width":1236,"height":1080,"caption":"Noti-America LLC | M\u00e9xico"},"image":{"@id":"https:\/\/noti-america.com\/site\/mexico\/#\/schema\/logo\/image\/"}},{"@type":"Person","@id":"https:\/\/noti-america.com\/site\/mexico\/#\/schema\/person\/376ccc7b3cc7a8d5a43c3ece07a43857","name":"Yoelvzla","image":{"@type":"ImageObject","inLanguage":"es","@id":"https:\/\/secure.gravatar.com\/avatar\/13a96a72123e0e9aa76fe82e8847f726c63a1c5ef6a8d0fadd844c1a5a83b212?s=96&d=mm&r=g","url":"https:\/\/secure.gravatar.com\/avatar\/13a96a72123e0e9aa76fe82e8847f726c63a1c5ef6a8d0fadd844c1a5a83b212?s=96&d=mm&r=g","contentUrl":"https:\/\/secure.gravatar.com\/avatar\/13a96a72123e0e9aa76fe82e8847f726c63a1c5ef6a8d0fadd844c1a5a83b212?s=96&d=mm&r=g","caption":"Yoelvzla"},"url":"https:\/\/noti-america.com\/site\/mexico\/author\/ydiaz\/"}]}},"_links":{"self":[{"href":"https:\/\/noti-america.com\/site\/mexico\/wp-json\/wp\/v2\/posts\/8301","targetHints":{"allow":["GET"]}}],"collection":[{"href":"https:\/\/noti-america.com\/site\/mexico\/wp-json\/wp\/v2\/posts"}],"about":[{"href":"https:\/\/noti-america.com\/site\/mexico\/wp-json\/wp\/v2\/types\/post"}],"author":[{"embeddable":true,"href":"https:\/\/noti-america.com\/site\/mexico\/wp-json\/wp\/v2\/users\/127"}],"replies":[{"embeddable":true,"href":"https:\/\/noti-america.com\/site\/mexico\/wp-json\/wp\/v2\/comments?post=8301"}],"version-history":[{"count":1,"href":"https:\/\/noti-america.com\/site\/mexico\/wp-json\/wp\/v2\/posts\/8301\/revisions"}],"predecessor-version":[{"id":8303,"href":"https:\/\/noti-america.com\/site\/mexico\/wp-json\/wp\/v2\/posts\/8301\/revisions\/8303"}],"wp:featuredmedia":[{"embeddable":true,"href":"https:\/\/noti-america.com\/site\/mexico\/wp-json\/wp\/v2\/media\/8302"}],"wp:attachment":[{"href":"https:\/\/noti-america.com\/site\/mexico\/wp-json\/wp\/v2\/media?parent=8301"}],"wp:term":[{"taxonomy":"category","embeddable":true,"href":"https:\/\/noti-america.com\/site\/mexico\/wp-json\/wp\/v2\/categories?post=8301"},{"taxonomy":"post_tag","embeddable":true,"href":"https:\/\/noti-america.com\/site\/mexico\/wp-json\/wp\/v2\/tags?post=8301"}],"curies":[{"name":"wp","href":"https:\/\/api.w.org\/{rel}","templated":true}]}}