{"id":8232,"date":"2022-08-19T13:15:10","date_gmt":"2022-08-19T13:15:10","guid":{"rendered":"https:\/\/noti-america.com\/site\/mexico\/?p=8232"},"modified":"2022-08-19T13:15:10","modified_gmt":"2022-08-19T13:15:10","slug":"el-duo-dominicano-sorprende-al-publico-con-un-reggaeton-que-se-perfila-como-un-exito-mundial","status":"publish","type":"post","link":"https:\/\/noti-america.com\/site\/mexico\/2022\/08\/19\/el-duo-dominicano-sorprende-al-publico-con-un-reggaeton-que-se-perfila-como-un-exito-mundial\/","title":{"rendered":"El d\u00fao dominicano sorprende al p\u00fablico con un reggaet\u00f3n que se perfila como un \u00e9xito mundial"},"content":{"rendered":"<p>Con m\u00e1s de 15 a\u00f1os en la industria musical, el d\u00fao dominicano <strong>Rahs e Invicto<\/strong> sigue generando \u00e9xito y es que su paso por distintos g\u00e9neros como reggaet\u00f3n, dancehall, electro latino, electr\u00f3nica, pop y m\u00e1s, los posiciona como referentes de la m\u00fasica latina en el panorama espa\u00f1ol.<\/p>\n<p>Para este tercer trimestre del 2022, <strong>Rahs e Invicto<\/strong> sorprenden a su p\u00fablico con el lanzamiento de \u201cBlanquita\u201d, su sencillo promocional producido por Avilo, un productor italiano de renombre, que est\u00e1 radicado en B\u00e9lgica.<\/p>\n<p><a id=\"LPlnk506226\" href=\"https:\/\/youtu.be\/8FFy-wHbU7A\" target=\"_blank\" rel=\"noopener noreferrer\" data-auth=\"NotApplicable\" data-linkindex=\"0\">https:\/\/youtu.be\/8FFy-wHbU7A<\/a><\/p>\n<p>De la mano de Diskover, \u201cBlanquita\u201d super\u00f3 los 100.000 streamings en Spotify, en su primer mes de lanzamiento. Asimismo, se convirti\u00f3 en la tercera canci\u00f3n con m\u00e1s Shazam\u2019s de su carrera, en tan solo 30 d\u00edas.<\/p>\n<p>\u00a1Esto no es todo! Rahs e Invicto apenas comienzan y es que ahora mismo trabajan en su pr\u00f3ximo lanzamiento: <strong>\u201cTotofruti\u201d<\/strong>. El tema cuenta con la producci\u00f3n del mismo Avilo y llega en g\u00e9nero dembow, siendo el primero de su carrera art\u00edstica.<\/p>\n<p>\u201cEstamos seguros de que no defraudar\u00e1n, el proyecto viene cargado de muchas sorpresas, merchandising, coreograf\u00edas, y un videoclip que dar\u00e1 mucho de qu\u00e9 hablar\u201d, asegur\u00f3 el d\u00fao musical.<\/p>\n<p>Mantente conectado a todo lo nuevo de Rahs e Invicto a trav\u00e9s de las distintas plataformas digitales. S\u00edguelos como <strong>@rahseinvicto.<\/strong><\/p>\n","protected":false},"excerpt":{"rendered":"<p>Con m\u00e1s de 15 a\u00f1os en la industria musical, el d\u00fao dominicano Rahs e Invicto sigue generando \u00e9xito y es que su paso por distintos g\u00e9neros como reggaet\u00f3n, dancehall, electro latino, electr\u00f3nica, pop y&#46;&#46;&#46;<\/p>\n","protected":false},"author":127,"featured_media":8233,"comment_status":"open","ping_status":"open","sticky":false,"template":"","format":"image","meta":{"_acf_changed":false,"om_disable_all_campaigns":false,"rop_custom_images_group":[],"rop_custom_messages_group":[],"rop_publish_now":"initial","rop_publish_now_accounts":{"twitter_242054905_242054905":""},"rop_publish_now_history":[],"rop_publish_now_status":"pending","_uf_show_specific_survey":0,"_uf_disable_surveys":false,"footnotes":""},"categories":[38],"tags":[],"class_list":["post-8232","post","type-post","status-publish","format-image","has-post-thumbnail","hentry","category-musica","post_format-post-format-image"],"acf":[],"aioseo_notices":[],"yoast_head":"<!-- This site is optimized with the Yoast SEO Premium plugin v24.9 (Yoast SEO v27.2) - https:\/\/yoast.com\/product\/yoast-seo-premium-wordpress\/ -->\n<title>El d\u00fao dominicano sorprende al p\u00fablico con un reggaet\u00f3n que se perfila como un \u00e9xito mundial - M\u00e9xico<\/title>\n<meta name=\"robots\" content=\"index, follow, max-snippet:-1, max-image-preview:large, max-video-preview:-1\" \/>\n<link rel=\"canonical\" href=\"https:\/\/noti-america.com\/site\/mexico\/2022\/08\/19\/el-duo-dominicano-sorprende-al-publico-con-un-reggaeton-que-se-perfila-como-un-exito-mundial\/\" \/>\n<meta property=\"og:locale\" content=\"es_ES\" \/>\n<meta property=\"og:type\" content=\"article\" \/>\n<meta property=\"og:title\" content=\"El d\u00fao dominicano sorprende al p\u00fablico con un reggaet\u00f3n que se perfila como un \u00e9xito mundial\" \/>\n<meta property=\"og:description\" content=\"Con m\u00e1s de 15 a\u00f1os en la industria musical, el d\u00fao dominicano Rahs e Invicto sigue generando \u00e9xito y es que su paso por distintos g\u00e9neros como reggaet\u00f3n, dancehall, electro latino, electr\u00f3nica, pop y&#046;&#046;&#046;\" \/>\n<meta property=\"og:url\" content=\"https:\/\/noti-america.com\/site\/mexico\/2022\/08\/19\/el-duo-dominicano-sorprende-al-publico-con-un-reggaeton-que-se-perfila-como-un-exito-mundial\/\" \/>\n<meta property=\"og:site_name\" content=\"M\u00e9xico\" \/>\n<meta property=\"article:published_time\" content=\"2022-08-19T13:15:10+00:00\" \/>\n<meta property=\"og:image\" content=\"https:\/\/noti-america.com\/site\/mexico\/wp-content\/uploads\/sites\/13\/2022\/08\/thumbnail_4H1A0048.jpg\" \/>\n\t<meta property=\"og:image:width\" content=\"952\" \/>\n\t<meta property=\"og:image:height\" content=\"1280\" \/>\n\t<meta property=\"og:image:type\" content=\"image\/jpeg\" \/>\n<meta name=\"author\" content=\"Yoelvzla\" \/>\n<meta name=\"twitter:card\" content=\"summary_large_image\" \/>\n<meta name=\"twitter:label1\" content=\"Escrito por\" \/>\n\t<meta name=\"twitter:data1\" content=\"Yoelvzla\" \/>\n\t<meta name=\"twitter:label2\" content=\"Tiempo estimado de lectura\" \/>\n\t<meta name=\"twitter:data2\" content=\"1 minuto\" \/>\n<script type=\"application\/ld+json\" class=\"yoast-schema-graph\">{\"@context\":\"https:\/\/schema.org\",\"@graph\":[{\"@type\":\"Article\",\"@id\":\"https:\/\/noti-america.com\/site\/mexico\/2022\/08\/19\/el-duo-dominicano-sorprende-al-publico-con-un-reggaeton-que-se-perfila-como-un-exito-mundial\/#article\",\"isPartOf\":{\"@id\":\"https:\/\/noti-america.com\/site\/mexico\/2022\/08\/19\/el-duo-dominicano-sorprende-al-publico-con-un-reggaeton-que-se-perfila-como-un-exito-mundial\/\"},\"author\":{\"name\":\"Yoelvzla\",\"@id\":\"https:\/\/noti-america.com\/site\/mexico\/#\/schema\/person\/376ccc7b3cc7a8d5a43c3ece07a43857\"},\"headline\":\"El d\u00fao dominicano sorprende al p\u00fablico con un reggaet\u00f3n que se perfila como un \u00e9xito mundial\",\"datePublished\":\"2022-08-19T13:15:10+00:00\",\"mainEntityOfPage\":{\"@id\":\"https:\/\/noti-america.com\/site\/mexico\/2022\/08\/19\/el-duo-dominicano-sorprende-al-publico-con-un-reggaeton-que-se-perfila-como-un-exito-mundial\/\"},\"wordCount\":250,\"commentCount\":0,\"publisher\":{\"@id\":\"https:\/\/noti-america.com\/site\/mexico\/#organization\"},\"image\":{\"@id\":\"https:\/\/noti-america.com\/site\/mexico\/2022\/08\/19\/el-duo-dominicano-sorprende-al-publico-con-un-reggaeton-que-se-perfila-como-un-exito-mundial\/#primaryimage\"},\"thumbnailUrl\":\"https:\/\/noti-america.com\/site\/mexico\/wp-content\/uploads\/sites\/13\/2022\/08\/thumbnail_4H1A0048.jpg\",\"articleSection\":[\"M\u00fasica\"],\"inLanguage\":\"es\",\"potentialAction\":[{\"@type\":\"CommentAction\",\"name\":\"Comment\",\"target\":[\"https:\/\/noti-america.com\/site\/mexico\/2022\/08\/19\/el-duo-dominicano-sorprende-al-publico-con-un-reggaeton-que-se-perfila-como-un-exito-mundial\/#respond\"]}]},{\"@type\":\"WebPage\",\"@id\":\"https:\/\/noti-america.com\/site\/mexico\/2022\/08\/19\/el-duo-dominicano-sorprende-al-publico-con-un-reggaeton-que-se-perfila-como-un-exito-mundial\/\",\"url\":\"https:\/\/noti-america.com\/site\/mexico\/2022\/08\/19\/el-duo-dominicano-sorprende-al-publico-con-un-reggaeton-que-se-perfila-como-un-exito-mundial\/\",\"name\":\"El d\u00fao dominicano sorprende al p\u00fablico con un reggaet\u00f3n que se perfila como un \u00e9xito mundial - M\u00e9xico\",\"isPartOf\":{\"@id\":\"https:\/\/noti-america.com\/site\/mexico\/#website\"},\"primaryImageOfPage\":{\"@id\":\"https:\/\/noti-america.com\/site\/mexico\/2022\/08\/19\/el-duo-dominicano-sorprende-al-publico-con-un-reggaeton-que-se-perfila-como-un-exito-mundial\/#primaryimage\"},\"image\":{\"@id\":\"https:\/\/noti-america.com\/site\/mexico\/2022\/08\/19\/el-duo-dominicano-sorprende-al-publico-con-un-reggaeton-que-se-perfila-como-un-exito-mundial\/#primaryimage\"},\"thumbnailUrl\":\"https:\/\/noti-america.com\/site\/mexico\/wp-content\/uploads\/sites\/13\/2022\/08\/thumbnail_4H1A0048.jpg\",\"datePublished\":\"2022-08-19T13:15:10+00:00\",\"breadcrumb\":{\"@id\":\"https:\/\/noti-america.com\/site\/mexico\/2022\/08\/19\/el-duo-dominicano-sorprende-al-publico-con-un-reggaeton-que-se-perfila-como-un-exito-mundial\/#breadcrumb\"},\"inLanguage\":\"es\",\"potentialAction\":[{\"@type\":\"ReadAction\",\"target\":[\"https:\/\/noti-america.com\/site\/mexico\/2022\/08\/19\/el-duo-dominicano-sorprende-al-publico-con-un-reggaeton-que-se-perfila-como-un-exito-mundial\/\"]}]},{\"@type\":\"ImageObject\",\"inLanguage\":\"es\",\"@id\":\"https:\/\/noti-america.com\/site\/mexico\/2022\/08\/19\/el-duo-dominicano-sorprende-al-publico-con-un-reggaeton-que-se-perfila-como-un-exito-mundial\/#primaryimage\",\"url\":\"https:\/\/noti-america.com\/site\/mexico\/wp-content\/uploads\/sites\/13\/2022\/08\/thumbnail_4H1A0048.jpg\",\"contentUrl\":\"https:\/\/noti-america.com\/site\/mexico\/wp-content\/uploads\/sites\/13\/2022\/08\/thumbnail_4H1A0048.jpg\",\"width\":952,\"height\":1280},{\"@type\":\"BreadcrumbList\",\"@id\":\"https:\/\/noti-america.com\/site\/mexico\/2022\/08\/19\/el-duo-dominicano-sorprende-al-publico-con-un-reggaeton-que-se-perfila-como-un-exito-mundial\/#breadcrumb\",\"itemListElement\":[{\"@type\":\"ListItem\",\"position\":1,\"name\":\"Portada\",\"item\":\"https:\/\/noti-america.com\/site\/mexico\/\"},{\"@type\":\"ListItem\",\"position\":2,\"name\":\"El d\u00fao dominicano sorprende al p\u00fablico con un reggaet\u00f3n que se perfila como un \u00e9xito mundial\"}]},{\"@type\":\"WebSite\",\"@id\":\"https:\/\/noti-america.com\/site\/mexico\/#website\",\"url\":\"https:\/\/noti-america.com\/site\/mexico\/\",\"name\":\"M\u00e9xico | Noti-America.com\",\"description\":\"\",\"publisher\":{\"@id\":\"https:\/\/noti-america.com\/site\/mexico\/#organization\"},\"potentialAction\":[{\"@type\":\"SearchAction\",\"target\":{\"@type\":\"EntryPoint\",\"urlTemplate\":\"https:\/\/noti-america.com\/site\/mexico\/?s={search_term_string}\"},\"query-input\":{\"@type\":\"PropertyValueSpecification\",\"valueRequired\":true,\"valueName\":\"search_term_string\"}}],\"inLanguage\":\"es\"},{\"@type\":\"Organization\",\"@id\":\"https:\/\/noti-america.com\/site\/mexico\/#organization\",\"name\":\"Noti-America LLC | M\u00e9xico\",\"url\":\"https:\/\/noti-america.com\/site\/mexico\/\",\"logo\":{\"@type\":\"ImageObject\",\"inLanguage\":\"es\",\"@id\":\"https:\/\/noti-america.com\/site\/mexico\/#\/schema\/logo\/image\/\",\"url\":\"https:\/\/noti-america.com\/site\/mexico\/wp-content\/uploads\/sites\/13\/2020\/07\/LogoNA-4x3-1.jpg\",\"contentUrl\":\"https:\/\/noti-america.com\/site\/mexico\/wp-content\/uploads\/sites\/13\/2020\/07\/LogoNA-4x3-1.jpg\",\"width\":1236,\"height\":1080,\"caption\":\"Noti-America LLC | M\u00e9xico\"},\"image\":{\"@id\":\"https:\/\/noti-america.com\/site\/mexico\/#\/schema\/logo\/image\/\"}},{\"@type\":\"Person\",\"@id\":\"https:\/\/noti-america.com\/site\/mexico\/#\/schema\/person\/376ccc7b3cc7a8d5a43c3ece07a43857\",\"name\":\"Yoelvzla\",\"image\":{\"@type\":\"ImageObject\",\"inLanguage\":\"es\",\"@id\":\"https:\/\/secure.gravatar.com\/avatar\/13a96a72123e0e9aa76fe82e8847f726c63a1c5ef6a8d0fadd844c1a5a83b212?s=96&d=mm&r=g\",\"url\":\"https:\/\/secure.gravatar.com\/avatar\/13a96a72123e0e9aa76fe82e8847f726c63a1c5ef6a8d0fadd844c1a5a83b212?s=96&d=mm&r=g\",\"contentUrl\":\"https:\/\/secure.gravatar.com\/avatar\/13a96a72123e0e9aa76fe82e8847f726c63a1c5ef6a8d0fadd844c1a5a83b212?s=96&d=mm&r=g\",\"caption\":\"Yoelvzla\"},\"url\":\"https:\/\/noti-america.com\/site\/mexico\/author\/ydiaz\/\"}]}<\/script>\n<!-- \/ Yoast SEO Premium plugin. -->","yoast_head_json":{"title":"El d\u00fao dominicano sorprende al p\u00fablico con un reggaet\u00f3n que se perfila como un \u00e9xito mundial - M\u00e9xico","robots":{"index":"index","follow":"follow","max-snippet":"max-snippet:-1","max-image-preview":"max-image-preview:large","max-video-preview":"max-video-preview:-1"},"canonical":"https:\/\/noti-america.com\/site\/mexico\/2022\/08\/19\/el-duo-dominicano-sorprende-al-publico-con-un-reggaeton-que-se-perfila-como-un-exito-mundial\/","og_locale":"es_ES","og_type":"article","og_title":"El d\u00fao dominicano sorprende al p\u00fablico con un reggaet\u00f3n que se perfila como un \u00e9xito mundial","og_description":"Con m\u00e1s de 15 a\u00f1os en la industria musical, el d\u00fao dominicano Rahs e Invicto sigue generando \u00e9xito y es que su paso por distintos g\u00e9neros como reggaet\u00f3n, dancehall, electro latino, electr\u00f3nica, pop y&#46;&#46;&#46;","og_url":"https:\/\/noti-america.com\/site\/mexico\/2022\/08\/19\/el-duo-dominicano-sorprende-al-publico-con-un-reggaeton-que-se-perfila-como-un-exito-mundial\/","og_site_name":"M\u00e9xico","article_published_time":"2022-08-19T13:15:10+00:00","og_image":[{"width":952,"height":1280,"url":"https:\/\/noti-america.com\/site\/mexico\/wp-content\/uploads\/sites\/13\/2022\/08\/thumbnail_4H1A0048.jpg","type":"image\/jpeg"}],"author":"Yoelvzla","twitter_card":"summary_large_image","twitter_misc":{"Escrito por":"Yoelvzla","Tiempo estimado de lectura":"1 minuto"},"schema":{"@context":"https:\/\/schema.org","@graph":[{"@type":"Article","@id":"https:\/\/noti-america.com\/site\/mexico\/2022\/08\/19\/el-duo-dominicano-sorprende-al-publico-con-un-reggaeton-que-se-perfila-como-un-exito-mundial\/#article","isPartOf":{"@id":"https:\/\/noti-america.com\/site\/mexico\/2022\/08\/19\/el-duo-dominicano-sorprende-al-publico-con-un-reggaeton-que-se-perfila-como-un-exito-mundial\/"},"author":{"name":"Yoelvzla","@id":"https:\/\/noti-america.com\/site\/mexico\/#\/schema\/person\/376ccc7b3cc7a8d5a43c3ece07a43857"},"headline":"El d\u00fao dominicano sorprende al p\u00fablico con un reggaet\u00f3n que se perfila como un \u00e9xito mundial","datePublished":"2022-08-19T13:15:10+00:00","mainEntityOfPage":{"@id":"https:\/\/noti-america.com\/site\/mexico\/2022\/08\/19\/el-duo-dominicano-sorprende-al-publico-con-un-reggaeton-que-se-perfila-como-un-exito-mundial\/"},"wordCount":250,"commentCount":0,"publisher":{"@id":"https:\/\/noti-america.com\/site\/mexico\/#organization"},"image":{"@id":"https:\/\/noti-america.com\/site\/mexico\/2022\/08\/19\/el-duo-dominicano-sorprende-al-publico-con-un-reggaeton-que-se-perfila-como-un-exito-mundial\/#primaryimage"},"thumbnailUrl":"https:\/\/noti-america.com\/site\/mexico\/wp-content\/uploads\/sites\/13\/2022\/08\/thumbnail_4H1A0048.jpg","articleSection":["M\u00fasica"],"inLanguage":"es","potentialAction":[{"@type":"CommentAction","name":"Comment","target":["https:\/\/noti-america.com\/site\/mexico\/2022\/08\/19\/el-duo-dominicano-sorprende-al-publico-con-un-reggaeton-que-se-perfila-como-un-exito-mundial\/#respond"]}]},{"@type":"WebPage","@id":"https:\/\/noti-america.com\/site\/mexico\/2022\/08\/19\/el-duo-dominicano-sorprende-al-publico-con-un-reggaeton-que-se-perfila-como-un-exito-mundial\/","url":"https:\/\/noti-america.com\/site\/mexico\/2022\/08\/19\/el-duo-dominicano-sorprende-al-publico-con-un-reggaeton-que-se-perfila-como-un-exito-mundial\/","name":"El d\u00fao dominicano sorprende al p\u00fablico con un reggaet\u00f3n que se perfila como un \u00e9xito mundial - M\u00e9xico","isPartOf":{"@id":"https:\/\/noti-america.com\/site\/mexico\/#website"},"primaryImageOfPage":{"@id":"https:\/\/noti-america.com\/site\/mexico\/2022\/08\/19\/el-duo-dominicano-sorprende-al-publico-con-un-reggaeton-que-se-perfila-como-un-exito-mundial\/#primaryimage"},"image":{"@id":"https:\/\/noti-america.com\/site\/mexico\/2022\/08\/19\/el-duo-dominicano-sorprende-al-publico-con-un-reggaeton-que-se-perfila-como-un-exito-mundial\/#primaryimage"},"thumbnailUrl":"https:\/\/noti-america.com\/site\/mexico\/wp-content\/uploads\/sites\/13\/2022\/08\/thumbnail_4H1A0048.jpg","datePublished":"2022-08-19T13:15:10+00:00","breadcrumb":{"@id":"https:\/\/noti-america.com\/site\/mexico\/2022\/08\/19\/el-duo-dominicano-sorprende-al-publico-con-un-reggaeton-que-se-perfila-como-un-exito-mundial\/#breadcrumb"},"inLanguage":"es","potentialAction":[{"@type":"ReadAction","target":["https:\/\/noti-america.com\/site\/mexico\/2022\/08\/19\/el-duo-dominicano-sorprende-al-publico-con-un-reggaeton-que-se-perfila-como-un-exito-mundial\/"]}]},{"@type":"ImageObject","inLanguage":"es","@id":"https:\/\/noti-america.com\/site\/mexico\/2022\/08\/19\/el-duo-dominicano-sorprende-al-publico-con-un-reggaeton-que-se-perfila-como-un-exito-mundial\/#primaryimage","url":"https:\/\/noti-america.com\/site\/mexico\/wp-content\/uploads\/sites\/13\/2022\/08\/thumbnail_4H1A0048.jpg","contentUrl":"https:\/\/noti-america.com\/site\/mexico\/wp-content\/uploads\/sites\/13\/2022\/08\/thumbnail_4H1A0048.jpg","width":952,"height":1280},{"@type":"BreadcrumbList","@id":"https:\/\/noti-america.com\/site\/mexico\/2022\/08\/19\/el-duo-dominicano-sorprende-al-publico-con-un-reggaeton-que-se-perfila-como-un-exito-mundial\/#breadcrumb","itemListElement":[{"@type":"ListItem","position":1,"name":"Portada","item":"https:\/\/noti-america.com\/site\/mexico\/"},{"@type":"ListItem","position":2,"name":"El d\u00fao dominicano sorprende al p\u00fablico con un reggaet\u00f3n que se perfila como un \u00e9xito mundial"}]},{"@type":"WebSite","@id":"https:\/\/noti-america.com\/site\/mexico\/#website","url":"https:\/\/noti-america.com\/site\/mexico\/","name":"M\u00e9xico | Noti-America.com","description":"","publisher":{"@id":"https:\/\/noti-america.com\/site\/mexico\/#organization"},"potentialAction":[{"@type":"SearchAction","target":{"@type":"EntryPoint","urlTemplate":"https:\/\/noti-america.com\/site\/mexico\/?s={search_term_string}"},"query-input":{"@type":"PropertyValueSpecification","valueRequired":true,"valueName":"search_term_string"}}],"inLanguage":"es"},{"@type":"Organization","@id":"https:\/\/noti-america.com\/site\/mexico\/#organization","name":"Noti-America LLC | M\u00e9xico","url":"https:\/\/noti-america.com\/site\/mexico\/","logo":{"@type":"ImageObject","inLanguage":"es","@id":"https:\/\/noti-america.com\/site\/mexico\/#\/schema\/logo\/image\/","url":"https:\/\/noti-america.com\/site\/mexico\/wp-content\/uploads\/sites\/13\/2020\/07\/LogoNA-4x3-1.jpg","contentUrl":"https:\/\/noti-america.com\/site\/mexico\/wp-content\/uploads\/sites\/13\/2020\/07\/LogoNA-4x3-1.jpg","width":1236,"height":1080,"caption":"Noti-America LLC | M\u00e9xico"},"image":{"@id":"https:\/\/noti-america.com\/site\/mexico\/#\/schema\/logo\/image\/"}},{"@type":"Person","@id":"https:\/\/noti-america.com\/site\/mexico\/#\/schema\/person\/376ccc7b3cc7a8d5a43c3ece07a43857","name":"Yoelvzla","image":{"@type":"ImageObject","inLanguage":"es","@id":"https:\/\/secure.gravatar.com\/avatar\/13a96a72123e0e9aa76fe82e8847f726c63a1c5ef6a8d0fadd844c1a5a83b212?s=96&d=mm&r=g","url":"https:\/\/secure.gravatar.com\/avatar\/13a96a72123e0e9aa76fe82e8847f726c63a1c5ef6a8d0fadd844c1a5a83b212?s=96&d=mm&r=g","contentUrl":"https:\/\/secure.gravatar.com\/avatar\/13a96a72123e0e9aa76fe82e8847f726c63a1c5ef6a8d0fadd844c1a5a83b212?s=96&d=mm&r=g","caption":"Yoelvzla"},"url":"https:\/\/noti-america.com\/site\/mexico\/author\/ydiaz\/"}]}},"_links":{"self":[{"href":"https:\/\/noti-america.com\/site\/mexico\/wp-json\/wp\/v2\/posts\/8232","targetHints":{"allow":["GET"]}}],"collection":[{"href":"https:\/\/noti-america.com\/site\/mexico\/wp-json\/wp\/v2\/posts"}],"about":[{"href":"https:\/\/noti-america.com\/site\/mexico\/wp-json\/wp\/v2\/types\/post"}],"author":[{"embeddable":true,"href":"https:\/\/noti-america.com\/site\/mexico\/wp-json\/wp\/v2\/users\/127"}],"replies":[{"embeddable":true,"href":"https:\/\/noti-america.com\/site\/mexico\/wp-json\/wp\/v2\/comments?post=8232"}],"version-history":[{"count":1,"href":"https:\/\/noti-america.com\/site\/mexico\/wp-json\/wp\/v2\/posts\/8232\/revisions"}],"predecessor-version":[{"id":8234,"href":"https:\/\/noti-america.com\/site\/mexico\/wp-json\/wp\/v2\/posts\/8232\/revisions\/8234"}],"wp:featuredmedia":[{"embeddable":true,"href":"https:\/\/noti-america.com\/site\/mexico\/wp-json\/wp\/v2\/media\/8233"}],"wp:attachment":[{"href":"https:\/\/noti-america.com\/site\/mexico\/wp-json\/wp\/v2\/media?parent=8232"}],"wp:term":[{"taxonomy":"category","embeddable":true,"href":"https:\/\/noti-america.com\/site\/mexico\/wp-json\/wp\/v2\/categories?post=8232"},{"taxonomy":"post_tag","embeddable":true,"href":"https:\/\/noti-america.com\/site\/mexico\/wp-json\/wp\/v2\/tags?post=8232"}],"curies":[{"name":"wp","href":"https:\/\/api.w.org\/{rel}","templated":true}]}}