{"id":8228,"date":"2022-08-18T01:50:48","date_gmt":"2022-08-18T01:50:48","guid":{"rendered":"https:\/\/noti-america.com\/site\/mexico\/?p=8228"},"modified":"2022-08-18T01:50:48","modified_gmt":"2022-08-18T01:50:48","slug":"michellroxana-derrocho-glamour-en-la-gala-starlite","status":"publish","type":"post","link":"https:\/\/noti-america.com\/site\/mexico\/2022\/08\/18\/michellroxana-derrocho-glamour-en-la-gala-starlite\/","title":{"rendered":"MichellRoxana derroch\u00f3 glamour en la Gala Starlite"},"content":{"rendered":"<p><strong>MichellRoxana<\/strong> se convirti\u00f3 en la sensaci\u00f3n de la Gala Starlite; donde comparti\u00f3 con artistas de la talla de <strong>Richard Gere y Antonio Banderas<\/strong>.<\/p>\n<p>El pasado domingo pudimos disfrutar del gran evento de la gala solidaria de Starlite en Marbella; en la cual se apreciaron los mejores looks de las celebridades asistentes como. <strong>MichellRoxana<\/strong>, una vez m\u00e1s ha deslumbrado con su elecci\u00f3n de vestido; en esta ocasi\u00f3n uno verde de perlas de la marca Passarellas.<\/p>\n<p><strong>MichellRoxana<\/strong> dio su grano de arena a la Fundaci\u00f3n Starlite; recibiendo como recompensa un viaje a la isla de <strong>Gran Canaria<\/strong>, con acceso al Elder Museum of Science. Adem\u00e1s, obtuvo un pase totalmente exclusivo para usar los telescopios; utilizados por los cient\u00edficos para descubrir nuevos cometas, c\u00famulos de estrellas y nebulosas de varias clases. La exposici\u00f3n consta de paneles en los que se presentan im\u00e1genes de alta calidad de los distintos objetos astron\u00f3micos, la mayor\u00eda de ellas obtenidas por el telescopio espacial Hubble.<\/p>\n<p>La Gala Starlite se ha convertido en una cita indispensable para los famosos cada verano. Un concierto que ha congregado durante los \u00faltimos a\u00f1os un gran n\u00famero de caras conocidas de diferentes \u00e1mbitos que han dejado un photocall de lo m\u00e1s ecl\u00e9ctico, y es que es muy dif\u00edcil congregar a personalidades como Richard Gere, Loles Le\u00f3n, Carla Pereyra, Carmen Lomana y Ainhoa Arteta en un mismo lugar.<\/p>\n<p><strong>La Fundaci\u00f3n Starlite<\/strong> premia a los rostros conocidos por su labor ben\u00e9fica con unos galardones que este a\u00f1o han reca\u00eddo en Alejandra Gere; esposa de <strong>Richard Gere, Andrea Bocelli, Ana Obreg\u00f3n, Ainhoa Arteta, Carla Pereyra y Diego Boneta<\/strong>; quien no pas\u00f3 por la alfombra roja pero s\u00ed dej\u00f3 su impronta al subir al escenario y es que dedic\u00f3 una canci\u00f3n a su novia, la tambi\u00e9n actriz Renata Notni.<\/p>\n<p>Chucho Vald\u00e9s y Diego Torres, entre otros, fueron los encargados de poner ritmo a la gala que no dej\u00f3 de girar en torno a la m\u00fasica. No en vano,\u00a0la Fundaci\u00f3n recauda miles de euros gracias a los conciertos que realiza durante la semana previa a la gala.<\/p>\n","protected":false},"excerpt":{"rendered":"<p>MichellRoxana se convirti\u00f3 en la sensaci\u00f3n de la Gala Starlite; donde comparti\u00f3 con artistas de la talla de Richard Gere y Antonio Banderas. El pasado domingo pudimos disfrutar del gran evento de la gala&#46;&#46;&#46;<\/p>\n","protected":false},"author":127,"featured_media":8229,"comment_status":"open","ping_status":"open","sticky":false,"template":"","format":"image","meta":{"_acf_changed":false,"om_disable_all_campaigns":false,"rop_custom_images_group":[],"rop_custom_messages_group":[],"rop_publish_now":"initial","rop_publish_now_accounts":{"twitter_242054905_242054905":""},"rop_publish_now_history":[],"rop_publish_now_status":"pending","_uf_show_specific_survey":0,"_uf_disable_surveys":false,"footnotes":""},"categories":[8],"tags":[],"class_list":["post-8228","post","type-post","status-publish","format-image","has-post-thumbnail","hentry","category-arte-y-espectaculos","post_format-post-format-image"],"acf":[],"aioseo_notices":[],"yoast_head":"<!-- This site is optimized with the Yoast SEO Premium plugin v24.9 (Yoast SEO v27.2) - https:\/\/yoast.com\/product\/yoast-seo-premium-wordpress\/ -->\n<title>MichellRoxana derroch\u00f3 glamour en la Gala Starlite - M\u00e9xico<\/title>\n<meta name=\"robots\" content=\"index, follow, max-snippet:-1, max-image-preview:large, max-video-preview:-1\" \/>\n<link rel=\"canonical\" href=\"https:\/\/noti-america.com\/site\/mexico\/2022\/08\/18\/michellroxana-derrocho-glamour-en-la-gala-starlite\/\" \/>\n<meta property=\"og:locale\" content=\"es_ES\" \/>\n<meta property=\"og:type\" content=\"article\" \/>\n<meta property=\"og:title\" content=\"MichellRoxana derroch\u00f3 glamour en la Gala Starlite\" \/>\n<meta property=\"og:description\" content=\"MichellRoxana se convirti\u00f3 en la sensaci\u00f3n de la Gala Starlite; donde comparti\u00f3 con artistas de la talla de Richard Gere y Antonio Banderas. El pasado domingo pudimos disfrutar del gran evento de la gala&#046;&#046;&#046;\" \/>\n<meta property=\"og:url\" content=\"https:\/\/noti-america.com\/site\/mexico\/2022\/08\/18\/michellroxana-derrocho-glamour-en-la-gala-starlite\/\" \/>\n<meta property=\"og:site_name\" content=\"M\u00e9xico\" \/>\n<meta property=\"article:published_time\" content=\"2022-08-18T01:50:48+00:00\" \/>\n<meta property=\"og:image\" content=\"https:\/\/noti-america.com\/site\/mexico\/wp-content\/uploads\/sites\/13\/2022\/08\/thumbnail_image00006.jpg\" \/>\n\t<meta property=\"og:image:width\" content=\"1024\" \/>\n\t<meta property=\"og:image:height\" content=\"1280\" \/>\n\t<meta property=\"og:image:type\" content=\"image\/jpeg\" \/>\n<meta name=\"author\" content=\"Yoelvzla\" \/>\n<meta name=\"twitter:card\" content=\"summary_large_image\" \/>\n<meta name=\"twitter:label1\" content=\"Escrito por\" \/>\n\t<meta name=\"twitter:data1\" content=\"Yoelvzla\" \/>\n\t<meta name=\"twitter:label2\" content=\"Tiempo estimado de lectura\" \/>\n\t<meta name=\"twitter:data2\" content=\"2 minutos\" \/>\n<script type=\"application\/ld+json\" class=\"yoast-schema-graph\">{\"@context\":\"https:\/\/schema.org\",\"@graph\":[{\"@type\":\"Article\",\"@id\":\"https:\/\/noti-america.com\/site\/mexico\/2022\/08\/18\/michellroxana-derrocho-glamour-en-la-gala-starlite\/#article\",\"isPartOf\":{\"@id\":\"https:\/\/noti-america.com\/site\/mexico\/2022\/08\/18\/michellroxana-derrocho-glamour-en-la-gala-starlite\/\"},\"author\":{\"name\":\"Yoelvzla\",\"@id\":\"https:\/\/noti-america.com\/site\/mexico\/#\/schema\/person\/376ccc7b3cc7a8d5a43c3ece07a43857\"},\"headline\":\"MichellRoxana derroch\u00f3 glamour en la Gala Starlite\",\"datePublished\":\"2022-08-18T01:50:48+00:00\",\"mainEntityOfPage\":{\"@id\":\"https:\/\/noti-america.com\/site\/mexico\/2022\/08\/18\/michellroxana-derrocho-glamour-en-la-gala-starlite\/\"},\"wordCount\":375,\"commentCount\":0,\"publisher\":{\"@id\":\"https:\/\/noti-america.com\/site\/mexico\/#organization\"},\"image\":{\"@id\":\"https:\/\/noti-america.com\/site\/mexico\/2022\/08\/18\/michellroxana-derrocho-glamour-en-la-gala-starlite\/#primaryimage\"},\"thumbnailUrl\":\"https:\/\/noti-america.com\/site\/mexico\/wp-content\/uploads\/sites\/13\/2022\/08\/thumbnail_image00006.jpg\",\"articleSection\":[\"Arte y Espect\u00e1culos\"],\"inLanguage\":\"es\",\"potentialAction\":[{\"@type\":\"CommentAction\",\"name\":\"Comment\",\"target\":[\"https:\/\/noti-america.com\/site\/mexico\/2022\/08\/18\/michellroxana-derrocho-glamour-en-la-gala-starlite\/#respond\"]}]},{\"@type\":\"WebPage\",\"@id\":\"https:\/\/noti-america.com\/site\/mexico\/2022\/08\/18\/michellroxana-derrocho-glamour-en-la-gala-starlite\/\",\"url\":\"https:\/\/noti-america.com\/site\/mexico\/2022\/08\/18\/michellroxana-derrocho-glamour-en-la-gala-starlite\/\",\"name\":\"MichellRoxana derroch\u00f3 glamour en la Gala Starlite - M\u00e9xico\",\"isPartOf\":{\"@id\":\"https:\/\/noti-america.com\/site\/mexico\/#website\"},\"primaryImageOfPage\":{\"@id\":\"https:\/\/noti-america.com\/site\/mexico\/2022\/08\/18\/michellroxana-derrocho-glamour-en-la-gala-starlite\/#primaryimage\"},\"image\":{\"@id\":\"https:\/\/noti-america.com\/site\/mexico\/2022\/08\/18\/michellroxana-derrocho-glamour-en-la-gala-starlite\/#primaryimage\"},\"thumbnailUrl\":\"https:\/\/noti-america.com\/site\/mexico\/wp-content\/uploads\/sites\/13\/2022\/08\/thumbnail_image00006.jpg\",\"datePublished\":\"2022-08-18T01:50:48+00:00\",\"breadcrumb\":{\"@id\":\"https:\/\/noti-america.com\/site\/mexico\/2022\/08\/18\/michellroxana-derrocho-glamour-en-la-gala-starlite\/#breadcrumb\"},\"inLanguage\":\"es\",\"potentialAction\":[{\"@type\":\"ReadAction\",\"target\":[\"https:\/\/noti-america.com\/site\/mexico\/2022\/08\/18\/michellroxana-derrocho-glamour-en-la-gala-starlite\/\"]}]},{\"@type\":\"ImageObject\",\"inLanguage\":\"es\",\"@id\":\"https:\/\/noti-america.com\/site\/mexico\/2022\/08\/18\/michellroxana-derrocho-glamour-en-la-gala-starlite\/#primaryimage\",\"url\":\"https:\/\/noti-america.com\/site\/mexico\/wp-content\/uploads\/sites\/13\/2022\/08\/thumbnail_image00006.jpg\",\"contentUrl\":\"https:\/\/noti-america.com\/site\/mexico\/wp-content\/uploads\/sites\/13\/2022\/08\/thumbnail_image00006.jpg\",\"width\":1024,\"height\":1280},{\"@type\":\"BreadcrumbList\",\"@id\":\"https:\/\/noti-america.com\/site\/mexico\/2022\/08\/18\/michellroxana-derrocho-glamour-en-la-gala-starlite\/#breadcrumb\",\"itemListElement\":[{\"@type\":\"ListItem\",\"position\":1,\"name\":\"Portada\",\"item\":\"https:\/\/noti-america.com\/site\/mexico\/\"},{\"@type\":\"ListItem\",\"position\":2,\"name\":\"MichellRoxana derroch\u00f3 glamour en la Gala Starlite\"}]},{\"@type\":\"WebSite\",\"@id\":\"https:\/\/noti-america.com\/site\/mexico\/#website\",\"url\":\"https:\/\/noti-america.com\/site\/mexico\/\",\"name\":\"M\u00e9xico | Noti-America.com\",\"description\":\"\",\"publisher\":{\"@id\":\"https:\/\/noti-america.com\/site\/mexico\/#organization\"},\"potentialAction\":[{\"@type\":\"SearchAction\",\"target\":{\"@type\":\"EntryPoint\",\"urlTemplate\":\"https:\/\/noti-america.com\/site\/mexico\/?s={search_term_string}\"},\"query-input\":{\"@type\":\"PropertyValueSpecification\",\"valueRequired\":true,\"valueName\":\"search_term_string\"}}],\"inLanguage\":\"es\"},{\"@type\":\"Organization\",\"@id\":\"https:\/\/noti-america.com\/site\/mexico\/#organization\",\"name\":\"Noti-America LLC | M\u00e9xico\",\"url\":\"https:\/\/noti-america.com\/site\/mexico\/\",\"logo\":{\"@type\":\"ImageObject\",\"inLanguage\":\"es\",\"@id\":\"https:\/\/noti-america.com\/site\/mexico\/#\/schema\/logo\/image\/\",\"url\":\"https:\/\/noti-america.com\/site\/mexico\/wp-content\/uploads\/sites\/13\/2020\/07\/LogoNA-4x3-1.jpg\",\"contentUrl\":\"https:\/\/noti-america.com\/site\/mexico\/wp-content\/uploads\/sites\/13\/2020\/07\/LogoNA-4x3-1.jpg\",\"width\":1236,\"height\":1080,\"caption\":\"Noti-America LLC | M\u00e9xico\"},\"image\":{\"@id\":\"https:\/\/noti-america.com\/site\/mexico\/#\/schema\/logo\/image\/\"}},{\"@type\":\"Person\",\"@id\":\"https:\/\/noti-america.com\/site\/mexico\/#\/schema\/person\/376ccc7b3cc7a8d5a43c3ece07a43857\",\"name\":\"Yoelvzla\",\"image\":{\"@type\":\"ImageObject\",\"inLanguage\":\"es\",\"@id\":\"https:\/\/secure.gravatar.com\/avatar\/13a96a72123e0e9aa76fe82e8847f726c63a1c5ef6a8d0fadd844c1a5a83b212?s=96&d=mm&r=g\",\"url\":\"https:\/\/secure.gravatar.com\/avatar\/13a96a72123e0e9aa76fe82e8847f726c63a1c5ef6a8d0fadd844c1a5a83b212?s=96&d=mm&r=g\",\"contentUrl\":\"https:\/\/secure.gravatar.com\/avatar\/13a96a72123e0e9aa76fe82e8847f726c63a1c5ef6a8d0fadd844c1a5a83b212?s=96&d=mm&r=g\",\"caption\":\"Yoelvzla\"},\"url\":\"https:\/\/noti-america.com\/site\/mexico\/author\/ydiaz\/\"}]}<\/script>\n<!-- \/ Yoast SEO Premium plugin. -->","yoast_head_json":{"title":"MichellRoxana derroch\u00f3 glamour en la Gala Starlite - M\u00e9xico","robots":{"index":"index","follow":"follow","max-snippet":"max-snippet:-1","max-image-preview":"max-image-preview:large","max-video-preview":"max-video-preview:-1"},"canonical":"https:\/\/noti-america.com\/site\/mexico\/2022\/08\/18\/michellroxana-derrocho-glamour-en-la-gala-starlite\/","og_locale":"es_ES","og_type":"article","og_title":"MichellRoxana derroch\u00f3 glamour en la Gala Starlite","og_description":"MichellRoxana se convirti\u00f3 en la sensaci\u00f3n de la Gala Starlite; donde comparti\u00f3 con artistas de la talla de Richard Gere y Antonio Banderas. El pasado domingo pudimos disfrutar del gran evento de la gala&#46;&#46;&#46;","og_url":"https:\/\/noti-america.com\/site\/mexico\/2022\/08\/18\/michellroxana-derrocho-glamour-en-la-gala-starlite\/","og_site_name":"M\u00e9xico","article_published_time":"2022-08-18T01:50:48+00:00","og_image":[{"width":1024,"height":1280,"url":"https:\/\/noti-america.com\/site\/mexico\/wp-content\/uploads\/sites\/13\/2022\/08\/thumbnail_image00006.jpg","type":"image\/jpeg"}],"author":"Yoelvzla","twitter_card":"summary_large_image","twitter_misc":{"Escrito por":"Yoelvzla","Tiempo estimado de lectura":"2 minutos"},"schema":{"@context":"https:\/\/schema.org","@graph":[{"@type":"Article","@id":"https:\/\/noti-america.com\/site\/mexico\/2022\/08\/18\/michellroxana-derrocho-glamour-en-la-gala-starlite\/#article","isPartOf":{"@id":"https:\/\/noti-america.com\/site\/mexico\/2022\/08\/18\/michellroxana-derrocho-glamour-en-la-gala-starlite\/"},"author":{"name":"Yoelvzla","@id":"https:\/\/noti-america.com\/site\/mexico\/#\/schema\/person\/376ccc7b3cc7a8d5a43c3ece07a43857"},"headline":"MichellRoxana derroch\u00f3 glamour en la Gala Starlite","datePublished":"2022-08-18T01:50:48+00:00","mainEntityOfPage":{"@id":"https:\/\/noti-america.com\/site\/mexico\/2022\/08\/18\/michellroxana-derrocho-glamour-en-la-gala-starlite\/"},"wordCount":375,"commentCount":0,"publisher":{"@id":"https:\/\/noti-america.com\/site\/mexico\/#organization"},"image":{"@id":"https:\/\/noti-america.com\/site\/mexico\/2022\/08\/18\/michellroxana-derrocho-glamour-en-la-gala-starlite\/#primaryimage"},"thumbnailUrl":"https:\/\/noti-america.com\/site\/mexico\/wp-content\/uploads\/sites\/13\/2022\/08\/thumbnail_image00006.jpg","articleSection":["Arte y Espect\u00e1culos"],"inLanguage":"es","potentialAction":[{"@type":"CommentAction","name":"Comment","target":["https:\/\/noti-america.com\/site\/mexico\/2022\/08\/18\/michellroxana-derrocho-glamour-en-la-gala-starlite\/#respond"]}]},{"@type":"WebPage","@id":"https:\/\/noti-america.com\/site\/mexico\/2022\/08\/18\/michellroxana-derrocho-glamour-en-la-gala-starlite\/","url":"https:\/\/noti-america.com\/site\/mexico\/2022\/08\/18\/michellroxana-derrocho-glamour-en-la-gala-starlite\/","name":"MichellRoxana derroch\u00f3 glamour en la Gala Starlite - M\u00e9xico","isPartOf":{"@id":"https:\/\/noti-america.com\/site\/mexico\/#website"},"primaryImageOfPage":{"@id":"https:\/\/noti-america.com\/site\/mexico\/2022\/08\/18\/michellroxana-derrocho-glamour-en-la-gala-starlite\/#primaryimage"},"image":{"@id":"https:\/\/noti-america.com\/site\/mexico\/2022\/08\/18\/michellroxana-derrocho-glamour-en-la-gala-starlite\/#primaryimage"},"thumbnailUrl":"https:\/\/noti-america.com\/site\/mexico\/wp-content\/uploads\/sites\/13\/2022\/08\/thumbnail_image00006.jpg","datePublished":"2022-08-18T01:50:48+00:00","breadcrumb":{"@id":"https:\/\/noti-america.com\/site\/mexico\/2022\/08\/18\/michellroxana-derrocho-glamour-en-la-gala-starlite\/#breadcrumb"},"inLanguage":"es","potentialAction":[{"@type":"ReadAction","target":["https:\/\/noti-america.com\/site\/mexico\/2022\/08\/18\/michellroxana-derrocho-glamour-en-la-gala-starlite\/"]}]},{"@type":"ImageObject","inLanguage":"es","@id":"https:\/\/noti-america.com\/site\/mexico\/2022\/08\/18\/michellroxana-derrocho-glamour-en-la-gala-starlite\/#primaryimage","url":"https:\/\/noti-america.com\/site\/mexico\/wp-content\/uploads\/sites\/13\/2022\/08\/thumbnail_image00006.jpg","contentUrl":"https:\/\/noti-america.com\/site\/mexico\/wp-content\/uploads\/sites\/13\/2022\/08\/thumbnail_image00006.jpg","width":1024,"height":1280},{"@type":"BreadcrumbList","@id":"https:\/\/noti-america.com\/site\/mexico\/2022\/08\/18\/michellroxana-derrocho-glamour-en-la-gala-starlite\/#breadcrumb","itemListElement":[{"@type":"ListItem","position":1,"name":"Portada","item":"https:\/\/noti-america.com\/site\/mexico\/"},{"@type":"ListItem","position":2,"name":"MichellRoxana derroch\u00f3 glamour en la Gala Starlite"}]},{"@type":"WebSite","@id":"https:\/\/noti-america.com\/site\/mexico\/#website","url":"https:\/\/noti-america.com\/site\/mexico\/","name":"M\u00e9xico | Noti-America.com","description":"","publisher":{"@id":"https:\/\/noti-america.com\/site\/mexico\/#organization"},"potentialAction":[{"@type":"SearchAction","target":{"@type":"EntryPoint","urlTemplate":"https:\/\/noti-america.com\/site\/mexico\/?s={search_term_string}"},"query-input":{"@type":"PropertyValueSpecification","valueRequired":true,"valueName":"search_term_string"}}],"inLanguage":"es"},{"@type":"Organization","@id":"https:\/\/noti-america.com\/site\/mexico\/#organization","name":"Noti-America LLC | M\u00e9xico","url":"https:\/\/noti-america.com\/site\/mexico\/","logo":{"@type":"ImageObject","inLanguage":"es","@id":"https:\/\/noti-america.com\/site\/mexico\/#\/schema\/logo\/image\/","url":"https:\/\/noti-america.com\/site\/mexico\/wp-content\/uploads\/sites\/13\/2020\/07\/LogoNA-4x3-1.jpg","contentUrl":"https:\/\/noti-america.com\/site\/mexico\/wp-content\/uploads\/sites\/13\/2020\/07\/LogoNA-4x3-1.jpg","width":1236,"height":1080,"caption":"Noti-America LLC | M\u00e9xico"},"image":{"@id":"https:\/\/noti-america.com\/site\/mexico\/#\/schema\/logo\/image\/"}},{"@type":"Person","@id":"https:\/\/noti-america.com\/site\/mexico\/#\/schema\/person\/376ccc7b3cc7a8d5a43c3ece07a43857","name":"Yoelvzla","image":{"@type":"ImageObject","inLanguage":"es","@id":"https:\/\/secure.gravatar.com\/avatar\/13a96a72123e0e9aa76fe82e8847f726c63a1c5ef6a8d0fadd844c1a5a83b212?s=96&d=mm&r=g","url":"https:\/\/secure.gravatar.com\/avatar\/13a96a72123e0e9aa76fe82e8847f726c63a1c5ef6a8d0fadd844c1a5a83b212?s=96&d=mm&r=g","contentUrl":"https:\/\/secure.gravatar.com\/avatar\/13a96a72123e0e9aa76fe82e8847f726c63a1c5ef6a8d0fadd844c1a5a83b212?s=96&d=mm&r=g","caption":"Yoelvzla"},"url":"https:\/\/noti-america.com\/site\/mexico\/author\/ydiaz\/"}]}},"_links":{"self":[{"href":"https:\/\/noti-america.com\/site\/mexico\/wp-json\/wp\/v2\/posts\/8228","targetHints":{"allow":["GET"]}}],"collection":[{"href":"https:\/\/noti-america.com\/site\/mexico\/wp-json\/wp\/v2\/posts"}],"about":[{"href":"https:\/\/noti-america.com\/site\/mexico\/wp-json\/wp\/v2\/types\/post"}],"author":[{"embeddable":true,"href":"https:\/\/noti-america.com\/site\/mexico\/wp-json\/wp\/v2\/users\/127"}],"replies":[{"embeddable":true,"href":"https:\/\/noti-america.com\/site\/mexico\/wp-json\/wp\/v2\/comments?post=8228"}],"version-history":[{"count":1,"href":"https:\/\/noti-america.com\/site\/mexico\/wp-json\/wp\/v2\/posts\/8228\/revisions"}],"predecessor-version":[{"id":8230,"href":"https:\/\/noti-america.com\/site\/mexico\/wp-json\/wp\/v2\/posts\/8228\/revisions\/8230"}],"wp:featuredmedia":[{"embeddable":true,"href":"https:\/\/noti-america.com\/site\/mexico\/wp-json\/wp\/v2\/media\/8229"}],"wp:attachment":[{"href":"https:\/\/noti-america.com\/site\/mexico\/wp-json\/wp\/v2\/media?parent=8228"}],"wp:term":[{"taxonomy":"category","embeddable":true,"href":"https:\/\/noti-america.com\/site\/mexico\/wp-json\/wp\/v2\/categories?post=8228"},{"taxonomy":"post_tag","embeddable":true,"href":"https:\/\/noti-america.com\/site\/mexico\/wp-json\/wp\/v2\/tags?post=8228"}],"curies":[{"name":"wp","href":"https:\/\/api.w.org\/{rel}","templated":true}]}}