{"id":8028,"date":"2022-06-21T13:57:04","date_gmt":"2022-06-21T13:57:04","guid":{"rendered":"https:\/\/noti-america.com\/site\/mexico\/?p=8028"},"modified":"2022-06-21T13:57:04","modified_gmt":"2022-06-21T13:57:04","slug":"campeon-nacional-e-internacional-shneider-fajardo-el-pequeno-venezolano-que-se-posiciona-en-competencias-de-motrocross","status":"publish","type":"post","link":"https:\/\/noti-america.com\/site\/mexico\/2022\/06\/21\/campeon-nacional-e-internacional-shneider-fajardo-el-pequeno-venezolano-que-se-posiciona-en-competencias-de-motrocross\/","title":{"rendered":"Campe\u00f3n nacional e internacional: Shneider Fajardo, el peque\u00f1o venezolano que se posiciona en competencias de Motrocross"},"content":{"rendered":"<p>Venezuela se ha caracterizado como la tierra l\u00edder en la exportaci\u00f3n de talentos que han dejado el nombre del pa\u00eds en alto. Desde distintas perspectivas el profesionalismo y la dedicaci\u00f3n que se trabaja desde peque\u00f1os posiciona a grandes expertos; como es el caso del Arague\u00f1o, Shneider Fajardo Ortiz.<\/p>\n<p>Con tan solo 10 a\u00f1os, Fajardo ha dedicado mucha disciplina al mundo del deporte; espec\u00edficamente del Motocross, a su corta edad asegura que quiere ser empresario, sin dejar atr\u00e1s el mundo de la motocicleta.<\/p>\n<p>Es aqu\u00ed donde se ve la disciplina por superarse, porque Shneider dej\u00f3 saber que para ser mejor cada d\u00eda en lo que haces no importa el nivel de preparaci\u00f3n que puedas tener, y es que actualmente cursa 4to grado de educaci\u00f3n primaria. Tambi\u00e9n pr\u00e1ctica F\u00fatbol, Bicicleta BMX, Aeromodelismo; adem\u00e1s de recibir clases de oratoria. Recientemente fue ganador de la 2da copa Moto Extreme 2021 y campe\u00f3n Nacional 2021 en la categor\u00eda 65cc, el mismo a\u00f1o represent\u00f3 a Venezuela en un LatinoAmericano en el pa\u00eds vecino Colombia obteniendo el 3er lugar en su categor\u00eda.<\/p>\n<p>Sin duda Shneider muestra que en la preparaci\u00f3n est\u00e1 la clave del \u00e9xito, en todas las redes sociales lo encuentran como: @shneiderracingteam motivando a los otros ni\u00f1os a hacer lo que les apasionan.<\/p>\n","protected":false},"excerpt":{"rendered":"<p>Venezuela se ha caracterizado como la tierra l\u00edder en la exportaci\u00f3n de talentos que han dejado el nombre del pa\u00eds en alto. Desde distintas perspectivas el profesionalismo y la dedicaci\u00f3n que se trabaja desde&#46;&#46;&#46;<\/p>\n","protected":false},"author":127,"featured_media":8029,"comment_status":"open","ping_status":"open","sticky":false,"template":"","format":"image","meta":{"_acf_changed":false,"om_disable_all_campaigns":false,"rop_custom_images_group":[],"rop_custom_messages_group":[],"rop_publish_now":"initial","rop_publish_now_accounts":{"twitter_242054905_242054905":""},"rop_publish_now_history":[],"rop_publish_now_status":"pending","_uf_show_specific_survey":0,"_uf_disable_surveys":false,"footnotes":""},"categories":[16],"tags":[],"class_list":["post-8028","post","type-post","status-publish","format-image","has-post-thumbnail","hentry","category-deportes","post_format-post-format-image"],"acf":[],"aioseo_notices":[],"yoast_head":"<!-- This site is optimized with the Yoast SEO Premium plugin v24.9 (Yoast SEO v27.2) - https:\/\/yoast.com\/product\/yoast-seo-premium-wordpress\/ -->\n<title>Campe\u00f3n nacional e internacional: Shneider Fajardo, el peque\u00f1o venezolano que se posiciona en competencias de Motrocross - M\u00e9xico<\/title>\n<meta name=\"robots\" content=\"index, follow, max-snippet:-1, max-image-preview:large, max-video-preview:-1\" \/>\n<link rel=\"canonical\" href=\"https:\/\/noti-america.com\/site\/mexico\/2022\/06\/21\/campeon-nacional-e-internacional-shneider-fajardo-el-pequeno-venezolano-que-se-posiciona-en-competencias-de-motrocross\/\" \/>\n<meta property=\"og:locale\" content=\"es_ES\" \/>\n<meta property=\"og:type\" content=\"article\" \/>\n<meta property=\"og:title\" content=\"Campe\u00f3n nacional e internacional: Shneider Fajardo, el peque\u00f1o venezolano que se posiciona en competencias de Motrocross\" \/>\n<meta property=\"og:description\" content=\"Venezuela se ha caracterizado como la tierra l\u00edder en la exportaci\u00f3n de talentos que han dejado el nombre del pa\u00eds en alto. Desde distintas perspectivas el profesionalismo y la dedicaci\u00f3n que se trabaja desde&#046;&#046;&#046;\" \/>\n<meta property=\"og:url\" content=\"https:\/\/noti-america.com\/site\/mexico\/2022\/06\/21\/campeon-nacional-e-internacional-shneider-fajardo-el-pequeno-venezolano-que-se-posiciona-en-competencias-de-motrocross\/\" \/>\n<meta property=\"og:site_name\" content=\"M\u00e9xico\" \/>\n<meta property=\"article:published_time\" content=\"2022-06-21T13:57:04+00:00\" \/>\n<meta property=\"og:image\" content=\"https:\/\/noti-america.com\/site\/mexico\/wp-content\/uploads\/sites\/13\/2022\/06\/thumbnail_Shneider-..jpg\" \/>\n\t<meta property=\"og:image:width\" content=\"1242\" \/>\n\t<meta property=\"og:image:height\" content=\"1200\" \/>\n\t<meta property=\"og:image:type\" content=\"image\/jpeg\" \/>\n<meta name=\"author\" content=\"Yoelvzla\" \/>\n<meta name=\"twitter:card\" content=\"summary_large_image\" \/>\n<meta name=\"twitter:label1\" content=\"Escrito por\" \/>\n\t<meta name=\"twitter:data1\" content=\"Yoelvzla\" \/>\n\t<meta name=\"twitter:label2\" content=\"Tiempo estimado de lectura\" \/>\n\t<meta name=\"twitter:data2\" content=\"1 minuto\" \/>\n<script type=\"application\/ld+json\" class=\"yoast-schema-graph\">{\"@context\":\"https:\/\/schema.org\",\"@graph\":[{\"@type\":\"Article\",\"@id\":\"https:\/\/noti-america.com\/site\/mexico\/2022\/06\/21\/campeon-nacional-e-internacional-shneider-fajardo-el-pequeno-venezolano-que-se-posiciona-en-competencias-de-motrocross\/#article\",\"isPartOf\":{\"@id\":\"https:\/\/noti-america.com\/site\/mexico\/2022\/06\/21\/campeon-nacional-e-internacional-shneider-fajardo-el-pequeno-venezolano-que-se-posiciona-en-competencias-de-motrocross\/\"},\"author\":{\"name\":\"Yoelvzla\",\"@id\":\"https:\/\/noti-america.com\/site\/mexico\/#\/schema\/person\/376ccc7b3cc7a8d5a43c3ece07a43857\"},\"headline\":\"Campe\u00f3n nacional e internacional: Shneider Fajardo, el peque\u00f1o venezolano que se posiciona en competencias de Motrocross\",\"datePublished\":\"2022-06-21T13:57:04+00:00\",\"mainEntityOfPage\":{\"@id\":\"https:\/\/noti-america.com\/site\/mexico\/2022\/06\/21\/campeon-nacional-e-internacional-shneider-fajardo-el-pequeno-venezolano-que-se-posiciona-en-competencias-de-motrocross\/\"},\"wordCount\":246,\"commentCount\":0,\"publisher\":{\"@id\":\"https:\/\/noti-america.com\/site\/mexico\/#organization\"},\"image\":{\"@id\":\"https:\/\/noti-america.com\/site\/mexico\/2022\/06\/21\/campeon-nacional-e-internacional-shneider-fajardo-el-pequeno-venezolano-que-se-posiciona-en-competencias-de-motrocross\/#primaryimage\"},\"thumbnailUrl\":\"https:\/\/noti-america.com\/site\/mexico\/wp-content\/uploads\/sites\/13\/2022\/06\/thumbnail_Shneider-..jpg\",\"articleSection\":[\"Deportes\"],\"inLanguage\":\"es\",\"potentialAction\":[{\"@type\":\"CommentAction\",\"name\":\"Comment\",\"target\":[\"https:\/\/noti-america.com\/site\/mexico\/2022\/06\/21\/campeon-nacional-e-internacional-shneider-fajardo-el-pequeno-venezolano-que-se-posiciona-en-competencias-de-motrocross\/#respond\"]}]},{\"@type\":\"WebPage\",\"@id\":\"https:\/\/noti-america.com\/site\/mexico\/2022\/06\/21\/campeon-nacional-e-internacional-shneider-fajardo-el-pequeno-venezolano-que-se-posiciona-en-competencias-de-motrocross\/\",\"url\":\"https:\/\/noti-america.com\/site\/mexico\/2022\/06\/21\/campeon-nacional-e-internacional-shneider-fajardo-el-pequeno-venezolano-que-se-posiciona-en-competencias-de-motrocross\/\",\"name\":\"Campe\u00f3n nacional e internacional: Shneider Fajardo, el peque\u00f1o venezolano que se posiciona en competencias de Motrocross - M\u00e9xico\",\"isPartOf\":{\"@id\":\"https:\/\/noti-america.com\/site\/mexico\/#website\"},\"primaryImageOfPage\":{\"@id\":\"https:\/\/noti-america.com\/site\/mexico\/2022\/06\/21\/campeon-nacional-e-internacional-shneider-fajardo-el-pequeno-venezolano-que-se-posiciona-en-competencias-de-motrocross\/#primaryimage\"},\"image\":{\"@id\":\"https:\/\/noti-america.com\/site\/mexico\/2022\/06\/21\/campeon-nacional-e-internacional-shneider-fajardo-el-pequeno-venezolano-que-se-posiciona-en-competencias-de-motrocross\/#primaryimage\"},\"thumbnailUrl\":\"https:\/\/noti-america.com\/site\/mexico\/wp-content\/uploads\/sites\/13\/2022\/06\/thumbnail_Shneider-..jpg\",\"datePublished\":\"2022-06-21T13:57:04+00:00\",\"breadcrumb\":{\"@id\":\"https:\/\/noti-america.com\/site\/mexico\/2022\/06\/21\/campeon-nacional-e-internacional-shneider-fajardo-el-pequeno-venezolano-que-se-posiciona-en-competencias-de-motrocross\/#breadcrumb\"},\"inLanguage\":\"es\",\"potentialAction\":[{\"@type\":\"ReadAction\",\"target\":[\"https:\/\/noti-america.com\/site\/mexico\/2022\/06\/21\/campeon-nacional-e-internacional-shneider-fajardo-el-pequeno-venezolano-que-se-posiciona-en-competencias-de-motrocross\/\"]}]},{\"@type\":\"ImageObject\",\"inLanguage\":\"es\",\"@id\":\"https:\/\/noti-america.com\/site\/mexico\/2022\/06\/21\/campeon-nacional-e-internacional-shneider-fajardo-el-pequeno-venezolano-que-se-posiciona-en-competencias-de-motrocross\/#primaryimage\",\"url\":\"https:\/\/noti-america.com\/site\/mexico\/wp-content\/uploads\/sites\/13\/2022\/06\/thumbnail_Shneider-..jpg\",\"contentUrl\":\"https:\/\/noti-america.com\/site\/mexico\/wp-content\/uploads\/sites\/13\/2022\/06\/thumbnail_Shneider-..jpg\",\"width\":1242,\"height\":1200},{\"@type\":\"BreadcrumbList\",\"@id\":\"https:\/\/noti-america.com\/site\/mexico\/2022\/06\/21\/campeon-nacional-e-internacional-shneider-fajardo-el-pequeno-venezolano-que-se-posiciona-en-competencias-de-motrocross\/#breadcrumb\",\"itemListElement\":[{\"@type\":\"ListItem\",\"position\":1,\"name\":\"Portada\",\"item\":\"https:\/\/noti-america.com\/site\/mexico\/\"},{\"@type\":\"ListItem\",\"position\":2,\"name\":\"Campe\u00f3n nacional e internacional: Shneider Fajardo, el peque\u00f1o venezolano que se posiciona en competencias de Motrocross\"}]},{\"@type\":\"WebSite\",\"@id\":\"https:\/\/noti-america.com\/site\/mexico\/#website\",\"url\":\"https:\/\/noti-america.com\/site\/mexico\/\",\"name\":\"M\u00e9xico | Noti-America.com\",\"description\":\"\",\"publisher\":{\"@id\":\"https:\/\/noti-america.com\/site\/mexico\/#organization\"},\"potentialAction\":[{\"@type\":\"SearchAction\",\"target\":{\"@type\":\"EntryPoint\",\"urlTemplate\":\"https:\/\/noti-america.com\/site\/mexico\/?s={search_term_string}\"},\"query-input\":{\"@type\":\"PropertyValueSpecification\",\"valueRequired\":true,\"valueName\":\"search_term_string\"}}],\"inLanguage\":\"es\"},{\"@type\":\"Organization\",\"@id\":\"https:\/\/noti-america.com\/site\/mexico\/#organization\",\"name\":\"Noti-America LLC | M\u00e9xico\",\"url\":\"https:\/\/noti-america.com\/site\/mexico\/\",\"logo\":{\"@type\":\"ImageObject\",\"inLanguage\":\"es\",\"@id\":\"https:\/\/noti-america.com\/site\/mexico\/#\/schema\/logo\/image\/\",\"url\":\"https:\/\/noti-america.com\/site\/mexico\/wp-content\/uploads\/sites\/13\/2020\/07\/LogoNA-4x3-1.jpg\",\"contentUrl\":\"https:\/\/noti-america.com\/site\/mexico\/wp-content\/uploads\/sites\/13\/2020\/07\/LogoNA-4x3-1.jpg\",\"width\":1236,\"height\":1080,\"caption\":\"Noti-America LLC | M\u00e9xico\"},\"image\":{\"@id\":\"https:\/\/noti-america.com\/site\/mexico\/#\/schema\/logo\/image\/\"}},{\"@type\":\"Person\",\"@id\":\"https:\/\/noti-america.com\/site\/mexico\/#\/schema\/person\/376ccc7b3cc7a8d5a43c3ece07a43857\",\"name\":\"Yoelvzla\",\"image\":{\"@type\":\"ImageObject\",\"inLanguage\":\"es\",\"@id\":\"https:\/\/secure.gravatar.com\/avatar\/13a96a72123e0e9aa76fe82e8847f726c63a1c5ef6a8d0fadd844c1a5a83b212?s=96&d=mm&r=g\",\"url\":\"https:\/\/secure.gravatar.com\/avatar\/13a96a72123e0e9aa76fe82e8847f726c63a1c5ef6a8d0fadd844c1a5a83b212?s=96&d=mm&r=g\",\"contentUrl\":\"https:\/\/secure.gravatar.com\/avatar\/13a96a72123e0e9aa76fe82e8847f726c63a1c5ef6a8d0fadd844c1a5a83b212?s=96&d=mm&r=g\",\"caption\":\"Yoelvzla\"},\"url\":\"https:\/\/noti-america.com\/site\/mexico\/author\/ydiaz\/\"}]}<\/script>\n<!-- \/ Yoast SEO Premium plugin. -->","yoast_head_json":{"title":"Campe\u00f3n nacional e internacional: Shneider Fajardo, el peque\u00f1o venezolano que se posiciona en competencias de Motrocross - M\u00e9xico","robots":{"index":"index","follow":"follow","max-snippet":"max-snippet:-1","max-image-preview":"max-image-preview:large","max-video-preview":"max-video-preview:-1"},"canonical":"https:\/\/noti-america.com\/site\/mexico\/2022\/06\/21\/campeon-nacional-e-internacional-shneider-fajardo-el-pequeno-venezolano-que-se-posiciona-en-competencias-de-motrocross\/","og_locale":"es_ES","og_type":"article","og_title":"Campe\u00f3n nacional e internacional: Shneider Fajardo, el peque\u00f1o venezolano que se posiciona en competencias de Motrocross","og_description":"Venezuela se ha caracterizado como la tierra l\u00edder en la exportaci\u00f3n de talentos que han dejado el nombre del pa\u00eds en alto. Desde distintas perspectivas el profesionalismo y la dedicaci\u00f3n que se trabaja desde&#46;&#46;&#46;","og_url":"https:\/\/noti-america.com\/site\/mexico\/2022\/06\/21\/campeon-nacional-e-internacional-shneider-fajardo-el-pequeno-venezolano-que-se-posiciona-en-competencias-de-motrocross\/","og_site_name":"M\u00e9xico","article_published_time":"2022-06-21T13:57:04+00:00","og_image":[{"width":1242,"height":1200,"url":"https:\/\/noti-america.com\/site\/mexico\/wp-content\/uploads\/sites\/13\/2022\/06\/thumbnail_Shneider-..jpg","type":"image\/jpeg"}],"author":"Yoelvzla","twitter_card":"summary_large_image","twitter_misc":{"Escrito por":"Yoelvzla","Tiempo estimado de lectura":"1 minuto"},"schema":{"@context":"https:\/\/schema.org","@graph":[{"@type":"Article","@id":"https:\/\/noti-america.com\/site\/mexico\/2022\/06\/21\/campeon-nacional-e-internacional-shneider-fajardo-el-pequeno-venezolano-que-se-posiciona-en-competencias-de-motrocross\/#article","isPartOf":{"@id":"https:\/\/noti-america.com\/site\/mexico\/2022\/06\/21\/campeon-nacional-e-internacional-shneider-fajardo-el-pequeno-venezolano-que-se-posiciona-en-competencias-de-motrocross\/"},"author":{"name":"Yoelvzla","@id":"https:\/\/noti-america.com\/site\/mexico\/#\/schema\/person\/376ccc7b3cc7a8d5a43c3ece07a43857"},"headline":"Campe\u00f3n nacional e internacional: Shneider Fajardo, el peque\u00f1o venezolano que se posiciona en competencias de Motrocross","datePublished":"2022-06-21T13:57:04+00:00","mainEntityOfPage":{"@id":"https:\/\/noti-america.com\/site\/mexico\/2022\/06\/21\/campeon-nacional-e-internacional-shneider-fajardo-el-pequeno-venezolano-que-se-posiciona-en-competencias-de-motrocross\/"},"wordCount":246,"commentCount":0,"publisher":{"@id":"https:\/\/noti-america.com\/site\/mexico\/#organization"},"image":{"@id":"https:\/\/noti-america.com\/site\/mexico\/2022\/06\/21\/campeon-nacional-e-internacional-shneider-fajardo-el-pequeno-venezolano-que-se-posiciona-en-competencias-de-motrocross\/#primaryimage"},"thumbnailUrl":"https:\/\/noti-america.com\/site\/mexico\/wp-content\/uploads\/sites\/13\/2022\/06\/thumbnail_Shneider-..jpg","articleSection":["Deportes"],"inLanguage":"es","potentialAction":[{"@type":"CommentAction","name":"Comment","target":["https:\/\/noti-america.com\/site\/mexico\/2022\/06\/21\/campeon-nacional-e-internacional-shneider-fajardo-el-pequeno-venezolano-que-se-posiciona-en-competencias-de-motrocross\/#respond"]}]},{"@type":"WebPage","@id":"https:\/\/noti-america.com\/site\/mexico\/2022\/06\/21\/campeon-nacional-e-internacional-shneider-fajardo-el-pequeno-venezolano-que-se-posiciona-en-competencias-de-motrocross\/","url":"https:\/\/noti-america.com\/site\/mexico\/2022\/06\/21\/campeon-nacional-e-internacional-shneider-fajardo-el-pequeno-venezolano-que-se-posiciona-en-competencias-de-motrocross\/","name":"Campe\u00f3n nacional e internacional: Shneider Fajardo, el peque\u00f1o venezolano que se posiciona en competencias de Motrocross - M\u00e9xico","isPartOf":{"@id":"https:\/\/noti-america.com\/site\/mexico\/#website"},"primaryImageOfPage":{"@id":"https:\/\/noti-america.com\/site\/mexico\/2022\/06\/21\/campeon-nacional-e-internacional-shneider-fajardo-el-pequeno-venezolano-que-se-posiciona-en-competencias-de-motrocross\/#primaryimage"},"image":{"@id":"https:\/\/noti-america.com\/site\/mexico\/2022\/06\/21\/campeon-nacional-e-internacional-shneider-fajardo-el-pequeno-venezolano-que-se-posiciona-en-competencias-de-motrocross\/#primaryimage"},"thumbnailUrl":"https:\/\/noti-america.com\/site\/mexico\/wp-content\/uploads\/sites\/13\/2022\/06\/thumbnail_Shneider-..jpg","datePublished":"2022-06-21T13:57:04+00:00","breadcrumb":{"@id":"https:\/\/noti-america.com\/site\/mexico\/2022\/06\/21\/campeon-nacional-e-internacional-shneider-fajardo-el-pequeno-venezolano-que-se-posiciona-en-competencias-de-motrocross\/#breadcrumb"},"inLanguage":"es","potentialAction":[{"@type":"ReadAction","target":["https:\/\/noti-america.com\/site\/mexico\/2022\/06\/21\/campeon-nacional-e-internacional-shneider-fajardo-el-pequeno-venezolano-que-se-posiciona-en-competencias-de-motrocross\/"]}]},{"@type":"ImageObject","inLanguage":"es","@id":"https:\/\/noti-america.com\/site\/mexico\/2022\/06\/21\/campeon-nacional-e-internacional-shneider-fajardo-el-pequeno-venezolano-que-se-posiciona-en-competencias-de-motrocross\/#primaryimage","url":"https:\/\/noti-america.com\/site\/mexico\/wp-content\/uploads\/sites\/13\/2022\/06\/thumbnail_Shneider-..jpg","contentUrl":"https:\/\/noti-america.com\/site\/mexico\/wp-content\/uploads\/sites\/13\/2022\/06\/thumbnail_Shneider-..jpg","width":1242,"height":1200},{"@type":"BreadcrumbList","@id":"https:\/\/noti-america.com\/site\/mexico\/2022\/06\/21\/campeon-nacional-e-internacional-shneider-fajardo-el-pequeno-venezolano-que-se-posiciona-en-competencias-de-motrocross\/#breadcrumb","itemListElement":[{"@type":"ListItem","position":1,"name":"Portada","item":"https:\/\/noti-america.com\/site\/mexico\/"},{"@type":"ListItem","position":2,"name":"Campe\u00f3n nacional e internacional: Shneider Fajardo, el peque\u00f1o venezolano que se posiciona en competencias de Motrocross"}]},{"@type":"WebSite","@id":"https:\/\/noti-america.com\/site\/mexico\/#website","url":"https:\/\/noti-america.com\/site\/mexico\/","name":"M\u00e9xico | Noti-America.com","description":"","publisher":{"@id":"https:\/\/noti-america.com\/site\/mexico\/#organization"},"potentialAction":[{"@type":"SearchAction","target":{"@type":"EntryPoint","urlTemplate":"https:\/\/noti-america.com\/site\/mexico\/?s={search_term_string}"},"query-input":{"@type":"PropertyValueSpecification","valueRequired":true,"valueName":"search_term_string"}}],"inLanguage":"es"},{"@type":"Organization","@id":"https:\/\/noti-america.com\/site\/mexico\/#organization","name":"Noti-America LLC | M\u00e9xico","url":"https:\/\/noti-america.com\/site\/mexico\/","logo":{"@type":"ImageObject","inLanguage":"es","@id":"https:\/\/noti-america.com\/site\/mexico\/#\/schema\/logo\/image\/","url":"https:\/\/noti-america.com\/site\/mexico\/wp-content\/uploads\/sites\/13\/2020\/07\/LogoNA-4x3-1.jpg","contentUrl":"https:\/\/noti-america.com\/site\/mexico\/wp-content\/uploads\/sites\/13\/2020\/07\/LogoNA-4x3-1.jpg","width":1236,"height":1080,"caption":"Noti-America LLC | M\u00e9xico"},"image":{"@id":"https:\/\/noti-america.com\/site\/mexico\/#\/schema\/logo\/image\/"}},{"@type":"Person","@id":"https:\/\/noti-america.com\/site\/mexico\/#\/schema\/person\/376ccc7b3cc7a8d5a43c3ece07a43857","name":"Yoelvzla","image":{"@type":"ImageObject","inLanguage":"es","@id":"https:\/\/secure.gravatar.com\/avatar\/13a96a72123e0e9aa76fe82e8847f726c63a1c5ef6a8d0fadd844c1a5a83b212?s=96&d=mm&r=g","url":"https:\/\/secure.gravatar.com\/avatar\/13a96a72123e0e9aa76fe82e8847f726c63a1c5ef6a8d0fadd844c1a5a83b212?s=96&d=mm&r=g","contentUrl":"https:\/\/secure.gravatar.com\/avatar\/13a96a72123e0e9aa76fe82e8847f726c63a1c5ef6a8d0fadd844c1a5a83b212?s=96&d=mm&r=g","caption":"Yoelvzla"},"url":"https:\/\/noti-america.com\/site\/mexico\/author\/ydiaz\/"}]}},"_links":{"self":[{"href":"https:\/\/noti-america.com\/site\/mexico\/wp-json\/wp\/v2\/posts\/8028","targetHints":{"allow":["GET"]}}],"collection":[{"href":"https:\/\/noti-america.com\/site\/mexico\/wp-json\/wp\/v2\/posts"}],"about":[{"href":"https:\/\/noti-america.com\/site\/mexico\/wp-json\/wp\/v2\/types\/post"}],"author":[{"embeddable":true,"href":"https:\/\/noti-america.com\/site\/mexico\/wp-json\/wp\/v2\/users\/127"}],"replies":[{"embeddable":true,"href":"https:\/\/noti-america.com\/site\/mexico\/wp-json\/wp\/v2\/comments?post=8028"}],"version-history":[{"count":1,"href":"https:\/\/noti-america.com\/site\/mexico\/wp-json\/wp\/v2\/posts\/8028\/revisions"}],"predecessor-version":[{"id":8030,"href":"https:\/\/noti-america.com\/site\/mexico\/wp-json\/wp\/v2\/posts\/8028\/revisions\/8030"}],"wp:featuredmedia":[{"embeddable":true,"href":"https:\/\/noti-america.com\/site\/mexico\/wp-json\/wp\/v2\/media\/8029"}],"wp:attachment":[{"href":"https:\/\/noti-america.com\/site\/mexico\/wp-json\/wp\/v2\/media?parent=8028"}],"wp:term":[{"taxonomy":"category","embeddable":true,"href":"https:\/\/noti-america.com\/site\/mexico\/wp-json\/wp\/v2\/categories?post=8028"},{"taxonomy":"post_tag","embeddable":true,"href":"https:\/\/noti-america.com\/site\/mexico\/wp-json\/wp\/v2\/tags?post=8028"}],"curies":[{"name":"wp","href":"https:\/\/api.w.org\/{rel}","templated":true}]}}