{"id":7998,"date":"2022-06-15T12:16:58","date_gmt":"2022-06-15T12:16:58","guid":{"rendered":"https:\/\/noti-america.com\/site\/mexico\/?p=7998"},"modified":"2022-06-15T12:16:58","modified_gmt":"2022-06-15T12:16:58","slug":"agotadas-las-entradas-para-concierto-de-ana-torroja","status":"publish","type":"post","link":"https:\/\/noti-america.com\/site\/mexico\/2022\/06\/15\/agotadas-las-entradas-para-concierto-de-ana-torroja\/","title":{"rendered":"Agotadas las entradas para concierto de Ana Torroja"},"content":{"rendered":"<blockquote>\n<p class=\"x_MsoNormal\" align=\"center\"><i>La artista espa\u00f1ola se presentar\u00e1 en la Sala R\u00edos Reyna del Teatro Teresa Carre\u00f1o el jueves 23 de junio como parte de su \u201cTour Volver\u201d. Promete una noche inolvidable con sus temas como solista y los \u00e9xitos de Mecano<\/i><\/p>\n<\/blockquote>\n<p class=\"x_MsoNormal\">\n<p class=\"x_MsoNormal\" align=\"center\"><i>\u00a0<\/i><\/p>\n<p class=\"x_MsoNormal\" style=\"text-align: left\" align=\"center\">La cuenta regresiva para recibir en Venezuela a\u00a0<b>Ana Torroja (<\/b><b>@ana_torroja)<\/b>\u00a0inicia con el\u00a0<b><i>sold out<\/i><\/b>\u00a0anunciado este martes por\u00a0<b>AGTE LIVE ENTERTAINMENT,\u00a0<\/b>confirmando una cita a casa llena el 23 de junio en la Sala R\u00edos Reyna del Teatro Teresa Carre\u00f1o.<\/p>\n<p class=\"x_MsoNormal\">\n<p class=\"x_MsoNormal\">Con el show de la Torroja, @agtelive suma otro \u00e9xito a la lista de grandes artistas que ha tra\u00eddo en concierto a Venezuela desde marzo de 2022, \u00a0agotando entradas en tiempo r\u00e9cord y congregando a miles de almas en un mismo lugar para disfrutar de buena m\u00fasica.<\/p>\n<p class=\"x_MsoNormal\">\n<p class=\"x_MsoNormal\">Bajo la producci\u00f3n de la empresa liderada por Frederick Mel\u00e9ndez, la Terraza del C.C.C.T ha recibido a casa llena a artistas de talla internacional durante el primer semestre del a\u00f1o: Alejandro Fern\u00e1ndez, \u00a0Morat (un fen\u00f3meno musical con dos funciones sold out) y Cultura Prof\u00e9tica.\u00a0 AGTE tambi\u00e9n trajo a Kany Garc\u00eda, quien agot\u00f3 la boleter\u00eda en el Teatro Teresa Carre\u00f1o dos d\u00edas consecutivos.<\/p>\n<p class=\"x_MsoNormal\">\n<p class=\"x_MsoNormal\">\u201cTenemos 18 a\u00f1os haciendo conciertos. Nunca hemos dejado de hacer shows: en 2019 hicimos Katie Angel y Topa, en 2020 produjimos SanLuis, a finales de 2021 presentamos a El Cigala y vimos la posibilidad de traer a un grande como Alejandro Fern\u00e1ndez, logrando materializarlo para este a\u00f1o con much\u00edsimo \u00e9xito, mismo caso con Morat, Cultura y Kany. Venezuela siempre ha sido una plaza interesante y la gente est\u00e1 \u00e1vida de entretenimiento, lo que se traduce en su inter\u00e9s en pagar un ticket para disfrutar de su artista favorito y de un buen espect\u00e1culo en todos los sentidos\u201d, comenta Mel\u00e9ndez.<\/p>\n<p class=\"x_MsoNormal\">\n<p class=\"x_MsoNormal\">Voz \u00edcono del pop espa\u00f1ol, Ana Torroja llegar\u00e1 a Caracas como parte\u00a0de su \u201cTour Volver\u201d, que le ha llevado a presentarse a casa llena en Per\u00fa, Colombia, Puerto Rico y M\u00e9xico. Durante el show, la recordada vocalista del grupo Mecano promete un viaje de emociones con temas del repertorio de su carrera en solitario, tales como<i>\u00a0A contratiempo<\/i>,\u00a0<i>Como sue\u00f1an las sirenas<\/i>,\u00a0<i>Partir<\/i>,\u00a0<i>Llama, Antes\u00a0<\/i>y<i>\u00a0Ya me cans\u00e9 de mentir<\/i>.<\/p>\n<p class=\"x_MsoNormal\">\n<p class=\"x_MsoNormal\">Tambi\u00e9n, se pasear\u00e1 por los hits del grupo pop junto al que populariz\u00f3\u00a0<i>Cruz de Navajas, Hijo de la Luna, Ay que pesado, La fuerza del destino, Mujer contra mujer, No es serio este cementerio<\/i>, entre muchos otros. La artista recientemente present\u00f3\u00a0<i>Hora y Cuarto<\/i>\u00a0junto a Alaska, acompa\u00f1ado de un videoclip que a la fecha supera los 2 millones de vistas en Youtube.<\/p>\n<p class=\"x_MsoNormal\">\n<p class=\"x_MsoNormal\">Ana Torroja \u201cTour Volver\u201d tendr\u00e1 lugar el 23 de junio en el Teresa Carre\u00f1o bajo la producci\u00f3n de AGTE LIVE.<\/p>\n","protected":false},"excerpt":{"rendered":"<p>La artista espa\u00f1ola se presentar\u00e1 en la Sala R\u00edos Reyna del Teatro Teresa Carre\u00f1o el jueves 23 de junio como parte de su \u201cTour Volver\u201d. Promete una noche inolvidable con sus temas como solista&#46;&#46;&#46;<\/p>\n","protected":false},"author":127,"featured_media":7999,"comment_status":"open","ping_status":"open","sticky":false,"template":"","format":"image","meta":{"_acf_changed":false,"om_disable_all_campaigns":false,"rop_custom_images_group":[],"rop_custom_messages_group":[],"rop_publish_now":"initial","rop_publish_now_accounts":{"twitter_242054905_242054905":""},"rop_publish_now_history":[],"rop_publish_now_status":"pending","_uf_show_specific_survey":0,"_uf_disable_surveys":false,"footnotes":""},"categories":[38,417],"tags":[],"class_list":["post-7998","post","type-post","status-publish","format-image","has-post-thumbnail","hentry","category-musica","category-venezuela","post_format-post-format-image"],"acf":[],"aioseo_notices":[],"yoast_head":"<!-- This site is optimized with the Yoast SEO Premium plugin v24.9 (Yoast SEO v27.2) - https:\/\/yoast.com\/product\/yoast-seo-premium-wordpress\/ -->\n<title>Agotadas las entradas para concierto de Ana Torroja - M\u00e9xico<\/title>\n<meta name=\"robots\" content=\"index, follow, max-snippet:-1, max-image-preview:large, max-video-preview:-1\" \/>\n<link rel=\"canonical\" href=\"https:\/\/noti-america.com\/site\/mexico\/2022\/06\/15\/agotadas-las-entradas-para-concierto-de-ana-torroja\/\" \/>\n<meta property=\"og:locale\" content=\"es_ES\" \/>\n<meta property=\"og:type\" content=\"article\" \/>\n<meta property=\"og:title\" content=\"Agotadas las entradas para concierto de Ana Torroja\" \/>\n<meta property=\"og:description\" content=\"La artista espa\u00f1ola se presentar\u00e1 en la Sala R\u00edos Reyna del Teatro Teresa Carre\u00f1o el jueves 23 de junio como parte de su \u201cTour Volver\u201d. Promete una noche inolvidable con sus temas como solista&#046;&#046;&#046;\" \/>\n<meta property=\"og:url\" content=\"https:\/\/noti-america.com\/site\/mexico\/2022\/06\/15\/agotadas-las-entradas-para-concierto-de-ana-torroja\/\" \/>\n<meta property=\"og:site_name\" content=\"M\u00e9xico\" \/>\n<meta property=\"article:published_time\" content=\"2022-06-15T12:16:58+00:00\" \/>\n<meta property=\"og:image\" content=\"https:\/\/noti-america.com\/site\/mexico\/wp-content\/uploads\/sites\/13\/2022\/06\/thumbnail_PHOTO-2022-06-09-18-24-45.jpg\" \/>\n\t<meta property=\"og:image:width\" content=\"1080\" \/>\n\t<meta property=\"og:image:height\" content=\"1080\" \/>\n\t<meta property=\"og:image:type\" content=\"image\/jpeg\" \/>\n<meta name=\"author\" content=\"Yoelvzla\" \/>\n<meta name=\"twitter:card\" content=\"summary_large_image\" \/>\n<meta name=\"twitter:label1\" content=\"Escrito por\" \/>\n\t<meta name=\"twitter:data1\" content=\"Yoelvzla\" \/>\n\t<meta name=\"twitter:label2\" content=\"Tiempo estimado de lectura\" \/>\n\t<meta name=\"twitter:data2\" content=\"3 minutos\" \/>\n<script type=\"application\/ld+json\" class=\"yoast-schema-graph\">{\"@context\":\"https:\/\/schema.org\",\"@graph\":[{\"@type\":\"Article\",\"@id\":\"https:\/\/noti-america.com\/site\/mexico\/2022\/06\/15\/agotadas-las-entradas-para-concierto-de-ana-torroja\/#article\",\"isPartOf\":{\"@id\":\"https:\/\/noti-america.com\/site\/mexico\/2022\/06\/15\/agotadas-las-entradas-para-concierto-de-ana-torroja\/\"},\"author\":{\"name\":\"Yoelvzla\",\"@id\":\"https:\/\/noti-america.com\/site\/mexico\/#\/schema\/person\/376ccc7b3cc7a8d5a43c3ece07a43857\"},\"headline\":\"Agotadas las entradas para concierto de Ana Torroja\",\"datePublished\":\"2022-06-15T12:16:58+00:00\",\"mainEntityOfPage\":{\"@id\":\"https:\/\/noti-america.com\/site\/mexico\/2022\/06\/15\/agotadas-las-entradas-para-concierto-de-ana-torroja\/\"},\"wordCount\":481,\"commentCount\":0,\"publisher\":{\"@id\":\"https:\/\/noti-america.com\/site\/mexico\/#organization\"},\"image\":{\"@id\":\"https:\/\/noti-america.com\/site\/mexico\/2022\/06\/15\/agotadas-las-entradas-para-concierto-de-ana-torroja\/#primaryimage\"},\"thumbnailUrl\":\"https:\/\/noti-america.com\/site\/mexico\/wp-content\/uploads\/sites\/13\/2022\/06\/thumbnail_PHOTO-2022-06-09-18-24-45.jpg\",\"articleSection\":[\"M\u00fasica\",\"Venezuela\"],\"inLanguage\":\"es\",\"potentialAction\":[{\"@type\":\"CommentAction\",\"name\":\"Comment\",\"target\":[\"https:\/\/noti-america.com\/site\/mexico\/2022\/06\/15\/agotadas-las-entradas-para-concierto-de-ana-torroja\/#respond\"]}]},{\"@type\":\"WebPage\",\"@id\":\"https:\/\/noti-america.com\/site\/mexico\/2022\/06\/15\/agotadas-las-entradas-para-concierto-de-ana-torroja\/\",\"url\":\"https:\/\/noti-america.com\/site\/mexico\/2022\/06\/15\/agotadas-las-entradas-para-concierto-de-ana-torroja\/\",\"name\":\"Agotadas las entradas para concierto de Ana Torroja - M\u00e9xico\",\"isPartOf\":{\"@id\":\"https:\/\/noti-america.com\/site\/mexico\/#website\"},\"primaryImageOfPage\":{\"@id\":\"https:\/\/noti-america.com\/site\/mexico\/2022\/06\/15\/agotadas-las-entradas-para-concierto-de-ana-torroja\/#primaryimage\"},\"image\":{\"@id\":\"https:\/\/noti-america.com\/site\/mexico\/2022\/06\/15\/agotadas-las-entradas-para-concierto-de-ana-torroja\/#primaryimage\"},\"thumbnailUrl\":\"https:\/\/noti-america.com\/site\/mexico\/wp-content\/uploads\/sites\/13\/2022\/06\/thumbnail_PHOTO-2022-06-09-18-24-45.jpg\",\"datePublished\":\"2022-06-15T12:16:58+00:00\",\"breadcrumb\":{\"@id\":\"https:\/\/noti-america.com\/site\/mexico\/2022\/06\/15\/agotadas-las-entradas-para-concierto-de-ana-torroja\/#breadcrumb\"},\"inLanguage\":\"es\",\"potentialAction\":[{\"@type\":\"ReadAction\",\"target\":[\"https:\/\/noti-america.com\/site\/mexico\/2022\/06\/15\/agotadas-las-entradas-para-concierto-de-ana-torroja\/\"]}]},{\"@type\":\"ImageObject\",\"inLanguage\":\"es\",\"@id\":\"https:\/\/noti-america.com\/site\/mexico\/2022\/06\/15\/agotadas-las-entradas-para-concierto-de-ana-torroja\/#primaryimage\",\"url\":\"https:\/\/noti-america.com\/site\/mexico\/wp-content\/uploads\/sites\/13\/2022\/06\/thumbnail_PHOTO-2022-06-09-18-24-45.jpg\",\"contentUrl\":\"https:\/\/noti-america.com\/site\/mexico\/wp-content\/uploads\/sites\/13\/2022\/06\/thumbnail_PHOTO-2022-06-09-18-24-45.jpg\",\"width\":1080,\"height\":1080},{\"@type\":\"BreadcrumbList\",\"@id\":\"https:\/\/noti-america.com\/site\/mexico\/2022\/06\/15\/agotadas-las-entradas-para-concierto-de-ana-torroja\/#breadcrumb\",\"itemListElement\":[{\"@type\":\"ListItem\",\"position\":1,\"name\":\"Portada\",\"item\":\"https:\/\/noti-america.com\/site\/mexico\/\"},{\"@type\":\"ListItem\",\"position\":2,\"name\":\"Agotadas las entradas para concierto de Ana Torroja\"}]},{\"@type\":\"WebSite\",\"@id\":\"https:\/\/noti-america.com\/site\/mexico\/#website\",\"url\":\"https:\/\/noti-america.com\/site\/mexico\/\",\"name\":\"M\u00e9xico | Noti-America.com\",\"description\":\"\",\"publisher\":{\"@id\":\"https:\/\/noti-america.com\/site\/mexico\/#organization\"},\"potentialAction\":[{\"@type\":\"SearchAction\",\"target\":{\"@type\":\"EntryPoint\",\"urlTemplate\":\"https:\/\/noti-america.com\/site\/mexico\/?s={search_term_string}\"},\"query-input\":{\"@type\":\"PropertyValueSpecification\",\"valueRequired\":true,\"valueName\":\"search_term_string\"}}],\"inLanguage\":\"es\"},{\"@type\":\"Organization\",\"@id\":\"https:\/\/noti-america.com\/site\/mexico\/#organization\",\"name\":\"Noti-America LLC | M\u00e9xico\",\"url\":\"https:\/\/noti-america.com\/site\/mexico\/\",\"logo\":{\"@type\":\"ImageObject\",\"inLanguage\":\"es\",\"@id\":\"https:\/\/noti-america.com\/site\/mexico\/#\/schema\/logo\/image\/\",\"url\":\"https:\/\/noti-america.com\/site\/mexico\/wp-content\/uploads\/sites\/13\/2020\/07\/LogoNA-4x3-1.jpg\",\"contentUrl\":\"https:\/\/noti-america.com\/site\/mexico\/wp-content\/uploads\/sites\/13\/2020\/07\/LogoNA-4x3-1.jpg\",\"width\":1236,\"height\":1080,\"caption\":\"Noti-America LLC | M\u00e9xico\"},\"image\":{\"@id\":\"https:\/\/noti-america.com\/site\/mexico\/#\/schema\/logo\/image\/\"}},{\"@type\":\"Person\",\"@id\":\"https:\/\/noti-america.com\/site\/mexico\/#\/schema\/person\/376ccc7b3cc7a8d5a43c3ece07a43857\",\"name\":\"Yoelvzla\",\"image\":{\"@type\":\"ImageObject\",\"inLanguage\":\"es\",\"@id\":\"https:\/\/secure.gravatar.com\/avatar\/13a96a72123e0e9aa76fe82e8847f726c63a1c5ef6a8d0fadd844c1a5a83b212?s=96&d=mm&r=g\",\"url\":\"https:\/\/secure.gravatar.com\/avatar\/13a96a72123e0e9aa76fe82e8847f726c63a1c5ef6a8d0fadd844c1a5a83b212?s=96&d=mm&r=g\",\"contentUrl\":\"https:\/\/secure.gravatar.com\/avatar\/13a96a72123e0e9aa76fe82e8847f726c63a1c5ef6a8d0fadd844c1a5a83b212?s=96&d=mm&r=g\",\"caption\":\"Yoelvzla\"},\"url\":\"https:\/\/noti-america.com\/site\/mexico\/author\/ydiaz\/\"}]}<\/script>\n<!-- \/ Yoast SEO Premium plugin. -->","yoast_head_json":{"title":"Agotadas las entradas para concierto de Ana Torroja - M\u00e9xico","robots":{"index":"index","follow":"follow","max-snippet":"max-snippet:-1","max-image-preview":"max-image-preview:large","max-video-preview":"max-video-preview:-1"},"canonical":"https:\/\/noti-america.com\/site\/mexico\/2022\/06\/15\/agotadas-las-entradas-para-concierto-de-ana-torroja\/","og_locale":"es_ES","og_type":"article","og_title":"Agotadas las entradas para concierto de Ana Torroja","og_description":"La artista espa\u00f1ola se presentar\u00e1 en la Sala R\u00edos Reyna del Teatro Teresa Carre\u00f1o el jueves 23 de junio como parte de su \u201cTour Volver\u201d. Promete una noche inolvidable con sus temas como solista&#46;&#46;&#46;","og_url":"https:\/\/noti-america.com\/site\/mexico\/2022\/06\/15\/agotadas-las-entradas-para-concierto-de-ana-torroja\/","og_site_name":"M\u00e9xico","article_published_time":"2022-06-15T12:16:58+00:00","og_image":[{"width":1080,"height":1080,"url":"https:\/\/noti-america.com\/site\/mexico\/wp-content\/uploads\/sites\/13\/2022\/06\/thumbnail_PHOTO-2022-06-09-18-24-45.jpg","type":"image\/jpeg"}],"author":"Yoelvzla","twitter_card":"summary_large_image","twitter_misc":{"Escrito por":"Yoelvzla","Tiempo estimado de lectura":"3 minutos"},"schema":{"@context":"https:\/\/schema.org","@graph":[{"@type":"Article","@id":"https:\/\/noti-america.com\/site\/mexico\/2022\/06\/15\/agotadas-las-entradas-para-concierto-de-ana-torroja\/#article","isPartOf":{"@id":"https:\/\/noti-america.com\/site\/mexico\/2022\/06\/15\/agotadas-las-entradas-para-concierto-de-ana-torroja\/"},"author":{"name":"Yoelvzla","@id":"https:\/\/noti-america.com\/site\/mexico\/#\/schema\/person\/376ccc7b3cc7a8d5a43c3ece07a43857"},"headline":"Agotadas las entradas para concierto de Ana Torroja","datePublished":"2022-06-15T12:16:58+00:00","mainEntityOfPage":{"@id":"https:\/\/noti-america.com\/site\/mexico\/2022\/06\/15\/agotadas-las-entradas-para-concierto-de-ana-torroja\/"},"wordCount":481,"commentCount":0,"publisher":{"@id":"https:\/\/noti-america.com\/site\/mexico\/#organization"},"image":{"@id":"https:\/\/noti-america.com\/site\/mexico\/2022\/06\/15\/agotadas-las-entradas-para-concierto-de-ana-torroja\/#primaryimage"},"thumbnailUrl":"https:\/\/noti-america.com\/site\/mexico\/wp-content\/uploads\/sites\/13\/2022\/06\/thumbnail_PHOTO-2022-06-09-18-24-45.jpg","articleSection":["M\u00fasica","Venezuela"],"inLanguage":"es","potentialAction":[{"@type":"CommentAction","name":"Comment","target":["https:\/\/noti-america.com\/site\/mexico\/2022\/06\/15\/agotadas-las-entradas-para-concierto-de-ana-torroja\/#respond"]}]},{"@type":"WebPage","@id":"https:\/\/noti-america.com\/site\/mexico\/2022\/06\/15\/agotadas-las-entradas-para-concierto-de-ana-torroja\/","url":"https:\/\/noti-america.com\/site\/mexico\/2022\/06\/15\/agotadas-las-entradas-para-concierto-de-ana-torroja\/","name":"Agotadas las entradas para concierto de Ana Torroja - M\u00e9xico","isPartOf":{"@id":"https:\/\/noti-america.com\/site\/mexico\/#website"},"primaryImageOfPage":{"@id":"https:\/\/noti-america.com\/site\/mexico\/2022\/06\/15\/agotadas-las-entradas-para-concierto-de-ana-torroja\/#primaryimage"},"image":{"@id":"https:\/\/noti-america.com\/site\/mexico\/2022\/06\/15\/agotadas-las-entradas-para-concierto-de-ana-torroja\/#primaryimage"},"thumbnailUrl":"https:\/\/noti-america.com\/site\/mexico\/wp-content\/uploads\/sites\/13\/2022\/06\/thumbnail_PHOTO-2022-06-09-18-24-45.jpg","datePublished":"2022-06-15T12:16:58+00:00","breadcrumb":{"@id":"https:\/\/noti-america.com\/site\/mexico\/2022\/06\/15\/agotadas-las-entradas-para-concierto-de-ana-torroja\/#breadcrumb"},"inLanguage":"es","potentialAction":[{"@type":"ReadAction","target":["https:\/\/noti-america.com\/site\/mexico\/2022\/06\/15\/agotadas-las-entradas-para-concierto-de-ana-torroja\/"]}]},{"@type":"ImageObject","inLanguage":"es","@id":"https:\/\/noti-america.com\/site\/mexico\/2022\/06\/15\/agotadas-las-entradas-para-concierto-de-ana-torroja\/#primaryimage","url":"https:\/\/noti-america.com\/site\/mexico\/wp-content\/uploads\/sites\/13\/2022\/06\/thumbnail_PHOTO-2022-06-09-18-24-45.jpg","contentUrl":"https:\/\/noti-america.com\/site\/mexico\/wp-content\/uploads\/sites\/13\/2022\/06\/thumbnail_PHOTO-2022-06-09-18-24-45.jpg","width":1080,"height":1080},{"@type":"BreadcrumbList","@id":"https:\/\/noti-america.com\/site\/mexico\/2022\/06\/15\/agotadas-las-entradas-para-concierto-de-ana-torroja\/#breadcrumb","itemListElement":[{"@type":"ListItem","position":1,"name":"Portada","item":"https:\/\/noti-america.com\/site\/mexico\/"},{"@type":"ListItem","position":2,"name":"Agotadas las entradas para concierto de Ana Torroja"}]},{"@type":"WebSite","@id":"https:\/\/noti-america.com\/site\/mexico\/#website","url":"https:\/\/noti-america.com\/site\/mexico\/","name":"M\u00e9xico | Noti-America.com","description":"","publisher":{"@id":"https:\/\/noti-america.com\/site\/mexico\/#organization"},"potentialAction":[{"@type":"SearchAction","target":{"@type":"EntryPoint","urlTemplate":"https:\/\/noti-america.com\/site\/mexico\/?s={search_term_string}"},"query-input":{"@type":"PropertyValueSpecification","valueRequired":true,"valueName":"search_term_string"}}],"inLanguage":"es"},{"@type":"Organization","@id":"https:\/\/noti-america.com\/site\/mexico\/#organization","name":"Noti-America LLC | M\u00e9xico","url":"https:\/\/noti-america.com\/site\/mexico\/","logo":{"@type":"ImageObject","inLanguage":"es","@id":"https:\/\/noti-america.com\/site\/mexico\/#\/schema\/logo\/image\/","url":"https:\/\/noti-america.com\/site\/mexico\/wp-content\/uploads\/sites\/13\/2020\/07\/LogoNA-4x3-1.jpg","contentUrl":"https:\/\/noti-america.com\/site\/mexico\/wp-content\/uploads\/sites\/13\/2020\/07\/LogoNA-4x3-1.jpg","width":1236,"height":1080,"caption":"Noti-America LLC | M\u00e9xico"},"image":{"@id":"https:\/\/noti-america.com\/site\/mexico\/#\/schema\/logo\/image\/"}},{"@type":"Person","@id":"https:\/\/noti-america.com\/site\/mexico\/#\/schema\/person\/376ccc7b3cc7a8d5a43c3ece07a43857","name":"Yoelvzla","image":{"@type":"ImageObject","inLanguage":"es","@id":"https:\/\/secure.gravatar.com\/avatar\/13a96a72123e0e9aa76fe82e8847f726c63a1c5ef6a8d0fadd844c1a5a83b212?s=96&d=mm&r=g","url":"https:\/\/secure.gravatar.com\/avatar\/13a96a72123e0e9aa76fe82e8847f726c63a1c5ef6a8d0fadd844c1a5a83b212?s=96&d=mm&r=g","contentUrl":"https:\/\/secure.gravatar.com\/avatar\/13a96a72123e0e9aa76fe82e8847f726c63a1c5ef6a8d0fadd844c1a5a83b212?s=96&d=mm&r=g","caption":"Yoelvzla"},"url":"https:\/\/noti-america.com\/site\/mexico\/author\/ydiaz\/"}]}},"_links":{"self":[{"href":"https:\/\/noti-america.com\/site\/mexico\/wp-json\/wp\/v2\/posts\/7998","targetHints":{"allow":["GET"]}}],"collection":[{"href":"https:\/\/noti-america.com\/site\/mexico\/wp-json\/wp\/v2\/posts"}],"about":[{"href":"https:\/\/noti-america.com\/site\/mexico\/wp-json\/wp\/v2\/types\/post"}],"author":[{"embeddable":true,"href":"https:\/\/noti-america.com\/site\/mexico\/wp-json\/wp\/v2\/users\/127"}],"replies":[{"embeddable":true,"href":"https:\/\/noti-america.com\/site\/mexico\/wp-json\/wp\/v2\/comments?post=7998"}],"version-history":[{"count":1,"href":"https:\/\/noti-america.com\/site\/mexico\/wp-json\/wp\/v2\/posts\/7998\/revisions"}],"predecessor-version":[{"id":8000,"href":"https:\/\/noti-america.com\/site\/mexico\/wp-json\/wp\/v2\/posts\/7998\/revisions\/8000"}],"wp:featuredmedia":[{"embeddable":true,"href":"https:\/\/noti-america.com\/site\/mexico\/wp-json\/wp\/v2\/media\/7999"}],"wp:attachment":[{"href":"https:\/\/noti-america.com\/site\/mexico\/wp-json\/wp\/v2\/media?parent=7998"}],"wp:term":[{"taxonomy":"category","embeddable":true,"href":"https:\/\/noti-america.com\/site\/mexico\/wp-json\/wp\/v2\/categories?post=7998"},{"taxonomy":"post_tag","embeddable":true,"href":"https:\/\/noti-america.com\/site\/mexico\/wp-json\/wp\/v2\/tags?post=7998"}],"curies":[{"name":"wp","href":"https:\/\/api.w.org\/{rel}","templated":true}]}}