{"id":7945,"date":"2022-06-07T13:58:56","date_gmt":"2022-06-07T13:58:56","guid":{"rendered":"https:\/\/noti-america.com\/site\/mexico\/?p=7945"},"modified":"2022-06-07T13:58:56","modified_gmt":"2022-06-07T13:58:56","slug":"stop-bullying-los-ninos-se-respetan-aleska-genesis-se-une-a-una-noble-campana","status":"publish","type":"post","link":"https:\/\/noti-america.com\/site\/mexico\/2022\/06\/07\/stop-bullying-los-ninos-se-respetan-aleska-genesis-se-une-a-una-noble-campana\/","title":{"rendered":"\u00abStop Bullying: Los ni\u00f1os se respetan\u00bb: Aleska G\u00e9nesis se une a una noble campa\u00f1a"},"content":{"rendered":"<p>La top model\u00a0<strong>Aleska G\u00e9nesis<\/strong>\u00a0se uni\u00f3 a la campa\u00f1a de la siempre reina y tambi\u00e9n venezolana,\u00a0<strong>Veruzhka Ram\u00edrez,<\/strong>\u00a0llamada\u00a0<em>\u00abStop Bullying: Los ni\u00f1os se respetan\u00bb;<\/em>\u00a0que busca crear conciencia y tratar de erradicar este mal que afecta a la sociedad desde su base.<\/p>\n<p>Aleska G\u00e9nesis indic\u00f3 que \u00abtodo lo que nos invite a contribuir a crear un mundo m\u00e1s tolerante y sano en convivencia, basado en el respeto y donde se tenga el amor como bandera; siempre ser\u00e1n causas nobles, a las cuales me voy a sumar\u00bb.<\/p>\n<p><a id=\"LPlnk791778\" href=\"https:\/\/www.instagram.com\/p\/CePo0LKt1Wx\/\" target=\"_blank\" rel=\"noopener noreferrer\" data-auth=\"NotApplicable\" data-linkindex=\"0\">https:\/\/www.instagram.com\/p\/CePo0LKt1Wx\/<\/a><\/p>\n<p>A su juicio el bullying es una lamentable realidad, que est\u00e1 latente, muy presente en las distintas sociedades del mundo, \u00abrealidad a la cual le debemos hacer frente con educaci\u00f3n, esa que viene principalmente desde el hogar, all\u00ed est\u00e1 el cimiento de todo\u00bb.<\/p>\n<p>Destac\u00f3 que se siente muy honrada de ser parte de esta valiosa iniciativa que tuvo la guap\u00edsima Veruzhka Ram\u00edrez, en la cual se invita a decir stop al acoso, no solo en los ni\u00f1os sino al ser humano en general. El respeto, el amor, la tolerancia y la empat\u00eda siempre ser\u00e1n la clave.<\/p>\n<p>Esta campa\u00f1a busca la mejor\u00eda de la salud mental de los adolescentes y ni\u00f1os; llamando a los adultos a liberar heridas del pasado y dejar atr\u00e1s conductas t\u00f3xicas con sus hijos.<\/p>\n<div><\/div>\n","protected":false},"excerpt":{"rendered":"<p>La top model\u00a0Aleska G\u00e9nesis\u00a0se uni\u00f3 a la campa\u00f1a de la siempre reina y tambi\u00e9n venezolana,\u00a0Veruzhka Ram\u00edrez,\u00a0llamada\u00a0\u00abStop Bullying: Los ni\u00f1os se respetan\u00bb;\u00a0que busca crear conciencia y tratar de erradicar este mal que afecta a la&#46;&#46;&#46;<\/p>\n","protected":false},"author":127,"featured_media":7946,"comment_status":"open","ping_status":"open","sticky":false,"template":"","format":"image","meta":{"_acf_changed":false,"om_disable_all_campaigns":false,"rop_custom_images_group":[],"rop_custom_messages_group":[],"rop_publish_now":"initial","rop_publish_now_accounts":{"twitter_242054905_242054905":""},"rop_publish_now_history":[],"rop_publish_now_status":"pending","_uf_show_specific_survey":0,"_uf_disable_surveys":false,"footnotes":""},"categories":[56],"tags":[],"class_list":["post-7945","post","type-post","status-publish","format-image","has-post-thumbnail","hentry","category-farandula","post_format-post-format-image"],"acf":[],"aioseo_notices":[],"yoast_head":"<!-- This site is optimized with the Yoast SEO Premium plugin v24.9 (Yoast SEO v27.2) - https:\/\/yoast.com\/product\/yoast-seo-premium-wordpress\/ -->\n<title>&quot;Stop Bullying: Los ni\u00f1os se respetan&quot;: Aleska G\u00e9nesis se une a una noble campa\u00f1a - M\u00e9xico<\/title>\n<meta name=\"robots\" content=\"index, follow, max-snippet:-1, max-image-preview:large, max-video-preview:-1\" \/>\n<link rel=\"canonical\" href=\"https:\/\/noti-america.com\/site\/mexico\/2022\/06\/07\/stop-bullying-los-ninos-se-respetan-aleska-genesis-se-une-a-una-noble-campana\/\" \/>\n<meta property=\"og:locale\" content=\"es_ES\" \/>\n<meta property=\"og:type\" content=\"article\" \/>\n<meta property=\"og:title\" content=\"&quot;Stop Bullying: Los ni\u00f1os se respetan&quot;: Aleska G\u00e9nesis se une a una noble campa\u00f1a\" \/>\n<meta property=\"og:description\" content=\"La top model\u00a0Aleska G\u00e9nesis\u00a0se uni\u00f3 a la campa\u00f1a de la siempre reina y tambi\u00e9n venezolana,\u00a0Veruzhka Ram\u00edrez,\u00a0llamada\u00a0\u00abStop Bullying: Los ni\u00f1os se respetan\u00bb;\u00a0que busca crear conciencia y tratar de erradicar este mal que afecta a la&#046;&#046;&#046;\" \/>\n<meta property=\"og:url\" content=\"https:\/\/noti-america.com\/site\/mexico\/2022\/06\/07\/stop-bullying-los-ninos-se-respetan-aleska-genesis-se-une-a-una-noble-campana\/\" \/>\n<meta property=\"og:site_name\" content=\"M\u00e9xico\" \/>\n<meta property=\"article:published_time\" content=\"2022-06-07T13:58:56+00:00\" \/>\n<meta property=\"og:image\" content=\"https:\/\/noti-america.com\/site\/mexico\/wp-content\/uploads\/sites\/13\/2022\/06\/thumbnail_IMG_2524_Facetune_31-05-2022-21-00-34.jpg\" \/>\n\t<meta property=\"og:image:width\" content=\"960\" \/>\n\t<meta property=\"og:image:height\" content=\"1280\" \/>\n\t<meta property=\"og:image:type\" content=\"image\/jpeg\" \/>\n<meta name=\"author\" content=\"Yoelvzla\" \/>\n<meta name=\"twitter:card\" content=\"summary_large_image\" \/>\n<meta name=\"twitter:label1\" content=\"Escrito por\" \/>\n\t<meta name=\"twitter:data1\" content=\"Yoelvzla\" \/>\n\t<meta name=\"twitter:label2\" content=\"Tiempo estimado de lectura\" \/>\n\t<meta name=\"twitter:data2\" content=\"1 minuto\" \/>\n<script type=\"application\/ld+json\" class=\"yoast-schema-graph\">{\"@context\":\"https:\/\/schema.org\",\"@graph\":[{\"@type\":\"Article\",\"@id\":\"https:\/\/noti-america.com\/site\/mexico\/2022\/06\/07\/stop-bullying-los-ninos-se-respetan-aleska-genesis-se-une-a-una-noble-campana\/#article\",\"isPartOf\":{\"@id\":\"https:\/\/noti-america.com\/site\/mexico\/2022\/06\/07\/stop-bullying-los-ninos-se-respetan-aleska-genesis-se-une-a-una-noble-campana\/\"},\"author\":{\"name\":\"Yoelvzla\",\"@id\":\"https:\/\/noti-america.com\/site\/mexico\/#\/schema\/person\/376ccc7b3cc7a8d5a43c3ece07a43857\"},\"headline\":\"\u00abStop Bullying: Los ni\u00f1os se respetan\u00bb: Aleska G\u00e9nesis se une a una noble campa\u00f1a\",\"datePublished\":\"2022-06-07T13:58:56+00:00\",\"mainEntityOfPage\":{\"@id\":\"https:\/\/noti-america.com\/site\/mexico\/2022\/06\/07\/stop-bullying-los-ninos-se-respetan-aleska-genesis-se-une-a-una-noble-campana\/\"},\"wordCount\":259,\"commentCount\":0,\"publisher\":{\"@id\":\"https:\/\/noti-america.com\/site\/mexico\/#organization\"},\"image\":{\"@id\":\"https:\/\/noti-america.com\/site\/mexico\/2022\/06\/07\/stop-bullying-los-ninos-se-respetan-aleska-genesis-se-une-a-una-noble-campana\/#primaryimage\"},\"thumbnailUrl\":\"https:\/\/noti-america.com\/site\/mexico\/wp-content\/uploads\/sites\/13\/2022\/06\/thumbnail_IMG_2524_Facetune_31-05-2022-21-00-34.jpg\",\"articleSection\":[\"Far\u00e1ndula\"],\"inLanguage\":\"es\",\"potentialAction\":[{\"@type\":\"CommentAction\",\"name\":\"Comment\",\"target\":[\"https:\/\/noti-america.com\/site\/mexico\/2022\/06\/07\/stop-bullying-los-ninos-se-respetan-aleska-genesis-se-une-a-una-noble-campana\/#respond\"]}]},{\"@type\":\"WebPage\",\"@id\":\"https:\/\/noti-america.com\/site\/mexico\/2022\/06\/07\/stop-bullying-los-ninos-se-respetan-aleska-genesis-se-une-a-una-noble-campana\/\",\"url\":\"https:\/\/noti-america.com\/site\/mexico\/2022\/06\/07\/stop-bullying-los-ninos-se-respetan-aleska-genesis-se-une-a-una-noble-campana\/\",\"name\":\"\\\"Stop Bullying: Los ni\u00f1os se respetan\\\": Aleska G\u00e9nesis se une a una noble campa\u00f1a - M\u00e9xico\",\"isPartOf\":{\"@id\":\"https:\/\/noti-america.com\/site\/mexico\/#website\"},\"primaryImageOfPage\":{\"@id\":\"https:\/\/noti-america.com\/site\/mexico\/2022\/06\/07\/stop-bullying-los-ninos-se-respetan-aleska-genesis-se-une-a-una-noble-campana\/#primaryimage\"},\"image\":{\"@id\":\"https:\/\/noti-america.com\/site\/mexico\/2022\/06\/07\/stop-bullying-los-ninos-se-respetan-aleska-genesis-se-une-a-una-noble-campana\/#primaryimage\"},\"thumbnailUrl\":\"https:\/\/noti-america.com\/site\/mexico\/wp-content\/uploads\/sites\/13\/2022\/06\/thumbnail_IMG_2524_Facetune_31-05-2022-21-00-34.jpg\",\"datePublished\":\"2022-06-07T13:58:56+00:00\",\"breadcrumb\":{\"@id\":\"https:\/\/noti-america.com\/site\/mexico\/2022\/06\/07\/stop-bullying-los-ninos-se-respetan-aleska-genesis-se-une-a-una-noble-campana\/#breadcrumb\"},\"inLanguage\":\"es\",\"potentialAction\":[{\"@type\":\"ReadAction\",\"target\":[\"https:\/\/noti-america.com\/site\/mexico\/2022\/06\/07\/stop-bullying-los-ninos-se-respetan-aleska-genesis-se-une-a-una-noble-campana\/\"]}]},{\"@type\":\"ImageObject\",\"inLanguage\":\"es\",\"@id\":\"https:\/\/noti-america.com\/site\/mexico\/2022\/06\/07\/stop-bullying-los-ninos-se-respetan-aleska-genesis-se-une-a-una-noble-campana\/#primaryimage\",\"url\":\"https:\/\/noti-america.com\/site\/mexico\/wp-content\/uploads\/sites\/13\/2022\/06\/thumbnail_IMG_2524_Facetune_31-05-2022-21-00-34.jpg\",\"contentUrl\":\"https:\/\/noti-america.com\/site\/mexico\/wp-content\/uploads\/sites\/13\/2022\/06\/thumbnail_IMG_2524_Facetune_31-05-2022-21-00-34.jpg\",\"width\":960,\"height\":1280},{\"@type\":\"BreadcrumbList\",\"@id\":\"https:\/\/noti-america.com\/site\/mexico\/2022\/06\/07\/stop-bullying-los-ninos-se-respetan-aleska-genesis-se-une-a-una-noble-campana\/#breadcrumb\",\"itemListElement\":[{\"@type\":\"ListItem\",\"position\":1,\"name\":\"Portada\",\"item\":\"https:\/\/noti-america.com\/site\/mexico\/\"},{\"@type\":\"ListItem\",\"position\":2,\"name\":\"\u00abStop Bullying: Los ni\u00f1os se respetan\u00bb: Aleska G\u00e9nesis se une a una noble campa\u00f1a\"}]},{\"@type\":\"WebSite\",\"@id\":\"https:\/\/noti-america.com\/site\/mexico\/#website\",\"url\":\"https:\/\/noti-america.com\/site\/mexico\/\",\"name\":\"M\u00e9xico | Noti-America.com\",\"description\":\"\",\"publisher\":{\"@id\":\"https:\/\/noti-america.com\/site\/mexico\/#organization\"},\"potentialAction\":[{\"@type\":\"SearchAction\",\"target\":{\"@type\":\"EntryPoint\",\"urlTemplate\":\"https:\/\/noti-america.com\/site\/mexico\/?s={search_term_string}\"},\"query-input\":{\"@type\":\"PropertyValueSpecification\",\"valueRequired\":true,\"valueName\":\"search_term_string\"}}],\"inLanguage\":\"es\"},{\"@type\":\"Organization\",\"@id\":\"https:\/\/noti-america.com\/site\/mexico\/#organization\",\"name\":\"Noti-America LLC | M\u00e9xico\",\"url\":\"https:\/\/noti-america.com\/site\/mexico\/\",\"logo\":{\"@type\":\"ImageObject\",\"inLanguage\":\"es\",\"@id\":\"https:\/\/noti-america.com\/site\/mexico\/#\/schema\/logo\/image\/\",\"url\":\"https:\/\/noti-america.com\/site\/mexico\/wp-content\/uploads\/sites\/13\/2020\/07\/LogoNA-4x3-1.jpg\",\"contentUrl\":\"https:\/\/noti-america.com\/site\/mexico\/wp-content\/uploads\/sites\/13\/2020\/07\/LogoNA-4x3-1.jpg\",\"width\":1236,\"height\":1080,\"caption\":\"Noti-America LLC | M\u00e9xico\"},\"image\":{\"@id\":\"https:\/\/noti-america.com\/site\/mexico\/#\/schema\/logo\/image\/\"}},{\"@type\":\"Person\",\"@id\":\"https:\/\/noti-america.com\/site\/mexico\/#\/schema\/person\/376ccc7b3cc7a8d5a43c3ece07a43857\",\"name\":\"Yoelvzla\",\"image\":{\"@type\":\"ImageObject\",\"inLanguage\":\"es\",\"@id\":\"https:\/\/secure.gravatar.com\/avatar\/13a96a72123e0e9aa76fe82e8847f726c63a1c5ef6a8d0fadd844c1a5a83b212?s=96&d=mm&r=g\",\"url\":\"https:\/\/secure.gravatar.com\/avatar\/13a96a72123e0e9aa76fe82e8847f726c63a1c5ef6a8d0fadd844c1a5a83b212?s=96&d=mm&r=g\",\"contentUrl\":\"https:\/\/secure.gravatar.com\/avatar\/13a96a72123e0e9aa76fe82e8847f726c63a1c5ef6a8d0fadd844c1a5a83b212?s=96&d=mm&r=g\",\"caption\":\"Yoelvzla\"},\"url\":\"https:\/\/noti-america.com\/site\/mexico\/author\/ydiaz\/\"}]}<\/script>\n<!-- \/ Yoast SEO Premium plugin. -->","yoast_head_json":{"title":"\"Stop Bullying: Los ni\u00f1os se respetan\": Aleska G\u00e9nesis se une a una noble campa\u00f1a - M\u00e9xico","robots":{"index":"index","follow":"follow","max-snippet":"max-snippet:-1","max-image-preview":"max-image-preview:large","max-video-preview":"max-video-preview:-1"},"canonical":"https:\/\/noti-america.com\/site\/mexico\/2022\/06\/07\/stop-bullying-los-ninos-se-respetan-aleska-genesis-se-une-a-una-noble-campana\/","og_locale":"es_ES","og_type":"article","og_title":"\"Stop Bullying: Los ni\u00f1os se respetan\": Aleska G\u00e9nesis se une a una noble campa\u00f1a","og_description":"La top model\u00a0Aleska G\u00e9nesis\u00a0se uni\u00f3 a la campa\u00f1a de la siempre reina y tambi\u00e9n venezolana,\u00a0Veruzhka Ram\u00edrez,\u00a0llamada\u00a0\u00abStop Bullying: Los ni\u00f1os se respetan\u00bb;\u00a0que busca crear conciencia y tratar de erradicar este mal que afecta a la&#46;&#46;&#46;","og_url":"https:\/\/noti-america.com\/site\/mexico\/2022\/06\/07\/stop-bullying-los-ninos-se-respetan-aleska-genesis-se-une-a-una-noble-campana\/","og_site_name":"M\u00e9xico","article_published_time":"2022-06-07T13:58:56+00:00","og_image":[{"width":960,"height":1280,"url":"https:\/\/noti-america.com\/site\/mexico\/wp-content\/uploads\/sites\/13\/2022\/06\/thumbnail_IMG_2524_Facetune_31-05-2022-21-00-34.jpg","type":"image\/jpeg"}],"author":"Yoelvzla","twitter_card":"summary_large_image","twitter_misc":{"Escrito por":"Yoelvzla","Tiempo estimado de lectura":"1 minuto"},"schema":{"@context":"https:\/\/schema.org","@graph":[{"@type":"Article","@id":"https:\/\/noti-america.com\/site\/mexico\/2022\/06\/07\/stop-bullying-los-ninos-se-respetan-aleska-genesis-se-une-a-una-noble-campana\/#article","isPartOf":{"@id":"https:\/\/noti-america.com\/site\/mexico\/2022\/06\/07\/stop-bullying-los-ninos-se-respetan-aleska-genesis-se-une-a-una-noble-campana\/"},"author":{"name":"Yoelvzla","@id":"https:\/\/noti-america.com\/site\/mexico\/#\/schema\/person\/376ccc7b3cc7a8d5a43c3ece07a43857"},"headline":"\u00abStop Bullying: Los ni\u00f1os se respetan\u00bb: Aleska G\u00e9nesis se une a una noble campa\u00f1a","datePublished":"2022-06-07T13:58:56+00:00","mainEntityOfPage":{"@id":"https:\/\/noti-america.com\/site\/mexico\/2022\/06\/07\/stop-bullying-los-ninos-se-respetan-aleska-genesis-se-une-a-una-noble-campana\/"},"wordCount":259,"commentCount":0,"publisher":{"@id":"https:\/\/noti-america.com\/site\/mexico\/#organization"},"image":{"@id":"https:\/\/noti-america.com\/site\/mexico\/2022\/06\/07\/stop-bullying-los-ninos-se-respetan-aleska-genesis-se-une-a-una-noble-campana\/#primaryimage"},"thumbnailUrl":"https:\/\/noti-america.com\/site\/mexico\/wp-content\/uploads\/sites\/13\/2022\/06\/thumbnail_IMG_2524_Facetune_31-05-2022-21-00-34.jpg","articleSection":["Far\u00e1ndula"],"inLanguage":"es","potentialAction":[{"@type":"CommentAction","name":"Comment","target":["https:\/\/noti-america.com\/site\/mexico\/2022\/06\/07\/stop-bullying-los-ninos-se-respetan-aleska-genesis-se-une-a-una-noble-campana\/#respond"]}]},{"@type":"WebPage","@id":"https:\/\/noti-america.com\/site\/mexico\/2022\/06\/07\/stop-bullying-los-ninos-se-respetan-aleska-genesis-se-une-a-una-noble-campana\/","url":"https:\/\/noti-america.com\/site\/mexico\/2022\/06\/07\/stop-bullying-los-ninos-se-respetan-aleska-genesis-se-une-a-una-noble-campana\/","name":"\"Stop Bullying: Los ni\u00f1os se respetan\": Aleska G\u00e9nesis se une a una noble campa\u00f1a - M\u00e9xico","isPartOf":{"@id":"https:\/\/noti-america.com\/site\/mexico\/#website"},"primaryImageOfPage":{"@id":"https:\/\/noti-america.com\/site\/mexico\/2022\/06\/07\/stop-bullying-los-ninos-se-respetan-aleska-genesis-se-une-a-una-noble-campana\/#primaryimage"},"image":{"@id":"https:\/\/noti-america.com\/site\/mexico\/2022\/06\/07\/stop-bullying-los-ninos-se-respetan-aleska-genesis-se-une-a-una-noble-campana\/#primaryimage"},"thumbnailUrl":"https:\/\/noti-america.com\/site\/mexico\/wp-content\/uploads\/sites\/13\/2022\/06\/thumbnail_IMG_2524_Facetune_31-05-2022-21-00-34.jpg","datePublished":"2022-06-07T13:58:56+00:00","breadcrumb":{"@id":"https:\/\/noti-america.com\/site\/mexico\/2022\/06\/07\/stop-bullying-los-ninos-se-respetan-aleska-genesis-se-une-a-una-noble-campana\/#breadcrumb"},"inLanguage":"es","potentialAction":[{"@type":"ReadAction","target":["https:\/\/noti-america.com\/site\/mexico\/2022\/06\/07\/stop-bullying-los-ninos-se-respetan-aleska-genesis-se-une-a-una-noble-campana\/"]}]},{"@type":"ImageObject","inLanguage":"es","@id":"https:\/\/noti-america.com\/site\/mexico\/2022\/06\/07\/stop-bullying-los-ninos-se-respetan-aleska-genesis-se-une-a-una-noble-campana\/#primaryimage","url":"https:\/\/noti-america.com\/site\/mexico\/wp-content\/uploads\/sites\/13\/2022\/06\/thumbnail_IMG_2524_Facetune_31-05-2022-21-00-34.jpg","contentUrl":"https:\/\/noti-america.com\/site\/mexico\/wp-content\/uploads\/sites\/13\/2022\/06\/thumbnail_IMG_2524_Facetune_31-05-2022-21-00-34.jpg","width":960,"height":1280},{"@type":"BreadcrumbList","@id":"https:\/\/noti-america.com\/site\/mexico\/2022\/06\/07\/stop-bullying-los-ninos-se-respetan-aleska-genesis-se-une-a-una-noble-campana\/#breadcrumb","itemListElement":[{"@type":"ListItem","position":1,"name":"Portada","item":"https:\/\/noti-america.com\/site\/mexico\/"},{"@type":"ListItem","position":2,"name":"\u00abStop Bullying: Los ni\u00f1os se respetan\u00bb: Aleska G\u00e9nesis se une a una noble campa\u00f1a"}]},{"@type":"WebSite","@id":"https:\/\/noti-america.com\/site\/mexico\/#website","url":"https:\/\/noti-america.com\/site\/mexico\/","name":"M\u00e9xico | Noti-America.com","description":"","publisher":{"@id":"https:\/\/noti-america.com\/site\/mexico\/#organization"},"potentialAction":[{"@type":"SearchAction","target":{"@type":"EntryPoint","urlTemplate":"https:\/\/noti-america.com\/site\/mexico\/?s={search_term_string}"},"query-input":{"@type":"PropertyValueSpecification","valueRequired":true,"valueName":"search_term_string"}}],"inLanguage":"es"},{"@type":"Organization","@id":"https:\/\/noti-america.com\/site\/mexico\/#organization","name":"Noti-America LLC | M\u00e9xico","url":"https:\/\/noti-america.com\/site\/mexico\/","logo":{"@type":"ImageObject","inLanguage":"es","@id":"https:\/\/noti-america.com\/site\/mexico\/#\/schema\/logo\/image\/","url":"https:\/\/noti-america.com\/site\/mexico\/wp-content\/uploads\/sites\/13\/2020\/07\/LogoNA-4x3-1.jpg","contentUrl":"https:\/\/noti-america.com\/site\/mexico\/wp-content\/uploads\/sites\/13\/2020\/07\/LogoNA-4x3-1.jpg","width":1236,"height":1080,"caption":"Noti-America LLC | M\u00e9xico"},"image":{"@id":"https:\/\/noti-america.com\/site\/mexico\/#\/schema\/logo\/image\/"}},{"@type":"Person","@id":"https:\/\/noti-america.com\/site\/mexico\/#\/schema\/person\/376ccc7b3cc7a8d5a43c3ece07a43857","name":"Yoelvzla","image":{"@type":"ImageObject","inLanguage":"es","@id":"https:\/\/secure.gravatar.com\/avatar\/13a96a72123e0e9aa76fe82e8847f726c63a1c5ef6a8d0fadd844c1a5a83b212?s=96&d=mm&r=g","url":"https:\/\/secure.gravatar.com\/avatar\/13a96a72123e0e9aa76fe82e8847f726c63a1c5ef6a8d0fadd844c1a5a83b212?s=96&d=mm&r=g","contentUrl":"https:\/\/secure.gravatar.com\/avatar\/13a96a72123e0e9aa76fe82e8847f726c63a1c5ef6a8d0fadd844c1a5a83b212?s=96&d=mm&r=g","caption":"Yoelvzla"},"url":"https:\/\/noti-america.com\/site\/mexico\/author\/ydiaz\/"}]}},"_links":{"self":[{"href":"https:\/\/noti-america.com\/site\/mexico\/wp-json\/wp\/v2\/posts\/7945","targetHints":{"allow":["GET"]}}],"collection":[{"href":"https:\/\/noti-america.com\/site\/mexico\/wp-json\/wp\/v2\/posts"}],"about":[{"href":"https:\/\/noti-america.com\/site\/mexico\/wp-json\/wp\/v2\/types\/post"}],"author":[{"embeddable":true,"href":"https:\/\/noti-america.com\/site\/mexico\/wp-json\/wp\/v2\/users\/127"}],"replies":[{"embeddable":true,"href":"https:\/\/noti-america.com\/site\/mexico\/wp-json\/wp\/v2\/comments?post=7945"}],"version-history":[{"count":1,"href":"https:\/\/noti-america.com\/site\/mexico\/wp-json\/wp\/v2\/posts\/7945\/revisions"}],"predecessor-version":[{"id":7947,"href":"https:\/\/noti-america.com\/site\/mexico\/wp-json\/wp\/v2\/posts\/7945\/revisions\/7947"}],"wp:featuredmedia":[{"embeddable":true,"href":"https:\/\/noti-america.com\/site\/mexico\/wp-json\/wp\/v2\/media\/7946"}],"wp:attachment":[{"href":"https:\/\/noti-america.com\/site\/mexico\/wp-json\/wp\/v2\/media?parent=7945"}],"wp:term":[{"taxonomy":"category","embeddable":true,"href":"https:\/\/noti-america.com\/site\/mexico\/wp-json\/wp\/v2\/categories?post=7945"},{"taxonomy":"post_tag","embeddable":true,"href":"https:\/\/noti-america.com\/site\/mexico\/wp-json\/wp\/v2\/tags?post=7945"}],"curies":[{"name":"wp","href":"https:\/\/api.w.org\/{rel}","templated":true}]}}