{"id":7942,"date":"2022-06-07T13:56:00","date_gmt":"2022-06-07T13:56:00","guid":{"rendered":"https:\/\/noti-america.com\/site\/mexico\/?p=7942"},"modified":"2022-06-07T13:56:00","modified_gmt":"2022-06-07T13:56:00","slug":"aragua-se-renueva-ya-se-iniciaron-los-preparativos-para-la-3era-edicion-de-el-concurso-by-osmel-sousa","status":"publish","type":"post","link":"https:\/\/noti-america.com\/site\/mexico\/2022\/06\/07\/aragua-se-renueva-ya-se-iniciaron-los-preparativos-para-la-3era-edicion-de-el-concurso-by-osmel-sousa\/","title":{"rendered":"\u00abAragua se renueva\u00bb: Ya se iniciaron los preparativos para la 3era edici\u00f3n de El Concurso, by Osmel Sousa"},"content":{"rendered":"<p>Por mucho tiempo, el estado Aragua se ha caracterizado por ser una de las cunas de la belleza y es que ha visto nacer grandes reinas que han dejado en alto el nombre de Venezuela; es por ello que hoy se da a conocer el nuevo comit\u00e9 que acompa\u00f1a a El Concurso, by Osmel Sousa &#8211; Aragua.<\/p>\n<p>El pasado 2 de junio se llev\u00f3 a cabo la rueda de prensa, bajo la conducci\u00f3n de Carlos Valencia; quien revel\u00f3 detalles de la pr\u00f3xima edici\u00f3n del importante certamen de belleza. Medios de comunicaci\u00f3n se dieron cita para conocer las nuevas caras de la directiva que trabaja para esta tercera temporada; Gustavo Brandt, CEO de la marca Jogahs con m\u00e1s de 15 a\u00f1os de experiencia en el mundo comercial, debuta este a\u00f1o con la organizaci\u00f3n y asume la direcci\u00f3n.<\/p>\n<p>\u00abMe siento muy feliz por este nuevo reto, espero hacer un gran trabajo de la mano de mi equipo; este a\u00f1o vamos a renovar el concepto de la belleza en Aragua\u00bb, fueron palabras de Brandt.<\/p>\n<p>En el mismo orden de ideas, revelaron que esta tercera temporada llevar\u00e1 como t\u00edtulo \u00abAragua se renueva\u00bb. Asimismo, se dio a conocer que la agencia de modelaje Dyermodels se convertir\u00e1 en la sede principal de dicho concurso. Entre otros detalles se hizo saber que los lineamientos del Zar de la belleza Osmel Sousa est\u00e1n m\u00e1s estrictos esta temporada; debido a los compromisos internacionales que asumi\u00f3 la organizaci\u00f3n.<\/p>\n<p>Hasta ahora no se hizo saber qu\u00e9 premiaciones obtendr\u00e1 la acreedora de la corona;\u00a0sin embargo los jugosos y categ\u00f3ricos presentes se dar\u00e1n a conocer pr\u00f3ximamente. Adem\u00e1s de representar Aragua en el Concurso Nacional by Osmel Sousa, anunciaron que buscar\u00e1n m\u00e1s que belleza, valores y principios.<\/p>\n<p>Por \u00faltimo comentaron que en tan solo d\u00edas han recibido un gran n\u00famero de postulaciones en el casting virtual es por eso que ya tienen fecha para su Casting Presencial, este pr\u00f3ximo s\u00e1bado 11 de Junio, toda la informaci\u00f3n en @elconcursobyos_aragua.<\/p>\n<div><\/div>\n","protected":false},"excerpt":{"rendered":"<p>Por mucho tiempo, el estado Aragua se ha caracterizado por ser una de las cunas de la belleza y es que ha visto nacer grandes reinas que han dejado en alto el nombre de&#46;&#46;&#46;<\/p>\n","protected":false},"author":127,"featured_media":7943,"comment_status":"open","ping_status":"open","sticky":false,"template":"","format":"image","meta":{"_acf_changed":false,"om_disable_all_campaigns":false,"rop_custom_images_group":[],"rop_custom_messages_group":[],"rop_publish_now":"initial","rop_publish_now_accounts":{"twitter_242054905_242054905":""},"rop_publish_now_history":[],"rop_publish_now_status":"pending","_uf_show_specific_survey":0,"_uf_disable_surveys":false,"footnotes":""},"categories":[417],"tags":[],"class_list":["post-7942","post","type-post","status-publish","format-image","has-post-thumbnail","hentry","category-venezuela","post_format-post-format-image"],"acf":[],"aioseo_notices":[],"yoast_head":"<!-- This site is optimized with the Yoast SEO Premium plugin v24.9 (Yoast SEO v27.2) - https:\/\/yoast.com\/product\/yoast-seo-premium-wordpress\/ -->\n<title>&quot;Aragua se renueva&quot;: Ya se iniciaron los preparativos para la 3era edici\u00f3n de El Concurso, by Osmel Sousa - M\u00e9xico<\/title>\n<meta name=\"robots\" content=\"index, follow, max-snippet:-1, max-image-preview:large, max-video-preview:-1\" \/>\n<link rel=\"canonical\" href=\"https:\/\/noti-america.com\/site\/mexico\/2022\/06\/07\/aragua-se-renueva-ya-se-iniciaron-los-preparativos-para-la-3era-edicion-de-el-concurso-by-osmel-sousa\/\" \/>\n<meta property=\"og:locale\" content=\"es_ES\" \/>\n<meta property=\"og:type\" content=\"article\" \/>\n<meta property=\"og:title\" content=\"&quot;Aragua se renueva&quot;: Ya se iniciaron los preparativos para la 3era edici\u00f3n de El Concurso, by Osmel Sousa\" \/>\n<meta property=\"og:description\" content=\"Por mucho tiempo, el estado Aragua se ha caracterizado por ser una de las cunas de la belleza y es que ha visto nacer grandes reinas que han dejado en alto el nombre de&#046;&#046;&#046;\" \/>\n<meta property=\"og:url\" content=\"https:\/\/noti-america.com\/site\/mexico\/2022\/06\/07\/aragua-se-renueva-ya-se-iniciaron-los-preparativos-para-la-3era-edicion-de-el-concurso-by-osmel-sousa\/\" \/>\n<meta property=\"og:site_name\" content=\"M\u00e9xico\" \/>\n<meta property=\"article:published_time\" content=\"2022-06-07T13:56:00+00:00\" \/>\n<meta property=\"og:image\" content=\"https:\/\/noti-america.com\/site\/mexico\/wp-content\/uploads\/sites\/13\/2022\/06\/thumbnail_Concurso-Aragua-.jpg\" \/>\n\t<meta property=\"og:image:width\" content=\"1080\" \/>\n\t<meta property=\"og:image:height\" content=\"720\" \/>\n\t<meta property=\"og:image:type\" content=\"image\/jpeg\" \/>\n<meta name=\"author\" content=\"Yoelvzla\" \/>\n<meta name=\"twitter:card\" content=\"summary_large_image\" \/>\n<meta name=\"twitter:label1\" content=\"Escrito por\" \/>\n\t<meta name=\"twitter:data1\" content=\"Yoelvzla\" \/>\n\t<meta name=\"twitter:label2\" content=\"Tiempo estimado de lectura\" \/>\n\t<meta name=\"twitter:data2\" content=\"2 minutos\" \/>\n<script type=\"application\/ld+json\" class=\"yoast-schema-graph\">{\"@context\":\"https:\/\/schema.org\",\"@graph\":[{\"@type\":\"Article\",\"@id\":\"https:\/\/noti-america.com\/site\/mexico\/2022\/06\/07\/aragua-se-renueva-ya-se-iniciaron-los-preparativos-para-la-3era-edicion-de-el-concurso-by-osmel-sousa\/#article\",\"isPartOf\":{\"@id\":\"https:\/\/noti-america.com\/site\/mexico\/2022\/06\/07\/aragua-se-renueva-ya-se-iniciaron-los-preparativos-para-la-3era-edicion-de-el-concurso-by-osmel-sousa\/\"},\"author\":{\"name\":\"Yoelvzla\",\"@id\":\"https:\/\/noti-america.com\/site\/mexico\/#\/schema\/person\/376ccc7b3cc7a8d5a43c3ece07a43857\"},\"headline\":\"\u00abAragua se renueva\u00bb: Ya se iniciaron los preparativos para la 3era edici\u00f3n de El Concurso, by Osmel Sousa\",\"datePublished\":\"2022-06-07T13:56:00+00:00\",\"mainEntityOfPage\":{\"@id\":\"https:\/\/noti-america.com\/site\/mexico\/2022\/06\/07\/aragua-se-renueva-ya-se-iniciaron-los-preparativos-para-la-3era-edicion-de-el-concurso-by-osmel-sousa\/\"},\"wordCount\":368,\"commentCount\":0,\"publisher\":{\"@id\":\"https:\/\/noti-america.com\/site\/mexico\/#organization\"},\"image\":{\"@id\":\"https:\/\/noti-america.com\/site\/mexico\/2022\/06\/07\/aragua-se-renueva-ya-se-iniciaron-los-preparativos-para-la-3era-edicion-de-el-concurso-by-osmel-sousa\/#primaryimage\"},\"thumbnailUrl\":\"https:\/\/noti-america.com\/site\/mexico\/wp-content\/uploads\/sites\/13\/2022\/06\/thumbnail_Concurso-Aragua-.jpg\",\"articleSection\":[\"Venezuela\"],\"inLanguage\":\"es\",\"potentialAction\":[{\"@type\":\"CommentAction\",\"name\":\"Comment\",\"target\":[\"https:\/\/noti-america.com\/site\/mexico\/2022\/06\/07\/aragua-se-renueva-ya-se-iniciaron-los-preparativos-para-la-3era-edicion-de-el-concurso-by-osmel-sousa\/#respond\"]}]},{\"@type\":\"WebPage\",\"@id\":\"https:\/\/noti-america.com\/site\/mexico\/2022\/06\/07\/aragua-se-renueva-ya-se-iniciaron-los-preparativos-para-la-3era-edicion-de-el-concurso-by-osmel-sousa\/\",\"url\":\"https:\/\/noti-america.com\/site\/mexico\/2022\/06\/07\/aragua-se-renueva-ya-se-iniciaron-los-preparativos-para-la-3era-edicion-de-el-concurso-by-osmel-sousa\/\",\"name\":\"\\\"Aragua se renueva\\\": Ya se iniciaron los preparativos para la 3era edici\u00f3n de El Concurso, by Osmel Sousa - M\u00e9xico\",\"isPartOf\":{\"@id\":\"https:\/\/noti-america.com\/site\/mexico\/#website\"},\"primaryImageOfPage\":{\"@id\":\"https:\/\/noti-america.com\/site\/mexico\/2022\/06\/07\/aragua-se-renueva-ya-se-iniciaron-los-preparativos-para-la-3era-edicion-de-el-concurso-by-osmel-sousa\/#primaryimage\"},\"image\":{\"@id\":\"https:\/\/noti-america.com\/site\/mexico\/2022\/06\/07\/aragua-se-renueva-ya-se-iniciaron-los-preparativos-para-la-3era-edicion-de-el-concurso-by-osmel-sousa\/#primaryimage\"},\"thumbnailUrl\":\"https:\/\/noti-america.com\/site\/mexico\/wp-content\/uploads\/sites\/13\/2022\/06\/thumbnail_Concurso-Aragua-.jpg\",\"datePublished\":\"2022-06-07T13:56:00+00:00\",\"breadcrumb\":{\"@id\":\"https:\/\/noti-america.com\/site\/mexico\/2022\/06\/07\/aragua-se-renueva-ya-se-iniciaron-los-preparativos-para-la-3era-edicion-de-el-concurso-by-osmel-sousa\/#breadcrumb\"},\"inLanguage\":\"es\",\"potentialAction\":[{\"@type\":\"ReadAction\",\"target\":[\"https:\/\/noti-america.com\/site\/mexico\/2022\/06\/07\/aragua-se-renueva-ya-se-iniciaron-los-preparativos-para-la-3era-edicion-de-el-concurso-by-osmel-sousa\/\"]}]},{\"@type\":\"ImageObject\",\"inLanguage\":\"es\",\"@id\":\"https:\/\/noti-america.com\/site\/mexico\/2022\/06\/07\/aragua-se-renueva-ya-se-iniciaron-los-preparativos-para-la-3era-edicion-de-el-concurso-by-osmel-sousa\/#primaryimage\",\"url\":\"https:\/\/noti-america.com\/site\/mexico\/wp-content\/uploads\/sites\/13\/2022\/06\/thumbnail_Concurso-Aragua-.jpg\",\"contentUrl\":\"https:\/\/noti-america.com\/site\/mexico\/wp-content\/uploads\/sites\/13\/2022\/06\/thumbnail_Concurso-Aragua-.jpg\",\"width\":1080,\"height\":720},{\"@type\":\"BreadcrumbList\",\"@id\":\"https:\/\/noti-america.com\/site\/mexico\/2022\/06\/07\/aragua-se-renueva-ya-se-iniciaron-los-preparativos-para-la-3era-edicion-de-el-concurso-by-osmel-sousa\/#breadcrumb\",\"itemListElement\":[{\"@type\":\"ListItem\",\"position\":1,\"name\":\"Portada\",\"item\":\"https:\/\/noti-america.com\/site\/mexico\/\"},{\"@type\":\"ListItem\",\"position\":2,\"name\":\"\u00abAragua se renueva\u00bb: Ya se iniciaron los preparativos para la 3era edici\u00f3n de El Concurso, by Osmel Sousa\"}]},{\"@type\":\"WebSite\",\"@id\":\"https:\/\/noti-america.com\/site\/mexico\/#website\",\"url\":\"https:\/\/noti-america.com\/site\/mexico\/\",\"name\":\"M\u00e9xico | Noti-America.com\",\"description\":\"\",\"publisher\":{\"@id\":\"https:\/\/noti-america.com\/site\/mexico\/#organization\"},\"potentialAction\":[{\"@type\":\"SearchAction\",\"target\":{\"@type\":\"EntryPoint\",\"urlTemplate\":\"https:\/\/noti-america.com\/site\/mexico\/?s={search_term_string}\"},\"query-input\":{\"@type\":\"PropertyValueSpecification\",\"valueRequired\":true,\"valueName\":\"search_term_string\"}}],\"inLanguage\":\"es\"},{\"@type\":\"Organization\",\"@id\":\"https:\/\/noti-america.com\/site\/mexico\/#organization\",\"name\":\"Noti-America LLC | M\u00e9xico\",\"url\":\"https:\/\/noti-america.com\/site\/mexico\/\",\"logo\":{\"@type\":\"ImageObject\",\"inLanguage\":\"es\",\"@id\":\"https:\/\/noti-america.com\/site\/mexico\/#\/schema\/logo\/image\/\",\"url\":\"https:\/\/noti-america.com\/site\/mexico\/wp-content\/uploads\/sites\/13\/2020\/07\/LogoNA-4x3-1.jpg\",\"contentUrl\":\"https:\/\/noti-america.com\/site\/mexico\/wp-content\/uploads\/sites\/13\/2020\/07\/LogoNA-4x3-1.jpg\",\"width\":1236,\"height\":1080,\"caption\":\"Noti-America LLC | M\u00e9xico\"},\"image\":{\"@id\":\"https:\/\/noti-america.com\/site\/mexico\/#\/schema\/logo\/image\/\"}},{\"@type\":\"Person\",\"@id\":\"https:\/\/noti-america.com\/site\/mexico\/#\/schema\/person\/376ccc7b3cc7a8d5a43c3ece07a43857\",\"name\":\"Yoelvzla\",\"image\":{\"@type\":\"ImageObject\",\"inLanguage\":\"es\",\"@id\":\"https:\/\/secure.gravatar.com\/avatar\/13a96a72123e0e9aa76fe82e8847f726c63a1c5ef6a8d0fadd844c1a5a83b212?s=96&d=mm&r=g\",\"url\":\"https:\/\/secure.gravatar.com\/avatar\/13a96a72123e0e9aa76fe82e8847f726c63a1c5ef6a8d0fadd844c1a5a83b212?s=96&d=mm&r=g\",\"contentUrl\":\"https:\/\/secure.gravatar.com\/avatar\/13a96a72123e0e9aa76fe82e8847f726c63a1c5ef6a8d0fadd844c1a5a83b212?s=96&d=mm&r=g\",\"caption\":\"Yoelvzla\"},\"url\":\"https:\/\/noti-america.com\/site\/mexico\/author\/ydiaz\/\"}]}<\/script>\n<!-- \/ Yoast SEO Premium plugin. -->","yoast_head_json":{"title":"\"Aragua se renueva\": Ya se iniciaron los preparativos para la 3era edici\u00f3n de El Concurso, by Osmel Sousa - M\u00e9xico","robots":{"index":"index","follow":"follow","max-snippet":"max-snippet:-1","max-image-preview":"max-image-preview:large","max-video-preview":"max-video-preview:-1"},"canonical":"https:\/\/noti-america.com\/site\/mexico\/2022\/06\/07\/aragua-se-renueva-ya-se-iniciaron-los-preparativos-para-la-3era-edicion-de-el-concurso-by-osmel-sousa\/","og_locale":"es_ES","og_type":"article","og_title":"\"Aragua se renueva\": Ya se iniciaron los preparativos para la 3era edici\u00f3n de El Concurso, by Osmel Sousa","og_description":"Por mucho tiempo, el estado Aragua se ha caracterizado por ser una de las cunas de la belleza y es que ha visto nacer grandes reinas que han dejado en alto el nombre de&#46;&#46;&#46;","og_url":"https:\/\/noti-america.com\/site\/mexico\/2022\/06\/07\/aragua-se-renueva-ya-se-iniciaron-los-preparativos-para-la-3era-edicion-de-el-concurso-by-osmel-sousa\/","og_site_name":"M\u00e9xico","article_published_time":"2022-06-07T13:56:00+00:00","og_image":[{"width":1080,"height":720,"url":"https:\/\/noti-america.com\/site\/mexico\/wp-content\/uploads\/sites\/13\/2022\/06\/thumbnail_Concurso-Aragua-.jpg","type":"image\/jpeg"}],"author":"Yoelvzla","twitter_card":"summary_large_image","twitter_misc":{"Escrito por":"Yoelvzla","Tiempo estimado de lectura":"2 minutos"},"schema":{"@context":"https:\/\/schema.org","@graph":[{"@type":"Article","@id":"https:\/\/noti-america.com\/site\/mexico\/2022\/06\/07\/aragua-se-renueva-ya-se-iniciaron-los-preparativos-para-la-3era-edicion-de-el-concurso-by-osmel-sousa\/#article","isPartOf":{"@id":"https:\/\/noti-america.com\/site\/mexico\/2022\/06\/07\/aragua-se-renueva-ya-se-iniciaron-los-preparativos-para-la-3era-edicion-de-el-concurso-by-osmel-sousa\/"},"author":{"name":"Yoelvzla","@id":"https:\/\/noti-america.com\/site\/mexico\/#\/schema\/person\/376ccc7b3cc7a8d5a43c3ece07a43857"},"headline":"\u00abAragua se renueva\u00bb: Ya se iniciaron los preparativos para la 3era edici\u00f3n de El Concurso, by Osmel Sousa","datePublished":"2022-06-07T13:56:00+00:00","mainEntityOfPage":{"@id":"https:\/\/noti-america.com\/site\/mexico\/2022\/06\/07\/aragua-se-renueva-ya-se-iniciaron-los-preparativos-para-la-3era-edicion-de-el-concurso-by-osmel-sousa\/"},"wordCount":368,"commentCount":0,"publisher":{"@id":"https:\/\/noti-america.com\/site\/mexico\/#organization"},"image":{"@id":"https:\/\/noti-america.com\/site\/mexico\/2022\/06\/07\/aragua-se-renueva-ya-se-iniciaron-los-preparativos-para-la-3era-edicion-de-el-concurso-by-osmel-sousa\/#primaryimage"},"thumbnailUrl":"https:\/\/noti-america.com\/site\/mexico\/wp-content\/uploads\/sites\/13\/2022\/06\/thumbnail_Concurso-Aragua-.jpg","articleSection":["Venezuela"],"inLanguage":"es","potentialAction":[{"@type":"CommentAction","name":"Comment","target":["https:\/\/noti-america.com\/site\/mexico\/2022\/06\/07\/aragua-se-renueva-ya-se-iniciaron-los-preparativos-para-la-3era-edicion-de-el-concurso-by-osmel-sousa\/#respond"]}]},{"@type":"WebPage","@id":"https:\/\/noti-america.com\/site\/mexico\/2022\/06\/07\/aragua-se-renueva-ya-se-iniciaron-los-preparativos-para-la-3era-edicion-de-el-concurso-by-osmel-sousa\/","url":"https:\/\/noti-america.com\/site\/mexico\/2022\/06\/07\/aragua-se-renueva-ya-se-iniciaron-los-preparativos-para-la-3era-edicion-de-el-concurso-by-osmel-sousa\/","name":"\"Aragua se renueva\": Ya se iniciaron los preparativos para la 3era edici\u00f3n de El Concurso, by Osmel Sousa - M\u00e9xico","isPartOf":{"@id":"https:\/\/noti-america.com\/site\/mexico\/#website"},"primaryImageOfPage":{"@id":"https:\/\/noti-america.com\/site\/mexico\/2022\/06\/07\/aragua-se-renueva-ya-se-iniciaron-los-preparativos-para-la-3era-edicion-de-el-concurso-by-osmel-sousa\/#primaryimage"},"image":{"@id":"https:\/\/noti-america.com\/site\/mexico\/2022\/06\/07\/aragua-se-renueva-ya-se-iniciaron-los-preparativos-para-la-3era-edicion-de-el-concurso-by-osmel-sousa\/#primaryimage"},"thumbnailUrl":"https:\/\/noti-america.com\/site\/mexico\/wp-content\/uploads\/sites\/13\/2022\/06\/thumbnail_Concurso-Aragua-.jpg","datePublished":"2022-06-07T13:56:00+00:00","breadcrumb":{"@id":"https:\/\/noti-america.com\/site\/mexico\/2022\/06\/07\/aragua-se-renueva-ya-se-iniciaron-los-preparativos-para-la-3era-edicion-de-el-concurso-by-osmel-sousa\/#breadcrumb"},"inLanguage":"es","potentialAction":[{"@type":"ReadAction","target":["https:\/\/noti-america.com\/site\/mexico\/2022\/06\/07\/aragua-se-renueva-ya-se-iniciaron-los-preparativos-para-la-3era-edicion-de-el-concurso-by-osmel-sousa\/"]}]},{"@type":"ImageObject","inLanguage":"es","@id":"https:\/\/noti-america.com\/site\/mexico\/2022\/06\/07\/aragua-se-renueva-ya-se-iniciaron-los-preparativos-para-la-3era-edicion-de-el-concurso-by-osmel-sousa\/#primaryimage","url":"https:\/\/noti-america.com\/site\/mexico\/wp-content\/uploads\/sites\/13\/2022\/06\/thumbnail_Concurso-Aragua-.jpg","contentUrl":"https:\/\/noti-america.com\/site\/mexico\/wp-content\/uploads\/sites\/13\/2022\/06\/thumbnail_Concurso-Aragua-.jpg","width":1080,"height":720},{"@type":"BreadcrumbList","@id":"https:\/\/noti-america.com\/site\/mexico\/2022\/06\/07\/aragua-se-renueva-ya-se-iniciaron-los-preparativos-para-la-3era-edicion-de-el-concurso-by-osmel-sousa\/#breadcrumb","itemListElement":[{"@type":"ListItem","position":1,"name":"Portada","item":"https:\/\/noti-america.com\/site\/mexico\/"},{"@type":"ListItem","position":2,"name":"\u00abAragua se renueva\u00bb: Ya se iniciaron los preparativos para la 3era edici\u00f3n de El Concurso, by Osmel Sousa"}]},{"@type":"WebSite","@id":"https:\/\/noti-america.com\/site\/mexico\/#website","url":"https:\/\/noti-america.com\/site\/mexico\/","name":"M\u00e9xico | Noti-America.com","description":"","publisher":{"@id":"https:\/\/noti-america.com\/site\/mexico\/#organization"},"potentialAction":[{"@type":"SearchAction","target":{"@type":"EntryPoint","urlTemplate":"https:\/\/noti-america.com\/site\/mexico\/?s={search_term_string}"},"query-input":{"@type":"PropertyValueSpecification","valueRequired":true,"valueName":"search_term_string"}}],"inLanguage":"es"},{"@type":"Organization","@id":"https:\/\/noti-america.com\/site\/mexico\/#organization","name":"Noti-America LLC | M\u00e9xico","url":"https:\/\/noti-america.com\/site\/mexico\/","logo":{"@type":"ImageObject","inLanguage":"es","@id":"https:\/\/noti-america.com\/site\/mexico\/#\/schema\/logo\/image\/","url":"https:\/\/noti-america.com\/site\/mexico\/wp-content\/uploads\/sites\/13\/2020\/07\/LogoNA-4x3-1.jpg","contentUrl":"https:\/\/noti-america.com\/site\/mexico\/wp-content\/uploads\/sites\/13\/2020\/07\/LogoNA-4x3-1.jpg","width":1236,"height":1080,"caption":"Noti-America LLC | M\u00e9xico"},"image":{"@id":"https:\/\/noti-america.com\/site\/mexico\/#\/schema\/logo\/image\/"}},{"@type":"Person","@id":"https:\/\/noti-america.com\/site\/mexico\/#\/schema\/person\/376ccc7b3cc7a8d5a43c3ece07a43857","name":"Yoelvzla","image":{"@type":"ImageObject","inLanguage":"es","@id":"https:\/\/secure.gravatar.com\/avatar\/13a96a72123e0e9aa76fe82e8847f726c63a1c5ef6a8d0fadd844c1a5a83b212?s=96&d=mm&r=g","url":"https:\/\/secure.gravatar.com\/avatar\/13a96a72123e0e9aa76fe82e8847f726c63a1c5ef6a8d0fadd844c1a5a83b212?s=96&d=mm&r=g","contentUrl":"https:\/\/secure.gravatar.com\/avatar\/13a96a72123e0e9aa76fe82e8847f726c63a1c5ef6a8d0fadd844c1a5a83b212?s=96&d=mm&r=g","caption":"Yoelvzla"},"url":"https:\/\/noti-america.com\/site\/mexico\/author\/ydiaz\/"}]}},"_links":{"self":[{"href":"https:\/\/noti-america.com\/site\/mexico\/wp-json\/wp\/v2\/posts\/7942","targetHints":{"allow":["GET"]}}],"collection":[{"href":"https:\/\/noti-america.com\/site\/mexico\/wp-json\/wp\/v2\/posts"}],"about":[{"href":"https:\/\/noti-america.com\/site\/mexico\/wp-json\/wp\/v2\/types\/post"}],"author":[{"embeddable":true,"href":"https:\/\/noti-america.com\/site\/mexico\/wp-json\/wp\/v2\/users\/127"}],"replies":[{"embeddable":true,"href":"https:\/\/noti-america.com\/site\/mexico\/wp-json\/wp\/v2\/comments?post=7942"}],"version-history":[{"count":1,"href":"https:\/\/noti-america.com\/site\/mexico\/wp-json\/wp\/v2\/posts\/7942\/revisions"}],"predecessor-version":[{"id":7944,"href":"https:\/\/noti-america.com\/site\/mexico\/wp-json\/wp\/v2\/posts\/7942\/revisions\/7944"}],"wp:featuredmedia":[{"embeddable":true,"href":"https:\/\/noti-america.com\/site\/mexico\/wp-json\/wp\/v2\/media\/7943"}],"wp:attachment":[{"href":"https:\/\/noti-america.com\/site\/mexico\/wp-json\/wp\/v2\/media?parent=7942"}],"wp:term":[{"taxonomy":"category","embeddable":true,"href":"https:\/\/noti-america.com\/site\/mexico\/wp-json\/wp\/v2\/categories?post=7942"},{"taxonomy":"post_tag","embeddable":true,"href":"https:\/\/noti-america.com\/site\/mexico\/wp-json\/wp\/v2\/tags?post=7942"}],"curies":[{"name":"wp","href":"https:\/\/api.w.org\/{rel}","templated":true}]}}