{"id":790,"date":"2018-02-14T20:12:18","date_gmt":"2018-02-14T20:12:18","guid":{"rendered":"http:\/\/noti-america.com\/site\/mexico\/?p=790"},"modified":"2018-02-14T20:12:18","modified_gmt":"2018-02-14T20:12:18","slug":"pide-diputada-patricia-ramirez-a-sct-que-trabaje-en-la-senalizacion-de-la-transpeninsular","status":"publish","type":"post","link":"https:\/\/noti-america.com\/site\/mexico\/2018\/02\/14\/pide-diputada-patricia-ramirez-a-sct-que-trabaje-en-la-senalizacion-de-la-transpeninsular\/","title":{"rendered":"Pide Diputada Patricia Ram\u00edrez a SCT que trabaje en la se\u00f1alizaci\u00f3n de la Transpeninsular"},"content":{"rendered":"<p>&nbsp;<\/p>\n<p><strong>*Es con la finalidad de dar mayor seguridad a quienes utilzian esta v\u00eda<\/strong><\/p>\n<p><strong>REDACCI\u00d3N NOTIAMERICA (MEXICO): Con la finalidad de que quienes transitan todos los d\u00edas por la carretera transpeninsular , sobre todo, entre\u00a0 la capital del estado y Guerrero Negro cuenten con una mayor seguridad al momento de utilizar esta v\u00eda de comunicaci\u00f3n, la Diputada Patricia Ram\u00edrez Guti\u00e9rrez solicit\u00f3 al Director General del Centro de la SCT en la entidad, Sergio Herrera Concha que la dependencia a su cargo realice trabajos de se\u00f1alizaci\u00f3n en diversos tramos de la cinta asf\u00e1ltica as\u00ed como la instalaci\u00f3n de reductores de velocidad que ofrezcan informaci\u00f3n oportuna a los conductores sobre tramos que representan alg\u00fan tipo de riesgo, y con ello quienes conducen tmen las medidas preventivas correspondientes.<\/strong><\/p>\n<p>&nbsp;<\/p>\n<p><strong>Se\u00f1al\u00f3 la representante popular que en la visita que ha hecho a comunidades del norte de la entidad, ciudadanos y ciudadanas le han solicitado que alce la voz para que las autoridades de la Secretar\u00eda de Comunicaciones y Transportes \u201ctomen cartas en el asunto\u201d y establezcan a la brevedad se\u00f1alamientos en tramos en donde se carece de ellos, al igual que reductores de velocidad \u201cmismos que servir\u00e1n de mucho apoyo a transportistas, a turistas, a ciudadanos en lo individual que todos los d\u00edas hacen uso de la Transpeninsular\u201d.<\/strong><\/p>\n<p><strong>Ejemplific\u00f3 que en el caso del kil\u00f3metro 145 en el tramo La Paz-Ciudad Constituci\u00f3n \u201cexiste una Capilla a la Virgen de Guadalupe, la cual es visitada por quienes se mueven por la carretera, pero carece de se\u00f1ales y de reductores de velocidad, lo que ha estado a punto de generar accidentes de diverso tipo, ya que a este lugar llegan en una gran cantidad camiones de carga, autom\u00f3viles que en ocasiones dificultan el tr\u00e1fico en el lugar\u201d.<\/strong><\/p>\n<p><strong>Ram\u00edrez Guti\u00e9rrez\u00a0 se\u00f1al\u00f3 que a lo largo de los m\u00e1s de 800 kil\u00f3metros que nos separan de Guerrero Negro existen una serie de sitios a orilla de carretera como restaurantes, comercios, capillas y otros de inter\u00e9s popular que no tienen la se\u00f1alizaci\u00f3n debida\u00a0 y en algunos casos generan percances viales.<\/strong><\/p>\n<p><strong>Manifest\u00f3 que en su actividad como legisladora al Congreso del Estado y en permanente transitar por la Transpeninsular \u201cme ha tocado presenciar accidentes de diversa \u00edndole que en un momento dado se pudieron haber evitado\u2026\u201d.<\/strong><\/p>\n<p><strong>\u00a0<\/strong><\/p>\n","protected":false},"excerpt":{"rendered":"<p>&nbsp; *Es con la finalidad de dar mayor seguridad a quienes utilzian esta v\u00eda REDACCI\u00d3N NOTIAMERICA (MEXICO): Con la finalidad de que quienes transitan todos los d\u00edas por la carretera transpeninsular , sobre todo,&#46;&#46;&#46;<\/p>\n","protected":false},"author":16,"featured_media":791,"comment_status":"open","ping_status":"open","sticky":false,"template":"","format":"standard","meta":{"_acf_changed":false,"om_disable_all_campaigns":false,"rop_custom_images_group":[],"rop_custom_messages_group":[],"rop_publish_now":"initial","rop_publish_now_accounts":{"twitter_242054905_242054905":""},"rop_publish_now_history":[],"rop_publish_now_status":"pending","_uf_show_specific_survey":0,"_uf_disable_surveys":false,"footnotes":""},"categories":[1],"tags":[],"class_list":["post-790","post","type-post","status-publish","format-standard","has-post-thumbnail","hentry","category-uncategorized"],"acf":[],"aioseo_notices":[],"yoast_head":"<!-- This site is optimized with the Yoast SEO Premium plugin v24.9 (Yoast SEO v27.2) - https:\/\/yoast.com\/product\/yoast-seo-premium-wordpress\/ -->\n<title>Pide Diputada Patricia Ram\u00edrez a SCT que trabaje en la se\u00f1alizaci\u00f3n de la Transpeninsular - M\u00e9xico<\/title>\n<meta name=\"robots\" content=\"index, follow, max-snippet:-1, max-image-preview:large, max-video-preview:-1\" \/>\n<link rel=\"canonical\" href=\"https:\/\/noti-america.com\/site\/mexico\/2018\/02\/14\/pide-diputada-patricia-ramirez-a-sct-que-trabaje-en-la-senalizacion-de-la-transpeninsular\/\" \/>\n<meta property=\"og:locale\" content=\"es_ES\" \/>\n<meta property=\"og:type\" content=\"article\" \/>\n<meta property=\"og:title\" content=\"Pide Diputada Patricia Ram\u00edrez a SCT que trabaje en la se\u00f1alizaci\u00f3n de la Transpeninsular\" \/>\n<meta property=\"og:description\" content=\"&nbsp; *Es con la finalidad de dar mayor seguridad a quienes utilzian esta v\u00eda REDACCI\u00d3N NOTIAMERICA (MEXICO): Con la finalidad de que quienes transitan todos los d\u00edas por la carretera transpeninsular , sobre todo,&#046;&#046;&#046;\" \/>\n<meta property=\"og:url\" content=\"https:\/\/noti-america.com\/site\/mexico\/2018\/02\/14\/pide-diputada-patricia-ramirez-a-sct-que-trabaje-en-la-senalizacion-de-la-transpeninsular\/\" \/>\n<meta property=\"og:site_name\" content=\"M\u00e9xico\" \/>\n<meta property=\"article:published_time\" content=\"2018-02-14T20:12:18+00:00\" \/>\n<meta property=\"og:image\" content=\"https:\/\/noti-america.com\/site\/mexico\/wp-content\/uploads\/sites\/13\/2018\/02\/DSC_0788-678x1024.jpg\" \/>\n\t<meta property=\"og:image:width\" content=\"678\" \/>\n\t<meta property=\"og:image:height\" content=\"1024\" \/>\n\t<meta property=\"og:image:type\" content=\"image\/jpeg\" \/>\n<meta name=\"author\" content=\"Paloma Olachea\" \/>\n<meta name=\"twitter:card\" content=\"summary_large_image\" \/>\n<meta name=\"twitter:label1\" content=\"Escrito por\" \/>\n\t<meta name=\"twitter:data1\" content=\"Paloma Olachea\" \/>\n\t<meta name=\"twitter:label2\" content=\"Tiempo estimado de lectura\" \/>\n\t<meta name=\"twitter:data2\" content=\"2 minutos\" \/>\n<script type=\"application\/ld+json\" class=\"yoast-schema-graph\">{\"@context\":\"https:\/\/schema.org\",\"@graph\":[{\"@type\":\"Article\",\"@id\":\"https:\/\/noti-america.com\/site\/mexico\/2018\/02\/14\/pide-diputada-patricia-ramirez-a-sct-que-trabaje-en-la-senalizacion-de-la-transpeninsular\/#article\",\"isPartOf\":{\"@id\":\"https:\/\/noti-america.com\/site\/mexico\/2018\/02\/14\/pide-diputada-patricia-ramirez-a-sct-que-trabaje-en-la-senalizacion-de-la-transpeninsular\/\"},\"author\":{\"name\":\"Paloma Olachea\",\"@id\":\"https:\/\/noti-america.com\/site\/mexico\/#\/schema\/person\/0055de23daadb69055b7fe942f37dcf3\"},\"headline\":\"Pide Diputada Patricia Ram\u00edrez a SCT que trabaje en la se\u00f1alizaci\u00f3n de la Transpeninsular\",\"datePublished\":\"2018-02-14T20:12:18+00:00\",\"mainEntityOfPage\":{\"@id\":\"https:\/\/noti-america.com\/site\/mexico\/2018\/02\/14\/pide-diputada-patricia-ramirez-a-sct-que-trabaje-en-la-senalizacion-de-la-transpeninsular\/\"},\"wordCount\":421,\"commentCount\":0,\"publisher\":{\"@id\":\"https:\/\/noti-america.com\/site\/mexico\/#organization\"},\"image\":{\"@id\":\"https:\/\/noti-america.com\/site\/mexico\/2018\/02\/14\/pide-diputada-patricia-ramirez-a-sct-que-trabaje-en-la-senalizacion-de-la-transpeninsular\/#primaryimage\"},\"thumbnailUrl\":\"https:\/\/noti-america.com\/site\/mexico\/wp-content\/uploads\/sites\/13\/2018\/02\/DSC_0788.jpg\",\"articleSection\":[\"Uncategorized\"],\"inLanguage\":\"es\",\"potentialAction\":[{\"@type\":\"CommentAction\",\"name\":\"Comment\",\"target\":[\"https:\/\/noti-america.com\/site\/mexico\/2018\/02\/14\/pide-diputada-patricia-ramirez-a-sct-que-trabaje-en-la-senalizacion-de-la-transpeninsular\/#respond\"]}]},{\"@type\":\"WebPage\",\"@id\":\"https:\/\/noti-america.com\/site\/mexico\/2018\/02\/14\/pide-diputada-patricia-ramirez-a-sct-que-trabaje-en-la-senalizacion-de-la-transpeninsular\/\",\"url\":\"https:\/\/noti-america.com\/site\/mexico\/2018\/02\/14\/pide-diputada-patricia-ramirez-a-sct-que-trabaje-en-la-senalizacion-de-la-transpeninsular\/\",\"name\":\"Pide Diputada Patricia Ram\u00edrez a SCT que trabaje en la se\u00f1alizaci\u00f3n de la Transpeninsular - M\u00e9xico\",\"isPartOf\":{\"@id\":\"https:\/\/noti-america.com\/site\/mexico\/#website\"},\"primaryImageOfPage\":{\"@id\":\"https:\/\/noti-america.com\/site\/mexico\/2018\/02\/14\/pide-diputada-patricia-ramirez-a-sct-que-trabaje-en-la-senalizacion-de-la-transpeninsular\/#primaryimage\"},\"image\":{\"@id\":\"https:\/\/noti-america.com\/site\/mexico\/2018\/02\/14\/pide-diputada-patricia-ramirez-a-sct-que-trabaje-en-la-senalizacion-de-la-transpeninsular\/#primaryimage\"},\"thumbnailUrl\":\"https:\/\/noti-america.com\/site\/mexico\/wp-content\/uploads\/sites\/13\/2018\/02\/DSC_0788.jpg\",\"datePublished\":\"2018-02-14T20:12:18+00:00\",\"breadcrumb\":{\"@id\":\"https:\/\/noti-america.com\/site\/mexico\/2018\/02\/14\/pide-diputada-patricia-ramirez-a-sct-que-trabaje-en-la-senalizacion-de-la-transpeninsular\/#breadcrumb\"},\"inLanguage\":\"es\",\"potentialAction\":[{\"@type\":\"ReadAction\",\"target\":[\"https:\/\/noti-america.com\/site\/mexico\/2018\/02\/14\/pide-diputada-patricia-ramirez-a-sct-que-trabaje-en-la-senalizacion-de-la-transpeninsular\/\"]}]},{\"@type\":\"ImageObject\",\"inLanguage\":\"es\",\"@id\":\"https:\/\/noti-america.com\/site\/mexico\/2018\/02\/14\/pide-diputada-patricia-ramirez-a-sct-que-trabaje-en-la-senalizacion-de-la-transpeninsular\/#primaryimage\",\"url\":\"https:\/\/noti-america.com\/site\/mexico\/wp-content\/uploads\/sites\/13\/2018\/02\/DSC_0788.jpg\",\"contentUrl\":\"https:\/\/noti-america.com\/site\/mexico\/wp-content\/uploads\/sites\/13\/2018\/02\/DSC_0788.jpg\",\"width\":2448,\"height\":3696},{\"@type\":\"BreadcrumbList\",\"@id\":\"https:\/\/noti-america.com\/site\/mexico\/2018\/02\/14\/pide-diputada-patricia-ramirez-a-sct-que-trabaje-en-la-senalizacion-de-la-transpeninsular\/#breadcrumb\",\"itemListElement\":[{\"@type\":\"ListItem\",\"position\":1,\"name\":\"Portada\",\"item\":\"https:\/\/noti-america.com\/site\/mexico\/\"},{\"@type\":\"ListItem\",\"position\":2,\"name\":\"Pide Diputada Patricia Ram\u00edrez a SCT que trabaje en la se\u00f1alizaci\u00f3n de la Transpeninsular\"}]},{\"@type\":\"WebSite\",\"@id\":\"https:\/\/noti-america.com\/site\/mexico\/#website\",\"url\":\"https:\/\/noti-america.com\/site\/mexico\/\",\"name\":\"M\u00e9xico | Noti-America.com\",\"description\":\"\",\"publisher\":{\"@id\":\"https:\/\/noti-america.com\/site\/mexico\/#organization\"},\"potentialAction\":[{\"@type\":\"SearchAction\",\"target\":{\"@type\":\"EntryPoint\",\"urlTemplate\":\"https:\/\/noti-america.com\/site\/mexico\/?s={search_term_string}\"},\"query-input\":{\"@type\":\"PropertyValueSpecification\",\"valueRequired\":true,\"valueName\":\"search_term_string\"}}],\"inLanguage\":\"es\"},{\"@type\":\"Organization\",\"@id\":\"https:\/\/noti-america.com\/site\/mexico\/#organization\",\"name\":\"Noti-America LLC | M\u00e9xico\",\"url\":\"https:\/\/noti-america.com\/site\/mexico\/\",\"logo\":{\"@type\":\"ImageObject\",\"inLanguage\":\"es\",\"@id\":\"https:\/\/noti-america.com\/site\/mexico\/#\/schema\/logo\/image\/\",\"url\":\"https:\/\/noti-america.com\/site\/mexico\/wp-content\/uploads\/sites\/13\/2020\/07\/LogoNA-4x3-1.jpg\",\"contentUrl\":\"https:\/\/noti-america.com\/site\/mexico\/wp-content\/uploads\/sites\/13\/2020\/07\/LogoNA-4x3-1.jpg\",\"width\":1236,\"height\":1080,\"caption\":\"Noti-America LLC | M\u00e9xico\"},\"image\":{\"@id\":\"https:\/\/noti-america.com\/site\/mexico\/#\/schema\/logo\/image\/\"}},{\"@type\":\"Person\",\"@id\":\"https:\/\/noti-america.com\/site\/mexico\/#\/schema\/person\/0055de23daadb69055b7fe942f37dcf3\",\"name\":\"Paloma Olachea\",\"image\":{\"@type\":\"ImageObject\",\"inLanguage\":\"es\",\"@id\":\"https:\/\/secure.gravatar.com\/avatar\/bdea3a4c796d2085779e77a5d654205f160117a0245752e5d3a2230b2f1e9cce?s=96&d=mm&r=g\",\"url\":\"https:\/\/secure.gravatar.com\/avatar\/bdea3a4c796d2085779e77a5d654205f160117a0245752e5d3a2230b2f1e9cce?s=96&d=mm&r=g\",\"contentUrl\":\"https:\/\/secure.gravatar.com\/avatar\/bdea3a4c796d2085779e77a5d654205f160117a0245752e5d3a2230b2f1e9cce?s=96&d=mm&r=g\",\"caption\":\"Paloma Olachea\"},\"description\":\"Egresada de La Universidad Aut\u00f3noma de Baja California Sur, en la Licenciatura de Comunicaci\u00f3n, donde aprendi\u00f3 de los grandes maestros de esta M\u00e1xima Casa de Estudios como lo son: La Maestra Brenda Ramirez, Maestra Rossana Almada, Aletxe Almada, Lic. Francisco Fuentes, Profr. Carrillo de Fotograf\u00eda, Dr. Ruben Olachea , critica cinematogr\u00e1fica en Diplomados, Padre Juan Gom\u00e9z, en el cual desarrollo los temas mas importantes de comunicaci\u00f3n Social y sus teor\u00edas, en el transcurso de estudios, realizo su servicio y practicas profesionales, en la Unidad de Atenci\u00f3n Ciudadana del Gobierno del Estado de Baja California Sur, como asistente de la Lic. Nilda Moreno Armenta, Jefa de departamento de control y gesti\u00f3n Gubernamental en el tiempo de el Lic. Sergio Barron Pinto quien era el Director de la instituci\u00f3n gubernamental. Directora de Click Fotograf\u00eda explica con detalle que ha trabajado para grandes industrias como La Revista Bajacalifornianos.net con el Empresario Edgar Barrag\u00e1n, donde se formo por primera vez en el \u00e1mbito Fotogr\u00e1fico en la Secci\u00f3n Sociales y Ciencia BCS, en la Empresa Metamorphosis de Lic. Yamel Arti\u00f1o, mercadologa, aprendi\u00f3 los diversos temas y t\u00e9cnicas en el ramo de la Mercadotecnia para diferentes empresas y la mas importante para la compa\u00f1\u00eda Telcel, contratada por la Gran Mujer Lic. Cristina Flores, propietaria de Anuncios y Letreros el autodominio, fortaleza y emprendedora al activarse con una comunicaci\u00f3n eficaz, una gran maestra y a la vez una mujer que no se limita a ning\u00fan trabajo publicitario, El Ing. Gerardo Valenzuela de la Empresa Radiof\u00f3nica Radio Mochis Sinaloa y Director de la Revista ABC, el cual tiene un gran aprecio aparte de maestro, Padrino, en el cual ella aprendi\u00f3 a desarrollarse en el \u00e1mbito period\u00edstico, a conocer mas a los grandes ilustres y corresponsales de diferentes medios, en otro punto importante le ha permitido desarrollarse durante 7 a\u00f1os en el \u00e1mbito de programas de edici\u00f3n publicitaria y ahora forma parte de la Asociaci\u00f3n Radio Pace\u00f1ita, Realiza el dise\u00f1o actual de la Revista La Discapacidad en Acci\u00f3n de el C. Francisco Diaz Zu\u00f1iga, entre otras trabajar en el \u00e1rea de ventas con la Dise\u00f1adora Gr\u00e1fica Carmen Wences, en el cual tambi\u00e9n obtuvo asesoramiento y preparaci\u00f3n, entre los medios period\u00edsticos laboro para Mauricio Diaz anterior Director Peninsular Digital, en diversas notas y obtuvo el cambio al \u00e1rea de estad\u00edstica. En la Delegaci\u00f3n de Cabo San Lucas Trabajo con el C. Lucio Chavira propietario de Los Cabos Tve el cual ve como su padre quien le dio apoyo, familia y le dio capacitaci\u00f3n en fotogr\u00e1fica La C. Julia Ruiz de Chavira, ademas de laborar con el Lic. Ricardo del Rio en diversos trabajos de video y edici\u00f3n. Entre sus tantas Actividades labora para La Secretaria de Educaci\u00f3n Publica, primeramente en el Subsistema de Escuelas T\u00e9cnicas y as\u00ed pasado al Subsistema de Telesecundaria, En el DIF Estatal de Baja California Sur, como tallerista y en los Negocios de Banner Publicitario, Alder Dise\u00f1o y Casa Productora Pitahaya Productions como Propietaria, de antemano destacamos una opci\u00f3n mas laboral en el Medio Digital Noti America en el cual su Jefe Rafael Pi\u00f1a Loaiza le da la oportunidad de dar a conocer las noticias a nivel internacional destacando primordial mente su pa\u00eds natal Mexico.\",\"url\":\"https:\/\/noti-america.com\/site\/mexico\/author\/polachea\/\"}]}<\/script>\n<!-- \/ Yoast SEO Premium plugin. -->","yoast_head_json":{"title":"Pide Diputada Patricia Ram\u00edrez a SCT que trabaje en la se\u00f1alizaci\u00f3n de la Transpeninsular - M\u00e9xico","robots":{"index":"index","follow":"follow","max-snippet":"max-snippet:-1","max-image-preview":"max-image-preview:large","max-video-preview":"max-video-preview:-1"},"canonical":"https:\/\/noti-america.com\/site\/mexico\/2018\/02\/14\/pide-diputada-patricia-ramirez-a-sct-que-trabaje-en-la-senalizacion-de-la-transpeninsular\/","og_locale":"es_ES","og_type":"article","og_title":"Pide Diputada Patricia Ram\u00edrez a SCT que trabaje en la se\u00f1alizaci\u00f3n de la Transpeninsular","og_description":"&nbsp; *Es con la finalidad de dar mayor seguridad a quienes utilzian esta v\u00eda REDACCI\u00d3N NOTIAMERICA (MEXICO): Con la finalidad de que quienes transitan todos los d\u00edas por la carretera transpeninsular , sobre todo,&#46;&#46;&#46;","og_url":"https:\/\/noti-america.com\/site\/mexico\/2018\/02\/14\/pide-diputada-patricia-ramirez-a-sct-que-trabaje-en-la-senalizacion-de-la-transpeninsular\/","og_site_name":"M\u00e9xico","article_published_time":"2018-02-14T20:12:18+00:00","og_image":[{"width":678,"height":1024,"url":"https:\/\/noti-america.com\/site\/mexico\/wp-content\/uploads\/sites\/13\/2018\/02\/DSC_0788-678x1024.jpg","type":"image\/jpeg"}],"author":"Paloma Olachea","twitter_card":"summary_large_image","twitter_misc":{"Escrito por":"Paloma Olachea","Tiempo estimado de lectura":"2 minutos"},"schema":{"@context":"https:\/\/schema.org","@graph":[{"@type":"Article","@id":"https:\/\/noti-america.com\/site\/mexico\/2018\/02\/14\/pide-diputada-patricia-ramirez-a-sct-que-trabaje-en-la-senalizacion-de-la-transpeninsular\/#article","isPartOf":{"@id":"https:\/\/noti-america.com\/site\/mexico\/2018\/02\/14\/pide-diputada-patricia-ramirez-a-sct-que-trabaje-en-la-senalizacion-de-la-transpeninsular\/"},"author":{"name":"Paloma Olachea","@id":"https:\/\/noti-america.com\/site\/mexico\/#\/schema\/person\/0055de23daadb69055b7fe942f37dcf3"},"headline":"Pide Diputada Patricia Ram\u00edrez a SCT que trabaje en la se\u00f1alizaci\u00f3n de la Transpeninsular","datePublished":"2018-02-14T20:12:18+00:00","mainEntityOfPage":{"@id":"https:\/\/noti-america.com\/site\/mexico\/2018\/02\/14\/pide-diputada-patricia-ramirez-a-sct-que-trabaje-en-la-senalizacion-de-la-transpeninsular\/"},"wordCount":421,"commentCount":0,"publisher":{"@id":"https:\/\/noti-america.com\/site\/mexico\/#organization"},"image":{"@id":"https:\/\/noti-america.com\/site\/mexico\/2018\/02\/14\/pide-diputada-patricia-ramirez-a-sct-que-trabaje-en-la-senalizacion-de-la-transpeninsular\/#primaryimage"},"thumbnailUrl":"https:\/\/noti-america.com\/site\/mexico\/wp-content\/uploads\/sites\/13\/2018\/02\/DSC_0788.jpg","articleSection":["Uncategorized"],"inLanguage":"es","potentialAction":[{"@type":"CommentAction","name":"Comment","target":["https:\/\/noti-america.com\/site\/mexico\/2018\/02\/14\/pide-diputada-patricia-ramirez-a-sct-que-trabaje-en-la-senalizacion-de-la-transpeninsular\/#respond"]}]},{"@type":"WebPage","@id":"https:\/\/noti-america.com\/site\/mexico\/2018\/02\/14\/pide-diputada-patricia-ramirez-a-sct-que-trabaje-en-la-senalizacion-de-la-transpeninsular\/","url":"https:\/\/noti-america.com\/site\/mexico\/2018\/02\/14\/pide-diputada-patricia-ramirez-a-sct-que-trabaje-en-la-senalizacion-de-la-transpeninsular\/","name":"Pide Diputada Patricia Ram\u00edrez a SCT que trabaje en la se\u00f1alizaci\u00f3n de la Transpeninsular - M\u00e9xico","isPartOf":{"@id":"https:\/\/noti-america.com\/site\/mexico\/#website"},"primaryImageOfPage":{"@id":"https:\/\/noti-america.com\/site\/mexico\/2018\/02\/14\/pide-diputada-patricia-ramirez-a-sct-que-trabaje-en-la-senalizacion-de-la-transpeninsular\/#primaryimage"},"image":{"@id":"https:\/\/noti-america.com\/site\/mexico\/2018\/02\/14\/pide-diputada-patricia-ramirez-a-sct-que-trabaje-en-la-senalizacion-de-la-transpeninsular\/#primaryimage"},"thumbnailUrl":"https:\/\/noti-america.com\/site\/mexico\/wp-content\/uploads\/sites\/13\/2018\/02\/DSC_0788.jpg","datePublished":"2018-02-14T20:12:18+00:00","breadcrumb":{"@id":"https:\/\/noti-america.com\/site\/mexico\/2018\/02\/14\/pide-diputada-patricia-ramirez-a-sct-que-trabaje-en-la-senalizacion-de-la-transpeninsular\/#breadcrumb"},"inLanguage":"es","potentialAction":[{"@type":"ReadAction","target":["https:\/\/noti-america.com\/site\/mexico\/2018\/02\/14\/pide-diputada-patricia-ramirez-a-sct-que-trabaje-en-la-senalizacion-de-la-transpeninsular\/"]}]},{"@type":"ImageObject","inLanguage":"es","@id":"https:\/\/noti-america.com\/site\/mexico\/2018\/02\/14\/pide-diputada-patricia-ramirez-a-sct-que-trabaje-en-la-senalizacion-de-la-transpeninsular\/#primaryimage","url":"https:\/\/noti-america.com\/site\/mexico\/wp-content\/uploads\/sites\/13\/2018\/02\/DSC_0788.jpg","contentUrl":"https:\/\/noti-america.com\/site\/mexico\/wp-content\/uploads\/sites\/13\/2018\/02\/DSC_0788.jpg","width":2448,"height":3696},{"@type":"BreadcrumbList","@id":"https:\/\/noti-america.com\/site\/mexico\/2018\/02\/14\/pide-diputada-patricia-ramirez-a-sct-que-trabaje-en-la-senalizacion-de-la-transpeninsular\/#breadcrumb","itemListElement":[{"@type":"ListItem","position":1,"name":"Portada","item":"https:\/\/noti-america.com\/site\/mexico\/"},{"@type":"ListItem","position":2,"name":"Pide Diputada Patricia Ram\u00edrez a SCT que trabaje en la se\u00f1alizaci\u00f3n de la Transpeninsular"}]},{"@type":"WebSite","@id":"https:\/\/noti-america.com\/site\/mexico\/#website","url":"https:\/\/noti-america.com\/site\/mexico\/","name":"M\u00e9xico | Noti-America.com","description":"","publisher":{"@id":"https:\/\/noti-america.com\/site\/mexico\/#organization"},"potentialAction":[{"@type":"SearchAction","target":{"@type":"EntryPoint","urlTemplate":"https:\/\/noti-america.com\/site\/mexico\/?s={search_term_string}"},"query-input":{"@type":"PropertyValueSpecification","valueRequired":true,"valueName":"search_term_string"}}],"inLanguage":"es"},{"@type":"Organization","@id":"https:\/\/noti-america.com\/site\/mexico\/#organization","name":"Noti-America LLC | M\u00e9xico","url":"https:\/\/noti-america.com\/site\/mexico\/","logo":{"@type":"ImageObject","inLanguage":"es","@id":"https:\/\/noti-america.com\/site\/mexico\/#\/schema\/logo\/image\/","url":"https:\/\/noti-america.com\/site\/mexico\/wp-content\/uploads\/sites\/13\/2020\/07\/LogoNA-4x3-1.jpg","contentUrl":"https:\/\/noti-america.com\/site\/mexico\/wp-content\/uploads\/sites\/13\/2020\/07\/LogoNA-4x3-1.jpg","width":1236,"height":1080,"caption":"Noti-America LLC | M\u00e9xico"},"image":{"@id":"https:\/\/noti-america.com\/site\/mexico\/#\/schema\/logo\/image\/"}},{"@type":"Person","@id":"https:\/\/noti-america.com\/site\/mexico\/#\/schema\/person\/0055de23daadb69055b7fe942f37dcf3","name":"Paloma Olachea","image":{"@type":"ImageObject","inLanguage":"es","@id":"https:\/\/secure.gravatar.com\/avatar\/bdea3a4c796d2085779e77a5d654205f160117a0245752e5d3a2230b2f1e9cce?s=96&d=mm&r=g","url":"https:\/\/secure.gravatar.com\/avatar\/bdea3a4c796d2085779e77a5d654205f160117a0245752e5d3a2230b2f1e9cce?s=96&d=mm&r=g","contentUrl":"https:\/\/secure.gravatar.com\/avatar\/bdea3a4c796d2085779e77a5d654205f160117a0245752e5d3a2230b2f1e9cce?s=96&d=mm&r=g","caption":"Paloma Olachea"},"description":"Egresada de La Universidad Aut\u00f3noma de Baja California Sur, en la Licenciatura de Comunicaci\u00f3n, donde aprendi\u00f3 de los grandes maestros de esta M\u00e1xima Casa de Estudios como lo son: La Maestra Brenda Ramirez, Maestra Rossana Almada, Aletxe Almada, Lic. Francisco Fuentes, Profr. Carrillo de Fotograf\u00eda, Dr. Ruben Olachea , critica cinematogr\u00e1fica en Diplomados, Padre Juan Gom\u00e9z, en el cual desarrollo los temas mas importantes de comunicaci\u00f3n Social y sus teor\u00edas, en el transcurso de estudios, realizo su servicio y practicas profesionales, en la Unidad de Atenci\u00f3n Ciudadana del Gobierno del Estado de Baja California Sur, como asistente de la Lic. Nilda Moreno Armenta, Jefa de departamento de control y gesti\u00f3n Gubernamental en el tiempo de el Lic. Sergio Barron Pinto quien era el Director de la instituci\u00f3n gubernamental. Directora de Click Fotograf\u00eda explica con detalle que ha trabajado para grandes industrias como La Revista Bajacalifornianos.net con el Empresario Edgar Barrag\u00e1n, donde se formo por primera vez en el \u00e1mbito Fotogr\u00e1fico en la Secci\u00f3n Sociales y Ciencia BCS, en la Empresa Metamorphosis de Lic. Yamel Arti\u00f1o, mercadologa, aprendi\u00f3 los diversos temas y t\u00e9cnicas en el ramo de la Mercadotecnia para diferentes empresas y la mas importante para la compa\u00f1\u00eda Telcel, contratada por la Gran Mujer Lic. Cristina Flores, propietaria de Anuncios y Letreros el autodominio, fortaleza y emprendedora al activarse con una comunicaci\u00f3n eficaz, una gran maestra y a la vez una mujer que no se limita a ning\u00fan trabajo publicitario, El Ing. Gerardo Valenzuela de la Empresa Radiof\u00f3nica Radio Mochis Sinaloa y Director de la Revista ABC, el cual tiene un gran aprecio aparte de maestro, Padrino, en el cual ella aprendi\u00f3 a desarrollarse en el \u00e1mbito period\u00edstico, a conocer mas a los grandes ilustres y corresponsales de diferentes medios, en otro punto importante le ha permitido desarrollarse durante 7 a\u00f1os en el \u00e1mbito de programas de edici\u00f3n publicitaria y ahora forma parte de la Asociaci\u00f3n Radio Pace\u00f1ita, Realiza el dise\u00f1o actual de la Revista La Discapacidad en Acci\u00f3n de el C. Francisco Diaz Zu\u00f1iga, entre otras trabajar en el \u00e1rea de ventas con la Dise\u00f1adora Gr\u00e1fica Carmen Wences, en el cual tambi\u00e9n obtuvo asesoramiento y preparaci\u00f3n, entre los medios period\u00edsticos laboro para Mauricio Diaz anterior Director Peninsular Digital, en diversas notas y obtuvo el cambio al \u00e1rea de estad\u00edstica. En la Delegaci\u00f3n de Cabo San Lucas Trabajo con el C. Lucio Chavira propietario de Los Cabos Tve el cual ve como su padre quien le dio apoyo, familia y le dio capacitaci\u00f3n en fotogr\u00e1fica La C. Julia Ruiz de Chavira, ademas de laborar con el Lic. Ricardo del Rio en diversos trabajos de video y edici\u00f3n. Entre sus tantas Actividades labora para La Secretaria de Educaci\u00f3n Publica, primeramente en el Subsistema de Escuelas T\u00e9cnicas y as\u00ed pasado al Subsistema de Telesecundaria, En el DIF Estatal de Baja California Sur, como tallerista y en los Negocios de Banner Publicitario, Alder Dise\u00f1o y Casa Productora Pitahaya Productions como Propietaria, de antemano destacamos una opci\u00f3n mas laboral en el Medio Digital Noti America en el cual su Jefe Rafael Pi\u00f1a Loaiza le da la oportunidad de dar a conocer las noticias a nivel internacional destacando primordial mente su pa\u00eds natal Mexico.","url":"https:\/\/noti-america.com\/site\/mexico\/author\/polachea\/"}]}},"_links":{"self":[{"href":"https:\/\/noti-america.com\/site\/mexico\/wp-json\/wp\/v2\/posts\/790","targetHints":{"allow":["GET"]}}],"collection":[{"href":"https:\/\/noti-america.com\/site\/mexico\/wp-json\/wp\/v2\/posts"}],"about":[{"href":"https:\/\/noti-america.com\/site\/mexico\/wp-json\/wp\/v2\/types\/post"}],"author":[{"embeddable":true,"href":"https:\/\/noti-america.com\/site\/mexico\/wp-json\/wp\/v2\/users\/16"}],"replies":[{"embeddable":true,"href":"https:\/\/noti-america.com\/site\/mexico\/wp-json\/wp\/v2\/comments?post=790"}],"version-history":[{"count":1,"href":"https:\/\/noti-america.com\/site\/mexico\/wp-json\/wp\/v2\/posts\/790\/revisions"}],"predecessor-version":[{"id":792,"href":"https:\/\/noti-america.com\/site\/mexico\/wp-json\/wp\/v2\/posts\/790\/revisions\/792"}],"wp:featuredmedia":[{"embeddable":true,"href":"https:\/\/noti-america.com\/site\/mexico\/wp-json\/wp\/v2\/media\/791"}],"wp:attachment":[{"href":"https:\/\/noti-america.com\/site\/mexico\/wp-json\/wp\/v2\/media?parent=790"}],"wp:term":[{"taxonomy":"category","embeddable":true,"href":"https:\/\/noti-america.com\/site\/mexico\/wp-json\/wp\/v2\/categories?post=790"},{"taxonomy":"post_tag","embeddable":true,"href":"https:\/\/noti-america.com\/site\/mexico\/wp-json\/wp\/v2\/tags?post=790"}],"curies":[{"name":"wp","href":"https:\/\/api.w.org\/{rel}","templated":true}]}}