{"id":7800,"date":"2022-05-03T03:33:57","date_gmt":"2022-05-03T03:33:57","guid":{"rendered":"https:\/\/noti-america.com\/site\/mexico\/?p=7800"},"modified":"2022-05-03T03:33:57","modified_gmt":"2022-05-03T03:33:57","slug":"keilyn-carrasquel-la-venezolana-que-inspira-a-miles-en-chile","status":"publish","type":"post","link":"https:\/\/noti-america.com\/site\/mexico\/2022\/05\/03\/keilyn-carrasquel-la-venezolana-que-inspira-a-miles-en-chile\/","title":{"rendered":"Keilyn Carrasquel: la venezolana que inspira a miles en Chile"},"content":{"rendered":"<div>La venezolana Keilyn Carrasquel, que se encuentra residenciada desde hace alg\u00fan tiempo en Chile, se est\u00e1 robando las miradas en suelo austral.<\/div>\n<div><\/div>\n<div>Ella, que est\u00e1 representando muy bien su tierra natal, hace algunas semanas estuvo realizando una conferencia que se llam\u00f3 \u201cMujeres Motivando Mujeres\u201d, donde busca en tenderles una mano a las mujeres y demuestra que no existen l\u00edmites para salir adelante ante cualquier adversidad.<\/div>\n<div><\/div>\n<div>Esta empresaria se posicion\u00f3 en este pa\u00eds de Sudam\u00e9rica y agradece a la naci\u00f3n por darle la oportunidad de crecer profesionalmente.<\/div>\n<div>Ahora, con nuevos retos personales, busca en expandir su marca \u201cFruticute\u201d por diferentes partes del mundo.<\/div>\n<div><\/div>\n<div>Carrasquel asegura que ha sido un camino con\u201d muchas experiencias\u201d, retribuye a todo el equipo con conforman esta empresa cuentan con sedes en el pa\u00eds antes mencionado y en Venezuela; asimismo, Keilyn asegura que pr\u00f3ximamente abrir\u00e1n nuevas sedes en otros pa\u00edses.<\/div>\n<p>Aunque el mundo se detuvo por la pandemia, esta caraque\u00f1a no dejo de trabajar y ya cumpli\u00f3 con algunos de sus sue\u00f1os.<\/p>\n","protected":false},"excerpt":{"rendered":"<p>La venezolana Keilyn Carrasquel, que se encuentra residenciada desde hace alg\u00fan tiempo en Chile, se est\u00e1 robando las miradas en suelo austral. Ella, que est\u00e1 representando muy bien su tierra natal, hace algunas semanas&#46;&#46;&#46;<\/p>\n","protected":false},"author":127,"featured_media":7801,"comment_status":"open","ping_status":"open","sticky":false,"template":"","format":"image","meta":{"_acf_changed":false,"om_disable_all_campaigns":false,"rop_custom_images_group":[],"rop_custom_messages_group":[],"rop_publish_now":"initial","rop_publish_now_accounts":{"twitter_242054905_242054905":""},"rop_publish_now_history":[],"rop_publish_now_status":"pending","_uf_show_specific_survey":0,"_uf_disable_surveys":false,"footnotes":""},"categories":[699],"tags":[],"class_list":["post-7800","post","type-post","status-publish","format-image","has-post-thumbnail","hentry","category-emprendimiento","post_format-post-format-image"],"acf":[],"aioseo_notices":[],"yoast_head":"<!-- This site is optimized with the Yoast SEO Premium plugin v24.9 (Yoast SEO v27.2) - https:\/\/yoast.com\/product\/yoast-seo-premium-wordpress\/ -->\n<title>Keilyn Carrasquel: la venezolana que inspira a miles en Chile - M\u00e9xico<\/title>\n<meta name=\"robots\" content=\"index, follow, max-snippet:-1, max-image-preview:large, max-video-preview:-1\" \/>\n<link rel=\"canonical\" href=\"https:\/\/noti-america.com\/site\/mexico\/2022\/05\/03\/keilyn-carrasquel-la-venezolana-que-inspira-a-miles-en-chile\/\" \/>\n<meta property=\"og:locale\" content=\"es_ES\" \/>\n<meta property=\"og:type\" content=\"article\" \/>\n<meta property=\"og:title\" content=\"Keilyn Carrasquel: la venezolana que inspira a miles en Chile\" \/>\n<meta property=\"og:description\" content=\"La venezolana Keilyn Carrasquel, que se encuentra residenciada desde hace alg\u00fan tiempo en Chile, se est\u00e1 robando las miradas en suelo austral. Ella, que est\u00e1 representando muy bien su tierra natal, hace algunas semanas&#046;&#046;&#046;\" \/>\n<meta property=\"og:url\" content=\"https:\/\/noti-america.com\/site\/mexico\/2022\/05\/03\/keilyn-carrasquel-la-venezolana-que-inspira-a-miles-en-chile\/\" \/>\n<meta property=\"og:site_name\" content=\"M\u00e9xico\" \/>\n<meta property=\"article:published_time\" content=\"2022-05-03T03:33:57+00:00\" \/>\n<meta property=\"og:image\" content=\"https:\/\/noti-america.com\/site\/mexico\/wp-content\/uploads\/sites\/13\/2022\/05\/descarga-23.png\" \/>\n\t<meta property=\"og:image:width\" content=\"854\" \/>\n\t<meta property=\"og:image:height\" content=\"1280\" \/>\n\t<meta property=\"og:image:type\" content=\"image\/png\" \/>\n<meta name=\"author\" content=\"Yoelvzla\" \/>\n<meta name=\"twitter:card\" content=\"summary_large_image\" \/>\n<meta name=\"twitter:label1\" content=\"Escrito por\" \/>\n\t<meta name=\"twitter:data1\" content=\"Yoelvzla\" \/>\n\t<meta name=\"twitter:label2\" content=\"Tiempo estimado de lectura\" \/>\n\t<meta name=\"twitter:data2\" content=\"1 minuto\" \/>\n<script type=\"application\/ld+json\" class=\"yoast-schema-graph\">{\"@context\":\"https:\/\/schema.org\",\"@graph\":[{\"@type\":\"Article\",\"@id\":\"https:\/\/noti-america.com\/site\/mexico\/2022\/05\/03\/keilyn-carrasquel-la-venezolana-que-inspira-a-miles-en-chile\/#article\",\"isPartOf\":{\"@id\":\"https:\/\/noti-america.com\/site\/mexico\/2022\/05\/03\/keilyn-carrasquel-la-venezolana-que-inspira-a-miles-en-chile\/\"},\"author\":{\"name\":\"Yoelvzla\",\"@id\":\"https:\/\/noti-america.com\/site\/mexico\/#\/schema\/person\/376ccc7b3cc7a8d5a43c3ece07a43857\"},\"headline\":\"Keilyn Carrasquel: la venezolana que inspira a miles en Chile\",\"datePublished\":\"2022-05-03T03:33:57+00:00\",\"mainEntityOfPage\":{\"@id\":\"https:\/\/noti-america.com\/site\/mexico\/2022\/05\/03\/keilyn-carrasquel-la-venezolana-que-inspira-a-miles-en-chile\/\"},\"wordCount\":186,\"commentCount\":0,\"publisher\":{\"@id\":\"https:\/\/noti-america.com\/site\/mexico\/#organization\"},\"image\":{\"@id\":\"https:\/\/noti-america.com\/site\/mexico\/2022\/05\/03\/keilyn-carrasquel-la-venezolana-que-inspira-a-miles-en-chile\/#primaryimage\"},\"thumbnailUrl\":\"https:\/\/noti-america.com\/site\/mexico\/wp-content\/uploads\/sites\/13\/2022\/05\/descarga-23.png\",\"articleSection\":[\"Emprendimiento\"],\"inLanguage\":\"es\",\"potentialAction\":[{\"@type\":\"CommentAction\",\"name\":\"Comment\",\"target\":[\"https:\/\/noti-america.com\/site\/mexico\/2022\/05\/03\/keilyn-carrasquel-la-venezolana-que-inspira-a-miles-en-chile\/#respond\"]}]},{\"@type\":\"WebPage\",\"@id\":\"https:\/\/noti-america.com\/site\/mexico\/2022\/05\/03\/keilyn-carrasquel-la-venezolana-que-inspira-a-miles-en-chile\/\",\"url\":\"https:\/\/noti-america.com\/site\/mexico\/2022\/05\/03\/keilyn-carrasquel-la-venezolana-que-inspira-a-miles-en-chile\/\",\"name\":\"Keilyn Carrasquel: la venezolana que inspira a miles en Chile - M\u00e9xico\",\"isPartOf\":{\"@id\":\"https:\/\/noti-america.com\/site\/mexico\/#website\"},\"primaryImageOfPage\":{\"@id\":\"https:\/\/noti-america.com\/site\/mexico\/2022\/05\/03\/keilyn-carrasquel-la-venezolana-que-inspira-a-miles-en-chile\/#primaryimage\"},\"image\":{\"@id\":\"https:\/\/noti-america.com\/site\/mexico\/2022\/05\/03\/keilyn-carrasquel-la-venezolana-que-inspira-a-miles-en-chile\/#primaryimage\"},\"thumbnailUrl\":\"https:\/\/noti-america.com\/site\/mexico\/wp-content\/uploads\/sites\/13\/2022\/05\/descarga-23.png\",\"datePublished\":\"2022-05-03T03:33:57+00:00\",\"breadcrumb\":{\"@id\":\"https:\/\/noti-america.com\/site\/mexico\/2022\/05\/03\/keilyn-carrasquel-la-venezolana-que-inspira-a-miles-en-chile\/#breadcrumb\"},\"inLanguage\":\"es\",\"potentialAction\":[{\"@type\":\"ReadAction\",\"target\":[\"https:\/\/noti-america.com\/site\/mexico\/2022\/05\/03\/keilyn-carrasquel-la-venezolana-que-inspira-a-miles-en-chile\/\"]}]},{\"@type\":\"ImageObject\",\"inLanguage\":\"es\",\"@id\":\"https:\/\/noti-america.com\/site\/mexico\/2022\/05\/03\/keilyn-carrasquel-la-venezolana-que-inspira-a-miles-en-chile\/#primaryimage\",\"url\":\"https:\/\/noti-america.com\/site\/mexico\/wp-content\/uploads\/sites\/13\/2022\/05\/descarga-23.png\",\"contentUrl\":\"https:\/\/noti-america.com\/site\/mexico\/wp-content\/uploads\/sites\/13\/2022\/05\/descarga-23.png\",\"width\":854,\"height\":1280},{\"@type\":\"BreadcrumbList\",\"@id\":\"https:\/\/noti-america.com\/site\/mexico\/2022\/05\/03\/keilyn-carrasquel-la-venezolana-que-inspira-a-miles-en-chile\/#breadcrumb\",\"itemListElement\":[{\"@type\":\"ListItem\",\"position\":1,\"name\":\"Portada\",\"item\":\"https:\/\/noti-america.com\/site\/mexico\/\"},{\"@type\":\"ListItem\",\"position\":2,\"name\":\"Keilyn Carrasquel: la venezolana que inspira a miles en Chile\"}]},{\"@type\":\"WebSite\",\"@id\":\"https:\/\/noti-america.com\/site\/mexico\/#website\",\"url\":\"https:\/\/noti-america.com\/site\/mexico\/\",\"name\":\"M\u00e9xico | Noti-America.com\",\"description\":\"\",\"publisher\":{\"@id\":\"https:\/\/noti-america.com\/site\/mexico\/#organization\"},\"potentialAction\":[{\"@type\":\"SearchAction\",\"target\":{\"@type\":\"EntryPoint\",\"urlTemplate\":\"https:\/\/noti-america.com\/site\/mexico\/?s={search_term_string}\"},\"query-input\":{\"@type\":\"PropertyValueSpecification\",\"valueRequired\":true,\"valueName\":\"search_term_string\"}}],\"inLanguage\":\"es\"},{\"@type\":\"Organization\",\"@id\":\"https:\/\/noti-america.com\/site\/mexico\/#organization\",\"name\":\"Noti-America LLC | M\u00e9xico\",\"url\":\"https:\/\/noti-america.com\/site\/mexico\/\",\"logo\":{\"@type\":\"ImageObject\",\"inLanguage\":\"es\",\"@id\":\"https:\/\/noti-america.com\/site\/mexico\/#\/schema\/logo\/image\/\",\"url\":\"https:\/\/noti-america.com\/site\/mexico\/wp-content\/uploads\/sites\/13\/2020\/07\/LogoNA-4x3-1.jpg\",\"contentUrl\":\"https:\/\/noti-america.com\/site\/mexico\/wp-content\/uploads\/sites\/13\/2020\/07\/LogoNA-4x3-1.jpg\",\"width\":1236,\"height\":1080,\"caption\":\"Noti-America LLC | M\u00e9xico\"},\"image\":{\"@id\":\"https:\/\/noti-america.com\/site\/mexico\/#\/schema\/logo\/image\/\"}},{\"@type\":\"Person\",\"@id\":\"https:\/\/noti-america.com\/site\/mexico\/#\/schema\/person\/376ccc7b3cc7a8d5a43c3ece07a43857\",\"name\":\"Yoelvzla\",\"image\":{\"@type\":\"ImageObject\",\"inLanguage\":\"es\",\"@id\":\"https:\/\/secure.gravatar.com\/avatar\/13a96a72123e0e9aa76fe82e8847f726c63a1c5ef6a8d0fadd844c1a5a83b212?s=96&d=mm&r=g\",\"url\":\"https:\/\/secure.gravatar.com\/avatar\/13a96a72123e0e9aa76fe82e8847f726c63a1c5ef6a8d0fadd844c1a5a83b212?s=96&d=mm&r=g\",\"contentUrl\":\"https:\/\/secure.gravatar.com\/avatar\/13a96a72123e0e9aa76fe82e8847f726c63a1c5ef6a8d0fadd844c1a5a83b212?s=96&d=mm&r=g\",\"caption\":\"Yoelvzla\"},\"url\":\"https:\/\/noti-america.com\/site\/mexico\/author\/ydiaz\/\"}]}<\/script>\n<!-- \/ Yoast SEO Premium plugin. -->","yoast_head_json":{"title":"Keilyn Carrasquel: la venezolana que inspira a miles en Chile - M\u00e9xico","robots":{"index":"index","follow":"follow","max-snippet":"max-snippet:-1","max-image-preview":"max-image-preview:large","max-video-preview":"max-video-preview:-1"},"canonical":"https:\/\/noti-america.com\/site\/mexico\/2022\/05\/03\/keilyn-carrasquel-la-venezolana-que-inspira-a-miles-en-chile\/","og_locale":"es_ES","og_type":"article","og_title":"Keilyn Carrasquel: la venezolana que inspira a miles en Chile","og_description":"La venezolana Keilyn Carrasquel, que se encuentra residenciada desde hace alg\u00fan tiempo en Chile, se est\u00e1 robando las miradas en suelo austral. Ella, que est\u00e1 representando muy bien su tierra natal, hace algunas semanas&#46;&#46;&#46;","og_url":"https:\/\/noti-america.com\/site\/mexico\/2022\/05\/03\/keilyn-carrasquel-la-venezolana-que-inspira-a-miles-en-chile\/","og_site_name":"M\u00e9xico","article_published_time":"2022-05-03T03:33:57+00:00","og_image":[{"width":854,"height":1280,"url":"https:\/\/noti-america.com\/site\/mexico\/wp-content\/uploads\/sites\/13\/2022\/05\/descarga-23.png","type":"image\/png"}],"author":"Yoelvzla","twitter_card":"summary_large_image","twitter_misc":{"Escrito por":"Yoelvzla","Tiempo estimado de lectura":"1 minuto"},"schema":{"@context":"https:\/\/schema.org","@graph":[{"@type":"Article","@id":"https:\/\/noti-america.com\/site\/mexico\/2022\/05\/03\/keilyn-carrasquel-la-venezolana-que-inspira-a-miles-en-chile\/#article","isPartOf":{"@id":"https:\/\/noti-america.com\/site\/mexico\/2022\/05\/03\/keilyn-carrasquel-la-venezolana-que-inspira-a-miles-en-chile\/"},"author":{"name":"Yoelvzla","@id":"https:\/\/noti-america.com\/site\/mexico\/#\/schema\/person\/376ccc7b3cc7a8d5a43c3ece07a43857"},"headline":"Keilyn Carrasquel: la venezolana que inspira a miles en Chile","datePublished":"2022-05-03T03:33:57+00:00","mainEntityOfPage":{"@id":"https:\/\/noti-america.com\/site\/mexico\/2022\/05\/03\/keilyn-carrasquel-la-venezolana-que-inspira-a-miles-en-chile\/"},"wordCount":186,"commentCount":0,"publisher":{"@id":"https:\/\/noti-america.com\/site\/mexico\/#organization"},"image":{"@id":"https:\/\/noti-america.com\/site\/mexico\/2022\/05\/03\/keilyn-carrasquel-la-venezolana-que-inspira-a-miles-en-chile\/#primaryimage"},"thumbnailUrl":"https:\/\/noti-america.com\/site\/mexico\/wp-content\/uploads\/sites\/13\/2022\/05\/descarga-23.png","articleSection":["Emprendimiento"],"inLanguage":"es","potentialAction":[{"@type":"CommentAction","name":"Comment","target":["https:\/\/noti-america.com\/site\/mexico\/2022\/05\/03\/keilyn-carrasquel-la-venezolana-que-inspira-a-miles-en-chile\/#respond"]}]},{"@type":"WebPage","@id":"https:\/\/noti-america.com\/site\/mexico\/2022\/05\/03\/keilyn-carrasquel-la-venezolana-que-inspira-a-miles-en-chile\/","url":"https:\/\/noti-america.com\/site\/mexico\/2022\/05\/03\/keilyn-carrasquel-la-venezolana-que-inspira-a-miles-en-chile\/","name":"Keilyn Carrasquel: la venezolana que inspira a miles en Chile - M\u00e9xico","isPartOf":{"@id":"https:\/\/noti-america.com\/site\/mexico\/#website"},"primaryImageOfPage":{"@id":"https:\/\/noti-america.com\/site\/mexico\/2022\/05\/03\/keilyn-carrasquel-la-venezolana-que-inspira-a-miles-en-chile\/#primaryimage"},"image":{"@id":"https:\/\/noti-america.com\/site\/mexico\/2022\/05\/03\/keilyn-carrasquel-la-venezolana-que-inspira-a-miles-en-chile\/#primaryimage"},"thumbnailUrl":"https:\/\/noti-america.com\/site\/mexico\/wp-content\/uploads\/sites\/13\/2022\/05\/descarga-23.png","datePublished":"2022-05-03T03:33:57+00:00","breadcrumb":{"@id":"https:\/\/noti-america.com\/site\/mexico\/2022\/05\/03\/keilyn-carrasquel-la-venezolana-que-inspira-a-miles-en-chile\/#breadcrumb"},"inLanguage":"es","potentialAction":[{"@type":"ReadAction","target":["https:\/\/noti-america.com\/site\/mexico\/2022\/05\/03\/keilyn-carrasquel-la-venezolana-que-inspira-a-miles-en-chile\/"]}]},{"@type":"ImageObject","inLanguage":"es","@id":"https:\/\/noti-america.com\/site\/mexico\/2022\/05\/03\/keilyn-carrasquel-la-venezolana-que-inspira-a-miles-en-chile\/#primaryimage","url":"https:\/\/noti-america.com\/site\/mexico\/wp-content\/uploads\/sites\/13\/2022\/05\/descarga-23.png","contentUrl":"https:\/\/noti-america.com\/site\/mexico\/wp-content\/uploads\/sites\/13\/2022\/05\/descarga-23.png","width":854,"height":1280},{"@type":"BreadcrumbList","@id":"https:\/\/noti-america.com\/site\/mexico\/2022\/05\/03\/keilyn-carrasquel-la-venezolana-que-inspira-a-miles-en-chile\/#breadcrumb","itemListElement":[{"@type":"ListItem","position":1,"name":"Portada","item":"https:\/\/noti-america.com\/site\/mexico\/"},{"@type":"ListItem","position":2,"name":"Keilyn Carrasquel: la venezolana que inspira a miles en Chile"}]},{"@type":"WebSite","@id":"https:\/\/noti-america.com\/site\/mexico\/#website","url":"https:\/\/noti-america.com\/site\/mexico\/","name":"M\u00e9xico | Noti-America.com","description":"","publisher":{"@id":"https:\/\/noti-america.com\/site\/mexico\/#organization"},"potentialAction":[{"@type":"SearchAction","target":{"@type":"EntryPoint","urlTemplate":"https:\/\/noti-america.com\/site\/mexico\/?s={search_term_string}"},"query-input":{"@type":"PropertyValueSpecification","valueRequired":true,"valueName":"search_term_string"}}],"inLanguage":"es"},{"@type":"Organization","@id":"https:\/\/noti-america.com\/site\/mexico\/#organization","name":"Noti-America LLC | M\u00e9xico","url":"https:\/\/noti-america.com\/site\/mexico\/","logo":{"@type":"ImageObject","inLanguage":"es","@id":"https:\/\/noti-america.com\/site\/mexico\/#\/schema\/logo\/image\/","url":"https:\/\/noti-america.com\/site\/mexico\/wp-content\/uploads\/sites\/13\/2020\/07\/LogoNA-4x3-1.jpg","contentUrl":"https:\/\/noti-america.com\/site\/mexico\/wp-content\/uploads\/sites\/13\/2020\/07\/LogoNA-4x3-1.jpg","width":1236,"height":1080,"caption":"Noti-America LLC | M\u00e9xico"},"image":{"@id":"https:\/\/noti-america.com\/site\/mexico\/#\/schema\/logo\/image\/"}},{"@type":"Person","@id":"https:\/\/noti-america.com\/site\/mexico\/#\/schema\/person\/376ccc7b3cc7a8d5a43c3ece07a43857","name":"Yoelvzla","image":{"@type":"ImageObject","inLanguage":"es","@id":"https:\/\/secure.gravatar.com\/avatar\/13a96a72123e0e9aa76fe82e8847f726c63a1c5ef6a8d0fadd844c1a5a83b212?s=96&d=mm&r=g","url":"https:\/\/secure.gravatar.com\/avatar\/13a96a72123e0e9aa76fe82e8847f726c63a1c5ef6a8d0fadd844c1a5a83b212?s=96&d=mm&r=g","contentUrl":"https:\/\/secure.gravatar.com\/avatar\/13a96a72123e0e9aa76fe82e8847f726c63a1c5ef6a8d0fadd844c1a5a83b212?s=96&d=mm&r=g","caption":"Yoelvzla"},"url":"https:\/\/noti-america.com\/site\/mexico\/author\/ydiaz\/"}]}},"_links":{"self":[{"href":"https:\/\/noti-america.com\/site\/mexico\/wp-json\/wp\/v2\/posts\/7800","targetHints":{"allow":["GET"]}}],"collection":[{"href":"https:\/\/noti-america.com\/site\/mexico\/wp-json\/wp\/v2\/posts"}],"about":[{"href":"https:\/\/noti-america.com\/site\/mexico\/wp-json\/wp\/v2\/types\/post"}],"author":[{"embeddable":true,"href":"https:\/\/noti-america.com\/site\/mexico\/wp-json\/wp\/v2\/users\/127"}],"replies":[{"embeddable":true,"href":"https:\/\/noti-america.com\/site\/mexico\/wp-json\/wp\/v2\/comments?post=7800"}],"version-history":[{"count":1,"href":"https:\/\/noti-america.com\/site\/mexico\/wp-json\/wp\/v2\/posts\/7800\/revisions"}],"predecessor-version":[{"id":7802,"href":"https:\/\/noti-america.com\/site\/mexico\/wp-json\/wp\/v2\/posts\/7800\/revisions\/7802"}],"wp:featuredmedia":[{"embeddable":true,"href":"https:\/\/noti-america.com\/site\/mexico\/wp-json\/wp\/v2\/media\/7801"}],"wp:attachment":[{"href":"https:\/\/noti-america.com\/site\/mexico\/wp-json\/wp\/v2\/media?parent=7800"}],"wp:term":[{"taxonomy":"category","embeddable":true,"href":"https:\/\/noti-america.com\/site\/mexico\/wp-json\/wp\/v2\/categories?post=7800"},{"taxonomy":"post_tag","embeddable":true,"href":"https:\/\/noti-america.com\/site\/mexico\/wp-json\/wp\/v2\/tags?post=7800"}],"curies":[{"name":"wp","href":"https:\/\/api.w.org\/{rel}","templated":true}]}}