{"id":7789,"date":"2022-05-01T22:08:32","date_gmt":"2022-05-01T22:08:32","guid":{"rendered":"https:\/\/noti-america.com\/site\/mexico\/?p=7789"},"modified":"2022-05-01T22:08:32","modified_gmt":"2022-05-01T22:08:32","slug":"con-gran-exito-se-llevo-a-cabo-la-segunda-entrega-del-galardon-turpial-golden-award","status":"publish","type":"post","link":"https:\/\/noti-america.com\/site\/mexico\/2022\/05\/01\/con-gran-exito-se-llevo-a-cabo-la-segunda-entrega-del-galardon-turpial-golden-award\/","title":{"rendered":"Con Gran \u00c9xito Se Llev\u00f3 a Cabo la Segunda Entrega del Galard\u00f3n Turpial Golden Award"},"content":{"rendered":"<p>El pasado mi\u00e9rcoles 27 de abril, se llev\u00f3 a cabo en Caracas la segunda entrega de los premios<br \/>\nTurpial Golden Awards edici\u00f3n 2021 en las instalaciones del Teatrex del Bosque, donde se<br \/>\ndieron cita destacadas personalidades del acontecer nacional.<\/p>\n<p>Pasadas las 07:00 de la noche, el escenario se ilumin\u00f3 para recibir a todos los asistentes con un<br \/>\nmaravilloso openning nacionalista a cargo de la prestigiosa escuela de danzas Baladna, seguido<br \/>\nde unas palabras de bienvenida emitidas por la maestra de ceremonia Coral Espinoza y<br \/>\ncontinuando con el cover de Mi Ni\u00f1a Bonita en una impecable presentaci\u00f3n musical a cargo de los<br \/>\njovenes talentos emergentes Luisana Goncalves, Emmanuel Serrano y Avy; dando inicio formal a<br \/>\nla gala.<\/p>\n<p>La conducci\u00f3n oficial del evento estuvo a cargo de la bell\u00edsima Ismelys Vel\u00e1squez actual Reina<br \/>\nInternacional del Caf\u00e9 2022 y del locutor Gabriel Palma; tambi\u00e9n se cont\u00f3 con la participaci\u00f3n de<br \/>\nla exhuberante presentadora de televisi\u00f3n N\u00edo Salazar, del astr\u00f3logo y locutor Edwyn Barrios, del<br \/>\ncomunicador social Kelvis Zamora, de guap\u00edsimo Tv Host \u00c1ngel Gonz\u00e1lez y del irreverente<br \/>\ncomunicador social, animador y actor Ronald Sanoja como animadores invitados.<\/p>\n<p>\u00c9sta segunda edici\u00f3n del galard\u00f3n Turpial Golden Awards, reuni\u00f3 en un mismo lugar a artistas<br \/>\nde trayectoria y emergentes, periodistas, influencers, empresarios y medios de comunicaci\u00f3n;<br \/>\nquienes fueron galardonados; entre ellos se cuentan: Dilia Waikkar\u00e1n, Eduardo Rodr\u00edguez Giolitti,<br \/>\nEmmanuel Marcano, Ricardo Salmer\u00f3n, Zona 7, Calle Ciega El Reencuentro, el Dr. Gabriel Obayi,<br \/>\nFelipe Hern\u00e1ndez locutor de Radiorama Stereo 103.3FM, Carlos Pi\u00f1ango director de Enlace RV, el<br \/>\nd\u00fao infantil JulyNaoh, la cantante infantil Anny, J.Smith, Emmanuel Serrano, Luisana Goncalves, el<br \/>\nportal web La Patilla, Angeles \u00c1lvarez, Carlos Valera, Avy, La Potrilla Daniela Gir\u00f3n, Angela<br \/>\nMusic, Gianna Lodi y sus Payasitas Ni Fu Ni Fa, el astr\u00f3logo Edwyn Barrios, Globovisi\u00f3n, Canal I,<br \/>\nDiario La Voz, Brian Urea, Alejandro C\u00f3rdova, Leycang El Grandioso, \u00c1ngel Mieres, Daniel P\u00e9rez<br \/>\nMora, Gala Acero, Guillermo Quintero Espejo, la directiva de Exteriores A La Vista.Com, tambi\u00e9n<br \/>\nhicieron acto de presencia reconocidos actores y productores de teatro y televisi\u00f3n, periodistas y<br \/>\nradiodifusores entre los que destacan Gabriela Rodr\u00edguez, Giuliana Rodr\u00edguez, Pedro Arias,<br \/>\nMarco Godoy, Jes\u00fas Toro, Harley Monseguileman, Roberto \u201cel mulato\u201d Blanco, Katerin Garc\u00eda,<br \/>\nentre otros.<\/p>\n<p>El toque musical de la noche estuvo a cargo de los jovenes cantantes emergentes, J. Smith, Avy,<br \/>\nCarlos Valera, Luisana Goncalves, Angela Music, Emmanuel Serrano, Daniela Gir\u00f3n y Angeles<br \/>\n\u00c1lvarez; quienes deleitaron al p\u00fablico asistente al ritmo de reguet\u00f3n, pop, regional mexicana y la<br \/>\nm\u00fasica llanera, siendo la atracci\u00f3n fuerte de la noche la presentaci\u00f3n del d\u00fao infantil n\u00famero uno<br \/>\nen Venezuela JulyNaoh, y la reconocida agrupaci\u00f3n Calle Ciega El Reencuentro; quienes 20 a\u00f1os<br \/>\nm\u00e1s tarde se reencontraron con parte de su fanaticada y al ritmo de merengue los pusieron a<br \/>\nbailar con sus grandes exitos como Solo Te quiero amar, Sexy, La Pantallera, entre otras.<br \/>\nPara su productora general Debby Blanco O., la asistencia de tantas personalidades maravillosas,<br \/>\nsignific\u00f3 un gran logro en \u00e9sta segunda edici\u00f3n y primera gala en vivo, que la incentiva tanto a ella<br \/>\ncomo a su equipo de producci\u00f3n a seguir trabajando para seguir realizando a futuro producciones<br \/>\nde calidad.<\/p>\n","protected":false},"excerpt":{"rendered":"<p>El pasado mi\u00e9rcoles 27 de abril, se llev\u00f3 a cabo en Caracas la segunda entrega de los premios Turpial Golden Awards edici\u00f3n 2021 en las instalaciones del Teatrex del Bosque, donde se dieron cita&#46;&#46;&#46;<\/p>\n","protected":false},"author":127,"featured_media":7790,"comment_status":"open","ping_status":"open","sticky":false,"template":"","format":"gallery","meta":{"_acf_changed":false,"om_disable_all_campaigns":false,"rop_custom_images_group":[],"rop_custom_messages_group":[],"rop_publish_now":"initial","rop_publish_now_accounts":{"twitter_242054905_242054905":""},"rop_publish_now_history":[],"rop_publish_now_status":"pending","_uf_show_specific_survey":0,"_uf_disable_surveys":false,"footnotes":""},"categories":[56,417],"tags":[],"class_list":["post-7789","post","type-post","status-publish","format-gallery","has-post-thumbnail","hentry","category-farandula","category-venezuela","post_format-post-format-gallery"],"acf":[],"aioseo_notices":[],"yoast_head":"<!-- This site is optimized with the Yoast SEO Premium plugin v24.9 (Yoast SEO v27.2) - https:\/\/yoast.com\/product\/yoast-seo-premium-wordpress\/ -->\n<title>Con Gran \u00c9xito Se Llev\u00f3 a Cabo la Segunda Entrega del Galard\u00f3n Turpial Golden Award - M\u00e9xico<\/title>\n<meta name=\"robots\" content=\"index, follow, max-snippet:-1, max-image-preview:large, max-video-preview:-1\" \/>\n<link rel=\"canonical\" href=\"https:\/\/noti-america.com\/site\/mexico\/2022\/05\/01\/con-gran-exito-se-llevo-a-cabo-la-segunda-entrega-del-galardon-turpial-golden-award\/\" \/>\n<meta property=\"og:locale\" content=\"es_ES\" \/>\n<meta property=\"og:type\" content=\"article\" \/>\n<meta property=\"og:title\" content=\"Con Gran \u00c9xito Se Llev\u00f3 a Cabo la Segunda Entrega del Galard\u00f3n Turpial Golden Award\" \/>\n<meta property=\"og:description\" content=\"El pasado mi\u00e9rcoles 27 de abril, se llev\u00f3 a cabo en Caracas la segunda entrega de los premios Turpial Golden Awards edici\u00f3n 2021 en las instalaciones del Teatrex del Bosque, donde se dieron cita&#046;&#046;&#046;\" \/>\n<meta property=\"og:url\" content=\"https:\/\/noti-america.com\/site\/mexico\/2022\/05\/01\/con-gran-exito-se-llevo-a-cabo-la-segunda-entrega-del-galardon-turpial-golden-award\/\" \/>\n<meta property=\"og:site_name\" content=\"M\u00e9xico\" \/>\n<meta property=\"article:published_time\" content=\"2022-05-01T22:08:32+00:00\" \/>\n<meta property=\"og:image\" content=\"https:\/\/noti-america.com\/site\/mexico\/wp-content\/uploads\/sites\/13\/2022\/05\/Screenshot_20220501-092257_2.png\" \/>\n\t<meta property=\"og:image:width\" content=\"1080\" \/>\n\t<meta property=\"og:image:height\" content=\"1297\" \/>\n\t<meta property=\"og:image:type\" content=\"image\/png\" \/>\n<meta name=\"author\" content=\"Yoelvzla\" \/>\n<meta name=\"twitter:card\" content=\"summary_large_image\" \/>\n<meta name=\"twitter:label1\" content=\"Escrito por\" \/>\n\t<meta name=\"twitter:data1\" content=\"Yoelvzla\" \/>\n\t<meta name=\"twitter:label2\" content=\"Tiempo estimado de lectura\" \/>\n\t<meta name=\"twitter:data2\" content=\"3 minutos\" \/>\n<script type=\"application\/ld+json\" class=\"yoast-schema-graph\">{\"@context\":\"https:\/\/schema.org\",\"@graph\":[{\"@type\":\"Article\",\"@id\":\"https:\/\/noti-america.com\/site\/mexico\/2022\/05\/01\/con-gran-exito-se-llevo-a-cabo-la-segunda-entrega-del-galardon-turpial-golden-award\/#article\",\"isPartOf\":{\"@id\":\"https:\/\/noti-america.com\/site\/mexico\/2022\/05\/01\/con-gran-exito-se-llevo-a-cabo-la-segunda-entrega-del-galardon-turpial-golden-award\/\"},\"author\":{\"name\":\"Yoelvzla\",\"@id\":\"https:\/\/noti-america.com\/site\/mexico\/#\/schema\/person\/376ccc7b3cc7a8d5a43c3ece07a43857\"},\"headline\":\"Con Gran \u00c9xito Se Llev\u00f3 a Cabo la Segunda Entrega del Galard\u00f3n Turpial Golden Award\",\"datePublished\":\"2022-05-01T22:08:32+00:00\",\"mainEntityOfPage\":{\"@id\":\"https:\/\/noti-america.com\/site\/mexico\/2022\/05\/01\/con-gran-exito-se-llevo-a-cabo-la-segunda-entrega-del-galardon-turpial-golden-award\/\"},\"wordCount\":575,\"commentCount\":0,\"publisher\":{\"@id\":\"https:\/\/noti-america.com\/site\/mexico\/#organization\"},\"image\":{\"@id\":\"https:\/\/noti-america.com\/site\/mexico\/2022\/05\/01\/con-gran-exito-se-llevo-a-cabo-la-segunda-entrega-del-galardon-turpial-golden-award\/#primaryimage\"},\"thumbnailUrl\":\"https:\/\/noti-america.com\/site\/mexico\/wp-content\/uploads\/sites\/13\/2022\/05\/Screenshot_20220501-092257_2.png\",\"articleSection\":[\"Far\u00e1ndula\",\"Venezuela\"],\"inLanguage\":\"es\",\"potentialAction\":[{\"@type\":\"CommentAction\",\"name\":\"Comment\",\"target\":[\"https:\/\/noti-america.com\/site\/mexico\/2022\/05\/01\/con-gran-exito-se-llevo-a-cabo-la-segunda-entrega-del-galardon-turpial-golden-award\/#respond\"]}]},{\"@type\":\"WebPage\",\"@id\":\"https:\/\/noti-america.com\/site\/mexico\/2022\/05\/01\/con-gran-exito-se-llevo-a-cabo-la-segunda-entrega-del-galardon-turpial-golden-award\/\",\"url\":\"https:\/\/noti-america.com\/site\/mexico\/2022\/05\/01\/con-gran-exito-se-llevo-a-cabo-la-segunda-entrega-del-galardon-turpial-golden-award\/\",\"name\":\"Con Gran \u00c9xito Se Llev\u00f3 a Cabo la Segunda Entrega del Galard\u00f3n Turpial Golden Award - M\u00e9xico\",\"isPartOf\":{\"@id\":\"https:\/\/noti-america.com\/site\/mexico\/#website\"},\"primaryImageOfPage\":{\"@id\":\"https:\/\/noti-america.com\/site\/mexico\/2022\/05\/01\/con-gran-exito-se-llevo-a-cabo-la-segunda-entrega-del-galardon-turpial-golden-award\/#primaryimage\"},\"image\":{\"@id\":\"https:\/\/noti-america.com\/site\/mexico\/2022\/05\/01\/con-gran-exito-se-llevo-a-cabo-la-segunda-entrega-del-galardon-turpial-golden-award\/#primaryimage\"},\"thumbnailUrl\":\"https:\/\/noti-america.com\/site\/mexico\/wp-content\/uploads\/sites\/13\/2022\/05\/Screenshot_20220501-092257_2.png\",\"datePublished\":\"2022-05-01T22:08:32+00:00\",\"breadcrumb\":{\"@id\":\"https:\/\/noti-america.com\/site\/mexico\/2022\/05\/01\/con-gran-exito-se-llevo-a-cabo-la-segunda-entrega-del-galardon-turpial-golden-award\/#breadcrumb\"},\"inLanguage\":\"es\",\"potentialAction\":[{\"@type\":\"ReadAction\",\"target\":[\"https:\/\/noti-america.com\/site\/mexico\/2022\/05\/01\/con-gran-exito-se-llevo-a-cabo-la-segunda-entrega-del-galardon-turpial-golden-award\/\"]}]},{\"@type\":\"ImageObject\",\"inLanguage\":\"es\",\"@id\":\"https:\/\/noti-america.com\/site\/mexico\/2022\/05\/01\/con-gran-exito-se-llevo-a-cabo-la-segunda-entrega-del-galardon-turpial-golden-award\/#primaryimage\",\"url\":\"https:\/\/noti-america.com\/site\/mexico\/wp-content\/uploads\/sites\/13\/2022\/05\/Screenshot_20220501-092257_2.png\",\"contentUrl\":\"https:\/\/noti-america.com\/site\/mexico\/wp-content\/uploads\/sites\/13\/2022\/05\/Screenshot_20220501-092257_2.png\",\"width\":1080,\"height\":1297},{\"@type\":\"BreadcrumbList\",\"@id\":\"https:\/\/noti-america.com\/site\/mexico\/2022\/05\/01\/con-gran-exito-se-llevo-a-cabo-la-segunda-entrega-del-galardon-turpial-golden-award\/#breadcrumb\",\"itemListElement\":[{\"@type\":\"ListItem\",\"position\":1,\"name\":\"Portada\",\"item\":\"https:\/\/noti-america.com\/site\/mexico\/\"},{\"@type\":\"ListItem\",\"position\":2,\"name\":\"Con Gran \u00c9xito Se Llev\u00f3 a Cabo la Segunda Entrega del Galard\u00f3n Turpial Golden Award\"}]},{\"@type\":\"WebSite\",\"@id\":\"https:\/\/noti-america.com\/site\/mexico\/#website\",\"url\":\"https:\/\/noti-america.com\/site\/mexico\/\",\"name\":\"M\u00e9xico | Noti-America.com\",\"description\":\"\",\"publisher\":{\"@id\":\"https:\/\/noti-america.com\/site\/mexico\/#organization\"},\"potentialAction\":[{\"@type\":\"SearchAction\",\"target\":{\"@type\":\"EntryPoint\",\"urlTemplate\":\"https:\/\/noti-america.com\/site\/mexico\/?s={search_term_string}\"},\"query-input\":{\"@type\":\"PropertyValueSpecification\",\"valueRequired\":true,\"valueName\":\"search_term_string\"}}],\"inLanguage\":\"es\"},{\"@type\":\"Organization\",\"@id\":\"https:\/\/noti-america.com\/site\/mexico\/#organization\",\"name\":\"Noti-America LLC | M\u00e9xico\",\"url\":\"https:\/\/noti-america.com\/site\/mexico\/\",\"logo\":{\"@type\":\"ImageObject\",\"inLanguage\":\"es\",\"@id\":\"https:\/\/noti-america.com\/site\/mexico\/#\/schema\/logo\/image\/\",\"url\":\"https:\/\/noti-america.com\/site\/mexico\/wp-content\/uploads\/sites\/13\/2020\/07\/LogoNA-4x3-1.jpg\",\"contentUrl\":\"https:\/\/noti-america.com\/site\/mexico\/wp-content\/uploads\/sites\/13\/2020\/07\/LogoNA-4x3-1.jpg\",\"width\":1236,\"height\":1080,\"caption\":\"Noti-America LLC | M\u00e9xico\"},\"image\":{\"@id\":\"https:\/\/noti-america.com\/site\/mexico\/#\/schema\/logo\/image\/\"}},{\"@type\":\"Person\",\"@id\":\"https:\/\/noti-america.com\/site\/mexico\/#\/schema\/person\/376ccc7b3cc7a8d5a43c3ece07a43857\",\"name\":\"Yoelvzla\",\"image\":{\"@type\":\"ImageObject\",\"inLanguage\":\"es\",\"@id\":\"https:\/\/secure.gravatar.com\/avatar\/13a96a72123e0e9aa76fe82e8847f726c63a1c5ef6a8d0fadd844c1a5a83b212?s=96&d=mm&r=g\",\"url\":\"https:\/\/secure.gravatar.com\/avatar\/13a96a72123e0e9aa76fe82e8847f726c63a1c5ef6a8d0fadd844c1a5a83b212?s=96&d=mm&r=g\",\"contentUrl\":\"https:\/\/secure.gravatar.com\/avatar\/13a96a72123e0e9aa76fe82e8847f726c63a1c5ef6a8d0fadd844c1a5a83b212?s=96&d=mm&r=g\",\"caption\":\"Yoelvzla\"},\"url\":\"https:\/\/noti-america.com\/site\/mexico\/author\/ydiaz\/\"}]}<\/script>\n<!-- \/ Yoast SEO Premium plugin. -->","yoast_head_json":{"title":"Con Gran \u00c9xito Se Llev\u00f3 a Cabo la Segunda Entrega del Galard\u00f3n Turpial Golden Award - M\u00e9xico","robots":{"index":"index","follow":"follow","max-snippet":"max-snippet:-1","max-image-preview":"max-image-preview:large","max-video-preview":"max-video-preview:-1"},"canonical":"https:\/\/noti-america.com\/site\/mexico\/2022\/05\/01\/con-gran-exito-se-llevo-a-cabo-la-segunda-entrega-del-galardon-turpial-golden-award\/","og_locale":"es_ES","og_type":"article","og_title":"Con Gran \u00c9xito Se Llev\u00f3 a Cabo la Segunda Entrega del Galard\u00f3n Turpial Golden Award","og_description":"El pasado mi\u00e9rcoles 27 de abril, se llev\u00f3 a cabo en Caracas la segunda entrega de los premios Turpial Golden Awards edici\u00f3n 2021 en las instalaciones del Teatrex del Bosque, donde se dieron cita&#46;&#46;&#46;","og_url":"https:\/\/noti-america.com\/site\/mexico\/2022\/05\/01\/con-gran-exito-se-llevo-a-cabo-la-segunda-entrega-del-galardon-turpial-golden-award\/","og_site_name":"M\u00e9xico","article_published_time":"2022-05-01T22:08:32+00:00","og_image":[{"width":1080,"height":1297,"url":"https:\/\/noti-america.com\/site\/mexico\/wp-content\/uploads\/sites\/13\/2022\/05\/Screenshot_20220501-092257_2.png","type":"image\/png"}],"author":"Yoelvzla","twitter_card":"summary_large_image","twitter_misc":{"Escrito por":"Yoelvzla","Tiempo estimado de lectura":"3 minutos"},"schema":{"@context":"https:\/\/schema.org","@graph":[{"@type":"Article","@id":"https:\/\/noti-america.com\/site\/mexico\/2022\/05\/01\/con-gran-exito-se-llevo-a-cabo-la-segunda-entrega-del-galardon-turpial-golden-award\/#article","isPartOf":{"@id":"https:\/\/noti-america.com\/site\/mexico\/2022\/05\/01\/con-gran-exito-se-llevo-a-cabo-la-segunda-entrega-del-galardon-turpial-golden-award\/"},"author":{"name":"Yoelvzla","@id":"https:\/\/noti-america.com\/site\/mexico\/#\/schema\/person\/376ccc7b3cc7a8d5a43c3ece07a43857"},"headline":"Con Gran \u00c9xito Se Llev\u00f3 a Cabo la Segunda Entrega del Galard\u00f3n Turpial Golden Award","datePublished":"2022-05-01T22:08:32+00:00","mainEntityOfPage":{"@id":"https:\/\/noti-america.com\/site\/mexico\/2022\/05\/01\/con-gran-exito-se-llevo-a-cabo-la-segunda-entrega-del-galardon-turpial-golden-award\/"},"wordCount":575,"commentCount":0,"publisher":{"@id":"https:\/\/noti-america.com\/site\/mexico\/#organization"},"image":{"@id":"https:\/\/noti-america.com\/site\/mexico\/2022\/05\/01\/con-gran-exito-se-llevo-a-cabo-la-segunda-entrega-del-galardon-turpial-golden-award\/#primaryimage"},"thumbnailUrl":"https:\/\/noti-america.com\/site\/mexico\/wp-content\/uploads\/sites\/13\/2022\/05\/Screenshot_20220501-092257_2.png","articleSection":["Far\u00e1ndula","Venezuela"],"inLanguage":"es","potentialAction":[{"@type":"CommentAction","name":"Comment","target":["https:\/\/noti-america.com\/site\/mexico\/2022\/05\/01\/con-gran-exito-se-llevo-a-cabo-la-segunda-entrega-del-galardon-turpial-golden-award\/#respond"]}]},{"@type":"WebPage","@id":"https:\/\/noti-america.com\/site\/mexico\/2022\/05\/01\/con-gran-exito-se-llevo-a-cabo-la-segunda-entrega-del-galardon-turpial-golden-award\/","url":"https:\/\/noti-america.com\/site\/mexico\/2022\/05\/01\/con-gran-exito-se-llevo-a-cabo-la-segunda-entrega-del-galardon-turpial-golden-award\/","name":"Con Gran \u00c9xito Se Llev\u00f3 a Cabo la Segunda Entrega del Galard\u00f3n Turpial Golden Award - M\u00e9xico","isPartOf":{"@id":"https:\/\/noti-america.com\/site\/mexico\/#website"},"primaryImageOfPage":{"@id":"https:\/\/noti-america.com\/site\/mexico\/2022\/05\/01\/con-gran-exito-se-llevo-a-cabo-la-segunda-entrega-del-galardon-turpial-golden-award\/#primaryimage"},"image":{"@id":"https:\/\/noti-america.com\/site\/mexico\/2022\/05\/01\/con-gran-exito-se-llevo-a-cabo-la-segunda-entrega-del-galardon-turpial-golden-award\/#primaryimage"},"thumbnailUrl":"https:\/\/noti-america.com\/site\/mexico\/wp-content\/uploads\/sites\/13\/2022\/05\/Screenshot_20220501-092257_2.png","datePublished":"2022-05-01T22:08:32+00:00","breadcrumb":{"@id":"https:\/\/noti-america.com\/site\/mexico\/2022\/05\/01\/con-gran-exito-se-llevo-a-cabo-la-segunda-entrega-del-galardon-turpial-golden-award\/#breadcrumb"},"inLanguage":"es","potentialAction":[{"@type":"ReadAction","target":["https:\/\/noti-america.com\/site\/mexico\/2022\/05\/01\/con-gran-exito-se-llevo-a-cabo-la-segunda-entrega-del-galardon-turpial-golden-award\/"]}]},{"@type":"ImageObject","inLanguage":"es","@id":"https:\/\/noti-america.com\/site\/mexico\/2022\/05\/01\/con-gran-exito-se-llevo-a-cabo-la-segunda-entrega-del-galardon-turpial-golden-award\/#primaryimage","url":"https:\/\/noti-america.com\/site\/mexico\/wp-content\/uploads\/sites\/13\/2022\/05\/Screenshot_20220501-092257_2.png","contentUrl":"https:\/\/noti-america.com\/site\/mexico\/wp-content\/uploads\/sites\/13\/2022\/05\/Screenshot_20220501-092257_2.png","width":1080,"height":1297},{"@type":"BreadcrumbList","@id":"https:\/\/noti-america.com\/site\/mexico\/2022\/05\/01\/con-gran-exito-se-llevo-a-cabo-la-segunda-entrega-del-galardon-turpial-golden-award\/#breadcrumb","itemListElement":[{"@type":"ListItem","position":1,"name":"Portada","item":"https:\/\/noti-america.com\/site\/mexico\/"},{"@type":"ListItem","position":2,"name":"Con Gran \u00c9xito Se Llev\u00f3 a Cabo la Segunda Entrega del Galard\u00f3n Turpial Golden Award"}]},{"@type":"WebSite","@id":"https:\/\/noti-america.com\/site\/mexico\/#website","url":"https:\/\/noti-america.com\/site\/mexico\/","name":"M\u00e9xico | Noti-America.com","description":"","publisher":{"@id":"https:\/\/noti-america.com\/site\/mexico\/#organization"},"potentialAction":[{"@type":"SearchAction","target":{"@type":"EntryPoint","urlTemplate":"https:\/\/noti-america.com\/site\/mexico\/?s={search_term_string}"},"query-input":{"@type":"PropertyValueSpecification","valueRequired":true,"valueName":"search_term_string"}}],"inLanguage":"es"},{"@type":"Organization","@id":"https:\/\/noti-america.com\/site\/mexico\/#organization","name":"Noti-America LLC | M\u00e9xico","url":"https:\/\/noti-america.com\/site\/mexico\/","logo":{"@type":"ImageObject","inLanguage":"es","@id":"https:\/\/noti-america.com\/site\/mexico\/#\/schema\/logo\/image\/","url":"https:\/\/noti-america.com\/site\/mexico\/wp-content\/uploads\/sites\/13\/2020\/07\/LogoNA-4x3-1.jpg","contentUrl":"https:\/\/noti-america.com\/site\/mexico\/wp-content\/uploads\/sites\/13\/2020\/07\/LogoNA-4x3-1.jpg","width":1236,"height":1080,"caption":"Noti-America LLC | M\u00e9xico"},"image":{"@id":"https:\/\/noti-america.com\/site\/mexico\/#\/schema\/logo\/image\/"}},{"@type":"Person","@id":"https:\/\/noti-america.com\/site\/mexico\/#\/schema\/person\/376ccc7b3cc7a8d5a43c3ece07a43857","name":"Yoelvzla","image":{"@type":"ImageObject","inLanguage":"es","@id":"https:\/\/secure.gravatar.com\/avatar\/13a96a72123e0e9aa76fe82e8847f726c63a1c5ef6a8d0fadd844c1a5a83b212?s=96&d=mm&r=g","url":"https:\/\/secure.gravatar.com\/avatar\/13a96a72123e0e9aa76fe82e8847f726c63a1c5ef6a8d0fadd844c1a5a83b212?s=96&d=mm&r=g","contentUrl":"https:\/\/secure.gravatar.com\/avatar\/13a96a72123e0e9aa76fe82e8847f726c63a1c5ef6a8d0fadd844c1a5a83b212?s=96&d=mm&r=g","caption":"Yoelvzla"},"url":"https:\/\/noti-america.com\/site\/mexico\/author\/ydiaz\/"}]}},"_links":{"self":[{"href":"https:\/\/noti-america.com\/site\/mexico\/wp-json\/wp\/v2\/posts\/7789","targetHints":{"allow":["GET"]}}],"collection":[{"href":"https:\/\/noti-america.com\/site\/mexico\/wp-json\/wp\/v2\/posts"}],"about":[{"href":"https:\/\/noti-america.com\/site\/mexico\/wp-json\/wp\/v2\/types\/post"}],"author":[{"embeddable":true,"href":"https:\/\/noti-america.com\/site\/mexico\/wp-json\/wp\/v2\/users\/127"}],"replies":[{"embeddable":true,"href":"https:\/\/noti-america.com\/site\/mexico\/wp-json\/wp\/v2\/comments?post=7789"}],"version-history":[{"count":1,"href":"https:\/\/noti-america.com\/site\/mexico\/wp-json\/wp\/v2\/posts\/7789\/revisions"}],"predecessor-version":[{"id":7791,"href":"https:\/\/noti-america.com\/site\/mexico\/wp-json\/wp\/v2\/posts\/7789\/revisions\/7791"}],"wp:featuredmedia":[{"embeddable":true,"href":"https:\/\/noti-america.com\/site\/mexico\/wp-json\/wp\/v2\/media\/7790"}],"wp:attachment":[{"href":"https:\/\/noti-america.com\/site\/mexico\/wp-json\/wp\/v2\/media?parent=7789"}],"wp:term":[{"taxonomy":"category","embeddable":true,"href":"https:\/\/noti-america.com\/site\/mexico\/wp-json\/wp\/v2\/categories?post=7789"},{"taxonomy":"post_tag","embeddable":true,"href":"https:\/\/noti-america.com\/site\/mexico\/wp-json\/wp\/v2\/tags?post=7789"}],"curies":[{"name":"wp","href":"https:\/\/api.w.org\/{rel}","templated":true}]}}