{"id":7777,"date":"2022-04-29T13:44:25","date_gmt":"2022-04-29T13:44:25","guid":{"rendered":"https:\/\/noti-america.com\/site\/mexico\/?p=7777"},"modified":"2022-04-29T13:44:25","modified_gmt":"2022-04-29T13:44:25","slug":"la-productora-de-eventos-live-vip-invita-a-los-venezolanos-al-regreso-del-amanecer-vallenato","status":"publish","type":"post","link":"https:\/\/noti-america.com\/site\/mexico\/2022\/04\/29\/la-productora-de-eventos-live-vip-invita-a-los-venezolanos-al-regreso-del-amanecer-vallenato\/","title":{"rendered":"La productora de eventos \u00abLIVE VIP\u00bb invita a los venezolanos al \u00abREGRESO DEL AMANECER VALLENATO\u00bb"},"content":{"rendered":"<p>Live Vip traer\u00e1 a Venezuela entre el <strong>26 y 29 de mayo<\/strong> a los artistas colombianos reconocidos del g\u00e9nero vallenato <strong>\u00abJorge Celed\u00f3n, Omar Geles, Ana del Castillo, Farid\u00a0Ort\u00edz, Los Diablitos<\/strong>, y como invitado especial a Mr. Black, mejor conocido como el presidente de la Champeta\u00bb. Los conciertos ser\u00e1n presentados en las ciudades de Valencia, Barquisimeto, Caracas y Maracaibo<\/p>\n<p>Se pueden adquirir las entradas en persona. Al menos en Valencia, en las taquillas del\u00a0Forum, en Barquisimeto, en el centro comercial Sambil Las Trinitarias, en Maracaibo, en el Hotel\u00a0Maruma\u00a0y en la capital, Caracas, en\u00a0las tiendas\u00a0de Mango Bajito de Catia, de S\u00e1bana Grande y en el centro comercial El Recreo, tambi\u00e9n en las tiendas\u00a0Confetti\u00a0del centro comercial El L\u00edder y en el centro comercial La Cascada. Y una tercera opci\u00f3n, en el Urban Cupl\u00e9 del CCCT. Adem\u00e1s, v\u00eda online en la p\u00e1gina web de\u00a0<a id=\"LPlnk970476\" href=\"http:\/\/www.globalboletos.com\/\" target=\"_blank\" rel=\"noopener noreferrer\" data-auth=\"NotApplicable\" data-linkindex=\"0\">www.globalboletos.com<\/a>\u00a0entre las 10:00 am y 6:00 pm para la compra de las entradas<\/p>\n<p>En esta primera etapa de preventa en Caracas las entradas \u00abgeneral\u00bb tendr\u00e1n un costo de 25$ d\u00f3lares, en Valencia desde 30$ d\u00f3lares, Maracaibo desde 55$ y Barquisimeto 20$ d\u00f3lares<\/p>\n<p>Talentos venezolanos como la pop\u00a0star,\u00a0Anny\u00a0Bell, los compositores y cantantes,\u00a0Calu\u00a0y Bryan\u00a0Venz, traer\u00e1n un poco del g\u00e9nero pop rock y urbano en las tarimas de Caracas y Valencia<\/p>\n<p>Estos conciertos ser\u00e1n presentados bajo medidas de bioseguridad y quienes ingresen a disfrutar ser\u00e1n resguardados bajo un cintur\u00f3n garantizado que cuidar\u00e1 de todos<\/p>\n<p>Para mayor informaci\u00f3n, @livevip_music pide estar atentos a todas sus redes sociales en Instagram, Twitter y\u00a0Tik\u00a0Tok. Tambi\u00e9n @globalboletos<\/p>\n","protected":false},"excerpt":{"rendered":"<p>Live Vip traer\u00e1 a Venezuela entre el 26 y 29 de mayo a los artistas colombianos reconocidos del g\u00e9nero vallenato \u00abJorge Celed\u00f3n, Omar Geles, Ana del Castillo, Farid\u00a0Ort\u00edz, Los Diablitos, y como invitado especial&#46;&#46;&#46;<\/p>\n","protected":false},"author":127,"featured_media":7778,"comment_status":"open","ping_status":"open","sticky":false,"template":"","format":"standard","meta":{"_acf_changed":false,"om_disable_all_campaigns":false,"rop_custom_images_group":[],"rop_custom_messages_group":[],"rop_publish_now":"initial","rop_publish_now_accounts":{"twitter_242054905_242054905":""},"rop_publish_now_history":[],"rop_publish_now_status":"pending","_uf_show_specific_survey":0,"_uf_disable_surveys":false,"footnotes":""},"categories":[38,417],"tags":[],"class_list":["post-7777","post","type-post","status-publish","format-standard","has-post-thumbnail","hentry","category-musica","category-venezuela"],"acf":[],"aioseo_notices":[],"yoast_head":"<!-- This site is optimized with the Yoast SEO Premium plugin v24.9 (Yoast SEO v27.2) - https:\/\/yoast.com\/product\/yoast-seo-premium-wordpress\/ -->\n<title>La productora de eventos &quot;LIVE VIP&quot; invita a los venezolanos al &quot;REGRESO DEL AMANECER VALLENATO&quot; - M\u00e9xico<\/title>\n<meta name=\"robots\" content=\"index, follow, max-snippet:-1, max-image-preview:large, max-video-preview:-1\" \/>\n<link rel=\"canonical\" href=\"https:\/\/noti-america.com\/site\/mexico\/2022\/04\/29\/la-productora-de-eventos-live-vip-invita-a-los-venezolanos-al-regreso-del-amanecer-vallenato\/\" \/>\n<meta property=\"og:locale\" content=\"es_ES\" \/>\n<meta property=\"og:type\" content=\"article\" \/>\n<meta property=\"og:title\" content=\"La productora de eventos &quot;LIVE VIP&quot; invita a los venezolanos al &quot;REGRESO DEL AMANECER VALLENATO&quot;\" \/>\n<meta property=\"og:description\" content=\"Live Vip traer\u00e1 a Venezuela entre el 26 y 29 de mayo a los artistas colombianos reconocidos del g\u00e9nero vallenato \u00abJorge Celed\u00f3n, Omar Geles, Ana del Castillo, Farid\u00a0Ort\u00edz, Los Diablitos, y como invitado especial&#046;&#046;&#046;\" \/>\n<meta property=\"og:url\" content=\"https:\/\/noti-america.com\/site\/mexico\/2022\/04\/29\/la-productora-de-eventos-live-vip-invita-a-los-venezolanos-al-regreso-del-amanecer-vallenato\/\" \/>\n<meta property=\"og:site_name\" content=\"M\u00e9xico\" \/>\n<meta property=\"article:published_time\" content=\"2022-04-29T13:44:25+00:00\" \/>\n<meta property=\"og:image\" content=\"https:\/\/noti-america.com\/site\/mexico\/wp-content\/uploads\/sites\/13\/2022\/04\/descarga-21-1024x1024.png\" \/>\n\t<meta property=\"og:image:width\" content=\"1024\" \/>\n\t<meta property=\"og:image:height\" content=\"1024\" \/>\n\t<meta property=\"og:image:type\" content=\"image\/png\" \/>\n<meta name=\"author\" content=\"Yoelvzla\" \/>\n<meta name=\"twitter:card\" content=\"summary_large_image\" \/>\n<meta name=\"twitter:label1\" content=\"Escrito por\" \/>\n\t<meta name=\"twitter:data1\" content=\"Yoelvzla\" \/>\n\t<meta name=\"twitter:label2\" content=\"Tiempo estimado de lectura\" \/>\n\t<meta name=\"twitter:data2\" content=\"2 minutos\" \/>\n<script type=\"application\/ld+json\" class=\"yoast-schema-graph\">{\"@context\":\"https:\/\/schema.org\",\"@graph\":[{\"@type\":\"Article\",\"@id\":\"https:\/\/noti-america.com\/site\/mexico\/2022\/04\/29\/la-productora-de-eventos-live-vip-invita-a-los-venezolanos-al-regreso-del-amanecer-vallenato\/#article\",\"isPartOf\":{\"@id\":\"https:\/\/noti-america.com\/site\/mexico\/2022\/04\/29\/la-productora-de-eventos-live-vip-invita-a-los-venezolanos-al-regreso-del-amanecer-vallenato\/\"},\"author\":{\"name\":\"Yoelvzla\",\"@id\":\"https:\/\/noti-america.com\/site\/mexico\/#\/schema\/person\/376ccc7b3cc7a8d5a43c3ece07a43857\"},\"headline\":\"La productora de eventos \u00abLIVE VIP\u00bb invita a los venezolanos al \u00abREGRESO DEL AMANECER VALLENATO\u00bb\",\"datePublished\":\"2022-04-29T13:44:25+00:00\",\"mainEntityOfPage\":{\"@id\":\"https:\/\/noti-america.com\/site\/mexico\/2022\/04\/29\/la-productora-de-eventos-live-vip-invita-a-los-venezolanos-al-regreso-del-amanecer-vallenato\/\"},\"wordCount\":298,\"commentCount\":0,\"publisher\":{\"@id\":\"https:\/\/noti-america.com\/site\/mexico\/#organization\"},\"image\":{\"@id\":\"https:\/\/noti-america.com\/site\/mexico\/2022\/04\/29\/la-productora-de-eventos-live-vip-invita-a-los-venezolanos-al-regreso-del-amanecer-vallenato\/#primaryimage\"},\"thumbnailUrl\":\"https:\/\/noti-america.com\/site\/mexico\/wp-content\/uploads\/sites\/13\/2022\/04\/descarga-21.png\",\"articleSection\":[\"M\u00fasica\",\"Venezuela\"],\"inLanguage\":\"es\",\"potentialAction\":[{\"@type\":\"CommentAction\",\"name\":\"Comment\",\"target\":[\"https:\/\/noti-america.com\/site\/mexico\/2022\/04\/29\/la-productora-de-eventos-live-vip-invita-a-los-venezolanos-al-regreso-del-amanecer-vallenato\/#respond\"]}]},{\"@type\":\"WebPage\",\"@id\":\"https:\/\/noti-america.com\/site\/mexico\/2022\/04\/29\/la-productora-de-eventos-live-vip-invita-a-los-venezolanos-al-regreso-del-amanecer-vallenato\/\",\"url\":\"https:\/\/noti-america.com\/site\/mexico\/2022\/04\/29\/la-productora-de-eventos-live-vip-invita-a-los-venezolanos-al-regreso-del-amanecer-vallenato\/\",\"name\":\"La productora de eventos \\\"LIVE VIP\\\" invita a los venezolanos al \\\"REGRESO DEL AMANECER VALLENATO\\\" - M\u00e9xico\",\"isPartOf\":{\"@id\":\"https:\/\/noti-america.com\/site\/mexico\/#website\"},\"primaryImageOfPage\":{\"@id\":\"https:\/\/noti-america.com\/site\/mexico\/2022\/04\/29\/la-productora-de-eventos-live-vip-invita-a-los-venezolanos-al-regreso-del-amanecer-vallenato\/#primaryimage\"},\"image\":{\"@id\":\"https:\/\/noti-america.com\/site\/mexico\/2022\/04\/29\/la-productora-de-eventos-live-vip-invita-a-los-venezolanos-al-regreso-del-amanecer-vallenato\/#primaryimage\"},\"thumbnailUrl\":\"https:\/\/noti-america.com\/site\/mexico\/wp-content\/uploads\/sites\/13\/2022\/04\/descarga-21.png\",\"datePublished\":\"2022-04-29T13:44:25+00:00\",\"breadcrumb\":{\"@id\":\"https:\/\/noti-america.com\/site\/mexico\/2022\/04\/29\/la-productora-de-eventos-live-vip-invita-a-los-venezolanos-al-regreso-del-amanecer-vallenato\/#breadcrumb\"},\"inLanguage\":\"es\",\"potentialAction\":[{\"@type\":\"ReadAction\",\"target\":[\"https:\/\/noti-america.com\/site\/mexico\/2022\/04\/29\/la-productora-de-eventos-live-vip-invita-a-los-venezolanos-al-regreso-del-amanecer-vallenato\/\"]}]},{\"@type\":\"ImageObject\",\"inLanguage\":\"es\",\"@id\":\"https:\/\/noti-america.com\/site\/mexico\/2022\/04\/29\/la-productora-de-eventos-live-vip-invita-a-los-venezolanos-al-regreso-del-amanecer-vallenato\/#primaryimage\",\"url\":\"https:\/\/noti-america.com\/site\/mexico\/wp-content\/uploads\/sites\/13\/2022\/04\/descarga-21.png\",\"contentUrl\":\"https:\/\/noti-america.com\/site\/mexico\/wp-content\/uploads\/sites\/13\/2022\/04\/descarga-21.png\",\"width\":1080,\"height\":1080},{\"@type\":\"BreadcrumbList\",\"@id\":\"https:\/\/noti-america.com\/site\/mexico\/2022\/04\/29\/la-productora-de-eventos-live-vip-invita-a-los-venezolanos-al-regreso-del-amanecer-vallenato\/#breadcrumb\",\"itemListElement\":[{\"@type\":\"ListItem\",\"position\":1,\"name\":\"Portada\",\"item\":\"https:\/\/noti-america.com\/site\/mexico\/\"},{\"@type\":\"ListItem\",\"position\":2,\"name\":\"La productora de eventos \u00abLIVE VIP\u00bb invita a los venezolanos al \u00abREGRESO DEL AMANECER VALLENATO\u00bb\"}]},{\"@type\":\"WebSite\",\"@id\":\"https:\/\/noti-america.com\/site\/mexico\/#website\",\"url\":\"https:\/\/noti-america.com\/site\/mexico\/\",\"name\":\"M\u00e9xico | Noti-America.com\",\"description\":\"\",\"publisher\":{\"@id\":\"https:\/\/noti-america.com\/site\/mexico\/#organization\"},\"potentialAction\":[{\"@type\":\"SearchAction\",\"target\":{\"@type\":\"EntryPoint\",\"urlTemplate\":\"https:\/\/noti-america.com\/site\/mexico\/?s={search_term_string}\"},\"query-input\":{\"@type\":\"PropertyValueSpecification\",\"valueRequired\":true,\"valueName\":\"search_term_string\"}}],\"inLanguage\":\"es\"},{\"@type\":\"Organization\",\"@id\":\"https:\/\/noti-america.com\/site\/mexico\/#organization\",\"name\":\"Noti-America LLC | M\u00e9xico\",\"url\":\"https:\/\/noti-america.com\/site\/mexico\/\",\"logo\":{\"@type\":\"ImageObject\",\"inLanguage\":\"es\",\"@id\":\"https:\/\/noti-america.com\/site\/mexico\/#\/schema\/logo\/image\/\",\"url\":\"https:\/\/noti-america.com\/site\/mexico\/wp-content\/uploads\/sites\/13\/2020\/07\/LogoNA-4x3-1.jpg\",\"contentUrl\":\"https:\/\/noti-america.com\/site\/mexico\/wp-content\/uploads\/sites\/13\/2020\/07\/LogoNA-4x3-1.jpg\",\"width\":1236,\"height\":1080,\"caption\":\"Noti-America LLC | M\u00e9xico\"},\"image\":{\"@id\":\"https:\/\/noti-america.com\/site\/mexico\/#\/schema\/logo\/image\/\"}},{\"@type\":\"Person\",\"@id\":\"https:\/\/noti-america.com\/site\/mexico\/#\/schema\/person\/376ccc7b3cc7a8d5a43c3ece07a43857\",\"name\":\"Yoelvzla\",\"image\":{\"@type\":\"ImageObject\",\"inLanguage\":\"es\",\"@id\":\"https:\/\/secure.gravatar.com\/avatar\/13a96a72123e0e9aa76fe82e8847f726c63a1c5ef6a8d0fadd844c1a5a83b212?s=96&d=mm&r=g\",\"url\":\"https:\/\/secure.gravatar.com\/avatar\/13a96a72123e0e9aa76fe82e8847f726c63a1c5ef6a8d0fadd844c1a5a83b212?s=96&d=mm&r=g\",\"contentUrl\":\"https:\/\/secure.gravatar.com\/avatar\/13a96a72123e0e9aa76fe82e8847f726c63a1c5ef6a8d0fadd844c1a5a83b212?s=96&d=mm&r=g\",\"caption\":\"Yoelvzla\"},\"url\":\"https:\/\/noti-america.com\/site\/mexico\/author\/ydiaz\/\"}]}<\/script>\n<!-- \/ Yoast SEO Premium plugin. -->","yoast_head_json":{"title":"La productora de eventos \"LIVE VIP\" invita a los venezolanos al \"REGRESO DEL AMANECER VALLENATO\" - M\u00e9xico","robots":{"index":"index","follow":"follow","max-snippet":"max-snippet:-1","max-image-preview":"max-image-preview:large","max-video-preview":"max-video-preview:-1"},"canonical":"https:\/\/noti-america.com\/site\/mexico\/2022\/04\/29\/la-productora-de-eventos-live-vip-invita-a-los-venezolanos-al-regreso-del-amanecer-vallenato\/","og_locale":"es_ES","og_type":"article","og_title":"La productora de eventos \"LIVE VIP\" invita a los venezolanos al \"REGRESO DEL AMANECER VALLENATO\"","og_description":"Live Vip traer\u00e1 a Venezuela entre el 26 y 29 de mayo a los artistas colombianos reconocidos del g\u00e9nero vallenato \u00abJorge Celed\u00f3n, Omar Geles, Ana del Castillo, Farid\u00a0Ort\u00edz, Los Diablitos, y como invitado especial&#46;&#46;&#46;","og_url":"https:\/\/noti-america.com\/site\/mexico\/2022\/04\/29\/la-productora-de-eventos-live-vip-invita-a-los-venezolanos-al-regreso-del-amanecer-vallenato\/","og_site_name":"M\u00e9xico","article_published_time":"2022-04-29T13:44:25+00:00","og_image":[{"width":1024,"height":1024,"url":"https:\/\/noti-america.com\/site\/mexico\/wp-content\/uploads\/sites\/13\/2022\/04\/descarga-21-1024x1024.png","type":"image\/png"}],"author":"Yoelvzla","twitter_card":"summary_large_image","twitter_misc":{"Escrito por":"Yoelvzla","Tiempo estimado de lectura":"2 minutos"},"schema":{"@context":"https:\/\/schema.org","@graph":[{"@type":"Article","@id":"https:\/\/noti-america.com\/site\/mexico\/2022\/04\/29\/la-productora-de-eventos-live-vip-invita-a-los-venezolanos-al-regreso-del-amanecer-vallenato\/#article","isPartOf":{"@id":"https:\/\/noti-america.com\/site\/mexico\/2022\/04\/29\/la-productora-de-eventos-live-vip-invita-a-los-venezolanos-al-regreso-del-amanecer-vallenato\/"},"author":{"name":"Yoelvzla","@id":"https:\/\/noti-america.com\/site\/mexico\/#\/schema\/person\/376ccc7b3cc7a8d5a43c3ece07a43857"},"headline":"La productora de eventos \u00abLIVE VIP\u00bb invita a los venezolanos al \u00abREGRESO DEL AMANECER VALLENATO\u00bb","datePublished":"2022-04-29T13:44:25+00:00","mainEntityOfPage":{"@id":"https:\/\/noti-america.com\/site\/mexico\/2022\/04\/29\/la-productora-de-eventos-live-vip-invita-a-los-venezolanos-al-regreso-del-amanecer-vallenato\/"},"wordCount":298,"commentCount":0,"publisher":{"@id":"https:\/\/noti-america.com\/site\/mexico\/#organization"},"image":{"@id":"https:\/\/noti-america.com\/site\/mexico\/2022\/04\/29\/la-productora-de-eventos-live-vip-invita-a-los-venezolanos-al-regreso-del-amanecer-vallenato\/#primaryimage"},"thumbnailUrl":"https:\/\/noti-america.com\/site\/mexico\/wp-content\/uploads\/sites\/13\/2022\/04\/descarga-21.png","articleSection":["M\u00fasica","Venezuela"],"inLanguage":"es","potentialAction":[{"@type":"CommentAction","name":"Comment","target":["https:\/\/noti-america.com\/site\/mexico\/2022\/04\/29\/la-productora-de-eventos-live-vip-invita-a-los-venezolanos-al-regreso-del-amanecer-vallenato\/#respond"]}]},{"@type":"WebPage","@id":"https:\/\/noti-america.com\/site\/mexico\/2022\/04\/29\/la-productora-de-eventos-live-vip-invita-a-los-venezolanos-al-regreso-del-amanecer-vallenato\/","url":"https:\/\/noti-america.com\/site\/mexico\/2022\/04\/29\/la-productora-de-eventos-live-vip-invita-a-los-venezolanos-al-regreso-del-amanecer-vallenato\/","name":"La productora de eventos \"LIVE VIP\" invita a los venezolanos al \"REGRESO DEL AMANECER VALLENATO\" - M\u00e9xico","isPartOf":{"@id":"https:\/\/noti-america.com\/site\/mexico\/#website"},"primaryImageOfPage":{"@id":"https:\/\/noti-america.com\/site\/mexico\/2022\/04\/29\/la-productora-de-eventos-live-vip-invita-a-los-venezolanos-al-regreso-del-amanecer-vallenato\/#primaryimage"},"image":{"@id":"https:\/\/noti-america.com\/site\/mexico\/2022\/04\/29\/la-productora-de-eventos-live-vip-invita-a-los-venezolanos-al-regreso-del-amanecer-vallenato\/#primaryimage"},"thumbnailUrl":"https:\/\/noti-america.com\/site\/mexico\/wp-content\/uploads\/sites\/13\/2022\/04\/descarga-21.png","datePublished":"2022-04-29T13:44:25+00:00","breadcrumb":{"@id":"https:\/\/noti-america.com\/site\/mexico\/2022\/04\/29\/la-productora-de-eventos-live-vip-invita-a-los-venezolanos-al-regreso-del-amanecer-vallenato\/#breadcrumb"},"inLanguage":"es","potentialAction":[{"@type":"ReadAction","target":["https:\/\/noti-america.com\/site\/mexico\/2022\/04\/29\/la-productora-de-eventos-live-vip-invita-a-los-venezolanos-al-regreso-del-amanecer-vallenato\/"]}]},{"@type":"ImageObject","inLanguage":"es","@id":"https:\/\/noti-america.com\/site\/mexico\/2022\/04\/29\/la-productora-de-eventos-live-vip-invita-a-los-venezolanos-al-regreso-del-amanecer-vallenato\/#primaryimage","url":"https:\/\/noti-america.com\/site\/mexico\/wp-content\/uploads\/sites\/13\/2022\/04\/descarga-21.png","contentUrl":"https:\/\/noti-america.com\/site\/mexico\/wp-content\/uploads\/sites\/13\/2022\/04\/descarga-21.png","width":1080,"height":1080},{"@type":"BreadcrumbList","@id":"https:\/\/noti-america.com\/site\/mexico\/2022\/04\/29\/la-productora-de-eventos-live-vip-invita-a-los-venezolanos-al-regreso-del-amanecer-vallenato\/#breadcrumb","itemListElement":[{"@type":"ListItem","position":1,"name":"Portada","item":"https:\/\/noti-america.com\/site\/mexico\/"},{"@type":"ListItem","position":2,"name":"La productora de eventos \u00abLIVE VIP\u00bb invita a los venezolanos al \u00abREGRESO DEL AMANECER VALLENATO\u00bb"}]},{"@type":"WebSite","@id":"https:\/\/noti-america.com\/site\/mexico\/#website","url":"https:\/\/noti-america.com\/site\/mexico\/","name":"M\u00e9xico | Noti-America.com","description":"","publisher":{"@id":"https:\/\/noti-america.com\/site\/mexico\/#organization"},"potentialAction":[{"@type":"SearchAction","target":{"@type":"EntryPoint","urlTemplate":"https:\/\/noti-america.com\/site\/mexico\/?s={search_term_string}"},"query-input":{"@type":"PropertyValueSpecification","valueRequired":true,"valueName":"search_term_string"}}],"inLanguage":"es"},{"@type":"Organization","@id":"https:\/\/noti-america.com\/site\/mexico\/#organization","name":"Noti-America LLC | M\u00e9xico","url":"https:\/\/noti-america.com\/site\/mexico\/","logo":{"@type":"ImageObject","inLanguage":"es","@id":"https:\/\/noti-america.com\/site\/mexico\/#\/schema\/logo\/image\/","url":"https:\/\/noti-america.com\/site\/mexico\/wp-content\/uploads\/sites\/13\/2020\/07\/LogoNA-4x3-1.jpg","contentUrl":"https:\/\/noti-america.com\/site\/mexico\/wp-content\/uploads\/sites\/13\/2020\/07\/LogoNA-4x3-1.jpg","width":1236,"height":1080,"caption":"Noti-America LLC | M\u00e9xico"},"image":{"@id":"https:\/\/noti-america.com\/site\/mexico\/#\/schema\/logo\/image\/"}},{"@type":"Person","@id":"https:\/\/noti-america.com\/site\/mexico\/#\/schema\/person\/376ccc7b3cc7a8d5a43c3ece07a43857","name":"Yoelvzla","image":{"@type":"ImageObject","inLanguage":"es","@id":"https:\/\/secure.gravatar.com\/avatar\/13a96a72123e0e9aa76fe82e8847f726c63a1c5ef6a8d0fadd844c1a5a83b212?s=96&d=mm&r=g","url":"https:\/\/secure.gravatar.com\/avatar\/13a96a72123e0e9aa76fe82e8847f726c63a1c5ef6a8d0fadd844c1a5a83b212?s=96&d=mm&r=g","contentUrl":"https:\/\/secure.gravatar.com\/avatar\/13a96a72123e0e9aa76fe82e8847f726c63a1c5ef6a8d0fadd844c1a5a83b212?s=96&d=mm&r=g","caption":"Yoelvzla"},"url":"https:\/\/noti-america.com\/site\/mexico\/author\/ydiaz\/"}]}},"_links":{"self":[{"href":"https:\/\/noti-america.com\/site\/mexico\/wp-json\/wp\/v2\/posts\/7777","targetHints":{"allow":["GET"]}}],"collection":[{"href":"https:\/\/noti-america.com\/site\/mexico\/wp-json\/wp\/v2\/posts"}],"about":[{"href":"https:\/\/noti-america.com\/site\/mexico\/wp-json\/wp\/v2\/types\/post"}],"author":[{"embeddable":true,"href":"https:\/\/noti-america.com\/site\/mexico\/wp-json\/wp\/v2\/users\/127"}],"replies":[{"embeddable":true,"href":"https:\/\/noti-america.com\/site\/mexico\/wp-json\/wp\/v2\/comments?post=7777"}],"version-history":[{"count":1,"href":"https:\/\/noti-america.com\/site\/mexico\/wp-json\/wp\/v2\/posts\/7777\/revisions"}],"predecessor-version":[{"id":7779,"href":"https:\/\/noti-america.com\/site\/mexico\/wp-json\/wp\/v2\/posts\/7777\/revisions\/7779"}],"wp:featuredmedia":[{"embeddable":true,"href":"https:\/\/noti-america.com\/site\/mexico\/wp-json\/wp\/v2\/media\/7778"}],"wp:attachment":[{"href":"https:\/\/noti-america.com\/site\/mexico\/wp-json\/wp\/v2\/media?parent=7777"}],"wp:term":[{"taxonomy":"category","embeddable":true,"href":"https:\/\/noti-america.com\/site\/mexico\/wp-json\/wp\/v2\/categories?post=7777"},{"taxonomy":"post_tag","embeddable":true,"href":"https:\/\/noti-america.com\/site\/mexico\/wp-json\/wp\/v2\/tags?post=7777"}],"curies":[{"name":"wp","href":"https:\/\/api.w.org\/{rel}","templated":true}]}}