{"id":7728,"date":"2022-04-07T14:10:07","date_gmt":"2022-04-07T14:10:07","guid":{"rendered":"https:\/\/noti-america.com\/site\/mexico\/?p=7728"},"modified":"2022-04-07T14:10:07","modified_gmt":"2022-04-07T14:10:07","slug":"el-internacional-cesar-reyes-el-tucusito-canta-un-joropo-pa-los-envidiosos","status":"publish","type":"post","link":"https:\/\/noti-america.com\/site\/mexico\/2022\/04\/07\/el-internacional-cesar-reyes-el-tucusito-canta-un-joropo-pa-los-envidiosos\/","title":{"rendered":"El internacional Cesar Reyes El Tucusito canta un Joropo \u201cPa\u2019 los envidiosos\u201d"},"content":{"rendered":"<p>El cantante del folklore venezolano C\u00e9sar Reyes, conocido como <strong>\u00abEl Tucusito\u00bb<\/strong>, se encuentra celebrando 15 a\u00f1os de trayectoria art\u00edstica, impulsando su canta criolla en busca de la internacionalizaci\u00f3n, su firme deseo es que no solo los venezolanos se sientan identificados con este sublime g\u00e9nero musical y para continuar con este hermoso trabajo lanza su nuevo sencillo <strong>\u201cPa\u00b4los Envidiosos\u201d<\/strong>.<\/p>\n<p>El cantautor naci\u00f3 en el estado Falc\u00f3n, <strong>Venezuela<\/strong> y desde peque\u00f1o le gusta la m\u00fasica llanera ya que su familia es talentosa en el desarrollo de este g\u00e9nero, creci\u00f3 entre los toros coleados y el trabajo del campo, raz\u00f3n por la cual aprendi\u00f3 la habilidad de improvisador, trovador, verseador, coplero y contrapunteador, gan\u00f3 m\u00e1s de 13 primeros lugares\u00a0\u00a0en festivales.<\/p>\n<p>En cuanto a su nuevo material musical, cuenta el cantautor que es un joropo recio dedicado a aquellas personas que se molestan cuando a uno le va bien y no se alegran del triunfo de los dem\u00e1s. Letra de su autor\u00eda que narra vivencias personales y de amistades que han contado historias cotidianas, viene acompa\u00f1ado de un hermoso video para el disfrute de todos los seguidores de este ritmo.<\/p>\n<p>El tucusito es un vers\u00e1til m\u00fasico que es capaz de interpretar distintos ritmos musicales de varios pa\u00edses, a lo largo de su carrera ha Interpretado rancheras, vallenatos, entre otros. El Tucusito posee recuerdos muy gratos de una tarima que comparti\u00f3 con Iv\u00e1n Villaz\u00f3n donde realiz\u00f3 una incre\u00edble\u00a0piquerea\u00a0(improvisaci\u00f3n entre dos en el g\u00e9nero vallenato) prueba de su calidad vocal y destreza musical.<\/p>\n<p>Preguntamos al coplero sus intenciones musicales, a los cual respondi\u00f3: \u201cLlevar nuestra m\u00fasica m\u00e1s lejos es mi meta. A trav\u00e9s de las redes sociales he llegado a diferentes pa\u00edses de Latinoam\u00e9rica como es el caso de M\u00e9xico, Chile, Ecuador, Colombia entre otros, que han escuchado mis canciones y se han identificado con ellas, les gusta porque mis canciones son muy jocosas y siempre me destacado por escribir lo que es la realidad y eso le agrada a la gente, preguntan qu\u00e9 cu\u00e1ndo los visit\u00f3 para cantarles en vivos, por eso busco la internacionalizaci\u00f3n a trav\u00e9s del lanzamiento de mi nuevo tema\u201d.<\/p>\n<p>El amor por la m\u00fasica llanera le impuls\u00f3 a componer m\u00e1s de 100 temas musicales, adem\u00e1s de ser el responsable de 6 producciones discogr\u00e1ficas. Sencillos como: \u00abEl chasco con Anacleta\u00bb, \u00abLa \u00faltima Coca-Cola\u00bb, \u00abLa bonita y la fea\u00bb, \u00abVeguero entre el Pin y el Facebook\u00bb, \u00abLa gordita y la flaca\u00bb, y sus m\u00e1s recientes \u00e9xitos \u00abUn campesino en el norte\u00bb, \u00abLa t\u00f3xica\u00bb, \u00abLas venezolanas\u00bb son solo algunos de sus divertidos \u00e9xitos que han traspasado fronteras. Sin duda, \u00abEl Tucusito\u00bb se ha destacado por enaltecer la m\u00fasica llanera llev\u00e1ndolo a convertirse en un baluarte actual del folclore, con mayor proyecci\u00f3n nacional e internacional.<\/p>\n<p>Todo el trabajo realizado por el int\u00e9rprete ha cosechado frutos y la prueba la tiene en los innumerables premios y reconocimientos que ha recibido como es el caso del premio \u00abMara Internacional\u00bb en Medell\u00edn Colombia en el 2021. A estos se le suma su galard\u00f3n Tacarigua de Oro Internacional como cantante de m\u00fasica venezolana con proyecci\u00f3n internacional.<\/p>\n<p>El pr\u00f3ximo viernes 8 de abril a las 7:00 pm ser\u00e1 el lanzamiento de su nuevo v\u00eddeo oficial del tema promocional \u201cPa\u00b4los Envidiosos\u201d en su canal de YouTube. Tambi\u00e9n disfr\u00fatalo en las distintas plataformas digitales a nivel mundial como Spotify, Apple Music, YouTube Music, entre otros. Para seguir todas las incidencias de la internacionalizaci\u00f3n y estreno musical sigue a Cesar Reyes a trav\u00e9s de su p\u00e1gina web:\u00a0<a href=\"http:\/\/www.eltucusito.com\/\" target=\"_blank\" rel=\"noreferrer noopener\" data-auth=\"NotApplicable\" data-linkindex=\"2\">www.elTucusito.com<\/a>\u00a0y sus redes sociales Instagram: @eltucusito21. As\u00ed\u00a0gozar\u00e1s\u00a0de todo el material\u00a0venezolan\u00edsimo\u00a0que el tucusito tiene para ti.<\/p>\n<p>Ingresa al canal de YouTube de cesar\u00a0 Reyes \u201cEl Tucusito\u201d<\/p>\n<p><a href=\"https:\/\/www.youtube.com\/c\/CesarReyesElTucusito\" target=\"_blank\" rel=\"noreferrer noopener\" data-auth=\"NotApplicable\" data-linkindex=\"3\">https:\/\/www.youtube.com\/c\/CesarReyesElTucusito<\/a><\/p>\n","protected":false},"excerpt":{"rendered":"<p>El cantante del folklore venezolano C\u00e9sar Reyes, conocido como \u00abEl Tucusito\u00bb, se encuentra celebrando 15 a\u00f1os de trayectoria art\u00edstica, impulsando su canta criolla en busca de la internacionalizaci\u00f3n, su firme deseo es que no&#46;&#46;&#46;<\/p>\n","protected":false},"author":127,"featured_media":7729,"comment_status":"open","ping_status":"open","sticky":false,"template":"","format":"image","meta":{"_acf_changed":false,"om_disable_all_campaigns":false,"rop_custom_images_group":[],"rop_custom_messages_group":[],"rop_publish_now":"initial","rop_publish_now_accounts":{"twitter_242054905_242054905":""},"rop_publish_now_history":[],"rop_publish_now_status":"pending","_uf_show_specific_survey":0,"_uf_disable_surveys":false,"footnotes":""},"categories":[56],"tags":[],"class_list":["post-7728","post","type-post","status-publish","format-image","has-post-thumbnail","hentry","category-farandula","post_format-post-format-image"],"acf":[],"aioseo_notices":[],"yoast_head":"<!-- This site is optimized with the Yoast SEO Premium plugin v24.9 (Yoast SEO v27.2) - https:\/\/yoast.com\/product\/yoast-seo-premium-wordpress\/ -->\n<title>El internacional Cesar Reyes El Tucusito canta un Joropo \u201cPa\u2019 los envidiosos\u201d - M\u00e9xico<\/title>\n<meta name=\"robots\" content=\"index, follow, max-snippet:-1, max-image-preview:large, max-video-preview:-1\" \/>\n<link rel=\"canonical\" href=\"https:\/\/noti-america.com\/site\/mexico\/2022\/04\/07\/el-internacional-cesar-reyes-el-tucusito-canta-un-joropo-pa-los-envidiosos\/\" \/>\n<meta property=\"og:locale\" content=\"es_ES\" \/>\n<meta property=\"og:type\" content=\"article\" \/>\n<meta property=\"og:title\" content=\"El internacional Cesar Reyes El Tucusito canta un Joropo \u201cPa\u2019 los envidiosos\u201d\" \/>\n<meta property=\"og:description\" content=\"El cantante del folklore venezolano C\u00e9sar Reyes, conocido como \u00abEl Tucusito\u00bb, se encuentra celebrando 15 a\u00f1os de trayectoria art\u00edstica, impulsando su canta criolla en busca de la internacionalizaci\u00f3n, su firme deseo es que no&#046;&#046;&#046;\" \/>\n<meta property=\"og:url\" content=\"https:\/\/noti-america.com\/site\/mexico\/2022\/04\/07\/el-internacional-cesar-reyes-el-tucusito-canta-un-joropo-pa-los-envidiosos\/\" \/>\n<meta property=\"og:site_name\" content=\"M\u00e9xico\" \/>\n<meta property=\"article:published_time\" content=\"2022-04-07T14:10:07+00:00\" \/>\n<meta property=\"og:image\" content=\"https:\/\/noti-america.com\/site\/mexico\/wp-content\/uploads\/sites\/13\/2022\/04\/thumbnail_DSC06573.jpg\" \/>\n\t<meta property=\"og:image:width\" content=\"960\" \/>\n\t<meta property=\"og:image:height\" content=\"1280\" \/>\n\t<meta property=\"og:image:type\" content=\"image\/jpeg\" \/>\n<meta name=\"author\" content=\"Yoelvzla\" \/>\n<meta name=\"twitter:card\" content=\"summary_large_image\" \/>\n<meta name=\"twitter:label1\" content=\"Escrito por\" \/>\n\t<meta name=\"twitter:data1\" content=\"Yoelvzla\" \/>\n\t<meta name=\"twitter:label2\" content=\"Tiempo estimado de lectura\" \/>\n\t<meta name=\"twitter:data2\" content=\"3 minutos\" \/>\n<script type=\"application\/ld+json\" class=\"yoast-schema-graph\">{\"@context\":\"https:\/\/schema.org\",\"@graph\":[{\"@type\":\"Article\",\"@id\":\"https:\/\/noti-america.com\/site\/mexico\/2022\/04\/07\/el-internacional-cesar-reyes-el-tucusito-canta-un-joropo-pa-los-envidiosos\/#article\",\"isPartOf\":{\"@id\":\"https:\/\/noti-america.com\/site\/mexico\/2022\/04\/07\/el-internacional-cesar-reyes-el-tucusito-canta-un-joropo-pa-los-envidiosos\/\"},\"author\":{\"name\":\"Yoelvzla\",\"@id\":\"https:\/\/noti-america.com\/site\/mexico\/#\/schema\/person\/376ccc7b3cc7a8d5a43c3ece07a43857\"},\"headline\":\"El internacional Cesar Reyes El Tucusito canta un Joropo \u201cPa\u2019 los envidiosos\u201d\",\"datePublished\":\"2022-04-07T14:10:07+00:00\",\"mainEntityOfPage\":{\"@id\":\"https:\/\/noti-america.com\/site\/mexico\/2022\/04\/07\/el-internacional-cesar-reyes-el-tucusito-canta-un-joropo-pa-los-envidiosos\/\"},\"wordCount\":676,\"commentCount\":0,\"publisher\":{\"@id\":\"https:\/\/noti-america.com\/site\/mexico\/#organization\"},\"image\":{\"@id\":\"https:\/\/noti-america.com\/site\/mexico\/2022\/04\/07\/el-internacional-cesar-reyes-el-tucusito-canta-un-joropo-pa-los-envidiosos\/#primaryimage\"},\"thumbnailUrl\":\"https:\/\/noti-america.com\/site\/mexico\/wp-content\/uploads\/sites\/13\/2022\/04\/thumbnail_DSC06573.jpg\",\"articleSection\":[\"Far\u00e1ndula\"],\"inLanguage\":\"es\",\"potentialAction\":[{\"@type\":\"CommentAction\",\"name\":\"Comment\",\"target\":[\"https:\/\/noti-america.com\/site\/mexico\/2022\/04\/07\/el-internacional-cesar-reyes-el-tucusito-canta-un-joropo-pa-los-envidiosos\/#respond\"]}]},{\"@type\":\"WebPage\",\"@id\":\"https:\/\/noti-america.com\/site\/mexico\/2022\/04\/07\/el-internacional-cesar-reyes-el-tucusito-canta-un-joropo-pa-los-envidiosos\/\",\"url\":\"https:\/\/noti-america.com\/site\/mexico\/2022\/04\/07\/el-internacional-cesar-reyes-el-tucusito-canta-un-joropo-pa-los-envidiosos\/\",\"name\":\"El internacional Cesar Reyes El Tucusito canta un Joropo \u201cPa\u2019 los envidiosos\u201d - M\u00e9xico\",\"isPartOf\":{\"@id\":\"https:\/\/noti-america.com\/site\/mexico\/#website\"},\"primaryImageOfPage\":{\"@id\":\"https:\/\/noti-america.com\/site\/mexico\/2022\/04\/07\/el-internacional-cesar-reyes-el-tucusito-canta-un-joropo-pa-los-envidiosos\/#primaryimage\"},\"image\":{\"@id\":\"https:\/\/noti-america.com\/site\/mexico\/2022\/04\/07\/el-internacional-cesar-reyes-el-tucusito-canta-un-joropo-pa-los-envidiosos\/#primaryimage\"},\"thumbnailUrl\":\"https:\/\/noti-america.com\/site\/mexico\/wp-content\/uploads\/sites\/13\/2022\/04\/thumbnail_DSC06573.jpg\",\"datePublished\":\"2022-04-07T14:10:07+00:00\",\"breadcrumb\":{\"@id\":\"https:\/\/noti-america.com\/site\/mexico\/2022\/04\/07\/el-internacional-cesar-reyes-el-tucusito-canta-un-joropo-pa-los-envidiosos\/#breadcrumb\"},\"inLanguage\":\"es\",\"potentialAction\":[{\"@type\":\"ReadAction\",\"target\":[\"https:\/\/noti-america.com\/site\/mexico\/2022\/04\/07\/el-internacional-cesar-reyes-el-tucusito-canta-un-joropo-pa-los-envidiosos\/\"]}]},{\"@type\":\"ImageObject\",\"inLanguage\":\"es\",\"@id\":\"https:\/\/noti-america.com\/site\/mexico\/2022\/04\/07\/el-internacional-cesar-reyes-el-tucusito-canta-un-joropo-pa-los-envidiosos\/#primaryimage\",\"url\":\"https:\/\/noti-america.com\/site\/mexico\/wp-content\/uploads\/sites\/13\/2022\/04\/thumbnail_DSC06573.jpg\",\"contentUrl\":\"https:\/\/noti-america.com\/site\/mexico\/wp-content\/uploads\/sites\/13\/2022\/04\/thumbnail_DSC06573.jpg\",\"width\":960,\"height\":1280},{\"@type\":\"BreadcrumbList\",\"@id\":\"https:\/\/noti-america.com\/site\/mexico\/2022\/04\/07\/el-internacional-cesar-reyes-el-tucusito-canta-un-joropo-pa-los-envidiosos\/#breadcrumb\",\"itemListElement\":[{\"@type\":\"ListItem\",\"position\":1,\"name\":\"Portada\",\"item\":\"https:\/\/noti-america.com\/site\/mexico\/\"},{\"@type\":\"ListItem\",\"position\":2,\"name\":\"El internacional Cesar Reyes El Tucusito canta un Joropo \u201cPa\u2019 los envidiosos\u201d\"}]},{\"@type\":\"WebSite\",\"@id\":\"https:\/\/noti-america.com\/site\/mexico\/#website\",\"url\":\"https:\/\/noti-america.com\/site\/mexico\/\",\"name\":\"M\u00e9xico | Noti-America.com\",\"description\":\"\",\"publisher\":{\"@id\":\"https:\/\/noti-america.com\/site\/mexico\/#organization\"},\"potentialAction\":[{\"@type\":\"SearchAction\",\"target\":{\"@type\":\"EntryPoint\",\"urlTemplate\":\"https:\/\/noti-america.com\/site\/mexico\/?s={search_term_string}\"},\"query-input\":{\"@type\":\"PropertyValueSpecification\",\"valueRequired\":true,\"valueName\":\"search_term_string\"}}],\"inLanguage\":\"es\"},{\"@type\":\"Organization\",\"@id\":\"https:\/\/noti-america.com\/site\/mexico\/#organization\",\"name\":\"Noti-America LLC | M\u00e9xico\",\"url\":\"https:\/\/noti-america.com\/site\/mexico\/\",\"logo\":{\"@type\":\"ImageObject\",\"inLanguage\":\"es\",\"@id\":\"https:\/\/noti-america.com\/site\/mexico\/#\/schema\/logo\/image\/\",\"url\":\"https:\/\/noti-america.com\/site\/mexico\/wp-content\/uploads\/sites\/13\/2020\/07\/LogoNA-4x3-1.jpg\",\"contentUrl\":\"https:\/\/noti-america.com\/site\/mexico\/wp-content\/uploads\/sites\/13\/2020\/07\/LogoNA-4x3-1.jpg\",\"width\":1236,\"height\":1080,\"caption\":\"Noti-America LLC | M\u00e9xico\"},\"image\":{\"@id\":\"https:\/\/noti-america.com\/site\/mexico\/#\/schema\/logo\/image\/\"}},{\"@type\":\"Person\",\"@id\":\"https:\/\/noti-america.com\/site\/mexico\/#\/schema\/person\/376ccc7b3cc7a8d5a43c3ece07a43857\",\"name\":\"Yoelvzla\",\"image\":{\"@type\":\"ImageObject\",\"inLanguage\":\"es\",\"@id\":\"https:\/\/secure.gravatar.com\/avatar\/13a96a72123e0e9aa76fe82e8847f726c63a1c5ef6a8d0fadd844c1a5a83b212?s=96&d=mm&r=g\",\"url\":\"https:\/\/secure.gravatar.com\/avatar\/13a96a72123e0e9aa76fe82e8847f726c63a1c5ef6a8d0fadd844c1a5a83b212?s=96&d=mm&r=g\",\"contentUrl\":\"https:\/\/secure.gravatar.com\/avatar\/13a96a72123e0e9aa76fe82e8847f726c63a1c5ef6a8d0fadd844c1a5a83b212?s=96&d=mm&r=g\",\"caption\":\"Yoelvzla\"},\"url\":\"https:\/\/noti-america.com\/site\/mexico\/author\/ydiaz\/\"}]}<\/script>\n<!-- \/ Yoast SEO Premium plugin. -->","yoast_head_json":{"title":"El internacional Cesar Reyes El Tucusito canta un Joropo \u201cPa\u2019 los envidiosos\u201d - M\u00e9xico","robots":{"index":"index","follow":"follow","max-snippet":"max-snippet:-1","max-image-preview":"max-image-preview:large","max-video-preview":"max-video-preview:-1"},"canonical":"https:\/\/noti-america.com\/site\/mexico\/2022\/04\/07\/el-internacional-cesar-reyes-el-tucusito-canta-un-joropo-pa-los-envidiosos\/","og_locale":"es_ES","og_type":"article","og_title":"El internacional Cesar Reyes El Tucusito canta un Joropo \u201cPa\u2019 los envidiosos\u201d","og_description":"El cantante del folklore venezolano C\u00e9sar Reyes, conocido como \u00abEl Tucusito\u00bb, se encuentra celebrando 15 a\u00f1os de trayectoria art\u00edstica, impulsando su canta criolla en busca de la internacionalizaci\u00f3n, su firme deseo es que no&#46;&#46;&#46;","og_url":"https:\/\/noti-america.com\/site\/mexico\/2022\/04\/07\/el-internacional-cesar-reyes-el-tucusito-canta-un-joropo-pa-los-envidiosos\/","og_site_name":"M\u00e9xico","article_published_time":"2022-04-07T14:10:07+00:00","og_image":[{"width":960,"height":1280,"url":"https:\/\/noti-america.com\/site\/mexico\/wp-content\/uploads\/sites\/13\/2022\/04\/thumbnail_DSC06573.jpg","type":"image\/jpeg"}],"author":"Yoelvzla","twitter_card":"summary_large_image","twitter_misc":{"Escrito por":"Yoelvzla","Tiempo estimado de lectura":"3 minutos"},"schema":{"@context":"https:\/\/schema.org","@graph":[{"@type":"Article","@id":"https:\/\/noti-america.com\/site\/mexico\/2022\/04\/07\/el-internacional-cesar-reyes-el-tucusito-canta-un-joropo-pa-los-envidiosos\/#article","isPartOf":{"@id":"https:\/\/noti-america.com\/site\/mexico\/2022\/04\/07\/el-internacional-cesar-reyes-el-tucusito-canta-un-joropo-pa-los-envidiosos\/"},"author":{"name":"Yoelvzla","@id":"https:\/\/noti-america.com\/site\/mexico\/#\/schema\/person\/376ccc7b3cc7a8d5a43c3ece07a43857"},"headline":"El internacional Cesar Reyes El Tucusito canta un Joropo \u201cPa\u2019 los envidiosos\u201d","datePublished":"2022-04-07T14:10:07+00:00","mainEntityOfPage":{"@id":"https:\/\/noti-america.com\/site\/mexico\/2022\/04\/07\/el-internacional-cesar-reyes-el-tucusito-canta-un-joropo-pa-los-envidiosos\/"},"wordCount":676,"commentCount":0,"publisher":{"@id":"https:\/\/noti-america.com\/site\/mexico\/#organization"},"image":{"@id":"https:\/\/noti-america.com\/site\/mexico\/2022\/04\/07\/el-internacional-cesar-reyes-el-tucusito-canta-un-joropo-pa-los-envidiosos\/#primaryimage"},"thumbnailUrl":"https:\/\/noti-america.com\/site\/mexico\/wp-content\/uploads\/sites\/13\/2022\/04\/thumbnail_DSC06573.jpg","articleSection":["Far\u00e1ndula"],"inLanguage":"es","potentialAction":[{"@type":"CommentAction","name":"Comment","target":["https:\/\/noti-america.com\/site\/mexico\/2022\/04\/07\/el-internacional-cesar-reyes-el-tucusito-canta-un-joropo-pa-los-envidiosos\/#respond"]}]},{"@type":"WebPage","@id":"https:\/\/noti-america.com\/site\/mexico\/2022\/04\/07\/el-internacional-cesar-reyes-el-tucusito-canta-un-joropo-pa-los-envidiosos\/","url":"https:\/\/noti-america.com\/site\/mexico\/2022\/04\/07\/el-internacional-cesar-reyes-el-tucusito-canta-un-joropo-pa-los-envidiosos\/","name":"El internacional Cesar Reyes El Tucusito canta un Joropo \u201cPa\u2019 los envidiosos\u201d - M\u00e9xico","isPartOf":{"@id":"https:\/\/noti-america.com\/site\/mexico\/#website"},"primaryImageOfPage":{"@id":"https:\/\/noti-america.com\/site\/mexico\/2022\/04\/07\/el-internacional-cesar-reyes-el-tucusito-canta-un-joropo-pa-los-envidiosos\/#primaryimage"},"image":{"@id":"https:\/\/noti-america.com\/site\/mexico\/2022\/04\/07\/el-internacional-cesar-reyes-el-tucusito-canta-un-joropo-pa-los-envidiosos\/#primaryimage"},"thumbnailUrl":"https:\/\/noti-america.com\/site\/mexico\/wp-content\/uploads\/sites\/13\/2022\/04\/thumbnail_DSC06573.jpg","datePublished":"2022-04-07T14:10:07+00:00","breadcrumb":{"@id":"https:\/\/noti-america.com\/site\/mexico\/2022\/04\/07\/el-internacional-cesar-reyes-el-tucusito-canta-un-joropo-pa-los-envidiosos\/#breadcrumb"},"inLanguage":"es","potentialAction":[{"@type":"ReadAction","target":["https:\/\/noti-america.com\/site\/mexico\/2022\/04\/07\/el-internacional-cesar-reyes-el-tucusito-canta-un-joropo-pa-los-envidiosos\/"]}]},{"@type":"ImageObject","inLanguage":"es","@id":"https:\/\/noti-america.com\/site\/mexico\/2022\/04\/07\/el-internacional-cesar-reyes-el-tucusito-canta-un-joropo-pa-los-envidiosos\/#primaryimage","url":"https:\/\/noti-america.com\/site\/mexico\/wp-content\/uploads\/sites\/13\/2022\/04\/thumbnail_DSC06573.jpg","contentUrl":"https:\/\/noti-america.com\/site\/mexico\/wp-content\/uploads\/sites\/13\/2022\/04\/thumbnail_DSC06573.jpg","width":960,"height":1280},{"@type":"BreadcrumbList","@id":"https:\/\/noti-america.com\/site\/mexico\/2022\/04\/07\/el-internacional-cesar-reyes-el-tucusito-canta-un-joropo-pa-los-envidiosos\/#breadcrumb","itemListElement":[{"@type":"ListItem","position":1,"name":"Portada","item":"https:\/\/noti-america.com\/site\/mexico\/"},{"@type":"ListItem","position":2,"name":"El internacional Cesar Reyes El Tucusito canta un Joropo \u201cPa\u2019 los envidiosos\u201d"}]},{"@type":"WebSite","@id":"https:\/\/noti-america.com\/site\/mexico\/#website","url":"https:\/\/noti-america.com\/site\/mexico\/","name":"M\u00e9xico | Noti-America.com","description":"","publisher":{"@id":"https:\/\/noti-america.com\/site\/mexico\/#organization"},"potentialAction":[{"@type":"SearchAction","target":{"@type":"EntryPoint","urlTemplate":"https:\/\/noti-america.com\/site\/mexico\/?s={search_term_string}"},"query-input":{"@type":"PropertyValueSpecification","valueRequired":true,"valueName":"search_term_string"}}],"inLanguage":"es"},{"@type":"Organization","@id":"https:\/\/noti-america.com\/site\/mexico\/#organization","name":"Noti-America LLC | M\u00e9xico","url":"https:\/\/noti-america.com\/site\/mexico\/","logo":{"@type":"ImageObject","inLanguage":"es","@id":"https:\/\/noti-america.com\/site\/mexico\/#\/schema\/logo\/image\/","url":"https:\/\/noti-america.com\/site\/mexico\/wp-content\/uploads\/sites\/13\/2020\/07\/LogoNA-4x3-1.jpg","contentUrl":"https:\/\/noti-america.com\/site\/mexico\/wp-content\/uploads\/sites\/13\/2020\/07\/LogoNA-4x3-1.jpg","width":1236,"height":1080,"caption":"Noti-America LLC | M\u00e9xico"},"image":{"@id":"https:\/\/noti-america.com\/site\/mexico\/#\/schema\/logo\/image\/"}},{"@type":"Person","@id":"https:\/\/noti-america.com\/site\/mexico\/#\/schema\/person\/376ccc7b3cc7a8d5a43c3ece07a43857","name":"Yoelvzla","image":{"@type":"ImageObject","inLanguage":"es","@id":"https:\/\/secure.gravatar.com\/avatar\/13a96a72123e0e9aa76fe82e8847f726c63a1c5ef6a8d0fadd844c1a5a83b212?s=96&d=mm&r=g","url":"https:\/\/secure.gravatar.com\/avatar\/13a96a72123e0e9aa76fe82e8847f726c63a1c5ef6a8d0fadd844c1a5a83b212?s=96&d=mm&r=g","contentUrl":"https:\/\/secure.gravatar.com\/avatar\/13a96a72123e0e9aa76fe82e8847f726c63a1c5ef6a8d0fadd844c1a5a83b212?s=96&d=mm&r=g","caption":"Yoelvzla"},"url":"https:\/\/noti-america.com\/site\/mexico\/author\/ydiaz\/"}]}},"_links":{"self":[{"href":"https:\/\/noti-america.com\/site\/mexico\/wp-json\/wp\/v2\/posts\/7728","targetHints":{"allow":["GET"]}}],"collection":[{"href":"https:\/\/noti-america.com\/site\/mexico\/wp-json\/wp\/v2\/posts"}],"about":[{"href":"https:\/\/noti-america.com\/site\/mexico\/wp-json\/wp\/v2\/types\/post"}],"author":[{"embeddable":true,"href":"https:\/\/noti-america.com\/site\/mexico\/wp-json\/wp\/v2\/users\/127"}],"replies":[{"embeddable":true,"href":"https:\/\/noti-america.com\/site\/mexico\/wp-json\/wp\/v2\/comments?post=7728"}],"version-history":[{"count":1,"href":"https:\/\/noti-america.com\/site\/mexico\/wp-json\/wp\/v2\/posts\/7728\/revisions"}],"predecessor-version":[{"id":7730,"href":"https:\/\/noti-america.com\/site\/mexico\/wp-json\/wp\/v2\/posts\/7728\/revisions\/7730"}],"wp:featuredmedia":[{"embeddable":true,"href":"https:\/\/noti-america.com\/site\/mexico\/wp-json\/wp\/v2\/media\/7729"}],"wp:attachment":[{"href":"https:\/\/noti-america.com\/site\/mexico\/wp-json\/wp\/v2\/media?parent=7728"}],"wp:term":[{"taxonomy":"category","embeddable":true,"href":"https:\/\/noti-america.com\/site\/mexico\/wp-json\/wp\/v2\/categories?post=7728"},{"taxonomy":"post_tag","embeddable":true,"href":"https:\/\/noti-america.com\/site\/mexico\/wp-json\/wp\/v2\/tags?post=7728"}],"curies":[{"name":"wp","href":"https:\/\/api.w.org\/{rel}","templated":true}]}}