{"id":7699,"date":"2022-04-06T02:48:26","date_gmt":"2022-04-06T02:48:26","guid":{"rendered":"https:\/\/noti-america.com\/site\/mexico\/?p=7699"},"modified":"2022-04-06T02:49:00","modified_gmt":"2022-04-06T02:49:00","slug":"abogado-francisco-perez-rendiles-mis-poesias-se-convertiran-en-musica","status":"publish","type":"post","link":"https:\/\/noti-america.com\/site\/mexico\/2022\/04\/06\/abogado-francisco-perez-rendiles-mis-poesias-se-convertiran-en-musica\/","title":{"rendered":"Abogado Francisco P\u00e9rez Rendiles: \u201cMis poes\u00edas se convertir\u00e1n en m\u00fasica\u201d"},"content":{"rendered":"<div dir=\"auto\">El venezolano Francisco P\u00e9rez Rendiles bajo el seud\u00f3nimo <strong>\u201cEl abogado de las poes\u00edas\u201d<\/strong>, llev\u00f3 su agudeza y agilidad mental plasmadas desde hace una d\u00e9cada en poes\u00edas a piezas musicales, que alguna de ellas ser\u00e1n interpretadas por Cheman \u201cEl Sult\u00e1n\u201d.<\/div>\n<div dir=\"auto\"><\/div>\n<div dir=\"auto\"><\/div>\n<div dir=\"auto\">\u201cMi estrellita\u201d, es una de esas tantas poes\u00edas que se convertir\u00e1n en m\u00fasica. La misma contar\u00e1 con su respectivo videoclip que en las pr\u00f3ximas semanas llegar\u00e1 a trav\u00e9s de las pantallas de HTV, canal de televisi\u00f3n por suscripci\u00f3n latinoamericano que ofrece netamente programaci\u00f3n musical.<\/div>\n<div dir=\"auto\"><\/div>\n<div dir=\"auto\"><\/div>\n<div dir=\"auto\">\u201cConoc\u00ed a Cheman en una conversaci\u00f3n entre amigos y al proponerme la idea de adaptar mis poes\u00edas a letras musicales espec\u00edficamente al urbano, estudi\u00e9 el proyecto detenidamente debido a que este g\u00e9nero musical era algo desconocido para m\u00ed, me llev\u00f3 unos d\u00edas decidirme aceptar la propuesta y pensar todos los escenarios posibles al contemplar mis obras en este g\u00e9nero musical\u201d, coment\u00f3 el abogado P\u00e9rez Rendiles.<\/div>\n<div dir=\"auto\"><\/div>\n<div dir=\"auto\"><\/div>\n<div dir=\"auto\">\u201cMi estrellita\u201d se encuentra disponible en todas las plataformas digitales, mientras que los pr\u00f3ximos dos temas \u201cEl Bosque Encantado\u201d y \u201cEl Fiscal Honesto\u201d llegar\u00e1n a los o\u00eddos de los radioescuchas en los pr\u00f3ximos meses. \u201cEl objetivo es crear un disco apto para todo p\u00fablico con todas las poes\u00edas del abogado P\u00e9rez Rendiles\u201d, coment\u00f3 Cheman.<\/div>\n<div dir=\"auto\"><\/div>\n<div dir=\"auto\"><\/div>\n<div dir=\"auto\">A sus 84 a\u00f1os, la inspiraci\u00f3n de cada una de las poes\u00edas del abogado ahora convertidas en m\u00fasica se le atribuye a la madre naturaleza, al canto de los p\u00e1jaros al iniciar el d\u00eda, y al amor entre otros.<\/div>\n","protected":false},"excerpt":{"rendered":"<p>El venezolano Francisco P\u00e9rez Rendiles bajo el seud\u00f3nimo \u201cEl abogado de las poes\u00edas\u201d, llev\u00f3 su agudeza y agilidad mental plasmadas desde hace una d\u00e9cada en poes\u00edas a piezas musicales, que alguna de ellas ser\u00e1n&#46;&#46;&#46;<\/p>\n","protected":false},"author":127,"featured_media":7700,"comment_status":"open","ping_status":"open","sticky":false,"template":"","format":"image","meta":{"_acf_changed":false,"om_disable_all_campaigns":false,"rop_custom_images_group":[],"rop_custom_messages_group":[],"rop_publish_now":"initial","rop_publish_now_accounts":{"twitter_242054905_242054905":""},"rop_publish_now_history":[],"rop_publish_now_status":"pending","_uf_show_specific_survey":0,"_uf_disable_surveys":false,"footnotes":""},"categories":[727],"tags":[],"class_list":["post-7699","post","type-post","status-publish","format-image","has-post-thumbnail","hentry","category-escritores","post_format-post-format-image"],"acf":[],"aioseo_notices":[],"yoast_head":"<!-- This site is optimized with the Yoast SEO Premium plugin v24.9 (Yoast SEO v27.2) - https:\/\/yoast.com\/product\/yoast-seo-premium-wordpress\/ -->\n<title>Abogado Francisco P\u00e9rez Rendiles: \u201cMis poes\u00edas se convertir\u00e1n en m\u00fasica\u201d - M\u00e9xico<\/title>\n<meta name=\"robots\" content=\"index, follow, max-snippet:-1, max-image-preview:large, max-video-preview:-1\" \/>\n<link rel=\"canonical\" href=\"https:\/\/noti-america.com\/site\/mexico\/2022\/04\/06\/abogado-francisco-perez-rendiles-mis-poesias-se-convertiran-en-musica\/\" \/>\n<meta property=\"og:locale\" content=\"es_ES\" \/>\n<meta property=\"og:type\" content=\"article\" \/>\n<meta property=\"og:title\" content=\"Abogado Francisco P\u00e9rez Rendiles: \u201cMis poes\u00edas se convertir\u00e1n en m\u00fasica\u201d\" \/>\n<meta property=\"og:description\" content=\"El venezolano Francisco P\u00e9rez Rendiles bajo el seud\u00f3nimo \u201cEl abogado de las poes\u00edas\u201d, llev\u00f3 su agudeza y agilidad mental plasmadas desde hace una d\u00e9cada en poes\u00edas a piezas musicales, que alguna de ellas ser\u00e1n&#046;&#046;&#046;\" \/>\n<meta property=\"og:url\" content=\"https:\/\/noti-america.com\/site\/mexico\/2022\/04\/06\/abogado-francisco-perez-rendiles-mis-poesias-se-convertiran-en-musica\/\" \/>\n<meta property=\"og:site_name\" content=\"M\u00e9xico\" \/>\n<meta property=\"article:published_time\" content=\"2022-04-06T02:48:26+00:00\" \/>\n<meta property=\"article:modified_time\" content=\"2022-04-06T02:49:00+00:00\" \/>\n<meta property=\"og:image\" content=\"https:\/\/noti-america.com\/site\/mexico\/wp-content\/uploads\/sites\/13\/2022\/04\/thumbnail_IMG-20220331-WA0074.jpg\" \/>\n\t<meta property=\"og:image:width\" content=\"1280\" \/>\n\t<meta property=\"og:image:height\" content=\"1024\" \/>\n\t<meta property=\"og:image:type\" content=\"image\/jpeg\" \/>\n<meta name=\"author\" content=\"Yoelvzla\" \/>\n<meta name=\"twitter:card\" content=\"summary_large_image\" \/>\n<meta name=\"twitter:label1\" content=\"Escrito por\" \/>\n\t<meta name=\"twitter:data1\" content=\"Yoelvzla\" \/>\n\t<meta name=\"twitter:label2\" content=\"Tiempo estimado de lectura\" \/>\n\t<meta name=\"twitter:data2\" content=\"2 minutos\" \/>\n<script type=\"application\/ld+json\" class=\"yoast-schema-graph\">{\"@context\":\"https:\/\/schema.org\",\"@graph\":[{\"@type\":\"Article\",\"@id\":\"https:\/\/noti-america.com\/site\/mexico\/2022\/04\/06\/abogado-francisco-perez-rendiles-mis-poesias-se-convertiran-en-musica\/#article\",\"isPartOf\":{\"@id\":\"https:\/\/noti-america.com\/site\/mexico\/2022\/04\/06\/abogado-francisco-perez-rendiles-mis-poesias-se-convertiran-en-musica\/\"},\"author\":{\"name\":\"Yoelvzla\",\"@id\":\"https:\/\/noti-america.com\/site\/mexico\/#\/schema\/person\/376ccc7b3cc7a8d5a43c3ece07a43857\"},\"headline\":\"Abogado Francisco P\u00e9rez Rendiles: \u201cMis poes\u00edas se convertir\u00e1n en m\u00fasica\u201d\",\"datePublished\":\"2022-04-06T02:48:26+00:00\",\"dateModified\":\"2022-04-06T02:49:00+00:00\",\"mainEntityOfPage\":{\"@id\":\"https:\/\/noti-america.com\/site\/mexico\/2022\/04\/06\/abogado-francisco-perez-rendiles-mis-poesias-se-convertiran-en-musica\/\"},\"wordCount\":289,\"commentCount\":0,\"publisher\":{\"@id\":\"https:\/\/noti-america.com\/site\/mexico\/#organization\"},\"image\":{\"@id\":\"https:\/\/noti-america.com\/site\/mexico\/2022\/04\/06\/abogado-francisco-perez-rendiles-mis-poesias-se-convertiran-en-musica\/#primaryimage\"},\"thumbnailUrl\":\"https:\/\/noti-america.com\/site\/mexico\/wp-content\/uploads\/sites\/13\/2022\/04\/thumbnail_IMG-20220331-WA0074.jpg\",\"articleSection\":[\"Escritores\"],\"inLanguage\":\"es\",\"potentialAction\":[{\"@type\":\"CommentAction\",\"name\":\"Comment\",\"target\":[\"https:\/\/noti-america.com\/site\/mexico\/2022\/04\/06\/abogado-francisco-perez-rendiles-mis-poesias-se-convertiran-en-musica\/#respond\"]}]},{\"@type\":\"WebPage\",\"@id\":\"https:\/\/noti-america.com\/site\/mexico\/2022\/04\/06\/abogado-francisco-perez-rendiles-mis-poesias-se-convertiran-en-musica\/\",\"url\":\"https:\/\/noti-america.com\/site\/mexico\/2022\/04\/06\/abogado-francisco-perez-rendiles-mis-poesias-se-convertiran-en-musica\/\",\"name\":\"Abogado Francisco P\u00e9rez Rendiles: \u201cMis poes\u00edas se convertir\u00e1n en m\u00fasica\u201d - M\u00e9xico\",\"isPartOf\":{\"@id\":\"https:\/\/noti-america.com\/site\/mexico\/#website\"},\"primaryImageOfPage\":{\"@id\":\"https:\/\/noti-america.com\/site\/mexico\/2022\/04\/06\/abogado-francisco-perez-rendiles-mis-poesias-se-convertiran-en-musica\/#primaryimage\"},\"image\":{\"@id\":\"https:\/\/noti-america.com\/site\/mexico\/2022\/04\/06\/abogado-francisco-perez-rendiles-mis-poesias-se-convertiran-en-musica\/#primaryimage\"},\"thumbnailUrl\":\"https:\/\/noti-america.com\/site\/mexico\/wp-content\/uploads\/sites\/13\/2022\/04\/thumbnail_IMG-20220331-WA0074.jpg\",\"datePublished\":\"2022-04-06T02:48:26+00:00\",\"dateModified\":\"2022-04-06T02:49:00+00:00\",\"breadcrumb\":{\"@id\":\"https:\/\/noti-america.com\/site\/mexico\/2022\/04\/06\/abogado-francisco-perez-rendiles-mis-poesias-se-convertiran-en-musica\/#breadcrumb\"},\"inLanguage\":\"es\",\"potentialAction\":[{\"@type\":\"ReadAction\",\"target\":[\"https:\/\/noti-america.com\/site\/mexico\/2022\/04\/06\/abogado-francisco-perez-rendiles-mis-poesias-se-convertiran-en-musica\/\"]}]},{\"@type\":\"ImageObject\",\"inLanguage\":\"es\",\"@id\":\"https:\/\/noti-america.com\/site\/mexico\/2022\/04\/06\/abogado-francisco-perez-rendiles-mis-poesias-se-convertiran-en-musica\/#primaryimage\",\"url\":\"https:\/\/noti-america.com\/site\/mexico\/wp-content\/uploads\/sites\/13\/2022\/04\/thumbnail_IMG-20220331-WA0074.jpg\",\"contentUrl\":\"https:\/\/noti-america.com\/site\/mexico\/wp-content\/uploads\/sites\/13\/2022\/04\/thumbnail_IMG-20220331-WA0074.jpg\",\"width\":1280,\"height\":1024},{\"@type\":\"BreadcrumbList\",\"@id\":\"https:\/\/noti-america.com\/site\/mexico\/2022\/04\/06\/abogado-francisco-perez-rendiles-mis-poesias-se-convertiran-en-musica\/#breadcrumb\",\"itemListElement\":[{\"@type\":\"ListItem\",\"position\":1,\"name\":\"Portada\",\"item\":\"https:\/\/noti-america.com\/site\/mexico\/\"},{\"@type\":\"ListItem\",\"position\":2,\"name\":\"Abogado Francisco P\u00e9rez Rendiles: \u201cMis poes\u00edas se convertir\u00e1n en m\u00fasica\u201d\"}]},{\"@type\":\"WebSite\",\"@id\":\"https:\/\/noti-america.com\/site\/mexico\/#website\",\"url\":\"https:\/\/noti-america.com\/site\/mexico\/\",\"name\":\"M\u00e9xico | Noti-America.com\",\"description\":\"\",\"publisher\":{\"@id\":\"https:\/\/noti-america.com\/site\/mexico\/#organization\"},\"potentialAction\":[{\"@type\":\"SearchAction\",\"target\":{\"@type\":\"EntryPoint\",\"urlTemplate\":\"https:\/\/noti-america.com\/site\/mexico\/?s={search_term_string}\"},\"query-input\":{\"@type\":\"PropertyValueSpecification\",\"valueRequired\":true,\"valueName\":\"search_term_string\"}}],\"inLanguage\":\"es\"},{\"@type\":\"Organization\",\"@id\":\"https:\/\/noti-america.com\/site\/mexico\/#organization\",\"name\":\"Noti-America LLC | M\u00e9xico\",\"url\":\"https:\/\/noti-america.com\/site\/mexico\/\",\"logo\":{\"@type\":\"ImageObject\",\"inLanguage\":\"es\",\"@id\":\"https:\/\/noti-america.com\/site\/mexico\/#\/schema\/logo\/image\/\",\"url\":\"https:\/\/noti-america.com\/site\/mexico\/wp-content\/uploads\/sites\/13\/2020\/07\/LogoNA-4x3-1.jpg\",\"contentUrl\":\"https:\/\/noti-america.com\/site\/mexico\/wp-content\/uploads\/sites\/13\/2020\/07\/LogoNA-4x3-1.jpg\",\"width\":1236,\"height\":1080,\"caption\":\"Noti-America LLC | M\u00e9xico\"},\"image\":{\"@id\":\"https:\/\/noti-america.com\/site\/mexico\/#\/schema\/logo\/image\/\"}},{\"@type\":\"Person\",\"@id\":\"https:\/\/noti-america.com\/site\/mexico\/#\/schema\/person\/376ccc7b3cc7a8d5a43c3ece07a43857\",\"name\":\"Yoelvzla\",\"image\":{\"@type\":\"ImageObject\",\"inLanguage\":\"es\",\"@id\":\"https:\/\/secure.gravatar.com\/avatar\/13a96a72123e0e9aa76fe82e8847f726c63a1c5ef6a8d0fadd844c1a5a83b212?s=96&d=mm&r=g\",\"url\":\"https:\/\/secure.gravatar.com\/avatar\/13a96a72123e0e9aa76fe82e8847f726c63a1c5ef6a8d0fadd844c1a5a83b212?s=96&d=mm&r=g\",\"contentUrl\":\"https:\/\/secure.gravatar.com\/avatar\/13a96a72123e0e9aa76fe82e8847f726c63a1c5ef6a8d0fadd844c1a5a83b212?s=96&d=mm&r=g\",\"caption\":\"Yoelvzla\"},\"url\":\"https:\/\/noti-america.com\/site\/mexico\/author\/ydiaz\/\"}]}<\/script>\n<!-- \/ Yoast SEO Premium plugin. -->","yoast_head_json":{"title":"Abogado Francisco P\u00e9rez Rendiles: \u201cMis poes\u00edas se convertir\u00e1n en m\u00fasica\u201d - M\u00e9xico","robots":{"index":"index","follow":"follow","max-snippet":"max-snippet:-1","max-image-preview":"max-image-preview:large","max-video-preview":"max-video-preview:-1"},"canonical":"https:\/\/noti-america.com\/site\/mexico\/2022\/04\/06\/abogado-francisco-perez-rendiles-mis-poesias-se-convertiran-en-musica\/","og_locale":"es_ES","og_type":"article","og_title":"Abogado Francisco P\u00e9rez Rendiles: \u201cMis poes\u00edas se convertir\u00e1n en m\u00fasica\u201d","og_description":"El venezolano Francisco P\u00e9rez Rendiles bajo el seud\u00f3nimo \u201cEl abogado de las poes\u00edas\u201d, llev\u00f3 su agudeza y agilidad mental plasmadas desde hace una d\u00e9cada en poes\u00edas a piezas musicales, que alguna de ellas ser\u00e1n&#46;&#46;&#46;","og_url":"https:\/\/noti-america.com\/site\/mexico\/2022\/04\/06\/abogado-francisco-perez-rendiles-mis-poesias-se-convertiran-en-musica\/","og_site_name":"M\u00e9xico","article_published_time":"2022-04-06T02:48:26+00:00","article_modified_time":"2022-04-06T02:49:00+00:00","og_image":[{"width":1280,"height":1024,"url":"https:\/\/noti-america.com\/site\/mexico\/wp-content\/uploads\/sites\/13\/2022\/04\/thumbnail_IMG-20220331-WA0074.jpg","type":"image\/jpeg"}],"author":"Yoelvzla","twitter_card":"summary_large_image","twitter_misc":{"Escrito por":"Yoelvzla","Tiempo estimado de lectura":"2 minutos"},"schema":{"@context":"https:\/\/schema.org","@graph":[{"@type":"Article","@id":"https:\/\/noti-america.com\/site\/mexico\/2022\/04\/06\/abogado-francisco-perez-rendiles-mis-poesias-se-convertiran-en-musica\/#article","isPartOf":{"@id":"https:\/\/noti-america.com\/site\/mexico\/2022\/04\/06\/abogado-francisco-perez-rendiles-mis-poesias-se-convertiran-en-musica\/"},"author":{"name":"Yoelvzla","@id":"https:\/\/noti-america.com\/site\/mexico\/#\/schema\/person\/376ccc7b3cc7a8d5a43c3ece07a43857"},"headline":"Abogado Francisco P\u00e9rez Rendiles: \u201cMis poes\u00edas se convertir\u00e1n en m\u00fasica\u201d","datePublished":"2022-04-06T02:48:26+00:00","dateModified":"2022-04-06T02:49:00+00:00","mainEntityOfPage":{"@id":"https:\/\/noti-america.com\/site\/mexico\/2022\/04\/06\/abogado-francisco-perez-rendiles-mis-poesias-se-convertiran-en-musica\/"},"wordCount":289,"commentCount":0,"publisher":{"@id":"https:\/\/noti-america.com\/site\/mexico\/#organization"},"image":{"@id":"https:\/\/noti-america.com\/site\/mexico\/2022\/04\/06\/abogado-francisco-perez-rendiles-mis-poesias-se-convertiran-en-musica\/#primaryimage"},"thumbnailUrl":"https:\/\/noti-america.com\/site\/mexico\/wp-content\/uploads\/sites\/13\/2022\/04\/thumbnail_IMG-20220331-WA0074.jpg","articleSection":["Escritores"],"inLanguage":"es","potentialAction":[{"@type":"CommentAction","name":"Comment","target":["https:\/\/noti-america.com\/site\/mexico\/2022\/04\/06\/abogado-francisco-perez-rendiles-mis-poesias-se-convertiran-en-musica\/#respond"]}]},{"@type":"WebPage","@id":"https:\/\/noti-america.com\/site\/mexico\/2022\/04\/06\/abogado-francisco-perez-rendiles-mis-poesias-se-convertiran-en-musica\/","url":"https:\/\/noti-america.com\/site\/mexico\/2022\/04\/06\/abogado-francisco-perez-rendiles-mis-poesias-se-convertiran-en-musica\/","name":"Abogado Francisco P\u00e9rez Rendiles: \u201cMis poes\u00edas se convertir\u00e1n en m\u00fasica\u201d - M\u00e9xico","isPartOf":{"@id":"https:\/\/noti-america.com\/site\/mexico\/#website"},"primaryImageOfPage":{"@id":"https:\/\/noti-america.com\/site\/mexico\/2022\/04\/06\/abogado-francisco-perez-rendiles-mis-poesias-se-convertiran-en-musica\/#primaryimage"},"image":{"@id":"https:\/\/noti-america.com\/site\/mexico\/2022\/04\/06\/abogado-francisco-perez-rendiles-mis-poesias-se-convertiran-en-musica\/#primaryimage"},"thumbnailUrl":"https:\/\/noti-america.com\/site\/mexico\/wp-content\/uploads\/sites\/13\/2022\/04\/thumbnail_IMG-20220331-WA0074.jpg","datePublished":"2022-04-06T02:48:26+00:00","dateModified":"2022-04-06T02:49:00+00:00","breadcrumb":{"@id":"https:\/\/noti-america.com\/site\/mexico\/2022\/04\/06\/abogado-francisco-perez-rendiles-mis-poesias-se-convertiran-en-musica\/#breadcrumb"},"inLanguage":"es","potentialAction":[{"@type":"ReadAction","target":["https:\/\/noti-america.com\/site\/mexico\/2022\/04\/06\/abogado-francisco-perez-rendiles-mis-poesias-se-convertiran-en-musica\/"]}]},{"@type":"ImageObject","inLanguage":"es","@id":"https:\/\/noti-america.com\/site\/mexico\/2022\/04\/06\/abogado-francisco-perez-rendiles-mis-poesias-se-convertiran-en-musica\/#primaryimage","url":"https:\/\/noti-america.com\/site\/mexico\/wp-content\/uploads\/sites\/13\/2022\/04\/thumbnail_IMG-20220331-WA0074.jpg","contentUrl":"https:\/\/noti-america.com\/site\/mexico\/wp-content\/uploads\/sites\/13\/2022\/04\/thumbnail_IMG-20220331-WA0074.jpg","width":1280,"height":1024},{"@type":"BreadcrumbList","@id":"https:\/\/noti-america.com\/site\/mexico\/2022\/04\/06\/abogado-francisco-perez-rendiles-mis-poesias-se-convertiran-en-musica\/#breadcrumb","itemListElement":[{"@type":"ListItem","position":1,"name":"Portada","item":"https:\/\/noti-america.com\/site\/mexico\/"},{"@type":"ListItem","position":2,"name":"Abogado Francisco P\u00e9rez Rendiles: \u201cMis poes\u00edas se convertir\u00e1n en m\u00fasica\u201d"}]},{"@type":"WebSite","@id":"https:\/\/noti-america.com\/site\/mexico\/#website","url":"https:\/\/noti-america.com\/site\/mexico\/","name":"M\u00e9xico | Noti-America.com","description":"","publisher":{"@id":"https:\/\/noti-america.com\/site\/mexico\/#organization"},"potentialAction":[{"@type":"SearchAction","target":{"@type":"EntryPoint","urlTemplate":"https:\/\/noti-america.com\/site\/mexico\/?s={search_term_string}"},"query-input":{"@type":"PropertyValueSpecification","valueRequired":true,"valueName":"search_term_string"}}],"inLanguage":"es"},{"@type":"Organization","@id":"https:\/\/noti-america.com\/site\/mexico\/#organization","name":"Noti-America LLC | M\u00e9xico","url":"https:\/\/noti-america.com\/site\/mexico\/","logo":{"@type":"ImageObject","inLanguage":"es","@id":"https:\/\/noti-america.com\/site\/mexico\/#\/schema\/logo\/image\/","url":"https:\/\/noti-america.com\/site\/mexico\/wp-content\/uploads\/sites\/13\/2020\/07\/LogoNA-4x3-1.jpg","contentUrl":"https:\/\/noti-america.com\/site\/mexico\/wp-content\/uploads\/sites\/13\/2020\/07\/LogoNA-4x3-1.jpg","width":1236,"height":1080,"caption":"Noti-America LLC | M\u00e9xico"},"image":{"@id":"https:\/\/noti-america.com\/site\/mexico\/#\/schema\/logo\/image\/"}},{"@type":"Person","@id":"https:\/\/noti-america.com\/site\/mexico\/#\/schema\/person\/376ccc7b3cc7a8d5a43c3ece07a43857","name":"Yoelvzla","image":{"@type":"ImageObject","inLanguage":"es","@id":"https:\/\/secure.gravatar.com\/avatar\/13a96a72123e0e9aa76fe82e8847f726c63a1c5ef6a8d0fadd844c1a5a83b212?s=96&d=mm&r=g","url":"https:\/\/secure.gravatar.com\/avatar\/13a96a72123e0e9aa76fe82e8847f726c63a1c5ef6a8d0fadd844c1a5a83b212?s=96&d=mm&r=g","contentUrl":"https:\/\/secure.gravatar.com\/avatar\/13a96a72123e0e9aa76fe82e8847f726c63a1c5ef6a8d0fadd844c1a5a83b212?s=96&d=mm&r=g","caption":"Yoelvzla"},"url":"https:\/\/noti-america.com\/site\/mexico\/author\/ydiaz\/"}]}},"_links":{"self":[{"href":"https:\/\/noti-america.com\/site\/mexico\/wp-json\/wp\/v2\/posts\/7699","targetHints":{"allow":["GET"]}}],"collection":[{"href":"https:\/\/noti-america.com\/site\/mexico\/wp-json\/wp\/v2\/posts"}],"about":[{"href":"https:\/\/noti-america.com\/site\/mexico\/wp-json\/wp\/v2\/types\/post"}],"author":[{"embeddable":true,"href":"https:\/\/noti-america.com\/site\/mexico\/wp-json\/wp\/v2\/users\/127"}],"replies":[{"embeddable":true,"href":"https:\/\/noti-america.com\/site\/mexico\/wp-json\/wp\/v2\/comments?post=7699"}],"version-history":[{"count":2,"href":"https:\/\/noti-america.com\/site\/mexico\/wp-json\/wp\/v2\/posts\/7699\/revisions"}],"predecessor-version":[{"id":7702,"href":"https:\/\/noti-america.com\/site\/mexico\/wp-json\/wp\/v2\/posts\/7699\/revisions\/7702"}],"wp:featuredmedia":[{"embeddable":true,"href":"https:\/\/noti-america.com\/site\/mexico\/wp-json\/wp\/v2\/media\/7700"}],"wp:attachment":[{"href":"https:\/\/noti-america.com\/site\/mexico\/wp-json\/wp\/v2\/media?parent=7699"}],"wp:term":[{"taxonomy":"category","embeddable":true,"href":"https:\/\/noti-america.com\/site\/mexico\/wp-json\/wp\/v2\/categories?post=7699"},{"taxonomy":"post_tag","embeddable":true,"href":"https:\/\/noti-america.com\/site\/mexico\/wp-json\/wp\/v2\/tags?post=7699"}],"curies":[{"name":"wp","href":"https:\/\/api.w.org\/{rel}","templated":true}]}}