{"id":7676,"date":"2022-04-01T14:02:44","date_gmt":"2022-04-01T14:02:44","guid":{"rendered":"https:\/\/noti-america.com\/site\/mexico\/?p=7676"},"modified":"2022-04-01T14:02:44","modified_gmt":"2022-04-01T14:02:44","slug":"briefing-mayora-vuelve-a-venezuela-con-un-gran-repertorio-musical","status":"publish","type":"post","link":"https:\/\/noti-america.com\/site\/mexico\/2022\/04\/01\/briefing-mayora-vuelve-a-venezuela-con-un-gran-repertorio-musical\/","title":{"rendered":"\u201cBriefing\u201d Mayora vuelve a Venezuela con un gran repertorio musical"},"content":{"rendered":"<div dir=\"auto\"><strong>Frederlyn Alejandro Mayora Mart\u00ednez<\/strong>, naci\u00f3 el 27 de julio de 1982, en la parroquia Sucre, al oeste de <strong>Caracas, Venezuela<\/strong>.<\/div>\n<div dir=\"auto\">Es m\u00fasico, cantante y percusionista. A los nueve a\u00f1os de edad comenz\u00f3 sus estudios musicales, especialmente en la percusi\u00f3n; perteneci\u00f3 a la estudiantina H\u00e9ctor Pacheco y estuvo varios a\u00f1os en la Fundaci\u00f3n Bigott, donde recibi\u00f3 clases magistrales con el profesor Rodolfo Gonz\u00e1lez.<\/div>\n<div dir=\"auto\">Al cumplir 15 a\u00f1os de edad Mayora decide enfocar su carrera musical como cantante y es cuando el productor Humberto Gonz\u00e1lez, actualmente director de la Orquesta Salsayer, lo lleva a cantar en varias agrupaciones salseras de Venezuela, entre ellas, \u201cHerencia\u201d, \u201cNeo Latino\u201d y \u201cEl Combo Antillano\u201d, entre otras.<\/div>\n<div dir=\"auto\"><\/div>\n<div dir=\"auto\">En el a\u00f1o 2003 se residencia en Espa\u00f1a, espec\u00edficamente en Galicia. All\u00ed pasa a formar parte de las orquestas <strong>\u201cPanam\u00e1\u201d, \u201cFiladelfia\u201d y \u201cOrquesta TV\u201d<\/strong>, entre otras. Sus compromisos art\u00edsticos llegaron hasta la hermosa ciudad de Santander, ubicada al Norte de Espa\u00f1a, donde interpret\u00f3 baladas, salsa y merengue.<\/div>\n<div dir=\"auto\"><\/div>\n<div dir=\"auto\">Mayora ha sido un permanente invitado en la televisi\u00f3n espa\u00f1ola, especialmente en TVE1. En el programa \u201cUno de los nuestros\u201d, se \u00a0llev\u00f3 a cabo un casting donde participaron <strong>12.000 personas<\/strong> y \u00e9l result\u00f3 elegido entre los primeros 40 de la primera fase, luego qued\u00f3 entre los 15 siguientes y finalmente result\u00f3 ser el s\u00e9ptimo finalista.<\/div>\n<div dir=\"auto\"><\/div>\n<div dir=\"auto\">Adem\u00e1s de las orquestas antes mencionadas, Frederlyn ha sido voz l\u00edder en agrupaciones como \u201cEkilibrio\u201d, \u201cLa Junior\u201d, \u201cMandinga Star Band\u201d, \u201cPuma Band\u201d, \u201cPatat\u00edn Orquesta\u201d y la \u201cM\u00e1quina de la Salsa\u201d.<\/div>\n<div dir=\"auto\">Regreso a Venezuela.<\/div>\n<div dir=\"auto\"><\/div>\n<div dir=\"auto\">Frederlyn Mayora llega a Venezuela este 31 de marzo de 2022, luego de varios a\u00f1os de estad\u00eda en Europa, con el objeto de presentar al p\u00fablico caraque\u00f1o, un repertorio de salsa rom\u00e1ntica bailable.<\/div>\n<div dir=\"auto\"><\/div>\n<div dir=\"auto\">Su repertorio trae una canci\u00f3n, entre otras, denominada \u201cviernes rom\u00e1ntico\u201d, melod\u00eda que relata con mucho swing, lo que por lo general hacen los venezolanos al terminar la jornada semanal de trabajo: llamar a los amigos, pasar buscando a la novia y rumbear al ritmo de mucha Salsa.<\/div>\n<div dir=\"auto\">\u201cQuiero que todos conozcan lo que estoy haciendo\u201d, dijo el cantante quien estar\u00e1 acompa\u00f1ado de la Orquesta \u201cLos KBC\u201d.<\/div>\n<div dir=\"auto\">Itinerario en Venezuela<\/div>\n<div dir=\"auto\"><\/div>\n<div dir=\"auto\">\u2022 Viernes 1 de abril: AFTHER PARTY del Concierto de los hermanos Servando y Florentino Primera. Presentaci\u00f3n en el Sal\u00f3n Cit\u00e9, en la Terraza del CCCT, Hora: 11:30 pm.<\/div>\n<div dir=\"auto\"><\/div>\n<div dir=\"auto\">\u2022 S\u00e1bado 2 de abril: Presentaci\u00f3n en el Sal\u00f3n Cit\u00e9, en la Terraza del CCCT. Hora: 10:00 pm.<\/div>\n<div dir=\"auto\"><\/div>\n<div dir=\"auto\">\u2022 Viernes 8 de abril: Encuentro con la prensa. Lugar: Casa del Artista, Sal\u00f3n Doris Wells. Hora: 4:00 pm. Ademas de esta rueda de prensa el artista estar\u00e1, como invitado, en varios programas de la televisi\u00f3n venezolana.<\/div>\n<div dir=\"auto\"><\/div>\n<div dir=\"auto\">\u2022 Viernes 22 de abril: Concierto en la Casa del Artista. Sala Juana Sujo. Grabaci\u00f3n de video y DVD. Hora: 7:00 pm. Direcci\u00f3n: Boulevard Amador Benday\u00e1n, Edf. Fundaci\u00f3n Casa del Artista. Quebrada Honda. Parroquia El Recreo. Municipio Libertador. Caracas.<\/div>\n","protected":false},"excerpt":{"rendered":"<p>Frederlyn Alejandro Mayora Mart\u00ednez, naci\u00f3 el 27 de julio de 1982, en la parroquia Sucre, al oeste de Caracas, Venezuela. Es m\u00fasico, cantante y percusionista. A los nueve a\u00f1os de edad comenz\u00f3 sus estudios&#46;&#46;&#46;<\/p>\n","protected":false},"author":127,"featured_media":7677,"comment_status":"open","ping_status":"open","sticky":false,"template":"","format":"image","meta":{"_acf_changed":false,"om_disable_all_campaigns":false,"rop_custom_images_group":[],"rop_custom_messages_group":[],"rop_publish_now":"initial","rop_publish_now_accounts":{"twitter_242054905_242054905":""},"rop_publish_now_history":[],"rop_publish_now_status":"pending","_uf_show_specific_survey":0,"_uf_disable_surveys":false,"footnotes":""},"categories":[56],"tags":[],"class_list":["post-7676","post","type-post","status-publish","format-image","has-post-thumbnail","hentry","category-farandula","post_format-post-format-image"],"acf":[],"aioseo_notices":[],"yoast_head":"<!-- This site is optimized with the Yoast SEO Premium plugin v24.9 (Yoast SEO v27.2) - https:\/\/yoast.com\/product\/yoast-seo-premium-wordpress\/ -->\n<title>\u201cBriefing\u201d Mayora vuelve a Venezuela con un gran repertorio musical - M\u00e9xico<\/title>\n<meta name=\"robots\" content=\"index, follow, max-snippet:-1, max-image-preview:large, max-video-preview:-1\" \/>\n<link rel=\"canonical\" href=\"https:\/\/noti-america.com\/site\/mexico\/2022\/04\/01\/briefing-mayora-vuelve-a-venezuela-con-un-gran-repertorio-musical\/\" \/>\n<meta property=\"og:locale\" content=\"es_ES\" \/>\n<meta property=\"og:type\" content=\"article\" \/>\n<meta property=\"og:title\" content=\"\u201cBriefing\u201d Mayora vuelve a Venezuela con un gran repertorio musical\" \/>\n<meta property=\"og:description\" content=\"Frederlyn Alejandro Mayora Mart\u00ednez, naci\u00f3 el 27 de julio de 1982, en la parroquia Sucre, al oeste de Caracas, Venezuela. Es m\u00fasico, cantante y percusionista. A los nueve a\u00f1os de edad comenz\u00f3 sus estudios&#046;&#046;&#046;\" \/>\n<meta property=\"og:url\" content=\"https:\/\/noti-america.com\/site\/mexico\/2022\/04\/01\/briefing-mayora-vuelve-a-venezuela-con-un-gran-repertorio-musical\/\" \/>\n<meta property=\"og:site_name\" content=\"M\u00e9xico\" \/>\n<meta property=\"article:published_time\" content=\"2022-04-01T14:02:44+00:00\" \/>\n<meta property=\"og:image\" content=\"https:\/\/noti-america.com\/site\/mexico\/wp-content\/uploads\/sites\/13\/2022\/04\/IMG_4032.jpg\" \/>\n\t<meta property=\"og:image:width\" content=\"1125\" \/>\n\t<meta property=\"og:image:height\" content=\"1253\" \/>\n\t<meta property=\"og:image:type\" content=\"image\/jpeg\" \/>\n<meta name=\"author\" content=\"Yoelvzla\" \/>\n<meta name=\"twitter:card\" content=\"summary_large_image\" \/>\n<meta name=\"twitter:label1\" content=\"Escrito por\" \/>\n\t<meta name=\"twitter:data1\" content=\"Yoelvzla\" \/>\n\t<meta name=\"twitter:label2\" content=\"Tiempo estimado de lectura\" \/>\n\t<meta name=\"twitter:data2\" content=\"3 minutos\" \/>\n<script type=\"application\/ld+json\" class=\"yoast-schema-graph\">{\"@context\":\"https:\/\/schema.org\",\"@graph\":[{\"@type\":\"Article\",\"@id\":\"https:\/\/noti-america.com\/site\/mexico\/2022\/04\/01\/briefing-mayora-vuelve-a-venezuela-con-un-gran-repertorio-musical\/#article\",\"isPartOf\":{\"@id\":\"https:\/\/noti-america.com\/site\/mexico\/2022\/04\/01\/briefing-mayora-vuelve-a-venezuela-con-un-gran-repertorio-musical\/\"},\"author\":{\"name\":\"Yoelvzla\",\"@id\":\"https:\/\/noti-america.com\/site\/mexico\/#\/schema\/person\/376ccc7b3cc7a8d5a43c3ece07a43857\"},\"headline\":\"\u201cBriefing\u201d Mayora vuelve a Venezuela con un gran repertorio musical\",\"datePublished\":\"2022-04-01T14:02:44+00:00\",\"mainEntityOfPage\":{\"@id\":\"https:\/\/noti-america.com\/site\/mexico\/2022\/04\/01\/briefing-mayora-vuelve-a-venezuela-con-un-gran-repertorio-musical\/\"},\"wordCount\":501,\"commentCount\":0,\"publisher\":{\"@id\":\"https:\/\/noti-america.com\/site\/mexico\/#organization\"},\"image\":{\"@id\":\"https:\/\/noti-america.com\/site\/mexico\/2022\/04\/01\/briefing-mayora-vuelve-a-venezuela-con-un-gran-repertorio-musical\/#primaryimage\"},\"thumbnailUrl\":\"https:\/\/noti-america.com\/site\/mexico\/wp-content\/uploads\/sites\/13\/2022\/04\/IMG_4032.jpg\",\"articleSection\":[\"Far\u00e1ndula\"],\"inLanguage\":\"es\",\"potentialAction\":[{\"@type\":\"CommentAction\",\"name\":\"Comment\",\"target\":[\"https:\/\/noti-america.com\/site\/mexico\/2022\/04\/01\/briefing-mayora-vuelve-a-venezuela-con-un-gran-repertorio-musical\/#respond\"]}]},{\"@type\":\"WebPage\",\"@id\":\"https:\/\/noti-america.com\/site\/mexico\/2022\/04\/01\/briefing-mayora-vuelve-a-venezuela-con-un-gran-repertorio-musical\/\",\"url\":\"https:\/\/noti-america.com\/site\/mexico\/2022\/04\/01\/briefing-mayora-vuelve-a-venezuela-con-un-gran-repertorio-musical\/\",\"name\":\"\u201cBriefing\u201d Mayora vuelve a Venezuela con un gran repertorio musical - M\u00e9xico\",\"isPartOf\":{\"@id\":\"https:\/\/noti-america.com\/site\/mexico\/#website\"},\"primaryImageOfPage\":{\"@id\":\"https:\/\/noti-america.com\/site\/mexico\/2022\/04\/01\/briefing-mayora-vuelve-a-venezuela-con-un-gran-repertorio-musical\/#primaryimage\"},\"image\":{\"@id\":\"https:\/\/noti-america.com\/site\/mexico\/2022\/04\/01\/briefing-mayora-vuelve-a-venezuela-con-un-gran-repertorio-musical\/#primaryimage\"},\"thumbnailUrl\":\"https:\/\/noti-america.com\/site\/mexico\/wp-content\/uploads\/sites\/13\/2022\/04\/IMG_4032.jpg\",\"datePublished\":\"2022-04-01T14:02:44+00:00\",\"breadcrumb\":{\"@id\":\"https:\/\/noti-america.com\/site\/mexico\/2022\/04\/01\/briefing-mayora-vuelve-a-venezuela-con-un-gran-repertorio-musical\/#breadcrumb\"},\"inLanguage\":\"es\",\"potentialAction\":[{\"@type\":\"ReadAction\",\"target\":[\"https:\/\/noti-america.com\/site\/mexico\/2022\/04\/01\/briefing-mayora-vuelve-a-venezuela-con-un-gran-repertorio-musical\/\"]}]},{\"@type\":\"ImageObject\",\"inLanguage\":\"es\",\"@id\":\"https:\/\/noti-america.com\/site\/mexico\/2022\/04\/01\/briefing-mayora-vuelve-a-venezuela-con-un-gran-repertorio-musical\/#primaryimage\",\"url\":\"https:\/\/noti-america.com\/site\/mexico\/wp-content\/uploads\/sites\/13\/2022\/04\/IMG_4032.jpg\",\"contentUrl\":\"https:\/\/noti-america.com\/site\/mexico\/wp-content\/uploads\/sites\/13\/2022\/04\/IMG_4032.jpg\",\"width\":1125,\"height\":1253},{\"@type\":\"BreadcrumbList\",\"@id\":\"https:\/\/noti-america.com\/site\/mexico\/2022\/04\/01\/briefing-mayora-vuelve-a-venezuela-con-un-gran-repertorio-musical\/#breadcrumb\",\"itemListElement\":[{\"@type\":\"ListItem\",\"position\":1,\"name\":\"Portada\",\"item\":\"https:\/\/noti-america.com\/site\/mexico\/\"},{\"@type\":\"ListItem\",\"position\":2,\"name\":\"\u201cBriefing\u201d Mayora vuelve a Venezuela con un gran repertorio musical\"}]},{\"@type\":\"WebSite\",\"@id\":\"https:\/\/noti-america.com\/site\/mexico\/#website\",\"url\":\"https:\/\/noti-america.com\/site\/mexico\/\",\"name\":\"M\u00e9xico | Noti-America.com\",\"description\":\"\",\"publisher\":{\"@id\":\"https:\/\/noti-america.com\/site\/mexico\/#organization\"},\"potentialAction\":[{\"@type\":\"SearchAction\",\"target\":{\"@type\":\"EntryPoint\",\"urlTemplate\":\"https:\/\/noti-america.com\/site\/mexico\/?s={search_term_string}\"},\"query-input\":{\"@type\":\"PropertyValueSpecification\",\"valueRequired\":true,\"valueName\":\"search_term_string\"}}],\"inLanguage\":\"es\"},{\"@type\":\"Organization\",\"@id\":\"https:\/\/noti-america.com\/site\/mexico\/#organization\",\"name\":\"Noti-America LLC | M\u00e9xico\",\"url\":\"https:\/\/noti-america.com\/site\/mexico\/\",\"logo\":{\"@type\":\"ImageObject\",\"inLanguage\":\"es\",\"@id\":\"https:\/\/noti-america.com\/site\/mexico\/#\/schema\/logo\/image\/\",\"url\":\"https:\/\/noti-america.com\/site\/mexico\/wp-content\/uploads\/sites\/13\/2020\/07\/LogoNA-4x3-1.jpg\",\"contentUrl\":\"https:\/\/noti-america.com\/site\/mexico\/wp-content\/uploads\/sites\/13\/2020\/07\/LogoNA-4x3-1.jpg\",\"width\":1236,\"height\":1080,\"caption\":\"Noti-America LLC | M\u00e9xico\"},\"image\":{\"@id\":\"https:\/\/noti-america.com\/site\/mexico\/#\/schema\/logo\/image\/\"}},{\"@type\":\"Person\",\"@id\":\"https:\/\/noti-america.com\/site\/mexico\/#\/schema\/person\/376ccc7b3cc7a8d5a43c3ece07a43857\",\"name\":\"Yoelvzla\",\"image\":{\"@type\":\"ImageObject\",\"inLanguage\":\"es\",\"@id\":\"https:\/\/secure.gravatar.com\/avatar\/13a96a72123e0e9aa76fe82e8847f726c63a1c5ef6a8d0fadd844c1a5a83b212?s=96&d=mm&r=g\",\"url\":\"https:\/\/secure.gravatar.com\/avatar\/13a96a72123e0e9aa76fe82e8847f726c63a1c5ef6a8d0fadd844c1a5a83b212?s=96&d=mm&r=g\",\"contentUrl\":\"https:\/\/secure.gravatar.com\/avatar\/13a96a72123e0e9aa76fe82e8847f726c63a1c5ef6a8d0fadd844c1a5a83b212?s=96&d=mm&r=g\",\"caption\":\"Yoelvzla\"},\"url\":\"https:\/\/noti-america.com\/site\/mexico\/author\/ydiaz\/\"}]}<\/script>\n<!-- \/ Yoast SEO Premium plugin. -->","yoast_head_json":{"title":"\u201cBriefing\u201d Mayora vuelve a Venezuela con un gran repertorio musical - M\u00e9xico","robots":{"index":"index","follow":"follow","max-snippet":"max-snippet:-1","max-image-preview":"max-image-preview:large","max-video-preview":"max-video-preview:-1"},"canonical":"https:\/\/noti-america.com\/site\/mexico\/2022\/04\/01\/briefing-mayora-vuelve-a-venezuela-con-un-gran-repertorio-musical\/","og_locale":"es_ES","og_type":"article","og_title":"\u201cBriefing\u201d Mayora vuelve a Venezuela con un gran repertorio musical","og_description":"Frederlyn Alejandro Mayora Mart\u00ednez, naci\u00f3 el 27 de julio de 1982, en la parroquia Sucre, al oeste de Caracas, Venezuela. Es m\u00fasico, cantante y percusionista. A los nueve a\u00f1os de edad comenz\u00f3 sus estudios&#46;&#46;&#46;","og_url":"https:\/\/noti-america.com\/site\/mexico\/2022\/04\/01\/briefing-mayora-vuelve-a-venezuela-con-un-gran-repertorio-musical\/","og_site_name":"M\u00e9xico","article_published_time":"2022-04-01T14:02:44+00:00","og_image":[{"width":1125,"height":1253,"url":"https:\/\/noti-america.com\/site\/mexico\/wp-content\/uploads\/sites\/13\/2022\/04\/IMG_4032.jpg","type":"image\/jpeg"}],"author":"Yoelvzla","twitter_card":"summary_large_image","twitter_misc":{"Escrito por":"Yoelvzla","Tiempo estimado de lectura":"3 minutos"},"schema":{"@context":"https:\/\/schema.org","@graph":[{"@type":"Article","@id":"https:\/\/noti-america.com\/site\/mexico\/2022\/04\/01\/briefing-mayora-vuelve-a-venezuela-con-un-gran-repertorio-musical\/#article","isPartOf":{"@id":"https:\/\/noti-america.com\/site\/mexico\/2022\/04\/01\/briefing-mayora-vuelve-a-venezuela-con-un-gran-repertorio-musical\/"},"author":{"name":"Yoelvzla","@id":"https:\/\/noti-america.com\/site\/mexico\/#\/schema\/person\/376ccc7b3cc7a8d5a43c3ece07a43857"},"headline":"\u201cBriefing\u201d Mayora vuelve a Venezuela con un gran repertorio musical","datePublished":"2022-04-01T14:02:44+00:00","mainEntityOfPage":{"@id":"https:\/\/noti-america.com\/site\/mexico\/2022\/04\/01\/briefing-mayora-vuelve-a-venezuela-con-un-gran-repertorio-musical\/"},"wordCount":501,"commentCount":0,"publisher":{"@id":"https:\/\/noti-america.com\/site\/mexico\/#organization"},"image":{"@id":"https:\/\/noti-america.com\/site\/mexico\/2022\/04\/01\/briefing-mayora-vuelve-a-venezuela-con-un-gran-repertorio-musical\/#primaryimage"},"thumbnailUrl":"https:\/\/noti-america.com\/site\/mexico\/wp-content\/uploads\/sites\/13\/2022\/04\/IMG_4032.jpg","articleSection":["Far\u00e1ndula"],"inLanguage":"es","potentialAction":[{"@type":"CommentAction","name":"Comment","target":["https:\/\/noti-america.com\/site\/mexico\/2022\/04\/01\/briefing-mayora-vuelve-a-venezuela-con-un-gran-repertorio-musical\/#respond"]}]},{"@type":"WebPage","@id":"https:\/\/noti-america.com\/site\/mexico\/2022\/04\/01\/briefing-mayora-vuelve-a-venezuela-con-un-gran-repertorio-musical\/","url":"https:\/\/noti-america.com\/site\/mexico\/2022\/04\/01\/briefing-mayora-vuelve-a-venezuela-con-un-gran-repertorio-musical\/","name":"\u201cBriefing\u201d Mayora vuelve a Venezuela con un gran repertorio musical - M\u00e9xico","isPartOf":{"@id":"https:\/\/noti-america.com\/site\/mexico\/#website"},"primaryImageOfPage":{"@id":"https:\/\/noti-america.com\/site\/mexico\/2022\/04\/01\/briefing-mayora-vuelve-a-venezuela-con-un-gran-repertorio-musical\/#primaryimage"},"image":{"@id":"https:\/\/noti-america.com\/site\/mexico\/2022\/04\/01\/briefing-mayora-vuelve-a-venezuela-con-un-gran-repertorio-musical\/#primaryimage"},"thumbnailUrl":"https:\/\/noti-america.com\/site\/mexico\/wp-content\/uploads\/sites\/13\/2022\/04\/IMG_4032.jpg","datePublished":"2022-04-01T14:02:44+00:00","breadcrumb":{"@id":"https:\/\/noti-america.com\/site\/mexico\/2022\/04\/01\/briefing-mayora-vuelve-a-venezuela-con-un-gran-repertorio-musical\/#breadcrumb"},"inLanguage":"es","potentialAction":[{"@type":"ReadAction","target":["https:\/\/noti-america.com\/site\/mexico\/2022\/04\/01\/briefing-mayora-vuelve-a-venezuela-con-un-gran-repertorio-musical\/"]}]},{"@type":"ImageObject","inLanguage":"es","@id":"https:\/\/noti-america.com\/site\/mexico\/2022\/04\/01\/briefing-mayora-vuelve-a-venezuela-con-un-gran-repertorio-musical\/#primaryimage","url":"https:\/\/noti-america.com\/site\/mexico\/wp-content\/uploads\/sites\/13\/2022\/04\/IMG_4032.jpg","contentUrl":"https:\/\/noti-america.com\/site\/mexico\/wp-content\/uploads\/sites\/13\/2022\/04\/IMG_4032.jpg","width":1125,"height":1253},{"@type":"BreadcrumbList","@id":"https:\/\/noti-america.com\/site\/mexico\/2022\/04\/01\/briefing-mayora-vuelve-a-venezuela-con-un-gran-repertorio-musical\/#breadcrumb","itemListElement":[{"@type":"ListItem","position":1,"name":"Portada","item":"https:\/\/noti-america.com\/site\/mexico\/"},{"@type":"ListItem","position":2,"name":"\u201cBriefing\u201d Mayora vuelve a Venezuela con un gran repertorio musical"}]},{"@type":"WebSite","@id":"https:\/\/noti-america.com\/site\/mexico\/#website","url":"https:\/\/noti-america.com\/site\/mexico\/","name":"M\u00e9xico | Noti-America.com","description":"","publisher":{"@id":"https:\/\/noti-america.com\/site\/mexico\/#organization"},"potentialAction":[{"@type":"SearchAction","target":{"@type":"EntryPoint","urlTemplate":"https:\/\/noti-america.com\/site\/mexico\/?s={search_term_string}"},"query-input":{"@type":"PropertyValueSpecification","valueRequired":true,"valueName":"search_term_string"}}],"inLanguage":"es"},{"@type":"Organization","@id":"https:\/\/noti-america.com\/site\/mexico\/#organization","name":"Noti-America LLC | M\u00e9xico","url":"https:\/\/noti-america.com\/site\/mexico\/","logo":{"@type":"ImageObject","inLanguage":"es","@id":"https:\/\/noti-america.com\/site\/mexico\/#\/schema\/logo\/image\/","url":"https:\/\/noti-america.com\/site\/mexico\/wp-content\/uploads\/sites\/13\/2020\/07\/LogoNA-4x3-1.jpg","contentUrl":"https:\/\/noti-america.com\/site\/mexico\/wp-content\/uploads\/sites\/13\/2020\/07\/LogoNA-4x3-1.jpg","width":1236,"height":1080,"caption":"Noti-America LLC | M\u00e9xico"},"image":{"@id":"https:\/\/noti-america.com\/site\/mexico\/#\/schema\/logo\/image\/"}},{"@type":"Person","@id":"https:\/\/noti-america.com\/site\/mexico\/#\/schema\/person\/376ccc7b3cc7a8d5a43c3ece07a43857","name":"Yoelvzla","image":{"@type":"ImageObject","inLanguage":"es","@id":"https:\/\/secure.gravatar.com\/avatar\/13a96a72123e0e9aa76fe82e8847f726c63a1c5ef6a8d0fadd844c1a5a83b212?s=96&d=mm&r=g","url":"https:\/\/secure.gravatar.com\/avatar\/13a96a72123e0e9aa76fe82e8847f726c63a1c5ef6a8d0fadd844c1a5a83b212?s=96&d=mm&r=g","contentUrl":"https:\/\/secure.gravatar.com\/avatar\/13a96a72123e0e9aa76fe82e8847f726c63a1c5ef6a8d0fadd844c1a5a83b212?s=96&d=mm&r=g","caption":"Yoelvzla"},"url":"https:\/\/noti-america.com\/site\/mexico\/author\/ydiaz\/"}]}},"_links":{"self":[{"href":"https:\/\/noti-america.com\/site\/mexico\/wp-json\/wp\/v2\/posts\/7676","targetHints":{"allow":["GET"]}}],"collection":[{"href":"https:\/\/noti-america.com\/site\/mexico\/wp-json\/wp\/v2\/posts"}],"about":[{"href":"https:\/\/noti-america.com\/site\/mexico\/wp-json\/wp\/v2\/types\/post"}],"author":[{"embeddable":true,"href":"https:\/\/noti-america.com\/site\/mexico\/wp-json\/wp\/v2\/users\/127"}],"replies":[{"embeddable":true,"href":"https:\/\/noti-america.com\/site\/mexico\/wp-json\/wp\/v2\/comments?post=7676"}],"version-history":[{"count":1,"href":"https:\/\/noti-america.com\/site\/mexico\/wp-json\/wp\/v2\/posts\/7676\/revisions"}],"predecessor-version":[{"id":7678,"href":"https:\/\/noti-america.com\/site\/mexico\/wp-json\/wp\/v2\/posts\/7676\/revisions\/7678"}],"wp:featuredmedia":[{"embeddable":true,"href":"https:\/\/noti-america.com\/site\/mexico\/wp-json\/wp\/v2\/media\/7677"}],"wp:attachment":[{"href":"https:\/\/noti-america.com\/site\/mexico\/wp-json\/wp\/v2\/media?parent=7676"}],"wp:term":[{"taxonomy":"category","embeddable":true,"href":"https:\/\/noti-america.com\/site\/mexico\/wp-json\/wp\/v2\/categories?post=7676"},{"taxonomy":"post_tag","embeddable":true,"href":"https:\/\/noti-america.com\/site\/mexico\/wp-json\/wp\/v2\/tags?post=7676"}],"curies":[{"name":"wp","href":"https:\/\/api.w.org\/{rel}","templated":true}]}}