{"id":7592,"date":"2022-03-24T13:54:16","date_gmt":"2022-03-24T13:54:16","guid":{"rendered":"https:\/\/noti-america.com\/site\/mexico\/?p=7592"},"modified":"2022-03-24T13:54:16","modified_gmt":"2022-03-24T13:54:16","slug":"nada-la-detiene-katherin-jimenez-sigue-en-ascenso","status":"publish","type":"post","link":"https:\/\/noti-america.com\/site\/mexico\/2022\/03\/24\/nada-la-detiene-katherin-jimenez-sigue-en-ascenso\/","title":{"rendered":"Nada la detiene: Katherin Jim\u00e9nez sigue en ascenso"},"content":{"rendered":"<div>La modelo y actriz guaire\u00f1a <strong>Katherin Jim\u00e9nez<\/strong> sigue rob\u00e1ndose las miradas en las diferentes redes sociales y se mantiene en ascenso.<\/div>\n<div dir=\"ltr\"><\/div>\n<div>Jim\u00e9nez, quien tuvo una gran participaci\u00f3n en la serie \u201cAzotes de Barrios\u201d &#8211;<strong>transmitida por Youtube<\/strong>-, ha obtenido un crecimiento incre\u00edble en sus cuentas de Instagram y TikTok, en las que tambi\u00e9n demuestra su talento.<\/div>\n<div dir=\"ltr\"><\/div>\n<div>La guaire\u00f1a, que viene trabajando de excelente manera y a gran nivel, aterrizar\u00e1 muy pronto en <strong>Colombia<\/strong>, naci\u00f3n en la que estar\u00e1 grabando varios contenidos importantes.<\/div>\n<div dir=\"ltr\"><\/div>\n<div>Aunque <strong>Katherin<\/strong> no ha dado detalles sobre este venidero proyecto, mantiene alerta a todos sus seguidores, quienes est\u00e1n a la espera de noticias de ella.<\/div>\n<div dir=\"ltr\"><\/div>\n<p>Ella quiere seguir trabajando arduamente, para luego mirar nuevos horizontes, para representar el tricolor fuera de nuestras tierras.<\/p>\n","protected":false},"excerpt":{"rendered":"<p>La modelo y actriz guaire\u00f1a Katherin Jim\u00e9nez sigue rob\u00e1ndose las miradas en las diferentes redes sociales y se mantiene en ascenso. Jim\u00e9nez, quien tuvo una gran participaci\u00f3n en la serie \u201cAzotes de Barrios\u201d &#8211;transmitida&#46;&#46;&#46;<\/p>\n","protected":false},"author":127,"featured_media":7593,"comment_status":"open","ping_status":"open","sticky":false,"template":"","format":"image","meta":{"_acf_changed":false,"om_disable_all_campaigns":false,"rop_custom_images_group":[],"rop_custom_messages_group":[],"rop_publish_now":"initial","rop_publish_now_accounts":{"twitter_242054905_242054905":""},"rop_publish_now_history":[],"rop_publish_now_status":"pending","_uf_show_specific_survey":0,"_uf_disable_surveys":false,"footnotes":""},"categories":[56],"tags":[],"class_list":["post-7592","post","type-post","status-publish","format-image","has-post-thumbnail","hentry","category-farandula","post_format-post-format-image"],"acf":[],"aioseo_notices":[],"yoast_head":"<!-- This site is optimized with the Yoast SEO Premium plugin v24.9 (Yoast SEO v27.2) - https:\/\/yoast.com\/product\/yoast-seo-premium-wordpress\/ -->\n<title>Nada la detiene: Katherin Jim\u00e9nez sigue en ascenso - M\u00e9xico<\/title>\n<meta name=\"robots\" content=\"index, follow, max-snippet:-1, max-image-preview:large, max-video-preview:-1\" \/>\n<link rel=\"canonical\" href=\"https:\/\/noti-america.com\/site\/mexico\/2022\/03\/24\/nada-la-detiene-katherin-jimenez-sigue-en-ascenso\/\" \/>\n<meta property=\"og:locale\" content=\"es_ES\" \/>\n<meta property=\"og:type\" content=\"article\" \/>\n<meta property=\"og:title\" content=\"Nada la detiene: Katherin Jim\u00e9nez sigue en ascenso\" \/>\n<meta property=\"og:description\" content=\"La modelo y actriz guaire\u00f1a Katherin Jim\u00e9nez sigue rob\u00e1ndose las miradas en las diferentes redes sociales y se mantiene en ascenso. Jim\u00e9nez, quien tuvo una gran participaci\u00f3n en la serie \u201cAzotes de Barrios\u201d &#8211;transmitida&#046;&#046;&#046;\" \/>\n<meta property=\"og:url\" content=\"https:\/\/noti-america.com\/site\/mexico\/2022\/03\/24\/nada-la-detiene-katherin-jimenez-sigue-en-ascenso\/\" \/>\n<meta property=\"og:site_name\" content=\"M\u00e9xico\" \/>\n<meta property=\"article:published_time\" content=\"2022-03-24T13:54:16+00:00\" \/>\n<meta property=\"og:image\" content=\"https:\/\/noti-america.com\/site\/mexico\/wp-content\/uploads\/sites\/13\/2022\/03\/descarga-24.png\" \/>\n\t<meta property=\"og:image:width\" content=\"810\" \/>\n\t<meta property=\"og:image:height\" content=\"1080\" \/>\n\t<meta property=\"og:image:type\" content=\"image\/png\" \/>\n<meta name=\"author\" content=\"Yoelvzla\" \/>\n<meta name=\"twitter:card\" content=\"summary_large_image\" \/>\n<meta name=\"twitter:label1\" content=\"Escrito por\" \/>\n\t<meta name=\"twitter:data1\" content=\"Yoelvzla\" \/>\n\t<meta name=\"twitter:label2\" content=\"Tiempo estimado de lectura\" \/>\n\t<meta name=\"twitter:data2\" content=\"1 minuto\" \/>\n<script type=\"application\/ld+json\" class=\"yoast-schema-graph\">{\"@context\":\"https:\/\/schema.org\",\"@graph\":[{\"@type\":\"Article\",\"@id\":\"https:\/\/noti-america.com\/site\/mexico\/2022\/03\/24\/nada-la-detiene-katherin-jimenez-sigue-en-ascenso\/#article\",\"isPartOf\":{\"@id\":\"https:\/\/noti-america.com\/site\/mexico\/2022\/03\/24\/nada-la-detiene-katherin-jimenez-sigue-en-ascenso\/\"},\"author\":{\"name\":\"Yoelvzla\",\"@id\":\"https:\/\/noti-america.com\/site\/mexico\/#\/schema\/person\/376ccc7b3cc7a8d5a43c3ece07a43857\"},\"headline\":\"Nada la detiene: Katherin Jim\u00e9nez sigue en ascenso\",\"datePublished\":\"2022-03-24T13:54:16+00:00\",\"mainEntityOfPage\":{\"@id\":\"https:\/\/noti-america.com\/site\/mexico\/2022\/03\/24\/nada-la-detiene-katherin-jimenez-sigue-en-ascenso\/\"},\"wordCount\":143,\"commentCount\":0,\"publisher\":{\"@id\":\"https:\/\/noti-america.com\/site\/mexico\/#organization\"},\"image\":{\"@id\":\"https:\/\/noti-america.com\/site\/mexico\/2022\/03\/24\/nada-la-detiene-katherin-jimenez-sigue-en-ascenso\/#primaryimage\"},\"thumbnailUrl\":\"https:\/\/noti-america.com\/site\/mexico\/wp-content\/uploads\/sites\/13\/2022\/03\/descarga-24.png\",\"articleSection\":[\"Far\u00e1ndula\"],\"inLanguage\":\"es\",\"potentialAction\":[{\"@type\":\"CommentAction\",\"name\":\"Comment\",\"target\":[\"https:\/\/noti-america.com\/site\/mexico\/2022\/03\/24\/nada-la-detiene-katherin-jimenez-sigue-en-ascenso\/#respond\"]}]},{\"@type\":\"WebPage\",\"@id\":\"https:\/\/noti-america.com\/site\/mexico\/2022\/03\/24\/nada-la-detiene-katherin-jimenez-sigue-en-ascenso\/\",\"url\":\"https:\/\/noti-america.com\/site\/mexico\/2022\/03\/24\/nada-la-detiene-katherin-jimenez-sigue-en-ascenso\/\",\"name\":\"Nada la detiene: Katherin Jim\u00e9nez sigue en ascenso - M\u00e9xico\",\"isPartOf\":{\"@id\":\"https:\/\/noti-america.com\/site\/mexico\/#website\"},\"primaryImageOfPage\":{\"@id\":\"https:\/\/noti-america.com\/site\/mexico\/2022\/03\/24\/nada-la-detiene-katherin-jimenez-sigue-en-ascenso\/#primaryimage\"},\"image\":{\"@id\":\"https:\/\/noti-america.com\/site\/mexico\/2022\/03\/24\/nada-la-detiene-katherin-jimenez-sigue-en-ascenso\/#primaryimage\"},\"thumbnailUrl\":\"https:\/\/noti-america.com\/site\/mexico\/wp-content\/uploads\/sites\/13\/2022\/03\/descarga-24.png\",\"datePublished\":\"2022-03-24T13:54:16+00:00\",\"breadcrumb\":{\"@id\":\"https:\/\/noti-america.com\/site\/mexico\/2022\/03\/24\/nada-la-detiene-katherin-jimenez-sigue-en-ascenso\/#breadcrumb\"},\"inLanguage\":\"es\",\"potentialAction\":[{\"@type\":\"ReadAction\",\"target\":[\"https:\/\/noti-america.com\/site\/mexico\/2022\/03\/24\/nada-la-detiene-katherin-jimenez-sigue-en-ascenso\/\"]}]},{\"@type\":\"ImageObject\",\"inLanguage\":\"es\",\"@id\":\"https:\/\/noti-america.com\/site\/mexico\/2022\/03\/24\/nada-la-detiene-katherin-jimenez-sigue-en-ascenso\/#primaryimage\",\"url\":\"https:\/\/noti-america.com\/site\/mexico\/wp-content\/uploads\/sites\/13\/2022\/03\/descarga-24.png\",\"contentUrl\":\"https:\/\/noti-america.com\/site\/mexico\/wp-content\/uploads\/sites\/13\/2022\/03\/descarga-24.png\",\"width\":810,\"height\":1080},{\"@type\":\"BreadcrumbList\",\"@id\":\"https:\/\/noti-america.com\/site\/mexico\/2022\/03\/24\/nada-la-detiene-katherin-jimenez-sigue-en-ascenso\/#breadcrumb\",\"itemListElement\":[{\"@type\":\"ListItem\",\"position\":1,\"name\":\"Portada\",\"item\":\"https:\/\/noti-america.com\/site\/mexico\/\"},{\"@type\":\"ListItem\",\"position\":2,\"name\":\"Nada la detiene: Katherin Jim\u00e9nez sigue en ascenso\"}]},{\"@type\":\"WebSite\",\"@id\":\"https:\/\/noti-america.com\/site\/mexico\/#website\",\"url\":\"https:\/\/noti-america.com\/site\/mexico\/\",\"name\":\"M\u00e9xico | Noti-America.com\",\"description\":\"\",\"publisher\":{\"@id\":\"https:\/\/noti-america.com\/site\/mexico\/#organization\"},\"potentialAction\":[{\"@type\":\"SearchAction\",\"target\":{\"@type\":\"EntryPoint\",\"urlTemplate\":\"https:\/\/noti-america.com\/site\/mexico\/?s={search_term_string}\"},\"query-input\":{\"@type\":\"PropertyValueSpecification\",\"valueRequired\":true,\"valueName\":\"search_term_string\"}}],\"inLanguage\":\"es\"},{\"@type\":\"Organization\",\"@id\":\"https:\/\/noti-america.com\/site\/mexico\/#organization\",\"name\":\"Noti-America LLC | M\u00e9xico\",\"url\":\"https:\/\/noti-america.com\/site\/mexico\/\",\"logo\":{\"@type\":\"ImageObject\",\"inLanguage\":\"es\",\"@id\":\"https:\/\/noti-america.com\/site\/mexico\/#\/schema\/logo\/image\/\",\"url\":\"https:\/\/noti-america.com\/site\/mexico\/wp-content\/uploads\/sites\/13\/2020\/07\/LogoNA-4x3-1.jpg\",\"contentUrl\":\"https:\/\/noti-america.com\/site\/mexico\/wp-content\/uploads\/sites\/13\/2020\/07\/LogoNA-4x3-1.jpg\",\"width\":1236,\"height\":1080,\"caption\":\"Noti-America LLC | M\u00e9xico\"},\"image\":{\"@id\":\"https:\/\/noti-america.com\/site\/mexico\/#\/schema\/logo\/image\/\"}},{\"@type\":\"Person\",\"@id\":\"https:\/\/noti-america.com\/site\/mexico\/#\/schema\/person\/376ccc7b3cc7a8d5a43c3ece07a43857\",\"name\":\"Yoelvzla\",\"image\":{\"@type\":\"ImageObject\",\"inLanguage\":\"es\",\"@id\":\"https:\/\/secure.gravatar.com\/avatar\/13a96a72123e0e9aa76fe82e8847f726c63a1c5ef6a8d0fadd844c1a5a83b212?s=96&d=mm&r=g\",\"url\":\"https:\/\/secure.gravatar.com\/avatar\/13a96a72123e0e9aa76fe82e8847f726c63a1c5ef6a8d0fadd844c1a5a83b212?s=96&d=mm&r=g\",\"contentUrl\":\"https:\/\/secure.gravatar.com\/avatar\/13a96a72123e0e9aa76fe82e8847f726c63a1c5ef6a8d0fadd844c1a5a83b212?s=96&d=mm&r=g\",\"caption\":\"Yoelvzla\"},\"url\":\"https:\/\/noti-america.com\/site\/mexico\/author\/ydiaz\/\"}]}<\/script>\n<!-- \/ Yoast SEO Premium plugin. -->","yoast_head_json":{"title":"Nada la detiene: Katherin Jim\u00e9nez sigue en ascenso - M\u00e9xico","robots":{"index":"index","follow":"follow","max-snippet":"max-snippet:-1","max-image-preview":"max-image-preview:large","max-video-preview":"max-video-preview:-1"},"canonical":"https:\/\/noti-america.com\/site\/mexico\/2022\/03\/24\/nada-la-detiene-katherin-jimenez-sigue-en-ascenso\/","og_locale":"es_ES","og_type":"article","og_title":"Nada la detiene: Katherin Jim\u00e9nez sigue en ascenso","og_description":"La modelo y actriz guaire\u00f1a Katherin Jim\u00e9nez sigue rob\u00e1ndose las miradas en las diferentes redes sociales y se mantiene en ascenso. Jim\u00e9nez, quien tuvo una gran participaci\u00f3n en la serie \u201cAzotes de Barrios\u201d &#8211;transmitida&#46;&#46;&#46;","og_url":"https:\/\/noti-america.com\/site\/mexico\/2022\/03\/24\/nada-la-detiene-katherin-jimenez-sigue-en-ascenso\/","og_site_name":"M\u00e9xico","article_published_time":"2022-03-24T13:54:16+00:00","og_image":[{"width":810,"height":1080,"url":"https:\/\/noti-america.com\/site\/mexico\/wp-content\/uploads\/sites\/13\/2022\/03\/descarga-24.png","type":"image\/png"}],"author":"Yoelvzla","twitter_card":"summary_large_image","twitter_misc":{"Escrito por":"Yoelvzla","Tiempo estimado de lectura":"1 minuto"},"schema":{"@context":"https:\/\/schema.org","@graph":[{"@type":"Article","@id":"https:\/\/noti-america.com\/site\/mexico\/2022\/03\/24\/nada-la-detiene-katherin-jimenez-sigue-en-ascenso\/#article","isPartOf":{"@id":"https:\/\/noti-america.com\/site\/mexico\/2022\/03\/24\/nada-la-detiene-katherin-jimenez-sigue-en-ascenso\/"},"author":{"name":"Yoelvzla","@id":"https:\/\/noti-america.com\/site\/mexico\/#\/schema\/person\/376ccc7b3cc7a8d5a43c3ece07a43857"},"headline":"Nada la detiene: Katherin Jim\u00e9nez sigue en ascenso","datePublished":"2022-03-24T13:54:16+00:00","mainEntityOfPage":{"@id":"https:\/\/noti-america.com\/site\/mexico\/2022\/03\/24\/nada-la-detiene-katherin-jimenez-sigue-en-ascenso\/"},"wordCount":143,"commentCount":0,"publisher":{"@id":"https:\/\/noti-america.com\/site\/mexico\/#organization"},"image":{"@id":"https:\/\/noti-america.com\/site\/mexico\/2022\/03\/24\/nada-la-detiene-katherin-jimenez-sigue-en-ascenso\/#primaryimage"},"thumbnailUrl":"https:\/\/noti-america.com\/site\/mexico\/wp-content\/uploads\/sites\/13\/2022\/03\/descarga-24.png","articleSection":["Far\u00e1ndula"],"inLanguage":"es","potentialAction":[{"@type":"CommentAction","name":"Comment","target":["https:\/\/noti-america.com\/site\/mexico\/2022\/03\/24\/nada-la-detiene-katherin-jimenez-sigue-en-ascenso\/#respond"]}]},{"@type":"WebPage","@id":"https:\/\/noti-america.com\/site\/mexico\/2022\/03\/24\/nada-la-detiene-katherin-jimenez-sigue-en-ascenso\/","url":"https:\/\/noti-america.com\/site\/mexico\/2022\/03\/24\/nada-la-detiene-katherin-jimenez-sigue-en-ascenso\/","name":"Nada la detiene: Katherin Jim\u00e9nez sigue en ascenso - M\u00e9xico","isPartOf":{"@id":"https:\/\/noti-america.com\/site\/mexico\/#website"},"primaryImageOfPage":{"@id":"https:\/\/noti-america.com\/site\/mexico\/2022\/03\/24\/nada-la-detiene-katherin-jimenez-sigue-en-ascenso\/#primaryimage"},"image":{"@id":"https:\/\/noti-america.com\/site\/mexico\/2022\/03\/24\/nada-la-detiene-katherin-jimenez-sigue-en-ascenso\/#primaryimage"},"thumbnailUrl":"https:\/\/noti-america.com\/site\/mexico\/wp-content\/uploads\/sites\/13\/2022\/03\/descarga-24.png","datePublished":"2022-03-24T13:54:16+00:00","breadcrumb":{"@id":"https:\/\/noti-america.com\/site\/mexico\/2022\/03\/24\/nada-la-detiene-katherin-jimenez-sigue-en-ascenso\/#breadcrumb"},"inLanguage":"es","potentialAction":[{"@type":"ReadAction","target":["https:\/\/noti-america.com\/site\/mexico\/2022\/03\/24\/nada-la-detiene-katherin-jimenez-sigue-en-ascenso\/"]}]},{"@type":"ImageObject","inLanguage":"es","@id":"https:\/\/noti-america.com\/site\/mexico\/2022\/03\/24\/nada-la-detiene-katherin-jimenez-sigue-en-ascenso\/#primaryimage","url":"https:\/\/noti-america.com\/site\/mexico\/wp-content\/uploads\/sites\/13\/2022\/03\/descarga-24.png","contentUrl":"https:\/\/noti-america.com\/site\/mexico\/wp-content\/uploads\/sites\/13\/2022\/03\/descarga-24.png","width":810,"height":1080},{"@type":"BreadcrumbList","@id":"https:\/\/noti-america.com\/site\/mexico\/2022\/03\/24\/nada-la-detiene-katherin-jimenez-sigue-en-ascenso\/#breadcrumb","itemListElement":[{"@type":"ListItem","position":1,"name":"Portada","item":"https:\/\/noti-america.com\/site\/mexico\/"},{"@type":"ListItem","position":2,"name":"Nada la detiene: Katherin Jim\u00e9nez sigue en ascenso"}]},{"@type":"WebSite","@id":"https:\/\/noti-america.com\/site\/mexico\/#website","url":"https:\/\/noti-america.com\/site\/mexico\/","name":"M\u00e9xico | Noti-America.com","description":"","publisher":{"@id":"https:\/\/noti-america.com\/site\/mexico\/#organization"},"potentialAction":[{"@type":"SearchAction","target":{"@type":"EntryPoint","urlTemplate":"https:\/\/noti-america.com\/site\/mexico\/?s={search_term_string}"},"query-input":{"@type":"PropertyValueSpecification","valueRequired":true,"valueName":"search_term_string"}}],"inLanguage":"es"},{"@type":"Organization","@id":"https:\/\/noti-america.com\/site\/mexico\/#organization","name":"Noti-America LLC | M\u00e9xico","url":"https:\/\/noti-america.com\/site\/mexico\/","logo":{"@type":"ImageObject","inLanguage":"es","@id":"https:\/\/noti-america.com\/site\/mexico\/#\/schema\/logo\/image\/","url":"https:\/\/noti-america.com\/site\/mexico\/wp-content\/uploads\/sites\/13\/2020\/07\/LogoNA-4x3-1.jpg","contentUrl":"https:\/\/noti-america.com\/site\/mexico\/wp-content\/uploads\/sites\/13\/2020\/07\/LogoNA-4x3-1.jpg","width":1236,"height":1080,"caption":"Noti-America LLC | M\u00e9xico"},"image":{"@id":"https:\/\/noti-america.com\/site\/mexico\/#\/schema\/logo\/image\/"}},{"@type":"Person","@id":"https:\/\/noti-america.com\/site\/mexico\/#\/schema\/person\/376ccc7b3cc7a8d5a43c3ece07a43857","name":"Yoelvzla","image":{"@type":"ImageObject","inLanguage":"es","@id":"https:\/\/secure.gravatar.com\/avatar\/13a96a72123e0e9aa76fe82e8847f726c63a1c5ef6a8d0fadd844c1a5a83b212?s=96&d=mm&r=g","url":"https:\/\/secure.gravatar.com\/avatar\/13a96a72123e0e9aa76fe82e8847f726c63a1c5ef6a8d0fadd844c1a5a83b212?s=96&d=mm&r=g","contentUrl":"https:\/\/secure.gravatar.com\/avatar\/13a96a72123e0e9aa76fe82e8847f726c63a1c5ef6a8d0fadd844c1a5a83b212?s=96&d=mm&r=g","caption":"Yoelvzla"},"url":"https:\/\/noti-america.com\/site\/mexico\/author\/ydiaz\/"}]}},"_links":{"self":[{"href":"https:\/\/noti-america.com\/site\/mexico\/wp-json\/wp\/v2\/posts\/7592","targetHints":{"allow":["GET"]}}],"collection":[{"href":"https:\/\/noti-america.com\/site\/mexico\/wp-json\/wp\/v2\/posts"}],"about":[{"href":"https:\/\/noti-america.com\/site\/mexico\/wp-json\/wp\/v2\/types\/post"}],"author":[{"embeddable":true,"href":"https:\/\/noti-america.com\/site\/mexico\/wp-json\/wp\/v2\/users\/127"}],"replies":[{"embeddable":true,"href":"https:\/\/noti-america.com\/site\/mexico\/wp-json\/wp\/v2\/comments?post=7592"}],"version-history":[{"count":1,"href":"https:\/\/noti-america.com\/site\/mexico\/wp-json\/wp\/v2\/posts\/7592\/revisions"}],"predecessor-version":[{"id":7594,"href":"https:\/\/noti-america.com\/site\/mexico\/wp-json\/wp\/v2\/posts\/7592\/revisions\/7594"}],"wp:featuredmedia":[{"embeddable":true,"href":"https:\/\/noti-america.com\/site\/mexico\/wp-json\/wp\/v2\/media\/7593"}],"wp:attachment":[{"href":"https:\/\/noti-america.com\/site\/mexico\/wp-json\/wp\/v2\/media?parent=7592"}],"wp:term":[{"taxonomy":"category","embeddable":true,"href":"https:\/\/noti-america.com\/site\/mexico\/wp-json\/wp\/v2\/categories?post=7592"},{"taxonomy":"post_tag","embeddable":true,"href":"https:\/\/noti-america.com\/site\/mexico\/wp-json\/wp\/v2\/tags?post=7592"}],"curies":[{"name":"wp","href":"https:\/\/api.w.org\/{rel}","templated":true}]}}