{"id":7518,"date":"2022-03-09T15:25:08","date_gmt":"2022-03-09T15:25:08","guid":{"rendered":"https:\/\/noti-america.com\/site\/mexico\/?p=7518"},"modified":"2022-03-09T15:25:08","modified_gmt":"2022-03-09T15:25:08","slug":"andaniel-y-la-produc-se-apoderan-de-las-plataformas-digitales-con-hasta-abajo","status":"publish","type":"post","link":"https:\/\/noti-america.com\/site\/mexico\/2022\/03\/09\/andaniel-y-la-produc-se-apoderan-de-las-plataformas-digitales-con-hasta-abajo\/","title":{"rendered":"Andaniel y La Produc se apoderan de las plataformas digitales con \u201cHasta abajo\u201d"},"content":{"rendered":"<div dir=\"auto\">El cantante venezolano <strong>\u00c1ngel Jos\u00e9 Barrioa Pi\u00f1a \u201cAndaniel\u201d<\/strong> estrena <strong>\u201cHasta abajo\u201d<\/strong>, un tema tropical bajo la base del <strong>Dance Hall<\/strong> en el que cont\u00f3 con la colaboraci\u00f3n del productor <strong>Luis Alejandro S\u00e1nchez \u201cLa Produc\u201d<\/strong>.<\/div>\n<div dir=\"auto\"><\/div>\n<div dir=\"auto\">\u201cHasta abajo\u201d, un reggaet\u00f3n producido por <strong>Cam Publishing, Laum M\u00fasica y Big Diamond<\/strong>, en tan solo dos semanas de su estreno se posicion\u00f3 en varios canales de televisi\u00f3n nacional e internacional y en las carteleras radiales de gran importancia.<\/div>\n<div dir=\"auto\"><\/div>\n<div dir=\"auto\">\u201cSer\u00e1 el primero de muchos \u00e9xitos musicales que seguir\u00e9 dando a conocer a trav\u00e9s de mi canal de YouTube, Vevo y todas las plataformas digitales pues hago buena m\u00fasica para el disfrute del p\u00fablico nacional e internacional con un contenido limpio y agradable\u201d, coment\u00f3 el talentoso cantante criollo Andaniel.<\/div>\n<div dir=\"auto\"><\/div>\n<div dir=\"auto\">\u201cHasta abajo significa una nueva etapa para m\u00ed tras siete a\u00f1os retirado del medio art\u00edstico\u201d, agreg\u00f3.<\/div>\n<div dir=\"auto\"><\/div>\n<div dir=\"auto\">Entre los pr\u00f3ximos proyectos del artista est\u00e1 el lanzamiento oficial de<strong> \u201cMe muero\u201d y \u201cLlamarte\u201d<\/strong> que interpretar\u00e1 como solista y que llegar\u00e1n a las plataformas digitales en los pr\u00f3ximos meses.<\/div>\n<div dir=\"auto\"><\/div>\n<div dir=\"auto\">El sencillo cuenta con su respectivo videoclip que se encuentra en el canal de YouTube del artista y cuenta con m\u00e1s de 60 mil visualizaciones (<a href=\"https:\/\/youtu.be\/yDrZnlzJwmg\" target=\"_blank\" rel=\"noopener noreferrer\" data-auth=\"NotApplicable\" data-linkindex=\"1\">https:\/\/youtu.be\/yDrZnlzJwmg<\/a>).<\/div>\n","protected":false},"excerpt":{"rendered":"<p>El cantante venezolano \u00c1ngel Jos\u00e9 Barrioa Pi\u00f1a \u201cAndaniel\u201d estrena \u201cHasta abajo\u201d, un tema tropical bajo la base del Dance Hall en el que cont\u00f3 con la colaboraci\u00f3n del productor Luis Alejandro S\u00e1nchez \u201cLa Produc\u201d.&#46;&#46;&#46;<\/p>\n","protected":false},"author":127,"featured_media":7519,"comment_status":"open","ping_status":"open","sticky":false,"template":"","format":"image","meta":{"_acf_changed":false,"om_disable_all_campaigns":false,"rop_custom_images_group":[],"rop_custom_messages_group":[],"rop_publish_now":"initial","rop_publish_now_accounts":{"twitter_242054905_242054905":""},"rop_publish_now_history":[],"rop_publish_now_status":"pending","_uf_show_specific_survey":0,"_uf_disable_surveys":false,"footnotes":""},"categories":[56,38],"tags":[],"class_list":["post-7518","post","type-post","status-publish","format-image","has-post-thumbnail","hentry","category-farandula","category-musica","post_format-post-format-image"],"acf":[],"aioseo_notices":[],"yoast_head":"<!-- This site is optimized with the Yoast SEO Premium plugin v24.9 (Yoast SEO v27.2) - https:\/\/yoast.com\/product\/yoast-seo-premium-wordpress\/ -->\n<title>Andaniel y La Produc se apoderan de las plataformas digitales con \u201cHasta abajo\u201d - M\u00e9xico<\/title>\n<meta name=\"robots\" content=\"index, follow, max-snippet:-1, max-image-preview:large, max-video-preview:-1\" \/>\n<link rel=\"canonical\" href=\"https:\/\/noti-america.com\/site\/mexico\/2022\/03\/09\/andaniel-y-la-produc-se-apoderan-de-las-plataformas-digitales-con-hasta-abajo\/\" \/>\n<meta property=\"og:locale\" content=\"es_ES\" \/>\n<meta property=\"og:type\" content=\"article\" \/>\n<meta property=\"og:title\" content=\"Andaniel y La Produc se apoderan de las plataformas digitales con \u201cHasta abajo\u201d\" \/>\n<meta property=\"og:description\" content=\"El cantante venezolano \u00c1ngel Jos\u00e9 Barrioa Pi\u00f1a \u201cAndaniel\u201d estrena \u201cHasta abajo\u201d, un tema tropical bajo la base del Dance Hall en el que cont\u00f3 con la colaboraci\u00f3n del productor Luis Alejandro S\u00e1nchez \u201cLa Produc\u201d.&#046;&#046;&#046;\" \/>\n<meta property=\"og:url\" content=\"https:\/\/noti-america.com\/site\/mexico\/2022\/03\/09\/andaniel-y-la-produc-se-apoderan-de-las-plataformas-digitales-con-hasta-abajo\/\" \/>\n<meta property=\"og:site_name\" content=\"M\u00e9xico\" \/>\n<meta property=\"article:published_time\" content=\"2022-03-09T15:25:08+00:00\" \/>\n<meta property=\"og:image\" content=\"https:\/\/noti-america.com\/site\/mexico\/wp-content\/uploads\/sites\/13\/2022\/03\/IMG-20220307-WA0093.jpg\" \/>\n\t<meta property=\"og:image:width\" content=\"1065\" \/>\n\t<meta property=\"og:image:height\" content=\"1080\" \/>\n\t<meta property=\"og:image:type\" content=\"image\/jpeg\" \/>\n<meta name=\"author\" content=\"Yoelvzla\" \/>\n<meta name=\"twitter:card\" content=\"summary_large_image\" \/>\n<meta name=\"twitter:label1\" content=\"Escrito por\" \/>\n\t<meta name=\"twitter:data1\" content=\"Yoelvzla\" \/>\n\t<meta name=\"twitter:label2\" content=\"Tiempo estimado de lectura\" \/>\n\t<meta name=\"twitter:data2\" content=\"1 minuto\" \/>\n<script type=\"application\/ld+json\" class=\"yoast-schema-graph\">{\"@context\":\"https:\/\/schema.org\",\"@graph\":[{\"@type\":\"Article\",\"@id\":\"https:\/\/noti-america.com\/site\/mexico\/2022\/03\/09\/andaniel-y-la-produc-se-apoderan-de-las-plataformas-digitales-con-hasta-abajo\/#article\",\"isPartOf\":{\"@id\":\"https:\/\/noti-america.com\/site\/mexico\/2022\/03\/09\/andaniel-y-la-produc-se-apoderan-de-las-plataformas-digitales-con-hasta-abajo\/\"},\"author\":{\"name\":\"Yoelvzla\",\"@id\":\"https:\/\/noti-america.com\/site\/mexico\/#\/schema\/person\/376ccc7b3cc7a8d5a43c3ece07a43857\"},\"headline\":\"Andaniel y La Produc se apoderan de las plataformas digitales con \u201cHasta abajo\u201d\",\"datePublished\":\"2022-03-09T15:25:08+00:00\",\"mainEntityOfPage\":{\"@id\":\"https:\/\/noti-america.com\/site\/mexico\/2022\/03\/09\/andaniel-y-la-produc-se-apoderan-de-las-plataformas-digitales-con-hasta-abajo\/\"},\"wordCount\":224,\"commentCount\":0,\"publisher\":{\"@id\":\"https:\/\/noti-america.com\/site\/mexico\/#organization\"},\"image\":{\"@id\":\"https:\/\/noti-america.com\/site\/mexico\/2022\/03\/09\/andaniel-y-la-produc-se-apoderan-de-las-plataformas-digitales-con-hasta-abajo\/#primaryimage\"},\"thumbnailUrl\":\"https:\/\/noti-america.com\/site\/mexico\/wp-content\/uploads\/sites\/13\/2022\/03\/IMG-20220307-WA0093.jpg\",\"articleSection\":[\"Far\u00e1ndula\",\"M\u00fasica\"],\"inLanguage\":\"es\",\"potentialAction\":[{\"@type\":\"CommentAction\",\"name\":\"Comment\",\"target\":[\"https:\/\/noti-america.com\/site\/mexico\/2022\/03\/09\/andaniel-y-la-produc-se-apoderan-de-las-plataformas-digitales-con-hasta-abajo\/#respond\"]}]},{\"@type\":\"WebPage\",\"@id\":\"https:\/\/noti-america.com\/site\/mexico\/2022\/03\/09\/andaniel-y-la-produc-se-apoderan-de-las-plataformas-digitales-con-hasta-abajo\/\",\"url\":\"https:\/\/noti-america.com\/site\/mexico\/2022\/03\/09\/andaniel-y-la-produc-se-apoderan-de-las-plataformas-digitales-con-hasta-abajo\/\",\"name\":\"Andaniel y La Produc se apoderan de las plataformas digitales con \u201cHasta abajo\u201d - M\u00e9xico\",\"isPartOf\":{\"@id\":\"https:\/\/noti-america.com\/site\/mexico\/#website\"},\"primaryImageOfPage\":{\"@id\":\"https:\/\/noti-america.com\/site\/mexico\/2022\/03\/09\/andaniel-y-la-produc-se-apoderan-de-las-plataformas-digitales-con-hasta-abajo\/#primaryimage\"},\"image\":{\"@id\":\"https:\/\/noti-america.com\/site\/mexico\/2022\/03\/09\/andaniel-y-la-produc-se-apoderan-de-las-plataformas-digitales-con-hasta-abajo\/#primaryimage\"},\"thumbnailUrl\":\"https:\/\/noti-america.com\/site\/mexico\/wp-content\/uploads\/sites\/13\/2022\/03\/IMG-20220307-WA0093.jpg\",\"datePublished\":\"2022-03-09T15:25:08+00:00\",\"breadcrumb\":{\"@id\":\"https:\/\/noti-america.com\/site\/mexico\/2022\/03\/09\/andaniel-y-la-produc-se-apoderan-de-las-plataformas-digitales-con-hasta-abajo\/#breadcrumb\"},\"inLanguage\":\"es\",\"potentialAction\":[{\"@type\":\"ReadAction\",\"target\":[\"https:\/\/noti-america.com\/site\/mexico\/2022\/03\/09\/andaniel-y-la-produc-se-apoderan-de-las-plataformas-digitales-con-hasta-abajo\/\"]}]},{\"@type\":\"ImageObject\",\"inLanguage\":\"es\",\"@id\":\"https:\/\/noti-america.com\/site\/mexico\/2022\/03\/09\/andaniel-y-la-produc-se-apoderan-de-las-plataformas-digitales-con-hasta-abajo\/#primaryimage\",\"url\":\"https:\/\/noti-america.com\/site\/mexico\/wp-content\/uploads\/sites\/13\/2022\/03\/IMG-20220307-WA0093.jpg\",\"contentUrl\":\"https:\/\/noti-america.com\/site\/mexico\/wp-content\/uploads\/sites\/13\/2022\/03\/IMG-20220307-WA0093.jpg\",\"width\":1065,\"height\":1080},{\"@type\":\"BreadcrumbList\",\"@id\":\"https:\/\/noti-america.com\/site\/mexico\/2022\/03\/09\/andaniel-y-la-produc-se-apoderan-de-las-plataformas-digitales-con-hasta-abajo\/#breadcrumb\",\"itemListElement\":[{\"@type\":\"ListItem\",\"position\":1,\"name\":\"Portada\",\"item\":\"https:\/\/noti-america.com\/site\/mexico\/\"},{\"@type\":\"ListItem\",\"position\":2,\"name\":\"Andaniel y La Produc se apoderan de las plataformas digitales con \u201cHasta abajo\u201d\"}]},{\"@type\":\"WebSite\",\"@id\":\"https:\/\/noti-america.com\/site\/mexico\/#website\",\"url\":\"https:\/\/noti-america.com\/site\/mexico\/\",\"name\":\"M\u00e9xico | Noti-America.com\",\"description\":\"\",\"publisher\":{\"@id\":\"https:\/\/noti-america.com\/site\/mexico\/#organization\"},\"potentialAction\":[{\"@type\":\"SearchAction\",\"target\":{\"@type\":\"EntryPoint\",\"urlTemplate\":\"https:\/\/noti-america.com\/site\/mexico\/?s={search_term_string}\"},\"query-input\":{\"@type\":\"PropertyValueSpecification\",\"valueRequired\":true,\"valueName\":\"search_term_string\"}}],\"inLanguage\":\"es\"},{\"@type\":\"Organization\",\"@id\":\"https:\/\/noti-america.com\/site\/mexico\/#organization\",\"name\":\"Noti-America LLC | M\u00e9xico\",\"url\":\"https:\/\/noti-america.com\/site\/mexico\/\",\"logo\":{\"@type\":\"ImageObject\",\"inLanguage\":\"es\",\"@id\":\"https:\/\/noti-america.com\/site\/mexico\/#\/schema\/logo\/image\/\",\"url\":\"https:\/\/noti-america.com\/site\/mexico\/wp-content\/uploads\/sites\/13\/2020\/07\/LogoNA-4x3-1.jpg\",\"contentUrl\":\"https:\/\/noti-america.com\/site\/mexico\/wp-content\/uploads\/sites\/13\/2020\/07\/LogoNA-4x3-1.jpg\",\"width\":1236,\"height\":1080,\"caption\":\"Noti-America LLC | M\u00e9xico\"},\"image\":{\"@id\":\"https:\/\/noti-america.com\/site\/mexico\/#\/schema\/logo\/image\/\"}},{\"@type\":\"Person\",\"@id\":\"https:\/\/noti-america.com\/site\/mexico\/#\/schema\/person\/376ccc7b3cc7a8d5a43c3ece07a43857\",\"name\":\"Yoelvzla\",\"image\":{\"@type\":\"ImageObject\",\"inLanguage\":\"es\",\"@id\":\"https:\/\/secure.gravatar.com\/avatar\/13a96a72123e0e9aa76fe82e8847f726c63a1c5ef6a8d0fadd844c1a5a83b212?s=96&d=mm&r=g\",\"url\":\"https:\/\/secure.gravatar.com\/avatar\/13a96a72123e0e9aa76fe82e8847f726c63a1c5ef6a8d0fadd844c1a5a83b212?s=96&d=mm&r=g\",\"contentUrl\":\"https:\/\/secure.gravatar.com\/avatar\/13a96a72123e0e9aa76fe82e8847f726c63a1c5ef6a8d0fadd844c1a5a83b212?s=96&d=mm&r=g\",\"caption\":\"Yoelvzla\"},\"url\":\"https:\/\/noti-america.com\/site\/mexico\/author\/ydiaz\/\"}]}<\/script>\n<!-- \/ Yoast SEO Premium plugin. -->","yoast_head_json":{"title":"Andaniel y La Produc se apoderan de las plataformas digitales con \u201cHasta abajo\u201d - M\u00e9xico","robots":{"index":"index","follow":"follow","max-snippet":"max-snippet:-1","max-image-preview":"max-image-preview:large","max-video-preview":"max-video-preview:-1"},"canonical":"https:\/\/noti-america.com\/site\/mexico\/2022\/03\/09\/andaniel-y-la-produc-se-apoderan-de-las-plataformas-digitales-con-hasta-abajo\/","og_locale":"es_ES","og_type":"article","og_title":"Andaniel y La Produc se apoderan de las plataformas digitales con \u201cHasta abajo\u201d","og_description":"El cantante venezolano \u00c1ngel Jos\u00e9 Barrioa Pi\u00f1a \u201cAndaniel\u201d estrena \u201cHasta abajo\u201d, un tema tropical bajo la base del Dance Hall en el que cont\u00f3 con la colaboraci\u00f3n del productor Luis Alejandro S\u00e1nchez \u201cLa Produc\u201d.&#46;&#46;&#46;","og_url":"https:\/\/noti-america.com\/site\/mexico\/2022\/03\/09\/andaniel-y-la-produc-se-apoderan-de-las-plataformas-digitales-con-hasta-abajo\/","og_site_name":"M\u00e9xico","article_published_time":"2022-03-09T15:25:08+00:00","og_image":[{"width":1065,"height":1080,"url":"https:\/\/noti-america.com\/site\/mexico\/wp-content\/uploads\/sites\/13\/2022\/03\/IMG-20220307-WA0093.jpg","type":"image\/jpeg"}],"author":"Yoelvzla","twitter_card":"summary_large_image","twitter_misc":{"Escrito por":"Yoelvzla","Tiempo estimado de lectura":"1 minuto"},"schema":{"@context":"https:\/\/schema.org","@graph":[{"@type":"Article","@id":"https:\/\/noti-america.com\/site\/mexico\/2022\/03\/09\/andaniel-y-la-produc-se-apoderan-de-las-plataformas-digitales-con-hasta-abajo\/#article","isPartOf":{"@id":"https:\/\/noti-america.com\/site\/mexico\/2022\/03\/09\/andaniel-y-la-produc-se-apoderan-de-las-plataformas-digitales-con-hasta-abajo\/"},"author":{"name":"Yoelvzla","@id":"https:\/\/noti-america.com\/site\/mexico\/#\/schema\/person\/376ccc7b3cc7a8d5a43c3ece07a43857"},"headline":"Andaniel y La Produc se apoderan de las plataformas digitales con \u201cHasta abajo\u201d","datePublished":"2022-03-09T15:25:08+00:00","mainEntityOfPage":{"@id":"https:\/\/noti-america.com\/site\/mexico\/2022\/03\/09\/andaniel-y-la-produc-se-apoderan-de-las-plataformas-digitales-con-hasta-abajo\/"},"wordCount":224,"commentCount":0,"publisher":{"@id":"https:\/\/noti-america.com\/site\/mexico\/#organization"},"image":{"@id":"https:\/\/noti-america.com\/site\/mexico\/2022\/03\/09\/andaniel-y-la-produc-se-apoderan-de-las-plataformas-digitales-con-hasta-abajo\/#primaryimage"},"thumbnailUrl":"https:\/\/noti-america.com\/site\/mexico\/wp-content\/uploads\/sites\/13\/2022\/03\/IMG-20220307-WA0093.jpg","articleSection":["Far\u00e1ndula","M\u00fasica"],"inLanguage":"es","potentialAction":[{"@type":"CommentAction","name":"Comment","target":["https:\/\/noti-america.com\/site\/mexico\/2022\/03\/09\/andaniel-y-la-produc-se-apoderan-de-las-plataformas-digitales-con-hasta-abajo\/#respond"]}]},{"@type":"WebPage","@id":"https:\/\/noti-america.com\/site\/mexico\/2022\/03\/09\/andaniel-y-la-produc-se-apoderan-de-las-plataformas-digitales-con-hasta-abajo\/","url":"https:\/\/noti-america.com\/site\/mexico\/2022\/03\/09\/andaniel-y-la-produc-se-apoderan-de-las-plataformas-digitales-con-hasta-abajo\/","name":"Andaniel y La Produc se apoderan de las plataformas digitales con \u201cHasta abajo\u201d - M\u00e9xico","isPartOf":{"@id":"https:\/\/noti-america.com\/site\/mexico\/#website"},"primaryImageOfPage":{"@id":"https:\/\/noti-america.com\/site\/mexico\/2022\/03\/09\/andaniel-y-la-produc-se-apoderan-de-las-plataformas-digitales-con-hasta-abajo\/#primaryimage"},"image":{"@id":"https:\/\/noti-america.com\/site\/mexico\/2022\/03\/09\/andaniel-y-la-produc-se-apoderan-de-las-plataformas-digitales-con-hasta-abajo\/#primaryimage"},"thumbnailUrl":"https:\/\/noti-america.com\/site\/mexico\/wp-content\/uploads\/sites\/13\/2022\/03\/IMG-20220307-WA0093.jpg","datePublished":"2022-03-09T15:25:08+00:00","breadcrumb":{"@id":"https:\/\/noti-america.com\/site\/mexico\/2022\/03\/09\/andaniel-y-la-produc-se-apoderan-de-las-plataformas-digitales-con-hasta-abajo\/#breadcrumb"},"inLanguage":"es","potentialAction":[{"@type":"ReadAction","target":["https:\/\/noti-america.com\/site\/mexico\/2022\/03\/09\/andaniel-y-la-produc-se-apoderan-de-las-plataformas-digitales-con-hasta-abajo\/"]}]},{"@type":"ImageObject","inLanguage":"es","@id":"https:\/\/noti-america.com\/site\/mexico\/2022\/03\/09\/andaniel-y-la-produc-se-apoderan-de-las-plataformas-digitales-con-hasta-abajo\/#primaryimage","url":"https:\/\/noti-america.com\/site\/mexico\/wp-content\/uploads\/sites\/13\/2022\/03\/IMG-20220307-WA0093.jpg","contentUrl":"https:\/\/noti-america.com\/site\/mexico\/wp-content\/uploads\/sites\/13\/2022\/03\/IMG-20220307-WA0093.jpg","width":1065,"height":1080},{"@type":"BreadcrumbList","@id":"https:\/\/noti-america.com\/site\/mexico\/2022\/03\/09\/andaniel-y-la-produc-se-apoderan-de-las-plataformas-digitales-con-hasta-abajo\/#breadcrumb","itemListElement":[{"@type":"ListItem","position":1,"name":"Portada","item":"https:\/\/noti-america.com\/site\/mexico\/"},{"@type":"ListItem","position":2,"name":"Andaniel y La Produc se apoderan de las plataformas digitales con \u201cHasta abajo\u201d"}]},{"@type":"WebSite","@id":"https:\/\/noti-america.com\/site\/mexico\/#website","url":"https:\/\/noti-america.com\/site\/mexico\/","name":"M\u00e9xico | Noti-America.com","description":"","publisher":{"@id":"https:\/\/noti-america.com\/site\/mexico\/#organization"},"potentialAction":[{"@type":"SearchAction","target":{"@type":"EntryPoint","urlTemplate":"https:\/\/noti-america.com\/site\/mexico\/?s={search_term_string}"},"query-input":{"@type":"PropertyValueSpecification","valueRequired":true,"valueName":"search_term_string"}}],"inLanguage":"es"},{"@type":"Organization","@id":"https:\/\/noti-america.com\/site\/mexico\/#organization","name":"Noti-America LLC | M\u00e9xico","url":"https:\/\/noti-america.com\/site\/mexico\/","logo":{"@type":"ImageObject","inLanguage":"es","@id":"https:\/\/noti-america.com\/site\/mexico\/#\/schema\/logo\/image\/","url":"https:\/\/noti-america.com\/site\/mexico\/wp-content\/uploads\/sites\/13\/2020\/07\/LogoNA-4x3-1.jpg","contentUrl":"https:\/\/noti-america.com\/site\/mexico\/wp-content\/uploads\/sites\/13\/2020\/07\/LogoNA-4x3-1.jpg","width":1236,"height":1080,"caption":"Noti-America LLC | M\u00e9xico"},"image":{"@id":"https:\/\/noti-america.com\/site\/mexico\/#\/schema\/logo\/image\/"}},{"@type":"Person","@id":"https:\/\/noti-america.com\/site\/mexico\/#\/schema\/person\/376ccc7b3cc7a8d5a43c3ece07a43857","name":"Yoelvzla","image":{"@type":"ImageObject","inLanguage":"es","@id":"https:\/\/secure.gravatar.com\/avatar\/13a96a72123e0e9aa76fe82e8847f726c63a1c5ef6a8d0fadd844c1a5a83b212?s=96&d=mm&r=g","url":"https:\/\/secure.gravatar.com\/avatar\/13a96a72123e0e9aa76fe82e8847f726c63a1c5ef6a8d0fadd844c1a5a83b212?s=96&d=mm&r=g","contentUrl":"https:\/\/secure.gravatar.com\/avatar\/13a96a72123e0e9aa76fe82e8847f726c63a1c5ef6a8d0fadd844c1a5a83b212?s=96&d=mm&r=g","caption":"Yoelvzla"},"url":"https:\/\/noti-america.com\/site\/mexico\/author\/ydiaz\/"}]}},"_links":{"self":[{"href":"https:\/\/noti-america.com\/site\/mexico\/wp-json\/wp\/v2\/posts\/7518","targetHints":{"allow":["GET"]}}],"collection":[{"href":"https:\/\/noti-america.com\/site\/mexico\/wp-json\/wp\/v2\/posts"}],"about":[{"href":"https:\/\/noti-america.com\/site\/mexico\/wp-json\/wp\/v2\/types\/post"}],"author":[{"embeddable":true,"href":"https:\/\/noti-america.com\/site\/mexico\/wp-json\/wp\/v2\/users\/127"}],"replies":[{"embeddable":true,"href":"https:\/\/noti-america.com\/site\/mexico\/wp-json\/wp\/v2\/comments?post=7518"}],"version-history":[{"count":1,"href":"https:\/\/noti-america.com\/site\/mexico\/wp-json\/wp\/v2\/posts\/7518\/revisions"}],"predecessor-version":[{"id":7520,"href":"https:\/\/noti-america.com\/site\/mexico\/wp-json\/wp\/v2\/posts\/7518\/revisions\/7520"}],"wp:featuredmedia":[{"embeddable":true,"href":"https:\/\/noti-america.com\/site\/mexico\/wp-json\/wp\/v2\/media\/7519"}],"wp:attachment":[{"href":"https:\/\/noti-america.com\/site\/mexico\/wp-json\/wp\/v2\/media?parent=7518"}],"wp:term":[{"taxonomy":"category","embeddable":true,"href":"https:\/\/noti-america.com\/site\/mexico\/wp-json\/wp\/v2\/categories?post=7518"},{"taxonomy":"post_tag","embeddable":true,"href":"https:\/\/noti-america.com\/site\/mexico\/wp-json\/wp\/v2\/tags?post=7518"}],"curies":[{"name":"wp","href":"https:\/\/api.w.org\/{rel}","templated":true}]}}