{"id":7515,"date":"2022-03-09T14:47:40","date_gmt":"2022-03-09T14:47:40","guid":{"rendered":"https:\/\/noti-america.com\/site\/mexico\/?p=7515"},"modified":"2022-03-09T14:47:40","modified_gmt":"2022-03-09T14:47:40","slug":"conviasa-inaugurara-el-21-de-marzo-la-conexion-caracas-santa-lucia-mexico","status":"publish","type":"post","link":"https:\/\/noti-america.com\/site\/mexico\/2022\/03\/09\/conviasa-inaugurara-el-21-de-marzo-la-conexion-caracas-santa-lucia-mexico\/","title":{"rendered":"Conviasa inaugurar\u00e1 el 21 de marzo la conexi\u00f3n Caracas-Santa Luc\u00eda, M\u00e9xico"},"content":{"rendered":"<div>El Consorcio Venezolano de Industrias Aeron\u00e1uticas y Servicios A\u00e9reos (Conviasa), se prepara para iniciar el pr\u00f3ximo <strong>21 de marzo<\/strong> su vuelo comercial entre <strong>Caracas y Santa Luc\u00eda, M\u00e9xico<\/strong>.<\/div>\n<div dir=\"ltr\"><\/div>\n<div>Con la apertura de este destino, ser\u00edan dos las conexiones que ofrecer\u00eda Conviasa entre Venezuela y el pa\u00eds azteca, ya que actualmente realiza la ruta hacia <strong>Canc\u00fan<\/strong>.<\/div>\n<div dir=\"ltr\"><\/div>\n<div>Inicialmente el vuelo operar\u00e1 los lunes, con salida desde el <strong>Aeropuerto Internacional de Maiquet\u00eda \u201cSim\u00f3n Bol\u00edvar\u201d<\/strong>, a las 10:00 de la ma\u00f1ana, retornando ese mismo d\u00eda, desde el nuevo <strong>Aeropuerto Internacional Felipe de \u00c1ngeles (AIFA)<\/strong>, a las 04:00 de la tarde.<\/div>\n<div dir=\"ltr\"><\/div>\n<div>AIFA ubicado en la <strong>Base A\u00e9rea Militar de Santa Luc\u00eda, municipio Zumpango<\/strong>, innovadora obra que permitir\u00e1 mayor interconexi\u00f3n lo que propiciar\u00e1 el incremento del turismo y de la actividad econ\u00f3mica entre <strong>Venezuela y M\u00e9xico<\/strong>.<\/div>\n<div dir=\"ltr\"><\/div>\n<div>Como tarifa promocional la estatal aeron\u00e1utica oferta el <strong>boleto ida y vuelta a 371 d\u00f3lares<\/strong>, que puede ser adquirido a trav\u00e9s del sitio web de la aerol\u00ednea www.conviasa.aero, oficinas comerciales y agencias de viajes autorizadas. Para informaci\u00f3n adicional la l\u00ednea a\u00e9rea tambi\u00e9n cuenta con el n\u00famero de atenci\u00f3n v\u00eda whatsapp <strong>0414-3991245<\/strong>.<\/div>\n<div dir=\"ltr\"><\/div>\n<div>Es as\u00ed como Conviasa contin\u00faa concretando sus planes de expansi\u00f3n internacional, con el fin de cubrir la demanda de pasajeros. Cabe recordar, que el pasado mes de septiembre de 2021, durante la realizaci\u00f3n de la Feria Aeroespacial Mexicana (FAMEX), el \u00a0viceministro del Poder Popular para el Transporte y presidente de Conviasa, Ram\u00f3n Vel\u00e1squez Araguay\u00e1n, inform\u00f3 que la aerol\u00ednea estimaba activar la conexi\u00f3n entre Caracas y Santa Luc\u00eda.<\/div>\n<div dir=\"ltr\"><\/div>\n<p>Prensa Conviasa\/Periodista: Lilibel Tabares<\/p>\n","protected":false},"excerpt":{"rendered":"<p>El Consorcio Venezolano de Industrias Aeron\u00e1uticas y Servicios A\u00e9reos (Conviasa), se prepara para iniciar el pr\u00f3ximo 21 de marzo su vuelo comercial entre Caracas y Santa Luc\u00eda, M\u00e9xico. Con la apertura de este destino,&#46;&#46;&#46;<\/p>\n","protected":false},"author":127,"featured_media":7516,"comment_status":"open","ping_status":"open","sticky":false,"template":"","format":"image","meta":{"_acf_changed":false,"om_disable_all_campaigns":false,"rop_custom_images_group":[],"rop_custom_messages_group":[],"rop_publish_now":"initial","rop_publish_now_accounts":{"twitter_242054905_242054905":""},"rop_publish_now_history":[],"rop_publish_now_status":"pending","_uf_show_specific_survey":0,"_uf_disable_surveys":false,"footnotes":""},"categories":[739],"tags":[866],"class_list":["post-7515","post","type-post","status-publish","format-image","has-post-thumbnail","hentry","category-turismo-2","tag-conviasa","post_format-post-format-image"],"acf":[],"aioseo_notices":[],"yoast_head":"<!-- This site is optimized with the Yoast SEO Premium plugin v24.9 (Yoast SEO v27.2) - https:\/\/yoast.com\/product\/yoast-seo-premium-wordpress\/ -->\n<title>Conviasa inaugurar\u00e1 el 21 de marzo la conexi\u00f3n Caracas-Santa Luc\u00eda, M\u00e9xico - M\u00e9xico<\/title>\n<meta name=\"robots\" content=\"index, follow, max-snippet:-1, max-image-preview:large, max-video-preview:-1\" \/>\n<link rel=\"canonical\" href=\"https:\/\/noti-america.com\/site\/mexico\/2022\/03\/09\/conviasa-inaugurara-el-21-de-marzo-la-conexion-caracas-santa-lucia-mexico\/\" \/>\n<meta property=\"og:locale\" content=\"es_ES\" \/>\n<meta property=\"og:type\" content=\"article\" \/>\n<meta property=\"og:title\" content=\"Conviasa inaugurar\u00e1 el 21 de marzo la conexi\u00f3n Caracas-Santa Luc\u00eda, M\u00e9xico\" \/>\n<meta property=\"og:description\" content=\"El Consorcio Venezolano de Industrias Aeron\u00e1uticas y Servicios A\u00e9reos (Conviasa), se prepara para iniciar el pr\u00f3ximo 21 de marzo su vuelo comercial entre Caracas y Santa Luc\u00eda, M\u00e9xico. Con la apertura de este destino,&#046;&#046;&#046;\" \/>\n<meta property=\"og:url\" content=\"https:\/\/noti-america.com\/site\/mexico\/2022\/03\/09\/conviasa-inaugurara-el-21-de-marzo-la-conexion-caracas-santa-lucia-mexico\/\" \/>\n<meta property=\"og:site_name\" content=\"M\u00e9xico\" \/>\n<meta property=\"article:published_time\" content=\"2022-03-09T14:47:40+00:00\" \/>\n<meta property=\"og:image\" content=\"https:\/\/noti-america.com\/site\/mexico\/wp-content\/uploads\/sites\/13\/2022\/03\/conviasa.jpg\" \/>\n\t<meta property=\"og:image:width\" content=\"800\" \/>\n\t<meta property=\"og:image:height\" content=\"533\" \/>\n\t<meta property=\"og:image:type\" content=\"image\/jpeg\" \/>\n<meta name=\"author\" content=\"Yoelvzla\" \/>\n<meta name=\"twitter:card\" content=\"summary_large_image\" \/>\n<meta name=\"twitter:label1\" content=\"Escrito por\" \/>\n\t<meta name=\"twitter:data1\" content=\"Yoelvzla\" \/>\n\t<meta name=\"twitter:label2\" content=\"Tiempo estimado de lectura\" \/>\n\t<meta name=\"twitter:data2\" content=\"2 minutos\" \/>\n<script type=\"application\/ld+json\" class=\"yoast-schema-graph\">{\"@context\":\"https:\/\/schema.org\",\"@graph\":[{\"@type\":\"Article\",\"@id\":\"https:\/\/noti-america.com\/site\/mexico\/2022\/03\/09\/conviasa-inaugurara-el-21-de-marzo-la-conexion-caracas-santa-lucia-mexico\/#article\",\"isPartOf\":{\"@id\":\"https:\/\/noti-america.com\/site\/mexico\/2022\/03\/09\/conviasa-inaugurara-el-21-de-marzo-la-conexion-caracas-santa-lucia-mexico\/\"},\"author\":{\"name\":\"Yoelvzla\",\"@id\":\"https:\/\/noti-america.com\/site\/mexico\/#\/schema\/person\/376ccc7b3cc7a8d5a43c3ece07a43857\"},\"headline\":\"Conviasa inaugurar\u00e1 el 21 de marzo la conexi\u00f3n Caracas-Santa Luc\u00eda, M\u00e9xico\",\"datePublished\":\"2022-03-09T14:47:40+00:00\",\"mainEntityOfPage\":{\"@id\":\"https:\/\/noti-america.com\/site\/mexico\/2022\/03\/09\/conviasa-inaugurara-el-21-de-marzo-la-conexion-caracas-santa-lucia-mexico\/\"},\"wordCount\":302,\"commentCount\":0,\"publisher\":{\"@id\":\"https:\/\/noti-america.com\/site\/mexico\/#organization\"},\"image\":{\"@id\":\"https:\/\/noti-america.com\/site\/mexico\/2022\/03\/09\/conviasa-inaugurara-el-21-de-marzo-la-conexion-caracas-santa-lucia-mexico\/#primaryimage\"},\"thumbnailUrl\":\"https:\/\/noti-america.com\/site\/mexico\/wp-content\/uploads\/sites\/13\/2022\/03\/conviasa.jpg\",\"keywords\":[\"#Conviasa\"],\"articleSection\":[\"Turismo\"],\"inLanguage\":\"es\",\"potentialAction\":[{\"@type\":\"CommentAction\",\"name\":\"Comment\",\"target\":[\"https:\/\/noti-america.com\/site\/mexico\/2022\/03\/09\/conviasa-inaugurara-el-21-de-marzo-la-conexion-caracas-santa-lucia-mexico\/#respond\"]}]},{\"@type\":\"WebPage\",\"@id\":\"https:\/\/noti-america.com\/site\/mexico\/2022\/03\/09\/conviasa-inaugurara-el-21-de-marzo-la-conexion-caracas-santa-lucia-mexico\/\",\"url\":\"https:\/\/noti-america.com\/site\/mexico\/2022\/03\/09\/conviasa-inaugurara-el-21-de-marzo-la-conexion-caracas-santa-lucia-mexico\/\",\"name\":\"Conviasa inaugurar\u00e1 el 21 de marzo la conexi\u00f3n Caracas-Santa Luc\u00eda, M\u00e9xico - M\u00e9xico\",\"isPartOf\":{\"@id\":\"https:\/\/noti-america.com\/site\/mexico\/#website\"},\"primaryImageOfPage\":{\"@id\":\"https:\/\/noti-america.com\/site\/mexico\/2022\/03\/09\/conviasa-inaugurara-el-21-de-marzo-la-conexion-caracas-santa-lucia-mexico\/#primaryimage\"},\"image\":{\"@id\":\"https:\/\/noti-america.com\/site\/mexico\/2022\/03\/09\/conviasa-inaugurara-el-21-de-marzo-la-conexion-caracas-santa-lucia-mexico\/#primaryimage\"},\"thumbnailUrl\":\"https:\/\/noti-america.com\/site\/mexico\/wp-content\/uploads\/sites\/13\/2022\/03\/conviasa.jpg\",\"datePublished\":\"2022-03-09T14:47:40+00:00\",\"breadcrumb\":{\"@id\":\"https:\/\/noti-america.com\/site\/mexico\/2022\/03\/09\/conviasa-inaugurara-el-21-de-marzo-la-conexion-caracas-santa-lucia-mexico\/#breadcrumb\"},\"inLanguage\":\"es\",\"potentialAction\":[{\"@type\":\"ReadAction\",\"target\":[\"https:\/\/noti-america.com\/site\/mexico\/2022\/03\/09\/conviasa-inaugurara-el-21-de-marzo-la-conexion-caracas-santa-lucia-mexico\/\"]}]},{\"@type\":\"ImageObject\",\"inLanguage\":\"es\",\"@id\":\"https:\/\/noti-america.com\/site\/mexico\/2022\/03\/09\/conviasa-inaugurara-el-21-de-marzo-la-conexion-caracas-santa-lucia-mexico\/#primaryimage\",\"url\":\"https:\/\/noti-america.com\/site\/mexico\/wp-content\/uploads\/sites\/13\/2022\/03\/conviasa.jpg\",\"contentUrl\":\"https:\/\/noti-america.com\/site\/mexico\/wp-content\/uploads\/sites\/13\/2022\/03\/conviasa.jpg\",\"width\":800,\"height\":533},{\"@type\":\"BreadcrumbList\",\"@id\":\"https:\/\/noti-america.com\/site\/mexico\/2022\/03\/09\/conviasa-inaugurara-el-21-de-marzo-la-conexion-caracas-santa-lucia-mexico\/#breadcrumb\",\"itemListElement\":[{\"@type\":\"ListItem\",\"position\":1,\"name\":\"Portada\",\"item\":\"https:\/\/noti-america.com\/site\/mexico\/\"},{\"@type\":\"ListItem\",\"position\":2,\"name\":\"Conviasa inaugurar\u00e1 el 21 de marzo la conexi\u00f3n Caracas-Santa Luc\u00eda, M\u00e9xico\"}]},{\"@type\":\"WebSite\",\"@id\":\"https:\/\/noti-america.com\/site\/mexico\/#website\",\"url\":\"https:\/\/noti-america.com\/site\/mexico\/\",\"name\":\"M\u00e9xico | Noti-America.com\",\"description\":\"\",\"publisher\":{\"@id\":\"https:\/\/noti-america.com\/site\/mexico\/#organization\"},\"potentialAction\":[{\"@type\":\"SearchAction\",\"target\":{\"@type\":\"EntryPoint\",\"urlTemplate\":\"https:\/\/noti-america.com\/site\/mexico\/?s={search_term_string}\"},\"query-input\":{\"@type\":\"PropertyValueSpecification\",\"valueRequired\":true,\"valueName\":\"search_term_string\"}}],\"inLanguage\":\"es\"},{\"@type\":\"Organization\",\"@id\":\"https:\/\/noti-america.com\/site\/mexico\/#organization\",\"name\":\"Noti-America LLC | M\u00e9xico\",\"url\":\"https:\/\/noti-america.com\/site\/mexico\/\",\"logo\":{\"@type\":\"ImageObject\",\"inLanguage\":\"es\",\"@id\":\"https:\/\/noti-america.com\/site\/mexico\/#\/schema\/logo\/image\/\",\"url\":\"https:\/\/noti-america.com\/site\/mexico\/wp-content\/uploads\/sites\/13\/2020\/07\/LogoNA-4x3-1.jpg\",\"contentUrl\":\"https:\/\/noti-america.com\/site\/mexico\/wp-content\/uploads\/sites\/13\/2020\/07\/LogoNA-4x3-1.jpg\",\"width\":1236,\"height\":1080,\"caption\":\"Noti-America LLC | M\u00e9xico\"},\"image\":{\"@id\":\"https:\/\/noti-america.com\/site\/mexico\/#\/schema\/logo\/image\/\"}},{\"@type\":\"Person\",\"@id\":\"https:\/\/noti-america.com\/site\/mexico\/#\/schema\/person\/376ccc7b3cc7a8d5a43c3ece07a43857\",\"name\":\"Yoelvzla\",\"image\":{\"@type\":\"ImageObject\",\"inLanguage\":\"es\",\"@id\":\"https:\/\/secure.gravatar.com\/avatar\/13a96a72123e0e9aa76fe82e8847f726c63a1c5ef6a8d0fadd844c1a5a83b212?s=96&d=mm&r=g\",\"url\":\"https:\/\/secure.gravatar.com\/avatar\/13a96a72123e0e9aa76fe82e8847f726c63a1c5ef6a8d0fadd844c1a5a83b212?s=96&d=mm&r=g\",\"contentUrl\":\"https:\/\/secure.gravatar.com\/avatar\/13a96a72123e0e9aa76fe82e8847f726c63a1c5ef6a8d0fadd844c1a5a83b212?s=96&d=mm&r=g\",\"caption\":\"Yoelvzla\"},\"url\":\"https:\/\/noti-america.com\/site\/mexico\/author\/ydiaz\/\"}]}<\/script>\n<!-- \/ Yoast SEO Premium plugin. -->","yoast_head_json":{"title":"Conviasa inaugurar\u00e1 el 21 de marzo la conexi\u00f3n Caracas-Santa Luc\u00eda, M\u00e9xico - M\u00e9xico","robots":{"index":"index","follow":"follow","max-snippet":"max-snippet:-1","max-image-preview":"max-image-preview:large","max-video-preview":"max-video-preview:-1"},"canonical":"https:\/\/noti-america.com\/site\/mexico\/2022\/03\/09\/conviasa-inaugurara-el-21-de-marzo-la-conexion-caracas-santa-lucia-mexico\/","og_locale":"es_ES","og_type":"article","og_title":"Conviasa inaugurar\u00e1 el 21 de marzo la conexi\u00f3n Caracas-Santa Luc\u00eda, M\u00e9xico","og_description":"El Consorcio Venezolano de Industrias Aeron\u00e1uticas y Servicios A\u00e9reos (Conviasa), se prepara para iniciar el pr\u00f3ximo 21 de marzo su vuelo comercial entre Caracas y Santa Luc\u00eda, M\u00e9xico. Con la apertura de este destino,&#46;&#46;&#46;","og_url":"https:\/\/noti-america.com\/site\/mexico\/2022\/03\/09\/conviasa-inaugurara-el-21-de-marzo-la-conexion-caracas-santa-lucia-mexico\/","og_site_name":"M\u00e9xico","article_published_time":"2022-03-09T14:47:40+00:00","og_image":[{"width":800,"height":533,"url":"https:\/\/noti-america.com\/site\/mexico\/wp-content\/uploads\/sites\/13\/2022\/03\/conviasa.jpg","type":"image\/jpeg"}],"author":"Yoelvzla","twitter_card":"summary_large_image","twitter_misc":{"Escrito por":"Yoelvzla","Tiempo estimado de lectura":"2 minutos"},"schema":{"@context":"https:\/\/schema.org","@graph":[{"@type":"Article","@id":"https:\/\/noti-america.com\/site\/mexico\/2022\/03\/09\/conviasa-inaugurara-el-21-de-marzo-la-conexion-caracas-santa-lucia-mexico\/#article","isPartOf":{"@id":"https:\/\/noti-america.com\/site\/mexico\/2022\/03\/09\/conviasa-inaugurara-el-21-de-marzo-la-conexion-caracas-santa-lucia-mexico\/"},"author":{"name":"Yoelvzla","@id":"https:\/\/noti-america.com\/site\/mexico\/#\/schema\/person\/376ccc7b3cc7a8d5a43c3ece07a43857"},"headline":"Conviasa inaugurar\u00e1 el 21 de marzo la conexi\u00f3n Caracas-Santa Luc\u00eda, M\u00e9xico","datePublished":"2022-03-09T14:47:40+00:00","mainEntityOfPage":{"@id":"https:\/\/noti-america.com\/site\/mexico\/2022\/03\/09\/conviasa-inaugurara-el-21-de-marzo-la-conexion-caracas-santa-lucia-mexico\/"},"wordCount":302,"commentCount":0,"publisher":{"@id":"https:\/\/noti-america.com\/site\/mexico\/#organization"},"image":{"@id":"https:\/\/noti-america.com\/site\/mexico\/2022\/03\/09\/conviasa-inaugurara-el-21-de-marzo-la-conexion-caracas-santa-lucia-mexico\/#primaryimage"},"thumbnailUrl":"https:\/\/noti-america.com\/site\/mexico\/wp-content\/uploads\/sites\/13\/2022\/03\/conviasa.jpg","keywords":["#Conviasa"],"articleSection":["Turismo"],"inLanguage":"es","potentialAction":[{"@type":"CommentAction","name":"Comment","target":["https:\/\/noti-america.com\/site\/mexico\/2022\/03\/09\/conviasa-inaugurara-el-21-de-marzo-la-conexion-caracas-santa-lucia-mexico\/#respond"]}]},{"@type":"WebPage","@id":"https:\/\/noti-america.com\/site\/mexico\/2022\/03\/09\/conviasa-inaugurara-el-21-de-marzo-la-conexion-caracas-santa-lucia-mexico\/","url":"https:\/\/noti-america.com\/site\/mexico\/2022\/03\/09\/conviasa-inaugurara-el-21-de-marzo-la-conexion-caracas-santa-lucia-mexico\/","name":"Conviasa inaugurar\u00e1 el 21 de marzo la conexi\u00f3n Caracas-Santa Luc\u00eda, M\u00e9xico - M\u00e9xico","isPartOf":{"@id":"https:\/\/noti-america.com\/site\/mexico\/#website"},"primaryImageOfPage":{"@id":"https:\/\/noti-america.com\/site\/mexico\/2022\/03\/09\/conviasa-inaugurara-el-21-de-marzo-la-conexion-caracas-santa-lucia-mexico\/#primaryimage"},"image":{"@id":"https:\/\/noti-america.com\/site\/mexico\/2022\/03\/09\/conviasa-inaugurara-el-21-de-marzo-la-conexion-caracas-santa-lucia-mexico\/#primaryimage"},"thumbnailUrl":"https:\/\/noti-america.com\/site\/mexico\/wp-content\/uploads\/sites\/13\/2022\/03\/conviasa.jpg","datePublished":"2022-03-09T14:47:40+00:00","breadcrumb":{"@id":"https:\/\/noti-america.com\/site\/mexico\/2022\/03\/09\/conviasa-inaugurara-el-21-de-marzo-la-conexion-caracas-santa-lucia-mexico\/#breadcrumb"},"inLanguage":"es","potentialAction":[{"@type":"ReadAction","target":["https:\/\/noti-america.com\/site\/mexico\/2022\/03\/09\/conviasa-inaugurara-el-21-de-marzo-la-conexion-caracas-santa-lucia-mexico\/"]}]},{"@type":"ImageObject","inLanguage":"es","@id":"https:\/\/noti-america.com\/site\/mexico\/2022\/03\/09\/conviasa-inaugurara-el-21-de-marzo-la-conexion-caracas-santa-lucia-mexico\/#primaryimage","url":"https:\/\/noti-america.com\/site\/mexico\/wp-content\/uploads\/sites\/13\/2022\/03\/conviasa.jpg","contentUrl":"https:\/\/noti-america.com\/site\/mexico\/wp-content\/uploads\/sites\/13\/2022\/03\/conviasa.jpg","width":800,"height":533},{"@type":"BreadcrumbList","@id":"https:\/\/noti-america.com\/site\/mexico\/2022\/03\/09\/conviasa-inaugurara-el-21-de-marzo-la-conexion-caracas-santa-lucia-mexico\/#breadcrumb","itemListElement":[{"@type":"ListItem","position":1,"name":"Portada","item":"https:\/\/noti-america.com\/site\/mexico\/"},{"@type":"ListItem","position":2,"name":"Conviasa inaugurar\u00e1 el 21 de marzo la conexi\u00f3n Caracas-Santa Luc\u00eda, M\u00e9xico"}]},{"@type":"WebSite","@id":"https:\/\/noti-america.com\/site\/mexico\/#website","url":"https:\/\/noti-america.com\/site\/mexico\/","name":"M\u00e9xico | Noti-America.com","description":"","publisher":{"@id":"https:\/\/noti-america.com\/site\/mexico\/#organization"},"potentialAction":[{"@type":"SearchAction","target":{"@type":"EntryPoint","urlTemplate":"https:\/\/noti-america.com\/site\/mexico\/?s={search_term_string}"},"query-input":{"@type":"PropertyValueSpecification","valueRequired":true,"valueName":"search_term_string"}}],"inLanguage":"es"},{"@type":"Organization","@id":"https:\/\/noti-america.com\/site\/mexico\/#organization","name":"Noti-America LLC | M\u00e9xico","url":"https:\/\/noti-america.com\/site\/mexico\/","logo":{"@type":"ImageObject","inLanguage":"es","@id":"https:\/\/noti-america.com\/site\/mexico\/#\/schema\/logo\/image\/","url":"https:\/\/noti-america.com\/site\/mexico\/wp-content\/uploads\/sites\/13\/2020\/07\/LogoNA-4x3-1.jpg","contentUrl":"https:\/\/noti-america.com\/site\/mexico\/wp-content\/uploads\/sites\/13\/2020\/07\/LogoNA-4x3-1.jpg","width":1236,"height":1080,"caption":"Noti-America LLC | M\u00e9xico"},"image":{"@id":"https:\/\/noti-america.com\/site\/mexico\/#\/schema\/logo\/image\/"}},{"@type":"Person","@id":"https:\/\/noti-america.com\/site\/mexico\/#\/schema\/person\/376ccc7b3cc7a8d5a43c3ece07a43857","name":"Yoelvzla","image":{"@type":"ImageObject","inLanguage":"es","@id":"https:\/\/secure.gravatar.com\/avatar\/13a96a72123e0e9aa76fe82e8847f726c63a1c5ef6a8d0fadd844c1a5a83b212?s=96&d=mm&r=g","url":"https:\/\/secure.gravatar.com\/avatar\/13a96a72123e0e9aa76fe82e8847f726c63a1c5ef6a8d0fadd844c1a5a83b212?s=96&d=mm&r=g","contentUrl":"https:\/\/secure.gravatar.com\/avatar\/13a96a72123e0e9aa76fe82e8847f726c63a1c5ef6a8d0fadd844c1a5a83b212?s=96&d=mm&r=g","caption":"Yoelvzla"},"url":"https:\/\/noti-america.com\/site\/mexico\/author\/ydiaz\/"}]}},"_links":{"self":[{"href":"https:\/\/noti-america.com\/site\/mexico\/wp-json\/wp\/v2\/posts\/7515","targetHints":{"allow":["GET"]}}],"collection":[{"href":"https:\/\/noti-america.com\/site\/mexico\/wp-json\/wp\/v2\/posts"}],"about":[{"href":"https:\/\/noti-america.com\/site\/mexico\/wp-json\/wp\/v2\/types\/post"}],"author":[{"embeddable":true,"href":"https:\/\/noti-america.com\/site\/mexico\/wp-json\/wp\/v2\/users\/127"}],"replies":[{"embeddable":true,"href":"https:\/\/noti-america.com\/site\/mexico\/wp-json\/wp\/v2\/comments?post=7515"}],"version-history":[{"count":1,"href":"https:\/\/noti-america.com\/site\/mexico\/wp-json\/wp\/v2\/posts\/7515\/revisions"}],"predecessor-version":[{"id":7517,"href":"https:\/\/noti-america.com\/site\/mexico\/wp-json\/wp\/v2\/posts\/7515\/revisions\/7517"}],"wp:featuredmedia":[{"embeddable":true,"href":"https:\/\/noti-america.com\/site\/mexico\/wp-json\/wp\/v2\/media\/7516"}],"wp:attachment":[{"href":"https:\/\/noti-america.com\/site\/mexico\/wp-json\/wp\/v2\/media?parent=7515"}],"wp:term":[{"taxonomy":"category","embeddable":true,"href":"https:\/\/noti-america.com\/site\/mexico\/wp-json\/wp\/v2\/categories?post=7515"},{"taxonomy":"post_tag","embeddable":true,"href":"https:\/\/noti-america.com\/site\/mexico\/wp-json\/wp\/v2\/tags?post=7515"}],"curies":[{"name":"wp","href":"https:\/\/api.w.org\/{rel}","templated":true}]}}