{"id":7474,"date":"2022-03-03T01:45:49","date_gmt":"2022-03-03T01:45:49","guid":{"rendered":"https:\/\/noti-america.com\/site\/mexico\/?p=7474"},"modified":"2022-03-03T01:50:46","modified_gmt":"2022-03-03T01:50:46","slug":"arlet-boy-al-son-de-la-linea","status":"publish","type":"post","link":"https:\/\/noti-america.com\/site\/mexico\/2022\/03\/03\/arlet-boy-al-son-de-la-linea\/","title":{"rendered":"Arlet Boy al son de \u201cLa L\u00ednea\u201d"},"content":{"rendered":"<div>\n<div>\n<div>El cantante venezolano <strong>Artet Boy<\/strong> estren\u00f3 su \u00faltima producci\u00f3n discogr\u00e1fica llamada <strong>\u201cLa L\u00ednea\u201d<\/strong>, cuenta tambi\u00e9n con un audiovisual que fue estrenado desde la red social de <strong>YouTube<\/strong> el pasado10 de enero y ya cuenta con m\u00e1s de <strong>cien mil<\/strong> reproducciones, adem\u00e1s ya est\u00e1 disponible en todas las plataformas digitales para realizar la descarga. \u00a0Desde hace un tiempo se encuentra radicado en los <strong>Estados Unidos<\/strong> donde est\u00e1 conquistando los corazones del norte.<\/div>\n<\/div>\n<div><\/div>\n<div>\n<div><\/div>\n<div><\/div>\n<div><a href=\"https:\/\/www.youtube.com\/watch?v=baL5hS2I-EM\">https:\/\/www.youtube.com\/watch?v=baL5hS2I-EM<\/a><\/div>\n<\/div>\n<\/div>\n<div><\/div>\n<div><\/div>\n<div>\n<div>\n<div><\/div>\n<div dir=\"ltr\"><\/div>\n<div>Se espera que en unas semanas su nuevo sencillo ya pueda estar disponible en las radios de su tierra natal, cuenta con el apoyo de importantes figuras del g\u00e9nero urbano en <strong>Puerto Rico<\/strong>, el criollo busca llevar su m\u00fasica a todos los continentes y asi representar su tricolor fuera de nuestras fronteras.<\/div>\n<\/div>\n<\/div>\n<div><\/div>\n<div><\/div>\n<ul>\n<li><\/li>\n<\/ul>\n<div>\n<div>\n<div dir=\"ltr\"><\/div>\n<p>Desde la distancia estar\u00e1 compartiendo con la prensa criolla, para hablar de sus nuevos proyectos. <strong>Arlet<\/strong> se encuentra trabajando junto a su equipo en la creaci\u00f3n de su \u00e1lbum musical, con ganas de aterrizar en su tierra para enamorar a sus fans.<\/p>\n<\/div>\n<\/div>\n<div id=\"x_ms-outlook-mobile-signature\">\n<div><\/div>\n<\/div>\n","protected":false},"excerpt":{"rendered":"<p>El cantante venezolano Artet Boy estren\u00f3 su \u00faltima producci\u00f3n discogr\u00e1fica llamada \u201cLa L\u00ednea\u201d, cuenta tambi\u00e9n con un audiovisual que fue estrenado desde la red social de YouTube el pasado10 de enero y ya cuenta&#46;&#46;&#46;<\/p>\n","protected":false},"author":127,"featured_media":7475,"comment_status":"open","ping_status":"open","sticky":false,"template":"","format":"image","meta":{"_acf_changed":false,"om_disable_all_campaigns":false,"rop_custom_images_group":[],"rop_custom_messages_group":[],"rop_publish_now":"initial","rop_publish_now_accounts":{"twitter_242054905_242054905":""},"rop_publish_now_history":[],"rop_publish_now_status":"pending","_uf_show_specific_survey":0,"_uf_disable_surveys":false,"footnotes":""},"categories":[56,38],"tags":[861],"class_list":["post-7474","post","type-post","status-publish","format-image","has-post-thumbnail","hentry","category-farandula","category-musica","tag-artetboy","post_format-post-format-image"],"acf":[],"aioseo_notices":[],"yoast_head":"<!-- This site is optimized with the Yoast SEO Premium plugin v24.9 (Yoast SEO v27.2) - https:\/\/yoast.com\/product\/yoast-seo-premium-wordpress\/ -->\n<title>Arlet Boy al son de \u201cLa L\u00ednea\u201d - M\u00e9xico<\/title>\n<meta name=\"robots\" content=\"index, follow, max-snippet:-1, max-image-preview:large, max-video-preview:-1\" \/>\n<link rel=\"canonical\" href=\"https:\/\/noti-america.com\/site\/mexico\/2022\/03\/03\/arlet-boy-al-son-de-la-linea\/\" \/>\n<meta property=\"og:locale\" content=\"es_ES\" \/>\n<meta property=\"og:type\" content=\"article\" \/>\n<meta property=\"og:title\" content=\"Arlet Boy al son de \u201cLa L\u00ednea\u201d\" \/>\n<meta property=\"og:description\" content=\"El cantante venezolano Artet Boy estren\u00f3 su \u00faltima producci\u00f3n discogr\u00e1fica llamada \u201cLa L\u00ednea\u201d, cuenta tambi\u00e9n con un audiovisual que fue estrenado desde la red social de YouTube el pasado10 de enero y ya cuenta&#046;&#046;&#046;\" \/>\n<meta property=\"og:url\" content=\"https:\/\/noti-america.com\/site\/mexico\/2022\/03\/03\/arlet-boy-al-son-de-la-linea\/\" \/>\n<meta property=\"og:site_name\" content=\"M\u00e9xico\" \/>\n<meta property=\"article:published_time\" content=\"2022-03-03T01:45:49+00:00\" \/>\n<meta property=\"article:modified_time\" content=\"2022-03-03T01:50:46+00:00\" \/>\n<meta property=\"og:image\" content=\"https:\/\/noti-america.com\/site\/mexico\/wp-content\/uploads\/sites\/13\/2022\/03\/unnamed-scaled.jpg\" \/>\n\t<meta property=\"og:image:width\" content=\"2048\" \/>\n\t<meta property=\"og:image:height\" content=\"2560\" \/>\n\t<meta property=\"og:image:type\" content=\"image\/jpeg\" \/>\n<meta name=\"author\" content=\"Yoelvzla\" \/>\n<meta name=\"twitter:card\" content=\"summary_large_image\" \/>\n<meta name=\"twitter:label1\" content=\"Escrito por\" \/>\n\t<meta name=\"twitter:data1\" content=\"Yoelvzla\" \/>\n\t<meta name=\"twitter:label2\" content=\"Tiempo estimado de lectura\" \/>\n\t<meta name=\"twitter:data2\" content=\"1 minuto\" \/>\n<script type=\"application\/ld+json\" class=\"yoast-schema-graph\">{\"@context\":\"https:\/\/schema.org\",\"@graph\":[{\"@type\":\"Article\",\"@id\":\"https:\/\/noti-america.com\/site\/mexico\/2022\/03\/03\/arlet-boy-al-son-de-la-linea\/#article\",\"isPartOf\":{\"@id\":\"https:\/\/noti-america.com\/site\/mexico\/2022\/03\/03\/arlet-boy-al-son-de-la-linea\/\"},\"author\":{\"name\":\"Yoelvzla\",\"@id\":\"https:\/\/noti-america.com\/site\/mexico\/#\/schema\/person\/376ccc7b3cc7a8d5a43c3ece07a43857\"},\"headline\":\"Arlet Boy al son de \u201cLa L\u00ednea\u201d\",\"datePublished\":\"2022-03-03T01:45:49+00:00\",\"dateModified\":\"2022-03-03T01:50:46+00:00\",\"mainEntityOfPage\":{\"@id\":\"https:\/\/noti-america.com\/site\/mexico\/2022\/03\/03\/arlet-boy-al-son-de-la-linea\/\"},\"wordCount\":191,\"commentCount\":0,\"publisher\":{\"@id\":\"https:\/\/noti-america.com\/site\/mexico\/#organization\"},\"image\":{\"@id\":\"https:\/\/noti-america.com\/site\/mexico\/2022\/03\/03\/arlet-boy-al-son-de-la-linea\/#primaryimage\"},\"thumbnailUrl\":\"https:\/\/noti-america.com\/site\/mexico\/wp-content\/uploads\/sites\/13\/2022\/03\/unnamed-scaled.jpg\",\"keywords\":[\"#ArtetBoy\"],\"articleSection\":[\"Far\u00e1ndula\",\"M\u00fasica\"],\"inLanguage\":\"es\",\"potentialAction\":[{\"@type\":\"CommentAction\",\"name\":\"Comment\",\"target\":[\"https:\/\/noti-america.com\/site\/mexico\/2022\/03\/03\/arlet-boy-al-son-de-la-linea\/#respond\"]}]},{\"@type\":\"WebPage\",\"@id\":\"https:\/\/noti-america.com\/site\/mexico\/2022\/03\/03\/arlet-boy-al-son-de-la-linea\/\",\"url\":\"https:\/\/noti-america.com\/site\/mexico\/2022\/03\/03\/arlet-boy-al-son-de-la-linea\/\",\"name\":\"Arlet Boy al son de \u201cLa L\u00ednea\u201d - M\u00e9xico\",\"isPartOf\":{\"@id\":\"https:\/\/noti-america.com\/site\/mexico\/#website\"},\"primaryImageOfPage\":{\"@id\":\"https:\/\/noti-america.com\/site\/mexico\/2022\/03\/03\/arlet-boy-al-son-de-la-linea\/#primaryimage\"},\"image\":{\"@id\":\"https:\/\/noti-america.com\/site\/mexico\/2022\/03\/03\/arlet-boy-al-son-de-la-linea\/#primaryimage\"},\"thumbnailUrl\":\"https:\/\/noti-america.com\/site\/mexico\/wp-content\/uploads\/sites\/13\/2022\/03\/unnamed-scaled.jpg\",\"datePublished\":\"2022-03-03T01:45:49+00:00\",\"dateModified\":\"2022-03-03T01:50:46+00:00\",\"breadcrumb\":{\"@id\":\"https:\/\/noti-america.com\/site\/mexico\/2022\/03\/03\/arlet-boy-al-son-de-la-linea\/#breadcrumb\"},\"inLanguage\":\"es\",\"potentialAction\":[{\"@type\":\"ReadAction\",\"target\":[\"https:\/\/noti-america.com\/site\/mexico\/2022\/03\/03\/arlet-boy-al-son-de-la-linea\/\"]}]},{\"@type\":\"ImageObject\",\"inLanguage\":\"es\",\"@id\":\"https:\/\/noti-america.com\/site\/mexico\/2022\/03\/03\/arlet-boy-al-son-de-la-linea\/#primaryimage\",\"url\":\"https:\/\/noti-america.com\/site\/mexico\/wp-content\/uploads\/sites\/13\/2022\/03\/unnamed-scaled.jpg\",\"contentUrl\":\"https:\/\/noti-america.com\/site\/mexico\/wp-content\/uploads\/sites\/13\/2022\/03\/unnamed-scaled.jpg\",\"width\":2048,\"height\":2560},{\"@type\":\"BreadcrumbList\",\"@id\":\"https:\/\/noti-america.com\/site\/mexico\/2022\/03\/03\/arlet-boy-al-son-de-la-linea\/#breadcrumb\",\"itemListElement\":[{\"@type\":\"ListItem\",\"position\":1,\"name\":\"Portada\",\"item\":\"https:\/\/noti-america.com\/site\/mexico\/\"},{\"@type\":\"ListItem\",\"position\":2,\"name\":\"Arlet Boy al son de \u201cLa L\u00ednea\u201d\"}]},{\"@type\":\"WebSite\",\"@id\":\"https:\/\/noti-america.com\/site\/mexico\/#website\",\"url\":\"https:\/\/noti-america.com\/site\/mexico\/\",\"name\":\"M\u00e9xico | Noti-America.com\",\"description\":\"\",\"publisher\":{\"@id\":\"https:\/\/noti-america.com\/site\/mexico\/#organization\"},\"potentialAction\":[{\"@type\":\"SearchAction\",\"target\":{\"@type\":\"EntryPoint\",\"urlTemplate\":\"https:\/\/noti-america.com\/site\/mexico\/?s={search_term_string}\"},\"query-input\":{\"@type\":\"PropertyValueSpecification\",\"valueRequired\":true,\"valueName\":\"search_term_string\"}}],\"inLanguage\":\"es\"},{\"@type\":\"Organization\",\"@id\":\"https:\/\/noti-america.com\/site\/mexico\/#organization\",\"name\":\"Noti-America LLC | M\u00e9xico\",\"url\":\"https:\/\/noti-america.com\/site\/mexico\/\",\"logo\":{\"@type\":\"ImageObject\",\"inLanguage\":\"es\",\"@id\":\"https:\/\/noti-america.com\/site\/mexico\/#\/schema\/logo\/image\/\",\"url\":\"https:\/\/noti-america.com\/site\/mexico\/wp-content\/uploads\/sites\/13\/2020\/07\/LogoNA-4x3-1.jpg\",\"contentUrl\":\"https:\/\/noti-america.com\/site\/mexico\/wp-content\/uploads\/sites\/13\/2020\/07\/LogoNA-4x3-1.jpg\",\"width\":1236,\"height\":1080,\"caption\":\"Noti-America LLC | M\u00e9xico\"},\"image\":{\"@id\":\"https:\/\/noti-america.com\/site\/mexico\/#\/schema\/logo\/image\/\"}},{\"@type\":\"Person\",\"@id\":\"https:\/\/noti-america.com\/site\/mexico\/#\/schema\/person\/376ccc7b3cc7a8d5a43c3ece07a43857\",\"name\":\"Yoelvzla\",\"image\":{\"@type\":\"ImageObject\",\"inLanguage\":\"es\",\"@id\":\"https:\/\/secure.gravatar.com\/avatar\/13a96a72123e0e9aa76fe82e8847f726c63a1c5ef6a8d0fadd844c1a5a83b212?s=96&d=mm&r=g\",\"url\":\"https:\/\/secure.gravatar.com\/avatar\/13a96a72123e0e9aa76fe82e8847f726c63a1c5ef6a8d0fadd844c1a5a83b212?s=96&d=mm&r=g\",\"contentUrl\":\"https:\/\/secure.gravatar.com\/avatar\/13a96a72123e0e9aa76fe82e8847f726c63a1c5ef6a8d0fadd844c1a5a83b212?s=96&d=mm&r=g\",\"caption\":\"Yoelvzla\"},\"url\":\"https:\/\/noti-america.com\/site\/mexico\/author\/ydiaz\/\"}]}<\/script>\n<!-- \/ Yoast SEO Premium plugin. -->","yoast_head_json":{"title":"Arlet Boy al son de \u201cLa L\u00ednea\u201d - M\u00e9xico","robots":{"index":"index","follow":"follow","max-snippet":"max-snippet:-1","max-image-preview":"max-image-preview:large","max-video-preview":"max-video-preview:-1"},"canonical":"https:\/\/noti-america.com\/site\/mexico\/2022\/03\/03\/arlet-boy-al-son-de-la-linea\/","og_locale":"es_ES","og_type":"article","og_title":"Arlet Boy al son de \u201cLa L\u00ednea\u201d","og_description":"El cantante venezolano Artet Boy estren\u00f3 su \u00faltima producci\u00f3n discogr\u00e1fica llamada \u201cLa L\u00ednea\u201d, cuenta tambi\u00e9n con un audiovisual que fue estrenado desde la red social de YouTube el pasado10 de enero y ya cuenta&#46;&#46;&#46;","og_url":"https:\/\/noti-america.com\/site\/mexico\/2022\/03\/03\/arlet-boy-al-son-de-la-linea\/","og_site_name":"M\u00e9xico","article_published_time":"2022-03-03T01:45:49+00:00","article_modified_time":"2022-03-03T01:50:46+00:00","og_image":[{"width":2048,"height":2560,"url":"https:\/\/noti-america.com\/site\/mexico\/wp-content\/uploads\/sites\/13\/2022\/03\/unnamed-scaled.jpg","type":"image\/jpeg"}],"author":"Yoelvzla","twitter_card":"summary_large_image","twitter_misc":{"Escrito por":"Yoelvzla","Tiempo estimado de lectura":"1 minuto"},"schema":{"@context":"https:\/\/schema.org","@graph":[{"@type":"Article","@id":"https:\/\/noti-america.com\/site\/mexico\/2022\/03\/03\/arlet-boy-al-son-de-la-linea\/#article","isPartOf":{"@id":"https:\/\/noti-america.com\/site\/mexico\/2022\/03\/03\/arlet-boy-al-son-de-la-linea\/"},"author":{"name":"Yoelvzla","@id":"https:\/\/noti-america.com\/site\/mexico\/#\/schema\/person\/376ccc7b3cc7a8d5a43c3ece07a43857"},"headline":"Arlet Boy al son de \u201cLa L\u00ednea\u201d","datePublished":"2022-03-03T01:45:49+00:00","dateModified":"2022-03-03T01:50:46+00:00","mainEntityOfPage":{"@id":"https:\/\/noti-america.com\/site\/mexico\/2022\/03\/03\/arlet-boy-al-son-de-la-linea\/"},"wordCount":191,"commentCount":0,"publisher":{"@id":"https:\/\/noti-america.com\/site\/mexico\/#organization"},"image":{"@id":"https:\/\/noti-america.com\/site\/mexico\/2022\/03\/03\/arlet-boy-al-son-de-la-linea\/#primaryimage"},"thumbnailUrl":"https:\/\/noti-america.com\/site\/mexico\/wp-content\/uploads\/sites\/13\/2022\/03\/unnamed-scaled.jpg","keywords":["#ArtetBoy"],"articleSection":["Far\u00e1ndula","M\u00fasica"],"inLanguage":"es","potentialAction":[{"@type":"CommentAction","name":"Comment","target":["https:\/\/noti-america.com\/site\/mexico\/2022\/03\/03\/arlet-boy-al-son-de-la-linea\/#respond"]}]},{"@type":"WebPage","@id":"https:\/\/noti-america.com\/site\/mexico\/2022\/03\/03\/arlet-boy-al-son-de-la-linea\/","url":"https:\/\/noti-america.com\/site\/mexico\/2022\/03\/03\/arlet-boy-al-son-de-la-linea\/","name":"Arlet Boy al son de \u201cLa L\u00ednea\u201d - M\u00e9xico","isPartOf":{"@id":"https:\/\/noti-america.com\/site\/mexico\/#website"},"primaryImageOfPage":{"@id":"https:\/\/noti-america.com\/site\/mexico\/2022\/03\/03\/arlet-boy-al-son-de-la-linea\/#primaryimage"},"image":{"@id":"https:\/\/noti-america.com\/site\/mexico\/2022\/03\/03\/arlet-boy-al-son-de-la-linea\/#primaryimage"},"thumbnailUrl":"https:\/\/noti-america.com\/site\/mexico\/wp-content\/uploads\/sites\/13\/2022\/03\/unnamed-scaled.jpg","datePublished":"2022-03-03T01:45:49+00:00","dateModified":"2022-03-03T01:50:46+00:00","breadcrumb":{"@id":"https:\/\/noti-america.com\/site\/mexico\/2022\/03\/03\/arlet-boy-al-son-de-la-linea\/#breadcrumb"},"inLanguage":"es","potentialAction":[{"@type":"ReadAction","target":["https:\/\/noti-america.com\/site\/mexico\/2022\/03\/03\/arlet-boy-al-son-de-la-linea\/"]}]},{"@type":"ImageObject","inLanguage":"es","@id":"https:\/\/noti-america.com\/site\/mexico\/2022\/03\/03\/arlet-boy-al-son-de-la-linea\/#primaryimage","url":"https:\/\/noti-america.com\/site\/mexico\/wp-content\/uploads\/sites\/13\/2022\/03\/unnamed-scaled.jpg","contentUrl":"https:\/\/noti-america.com\/site\/mexico\/wp-content\/uploads\/sites\/13\/2022\/03\/unnamed-scaled.jpg","width":2048,"height":2560},{"@type":"BreadcrumbList","@id":"https:\/\/noti-america.com\/site\/mexico\/2022\/03\/03\/arlet-boy-al-son-de-la-linea\/#breadcrumb","itemListElement":[{"@type":"ListItem","position":1,"name":"Portada","item":"https:\/\/noti-america.com\/site\/mexico\/"},{"@type":"ListItem","position":2,"name":"Arlet Boy al son de \u201cLa L\u00ednea\u201d"}]},{"@type":"WebSite","@id":"https:\/\/noti-america.com\/site\/mexico\/#website","url":"https:\/\/noti-america.com\/site\/mexico\/","name":"M\u00e9xico | Noti-America.com","description":"","publisher":{"@id":"https:\/\/noti-america.com\/site\/mexico\/#organization"},"potentialAction":[{"@type":"SearchAction","target":{"@type":"EntryPoint","urlTemplate":"https:\/\/noti-america.com\/site\/mexico\/?s={search_term_string}"},"query-input":{"@type":"PropertyValueSpecification","valueRequired":true,"valueName":"search_term_string"}}],"inLanguage":"es"},{"@type":"Organization","@id":"https:\/\/noti-america.com\/site\/mexico\/#organization","name":"Noti-America LLC | M\u00e9xico","url":"https:\/\/noti-america.com\/site\/mexico\/","logo":{"@type":"ImageObject","inLanguage":"es","@id":"https:\/\/noti-america.com\/site\/mexico\/#\/schema\/logo\/image\/","url":"https:\/\/noti-america.com\/site\/mexico\/wp-content\/uploads\/sites\/13\/2020\/07\/LogoNA-4x3-1.jpg","contentUrl":"https:\/\/noti-america.com\/site\/mexico\/wp-content\/uploads\/sites\/13\/2020\/07\/LogoNA-4x3-1.jpg","width":1236,"height":1080,"caption":"Noti-America LLC | M\u00e9xico"},"image":{"@id":"https:\/\/noti-america.com\/site\/mexico\/#\/schema\/logo\/image\/"}},{"@type":"Person","@id":"https:\/\/noti-america.com\/site\/mexico\/#\/schema\/person\/376ccc7b3cc7a8d5a43c3ece07a43857","name":"Yoelvzla","image":{"@type":"ImageObject","inLanguage":"es","@id":"https:\/\/secure.gravatar.com\/avatar\/13a96a72123e0e9aa76fe82e8847f726c63a1c5ef6a8d0fadd844c1a5a83b212?s=96&d=mm&r=g","url":"https:\/\/secure.gravatar.com\/avatar\/13a96a72123e0e9aa76fe82e8847f726c63a1c5ef6a8d0fadd844c1a5a83b212?s=96&d=mm&r=g","contentUrl":"https:\/\/secure.gravatar.com\/avatar\/13a96a72123e0e9aa76fe82e8847f726c63a1c5ef6a8d0fadd844c1a5a83b212?s=96&d=mm&r=g","caption":"Yoelvzla"},"url":"https:\/\/noti-america.com\/site\/mexico\/author\/ydiaz\/"}]}},"_links":{"self":[{"href":"https:\/\/noti-america.com\/site\/mexico\/wp-json\/wp\/v2\/posts\/7474","targetHints":{"allow":["GET"]}}],"collection":[{"href":"https:\/\/noti-america.com\/site\/mexico\/wp-json\/wp\/v2\/posts"}],"about":[{"href":"https:\/\/noti-america.com\/site\/mexico\/wp-json\/wp\/v2\/types\/post"}],"author":[{"embeddable":true,"href":"https:\/\/noti-america.com\/site\/mexico\/wp-json\/wp\/v2\/users\/127"}],"replies":[{"embeddable":true,"href":"https:\/\/noti-america.com\/site\/mexico\/wp-json\/wp\/v2\/comments?post=7474"}],"version-history":[{"count":3,"href":"https:\/\/noti-america.com\/site\/mexico\/wp-json\/wp\/v2\/posts\/7474\/revisions"}],"predecessor-version":[{"id":7478,"href":"https:\/\/noti-america.com\/site\/mexico\/wp-json\/wp\/v2\/posts\/7474\/revisions\/7478"}],"wp:featuredmedia":[{"embeddable":true,"href":"https:\/\/noti-america.com\/site\/mexico\/wp-json\/wp\/v2\/media\/7475"}],"wp:attachment":[{"href":"https:\/\/noti-america.com\/site\/mexico\/wp-json\/wp\/v2\/media?parent=7474"}],"wp:term":[{"taxonomy":"category","embeddable":true,"href":"https:\/\/noti-america.com\/site\/mexico\/wp-json\/wp\/v2\/categories?post=7474"},{"taxonomy":"post_tag","embeddable":true,"href":"https:\/\/noti-america.com\/site\/mexico\/wp-json\/wp\/v2\/tags?post=7474"}],"curies":[{"name":"wp","href":"https:\/\/api.w.org\/{rel}","templated":true}]}}