{"id":7467,"date":"2022-03-03T01:27:50","date_gmt":"2022-03-03T01:27:50","guid":{"rendered":"https:\/\/noti-america.com\/site\/mexico\/?p=7467"},"modified":"2022-03-03T01:32:23","modified_gmt":"2022-03-03T01:32:23","slug":"viktor-rom-llevo-sonrisas-a-abuelitos-de-los-teques-venezuela","status":"publish","type":"post","link":"https:\/\/noti-america.com\/site\/mexico\/2022\/03\/03\/viktor-rom-llevo-sonrisas-a-abuelitos-de-los-teques-venezuela\/","title":{"rendered":"Viktor Rom llev\u00f3 sonrisas a abuelitos de los Teques, Venezuela"},"content":{"rendered":"<p>El reconocido actor del cine para adultos, <strong>Viktor Rom<\/strong> llev\u00f3 alegr\u00eda al ancianato <strong>\u201cPadre Tinoco\u201d<\/strong> ubicado en <strong>Los Teques, estado Miranda<\/strong> esta ser\u00eda la primera labor social del a\u00f1o para el criollo en su tierra natal. Desde el viejo continente siempre recuerda su tierra natal y desde la distancia les brinda una mano amiga.<\/p>\n<p>&nbsp;<\/p>\n<p><img loading=\"lazy\" decoding=\"async\" class=\"alignnone size-medium wp-image-7468\" src=\"https:\/\/noti-america.com\/site\/mexico\/wp-content\/uploads\/sites\/13\/2022\/03\/thumbnail_image0-300x225.jpg\" alt=\"\" width=\"300\" height=\"225\" srcset=\"https:\/\/noti-america.com\/site\/mexico\/wp-content\/uploads\/sites\/13\/2022\/03\/thumbnail_image0-300x225.jpg 300w, https:\/\/noti-america.com\/site\/mexico\/wp-content\/uploads\/sites\/13\/2022\/03\/thumbnail_image0-1024x768.jpg 1024w, https:\/\/noti-america.com\/site\/mexico\/wp-content\/uploads\/sites\/13\/2022\/03\/thumbnail_image0-768x576.jpg 768w, https:\/\/noti-america.com\/site\/mexico\/wp-content\/uploads\/sites\/13\/2022\/03\/thumbnail_image0.jpg 1280w\" sizes=\"auto, (max-width: 300px) 100vw, 300px\" \/>\u00a0 \u00a0 \u00a0 \u00a0 \u00a0 \u00a0 \u00a0 \u00a0 \u00a0 \u00a0 \u00a0 \u00a0 \u00a0 \u00a0 <img loading=\"lazy\" decoding=\"async\" class=\"alignnone size-medium wp-image-7469\" src=\"https:\/\/noti-america.com\/site\/mexico\/wp-content\/uploads\/sites\/13\/2022\/03\/thumbnail_image2-300x225.jpg\" alt=\"\" width=\"300\" height=\"225\" srcset=\"https:\/\/noti-america.com\/site\/mexico\/wp-content\/uploads\/sites\/13\/2022\/03\/thumbnail_image2-300x225.jpg 300w, https:\/\/noti-america.com\/site\/mexico\/wp-content\/uploads\/sites\/13\/2022\/03\/thumbnail_image2-1024x768.jpg 1024w, https:\/\/noti-america.com\/site\/mexico\/wp-content\/uploads\/sites\/13\/2022\/03\/thumbnail_image2-768x576.jpg 768w, https:\/\/noti-america.com\/site\/mexico\/wp-content\/uploads\/sites\/13\/2022\/03\/thumbnail_image2.jpg 1280w\" sizes=\"auto, (max-width: 300px) 100vw, 300px\" \/><\/p>\n<div>\n<div>\n<div>Se espera que <strong>Rom<\/strong>, llegue con esta causa a otros estados de <strong>Venezuela<\/strong> esta no ser\u00eda la primera vez que realiza esta importante labor, meses atr\u00e1s he venido prest\u00e1ndole una mano amiga al m\u00e1s necesitado. La actividad estuvo realizada por su equipo de trabajo qui\u00e9nes llegaron con la donaci\u00f3n de insumos de primera necesidad.<\/div>\n<div><\/div>\n<div dir=\"ltr\"><\/div>\n<p>La junta directiva de la instituci\u00f3n, agradeci\u00f3 la importante labor asegurando que los abuelos se quedaron contentos y pasaron un d\u00eda diferente, as\u00ed como agradable.<\/p>\n<\/div>\n<\/div>\n<div id=\"x_ms-outlook-mobile-signature\">\n<div><\/div>\n<\/div>\n","protected":false},"excerpt":{"rendered":"<p>El reconocido actor del cine para adultos, Viktor Rom llev\u00f3 alegr\u00eda al ancianato \u201cPadre Tinoco\u201d ubicado en Los Teques, estado Miranda esta ser\u00eda la primera labor social del a\u00f1o para el criollo en su&#46;&#46;&#46;<\/p>\n","protected":false},"author":127,"featured_media":7470,"comment_status":"open","ping_status":"open","sticky":false,"template":"","format":"image","meta":{"_acf_changed":false,"om_disable_all_campaigns":false,"rop_custom_images_group":[],"rop_custom_messages_group":[],"rop_publish_now":"initial","rop_publish_now_accounts":{"twitter_242054905_242054905":""},"rop_publish_now_history":[],"rop_publish_now_status":"pending","_uf_show_specific_survey":0,"_uf_disable_surveys":false,"footnotes":""},"categories":[56,417],"tags":[860],"class_list":["post-7467","post","type-post","status-publish","format-image","has-post-thumbnail","hentry","category-farandula","category-venezuela","tag-viktorrom","post_format-post-format-image"],"acf":[],"aioseo_notices":[],"yoast_head":"<!-- This site is optimized with the Yoast SEO Premium plugin v24.9 (Yoast SEO v27.2) - https:\/\/yoast.com\/product\/yoast-seo-premium-wordpress\/ -->\n<title>Viktor Rom llev\u00f3 sonrisas a abuelitos de los Teques, Venezuela - M\u00e9xico<\/title>\n<meta name=\"robots\" content=\"index, follow, max-snippet:-1, max-image-preview:large, max-video-preview:-1\" \/>\n<link rel=\"canonical\" href=\"https:\/\/noti-america.com\/site\/mexico\/2022\/03\/03\/viktor-rom-llevo-sonrisas-a-abuelitos-de-los-teques-venezuela\/\" \/>\n<meta property=\"og:locale\" content=\"es_ES\" \/>\n<meta property=\"og:type\" content=\"article\" \/>\n<meta property=\"og:title\" content=\"Viktor Rom llev\u00f3 sonrisas a abuelitos de los Teques, Venezuela\" \/>\n<meta property=\"og:description\" content=\"El reconocido actor del cine para adultos, Viktor Rom llev\u00f3 alegr\u00eda al ancianato \u201cPadre Tinoco\u201d ubicado en Los Teques, estado Miranda esta ser\u00eda la primera labor social del a\u00f1o para el criollo en su&#046;&#046;&#046;\" \/>\n<meta property=\"og:url\" content=\"https:\/\/noti-america.com\/site\/mexico\/2022\/03\/03\/viktor-rom-llevo-sonrisas-a-abuelitos-de-los-teques-venezuela\/\" \/>\n<meta property=\"og:site_name\" content=\"M\u00e9xico\" \/>\n<meta property=\"article:published_time\" content=\"2022-03-03T01:27:50+00:00\" \/>\n<meta property=\"article:modified_time\" content=\"2022-03-03T01:32:23+00:00\" \/>\n<meta property=\"og:image\" content=\"https:\/\/noti-america.com\/site\/mexico\/wp-content\/uploads\/sites\/13\/2022\/03\/thumbnail_PHOTO-2022-02-24-09-11-43.jpg\" \/>\n\t<meta property=\"og:image:width\" content=\"1101\" \/>\n\t<meta property=\"og:image:height\" content=\"1121\" \/>\n\t<meta property=\"og:image:type\" content=\"image\/jpeg\" \/>\n<meta name=\"author\" content=\"Yoelvzla\" \/>\n<meta name=\"twitter:card\" content=\"summary_large_image\" \/>\n<meta name=\"twitter:label1\" content=\"Escrito por\" \/>\n\t<meta name=\"twitter:data1\" content=\"Yoelvzla\" \/>\n\t<meta name=\"twitter:label2\" content=\"Tiempo estimado de lectura\" \/>\n\t<meta name=\"twitter:data2\" content=\"2 minutos\" \/>\n<script type=\"application\/ld+json\" class=\"yoast-schema-graph\">{\"@context\":\"https:\/\/schema.org\",\"@graph\":[{\"@type\":\"Article\",\"@id\":\"https:\/\/noti-america.com\/site\/mexico\/2022\/03\/03\/viktor-rom-llevo-sonrisas-a-abuelitos-de-los-teques-venezuela\/#article\",\"isPartOf\":{\"@id\":\"https:\/\/noti-america.com\/site\/mexico\/2022\/03\/03\/viktor-rom-llevo-sonrisas-a-abuelitos-de-los-teques-venezuela\/\"},\"author\":{\"name\":\"Yoelvzla\",\"@id\":\"https:\/\/noti-america.com\/site\/mexico\/#\/schema\/person\/376ccc7b3cc7a8d5a43c3ece07a43857\"},\"headline\":\"Viktor Rom llev\u00f3 sonrisas a abuelitos de los Teques, Venezuela\",\"datePublished\":\"2022-03-03T01:27:50+00:00\",\"dateModified\":\"2022-03-03T01:32:23+00:00\",\"mainEntityOfPage\":{\"@id\":\"https:\/\/noti-america.com\/site\/mexico\/2022\/03\/03\/viktor-rom-llevo-sonrisas-a-abuelitos-de-los-teques-venezuela\/\"},\"wordCount\":155,\"commentCount\":0,\"publisher\":{\"@id\":\"https:\/\/noti-america.com\/site\/mexico\/#organization\"},\"image\":{\"@id\":\"https:\/\/noti-america.com\/site\/mexico\/2022\/03\/03\/viktor-rom-llevo-sonrisas-a-abuelitos-de-los-teques-venezuela\/#primaryimage\"},\"thumbnailUrl\":\"https:\/\/noti-america.com\/site\/mexico\/wp-content\/uploads\/sites\/13\/2022\/03\/thumbnail_PHOTO-2022-02-24-09-11-43.jpg\",\"keywords\":[\"#ViktorRom\"],\"articleSection\":[\"Far\u00e1ndula\",\"Venezuela\"],\"inLanguage\":\"es\",\"potentialAction\":[{\"@type\":\"CommentAction\",\"name\":\"Comment\",\"target\":[\"https:\/\/noti-america.com\/site\/mexico\/2022\/03\/03\/viktor-rom-llevo-sonrisas-a-abuelitos-de-los-teques-venezuela\/#respond\"]}]},{\"@type\":\"WebPage\",\"@id\":\"https:\/\/noti-america.com\/site\/mexico\/2022\/03\/03\/viktor-rom-llevo-sonrisas-a-abuelitos-de-los-teques-venezuela\/\",\"url\":\"https:\/\/noti-america.com\/site\/mexico\/2022\/03\/03\/viktor-rom-llevo-sonrisas-a-abuelitos-de-los-teques-venezuela\/\",\"name\":\"Viktor Rom llev\u00f3 sonrisas a abuelitos de los Teques, Venezuela - M\u00e9xico\",\"isPartOf\":{\"@id\":\"https:\/\/noti-america.com\/site\/mexico\/#website\"},\"primaryImageOfPage\":{\"@id\":\"https:\/\/noti-america.com\/site\/mexico\/2022\/03\/03\/viktor-rom-llevo-sonrisas-a-abuelitos-de-los-teques-venezuela\/#primaryimage\"},\"image\":{\"@id\":\"https:\/\/noti-america.com\/site\/mexico\/2022\/03\/03\/viktor-rom-llevo-sonrisas-a-abuelitos-de-los-teques-venezuela\/#primaryimage\"},\"thumbnailUrl\":\"https:\/\/noti-america.com\/site\/mexico\/wp-content\/uploads\/sites\/13\/2022\/03\/thumbnail_PHOTO-2022-02-24-09-11-43.jpg\",\"datePublished\":\"2022-03-03T01:27:50+00:00\",\"dateModified\":\"2022-03-03T01:32:23+00:00\",\"breadcrumb\":{\"@id\":\"https:\/\/noti-america.com\/site\/mexico\/2022\/03\/03\/viktor-rom-llevo-sonrisas-a-abuelitos-de-los-teques-venezuela\/#breadcrumb\"},\"inLanguage\":\"es\",\"potentialAction\":[{\"@type\":\"ReadAction\",\"target\":[\"https:\/\/noti-america.com\/site\/mexico\/2022\/03\/03\/viktor-rom-llevo-sonrisas-a-abuelitos-de-los-teques-venezuela\/\"]}]},{\"@type\":\"ImageObject\",\"inLanguage\":\"es\",\"@id\":\"https:\/\/noti-america.com\/site\/mexico\/2022\/03\/03\/viktor-rom-llevo-sonrisas-a-abuelitos-de-los-teques-venezuela\/#primaryimage\",\"url\":\"https:\/\/noti-america.com\/site\/mexico\/wp-content\/uploads\/sites\/13\/2022\/03\/thumbnail_PHOTO-2022-02-24-09-11-43.jpg\",\"contentUrl\":\"https:\/\/noti-america.com\/site\/mexico\/wp-content\/uploads\/sites\/13\/2022\/03\/thumbnail_PHOTO-2022-02-24-09-11-43.jpg\",\"width\":1101,\"height\":1121},{\"@type\":\"BreadcrumbList\",\"@id\":\"https:\/\/noti-america.com\/site\/mexico\/2022\/03\/03\/viktor-rom-llevo-sonrisas-a-abuelitos-de-los-teques-venezuela\/#breadcrumb\",\"itemListElement\":[{\"@type\":\"ListItem\",\"position\":1,\"name\":\"Portada\",\"item\":\"https:\/\/noti-america.com\/site\/mexico\/\"},{\"@type\":\"ListItem\",\"position\":2,\"name\":\"Viktor Rom llev\u00f3 sonrisas a abuelitos de los Teques, Venezuela\"}]},{\"@type\":\"WebSite\",\"@id\":\"https:\/\/noti-america.com\/site\/mexico\/#website\",\"url\":\"https:\/\/noti-america.com\/site\/mexico\/\",\"name\":\"M\u00e9xico | Noti-America.com\",\"description\":\"\",\"publisher\":{\"@id\":\"https:\/\/noti-america.com\/site\/mexico\/#organization\"},\"potentialAction\":[{\"@type\":\"SearchAction\",\"target\":{\"@type\":\"EntryPoint\",\"urlTemplate\":\"https:\/\/noti-america.com\/site\/mexico\/?s={search_term_string}\"},\"query-input\":{\"@type\":\"PropertyValueSpecification\",\"valueRequired\":true,\"valueName\":\"search_term_string\"}}],\"inLanguage\":\"es\"},{\"@type\":\"Organization\",\"@id\":\"https:\/\/noti-america.com\/site\/mexico\/#organization\",\"name\":\"Noti-America LLC | M\u00e9xico\",\"url\":\"https:\/\/noti-america.com\/site\/mexico\/\",\"logo\":{\"@type\":\"ImageObject\",\"inLanguage\":\"es\",\"@id\":\"https:\/\/noti-america.com\/site\/mexico\/#\/schema\/logo\/image\/\",\"url\":\"https:\/\/noti-america.com\/site\/mexico\/wp-content\/uploads\/sites\/13\/2020\/07\/LogoNA-4x3-1.jpg\",\"contentUrl\":\"https:\/\/noti-america.com\/site\/mexico\/wp-content\/uploads\/sites\/13\/2020\/07\/LogoNA-4x3-1.jpg\",\"width\":1236,\"height\":1080,\"caption\":\"Noti-America LLC | M\u00e9xico\"},\"image\":{\"@id\":\"https:\/\/noti-america.com\/site\/mexico\/#\/schema\/logo\/image\/\"}},{\"@type\":\"Person\",\"@id\":\"https:\/\/noti-america.com\/site\/mexico\/#\/schema\/person\/376ccc7b3cc7a8d5a43c3ece07a43857\",\"name\":\"Yoelvzla\",\"image\":{\"@type\":\"ImageObject\",\"inLanguage\":\"es\",\"@id\":\"https:\/\/secure.gravatar.com\/avatar\/13a96a72123e0e9aa76fe82e8847f726c63a1c5ef6a8d0fadd844c1a5a83b212?s=96&d=mm&r=g\",\"url\":\"https:\/\/secure.gravatar.com\/avatar\/13a96a72123e0e9aa76fe82e8847f726c63a1c5ef6a8d0fadd844c1a5a83b212?s=96&d=mm&r=g\",\"contentUrl\":\"https:\/\/secure.gravatar.com\/avatar\/13a96a72123e0e9aa76fe82e8847f726c63a1c5ef6a8d0fadd844c1a5a83b212?s=96&d=mm&r=g\",\"caption\":\"Yoelvzla\"},\"url\":\"https:\/\/noti-america.com\/site\/mexico\/author\/ydiaz\/\"}]}<\/script>\n<!-- \/ Yoast SEO Premium plugin. -->","yoast_head_json":{"title":"Viktor Rom llev\u00f3 sonrisas a abuelitos de los Teques, Venezuela - M\u00e9xico","robots":{"index":"index","follow":"follow","max-snippet":"max-snippet:-1","max-image-preview":"max-image-preview:large","max-video-preview":"max-video-preview:-1"},"canonical":"https:\/\/noti-america.com\/site\/mexico\/2022\/03\/03\/viktor-rom-llevo-sonrisas-a-abuelitos-de-los-teques-venezuela\/","og_locale":"es_ES","og_type":"article","og_title":"Viktor Rom llev\u00f3 sonrisas a abuelitos de los Teques, Venezuela","og_description":"El reconocido actor del cine para adultos, Viktor Rom llev\u00f3 alegr\u00eda al ancianato \u201cPadre Tinoco\u201d ubicado en Los Teques, estado Miranda esta ser\u00eda la primera labor social del a\u00f1o para el criollo en su&#46;&#46;&#46;","og_url":"https:\/\/noti-america.com\/site\/mexico\/2022\/03\/03\/viktor-rom-llevo-sonrisas-a-abuelitos-de-los-teques-venezuela\/","og_site_name":"M\u00e9xico","article_published_time":"2022-03-03T01:27:50+00:00","article_modified_time":"2022-03-03T01:32:23+00:00","og_image":[{"width":1101,"height":1121,"url":"https:\/\/noti-america.com\/site\/mexico\/wp-content\/uploads\/sites\/13\/2022\/03\/thumbnail_PHOTO-2022-02-24-09-11-43.jpg","type":"image\/jpeg"}],"author":"Yoelvzla","twitter_card":"summary_large_image","twitter_misc":{"Escrito por":"Yoelvzla","Tiempo estimado de lectura":"2 minutos"},"schema":{"@context":"https:\/\/schema.org","@graph":[{"@type":"Article","@id":"https:\/\/noti-america.com\/site\/mexico\/2022\/03\/03\/viktor-rom-llevo-sonrisas-a-abuelitos-de-los-teques-venezuela\/#article","isPartOf":{"@id":"https:\/\/noti-america.com\/site\/mexico\/2022\/03\/03\/viktor-rom-llevo-sonrisas-a-abuelitos-de-los-teques-venezuela\/"},"author":{"name":"Yoelvzla","@id":"https:\/\/noti-america.com\/site\/mexico\/#\/schema\/person\/376ccc7b3cc7a8d5a43c3ece07a43857"},"headline":"Viktor Rom llev\u00f3 sonrisas a abuelitos de los Teques, Venezuela","datePublished":"2022-03-03T01:27:50+00:00","dateModified":"2022-03-03T01:32:23+00:00","mainEntityOfPage":{"@id":"https:\/\/noti-america.com\/site\/mexico\/2022\/03\/03\/viktor-rom-llevo-sonrisas-a-abuelitos-de-los-teques-venezuela\/"},"wordCount":155,"commentCount":0,"publisher":{"@id":"https:\/\/noti-america.com\/site\/mexico\/#organization"},"image":{"@id":"https:\/\/noti-america.com\/site\/mexico\/2022\/03\/03\/viktor-rom-llevo-sonrisas-a-abuelitos-de-los-teques-venezuela\/#primaryimage"},"thumbnailUrl":"https:\/\/noti-america.com\/site\/mexico\/wp-content\/uploads\/sites\/13\/2022\/03\/thumbnail_PHOTO-2022-02-24-09-11-43.jpg","keywords":["#ViktorRom"],"articleSection":["Far\u00e1ndula","Venezuela"],"inLanguage":"es","potentialAction":[{"@type":"CommentAction","name":"Comment","target":["https:\/\/noti-america.com\/site\/mexico\/2022\/03\/03\/viktor-rom-llevo-sonrisas-a-abuelitos-de-los-teques-venezuela\/#respond"]}]},{"@type":"WebPage","@id":"https:\/\/noti-america.com\/site\/mexico\/2022\/03\/03\/viktor-rom-llevo-sonrisas-a-abuelitos-de-los-teques-venezuela\/","url":"https:\/\/noti-america.com\/site\/mexico\/2022\/03\/03\/viktor-rom-llevo-sonrisas-a-abuelitos-de-los-teques-venezuela\/","name":"Viktor Rom llev\u00f3 sonrisas a abuelitos de los Teques, Venezuela - M\u00e9xico","isPartOf":{"@id":"https:\/\/noti-america.com\/site\/mexico\/#website"},"primaryImageOfPage":{"@id":"https:\/\/noti-america.com\/site\/mexico\/2022\/03\/03\/viktor-rom-llevo-sonrisas-a-abuelitos-de-los-teques-venezuela\/#primaryimage"},"image":{"@id":"https:\/\/noti-america.com\/site\/mexico\/2022\/03\/03\/viktor-rom-llevo-sonrisas-a-abuelitos-de-los-teques-venezuela\/#primaryimage"},"thumbnailUrl":"https:\/\/noti-america.com\/site\/mexico\/wp-content\/uploads\/sites\/13\/2022\/03\/thumbnail_PHOTO-2022-02-24-09-11-43.jpg","datePublished":"2022-03-03T01:27:50+00:00","dateModified":"2022-03-03T01:32:23+00:00","breadcrumb":{"@id":"https:\/\/noti-america.com\/site\/mexico\/2022\/03\/03\/viktor-rom-llevo-sonrisas-a-abuelitos-de-los-teques-venezuela\/#breadcrumb"},"inLanguage":"es","potentialAction":[{"@type":"ReadAction","target":["https:\/\/noti-america.com\/site\/mexico\/2022\/03\/03\/viktor-rom-llevo-sonrisas-a-abuelitos-de-los-teques-venezuela\/"]}]},{"@type":"ImageObject","inLanguage":"es","@id":"https:\/\/noti-america.com\/site\/mexico\/2022\/03\/03\/viktor-rom-llevo-sonrisas-a-abuelitos-de-los-teques-venezuela\/#primaryimage","url":"https:\/\/noti-america.com\/site\/mexico\/wp-content\/uploads\/sites\/13\/2022\/03\/thumbnail_PHOTO-2022-02-24-09-11-43.jpg","contentUrl":"https:\/\/noti-america.com\/site\/mexico\/wp-content\/uploads\/sites\/13\/2022\/03\/thumbnail_PHOTO-2022-02-24-09-11-43.jpg","width":1101,"height":1121},{"@type":"BreadcrumbList","@id":"https:\/\/noti-america.com\/site\/mexico\/2022\/03\/03\/viktor-rom-llevo-sonrisas-a-abuelitos-de-los-teques-venezuela\/#breadcrumb","itemListElement":[{"@type":"ListItem","position":1,"name":"Portada","item":"https:\/\/noti-america.com\/site\/mexico\/"},{"@type":"ListItem","position":2,"name":"Viktor Rom llev\u00f3 sonrisas a abuelitos de los Teques, Venezuela"}]},{"@type":"WebSite","@id":"https:\/\/noti-america.com\/site\/mexico\/#website","url":"https:\/\/noti-america.com\/site\/mexico\/","name":"M\u00e9xico | Noti-America.com","description":"","publisher":{"@id":"https:\/\/noti-america.com\/site\/mexico\/#organization"},"potentialAction":[{"@type":"SearchAction","target":{"@type":"EntryPoint","urlTemplate":"https:\/\/noti-america.com\/site\/mexico\/?s={search_term_string}"},"query-input":{"@type":"PropertyValueSpecification","valueRequired":true,"valueName":"search_term_string"}}],"inLanguage":"es"},{"@type":"Organization","@id":"https:\/\/noti-america.com\/site\/mexico\/#organization","name":"Noti-America LLC | M\u00e9xico","url":"https:\/\/noti-america.com\/site\/mexico\/","logo":{"@type":"ImageObject","inLanguage":"es","@id":"https:\/\/noti-america.com\/site\/mexico\/#\/schema\/logo\/image\/","url":"https:\/\/noti-america.com\/site\/mexico\/wp-content\/uploads\/sites\/13\/2020\/07\/LogoNA-4x3-1.jpg","contentUrl":"https:\/\/noti-america.com\/site\/mexico\/wp-content\/uploads\/sites\/13\/2020\/07\/LogoNA-4x3-1.jpg","width":1236,"height":1080,"caption":"Noti-America LLC | M\u00e9xico"},"image":{"@id":"https:\/\/noti-america.com\/site\/mexico\/#\/schema\/logo\/image\/"}},{"@type":"Person","@id":"https:\/\/noti-america.com\/site\/mexico\/#\/schema\/person\/376ccc7b3cc7a8d5a43c3ece07a43857","name":"Yoelvzla","image":{"@type":"ImageObject","inLanguage":"es","@id":"https:\/\/secure.gravatar.com\/avatar\/13a96a72123e0e9aa76fe82e8847f726c63a1c5ef6a8d0fadd844c1a5a83b212?s=96&d=mm&r=g","url":"https:\/\/secure.gravatar.com\/avatar\/13a96a72123e0e9aa76fe82e8847f726c63a1c5ef6a8d0fadd844c1a5a83b212?s=96&d=mm&r=g","contentUrl":"https:\/\/secure.gravatar.com\/avatar\/13a96a72123e0e9aa76fe82e8847f726c63a1c5ef6a8d0fadd844c1a5a83b212?s=96&d=mm&r=g","caption":"Yoelvzla"},"url":"https:\/\/noti-america.com\/site\/mexico\/author\/ydiaz\/"}]}},"_links":{"self":[{"href":"https:\/\/noti-america.com\/site\/mexico\/wp-json\/wp\/v2\/posts\/7467","targetHints":{"allow":["GET"]}}],"collection":[{"href":"https:\/\/noti-america.com\/site\/mexico\/wp-json\/wp\/v2\/posts"}],"about":[{"href":"https:\/\/noti-america.com\/site\/mexico\/wp-json\/wp\/v2\/types\/post"}],"author":[{"embeddable":true,"href":"https:\/\/noti-america.com\/site\/mexico\/wp-json\/wp\/v2\/users\/127"}],"replies":[{"embeddable":true,"href":"https:\/\/noti-america.com\/site\/mexico\/wp-json\/wp\/v2\/comments?post=7467"}],"version-history":[{"count":3,"href":"https:\/\/noti-america.com\/site\/mexico\/wp-json\/wp\/v2\/posts\/7467\/revisions"}],"predecessor-version":[{"id":7473,"href":"https:\/\/noti-america.com\/site\/mexico\/wp-json\/wp\/v2\/posts\/7467\/revisions\/7473"}],"wp:featuredmedia":[{"embeddable":true,"href":"https:\/\/noti-america.com\/site\/mexico\/wp-json\/wp\/v2\/media\/7470"}],"wp:attachment":[{"href":"https:\/\/noti-america.com\/site\/mexico\/wp-json\/wp\/v2\/media?parent=7467"}],"wp:term":[{"taxonomy":"category","embeddable":true,"href":"https:\/\/noti-america.com\/site\/mexico\/wp-json\/wp\/v2\/categories?post=7467"},{"taxonomy":"post_tag","embeddable":true,"href":"https:\/\/noti-america.com\/site\/mexico\/wp-json\/wp\/v2\/tags?post=7467"}],"curies":[{"name":"wp","href":"https:\/\/api.w.org\/{rel}","templated":true}]}}