{"id":7388,"date":"2022-02-15T04:14:25","date_gmt":"2022-02-15T04:14:25","guid":{"rendered":"https:\/\/noti-america.com\/site\/mexico\/?p=7388"},"modified":"2022-02-15T04:14:25","modified_gmt":"2022-02-15T04:14:25","slug":"en-su-quinto-aniversario-corazon-salsero-lleva-la-salsa-a-todos-los-rincones-de-venezuela","status":"publish","type":"post","link":"https:\/\/noti-america.com\/site\/mexico\/2022\/02\/15\/en-su-quinto-aniversario-corazon-salsero-lleva-la-salsa-a-todos-los-rincones-de-venezuela\/","title":{"rendered":"\u00a1En su quinto aniversario! Coraz\u00f3n Salsero lleva la salsa a todos los rincones de Venezuela"},"content":{"rendered":"<div dir=\"auto\">Con el objetivo de consolidar la salsa en Venezuela, la Fundaci\u00f3n Coraz\u00f3n Salsero, creada por el Presidente de la Rep\u00fablica Nicol\u00e1s Maduro Moros quien designa a su vez al locutor y productor de radio y televisi\u00f3n Javier Key como presidente del proyecto, arriba a su quinto aniversario y lo celebra por todo lo alto este 8 de febrero en las instalaciones del Teatro Aquiles Nazoa en Caracas con entrada gratuita para todo p\u00fablico.<\/div>\n<div dir=\"auto\"><\/div>\n<div dir=\"auto\">Artistas de la talla de Mariana \u201cLa Sonera\u201d, Eurkays \u201cLa Nena Sexy de la Salsa\u201d, Luisito Cabrera entre muchos m\u00e1s, dir\u00e1n presentes en dicha celebraci\u00f3n. Al igual que los semilleros de Venezuela, que fueron creados y forman parte de la gran familia Coraz\u00f3n Salsero.<\/div>\n<div dir=\"auto\"><\/div>\n<div dir=\"auto\">\u201cLa iniciativa de crear esta importante fundaci\u00f3n dedicada a la salsa surgi\u00f3 durante un d\u00eda de programa de radio \u201cHora de la salsa\u201d junto al presidente, hoy es una realidad que lleva cinco a\u00f1os d\u00e1ndole fuerza a este g\u00e9nero musical tan reconocido en el mundo y ahora en Venezuela\u201d, comenta Key.<\/div>\n<div dir=\"auto\"><\/div>\n<div dir=\"auto\">\u201cHemos logrado llevar la salsa a todos los rincones de Venezuela, incluyendo la clase pobre. Hemos logrado consolidar dos semilleros en el estado Carabobo y uno en Caracas con m\u00e1s de 120 ni\u00f1os en general\u201d, agreg\u00f3 el tambi\u00e9n locutor de radio.<\/div>\n<div dir=\"auto\"><\/div>\n<div dir=\"auto\">Importante destacar que a trav\u00e9s de la Fundaci\u00f3n Coraz\u00f3n Salsero se logr\u00f3 crear el D\u00eda Nacional de la Salsa en Venezuela, mismo que se celebra cada 5 de octubre gracias a la aprobaci\u00f3n de la primera autoridad del pa\u00eds. \u201cEs un logro que tiene Venezuela y los salseros. Lo tiene Puerto Rico y ahora nos sumamos nosotros en honor a Phidias Danilo Escalona\u201d, coment\u00f3 Javier.<\/div>\n<div dir=\"auto\"><\/div>\n<div dir=\"auto\">Coraz\u00f3n Salsero en la actualidad aparece a trav\u00e9s de las pantallas de Tves y FANB TV con programas dedicados a la salsa para adultos, adolescentes y ni\u00f1os.<\/div>\n<div dir=\"auto\"><\/div>\n<div dir=\"auto\">El objetivo de esta fundaci\u00f3n es reconocer el talento venezolano en el rengl\u00f3n de la salsa y de igual manera crear nuevos artistas en este g\u00e9nero musical.<\/div>\n","protected":false},"excerpt":{"rendered":"<p>Con el objetivo de consolidar la salsa en Venezuela, la Fundaci\u00f3n Coraz\u00f3n Salsero, creada por el Presidente de la Rep\u00fablica Nicol\u00e1s Maduro Moros quien designa a su vez al locutor y productor de radio&#46;&#46;&#46;<\/p>\n","protected":false},"author":127,"featured_media":7389,"comment_status":"open","ping_status":"open","sticky":false,"template":"","format":"image","meta":{"_acf_changed":false,"om_disable_all_campaigns":false,"rop_custom_images_group":[],"rop_custom_messages_group":[],"rop_publish_now":"initial","rop_publish_now_accounts":{"twitter_242054905_242054905":""},"rop_publish_now_history":[],"rop_publish_now_status":"pending","_uf_show_specific_survey":0,"_uf_disable_surveys":false,"footnotes":""},"categories":[56],"tags":[],"class_list":["post-7388","post","type-post","status-publish","format-image","has-post-thumbnail","hentry","category-farandula","post_format-post-format-image"],"acf":[],"aioseo_notices":[],"yoast_head":"<!-- This site is optimized with the Yoast SEO Premium plugin v24.9 (Yoast SEO v27.2) - https:\/\/yoast.com\/product\/yoast-seo-premium-wordpress\/ -->\n<title>\u00a1En su quinto aniversario! Coraz\u00f3n Salsero lleva la salsa a todos los rincones de Venezuela - M\u00e9xico<\/title>\n<meta name=\"robots\" content=\"index, follow, max-snippet:-1, max-image-preview:large, max-video-preview:-1\" \/>\n<link rel=\"canonical\" href=\"https:\/\/noti-america.com\/site\/mexico\/2022\/02\/15\/en-su-quinto-aniversario-corazon-salsero-lleva-la-salsa-a-todos-los-rincones-de-venezuela\/\" \/>\n<meta property=\"og:locale\" content=\"es_ES\" \/>\n<meta property=\"og:type\" content=\"article\" \/>\n<meta property=\"og:title\" content=\"\u00a1En su quinto aniversario! Coraz\u00f3n Salsero lleva la salsa a todos los rincones de Venezuela\" \/>\n<meta property=\"og:description\" content=\"Con el objetivo de consolidar la salsa en Venezuela, la Fundaci\u00f3n Coraz\u00f3n Salsero, creada por el Presidente de la Rep\u00fablica Nicol\u00e1s Maduro Moros quien designa a su vez al locutor y productor de radio&#046;&#046;&#046;\" \/>\n<meta property=\"og:url\" content=\"https:\/\/noti-america.com\/site\/mexico\/2022\/02\/15\/en-su-quinto-aniversario-corazon-salsero-lleva-la-salsa-a-todos-los-rincones-de-venezuela\/\" \/>\n<meta property=\"og:site_name\" content=\"M\u00e9xico\" \/>\n<meta property=\"article:published_time\" content=\"2022-02-15T04:14:25+00:00\" \/>\n<meta property=\"og:image\" content=\"https:\/\/noti-america.com\/site\/mexico\/wp-content\/uploads\/sites\/13\/2022\/02\/thumbnail_IMG-20220207-WA0043.jpg\" \/>\n\t<meta property=\"og:image:width\" content=\"1080\" \/>\n\t<meta property=\"og:image:height\" content=\"719\" \/>\n\t<meta property=\"og:image:type\" content=\"image\/jpeg\" \/>\n<meta name=\"author\" content=\"Yoelvzla\" \/>\n<meta name=\"twitter:card\" content=\"summary_large_image\" \/>\n<meta name=\"twitter:label1\" content=\"Escrito por\" \/>\n\t<meta name=\"twitter:data1\" content=\"Yoelvzla\" \/>\n\t<meta name=\"twitter:label2\" content=\"Tiempo estimado de lectura\" \/>\n\t<meta name=\"twitter:data2\" content=\"2 minutos\" \/>\n<script type=\"application\/ld+json\" class=\"yoast-schema-graph\">{\"@context\":\"https:\/\/schema.org\",\"@graph\":[{\"@type\":\"Article\",\"@id\":\"https:\/\/noti-america.com\/site\/mexico\/2022\/02\/15\/en-su-quinto-aniversario-corazon-salsero-lleva-la-salsa-a-todos-los-rincones-de-venezuela\/#article\",\"isPartOf\":{\"@id\":\"https:\/\/noti-america.com\/site\/mexico\/2022\/02\/15\/en-su-quinto-aniversario-corazon-salsero-lleva-la-salsa-a-todos-los-rincones-de-venezuela\/\"},\"author\":{\"name\":\"Yoelvzla\",\"@id\":\"https:\/\/noti-america.com\/site\/mexico\/#\/schema\/person\/376ccc7b3cc7a8d5a43c3ece07a43857\"},\"headline\":\"\u00a1En su quinto aniversario! Coraz\u00f3n Salsero lleva la salsa a todos los rincones de Venezuela\",\"datePublished\":\"2022-02-15T04:14:25+00:00\",\"mainEntityOfPage\":{\"@id\":\"https:\/\/noti-america.com\/site\/mexico\/2022\/02\/15\/en-su-quinto-aniversario-corazon-salsero-lleva-la-salsa-a-todos-los-rincones-de-venezuela\/\"},\"wordCount\":371,\"commentCount\":0,\"publisher\":{\"@id\":\"https:\/\/noti-america.com\/site\/mexico\/#organization\"},\"image\":{\"@id\":\"https:\/\/noti-america.com\/site\/mexico\/2022\/02\/15\/en-su-quinto-aniversario-corazon-salsero-lleva-la-salsa-a-todos-los-rincones-de-venezuela\/#primaryimage\"},\"thumbnailUrl\":\"https:\/\/noti-america.com\/site\/mexico\/wp-content\/uploads\/sites\/13\/2022\/02\/thumbnail_IMG-20220207-WA0043.jpg\",\"articleSection\":[\"Far\u00e1ndula\"],\"inLanguage\":\"es\",\"potentialAction\":[{\"@type\":\"CommentAction\",\"name\":\"Comment\",\"target\":[\"https:\/\/noti-america.com\/site\/mexico\/2022\/02\/15\/en-su-quinto-aniversario-corazon-salsero-lleva-la-salsa-a-todos-los-rincones-de-venezuela\/#respond\"]}]},{\"@type\":\"WebPage\",\"@id\":\"https:\/\/noti-america.com\/site\/mexico\/2022\/02\/15\/en-su-quinto-aniversario-corazon-salsero-lleva-la-salsa-a-todos-los-rincones-de-venezuela\/\",\"url\":\"https:\/\/noti-america.com\/site\/mexico\/2022\/02\/15\/en-su-quinto-aniversario-corazon-salsero-lleva-la-salsa-a-todos-los-rincones-de-venezuela\/\",\"name\":\"\u00a1En su quinto aniversario! Coraz\u00f3n Salsero lleva la salsa a todos los rincones de Venezuela - M\u00e9xico\",\"isPartOf\":{\"@id\":\"https:\/\/noti-america.com\/site\/mexico\/#website\"},\"primaryImageOfPage\":{\"@id\":\"https:\/\/noti-america.com\/site\/mexico\/2022\/02\/15\/en-su-quinto-aniversario-corazon-salsero-lleva-la-salsa-a-todos-los-rincones-de-venezuela\/#primaryimage\"},\"image\":{\"@id\":\"https:\/\/noti-america.com\/site\/mexico\/2022\/02\/15\/en-su-quinto-aniversario-corazon-salsero-lleva-la-salsa-a-todos-los-rincones-de-venezuela\/#primaryimage\"},\"thumbnailUrl\":\"https:\/\/noti-america.com\/site\/mexico\/wp-content\/uploads\/sites\/13\/2022\/02\/thumbnail_IMG-20220207-WA0043.jpg\",\"datePublished\":\"2022-02-15T04:14:25+00:00\",\"breadcrumb\":{\"@id\":\"https:\/\/noti-america.com\/site\/mexico\/2022\/02\/15\/en-su-quinto-aniversario-corazon-salsero-lleva-la-salsa-a-todos-los-rincones-de-venezuela\/#breadcrumb\"},\"inLanguage\":\"es\",\"potentialAction\":[{\"@type\":\"ReadAction\",\"target\":[\"https:\/\/noti-america.com\/site\/mexico\/2022\/02\/15\/en-su-quinto-aniversario-corazon-salsero-lleva-la-salsa-a-todos-los-rincones-de-venezuela\/\"]}]},{\"@type\":\"ImageObject\",\"inLanguage\":\"es\",\"@id\":\"https:\/\/noti-america.com\/site\/mexico\/2022\/02\/15\/en-su-quinto-aniversario-corazon-salsero-lleva-la-salsa-a-todos-los-rincones-de-venezuela\/#primaryimage\",\"url\":\"https:\/\/noti-america.com\/site\/mexico\/wp-content\/uploads\/sites\/13\/2022\/02\/thumbnail_IMG-20220207-WA0043.jpg\",\"contentUrl\":\"https:\/\/noti-america.com\/site\/mexico\/wp-content\/uploads\/sites\/13\/2022\/02\/thumbnail_IMG-20220207-WA0043.jpg\",\"width\":1080,\"height\":719},{\"@type\":\"BreadcrumbList\",\"@id\":\"https:\/\/noti-america.com\/site\/mexico\/2022\/02\/15\/en-su-quinto-aniversario-corazon-salsero-lleva-la-salsa-a-todos-los-rincones-de-venezuela\/#breadcrumb\",\"itemListElement\":[{\"@type\":\"ListItem\",\"position\":1,\"name\":\"Portada\",\"item\":\"https:\/\/noti-america.com\/site\/mexico\/\"},{\"@type\":\"ListItem\",\"position\":2,\"name\":\"\u00a1En su quinto aniversario! Coraz\u00f3n Salsero lleva la salsa a todos los rincones de Venezuela\"}]},{\"@type\":\"WebSite\",\"@id\":\"https:\/\/noti-america.com\/site\/mexico\/#website\",\"url\":\"https:\/\/noti-america.com\/site\/mexico\/\",\"name\":\"M\u00e9xico | Noti-America.com\",\"description\":\"\",\"publisher\":{\"@id\":\"https:\/\/noti-america.com\/site\/mexico\/#organization\"},\"potentialAction\":[{\"@type\":\"SearchAction\",\"target\":{\"@type\":\"EntryPoint\",\"urlTemplate\":\"https:\/\/noti-america.com\/site\/mexico\/?s={search_term_string}\"},\"query-input\":{\"@type\":\"PropertyValueSpecification\",\"valueRequired\":true,\"valueName\":\"search_term_string\"}}],\"inLanguage\":\"es\"},{\"@type\":\"Organization\",\"@id\":\"https:\/\/noti-america.com\/site\/mexico\/#organization\",\"name\":\"Noti-America LLC | M\u00e9xico\",\"url\":\"https:\/\/noti-america.com\/site\/mexico\/\",\"logo\":{\"@type\":\"ImageObject\",\"inLanguage\":\"es\",\"@id\":\"https:\/\/noti-america.com\/site\/mexico\/#\/schema\/logo\/image\/\",\"url\":\"https:\/\/noti-america.com\/site\/mexico\/wp-content\/uploads\/sites\/13\/2020\/07\/LogoNA-4x3-1.jpg\",\"contentUrl\":\"https:\/\/noti-america.com\/site\/mexico\/wp-content\/uploads\/sites\/13\/2020\/07\/LogoNA-4x3-1.jpg\",\"width\":1236,\"height\":1080,\"caption\":\"Noti-America LLC | M\u00e9xico\"},\"image\":{\"@id\":\"https:\/\/noti-america.com\/site\/mexico\/#\/schema\/logo\/image\/\"}},{\"@type\":\"Person\",\"@id\":\"https:\/\/noti-america.com\/site\/mexico\/#\/schema\/person\/376ccc7b3cc7a8d5a43c3ece07a43857\",\"name\":\"Yoelvzla\",\"image\":{\"@type\":\"ImageObject\",\"inLanguage\":\"es\",\"@id\":\"https:\/\/secure.gravatar.com\/avatar\/13a96a72123e0e9aa76fe82e8847f726c63a1c5ef6a8d0fadd844c1a5a83b212?s=96&d=mm&r=g\",\"url\":\"https:\/\/secure.gravatar.com\/avatar\/13a96a72123e0e9aa76fe82e8847f726c63a1c5ef6a8d0fadd844c1a5a83b212?s=96&d=mm&r=g\",\"contentUrl\":\"https:\/\/secure.gravatar.com\/avatar\/13a96a72123e0e9aa76fe82e8847f726c63a1c5ef6a8d0fadd844c1a5a83b212?s=96&d=mm&r=g\",\"caption\":\"Yoelvzla\"},\"url\":\"https:\/\/noti-america.com\/site\/mexico\/author\/ydiaz\/\"}]}<\/script>\n<!-- \/ Yoast SEO Premium plugin. -->","yoast_head_json":{"title":"\u00a1En su quinto aniversario! Coraz\u00f3n Salsero lleva la salsa a todos los rincones de Venezuela - M\u00e9xico","robots":{"index":"index","follow":"follow","max-snippet":"max-snippet:-1","max-image-preview":"max-image-preview:large","max-video-preview":"max-video-preview:-1"},"canonical":"https:\/\/noti-america.com\/site\/mexico\/2022\/02\/15\/en-su-quinto-aniversario-corazon-salsero-lleva-la-salsa-a-todos-los-rincones-de-venezuela\/","og_locale":"es_ES","og_type":"article","og_title":"\u00a1En su quinto aniversario! Coraz\u00f3n Salsero lleva la salsa a todos los rincones de Venezuela","og_description":"Con el objetivo de consolidar la salsa en Venezuela, la Fundaci\u00f3n Coraz\u00f3n Salsero, creada por el Presidente de la Rep\u00fablica Nicol\u00e1s Maduro Moros quien designa a su vez al locutor y productor de radio&#46;&#46;&#46;","og_url":"https:\/\/noti-america.com\/site\/mexico\/2022\/02\/15\/en-su-quinto-aniversario-corazon-salsero-lleva-la-salsa-a-todos-los-rincones-de-venezuela\/","og_site_name":"M\u00e9xico","article_published_time":"2022-02-15T04:14:25+00:00","og_image":[{"width":1080,"height":719,"url":"https:\/\/noti-america.com\/site\/mexico\/wp-content\/uploads\/sites\/13\/2022\/02\/thumbnail_IMG-20220207-WA0043.jpg","type":"image\/jpeg"}],"author":"Yoelvzla","twitter_card":"summary_large_image","twitter_misc":{"Escrito por":"Yoelvzla","Tiempo estimado de lectura":"2 minutos"},"schema":{"@context":"https:\/\/schema.org","@graph":[{"@type":"Article","@id":"https:\/\/noti-america.com\/site\/mexico\/2022\/02\/15\/en-su-quinto-aniversario-corazon-salsero-lleva-la-salsa-a-todos-los-rincones-de-venezuela\/#article","isPartOf":{"@id":"https:\/\/noti-america.com\/site\/mexico\/2022\/02\/15\/en-su-quinto-aniversario-corazon-salsero-lleva-la-salsa-a-todos-los-rincones-de-venezuela\/"},"author":{"name":"Yoelvzla","@id":"https:\/\/noti-america.com\/site\/mexico\/#\/schema\/person\/376ccc7b3cc7a8d5a43c3ece07a43857"},"headline":"\u00a1En su quinto aniversario! Coraz\u00f3n Salsero lleva la salsa a todos los rincones de Venezuela","datePublished":"2022-02-15T04:14:25+00:00","mainEntityOfPage":{"@id":"https:\/\/noti-america.com\/site\/mexico\/2022\/02\/15\/en-su-quinto-aniversario-corazon-salsero-lleva-la-salsa-a-todos-los-rincones-de-venezuela\/"},"wordCount":371,"commentCount":0,"publisher":{"@id":"https:\/\/noti-america.com\/site\/mexico\/#organization"},"image":{"@id":"https:\/\/noti-america.com\/site\/mexico\/2022\/02\/15\/en-su-quinto-aniversario-corazon-salsero-lleva-la-salsa-a-todos-los-rincones-de-venezuela\/#primaryimage"},"thumbnailUrl":"https:\/\/noti-america.com\/site\/mexico\/wp-content\/uploads\/sites\/13\/2022\/02\/thumbnail_IMG-20220207-WA0043.jpg","articleSection":["Far\u00e1ndula"],"inLanguage":"es","potentialAction":[{"@type":"CommentAction","name":"Comment","target":["https:\/\/noti-america.com\/site\/mexico\/2022\/02\/15\/en-su-quinto-aniversario-corazon-salsero-lleva-la-salsa-a-todos-los-rincones-de-venezuela\/#respond"]}]},{"@type":"WebPage","@id":"https:\/\/noti-america.com\/site\/mexico\/2022\/02\/15\/en-su-quinto-aniversario-corazon-salsero-lleva-la-salsa-a-todos-los-rincones-de-venezuela\/","url":"https:\/\/noti-america.com\/site\/mexico\/2022\/02\/15\/en-su-quinto-aniversario-corazon-salsero-lleva-la-salsa-a-todos-los-rincones-de-venezuela\/","name":"\u00a1En su quinto aniversario! Coraz\u00f3n Salsero lleva la salsa a todos los rincones de Venezuela - M\u00e9xico","isPartOf":{"@id":"https:\/\/noti-america.com\/site\/mexico\/#website"},"primaryImageOfPage":{"@id":"https:\/\/noti-america.com\/site\/mexico\/2022\/02\/15\/en-su-quinto-aniversario-corazon-salsero-lleva-la-salsa-a-todos-los-rincones-de-venezuela\/#primaryimage"},"image":{"@id":"https:\/\/noti-america.com\/site\/mexico\/2022\/02\/15\/en-su-quinto-aniversario-corazon-salsero-lleva-la-salsa-a-todos-los-rincones-de-venezuela\/#primaryimage"},"thumbnailUrl":"https:\/\/noti-america.com\/site\/mexico\/wp-content\/uploads\/sites\/13\/2022\/02\/thumbnail_IMG-20220207-WA0043.jpg","datePublished":"2022-02-15T04:14:25+00:00","breadcrumb":{"@id":"https:\/\/noti-america.com\/site\/mexico\/2022\/02\/15\/en-su-quinto-aniversario-corazon-salsero-lleva-la-salsa-a-todos-los-rincones-de-venezuela\/#breadcrumb"},"inLanguage":"es","potentialAction":[{"@type":"ReadAction","target":["https:\/\/noti-america.com\/site\/mexico\/2022\/02\/15\/en-su-quinto-aniversario-corazon-salsero-lleva-la-salsa-a-todos-los-rincones-de-venezuela\/"]}]},{"@type":"ImageObject","inLanguage":"es","@id":"https:\/\/noti-america.com\/site\/mexico\/2022\/02\/15\/en-su-quinto-aniversario-corazon-salsero-lleva-la-salsa-a-todos-los-rincones-de-venezuela\/#primaryimage","url":"https:\/\/noti-america.com\/site\/mexico\/wp-content\/uploads\/sites\/13\/2022\/02\/thumbnail_IMG-20220207-WA0043.jpg","contentUrl":"https:\/\/noti-america.com\/site\/mexico\/wp-content\/uploads\/sites\/13\/2022\/02\/thumbnail_IMG-20220207-WA0043.jpg","width":1080,"height":719},{"@type":"BreadcrumbList","@id":"https:\/\/noti-america.com\/site\/mexico\/2022\/02\/15\/en-su-quinto-aniversario-corazon-salsero-lleva-la-salsa-a-todos-los-rincones-de-venezuela\/#breadcrumb","itemListElement":[{"@type":"ListItem","position":1,"name":"Portada","item":"https:\/\/noti-america.com\/site\/mexico\/"},{"@type":"ListItem","position":2,"name":"\u00a1En su quinto aniversario! Coraz\u00f3n Salsero lleva la salsa a todos los rincones de Venezuela"}]},{"@type":"WebSite","@id":"https:\/\/noti-america.com\/site\/mexico\/#website","url":"https:\/\/noti-america.com\/site\/mexico\/","name":"M\u00e9xico | Noti-America.com","description":"","publisher":{"@id":"https:\/\/noti-america.com\/site\/mexico\/#organization"},"potentialAction":[{"@type":"SearchAction","target":{"@type":"EntryPoint","urlTemplate":"https:\/\/noti-america.com\/site\/mexico\/?s={search_term_string}"},"query-input":{"@type":"PropertyValueSpecification","valueRequired":true,"valueName":"search_term_string"}}],"inLanguage":"es"},{"@type":"Organization","@id":"https:\/\/noti-america.com\/site\/mexico\/#organization","name":"Noti-America LLC | M\u00e9xico","url":"https:\/\/noti-america.com\/site\/mexico\/","logo":{"@type":"ImageObject","inLanguage":"es","@id":"https:\/\/noti-america.com\/site\/mexico\/#\/schema\/logo\/image\/","url":"https:\/\/noti-america.com\/site\/mexico\/wp-content\/uploads\/sites\/13\/2020\/07\/LogoNA-4x3-1.jpg","contentUrl":"https:\/\/noti-america.com\/site\/mexico\/wp-content\/uploads\/sites\/13\/2020\/07\/LogoNA-4x3-1.jpg","width":1236,"height":1080,"caption":"Noti-America LLC | M\u00e9xico"},"image":{"@id":"https:\/\/noti-america.com\/site\/mexico\/#\/schema\/logo\/image\/"}},{"@type":"Person","@id":"https:\/\/noti-america.com\/site\/mexico\/#\/schema\/person\/376ccc7b3cc7a8d5a43c3ece07a43857","name":"Yoelvzla","image":{"@type":"ImageObject","inLanguage":"es","@id":"https:\/\/secure.gravatar.com\/avatar\/13a96a72123e0e9aa76fe82e8847f726c63a1c5ef6a8d0fadd844c1a5a83b212?s=96&d=mm&r=g","url":"https:\/\/secure.gravatar.com\/avatar\/13a96a72123e0e9aa76fe82e8847f726c63a1c5ef6a8d0fadd844c1a5a83b212?s=96&d=mm&r=g","contentUrl":"https:\/\/secure.gravatar.com\/avatar\/13a96a72123e0e9aa76fe82e8847f726c63a1c5ef6a8d0fadd844c1a5a83b212?s=96&d=mm&r=g","caption":"Yoelvzla"},"url":"https:\/\/noti-america.com\/site\/mexico\/author\/ydiaz\/"}]}},"_links":{"self":[{"href":"https:\/\/noti-america.com\/site\/mexico\/wp-json\/wp\/v2\/posts\/7388","targetHints":{"allow":["GET"]}}],"collection":[{"href":"https:\/\/noti-america.com\/site\/mexico\/wp-json\/wp\/v2\/posts"}],"about":[{"href":"https:\/\/noti-america.com\/site\/mexico\/wp-json\/wp\/v2\/types\/post"}],"author":[{"embeddable":true,"href":"https:\/\/noti-america.com\/site\/mexico\/wp-json\/wp\/v2\/users\/127"}],"replies":[{"embeddable":true,"href":"https:\/\/noti-america.com\/site\/mexico\/wp-json\/wp\/v2\/comments?post=7388"}],"version-history":[{"count":1,"href":"https:\/\/noti-america.com\/site\/mexico\/wp-json\/wp\/v2\/posts\/7388\/revisions"}],"predecessor-version":[{"id":7390,"href":"https:\/\/noti-america.com\/site\/mexico\/wp-json\/wp\/v2\/posts\/7388\/revisions\/7390"}],"wp:featuredmedia":[{"embeddable":true,"href":"https:\/\/noti-america.com\/site\/mexico\/wp-json\/wp\/v2\/media\/7389"}],"wp:attachment":[{"href":"https:\/\/noti-america.com\/site\/mexico\/wp-json\/wp\/v2\/media?parent=7388"}],"wp:term":[{"taxonomy":"category","embeddable":true,"href":"https:\/\/noti-america.com\/site\/mexico\/wp-json\/wp\/v2\/categories?post=7388"},{"taxonomy":"post_tag","embeddable":true,"href":"https:\/\/noti-america.com\/site\/mexico\/wp-json\/wp\/v2\/tags?post=7388"}],"curies":[{"name":"wp","href":"https:\/\/api.w.org\/{rel}","templated":true}]}}