{"id":7381,"date":"2022-02-14T14:04:37","date_gmt":"2022-02-14T14:04:37","guid":{"rendered":"https:\/\/noti-america.com\/site\/mexico\/?p=7381"},"modified":"2022-02-15T04:12:29","modified_gmt":"2022-02-15T04:12:29","slug":"sheila-ortega-debuta-en-la-gran-pantalla","status":"publish","type":"post","link":"https:\/\/noti-america.com\/site\/mexico\/2022\/02\/14\/sheila-ortega-debuta-en-la-gran-pantalla\/","title":{"rendered":"Sheila Ortega debuta en la gran pantalla"},"content":{"rendered":"<div>La reconocida actriz de la industria er\u00f3tica <strong>Sheila Ortega<\/strong>, sorprendi\u00f3 a sus seguidores donde m\u00e1s de uno quedo asombrando, por la importante noticia que anuncio desde sus plataformas digitales. La criolla anuncio que el pasado<strong> 5 de febrero<\/strong> se estren\u00f3 una pel\u00edcula y no precisamente en la pornograf\u00eda, sino ahora estar\u00e1 en la gran pantalla donde \u00a0 hizo su debut como actriz de la cinematograf\u00eda.<\/div>\n<div><\/div>\n<div><\/div>\n<div dir=\"ltr\"><\/div>\n<div>La pel\u00edcula se llama <strong>\u201cAs\u00ed Rodo Carne Quebrada\u201d<\/strong> dirigida por el reconocido espa\u00f1ol <strong>Garc\u00eda Pelayo<\/strong> el rodaje se realiz\u00f3 en la <strong>Pen\u00ednsula Ib\u00e9rica<\/strong> ubicada sudoeste de Europa este rodaje dijo presente en el festival de cine gong en la capital del flamenco, Sevilla. Sheila asegura que no existi\u00f3 un guion y no dispon\u00edan de un plan de rodaje, algo t\u00edpico del cine tradicional con esta propuesta buscaron en romper paradigmas.<\/div>\n<div><\/div>\n<div><\/div>\n<div><\/div>\n<div dir=\"ltr\"><\/div>\n<div>El film se ejecut\u00f3 en el mes de septiembre del pasado a\u00f1o, donde estuvieron recorriendo el norte de <strong>Espa\u00f1a<\/strong> entre otros destinos del viejo continente, lo cierto es que vemos a la venezolana tomando nuevos horizontes, todo parece que se retira de la industria er\u00f3tica para enfrentar nuevos retos.<\/div>\n<div><\/div>\n<div><\/div>\n<div dir=\"ltr\"><\/div>\n<p>\u201cLa emoci\u00f3n no me cabe en el pecho, es una nueva experiencia, que sin duda la volver\u00eda a repetir creo que esto es lo m\u00edo. Espero que nuevos proyectos me contraten para llegar a otros pa\u00edses en esta nueva faceta\u201d dijo Sheila muy contenta.<\/p>\n","protected":false},"excerpt":{"rendered":"<p>La reconocida actriz de la industria er\u00f3tica Sheila Ortega, sorprendi\u00f3 a sus seguidores donde m\u00e1s de uno quedo asombrando, por la importante noticia que anuncio desde sus plataformas digitales. La criolla anuncio que el&#46;&#46;&#46;<\/p>\n","protected":false},"author":127,"featured_media":7382,"comment_status":"open","ping_status":"open","sticky":false,"template":"","format":"image","meta":{"_acf_changed":false,"om_disable_all_campaigns":false,"rop_custom_images_group":[],"rop_custom_messages_group":[],"rop_publish_now":"initial","rop_publish_now_accounts":{"twitter_242054905_242054905":""},"rop_publish_now_history":[],"rop_publish_now_status":"pending","_uf_show_specific_survey":0,"_uf_disable_surveys":false,"footnotes":""},"categories":[56],"tags":[817],"class_list":["post-7381","post","type-post","status-publish","format-image","has-post-thumbnail","hentry","category-farandula","tag-sheilaortega","post_format-post-format-image"],"acf":[],"aioseo_notices":[],"yoast_head":"<!-- This site is optimized with the Yoast SEO Premium plugin v24.9 (Yoast SEO v27.2) - https:\/\/yoast.com\/product\/yoast-seo-premium-wordpress\/ -->\n<title>Sheila Ortega debuta en la gran pantalla - M\u00e9xico<\/title>\n<meta name=\"robots\" content=\"index, follow, max-snippet:-1, max-image-preview:large, max-video-preview:-1\" \/>\n<link rel=\"canonical\" href=\"https:\/\/noti-america.com\/site\/mexico\/2022\/02\/14\/sheila-ortega-debuta-en-la-gran-pantalla\/\" \/>\n<meta property=\"og:locale\" content=\"es_ES\" \/>\n<meta property=\"og:type\" content=\"article\" \/>\n<meta property=\"og:title\" content=\"Sheila Ortega debuta en la gran pantalla\" \/>\n<meta property=\"og:description\" content=\"La reconocida actriz de la industria er\u00f3tica Sheila Ortega, sorprendi\u00f3 a sus seguidores donde m\u00e1s de uno quedo asombrando, por la importante noticia que anuncio desde sus plataformas digitales. La criolla anuncio que el&#046;&#046;&#046;\" \/>\n<meta property=\"og:url\" content=\"https:\/\/noti-america.com\/site\/mexico\/2022\/02\/14\/sheila-ortega-debuta-en-la-gran-pantalla\/\" \/>\n<meta property=\"og:site_name\" content=\"M\u00e9xico\" \/>\n<meta property=\"article:published_time\" content=\"2022-02-14T14:04:37+00:00\" \/>\n<meta property=\"article:modified_time\" content=\"2022-02-15T04:12:29+00:00\" \/>\n<meta property=\"og:image\" content=\"https:\/\/noti-america.com\/site\/mexico\/wp-content\/uploads\/sites\/13\/2022\/02\/descarga.png\" \/>\n\t<meta property=\"og:image:width\" content=\"1124\" \/>\n\t<meta property=\"og:image:height\" content=\"1073\" \/>\n\t<meta property=\"og:image:type\" content=\"image\/png\" \/>\n<meta name=\"author\" content=\"Yoelvzla\" \/>\n<meta name=\"twitter:card\" content=\"summary_large_image\" \/>\n<meta name=\"twitter:label1\" content=\"Escrito por\" \/>\n\t<meta name=\"twitter:data1\" content=\"Yoelvzla\" \/>\n\t<meta name=\"twitter:label2\" content=\"Tiempo estimado de lectura\" \/>\n\t<meta name=\"twitter:data2\" content=\"2 minutos\" \/>\n<script type=\"application\/ld+json\" class=\"yoast-schema-graph\">{\"@context\":\"https:\/\/schema.org\",\"@graph\":[{\"@type\":\"Article\",\"@id\":\"https:\/\/noti-america.com\/site\/mexico\/2022\/02\/14\/sheila-ortega-debuta-en-la-gran-pantalla\/#article\",\"isPartOf\":{\"@id\":\"https:\/\/noti-america.com\/site\/mexico\/2022\/02\/14\/sheila-ortega-debuta-en-la-gran-pantalla\/\"},\"author\":{\"name\":\"Yoelvzla\",\"@id\":\"https:\/\/noti-america.com\/site\/mexico\/#\/schema\/person\/376ccc7b3cc7a8d5a43c3ece07a43857\"},\"headline\":\"Sheila Ortega debuta en la gran pantalla\",\"datePublished\":\"2022-02-14T14:04:37+00:00\",\"dateModified\":\"2022-02-15T04:12:29+00:00\",\"mainEntityOfPage\":{\"@id\":\"https:\/\/noti-america.com\/site\/mexico\/2022\/02\/14\/sheila-ortega-debuta-en-la-gran-pantalla\/\"},\"wordCount\":252,\"commentCount\":0,\"publisher\":{\"@id\":\"https:\/\/noti-america.com\/site\/mexico\/#organization\"},\"image\":{\"@id\":\"https:\/\/noti-america.com\/site\/mexico\/2022\/02\/14\/sheila-ortega-debuta-en-la-gran-pantalla\/#primaryimage\"},\"thumbnailUrl\":\"https:\/\/noti-america.com\/site\/mexico\/wp-content\/uploads\/sites\/13\/2022\/02\/descarga.png\",\"keywords\":[\"#SheilaOrtega\"],\"articleSection\":[\"Far\u00e1ndula\"],\"inLanguage\":\"es\",\"potentialAction\":[{\"@type\":\"CommentAction\",\"name\":\"Comment\",\"target\":[\"https:\/\/noti-america.com\/site\/mexico\/2022\/02\/14\/sheila-ortega-debuta-en-la-gran-pantalla\/#respond\"]}]},{\"@type\":\"WebPage\",\"@id\":\"https:\/\/noti-america.com\/site\/mexico\/2022\/02\/14\/sheila-ortega-debuta-en-la-gran-pantalla\/\",\"url\":\"https:\/\/noti-america.com\/site\/mexico\/2022\/02\/14\/sheila-ortega-debuta-en-la-gran-pantalla\/\",\"name\":\"Sheila Ortega debuta en la gran pantalla - M\u00e9xico\",\"isPartOf\":{\"@id\":\"https:\/\/noti-america.com\/site\/mexico\/#website\"},\"primaryImageOfPage\":{\"@id\":\"https:\/\/noti-america.com\/site\/mexico\/2022\/02\/14\/sheila-ortega-debuta-en-la-gran-pantalla\/#primaryimage\"},\"image\":{\"@id\":\"https:\/\/noti-america.com\/site\/mexico\/2022\/02\/14\/sheila-ortega-debuta-en-la-gran-pantalla\/#primaryimage\"},\"thumbnailUrl\":\"https:\/\/noti-america.com\/site\/mexico\/wp-content\/uploads\/sites\/13\/2022\/02\/descarga.png\",\"datePublished\":\"2022-02-14T14:04:37+00:00\",\"dateModified\":\"2022-02-15T04:12:29+00:00\",\"breadcrumb\":{\"@id\":\"https:\/\/noti-america.com\/site\/mexico\/2022\/02\/14\/sheila-ortega-debuta-en-la-gran-pantalla\/#breadcrumb\"},\"inLanguage\":\"es\",\"potentialAction\":[{\"@type\":\"ReadAction\",\"target\":[\"https:\/\/noti-america.com\/site\/mexico\/2022\/02\/14\/sheila-ortega-debuta-en-la-gran-pantalla\/\"]}]},{\"@type\":\"ImageObject\",\"inLanguage\":\"es\",\"@id\":\"https:\/\/noti-america.com\/site\/mexico\/2022\/02\/14\/sheila-ortega-debuta-en-la-gran-pantalla\/#primaryimage\",\"url\":\"https:\/\/noti-america.com\/site\/mexico\/wp-content\/uploads\/sites\/13\/2022\/02\/descarga.png\",\"contentUrl\":\"https:\/\/noti-america.com\/site\/mexico\/wp-content\/uploads\/sites\/13\/2022\/02\/descarga.png\",\"width\":1124,\"height\":1073},{\"@type\":\"BreadcrumbList\",\"@id\":\"https:\/\/noti-america.com\/site\/mexico\/2022\/02\/14\/sheila-ortega-debuta-en-la-gran-pantalla\/#breadcrumb\",\"itemListElement\":[{\"@type\":\"ListItem\",\"position\":1,\"name\":\"Portada\",\"item\":\"https:\/\/noti-america.com\/site\/mexico\/\"},{\"@type\":\"ListItem\",\"position\":2,\"name\":\"Sheila Ortega debuta en la gran pantalla\"}]},{\"@type\":\"WebSite\",\"@id\":\"https:\/\/noti-america.com\/site\/mexico\/#website\",\"url\":\"https:\/\/noti-america.com\/site\/mexico\/\",\"name\":\"M\u00e9xico | Noti-America.com\",\"description\":\"\",\"publisher\":{\"@id\":\"https:\/\/noti-america.com\/site\/mexico\/#organization\"},\"potentialAction\":[{\"@type\":\"SearchAction\",\"target\":{\"@type\":\"EntryPoint\",\"urlTemplate\":\"https:\/\/noti-america.com\/site\/mexico\/?s={search_term_string}\"},\"query-input\":{\"@type\":\"PropertyValueSpecification\",\"valueRequired\":true,\"valueName\":\"search_term_string\"}}],\"inLanguage\":\"es\"},{\"@type\":\"Organization\",\"@id\":\"https:\/\/noti-america.com\/site\/mexico\/#organization\",\"name\":\"Noti-America LLC | M\u00e9xico\",\"url\":\"https:\/\/noti-america.com\/site\/mexico\/\",\"logo\":{\"@type\":\"ImageObject\",\"inLanguage\":\"es\",\"@id\":\"https:\/\/noti-america.com\/site\/mexico\/#\/schema\/logo\/image\/\",\"url\":\"https:\/\/noti-america.com\/site\/mexico\/wp-content\/uploads\/sites\/13\/2020\/07\/LogoNA-4x3-1.jpg\",\"contentUrl\":\"https:\/\/noti-america.com\/site\/mexico\/wp-content\/uploads\/sites\/13\/2020\/07\/LogoNA-4x3-1.jpg\",\"width\":1236,\"height\":1080,\"caption\":\"Noti-America LLC | M\u00e9xico\"},\"image\":{\"@id\":\"https:\/\/noti-america.com\/site\/mexico\/#\/schema\/logo\/image\/\"}},{\"@type\":\"Person\",\"@id\":\"https:\/\/noti-america.com\/site\/mexico\/#\/schema\/person\/376ccc7b3cc7a8d5a43c3ece07a43857\",\"name\":\"Yoelvzla\",\"image\":{\"@type\":\"ImageObject\",\"inLanguage\":\"es\",\"@id\":\"https:\/\/secure.gravatar.com\/avatar\/13a96a72123e0e9aa76fe82e8847f726c63a1c5ef6a8d0fadd844c1a5a83b212?s=96&d=mm&r=g\",\"url\":\"https:\/\/secure.gravatar.com\/avatar\/13a96a72123e0e9aa76fe82e8847f726c63a1c5ef6a8d0fadd844c1a5a83b212?s=96&d=mm&r=g\",\"contentUrl\":\"https:\/\/secure.gravatar.com\/avatar\/13a96a72123e0e9aa76fe82e8847f726c63a1c5ef6a8d0fadd844c1a5a83b212?s=96&d=mm&r=g\",\"caption\":\"Yoelvzla\"},\"url\":\"https:\/\/noti-america.com\/site\/mexico\/author\/ydiaz\/\"}]}<\/script>\n<!-- \/ Yoast SEO Premium plugin. -->","yoast_head_json":{"title":"Sheila Ortega debuta en la gran pantalla - M\u00e9xico","robots":{"index":"index","follow":"follow","max-snippet":"max-snippet:-1","max-image-preview":"max-image-preview:large","max-video-preview":"max-video-preview:-1"},"canonical":"https:\/\/noti-america.com\/site\/mexico\/2022\/02\/14\/sheila-ortega-debuta-en-la-gran-pantalla\/","og_locale":"es_ES","og_type":"article","og_title":"Sheila Ortega debuta en la gran pantalla","og_description":"La reconocida actriz de la industria er\u00f3tica Sheila Ortega, sorprendi\u00f3 a sus seguidores donde m\u00e1s de uno quedo asombrando, por la importante noticia que anuncio desde sus plataformas digitales. La criolla anuncio que el&#46;&#46;&#46;","og_url":"https:\/\/noti-america.com\/site\/mexico\/2022\/02\/14\/sheila-ortega-debuta-en-la-gran-pantalla\/","og_site_name":"M\u00e9xico","article_published_time":"2022-02-14T14:04:37+00:00","article_modified_time":"2022-02-15T04:12:29+00:00","og_image":[{"width":1124,"height":1073,"url":"https:\/\/noti-america.com\/site\/mexico\/wp-content\/uploads\/sites\/13\/2022\/02\/descarga.png","type":"image\/png"}],"author":"Yoelvzla","twitter_card":"summary_large_image","twitter_misc":{"Escrito por":"Yoelvzla","Tiempo estimado de lectura":"2 minutos"},"schema":{"@context":"https:\/\/schema.org","@graph":[{"@type":"Article","@id":"https:\/\/noti-america.com\/site\/mexico\/2022\/02\/14\/sheila-ortega-debuta-en-la-gran-pantalla\/#article","isPartOf":{"@id":"https:\/\/noti-america.com\/site\/mexico\/2022\/02\/14\/sheila-ortega-debuta-en-la-gran-pantalla\/"},"author":{"name":"Yoelvzla","@id":"https:\/\/noti-america.com\/site\/mexico\/#\/schema\/person\/376ccc7b3cc7a8d5a43c3ece07a43857"},"headline":"Sheila Ortega debuta en la gran pantalla","datePublished":"2022-02-14T14:04:37+00:00","dateModified":"2022-02-15T04:12:29+00:00","mainEntityOfPage":{"@id":"https:\/\/noti-america.com\/site\/mexico\/2022\/02\/14\/sheila-ortega-debuta-en-la-gran-pantalla\/"},"wordCount":252,"commentCount":0,"publisher":{"@id":"https:\/\/noti-america.com\/site\/mexico\/#organization"},"image":{"@id":"https:\/\/noti-america.com\/site\/mexico\/2022\/02\/14\/sheila-ortega-debuta-en-la-gran-pantalla\/#primaryimage"},"thumbnailUrl":"https:\/\/noti-america.com\/site\/mexico\/wp-content\/uploads\/sites\/13\/2022\/02\/descarga.png","keywords":["#SheilaOrtega"],"articleSection":["Far\u00e1ndula"],"inLanguage":"es","potentialAction":[{"@type":"CommentAction","name":"Comment","target":["https:\/\/noti-america.com\/site\/mexico\/2022\/02\/14\/sheila-ortega-debuta-en-la-gran-pantalla\/#respond"]}]},{"@type":"WebPage","@id":"https:\/\/noti-america.com\/site\/mexico\/2022\/02\/14\/sheila-ortega-debuta-en-la-gran-pantalla\/","url":"https:\/\/noti-america.com\/site\/mexico\/2022\/02\/14\/sheila-ortega-debuta-en-la-gran-pantalla\/","name":"Sheila Ortega debuta en la gran pantalla - M\u00e9xico","isPartOf":{"@id":"https:\/\/noti-america.com\/site\/mexico\/#website"},"primaryImageOfPage":{"@id":"https:\/\/noti-america.com\/site\/mexico\/2022\/02\/14\/sheila-ortega-debuta-en-la-gran-pantalla\/#primaryimage"},"image":{"@id":"https:\/\/noti-america.com\/site\/mexico\/2022\/02\/14\/sheila-ortega-debuta-en-la-gran-pantalla\/#primaryimage"},"thumbnailUrl":"https:\/\/noti-america.com\/site\/mexico\/wp-content\/uploads\/sites\/13\/2022\/02\/descarga.png","datePublished":"2022-02-14T14:04:37+00:00","dateModified":"2022-02-15T04:12:29+00:00","breadcrumb":{"@id":"https:\/\/noti-america.com\/site\/mexico\/2022\/02\/14\/sheila-ortega-debuta-en-la-gran-pantalla\/#breadcrumb"},"inLanguage":"es","potentialAction":[{"@type":"ReadAction","target":["https:\/\/noti-america.com\/site\/mexico\/2022\/02\/14\/sheila-ortega-debuta-en-la-gran-pantalla\/"]}]},{"@type":"ImageObject","inLanguage":"es","@id":"https:\/\/noti-america.com\/site\/mexico\/2022\/02\/14\/sheila-ortega-debuta-en-la-gran-pantalla\/#primaryimage","url":"https:\/\/noti-america.com\/site\/mexico\/wp-content\/uploads\/sites\/13\/2022\/02\/descarga.png","contentUrl":"https:\/\/noti-america.com\/site\/mexico\/wp-content\/uploads\/sites\/13\/2022\/02\/descarga.png","width":1124,"height":1073},{"@type":"BreadcrumbList","@id":"https:\/\/noti-america.com\/site\/mexico\/2022\/02\/14\/sheila-ortega-debuta-en-la-gran-pantalla\/#breadcrumb","itemListElement":[{"@type":"ListItem","position":1,"name":"Portada","item":"https:\/\/noti-america.com\/site\/mexico\/"},{"@type":"ListItem","position":2,"name":"Sheila Ortega debuta en la gran pantalla"}]},{"@type":"WebSite","@id":"https:\/\/noti-america.com\/site\/mexico\/#website","url":"https:\/\/noti-america.com\/site\/mexico\/","name":"M\u00e9xico | Noti-America.com","description":"","publisher":{"@id":"https:\/\/noti-america.com\/site\/mexico\/#organization"},"potentialAction":[{"@type":"SearchAction","target":{"@type":"EntryPoint","urlTemplate":"https:\/\/noti-america.com\/site\/mexico\/?s={search_term_string}"},"query-input":{"@type":"PropertyValueSpecification","valueRequired":true,"valueName":"search_term_string"}}],"inLanguage":"es"},{"@type":"Organization","@id":"https:\/\/noti-america.com\/site\/mexico\/#organization","name":"Noti-America LLC | M\u00e9xico","url":"https:\/\/noti-america.com\/site\/mexico\/","logo":{"@type":"ImageObject","inLanguage":"es","@id":"https:\/\/noti-america.com\/site\/mexico\/#\/schema\/logo\/image\/","url":"https:\/\/noti-america.com\/site\/mexico\/wp-content\/uploads\/sites\/13\/2020\/07\/LogoNA-4x3-1.jpg","contentUrl":"https:\/\/noti-america.com\/site\/mexico\/wp-content\/uploads\/sites\/13\/2020\/07\/LogoNA-4x3-1.jpg","width":1236,"height":1080,"caption":"Noti-America LLC | M\u00e9xico"},"image":{"@id":"https:\/\/noti-america.com\/site\/mexico\/#\/schema\/logo\/image\/"}},{"@type":"Person","@id":"https:\/\/noti-america.com\/site\/mexico\/#\/schema\/person\/376ccc7b3cc7a8d5a43c3ece07a43857","name":"Yoelvzla","image":{"@type":"ImageObject","inLanguage":"es","@id":"https:\/\/secure.gravatar.com\/avatar\/13a96a72123e0e9aa76fe82e8847f726c63a1c5ef6a8d0fadd844c1a5a83b212?s=96&d=mm&r=g","url":"https:\/\/secure.gravatar.com\/avatar\/13a96a72123e0e9aa76fe82e8847f726c63a1c5ef6a8d0fadd844c1a5a83b212?s=96&d=mm&r=g","contentUrl":"https:\/\/secure.gravatar.com\/avatar\/13a96a72123e0e9aa76fe82e8847f726c63a1c5ef6a8d0fadd844c1a5a83b212?s=96&d=mm&r=g","caption":"Yoelvzla"},"url":"https:\/\/noti-america.com\/site\/mexico\/author\/ydiaz\/"}]}},"_links":{"self":[{"href":"https:\/\/noti-america.com\/site\/mexico\/wp-json\/wp\/v2\/posts\/7381","targetHints":{"allow":["GET"]}}],"collection":[{"href":"https:\/\/noti-america.com\/site\/mexico\/wp-json\/wp\/v2\/posts"}],"about":[{"href":"https:\/\/noti-america.com\/site\/mexico\/wp-json\/wp\/v2\/types\/post"}],"author":[{"embeddable":true,"href":"https:\/\/noti-america.com\/site\/mexico\/wp-json\/wp\/v2\/users\/127"}],"replies":[{"embeddable":true,"href":"https:\/\/noti-america.com\/site\/mexico\/wp-json\/wp\/v2\/comments?post=7381"}],"version-history":[{"count":2,"href":"https:\/\/noti-america.com\/site\/mexico\/wp-json\/wp\/v2\/posts\/7381\/revisions"}],"predecessor-version":[{"id":7387,"href":"https:\/\/noti-america.com\/site\/mexico\/wp-json\/wp\/v2\/posts\/7381\/revisions\/7387"}],"wp:featuredmedia":[{"embeddable":true,"href":"https:\/\/noti-america.com\/site\/mexico\/wp-json\/wp\/v2\/media\/7382"}],"wp:attachment":[{"href":"https:\/\/noti-america.com\/site\/mexico\/wp-json\/wp\/v2\/media?parent=7381"}],"wp:term":[{"taxonomy":"category","embeddable":true,"href":"https:\/\/noti-america.com\/site\/mexico\/wp-json\/wp\/v2\/categories?post=7381"},{"taxonomy":"post_tag","embeddable":true,"href":"https:\/\/noti-america.com\/site\/mexico\/wp-json\/wp\/v2\/tags?post=7381"}],"curies":[{"name":"wp","href":"https:\/\/api.w.org\/{rel}","templated":true}]}}