{"id":7305,"date":"2022-02-01T01:34:09","date_gmt":"2022-02-01T01:34:09","guid":{"rendered":"https:\/\/noti-america.com\/site\/mexico\/?p=7305"},"modified":"2022-02-01T01:35:09","modified_gmt":"2022-02-01T01:35:09","slug":"adolescentes-orquesta-le-canta-al-amor-este-18-de-febrero","status":"publish","type":"post","link":"https:\/\/noti-america.com\/site\/mexico\/2022\/02\/01\/adolescentes-orquesta-le-canta-al-amor-este-18-de-febrero\/","title":{"rendered":"Adolescentes Orquesta le canta al amor este 18 de febrero"},"content":{"rendered":"<p style=\"text-align: center\"><strong>\u00a1Para celebrar el D\u00eda del Amor y la Amistad!<\/strong><\/p>\n<div dir=\"auto\">Para celebrar el D\u00eda del Amor y la Amistad adem\u00e1s de su 25 aniversario, Adolescentes Orquesta, constituida por cinco cantantes procedentes de M\u00e9xico, Colombia, Chile, Cuba y Venezuela en su quinta generaci\u00f3n, regresan a los escenarios con un gran show \u201cEn Vivo\u201d llevado a cabo en La Scala de Miami Brickell.<\/div>\n<div dir=\"auto\"><\/div>\n<div dir=\"auto\">La lengendaria agrupaci\u00f3n juvenil de salsa de origen venezolano y fundada por el Sr. Luis Francisco \u201cEl Negro\u201d Mendoza, propietario del sello discogr\u00e1fico Korta Record\u2019s promete poner a bailar al p\u00fablico presente en este show que marca un antes y un despu\u00e9s de la m\u00fasica de Adolescentes gracias a un impactante frente vocal.<\/div>\n<div dir=\"auto\"><\/div>\n<div dir=\"auto\">En el evento Adolescentes Orquesta estar\u00e1 acompa\u00f1ada con invitados especiales de la banda Latin All Star, quien debutar\u00e1 por todo lo alto y que forma parte del mismo sello discogr\u00e1fico Korta Records de la mano de \u201cEl Negro\u201d Mendoza. Sin duda un show en honor a la salsa y el amor\u2026<\/div>\n<div dir=\"auto\"><\/div>\n<div dir=\"auto\">M\u00e1s sobre Adolescentes Orquesta<\/div>\n<div dir=\"auto\"><\/div>\n<div dir=\"auto\">Luego de incluir a Jimmy Rodr\u00edguez, Jonathan Mart\u00ednez, Rodrigo Silva, Ernesto Cabrera y Alex Quintero, cantantes hispanos que son el rostro de la nueva etapa art\u00edstica de Adolescentes Orquesta y las voces de una nueva generaci\u00f3n musical, han tenido la oportunidad de compartir con artistas de la talla de Oscar D&#8217; Le\u00f3n, Jos\u00e9 Alberto \u00abEl Canario\u00bb, Diego Gal\u00e9, Yosimar y su Yamb\u00fa, Motiff, George Harris y Luis Chataing en distintos eventos en la ciudad de Miami \u2013 Estados Unidos.<\/div>\n<div dir=\"auto\"><\/div>\n<div dir=\"auto\">Tras el exitoso lanzamiento de \u201cResistir\u00e9\u201d, se encuentran trabajando en la producci\u00f3n de su pr\u00f3ximo estreno y la preparaci\u00f3n de su gira por Europa, Estados Unidos y Latinoam\u00e9rica.<\/div>\n<div dir=\"auto\"><\/div>\n<div dir=\"auto\">Compra tus entradas por aqu\u00ed<\/div>\n<div dir=\"auto\"><\/div>\n<div dir=\"auto\">\u00a0<a href=\"https:\/\/ci.ovationtix.com\/36095\/pr\/1087667\/pe\/10965087\" target=\"_blank\" rel=\"noreferrer noopener\" data-auth=\"NotApplicable\" data-linkindex=\"2\">https:\/\/ci.ovationtix.com\/36095\/pr\/1087667\/pe\/10965087<\/a><\/div>\n<div dir=\"auto\"><\/div>\n<div dir=\"auto\">Sigue a Adolescentes Orquesta<\/div>\n<div dir=\"auto\"><\/div>\n<div dir=\"auto\">\u00a0<a href=\"http:\/\/www.instagram.com\/losadolescentes\" target=\"_blank\" rel=\"noreferrer noopener\" data-auth=\"NotApplicable\" data-linkindex=\"3\">http:\/\/www.instagram.com\/losadolescentes<\/a><\/div>\n<div dir=\"auto\"><\/div>\n<div dir=\"auto\"><a href=\"https:\/\/www.youtube.com\/channel\/UClDBNpL8ZZ2e9ToT9wRfFnQ\/featured\" target=\"_blank\" rel=\"noreferrer noopener\" data-auth=\"NotApplicable\" data-linkindex=\"4\">https:\/\/www.youtube.com\/channel\/UClDBNpL8ZZ2e9ToT9wRfFnQ\/featured<\/a><\/div>\n<div dir=\"auto\"><\/div>\n<div dir=\"auto\"><a href=\"http:\/\/www.twitter.com\/losadolescents\" target=\"_blank\" rel=\"noreferrer noopener\" data-auth=\"NotApplicable\" data-linkindex=\"5\">http:\/\/www.twitter.com\/losadolescents<\/a><\/div>\n<div dir=\"auto\"><\/div>\n<div dir=\"auto\">Contactos:<\/div>\n<div dir=\"auto\"><\/div>\n<div dir=\"auto\">Adolescentes Orquesta Korta Records<\/div>\n<div dir=\"auto\"><\/div>\n<div dir=\"auto\"><a href=\"mailto:produccion@kortarecords.com\" target=\"_blank\" rel=\"noreferrer noopener\" data-auth=\"NotApplicable\" data-linkindex=\"6\">produccion@kortarecords.com<\/a><\/div>\n","protected":false},"excerpt":{"rendered":"<p>\u00a1Para celebrar el D\u00eda del Amor y la Amistad! Para celebrar el D\u00eda del Amor y la Amistad adem\u00e1s de su 25 aniversario, Adolescentes Orquesta, constituida por cinco cantantes procedentes de M\u00e9xico, Colombia, Chile,&#46;&#46;&#46;<\/p>\n","protected":false},"author":127,"featured_media":7306,"comment_status":"open","ping_status":"open","sticky":false,"template":"","format":"image","meta":{"_acf_changed":false,"om_disable_all_campaigns":false,"rop_custom_images_group":[],"rop_custom_messages_group":[],"rop_publish_now":"initial","rop_publish_now_accounts":{"twitter_242054905_242054905":""},"rop_publish_now_history":[],"rop_publish_now_status":"pending","_uf_show_specific_survey":0,"_uf_disable_surveys":false,"footnotes":""},"categories":[56,417],"tags":[],"class_list":["post-7305","post","type-post","status-publish","format-image","has-post-thumbnail","hentry","category-farandula","category-venezuela","post_format-post-format-image"],"acf":[],"aioseo_notices":[],"yoast_head":"<!-- This site is optimized with the Yoast SEO Premium plugin v24.9 (Yoast SEO v27.2) - https:\/\/yoast.com\/product\/yoast-seo-premium-wordpress\/ -->\n<title>Adolescentes Orquesta le canta al amor este 18 de febrero - M\u00e9xico<\/title>\n<meta name=\"robots\" content=\"index, follow, max-snippet:-1, max-image-preview:large, max-video-preview:-1\" \/>\n<link rel=\"canonical\" href=\"https:\/\/noti-america.com\/site\/mexico\/2022\/02\/01\/adolescentes-orquesta-le-canta-al-amor-este-18-de-febrero\/\" \/>\n<meta property=\"og:locale\" content=\"es_ES\" \/>\n<meta property=\"og:type\" content=\"article\" \/>\n<meta property=\"og:title\" content=\"Adolescentes Orquesta le canta al amor este 18 de febrero\" \/>\n<meta property=\"og:description\" content=\"\u00a1Para celebrar el D\u00eda del Amor y la Amistad! Para celebrar el D\u00eda del Amor y la Amistad adem\u00e1s de su 25 aniversario, Adolescentes Orquesta, constituida por cinco cantantes procedentes de M\u00e9xico, Colombia, Chile,&#046;&#046;&#046;\" \/>\n<meta property=\"og:url\" content=\"https:\/\/noti-america.com\/site\/mexico\/2022\/02\/01\/adolescentes-orquesta-le-canta-al-amor-este-18-de-febrero\/\" \/>\n<meta property=\"og:site_name\" content=\"M\u00e9xico\" \/>\n<meta property=\"article:published_time\" content=\"2022-02-01T01:34:09+00:00\" \/>\n<meta property=\"article:modified_time\" content=\"2022-02-01T01:35:09+00:00\" \/>\n<meta property=\"og:image\" content=\"https:\/\/noti-america.com\/site\/mexico\/wp-content\/uploads\/sites\/13\/2022\/02\/thumbnail_IMG-20220127-WA0074.jpg\" \/>\n\t<meta property=\"og:image:width\" content=\"1280\" \/>\n\t<meta property=\"og:image:height\" content=\"853\" \/>\n\t<meta property=\"og:image:type\" content=\"image\/jpeg\" \/>\n<meta name=\"author\" content=\"Yoelvzla\" \/>\n<meta name=\"twitter:card\" content=\"summary_large_image\" \/>\n<meta name=\"twitter:label1\" content=\"Escrito por\" \/>\n\t<meta name=\"twitter:data1\" content=\"Yoelvzla\" \/>\n\t<meta name=\"twitter:label2\" content=\"Tiempo estimado de lectura\" \/>\n\t<meta name=\"twitter:data2\" content=\"2 minutos\" \/>\n<script type=\"application\/ld+json\" class=\"yoast-schema-graph\">{\"@context\":\"https:\/\/schema.org\",\"@graph\":[{\"@type\":\"Article\",\"@id\":\"https:\/\/noti-america.com\/site\/mexico\/2022\/02\/01\/adolescentes-orquesta-le-canta-al-amor-este-18-de-febrero\/#article\",\"isPartOf\":{\"@id\":\"https:\/\/noti-america.com\/site\/mexico\/2022\/02\/01\/adolescentes-orquesta-le-canta-al-amor-este-18-de-febrero\/\"},\"author\":{\"name\":\"Yoelvzla\",\"@id\":\"https:\/\/noti-america.com\/site\/mexico\/#\/schema\/person\/376ccc7b3cc7a8d5a43c3ece07a43857\"},\"headline\":\"Adolescentes Orquesta le canta al amor este 18 de febrero\",\"datePublished\":\"2022-02-01T01:34:09+00:00\",\"dateModified\":\"2022-02-01T01:35:09+00:00\",\"mainEntityOfPage\":{\"@id\":\"https:\/\/noti-america.com\/site\/mexico\/2022\/02\/01\/adolescentes-orquesta-le-canta-al-amor-este-18-de-febrero\/\"},\"wordCount\":349,\"commentCount\":0,\"publisher\":{\"@id\":\"https:\/\/noti-america.com\/site\/mexico\/#organization\"},\"image\":{\"@id\":\"https:\/\/noti-america.com\/site\/mexico\/2022\/02\/01\/adolescentes-orquesta-le-canta-al-amor-este-18-de-febrero\/#primaryimage\"},\"thumbnailUrl\":\"https:\/\/noti-america.com\/site\/mexico\/wp-content\/uploads\/sites\/13\/2022\/02\/thumbnail_IMG-20220127-WA0074.jpg\",\"articleSection\":[\"Far\u00e1ndula\",\"Venezuela\"],\"inLanguage\":\"es\",\"potentialAction\":[{\"@type\":\"CommentAction\",\"name\":\"Comment\",\"target\":[\"https:\/\/noti-america.com\/site\/mexico\/2022\/02\/01\/adolescentes-orquesta-le-canta-al-amor-este-18-de-febrero\/#respond\"]}]},{\"@type\":\"WebPage\",\"@id\":\"https:\/\/noti-america.com\/site\/mexico\/2022\/02\/01\/adolescentes-orquesta-le-canta-al-amor-este-18-de-febrero\/\",\"url\":\"https:\/\/noti-america.com\/site\/mexico\/2022\/02\/01\/adolescentes-orquesta-le-canta-al-amor-este-18-de-febrero\/\",\"name\":\"Adolescentes Orquesta le canta al amor este 18 de febrero - M\u00e9xico\",\"isPartOf\":{\"@id\":\"https:\/\/noti-america.com\/site\/mexico\/#website\"},\"primaryImageOfPage\":{\"@id\":\"https:\/\/noti-america.com\/site\/mexico\/2022\/02\/01\/adolescentes-orquesta-le-canta-al-amor-este-18-de-febrero\/#primaryimage\"},\"image\":{\"@id\":\"https:\/\/noti-america.com\/site\/mexico\/2022\/02\/01\/adolescentes-orquesta-le-canta-al-amor-este-18-de-febrero\/#primaryimage\"},\"thumbnailUrl\":\"https:\/\/noti-america.com\/site\/mexico\/wp-content\/uploads\/sites\/13\/2022\/02\/thumbnail_IMG-20220127-WA0074.jpg\",\"datePublished\":\"2022-02-01T01:34:09+00:00\",\"dateModified\":\"2022-02-01T01:35:09+00:00\",\"breadcrumb\":{\"@id\":\"https:\/\/noti-america.com\/site\/mexico\/2022\/02\/01\/adolescentes-orquesta-le-canta-al-amor-este-18-de-febrero\/#breadcrumb\"},\"inLanguage\":\"es\",\"potentialAction\":[{\"@type\":\"ReadAction\",\"target\":[\"https:\/\/noti-america.com\/site\/mexico\/2022\/02\/01\/adolescentes-orquesta-le-canta-al-amor-este-18-de-febrero\/\"]}]},{\"@type\":\"ImageObject\",\"inLanguage\":\"es\",\"@id\":\"https:\/\/noti-america.com\/site\/mexico\/2022\/02\/01\/adolescentes-orquesta-le-canta-al-amor-este-18-de-febrero\/#primaryimage\",\"url\":\"https:\/\/noti-america.com\/site\/mexico\/wp-content\/uploads\/sites\/13\/2022\/02\/thumbnail_IMG-20220127-WA0074.jpg\",\"contentUrl\":\"https:\/\/noti-america.com\/site\/mexico\/wp-content\/uploads\/sites\/13\/2022\/02\/thumbnail_IMG-20220127-WA0074.jpg\",\"width\":1280,\"height\":853},{\"@type\":\"BreadcrumbList\",\"@id\":\"https:\/\/noti-america.com\/site\/mexico\/2022\/02\/01\/adolescentes-orquesta-le-canta-al-amor-este-18-de-febrero\/#breadcrumb\",\"itemListElement\":[{\"@type\":\"ListItem\",\"position\":1,\"name\":\"Portada\",\"item\":\"https:\/\/noti-america.com\/site\/mexico\/\"},{\"@type\":\"ListItem\",\"position\":2,\"name\":\"Adolescentes Orquesta le canta al amor este 18 de febrero\"}]},{\"@type\":\"WebSite\",\"@id\":\"https:\/\/noti-america.com\/site\/mexico\/#website\",\"url\":\"https:\/\/noti-america.com\/site\/mexico\/\",\"name\":\"M\u00e9xico | Noti-America.com\",\"description\":\"\",\"publisher\":{\"@id\":\"https:\/\/noti-america.com\/site\/mexico\/#organization\"},\"potentialAction\":[{\"@type\":\"SearchAction\",\"target\":{\"@type\":\"EntryPoint\",\"urlTemplate\":\"https:\/\/noti-america.com\/site\/mexico\/?s={search_term_string}\"},\"query-input\":{\"@type\":\"PropertyValueSpecification\",\"valueRequired\":true,\"valueName\":\"search_term_string\"}}],\"inLanguage\":\"es\"},{\"@type\":\"Organization\",\"@id\":\"https:\/\/noti-america.com\/site\/mexico\/#organization\",\"name\":\"Noti-America LLC | M\u00e9xico\",\"url\":\"https:\/\/noti-america.com\/site\/mexico\/\",\"logo\":{\"@type\":\"ImageObject\",\"inLanguage\":\"es\",\"@id\":\"https:\/\/noti-america.com\/site\/mexico\/#\/schema\/logo\/image\/\",\"url\":\"https:\/\/noti-america.com\/site\/mexico\/wp-content\/uploads\/sites\/13\/2020\/07\/LogoNA-4x3-1.jpg\",\"contentUrl\":\"https:\/\/noti-america.com\/site\/mexico\/wp-content\/uploads\/sites\/13\/2020\/07\/LogoNA-4x3-1.jpg\",\"width\":1236,\"height\":1080,\"caption\":\"Noti-America LLC | M\u00e9xico\"},\"image\":{\"@id\":\"https:\/\/noti-america.com\/site\/mexico\/#\/schema\/logo\/image\/\"}},{\"@type\":\"Person\",\"@id\":\"https:\/\/noti-america.com\/site\/mexico\/#\/schema\/person\/376ccc7b3cc7a8d5a43c3ece07a43857\",\"name\":\"Yoelvzla\",\"image\":{\"@type\":\"ImageObject\",\"inLanguage\":\"es\",\"@id\":\"https:\/\/secure.gravatar.com\/avatar\/13a96a72123e0e9aa76fe82e8847f726c63a1c5ef6a8d0fadd844c1a5a83b212?s=96&d=mm&r=g\",\"url\":\"https:\/\/secure.gravatar.com\/avatar\/13a96a72123e0e9aa76fe82e8847f726c63a1c5ef6a8d0fadd844c1a5a83b212?s=96&d=mm&r=g\",\"contentUrl\":\"https:\/\/secure.gravatar.com\/avatar\/13a96a72123e0e9aa76fe82e8847f726c63a1c5ef6a8d0fadd844c1a5a83b212?s=96&d=mm&r=g\",\"caption\":\"Yoelvzla\"},\"url\":\"https:\/\/noti-america.com\/site\/mexico\/author\/ydiaz\/\"}]}<\/script>\n<!-- \/ Yoast SEO Premium plugin. -->","yoast_head_json":{"title":"Adolescentes Orquesta le canta al amor este 18 de febrero - M\u00e9xico","robots":{"index":"index","follow":"follow","max-snippet":"max-snippet:-1","max-image-preview":"max-image-preview:large","max-video-preview":"max-video-preview:-1"},"canonical":"https:\/\/noti-america.com\/site\/mexico\/2022\/02\/01\/adolescentes-orquesta-le-canta-al-amor-este-18-de-febrero\/","og_locale":"es_ES","og_type":"article","og_title":"Adolescentes Orquesta le canta al amor este 18 de febrero","og_description":"\u00a1Para celebrar el D\u00eda del Amor y la Amistad! Para celebrar el D\u00eda del Amor y la Amistad adem\u00e1s de su 25 aniversario, Adolescentes Orquesta, constituida por cinco cantantes procedentes de M\u00e9xico, Colombia, Chile,&#46;&#46;&#46;","og_url":"https:\/\/noti-america.com\/site\/mexico\/2022\/02\/01\/adolescentes-orquesta-le-canta-al-amor-este-18-de-febrero\/","og_site_name":"M\u00e9xico","article_published_time":"2022-02-01T01:34:09+00:00","article_modified_time":"2022-02-01T01:35:09+00:00","og_image":[{"width":1280,"height":853,"url":"https:\/\/noti-america.com\/site\/mexico\/wp-content\/uploads\/sites\/13\/2022\/02\/thumbnail_IMG-20220127-WA0074.jpg","type":"image\/jpeg"}],"author":"Yoelvzla","twitter_card":"summary_large_image","twitter_misc":{"Escrito por":"Yoelvzla","Tiempo estimado de lectura":"2 minutos"},"schema":{"@context":"https:\/\/schema.org","@graph":[{"@type":"Article","@id":"https:\/\/noti-america.com\/site\/mexico\/2022\/02\/01\/adolescentes-orquesta-le-canta-al-amor-este-18-de-febrero\/#article","isPartOf":{"@id":"https:\/\/noti-america.com\/site\/mexico\/2022\/02\/01\/adolescentes-orquesta-le-canta-al-amor-este-18-de-febrero\/"},"author":{"name":"Yoelvzla","@id":"https:\/\/noti-america.com\/site\/mexico\/#\/schema\/person\/376ccc7b3cc7a8d5a43c3ece07a43857"},"headline":"Adolescentes Orquesta le canta al amor este 18 de febrero","datePublished":"2022-02-01T01:34:09+00:00","dateModified":"2022-02-01T01:35:09+00:00","mainEntityOfPage":{"@id":"https:\/\/noti-america.com\/site\/mexico\/2022\/02\/01\/adolescentes-orquesta-le-canta-al-amor-este-18-de-febrero\/"},"wordCount":349,"commentCount":0,"publisher":{"@id":"https:\/\/noti-america.com\/site\/mexico\/#organization"},"image":{"@id":"https:\/\/noti-america.com\/site\/mexico\/2022\/02\/01\/adolescentes-orquesta-le-canta-al-amor-este-18-de-febrero\/#primaryimage"},"thumbnailUrl":"https:\/\/noti-america.com\/site\/mexico\/wp-content\/uploads\/sites\/13\/2022\/02\/thumbnail_IMG-20220127-WA0074.jpg","articleSection":["Far\u00e1ndula","Venezuela"],"inLanguage":"es","potentialAction":[{"@type":"CommentAction","name":"Comment","target":["https:\/\/noti-america.com\/site\/mexico\/2022\/02\/01\/adolescentes-orquesta-le-canta-al-amor-este-18-de-febrero\/#respond"]}]},{"@type":"WebPage","@id":"https:\/\/noti-america.com\/site\/mexico\/2022\/02\/01\/adolescentes-orquesta-le-canta-al-amor-este-18-de-febrero\/","url":"https:\/\/noti-america.com\/site\/mexico\/2022\/02\/01\/adolescentes-orquesta-le-canta-al-amor-este-18-de-febrero\/","name":"Adolescentes Orquesta le canta al amor este 18 de febrero - M\u00e9xico","isPartOf":{"@id":"https:\/\/noti-america.com\/site\/mexico\/#website"},"primaryImageOfPage":{"@id":"https:\/\/noti-america.com\/site\/mexico\/2022\/02\/01\/adolescentes-orquesta-le-canta-al-amor-este-18-de-febrero\/#primaryimage"},"image":{"@id":"https:\/\/noti-america.com\/site\/mexico\/2022\/02\/01\/adolescentes-orquesta-le-canta-al-amor-este-18-de-febrero\/#primaryimage"},"thumbnailUrl":"https:\/\/noti-america.com\/site\/mexico\/wp-content\/uploads\/sites\/13\/2022\/02\/thumbnail_IMG-20220127-WA0074.jpg","datePublished":"2022-02-01T01:34:09+00:00","dateModified":"2022-02-01T01:35:09+00:00","breadcrumb":{"@id":"https:\/\/noti-america.com\/site\/mexico\/2022\/02\/01\/adolescentes-orquesta-le-canta-al-amor-este-18-de-febrero\/#breadcrumb"},"inLanguage":"es","potentialAction":[{"@type":"ReadAction","target":["https:\/\/noti-america.com\/site\/mexico\/2022\/02\/01\/adolescentes-orquesta-le-canta-al-amor-este-18-de-febrero\/"]}]},{"@type":"ImageObject","inLanguage":"es","@id":"https:\/\/noti-america.com\/site\/mexico\/2022\/02\/01\/adolescentes-orquesta-le-canta-al-amor-este-18-de-febrero\/#primaryimage","url":"https:\/\/noti-america.com\/site\/mexico\/wp-content\/uploads\/sites\/13\/2022\/02\/thumbnail_IMG-20220127-WA0074.jpg","contentUrl":"https:\/\/noti-america.com\/site\/mexico\/wp-content\/uploads\/sites\/13\/2022\/02\/thumbnail_IMG-20220127-WA0074.jpg","width":1280,"height":853},{"@type":"BreadcrumbList","@id":"https:\/\/noti-america.com\/site\/mexico\/2022\/02\/01\/adolescentes-orquesta-le-canta-al-amor-este-18-de-febrero\/#breadcrumb","itemListElement":[{"@type":"ListItem","position":1,"name":"Portada","item":"https:\/\/noti-america.com\/site\/mexico\/"},{"@type":"ListItem","position":2,"name":"Adolescentes Orquesta le canta al amor este 18 de febrero"}]},{"@type":"WebSite","@id":"https:\/\/noti-america.com\/site\/mexico\/#website","url":"https:\/\/noti-america.com\/site\/mexico\/","name":"M\u00e9xico | Noti-America.com","description":"","publisher":{"@id":"https:\/\/noti-america.com\/site\/mexico\/#organization"},"potentialAction":[{"@type":"SearchAction","target":{"@type":"EntryPoint","urlTemplate":"https:\/\/noti-america.com\/site\/mexico\/?s={search_term_string}"},"query-input":{"@type":"PropertyValueSpecification","valueRequired":true,"valueName":"search_term_string"}}],"inLanguage":"es"},{"@type":"Organization","@id":"https:\/\/noti-america.com\/site\/mexico\/#organization","name":"Noti-America LLC | M\u00e9xico","url":"https:\/\/noti-america.com\/site\/mexico\/","logo":{"@type":"ImageObject","inLanguage":"es","@id":"https:\/\/noti-america.com\/site\/mexico\/#\/schema\/logo\/image\/","url":"https:\/\/noti-america.com\/site\/mexico\/wp-content\/uploads\/sites\/13\/2020\/07\/LogoNA-4x3-1.jpg","contentUrl":"https:\/\/noti-america.com\/site\/mexico\/wp-content\/uploads\/sites\/13\/2020\/07\/LogoNA-4x3-1.jpg","width":1236,"height":1080,"caption":"Noti-America LLC | M\u00e9xico"},"image":{"@id":"https:\/\/noti-america.com\/site\/mexico\/#\/schema\/logo\/image\/"}},{"@type":"Person","@id":"https:\/\/noti-america.com\/site\/mexico\/#\/schema\/person\/376ccc7b3cc7a8d5a43c3ece07a43857","name":"Yoelvzla","image":{"@type":"ImageObject","inLanguage":"es","@id":"https:\/\/secure.gravatar.com\/avatar\/13a96a72123e0e9aa76fe82e8847f726c63a1c5ef6a8d0fadd844c1a5a83b212?s=96&d=mm&r=g","url":"https:\/\/secure.gravatar.com\/avatar\/13a96a72123e0e9aa76fe82e8847f726c63a1c5ef6a8d0fadd844c1a5a83b212?s=96&d=mm&r=g","contentUrl":"https:\/\/secure.gravatar.com\/avatar\/13a96a72123e0e9aa76fe82e8847f726c63a1c5ef6a8d0fadd844c1a5a83b212?s=96&d=mm&r=g","caption":"Yoelvzla"},"url":"https:\/\/noti-america.com\/site\/mexico\/author\/ydiaz\/"}]}},"_links":{"self":[{"href":"https:\/\/noti-america.com\/site\/mexico\/wp-json\/wp\/v2\/posts\/7305","targetHints":{"allow":["GET"]}}],"collection":[{"href":"https:\/\/noti-america.com\/site\/mexico\/wp-json\/wp\/v2\/posts"}],"about":[{"href":"https:\/\/noti-america.com\/site\/mexico\/wp-json\/wp\/v2\/types\/post"}],"author":[{"embeddable":true,"href":"https:\/\/noti-america.com\/site\/mexico\/wp-json\/wp\/v2\/users\/127"}],"replies":[{"embeddable":true,"href":"https:\/\/noti-america.com\/site\/mexico\/wp-json\/wp\/v2\/comments?post=7305"}],"version-history":[{"count":2,"href":"https:\/\/noti-america.com\/site\/mexico\/wp-json\/wp\/v2\/posts\/7305\/revisions"}],"predecessor-version":[{"id":7308,"href":"https:\/\/noti-america.com\/site\/mexico\/wp-json\/wp\/v2\/posts\/7305\/revisions\/7308"}],"wp:featuredmedia":[{"embeddable":true,"href":"https:\/\/noti-america.com\/site\/mexico\/wp-json\/wp\/v2\/media\/7306"}],"wp:attachment":[{"href":"https:\/\/noti-america.com\/site\/mexico\/wp-json\/wp\/v2\/media?parent=7305"}],"wp:term":[{"taxonomy":"category","embeddable":true,"href":"https:\/\/noti-america.com\/site\/mexico\/wp-json\/wp\/v2\/categories?post=7305"},{"taxonomy":"post_tag","embeddable":true,"href":"https:\/\/noti-america.com\/site\/mexico\/wp-json\/wp\/v2\/tags?post=7305"}],"curies":[{"name":"wp","href":"https:\/\/api.w.org\/{rel}","templated":true}]}}