{"id":7302,"date":"2022-01-29T11:58:59","date_gmt":"2022-01-29T11:58:59","guid":{"rendered":"https:\/\/noti-america.com\/site\/mexico\/?p=7302"},"modified":"2022-01-29T11:58:59","modified_gmt":"2022-01-29T11:58:59","slug":"que-exito-luis-moran-gonzalez-se-posiciona-como-empresario-del-ano","status":"publish","type":"post","link":"https:\/\/noti-america.com\/site\/mexico\/2022\/01\/29\/que-exito-luis-moran-gonzalez-se-posiciona-como-empresario-del-ano\/","title":{"rendered":"\u00a1Qu\u00e9 \u00e9xito! LUIS MOR\u00c1N GONZ\u00c1LEZ, SE POSICIONA COMO EMPRESARIO DEL A\u00d1O"},"content":{"rendered":"<div dir=\"auto\">El CEO de Biodet, contorno est\u00e9tico; empresa l\u00edder en el mercado, deja en alto el nombre de <strong>M\u00e9xico<\/strong><\/div>\n<div dir=\"auto\"><\/div>\n<div dir=\"auto\">Cada segundo que pasa cuenta y con ello en el mundo se desarrollan m\u00e1s las marcas que, a su vez son lideradas por personas capacitadas para saber liderar una empresa; tal es el caso del mexicano <strong>Luis Mor\u00e1n Gonz\u00e1lez<\/strong>, CEO de Biodet, contorno est\u00e9tico.<\/div>\n<div dir=\"auto\"><\/div>\n<div dir=\"auto\">Tan solo la mitad del 2021 ha transcurrido y ya Mor\u00e1n es merecedor de un premio otorgado por Latin American Quality Institute, como \u201cEmpresario del a\u00f1o\u201d. Y, en el mismo orden de idea, Biodet destacada como <strong>\u201cEmpresa mexicana del a\u00f1o\u201d<\/strong>.<\/div>\n<div dir=\"auto\"><\/div>\n<div dir=\"auto\">Fue en 1989 cuando naci\u00f3, en Caracas \u2013 Venezuela, Biodet; una empresa con concepto exclusivo para la medicina est\u00e9tica, inici\u00e1ndose espec\u00edficamente en la mesoterapia, que hoy en d\u00eda se posiciona como l\u00edder en el mercado de instrumental quir\u00fargico y de implantes inyectables.<\/div>\n<div dir=\"auto\"><\/div>\n<div dir=\"auto\">Hoy en d\u00eda, contando con una estructura formal y de proyecci\u00f3n internacional incursiona en mercados con mayor diversificaci\u00f3n y estabilidad como lo son: La Cirug\u00eda Pl\u00e1stica; Dermatolog\u00eda; Otorrinolaringolog\u00eda; Cirug\u00eda Cosm\u00e9tica; Medicina Est\u00e9tica y de Anti Envejecimiento.\u00a0 Se destacan como un equipo comprometido y enfocado con sus clientes; buscando la excelencia fundamentada en la calidad de sus productos y servicios, en la capacidad y motivaci\u00f3n de su personal y en la innovaci\u00f3n.<\/div>\n<div dir=\"auto\"><\/div>\n<div dir=\"auto\">Actualmente Biodet es la empresa l\u00edder en el mercado de instrumental quir\u00fargico y de implantes inyectables, que mantiene su oficina matriz en la ciudad de Guadalajara, Jalisco. A nivel nacional cuenta con oficinas en ciudades de M\u00e9xico; Monterrey, Hermosillo y Tijuana.\u00a0 As\u00ed mismo, sostiene operaciones de ventas en las ciudades de Le\u00f3n, Guanajuato y Quer\u00e9taro, entre otras.<\/div>\n<div dir=\"auto\"><\/div>\n<div dir=\"auto\">A nivel internacional cuenta con oficinas en San Diego, California y en la ciudad de <strong>San Jos\u00e9, Costa Rica<\/strong>.<\/div>\n","protected":false},"excerpt":{"rendered":"<p>El CEO de Biodet, contorno est\u00e9tico; empresa l\u00edder en el mercado, deja en alto el nombre de M\u00e9xico Cada segundo que pasa cuenta y con ello en el mundo se desarrollan m\u00e1s las marcas&#46;&#46;&#46;<\/p>\n","protected":false},"author":127,"featured_media":7303,"comment_status":"open","ping_status":"open","sticky":false,"template":"","format":"image","meta":{"_acf_changed":false,"om_disable_all_campaigns":false,"rop_custom_images_group":[],"rop_custom_messages_group":[],"rop_publish_now":"initial","rop_publish_now_accounts":{"twitter_242054905_242054905":""},"rop_publish_now_history":[],"rop_publish_now_status":"pending","_uf_show_specific_survey":0,"_uf_disable_surveys":false,"footnotes":""},"categories":[56],"tags":[],"class_list":["post-7302","post","type-post","status-publish","format-image","has-post-thumbnail","hentry","category-farandula","post_format-post-format-image"],"acf":[],"aioseo_notices":[],"yoast_head":"<!-- This site is optimized with the Yoast SEO Premium plugin v24.9 (Yoast SEO v27.2) - https:\/\/yoast.com\/product\/yoast-seo-premium-wordpress\/ -->\n<title>\u00a1Qu\u00e9 \u00e9xito! LUIS MOR\u00c1N GONZ\u00c1LEZ, SE POSICIONA COMO EMPRESARIO DEL A\u00d1O - M\u00e9xico<\/title>\n<meta name=\"robots\" content=\"index, follow, max-snippet:-1, max-image-preview:large, max-video-preview:-1\" \/>\n<link rel=\"canonical\" href=\"https:\/\/noti-america.com\/site\/mexico\/2022\/01\/29\/que-exito-luis-moran-gonzalez-se-posiciona-como-empresario-del-ano\/\" \/>\n<meta property=\"og:locale\" content=\"es_ES\" \/>\n<meta property=\"og:type\" content=\"article\" \/>\n<meta property=\"og:title\" content=\"\u00a1Qu\u00e9 \u00e9xito! LUIS MOR\u00c1N GONZ\u00c1LEZ, SE POSICIONA COMO EMPRESARIO DEL A\u00d1O\" \/>\n<meta property=\"og:description\" content=\"El CEO de Biodet, contorno est\u00e9tico; empresa l\u00edder en el mercado, deja en alto el nombre de M\u00e9xico Cada segundo que pasa cuenta y con ello en el mundo se desarrollan m\u00e1s las marcas&#046;&#046;&#046;\" \/>\n<meta property=\"og:url\" content=\"https:\/\/noti-america.com\/site\/mexico\/2022\/01\/29\/que-exito-luis-moran-gonzalez-se-posiciona-como-empresario-del-ano\/\" \/>\n<meta property=\"og:site_name\" content=\"M\u00e9xico\" \/>\n<meta property=\"article:published_time\" content=\"2022-01-29T11:58:59+00:00\" \/>\n<meta property=\"og:image\" content=\"https:\/\/noti-america.com\/site\/mexico\/wp-content\/uploads\/sites\/13\/2022\/01\/descarga-5.png\" \/>\n\t<meta property=\"og:image:width\" content=\"768\" \/>\n\t<meta property=\"og:image:height\" content=\"437\" \/>\n\t<meta property=\"og:image:type\" content=\"image\/png\" \/>\n<meta name=\"author\" content=\"Yoelvzla\" \/>\n<meta name=\"twitter:card\" content=\"summary_large_image\" \/>\n<meta name=\"twitter:label1\" content=\"Escrito por\" \/>\n\t<meta name=\"twitter:data1\" content=\"Yoelvzla\" \/>\n\t<meta name=\"twitter:label2\" content=\"Tiempo estimado de lectura\" \/>\n\t<meta name=\"twitter:data2\" content=\"2 minutos\" \/>\n<script type=\"application\/ld+json\" class=\"yoast-schema-graph\">{\"@context\":\"https:\/\/schema.org\",\"@graph\":[{\"@type\":\"Article\",\"@id\":\"https:\/\/noti-america.com\/site\/mexico\/2022\/01\/29\/que-exito-luis-moran-gonzalez-se-posiciona-como-empresario-del-ano\/#article\",\"isPartOf\":{\"@id\":\"https:\/\/noti-america.com\/site\/mexico\/2022\/01\/29\/que-exito-luis-moran-gonzalez-se-posiciona-como-empresario-del-ano\/\"},\"author\":{\"name\":\"Yoelvzla\",\"@id\":\"https:\/\/noti-america.com\/site\/mexico\/#\/schema\/person\/376ccc7b3cc7a8d5a43c3ece07a43857\"},\"headline\":\"\u00a1Qu\u00e9 \u00e9xito! LUIS MOR\u00c1N GONZ\u00c1LEZ, SE POSICIONA COMO EMPRESARIO DEL A\u00d1O\",\"datePublished\":\"2022-01-29T11:58:59+00:00\",\"mainEntityOfPage\":{\"@id\":\"https:\/\/noti-america.com\/site\/mexico\/2022\/01\/29\/que-exito-luis-moran-gonzalez-se-posiciona-como-empresario-del-ano\/\"},\"wordCount\":335,\"commentCount\":0,\"publisher\":{\"@id\":\"https:\/\/noti-america.com\/site\/mexico\/#organization\"},\"image\":{\"@id\":\"https:\/\/noti-america.com\/site\/mexico\/2022\/01\/29\/que-exito-luis-moran-gonzalez-se-posiciona-como-empresario-del-ano\/#primaryimage\"},\"thumbnailUrl\":\"https:\/\/noti-america.com\/site\/mexico\/wp-content\/uploads\/sites\/13\/2022\/01\/descarga-5.png\",\"articleSection\":[\"Far\u00e1ndula\"],\"inLanguage\":\"es\",\"potentialAction\":[{\"@type\":\"CommentAction\",\"name\":\"Comment\",\"target\":[\"https:\/\/noti-america.com\/site\/mexico\/2022\/01\/29\/que-exito-luis-moran-gonzalez-se-posiciona-como-empresario-del-ano\/#respond\"]}]},{\"@type\":\"WebPage\",\"@id\":\"https:\/\/noti-america.com\/site\/mexico\/2022\/01\/29\/que-exito-luis-moran-gonzalez-se-posiciona-como-empresario-del-ano\/\",\"url\":\"https:\/\/noti-america.com\/site\/mexico\/2022\/01\/29\/que-exito-luis-moran-gonzalez-se-posiciona-como-empresario-del-ano\/\",\"name\":\"\u00a1Qu\u00e9 \u00e9xito! LUIS MOR\u00c1N GONZ\u00c1LEZ, SE POSICIONA COMO EMPRESARIO DEL A\u00d1O - M\u00e9xico\",\"isPartOf\":{\"@id\":\"https:\/\/noti-america.com\/site\/mexico\/#website\"},\"primaryImageOfPage\":{\"@id\":\"https:\/\/noti-america.com\/site\/mexico\/2022\/01\/29\/que-exito-luis-moran-gonzalez-se-posiciona-como-empresario-del-ano\/#primaryimage\"},\"image\":{\"@id\":\"https:\/\/noti-america.com\/site\/mexico\/2022\/01\/29\/que-exito-luis-moran-gonzalez-se-posiciona-como-empresario-del-ano\/#primaryimage\"},\"thumbnailUrl\":\"https:\/\/noti-america.com\/site\/mexico\/wp-content\/uploads\/sites\/13\/2022\/01\/descarga-5.png\",\"datePublished\":\"2022-01-29T11:58:59+00:00\",\"breadcrumb\":{\"@id\":\"https:\/\/noti-america.com\/site\/mexico\/2022\/01\/29\/que-exito-luis-moran-gonzalez-se-posiciona-como-empresario-del-ano\/#breadcrumb\"},\"inLanguage\":\"es\",\"potentialAction\":[{\"@type\":\"ReadAction\",\"target\":[\"https:\/\/noti-america.com\/site\/mexico\/2022\/01\/29\/que-exito-luis-moran-gonzalez-se-posiciona-como-empresario-del-ano\/\"]}]},{\"@type\":\"ImageObject\",\"inLanguage\":\"es\",\"@id\":\"https:\/\/noti-america.com\/site\/mexico\/2022\/01\/29\/que-exito-luis-moran-gonzalez-se-posiciona-como-empresario-del-ano\/#primaryimage\",\"url\":\"https:\/\/noti-america.com\/site\/mexico\/wp-content\/uploads\/sites\/13\/2022\/01\/descarga-5.png\",\"contentUrl\":\"https:\/\/noti-america.com\/site\/mexico\/wp-content\/uploads\/sites\/13\/2022\/01\/descarga-5.png\",\"width\":768,\"height\":437},{\"@type\":\"BreadcrumbList\",\"@id\":\"https:\/\/noti-america.com\/site\/mexico\/2022\/01\/29\/que-exito-luis-moran-gonzalez-se-posiciona-como-empresario-del-ano\/#breadcrumb\",\"itemListElement\":[{\"@type\":\"ListItem\",\"position\":1,\"name\":\"Portada\",\"item\":\"https:\/\/noti-america.com\/site\/mexico\/\"},{\"@type\":\"ListItem\",\"position\":2,\"name\":\"\u00a1Qu\u00e9 \u00e9xito! LUIS MOR\u00c1N GONZ\u00c1LEZ, SE POSICIONA COMO EMPRESARIO DEL A\u00d1O\"}]},{\"@type\":\"WebSite\",\"@id\":\"https:\/\/noti-america.com\/site\/mexico\/#website\",\"url\":\"https:\/\/noti-america.com\/site\/mexico\/\",\"name\":\"M\u00e9xico | Noti-America.com\",\"description\":\"\",\"publisher\":{\"@id\":\"https:\/\/noti-america.com\/site\/mexico\/#organization\"},\"potentialAction\":[{\"@type\":\"SearchAction\",\"target\":{\"@type\":\"EntryPoint\",\"urlTemplate\":\"https:\/\/noti-america.com\/site\/mexico\/?s={search_term_string}\"},\"query-input\":{\"@type\":\"PropertyValueSpecification\",\"valueRequired\":true,\"valueName\":\"search_term_string\"}}],\"inLanguage\":\"es\"},{\"@type\":\"Organization\",\"@id\":\"https:\/\/noti-america.com\/site\/mexico\/#organization\",\"name\":\"Noti-America LLC | M\u00e9xico\",\"url\":\"https:\/\/noti-america.com\/site\/mexico\/\",\"logo\":{\"@type\":\"ImageObject\",\"inLanguage\":\"es\",\"@id\":\"https:\/\/noti-america.com\/site\/mexico\/#\/schema\/logo\/image\/\",\"url\":\"https:\/\/noti-america.com\/site\/mexico\/wp-content\/uploads\/sites\/13\/2020\/07\/LogoNA-4x3-1.jpg\",\"contentUrl\":\"https:\/\/noti-america.com\/site\/mexico\/wp-content\/uploads\/sites\/13\/2020\/07\/LogoNA-4x3-1.jpg\",\"width\":1236,\"height\":1080,\"caption\":\"Noti-America LLC | M\u00e9xico\"},\"image\":{\"@id\":\"https:\/\/noti-america.com\/site\/mexico\/#\/schema\/logo\/image\/\"}},{\"@type\":\"Person\",\"@id\":\"https:\/\/noti-america.com\/site\/mexico\/#\/schema\/person\/376ccc7b3cc7a8d5a43c3ece07a43857\",\"name\":\"Yoelvzla\",\"image\":{\"@type\":\"ImageObject\",\"inLanguage\":\"es\",\"@id\":\"https:\/\/secure.gravatar.com\/avatar\/13a96a72123e0e9aa76fe82e8847f726c63a1c5ef6a8d0fadd844c1a5a83b212?s=96&d=mm&r=g\",\"url\":\"https:\/\/secure.gravatar.com\/avatar\/13a96a72123e0e9aa76fe82e8847f726c63a1c5ef6a8d0fadd844c1a5a83b212?s=96&d=mm&r=g\",\"contentUrl\":\"https:\/\/secure.gravatar.com\/avatar\/13a96a72123e0e9aa76fe82e8847f726c63a1c5ef6a8d0fadd844c1a5a83b212?s=96&d=mm&r=g\",\"caption\":\"Yoelvzla\"},\"url\":\"https:\/\/noti-america.com\/site\/mexico\/author\/ydiaz\/\"}]}<\/script>\n<!-- \/ Yoast SEO Premium plugin. -->","yoast_head_json":{"title":"\u00a1Qu\u00e9 \u00e9xito! LUIS MOR\u00c1N GONZ\u00c1LEZ, SE POSICIONA COMO EMPRESARIO DEL A\u00d1O - M\u00e9xico","robots":{"index":"index","follow":"follow","max-snippet":"max-snippet:-1","max-image-preview":"max-image-preview:large","max-video-preview":"max-video-preview:-1"},"canonical":"https:\/\/noti-america.com\/site\/mexico\/2022\/01\/29\/que-exito-luis-moran-gonzalez-se-posiciona-como-empresario-del-ano\/","og_locale":"es_ES","og_type":"article","og_title":"\u00a1Qu\u00e9 \u00e9xito! LUIS MOR\u00c1N GONZ\u00c1LEZ, SE POSICIONA COMO EMPRESARIO DEL A\u00d1O","og_description":"El CEO de Biodet, contorno est\u00e9tico; empresa l\u00edder en el mercado, deja en alto el nombre de M\u00e9xico Cada segundo que pasa cuenta y con ello en el mundo se desarrollan m\u00e1s las marcas&#46;&#46;&#46;","og_url":"https:\/\/noti-america.com\/site\/mexico\/2022\/01\/29\/que-exito-luis-moran-gonzalez-se-posiciona-como-empresario-del-ano\/","og_site_name":"M\u00e9xico","article_published_time":"2022-01-29T11:58:59+00:00","og_image":[{"width":768,"height":437,"url":"https:\/\/noti-america.com\/site\/mexico\/wp-content\/uploads\/sites\/13\/2022\/01\/descarga-5.png","type":"image\/png"}],"author":"Yoelvzla","twitter_card":"summary_large_image","twitter_misc":{"Escrito por":"Yoelvzla","Tiempo estimado de lectura":"2 minutos"},"schema":{"@context":"https:\/\/schema.org","@graph":[{"@type":"Article","@id":"https:\/\/noti-america.com\/site\/mexico\/2022\/01\/29\/que-exito-luis-moran-gonzalez-se-posiciona-como-empresario-del-ano\/#article","isPartOf":{"@id":"https:\/\/noti-america.com\/site\/mexico\/2022\/01\/29\/que-exito-luis-moran-gonzalez-se-posiciona-como-empresario-del-ano\/"},"author":{"name":"Yoelvzla","@id":"https:\/\/noti-america.com\/site\/mexico\/#\/schema\/person\/376ccc7b3cc7a8d5a43c3ece07a43857"},"headline":"\u00a1Qu\u00e9 \u00e9xito! LUIS MOR\u00c1N GONZ\u00c1LEZ, SE POSICIONA COMO EMPRESARIO DEL A\u00d1O","datePublished":"2022-01-29T11:58:59+00:00","mainEntityOfPage":{"@id":"https:\/\/noti-america.com\/site\/mexico\/2022\/01\/29\/que-exito-luis-moran-gonzalez-se-posiciona-como-empresario-del-ano\/"},"wordCount":335,"commentCount":0,"publisher":{"@id":"https:\/\/noti-america.com\/site\/mexico\/#organization"},"image":{"@id":"https:\/\/noti-america.com\/site\/mexico\/2022\/01\/29\/que-exito-luis-moran-gonzalez-se-posiciona-como-empresario-del-ano\/#primaryimage"},"thumbnailUrl":"https:\/\/noti-america.com\/site\/mexico\/wp-content\/uploads\/sites\/13\/2022\/01\/descarga-5.png","articleSection":["Far\u00e1ndula"],"inLanguage":"es","potentialAction":[{"@type":"CommentAction","name":"Comment","target":["https:\/\/noti-america.com\/site\/mexico\/2022\/01\/29\/que-exito-luis-moran-gonzalez-se-posiciona-como-empresario-del-ano\/#respond"]}]},{"@type":"WebPage","@id":"https:\/\/noti-america.com\/site\/mexico\/2022\/01\/29\/que-exito-luis-moran-gonzalez-se-posiciona-como-empresario-del-ano\/","url":"https:\/\/noti-america.com\/site\/mexico\/2022\/01\/29\/que-exito-luis-moran-gonzalez-se-posiciona-como-empresario-del-ano\/","name":"\u00a1Qu\u00e9 \u00e9xito! LUIS MOR\u00c1N GONZ\u00c1LEZ, SE POSICIONA COMO EMPRESARIO DEL A\u00d1O - M\u00e9xico","isPartOf":{"@id":"https:\/\/noti-america.com\/site\/mexico\/#website"},"primaryImageOfPage":{"@id":"https:\/\/noti-america.com\/site\/mexico\/2022\/01\/29\/que-exito-luis-moran-gonzalez-se-posiciona-como-empresario-del-ano\/#primaryimage"},"image":{"@id":"https:\/\/noti-america.com\/site\/mexico\/2022\/01\/29\/que-exito-luis-moran-gonzalez-se-posiciona-como-empresario-del-ano\/#primaryimage"},"thumbnailUrl":"https:\/\/noti-america.com\/site\/mexico\/wp-content\/uploads\/sites\/13\/2022\/01\/descarga-5.png","datePublished":"2022-01-29T11:58:59+00:00","breadcrumb":{"@id":"https:\/\/noti-america.com\/site\/mexico\/2022\/01\/29\/que-exito-luis-moran-gonzalez-se-posiciona-como-empresario-del-ano\/#breadcrumb"},"inLanguage":"es","potentialAction":[{"@type":"ReadAction","target":["https:\/\/noti-america.com\/site\/mexico\/2022\/01\/29\/que-exito-luis-moran-gonzalez-se-posiciona-como-empresario-del-ano\/"]}]},{"@type":"ImageObject","inLanguage":"es","@id":"https:\/\/noti-america.com\/site\/mexico\/2022\/01\/29\/que-exito-luis-moran-gonzalez-se-posiciona-como-empresario-del-ano\/#primaryimage","url":"https:\/\/noti-america.com\/site\/mexico\/wp-content\/uploads\/sites\/13\/2022\/01\/descarga-5.png","contentUrl":"https:\/\/noti-america.com\/site\/mexico\/wp-content\/uploads\/sites\/13\/2022\/01\/descarga-5.png","width":768,"height":437},{"@type":"BreadcrumbList","@id":"https:\/\/noti-america.com\/site\/mexico\/2022\/01\/29\/que-exito-luis-moran-gonzalez-se-posiciona-como-empresario-del-ano\/#breadcrumb","itemListElement":[{"@type":"ListItem","position":1,"name":"Portada","item":"https:\/\/noti-america.com\/site\/mexico\/"},{"@type":"ListItem","position":2,"name":"\u00a1Qu\u00e9 \u00e9xito! LUIS MOR\u00c1N GONZ\u00c1LEZ, SE POSICIONA COMO EMPRESARIO DEL A\u00d1O"}]},{"@type":"WebSite","@id":"https:\/\/noti-america.com\/site\/mexico\/#website","url":"https:\/\/noti-america.com\/site\/mexico\/","name":"M\u00e9xico | Noti-America.com","description":"","publisher":{"@id":"https:\/\/noti-america.com\/site\/mexico\/#organization"},"potentialAction":[{"@type":"SearchAction","target":{"@type":"EntryPoint","urlTemplate":"https:\/\/noti-america.com\/site\/mexico\/?s={search_term_string}"},"query-input":{"@type":"PropertyValueSpecification","valueRequired":true,"valueName":"search_term_string"}}],"inLanguage":"es"},{"@type":"Organization","@id":"https:\/\/noti-america.com\/site\/mexico\/#organization","name":"Noti-America LLC | M\u00e9xico","url":"https:\/\/noti-america.com\/site\/mexico\/","logo":{"@type":"ImageObject","inLanguage":"es","@id":"https:\/\/noti-america.com\/site\/mexico\/#\/schema\/logo\/image\/","url":"https:\/\/noti-america.com\/site\/mexico\/wp-content\/uploads\/sites\/13\/2020\/07\/LogoNA-4x3-1.jpg","contentUrl":"https:\/\/noti-america.com\/site\/mexico\/wp-content\/uploads\/sites\/13\/2020\/07\/LogoNA-4x3-1.jpg","width":1236,"height":1080,"caption":"Noti-America LLC | M\u00e9xico"},"image":{"@id":"https:\/\/noti-america.com\/site\/mexico\/#\/schema\/logo\/image\/"}},{"@type":"Person","@id":"https:\/\/noti-america.com\/site\/mexico\/#\/schema\/person\/376ccc7b3cc7a8d5a43c3ece07a43857","name":"Yoelvzla","image":{"@type":"ImageObject","inLanguage":"es","@id":"https:\/\/secure.gravatar.com\/avatar\/13a96a72123e0e9aa76fe82e8847f726c63a1c5ef6a8d0fadd844c1a5a83b212?s=96&d=mm&r=g","url":"https:\/\/secure.gravatar.com\/avatar\/13a96a72123e0e9aa76fe82e8847f726c63a1c5ef6a8d0fadd844c1a5a83b212?s=96&d=mm&r=g","contentUrl":"https:\/\/secure.gravatar.com\/avatar\/13a96a72123e0e9aa76fe82e8847f726c63a1c5ef6a8d0fadd844c1a5a83b212?s=96&d=mm&r=g","caption":"Yoelvzla"},"url":"https:\/\/noti-america.com\/site\/mexico\/author\/ydiaz\/"}]}},"_links":{"self":[{"href":"https:\/\/noti-america.com\/site\/mexico\/wp-json\/wp\/v2\/posts\/7302","targetHints":{"allow":["GET"]}}],"collection":[{"href":"https:\/\/noti-america.com\/site\/mexico\/wp-json\/wp\/v2\/posts"}],"about":[{"href":"https:\/\/noti-america.com\/site\/mexico\/wp-json\/wp\/v2\/types\/post"}],"author":[{"embeddable":true,"href":"https:\/\/noti-america.com\/site\/mexico\/wp-json\/wp\/v2\/users\/127"}],"replies":[{"embeddable":true,"href":"https:\/\/noti-america.com\/site\/mexico\/wp-json\/wp\/v2\/comments?post=7302"}],"version-history":[{"count":1,"href":"https:\/\/noti-america.com\/site\/mexico\/wp-json\/wp\/v2\/posts\/7302\/revisions"}],"predecessor-version":[{"id":7304,"href":"https:\/\/noti-america.com\/site\/mexico\/wp-json\/wp\/v2\/posts\/7302\/revisions\/7304"}],"wp:featuredmedia":[{"embeddable":true,"href":"https:\/\/noti-america.com\/site\/mexico\/wp-json\/wp\/v2\/media\/7303"}],"wp:attachment":[{"href":"https:\/\/noti-america.com\/site\/mexico\/wp-json\/wp\/v2\/media?parent=7302"}],"wp:term":[{"taxonomy":"category","embeddable":true,"href":"https:\/\/noti-america.com\/site\/mexico\/wp-json\/wp\/v2\/categories?post=7302"},{"taxonomy":"post_tag","embeddable":true,"href":"https:\/\/noti-america.com\/site\/mexico\/wp-json\/wp\/v2\/tags?post=7302"}],"curies":[{"name":"wp","href":"https:\/\/api.w.org\/{rel}","templated":true}]}}