{"id":7211,"date":"2021-12-19T11:16:56","date_gmt":"2021-12-19T11:16:56","guid":{"rendered":"https:\/\/noti-america.com\/site\/mexico\/2021\/12\/19\/la-onu-trabaja-para-mejorar-condiciones-de-vida-de-los-migrantes-y-las-poblaciones-locales-en-mexico\/"},"modified":"2021-12-19T11:16:56","modified_gmt":"2021-12-19T11:16:56","slug":"la-onu-trabaja-para-mejorar-condiciones-de-vida-de-los-migrantes-y-las-poblaciones-locales-en-mexico","status":"publish","type":"post","link":"https:\/\/noti-america.com\/site\/mexico\/2021\/12\/19\/la-onu-trabaja-para-mejorar-condiciones-de-vida-de-los-migrantes-y-las-poblaciones-locales-en-mexico\/","title":{"rendered":"La ONU trabaja para mejorar condiciones de vida de los migrantes y las poblaciones locales en M\u00e9xico"},"content":{"rendered":"<p>MEXICO | NOTI-AMERICA.COM<\/p>\n<p>www.atalayar.com<\/p>\n<div class=\"post-top\">\n<h1 class=\"post-title\" style=\"text-align: center;\">La ONU trabaja para mejorar condiciones de vida de los migrantes y las poblaciones locales en M\u00e9xico<\/h1>\n<div class=\"field field--name-field-subtitulo field--type-string field--label-hidden field__item\">Hasta tres agencias de la ONU est\u00e1n desplegadas en Chiapas ante el aumento de la poblaci\u00f3n migrante<\/div>\n<div class=\"field field--name-field-autor field--type-entity-reference field--label-hidden field__item\"><a href=\"https:\/\/atalayar.com\/taxonomy\/term\/661\" hreflang=\"es\">ONU\/Atalayar<\/a><\/div>\n<\/div>\n<div class=\"post-thumbnail\">\n<div class=\"field field--name-field-image field--type-image field--label-hidden field__item\"><img decoding=\"async\" src=\"https:\/\/atalayar.com\/sites\/default\/files\/styles\/foto_\/public\/noticias\/onu-m%C3%A9xico%20%281%29.jpg?itok=2ToiQO-7\" alt=\"onu-mexico\" \/><\/div>\n<div class=\"pie-foto\">\n<p><strong>Luis Arroyo\/CINU M\u00e9xico\u00a0<\/strong>\u00a0&#8211; \u00a0 Un grupo de personas atraviesa el r\u00edo Suchiate en una balsa en la frontera de Chiapas con Guatemala, M\u00e9xico en noviembre de 2021<\/p>\n<\/div>\n<\/div>\n<div class=\"post-content\">\n<div class=\"node__content clearfix\">\n<div class=\"field field--name-body field--type-text-with-summary field--label-hidden field__item\">\n<p><strong>Natalia huy\u00f3 de su pa\u00eds con sus hijos porque sus vidas corr\u00edan peligro.\u00a0<\/strong>Al cruzar la frontera sur de M\u00e9xico, se qued\u00f3 sin recursos para subsistir. Actualmente, la Agencia de la ONU para los refugiados le brinda un lugar seguro para vivir con sus hijos; adem\u00e1s todos ellos reciben atenci\u00f3n psicol\u00f3gica.<br \/>\nAl igual que ella, muchas personas han encontrado informaci\u00f3n que ayuda a salvar vidas o un hogar en los albergues e instituciones que trabajan juntamente con las agencias de la ONU en M\u00e9xico.<\/p>\n<p>En este momento, tres entidades de la ONU, la Agencia para los Refugiados (ACNUR), la Organizaci\u00f3n Internacional para las Migraciones (OIM) y el Fondo de las Naciones Unidas para la Infancia, (UNICEF),<strong>\u00a0trabajan en Tapachula, en Chiapas, para apoyar a las poblaciones locales y los flujos migratorios mixtos que atraviesan esa zona del pa\u00eds.<\/strong><\/p>\n<p>La ONU en M\u00e9xico brinda ese apoyo acompa\u00f1ando a las autoridades nacionales como la Comisi\u00f3n Mexicana de Ayuda a Refugiados (COMAR), el Instituto Nacional de Migraci\u00f3n (INM) y tambi\u00e9n al gobierno del municipio de Tapachula.<\/p>\n<figure role=\"group\"><img decoding=\"async\" src=\"https:\/\/atalayar.com\/sites\/default\/files\/inline-images\/onu-m%C3%A9xico%20%282%29.jpg\" alt=\"onu-mexico\" data-entity-type=\"file\" data-entity-uuid=\"ed9f978b-5015-4f8a-87e3-4dc931720258\" \/><figcaption>Luis Arroyo\/CINU M\u00e9xico &#8211; Personal de ACNUR asistiendo a una persona migrante en el Estadio Ol\u00edmpico de Tapachula, Chiapas, en noviembre de 2021<\/figcaption><\/figure>\n<p>Hasta julio de 2021, Tapachula concentraba\u00a0<strong>el 70% de las solicitudes de la condici\u00f3n de refugiado.<\/strong>\u00a0Adem\u00e1s, esta ciudad fronteriza recibe diariamente vuelos de personas expulsadas desde Estados Unidos.<\/p>\n<p><strong>\u201cUno de los focos est\u00e1 en c\u00f3mo realmente este tipo de asistencia se convierte en un acompa\u00f1amiento que garantice los derechos de los migrantes y de las personas que buscan refugio, de la forma m\u00e1s humana posible\u201d<\/strong>, explic\u00f3 Peter Grohmann, m\u00e1ximo representante de la Organizaci\u00f3n en M\u00e9xico.<\/p>\n<p>La coordinaci\u00f3n del trabajo de las agencias de las Naciones Unidas con autoridades gubernamentales federales, estatales y municipale<strong>s permite atender tanto a las poblaciones locales como a las que se encuentran en movimiento.<\/strong><\/p>\n<p>Gracias a estas acciones coordinadas, es posible facilitar la integraci\u00f3n en las comunidades locales y<strong>\u00a0prevenir la discriminaci\u00f3n, la xenofobia y otras formas de rechazo.\u00a0<\/strong><\/p>\n<figure role=\"group\"><img decoding=\"async\" src=\"https:\/\/atalayar.com\/sites\/default\/files\/inline-images\/onu-m%C3%A9xico%20%283%29.jpg\" alt=\"onu-mexico\" data-entity-type=\"file\" data-entity-uuid=\"63f1801d-5233-412d-80c5-81b8d0c9bedc\" \/><figcaption>Luis Arroyo\/CINU M\u00e9xico &#8211; Estos son algunos de los trabajadores de las agencias de la ONU que trabajan en Tapachula posando juntos en el r\u00edo Suchiate, en la frontera de M\u00e9xico con Guatemala, en Chiapas, en noviembre de 2021<\/figcaption><\/figure>\n<div class=\"ladillo\">Una labor indispensable<\/div>\n<p>Para Luis Fernando Carrera Castro, representante de UNICEF en el pa\u00eds, este trabajo conjunto es indispensable.<\/p>\n<p><strong>\u201cEste impacto se refleja en mejorar las condiciones de vida de la poblaci\u00f3n,\u00a0<\/strong>y en permitirles acceder a servicios que de cualquier otra manera no tendr\u00edan como la alimentaci\u00f3n, el albergue, la educaci\u00f3n y la salud y, por otro lado, crear condiciones para proteger sus derechos humanos y jur\u00eddicos frente al Estado Mexicano\u201d, a\u00f1adi\u00f3 Carrera.<\/p>\n<p>Por su parte, Dana Graber Ladek, jefa de Misi\u00f3n de Organizaci\u00f3n Internacional para las Migraciones en M\u00e9xico, dijo que<strong>\u00a0esta agencia impulsa un modelo para brindar alternativas de regularizaci\u00f3n migratoria, asistencia e informaci\u00f3n fidedigna a la poblaci\u00f3n migrante que les permita tomar las mejores decisiones.<\/strong><\/p>\n<p>\u201cEs importante (\u2026) brindar informaci\u00f3n verificada a la poblaci\u00f3n migrante para que sepan cu\u00e1les son sus derechos, cu\u00e1les son las opciones de regularizaci\u00f3n y los servicios que se pueden encontrar en Tapachula\u201d, explic\u00f3 Graber Ladek.<\/p>\n<p>Giovanni Lepri, representante de ACNUR, indic\u00f3 por su parte que esta agencia respalda a la Comisi\u00f3n Mexicana de Ayuda a Refugiado<strong>s para que pueda recibir y procesar las solicitudes de asilo de manera justa, pero tambi\u00e9n de manera eficiente y r\u00e1pida.<\/strong><\/p>\n<p>ACNUR cuenta adem\u00e1s con programas de asistencia humanitaria y de reubicaci\u00f3n en otras partes del pa\u00eds.<\/p>\n<p><strong>\u201cTenemos un programa de entrega de ayuda humanitaria a personas que est\u00e1n en esta categor\u00eda de extremos vulnerables<\/strong>, que les sirve para mantenerse hasta que termine su proceso de asilo, por lo menos los primeros meses, y una vez que su proceso de asilo termina, si son reconocidos como refugiados, tenemos un programa de reubicaci\u00f3n a otras partes del pa\u00eds donde pueden empezar un proceso de reintegraci\u00f3n laboral, donde los ni\u00f1os pueden acceder a la escuela y servicios de salud\u201d, dijo.<\/p>\n<figure role=\"group\"><img decoding=\"async\" src=\"https:\/\/atalayar.com\/sites\/default\/files\/inline-images\/onu-m%C3%A9xico%20%284%29.jpg\" alt=\"onu-mexico\" data-entity-type=\"file\" data-entity-uuid=\"41ebc76a-2e3c-42bd-a4f2-a47c606ffcd9\" \/><figcaption>ACNUR\/Jeoffrey Guillemard &#8211; Unos ni\u00f1os jugando en un albergue para refugiados y solicitantes de asilo en Tapachula<\/figcaption><\/figure>\n<div class=\"ladillo\">M\u00e9xico, lugar de tr\u00e1nsito y destino<\/div>\n<p>Desde 2014, M\u00e9xico ha pasado progresivamente de ser un pa\u00eds de origen, a uno de tr\u00e1nsito y, en la actualidad, a uno de destino, al que llegan personas como Natalia y sus hijos, quienes han sido expulsados o tuvieron que huir de sus hogares debido a la violencia.<\/p>\n<p>El cambio se puede medir con cifras: de acuerdo con las cifras oficiales de M\u00e9xico, en 2014 solicitaron la condici\u00f3n de refugiados 2100 personas,\u00a0<strong>en 2019 fueron m\u00e1s de 70.000, y en 2020, por causa de la pandemia por COVID-19, la cifra se redujo a 40.000 peticiones.<\/strong><\/p>\n<p>Sin embargo, entre enero y noviembre de 2021, M\u00e9xico recibi\u00f3 m\u00e1s de<strong>\u00a0123.000 peticiones de asilo de personas que provienen de Hait\u00ed, Honduras, Cuba, El Salvador, Chile, Venezuela, Guatemala, Nicaragua, Brasil y Colombia.<\/strong><\/p>\n<\/div>\n<\/div>\n<\/div>\n","protected":false},"excerpt":{"rendered":"<p>MEXICO | NOTI-AMERICA.COM www.atalayar.com La ONU trabaja para mejorar condiciones de vida de los migrantes y las poblaciones locales en M\u00e9xico Hasta tres agencias de la ONU est\u00e1n desplegadas en Chiapas ante el aumento&#46;&#46;&#46;<\/p>\n","protected":false},"author":2,"featured_media":7212,"comment_status":"open","ping_status":"open","sticky":false,"template":"","format":"image","meta":{"_acf_changed":false,"om_disable_all_campaigns":false,"rop_custom_images_group":[],"rop_custom_messages_group":[],"rop_publish_now":"initial","rop_publish_now_accounts":{"twitter_242054905_242054905":""},"rop_publish_now_history":[],"rop_publish_now_status":"pending","_uf_show_specific_survey":0,"_uf_disable_surveys":false,"footnotes":""},"categories":[4],"tags":[],"class_list":["post-7211","post","type-post","status-publish","format-image","has-post-thumbnail","hentry","category-internacionales","post_format-post-format-image"],"acf":[],"aioseo_notices":[],"yoast_head":"<!-- This site is optimized with the Yoast SEO Premium plugin v24.9 (Yoast SEO v27.2) - https:\/\/yoast.com\/product\/yoast-seo-premium-wordpress\/ -->\n<title>La ONU trabaja para mejorar condiciones de vida de los migrantes y las poblaciones locales en M\u00e9xico - M\u00e9xico<\/title>\n<meta name=\"robots\" content=\"index, follow, max-snippet:-1, max-image-preview:large, max-video-preview:-1\" \/>\n<link rel=\"canonical\" href=\"https:\/\/noti-america.com\/site\/mexico\/2021\/12\/19\/la-onu-trabaja-para-mejorar-condiciones-de-vida-de-los-migrantes-y-las-poblaciones-locales-en-mexico\/\" \/>\n<meta property=\"og:locale\" content=\"es_ES\" \/>\n<meta property=\"og:type\" content=\"article\" \/>\n<meta property=\"og:title\" content=\"La ONU trabaja para mejorar condiciones de vida de los migrantes y las poblaciones locales en M\u00e9xico\" \/>\n<meta property=\"og:description\" content=\"MEXICO | NOTI-AMERICA.COM www.atalayar.com La ONU trabaja para mejorar condiciones de vida de los migrantes y las poblaciones locales en M\u00e9xico Hasta tres agencias de la ONU est\u00e1n desplegadas en Chiapas ante el aumento&#046;&#046;&#046;\" \/>\n<meta property=\"og:url\" content=\"https:\/\/noti-america.com\/site\/mexico\/2021\/12\/19\/la-onu-trabaja-para-mejorar-condiciones-de-vida-de-los-migrantes-y-las-poblaciones-locales-en-mexico\/\" \/>\n<meta property=\"og:site_name\" content=\"M\u00e9xico\" \/>\n<meta property=\"article:published_time\" content=\"2021-12-19T11:16:56+00:00\" \/>\n<meta property=\"og:image\" content=\"https:\/\/noti-america.com\/site\/mexico\/wp-content\/uploads\/sites\/13\/2021\/12\/onu-mexico-1.jpg\" \/>\n\t<meta property=\"og:image:width\" content=\"813\" \/>\n\t<meta property=\"og:image:height\" content=\"558\" \/>\n\t<meta property=\"og:image:type\" content=\"image\/jpeg\" \/>\n<meta name=\"author\" content=\"rloaiza\" \/>\n<meta name=\"twitter:card\" content=\"summary_large_image\" \/>\n<meta name=\"twitter:label1\" content=\"Escrito por\" \/>\n\t<meta name=\"twitter:data1\" content=\"rloaiza\" \/>\n\t<meta name=\"twitter:label2\" content=\"Tiempo estimado de lectura\" \/>\n\t<meta name=\"twitter:data2\" content=\"5 minutos\" \/>\n<script type=\"application\/ld+json\" class=\"yoast-schema-graph\">{\"@context\":\"https:\/\/schema.org\",\"@graph\":[{\"@type\":\"Article\",\"@id\":\"https:\/\/noti-america.com\/site\/mexico\/2021\/12\/19\/la-onu-trabaja-para-mejorar-condiciones-de-vida-de-los-migrantes-y-las-poblaciones-locales-en-mexico\/#article\",\"isPartOf\":{\"@id\":\"https:\/\/noti-america.com\/site\/mexico\/2021\/12\/19\/la-onu-trabaja-para-mejorar-condiciones-de-vida-de-los-migrantes-y-las-poblaciones-locales-en-mexico\/\"},\"author\":{\"name\":\"rloaiza\",\"@id\":\"https:\/\/noti-america.com\/site\/mexico\/#\/schema\/person\/a2e478ba496331ce89bcd0c731cd6533\"},\"headline\":\"La ONU trabaja para mejorar condiciones de vida de los migrantes y las poblaciones locales en M\u00e9xico\",\"datePublished\":\"2021-12-19T11:16:56+00:00\",\"mainEntityOfPage\":{\"@id\":\"https:\/\/noti-america.com\/site\/mexico\/2021\/12\/19\/la-onu-trabaja-para-mejorar-condiciones-de-vida-de-los-migrantes-y-las-poblaciones-locales-en-mexico\/\"},\"wordCount\":966,\"commentCount\":0,\"publisher\":{\"@id\":\"https:\/\/noti-america.com\/site\/mexico\/#organization\"},\"image\":{\"@id\":\"https:\/\/noti-america.com\/site\/mexico\/2021\/12\/19\/la-onu-trabaja-para-mejorar-condiciones-de-vida-de-los-migrantes-y-las-poblaciones-locales-en-mexico\/#primaryimage\"},\"thumbnailUrl\":\"https:\/\/noti-america.com\/site\/mexico\/wp-content\/uploads\/sites\/13\/2021\/12\/onu-mexico-1.jpg\",\"articleSection\":[\"Internacionales\"],\"inLanguage\":\"es\",\"potentialAction\":[{\"@type\":\"CommentAction\",\"name\":\"Comment\",\"target\":[\"https:\/\/noti-america.com\/site\/mexico\/2021\/12\/19\/la-onu-trabaja-para-mejorar-condiciones-de-vida-de-los-migrantes-y-las-poblaciones-locales-en-mexico\/#respond\"]}]},{\"@type\":\"WebPage\",\"@id\":\"https:\/\/noti-america.com\/site\/mexico\/2021\/12\/19\/la-onu-trabaja-para-mejorar-condiciones-de-vida-de-los-migrantes-y-las-poblaciones-locales-en-mexico\/\",\"url\":\"https:\/\/noti-america.com\/site\/mexico\/2021\/12\/19\/la-onu-trabaja-para-mejorar-condiciones-de-vida-de-los-migrantes-y-las-poblaciones-locales-en-mexico\/\",\"name\":\"La ONU trabaja para mejorar condiciones de vida de los migrantes y las poblaciones locales en M\u00e9xico - M\u00e9xico\",\"isPartOf\":{\"@id\":\"https:\/\/noti-america.com\/site\/mexico\/#website\"},\"primaryImageOfPage\":{\"@id\":\"https:\/\/noti-america.com\/site\/mexico\/2021\/12\/19\/la-onu-trabaja-para-mejorar-condiciones-de-vida-de-los-migrantes-y-las-poblaciones-locales-en-mexico\/#primaryimage\"},\"image\":{\"@id\":\"https:\/\/noti-america.com\/site\/mexico\/2021\/12\/19\/la-onu-trabaja-para-mejorar-condiciones-de-vida-de-los-migrantes-y-las-poblaciones-locales-en-mexico\/#primaryimage\"},\"thumbnailUrl\":\"https:\/\/noti-america.com\/site\/mexico\/wp-content\/uploads\/sites\/13\/2021\/12\/onu-mexico-1.jpg\",\"datePublished\":\"2021-12-19T11:16:56+00:00\",\"breadcrumb\":{\"@id\":\"https:\/\/noti-america.com\/site\/mexico\/2021\/12\/19\/la-onu-trabaja-para-mejorar-condiciones-de-vida-de-los-migrantes-y-las-poblaciones-locales-en-mexico\/#breadcrumb\"},\"inLanguage\":\"es\",\"potentialAction\":[{\"@type\":\"ReadAction\",\"target\":[\"https:\/\/noti-america.com\/site\/mexico\/2021\/12\/19\/la-onu-trabaja-para-mejorar-condiciones-de-vida-de-los-migrantes-y-las-poblaciones-locales-en-mexico\/\"]}]},{\"@type\":\"ImageObject\",\"inLanguage\":\"es\",\"@id\":\"https:\/\/noti-america.com\/site\/mexico\/2021\/12\/19\/la-onu-trabaja-para-mejorar-condiciones-de-vida-de-los-migrantes-y-las-poblaciones-locales-en-mexico\/#primaryimage\",\"url\":\"https:\/\/noti-america.com\/site\/mexico\/wp-content\/uploads\/sites\/13\/2021\/12\/onu-mexico-1.jpg\",\"contentUrl\":\"https:\/\/noti-america.com\/site\/mexico\/wp-content\/uploads\/sites\/13\/2021\/12\/onu-mexico-1.jpg\",\"width\":813,\"height\":558},{\"@type\":\"BreadcrumbList\",\"@id\":\"https:\/\/noti-america.com\/site\/mexico\/2021\/12\/19\/la-onu-trabaja-para-mejorar-condiciones-de-vida-de-los-migrantes-y-las-poblaciones-locales-en-mexico\/#breadcrumb\",\"itemListElement\":[{\"@type\":\"ListItem\",\"position\":1,\"name\":\"Portada\",\"item\":\"https:\/\/noti-america.com\/site\/mexico\/\"},{\"@type\":\"ListItem\",\"position\":2,\"name\":\"La ONU trabaja para mejorar condiciones de vida de los migrantes y las poblaciones locales en M\u00e9xico\"}]},{\"@type\":\"WebSite\",\"@id\":\"https:\/\/noti-america.com\/site\/mexico\/#website\",\"url\":\"https:\/\/noti-america.com\/site\/mexico\/\",\"name\":\"M\u00e9xico | Noti-America.com\",\"description\":\"\",\"publisher\":{\"@id\":\"https:\/\/noti-america.com\/site\/mexico\/#organization\"},\"potentialAction\":[{\"@type\":\"SearchAction\",\"target\":{\"@type\":\"EntryPoint\",\"urlTemplate\":\"https:\/\/noti-america.com\/site\/mexico\/?s={search_term_string}\"},\"query-input\":{\"@type\":\"PropertyValueSpecification\",\"valueRequired\":true,\"valueName\":\"search_term_string\"}}],\"inLanguage\":\"es\"},{\"@type\":\"Organization\",\"@id\":\"https:\/\/noti-america.com\/site\/mexico\/#organization\",\"name\":\"Noti-America LLC | M\u00e9xico\",\"url\":\"https:\/\/noti-america.com\/site\/mexico\/\",\"logo\":{\"@type\":\"ImageObject\",\"inLanguage\":\"es\",\"@id\":\"https:\/\/noti-america.com\/site\/mexico\/#\/schema\/logo\/image\/\",\"url\":\"https:\/\/noti-america.com\/site\/mexico\/wp-content\/uploads\/sites\/13\/2020\/07\/LogoNA-4x3-1.jpg\",\"contentUrl\":\"https:\/\/noti-america.com\/site\/mexico\/wp-content\/uploads\/sites\/13\/2020\/07\/LogoNA-4x3-1.jpg\",\"width\":1236,\"height\":1080,\"caption\":\"Noti-America LLC | M\u00e9xico\"},\"image\":{\"@id\":\"https:\/\/noti-america.com\/site\/mexico\/#\/schema\/logo\/image\/\"}},{\"@type\":\"Person\",\"@id\":\"https:\/\/noti-america.com\/site\/mexico\/#\/schema\/person\/a2e478ba496331ce89bcd0c731cd6533\",\"name\":\"rloaiza\",\"image\":{\"@type\":\"ImageObject\",\"inLanguage\":\"es\",\"@id\":\"https:\/\/secure.gravatar.com\/avatar\/190058e5d4427934610b99c45aa7a6558806850adedd53ddeddd194b04773e22?s=96&d=mm&r=g\",\"url\":\"https:\/\/secure.gravatar.com\/avatar\/190058e5d4427934610b99c45aa7a6558806850adedd53ddeddd194b04773e22?s=96&d=mm&r=g\",\"contentUrl\":\"https:\/\/secure.gravatar.com\/avatar\/190058e5d4427934610b99c45aa7a6558806850adedd53ddeddd194b04773e22?s=96&d=mm&r=g\",\"caption\":\"rloaiza\"},\"url\":\"https:\/\/noti-america.com\/site\/mexico\/author\/rloaiza\/\"}]}<\/script>\n<!-- \/ Yoast SEO Premium plugin. -->","yoast_head_json":{"title":"La ONU trabaja para mejorar condiciones de vida de los migrantes y las poblaciones locales en M\u00e9xico - M\u00e9xico","robots":{"index":"index","follow":"follow","max-snippet":"max-snippet:-1","max-image-preview":"max-image-preview:large","max-video-preview":"max-video-preview:-1"},"canonical":"https:\/\/noti-america.com\/site\/mexico\/2021\/12\/19\/la-onu-trabaja-para-mejorar-condiciones-de-vida-de-los-migrantes-y-las-poblaciones-locales-en-mexico\/","og_locale":"es_ES","og_type":"article","og_title":"La ONU trabaja para mejorar condiciones de vida de los migrantes y las poblaciones locales en M\u00e9xico","og_description":"MEXICO | NOTI-AMERICA.COM www.atalayar.com La ONU trabaja para mejorar condiciones de vida de los migrantes y las poblaciones locales en M\u00e9xico Hasta tres agencias de la ONU est\u00e1n desplegadas en Chiapas ante el aumento&#46;&#46;&#46;","og_url":"https:\/\/noti-america.com\/site\/mexico\/2021\/12\/19\/la-onu-trabaja-para-mejorar-condiciones-de-vida-de-los-migrantes-y-las-poblaciones-locales-en-mexico\/","og_site_name":"M\u00e9xico","article_published_time":"2021-12-19T11:16:56+00:00","og_image":[{"width":813,"height":558,"url":"https:\/\/noti-america.com\/site\/mexico\/wp-content\/uploads\/sites\/13\/2021\/12\/onu-mexico-1.jpg","type":"image\/jpeg"}],"author":"rloaiza","twitter_card":"summary_large_image","twitter_misc":{"Escrito por":"rloaiza","Tiempo estimado de lectura":"5 minutos"},"schema":{"@context":"https:\/\/schema.org","@graph":[{"@type":"Article","@id":"https:\/\/noti-america.com\/site\/mexico\/2021\/12\/19\/la-onu-trabaja-para-mejorar-condiciones-de-vida-de-los-migrantes-y-las-poblaciones-locales-en-mexico\/#article","isPartOf":{"@id":"https:\/\/noti-america.com\/site\/mexico\/2021\/12\/19\/la-onu-trabaja-para-mejorar-condiciones-de-vida-de-los-migrantes-y-las-poblaciones-locales-en-mexico\/"},"author":{"name":"rloaiza","@id":"https:\/\/noti-america.com\/site\/mexico\/#\/schema\/person\/a2e478ba496331ce89bcd0c731cd6533"},"headline":"La ONU trabaja para mejorar condiciones de vida de los migrantes y las poblaciones locales en M\u00e9xico","datePublished":"2021-12-19T11:16:56+00:00","mainEntityOfPage":{"@id":"https:\/\/noti-america.com\/site\/mexico\/2021\/12\/19\/la-onu-trabaja-para-mejorar-condiciones-de-vida-de-los-migrantes-y-las-poblaciones-locales-en-mexico\/"},"wordCount":966,"commentCount":0,"publisher":{"@id":"https:\/\/noti-america.com\/site\/mexico\/#organization"},"image":{"@id":"https:\/\/noti-america.com\/site\/mexico\/2021\/12\/19\/la-onu-trabaja-para-mejorar-condiciones-de-vida-de-los-migrantes-y-las-poblaciones-locales-en-mexico\/#primaryimage"},"thumbnailUrl":"https:\/\/noti-america.com\/site\/mexico\/wp-content\/uploads\/sites\/13\/2021\/12\/onu-mexico-1.jpg","articleSection":["Internacionales"],"inLanguage":"es","potentialAction":[{"@type":"CommentAction","name":"Comment","target":["https:\/\/noti-america.com\/site\/mexico\/2021\/12\/19\/la-onu-trabaja-para-mejorar-condiciones-de-vida-de-los-migrantes-y-las-poblaciones-locales-en-mexico\/#respond"]}]},{"@type":"WebPage","@id":"https:\/\/noti-america.com\/site\/mexico\/2021\/12\/19\/la-onu-trabaja-para-mejorar-condiciones-de-vida-de-los-migrantes-y-las-poblaciones-locales-en-mexico\/","url":"https:\/\/noti-america.com\/site\/mexico\/2021\/12\/19\/la-onu-trabaja-para-mejorar-condiciones-de-vida-de-los-migrantes-y-las-poblaciones-locales-en-mexico\/","name":"La ONU trabaja para mejorar condiciones de vida de los migrantes y las poblaciones locales en M\u00e9xico - M\u00e9xico","isPartOf":{"@id":"https:\/\/noti-america.com\/site\/mexico\/#website"},"primaryImageOfPage":{"@id":"https:\/\/noti-america.com\/site\/mexico\/2021\/12\/19\/la-onu-trabaja-para-mejorar-condiciones-de-vida-de-los-migrantes-y-las-poblaciones-locales-en-mexico\/#primaryimage"},"image":{"@id":"https:\/\/noti-america.com\/site\/mexico\/2021\/12\/19\/la-onu-trabaja-para-mejorar-condiciones-de-vida-de-los-migrantes-y-las-poblaciones-locales-en-mexico\/#primaryimage"},"thumbnailUrl":"https:\/\/noti-america.com\/site\/mexico\/wp-content\/uploads\/sites\/13\/2021\/12\/onu-mexico-1.jpg","datePublished":"2021-12-19T11:16:56+00:00","breadcrumb":{"@id":"https:\/\/noti-america.com\/site\/mexico\/2021\/12\/19\/la-onu-trabaja-para-mejorar-condiciones-de-vida-de-los-migrantes-y-las-poblaciones-locales-en-mexico\/#breadcrumb"},"inLanguage":"es","potentialAction":[{"@type":"ReadAction","target":["https:\/\/noti-america.com\/site\/mexico\/2021\/12\/19\/la-onu-trabaja-para-mejorar-condiciones-de-vida-de-los-migrantes-y-las-poblaciones-locales-en-mexico\/"]}]},{"@type":"ImageObject","inLanguage":"es","@id":"https:\/\/noti-america.com\/site\/mexico\/2021\/12\/19\/la-onu-trabaja-para-mejorar-condiciones-de-vida-de-los-migrantes-y-las-poblaciones-locales-en-mexico\/#primaryimage","url":"https:\/\/noti-america.com\/site\/mexico\/wp-content\/uploads\/sites\/13\/2021\/12\/onu-mexico-1.jpg","contentUrl":"https:\/\/noti-america.com\/site\/mexico\/wp-content\/uploads\/sites\/13\/2021\/12\/onu-mexico-1.jpg","width":813,"height":558},{"@type":"BreadcrumbList","@id":"https:\/\/noti-america.com\/site\/mexico\/2021\/12\/19\/la-onu-trabaja-para-mejorar-condiciones-de-vida-de-los-migrantes-y-las-poblaciones-locales-en-mexico\/#breadcrumb","itemListElement":[{"@type":"ListItem","position":1,"name":"Portada","item":"https:\/\/noti-america.com\/site\/mexico\/"},{"@type":"ListItem","position":2,"name":"La ONU trabaja para mejorar condiciones de vida de los migrantes y las poblaciones locales en M\u00e9xico"}]},{"@type":"WebSite","@id":"https:\/\/noti-america.com\/site\/mexico\/#website","url":"https:\/\/noti-america.com\/site\/mexico\/","name":"M\u00e9xico | Noti-America.com","description":"","publisher":{"@id":"https:\/\/noti-america.com\/site\/mexico\/#organization"},"potentialAction":[{"@type":"SearchAction","target":{"@type":"EntryPoint","urlTemplate":"https:\/\/noti-america.com\/site\/mexico\/?s={search_term_string}"},"query-input":{"@type":"PropertyValueSpecification","valueRequired":true,"valueName":"search_term_string"}}],"inLanguage":"es"},{"@type":"Organization","@id":"https:\/\/noti-america.com\/site\/mexico\/#organization","name":"Noti-America LLC | M\u00e9xico","url":"https:\/\/noti-america.com\/site\/mexico\/","logo":{"@type":"ImageObject","inLanguage":"es","@id":"https:\/\/noti-america.com\/site\/mexico\/#\/schema\/logo\/image\/","url":"https:\/\/noti-america.com\/site\/mexico\/wp-content\/uploads\/sites\/13\/2020\/07\/LogoNA-4x3-1.jpg","contentUrl":"https:\/\/noti-america.com\/site\/mexico\/wp-content\/uploads\/sites\/13\/2020\/07\/LogoNA-4x3-1.jpg","width":1236,"height":1080,"caption":"Noti-America LLC | M\u00e9xico"},"image":{"@id":"https:\/\/noti-america.com\/site\/mexico\/#\/schema\/logo\/image\/"}},{"@type":"Person","@id":"https:\/\/noti-america.com\/site\/mexico\/#\/schema\/person\/a2e478ba496331ce89bcd0c731cd6533","name":"rloaiza","image":{"@type":"ImageObject","inLanguage":"es","@id":"https:\/\/secure.gravatar.com\/avatar\/190058e5d4427934610b99c45aa7a6558806850adedd53ddeddd194b04773e22?s=96&d=mm&r=g","url":"https:\/\/secure.gravatar.com\/avatar\/190058e5d4427934610b99c45aa7a6558806850adedd53ddeddd194b04773e22?s=96&d=mm&r=g","contentUrl":"https:\/\/secure.gravatar.com\/avatar\/190058e5d4427934610b99c45aa7a6558806850adedd53ddeddd194b04773e22?s=96&d=mm&r=g","caption":"rloaiza"},"url":"https:\/\/noti-america.com\/site\/mexico\/author\/rloaiza\/"}]}},"_links":{"self":[{"href":"https:\/\/noti-america.com\/site\/mexico\/wp-json\/wp\/v2\/posts\/7211","targetHints":{"allow":["GET"]}}],"collection":[{"href":"https:\/\/noti-america.com\/site\/mexico\/wp-json\/wp\/v2\/posts"}],"about":[{"href":"https:\/\/noti-america.com\/site\/mexico\/wp-json\/wp\/v2\/types\/post"}],"author":[{"embeddable":true,"href":"https:\/\/noti-america.com\/site\/mexico\/wp-json\/wp\/v2\/users\/2"}],"replies":[{"embeddable":true,"href":"https:\/\/noti-america.com\/site\/mexico\/wp-json\/wp\/v2\/comments?post=7211"}],"version-history":[{"count":0,"href":"https:\/\/noti-america.com\/site\/mexico\/wp-json\/wp\/v2\/posts\/7211\/revisions"}],"wp:featuredmedia":[{"embeddable":true,"href":"https:\/\/noti-america.com\/site\/mexico\/wp-json\/wp\/v2\/media\/7212"}],"wp:attachment":[{"href":"https:\/\/noti-america.com\/site\/mexico\/wp-json\/wp\/v2\/media?parent=7211"}],"wp:term":[{"taxonomy":"category","embeddable":true,"href":"https:\/\/noti-america.com\/site\/mexico\/wp-json\/wp\/v2\/categories?post=7211"},{"taxonomy":"post_tag","embeddable":true,"href":"https:\/\/noti-america.com\/site\/mexico\/wp-json\/wp\/v2\/tags?post=7211"}],"curies":[{"name":"wp","href":"https:\/\/api.w.org\/{rel}","templated":true}]}}