{"id":7168,"date":"2021-12-10T01:18:39","date_gmt":"2021-12-10T01:18:39","guid":{"rendered":"https:\/\/noti-america.com\/site\/mexico\/?p=7168"},"modified":"2021-12-10T01:18:39","modified_gmt":"2021-12-10T01:18:39","slug":"gran-modelo-venezuela-volvio-a-las-pasarelas","status":"publish","type":"post","link":"https:\/\/noti-america.com\/site\/mexico\/2021\/12\/10\/gran-modelo-venezuela-volvio-a-las-pasarelas\/","title":{"rendered":"GRAN MODELO VENEZUELA VOLVI\u00d3 A LAS PASARELAS"},"content":{"rendered":"<p class=\"x_MsoNormal\"><b>Color Sense, propuesta vivaz y plena de frescura que recre\u00f3 en perfecta armon\u00eda los colores de la naturaleza,\u00a0 inspir\u00f3 la d\u00e9cima novena edici\u00f3n de Gran Modelo Venezuela, celebrada en el \u00a0Sal\u00f3n Armando Rever\u00f3n, \u00a0del Hotel JW Marriott\u00a0 en Caracas, \u00a0en la vuelta a las pasarelas del certamen, bajo la animaci\u00f3n estelar de Michael Roa.<\/b><\/p>\n<p class=\"x_MsoNormal\"><b>\u00a0<\/b><\/p>\n<p class=\"x_MsoNormal\"><b>\u00a0\u00a0\u00a0\u00a0\u00a0\u00a0\u00a0\u00a0\u00a0\u00a0\u00a0 \u00a0Un opening \u00a0abri\u00f3 fuegos \u00a0con la participaci\u00f3n especial de los triunfadores de Gran Modelo Venezuela 2020 :<\/b>\u00a0<b>Alejandro Rodr\u00edguez,\u00a0Victoria Perdomo,Marvin Medina, \u00a0Zeus Rojas, Gabriel Zerpa,G\u00e9nesis Campos,\u00a0Sebasti\u00e1n Alfonso,\u00a0Angel Chac\u00f3n<\/b>\u00a0,<b>quienes dieron la bienvenida a los presentes\u00a0 en pasarela \u00a0derrochando talento y profesionalismo.<\/b><\/p>\n<p class=\"x_MsoNormal\"><b>Seguidamente un irreverente desfile de los aspirantes, \u00a0chicos y chicas \u00a0de la categor\u00eda Teen y Top, \u00a0se adue\u00f1\u00f3 de la pasarela para \u00a0lucir dise\u00f1os \u00a0plenos de colores fluorescentes (verde, rosado, naranja, azul..) , sin omitir las rayas, y las piezas combinadas de dos tonos.<\/b><\/p>\n<p class=\"x_MsoNormal\"><b>\u00a0\u00a0\u00a0\u00a0\u00a0\u00a0\u00a0\u00a0\u00a0\u00a0\u00a0\u00a0\u00a0 La presentaci\u00f3n del desfile en traje de ba\u00f1o recre\u00f3 un performance que les permiti\u00f3 a los concursantes,\u00a0 de ambas categor\u00edas, destacar haciendo gala de la foto pose, ante la mirada del jurado calificador que conformaron por personalidades de diferentes \u00e1mbitos.<\/b><\/p>\n<p class=\"x_MsoNormal\"><b>\u00a0<\/b><\/p>\n<p class=\"x_MsoNormal\"><b>\u00a0\u00a0\u00a0\u00a0\u00a0\u00a0\u00a0\u00a0\u00a0\u00a0\u00a0 En una\u00a0 tercera aparici\u00f3n \u00a0los j\u00f3venes concursantes \u00a0se presentaron ataviados con el llamado traje final y lentes de sol, las chicas con vestidos vaporosos e innovadores estampados con diferentes figuras, (cuadros, rayas, flores, lunares) \u00a0y \u00a0medias de vibrantes colores. Mientras que los chicos lucieron camisas igualmente estampadas combinadas con jeans negro.<\/b><\/p>\n<p class=\"x_MsoNormal\"><b>\u00a0<\/b><\/p>\n<p class=\"x_MsoNormal\"><b>\u00a0\u00a0\u00a0\u00a0\u00a0\u00a0\u00a0\u00a0\u00a0\u00a0\u00a0 Tras la selecci\u00f3n de los semifinalistas, se anunciaron los ganadores, en tal sentido se alzaron con el triunfo, \u00a0\u00a0<\/b><b>Gran Modelo Top Venezuela 2021:<\/b><b>Oriana Colantuoni y Luis Da Silva; \u00a0Gran Modelo Top Margarita Island: Mariana Useche y Jhon Leal; Gran Modelo Top Los Roques: Ignacio Mart\u00ednez y Venecia Villarroel.<\/b><\/p>\n<p class=\"x_MsoNormal\"><b>\u00a0<\/b><\/p>\n<p class=\"x_MsoNormal\"><b>Y por su parte, \u00a0como Gran Modelo Teen Venezuela 2021<\/b><b>, se titularon \u00a0Daniela Ribeiro y Christian Kubar; Gran Modelo Teen Margarita island:<\/b><b>Maria Paola Corti y Abner Yajure; Gran Modelo Teen Los Roques :<\/b><b>Benazir Barrios y Carlos Soto, respectivamente.<\/b><\/p>\n<p class=\"x_MsoNormal\"><b>\u00a0<\/b><\/p>\n<p class=\"x_MsoNormal\"><b>\u00a0\u00a0\u00a0\u00a0\u00a0\u00a0\u00a0\u00a0\u00a0\u00a0\u00a0 Los aspirantes lucieron dise\u00f1os\u00a0 de los art\u00edfices de la moda Miguel Alem\u00e1n y Luis Gonzalez.<\/b><\/p>\n","protected":false},"excerpt":{"rendered":"<p>Color Sense, propuesta vivaz y plena de frescura que recre\u00f3 en perfecta armon\u00eda los colores de la naturaleza,\u00a0 inspir\u00f3 la d\u00e9cima novena edici\u00f3n de Gran Modelo Venezuela, celebrada en el \u00a0Sal\u00f3n Armando Rever\u00f3n, \u00a0del&#46;&#46;&#46;<\/p>\n","protected":false},"author":127,"featured_media":7169,"comment_status":"open","ping_status":"open","sticky":false,"template":"","format":"image","meta":{"_acf_changed":false,"om_disable_all_campaigns":false,"rop_custom_images_group":[],"rop_custom_messages_group":[],"rop_publish_now":"initial","rop_publish_now_accounts":{"twitter_242054905_242054905":""},"rop_publish_now_history":[],"rop_publish_now_status":"pending","_uf_show_specific_survey":0,"_uf_disable_surveys":false,"footnotes":""},"categories":[417],"tags":[],"class_list":["post-7168","post","type-post","status-publish","format-image","has-post-thumbnail","hentry","category-venezuela","post_format-post-format-image"],"acf":[],"aioseo_notices":[],"yoast_head":"<!-- This site is optimized with the Yoast SEO Premium plugin v24.9 (Yoast SEO v27.2) - https:\/\/yoast.com\/product\/yoast-seo-premium-wordpress\/ -->\n<title>GRAN MODELO VENEZUELA VOLVI\u00d3 A LAS PASARELAS - M\u00e9xico<\/title>\n<meta name=\"robots\" content=\"index, follow, max-snippet:-1, max-image-preview:large, max-video-preview:-1\" \/>\n<link rel=\"canonical\" href=\"https:\/\/noti-america.com\/site\/mexico\/2021\/12\/10\/gran-modelo-venezuela-volvio-a-las-pasarelas\/\" \/>\n<meta property=\"og:locale\" content=\"es_ES\" \/>\n<meta property=\"og:type\" content=\"article\" \/>\n<meta property=\"og:title\" content=\"GRAN MODELO VENEZUELA VOLVI\u00d3 A LAS PASARELAS\" \/>\n<meta property=\"og:description\" content=\"Color Sense, propuesta vivaz y plena de frescura que recre\u00f3 en perfecta armon\u00eda los colores de la naturaleza,\u00a0 inspir\u00f3 la d\u00e9cima novena edici\u00f3n de Gran Modelo Venezuela, celebrada en el \u00a0Sal\u00f3n Armando Rever\u00f3n, \u00a0del&#046;&#046;&#046;\" \/>\n<meta property=\"og:url\" content=\"https:\/\/noti-america.com\/site\/mexico\/2021\/12\/10\/gran-modelo-venezuela-volvio-a-las-pasarelas\/\" \/>\n<meta property=\"og:site_name\" content=\"M\u00e9xico\" \/>\n<meta property=\"article:published_time\" content=\"2021-12-10T01:18:39+00:00\" \/>\n<meta property=\"og:image\" content=\"https:\/\/noti-america.com\/site\/mexico\/wp-content\/uploads\/sites\/13\/2021\/12\/thumbnail_GRAN-MODELO-VENEZUELA-2021-12.jpg\" \/>\n\t<meta property=\"og:image:width\" content=\"1100\" \/>\n\t<meta property=\"og:image:height\" content=\"929\" \/>\n\t<meta property=\"og:image:type\" content=\"image\/jpeg\" \/>\n<meta name=\"author\" content=\"Yoelvzla\" \/>\n<meta name=\"twitter:card\" content=\"summary_large_image\" \/>\n<meta name=\"twitter:label1\" content=\"Escrito por\" \/>\n\t<meta name=\"twitter:data1\" content=\"Yoelvzla\" \/>\n\t<meta name=\"twitter:label2\" content=\"Tiempo estimado de lectura\" \/>\n\t<meta name=\"twitter:data2\" content=\"2 minutos\" \/>\n<script type=\"application\/ld+json\" class=\"yoast-schema-graph\">{\"@context\":\"https:\/\/schema.org\",\"@graph\":[{\"@type\":\"Article\",\"@id\":\"https:\/\/noti-america.com\/site\/mexico\/2021\/12\/10\/gran-modelo-venezuela-volvio-a-las-pasarelas\/#article\",\"isPartOf\":{\"@id\":\"https:\/\/noti-america.com\/site\/mexico\/2021\/12\/10\/gran-modelo-venezuela-volvio-a-las-pasarelas\/\"},\"author\":{\"name\":\"Yoelvzla\",\"@id\":\"https:\/\/noti-america.com\/site\/mexico\/#\/schema\/person\/376ccc7b3cc7a8d5a43c3ece07a43857\"},\"headline\":\"GRAN MODELO VENEZUELA VOLVI\u00d3 A LAS PASARELAS\",\"datePublished\":\"2021-12-10T01:18:39+00:00\",\"mainEntityOfPage\":{\"@id\":\"https:\/\/noti-america.com\/site\/mexico\/2021\/12\/10\/gran-modelo-venezuela-volvio-a-las-pasarelas\/\"},\"wordCount\":363,\"commentCount\":0,\"publisher\":{\"@id\":\"https:\/\/noti-america.com\/site\/mexico\/#organization\"},\"image\":{\"@id\":\"https:\/\/noti-america.com\/site\/mexico\/2021\/12\/10\/gran-modelo-venezuela-volvio-a-las-pasarelas\/#primaryimage\"},\"thumbnailUrl\":\"https:\/\/noti-america.com\/site\/mexico\/wp-content\/uploads\/sites\/13\/2021\/12\/thumbnail_GRAN-MODELO-VENEZUELA-2021-12.jpg\",\"articleSection\":[\"Venezuela\"],\"inLanguage\":\"es\",\"potentialAction\":[{\"@type\":\"CommentAction\",\"name\":\"Comment\",\"target\":[\"https:\/\/noti-america.com\/site\/mexico\/2021\/12\/10\/gran-modelo-venezuela-volvio-a-las-pasarelas\/#respond\"]}]},{\"@type\":\"WebPage\",\"@id\":\"https:\/\/noti-america.com\/site\/mexico\/2021\/12\/10\/gran-modelo-venezuela-volvio-a-las-pasarelas\/\",\"url\":\"https:\/\/noti-america.com\/site\/mexico\/2021\/12\/10\/gran-modelo-venezuela-volvio-a-las-pasarelas\/\",\"name\":\"GRAN MODELO VENEZUELA VOLVI\u00d3 A LAS PASARELAS - M\u00e9xico\",\"isPartOf\":{\"@id\":\"https:\/\/noti-america.com\/site\/mexico\/#website\"},\"primaryImageOfPage\":{\"@id\":\"https:\/\/noti-america.com\/site\/mexico\/2021\/12\/10\/gran-modelo-venezuela-volvio-a-las-pasarelas\/#primaryimage\"},\"image\":{\"@id\":\"https:\/\/noti-america.com\/site\/mexico\/2021\/12\/10\/gran-modelo-venezuela-volvio-a-las-pasarelas\/#primaryimage\"},\"thumbnailUrl\":\"https:\/\/noti-america.com\/site\/mexico\/wp-content\/uploads\/sites\/13\/2021\/12\/thumbnail_GRAN-MODELO-VENEZUELA-2021-12.jpg\",\"datePublished\":\"2021-12-10T01:18:39+00:00\",\"breadcrumb\":{\"@id\":\"https:\/\/noti-america.com\/site\/mexico\/2021\/12\/10\/gran-modelo-venezuela-volvio-a-las-pasarelas\/#breadcrumb\"},\"inLanguage\":\"es\",\"potentialAction\":[{\"@type\":\"ReadAction\",\"target\":[\"https:\/\/noti-america.com\/site\/mexico\/2021\/12\/10\/gran-modelo-venezuela-volvio-a-las-pasarelas\/\"]}]},{\"@type\":\"ImageObject\",\"inLanguage\":\"es\",\"@id\":\"https:\/\/noti-america.com\/site\/mexico\/2021\/12\/10\/gran-modelo-venezuela-volvio-a-las-pasarelas\/#primaryimage\",\"url\":\"https:\/\/noti-america.com\/site\/mexico\/wp-content\/uploads\/sites\/13\/2021\/12\/thumbnail_GRAN-MODELO-VENEZUELA-2021-12.jpg\",\"contentUrl\":\"https:\/\/noti-america.com\/site\/mexico\/wp-content\/uploads\/sites\/13\/2021\/12\/thumbnail_GRAN-MODELO-VENEZUELA-2021-12.jpg\",\"width\":1100,\"height\":929},{\"@type\":\"BreadcrumbList\",\"@id\":\"https:\/\/noti-america.com\/site\/mexico\/2021\/12\/10\/gran-modelo-venezuela-volvio-a-las-pasarelas\/#breadcrumb\",\"itemListElement\":[{\"@type\":\"ListItem\",\"position\":1,\"name\":\"Portada\",\"item\":\"https:\/\/noti-america.com\/site\/mexico\/\"},{\"@type\":\"ListItem\",\"position\":2,\"name\":\"GRAN MODELO VENEZUELA VOLVI\u00d3 A LAS PASARELAS\"}]},{\"@type\":\"WebSite\",\"@id\":\"https:\/\/noti-america.com\/site\/mexico\/#website\",\"url\":\"https:\/\/noti-america.com\/site\/mexico\/\",\"name\":\"M\u00e9xico | Noti-America.com\",\"description\":\"\",\"publisher\":{\"@id\":\"https:\/\/noti-america.com\/site\/mexico\/#organization\"},\"potentialAction\":[{\"@type\":\"SearchAction\",\"target\":{\"@type\":\"EntryPoint\",\"urlTemplate\":\"https:\/\/noti-america.com\/site\/mexico\/?s={search_term_string}\"},\"query-input\":{\"@type\":\"PropertyValueSpecification\",\"valueRequired\":true,\"valueName\":\"search_term_string\"}}],\"inLanguage\":\"es\"},{\"@type\":\"Organization\",\"@id\":\"https:\/\/noti-america.com\/site\/mexico\/#organization\",\"name\":\"Noti-America LLC | M\u00e9xico\",\"url\":\"https:\/\/noti-america.com\/site\/mexico\/\",\"logo\":{\"@type\":\"ImageObject\",\"inLanguage\":\"es\",\"@id\":\"https:\/\/noti-america.com\/site\/mexico\/#\/schema\/logo\/image\/\",\"url\":\"https:\/\/noti-america.com\/site\/mexico\/wp-content\/uploads\/sites\/13\/2020\/07\/LogoNA-4x3-1.jpg\",\"contentUrl\":\"https:\/\/noti-america.com\/site\/mexico\/wp-content\/uploads\/sites\/13\/2020\/07\/LogoNA-4x3-1.jpg\",\"width\":1236,\"height\":1080,\"caption\":\"Noti-America LLC | M\u00e9xico\"},\"image\":{\"@id\":\"https:\/\/noti-america.com\/site\/mexico\/#\/schema\/logo\/image\/\"}},{\"@type\":\"Person\",\"@id\":\"https:\/\/noti-america.com\/site\/mexico\/#\/schema\/person\/376ccc7b3cc7a8d5a43c3ece07a43857\",\"name\":\"Yoelvzla\",\"image\":{\"@type\":\"ImageObject\",\"inLanguage\":\"es\",\"@id\":\"https:\/\/secure.gravatar.com\/avatar\/13a96a72123e0e9aa76fe82e8847f726c63a1c5ef6a8d0fadd844c1a5a83b212?s=96&d=mm&r=g\",\"url\":\"https:\/\/secure.gravatar.com\/avatar\/13a96a72123e0e9aa76fe82e8847f726c63a1c5ef6a8d0fadd844c1a5a83b212?s=96&d=mm&r=g\",\"contentUrl\":\"https:\/\/secure.gravatar.com\/avatar\/13a96a72123e0e9aa76fe82e8847f726c63a1c5ef6a8d0fadd844c1a5a83b212?s=96&d=mm&r=g\",\"caption\":\"Yoelvzla\"},\"url\":\"https:\/\/noti-america.com\/site\/mexico\/author\/ydiaz\/\"}]}<\/script>\n<!-- \/ Yoast SEO Premium plugin. -->","yoast_head_json":{"title":"GRAN MODELO VENEZUELA VOLVI\u00d3 A LAS PASARELAS - M\u00e9xico","robots":{"index":"index","follow":"follow","max-snippet":"max-snippet:-1","max-image-preview":"max-image-preview:large","max-video-preview":"max-video-preview:-1"},"canonical":"https:\/\/noti-america.com\/site\/mexico\/2021\/12\/10\/gran-modelo-venezuela-volvio-a-las-pasarelas\/","og_locale":"es_ES","og_type":"article","og_title":"GRAN MODELO VENEZUELA VOLVI\u00d3 A LAS PASARELAS","og_description":"Color Sense, propuesta vivaz y plena de frescura que recre\u00f3 en perfecta armon\u00eda los colores de la naturaleza,\u00a0 inspir\u00f3 la d\u00e9cima novena edici\u00f3n de Gran Modelo Venezuela, celebrada en el \u00a0Sal\u00f3n Armando Rever\u00f3n, \u00a0del&#46;&#46;&#46;","og_url":"https:\/\/noti-america.com\/site\/mexico\/2021\/12\/10\/gran-modelo-venezuela-volvio-a-las-pasarelas\/","og_site_name":"M\u00e9xico","article_published_time":"2021-12-10T01:18:39+00:00","og_image":[{"width":1100,"height":929,"url":"https:\/\/noti-america.com\/site\/mexico\/wp-content\/uploads\/sites\/13\/2021\/12\/thumbnail_GRAN-MODELO-VENEZUELA-2021-12.jpg","type":"image\/jpeg"}],"author":"Yoelvzla","twitter_card":"summary_large_image","twitter_misc":{"Escrito por":"Yoelvzla","Tiempo estimado de lectura":"2 minutos"},"schema":{"@context":"https:\/\/schema.org","@graph":[{"@type":"Article","@id":"https:\/\/noti-america.com\/site\/mexico\/2021\/12\/10\/gran-modelo-venezuela-volvio-a-las-pasarelas\/#article","isPartOf":{"@id":"https:\/\/noti-america.com\/site\/mexico\/2021\/12\/10\/gran-modelo-venezuela-volvio-a-las-pasarelas\/"},"author":{"name":"Yoelvzla","@id":"https:\/\/noti-america.com\/site\/mexico\/#\/schema\/person\/376ccc7b3cc7a8d5a43c3ece07a43857"},"headline":"GRAN MODELO VENEZUELA VOLVI\u00d3 A LAS PASARELAS","datePublished":"2021-12-10T01:18:39+00:00","mainEntityOfPage":{"@id":"https:\/\/noti-america.com\/site\/mexico\/2021\/12\/10\/gran-modelo-venezuela-volvio-a-las-pasarelas\/"},"wordCount":363,"commentCount":0,"publisher":{"@id":"https:\/\/noti-america.com\/site\/mexico\/#organization"},"image":{"@id":"https:\/\/noti-america.com\/site\/mexico\/2021\/12\/10\/gran-modelo-venezuela-volvio-a-las-pasarelas\/#primaryimage"},"thumbnailUrl":"https:\/\/noti-america.com\/site\/mexico\/wp-content\/uploads\/sites\/13\/2021\/12\/thumbnail_GRAN-MODELO-VENEZUELA-2021-12.jpg","articleSection":["Venezuela"],"inLanguage":"es","potentialAction":[{"@type":"CommentAction","name":"Comment","target":["https:\/\/noti-america.com\/site\/mexico\/2021\/12\/10\/gran-modelo-venezuela-volvio-a-las-pasarelas\/#respond"]}]},{"@type":"WebPage","@id":"https:\/\/noti-america.com\/site\/mexico\/2021\/12\/10\/gran-modelo-venezuela-volvio-a-las-pasarelas\/","url":"https:\/\/noti-america.com\/site\/mexico\/2021\/12\/10\/gran-modelo-venezuela-volvio-a-las-pasarelas\/","name":"GRAN MODELO VENEZUELA VOLVI\u00d3 A LAS PASARELAS - M\u00e9xico","isPartOf":{"@id":"https:\/\/noti-america.com\/site\/mexico\/#website"},"primaryImageOfPage":{"@id":"https:\/\/noti-america.com\/site\/mexico\/2021\/12\/10\/gran-modelo-venezuela-volvio-a-las-pasarelas\/#primaryimage"},"image":{"@id":"https:\/\/noti-america.com\/site\/mexico\/2021\/12\/10\/gran-modelo-venezuela-volvio-a-las-pasarelas\/#primaryimage"},"thumbnailUrl":"https:\/\/noti-america.com\/site\/mexico\/wp-content\/uploads\/sites\/13\/2021\/12\/thumbnail_GRAN-MODELO-VENEZUELA-2021-12.jpg","datePublished":"2021-12-10T01:18:39+00:00","breadcrumb":{"@id":"https:\/\/noti-america.com\/site\/mexico\/2021\/12\/10\/gran-modelo-venezuela-volvio-a-las-pasarelas\/#breadcrumb"},"inLanguage":"es","potentialAction":[{"@type":"ReadAction","target":["https:\/\/noti-america.com\/site\/mexico\/2021\/12\/10\/gran-modelo-venezuela-volvio-a-las-pasarelas\/"]}]},{"@type":"ImageObject","inLanguage":"es","@id":"https:\/\/noti-america.com\/site\/mexico\/2021\/12\/10\/gran-modelo-venezuela-volvio-a-las-pasarelas\/#primaryimage","url":"https:\/\/noti-america.com\/site\/mexico\/wp-content\/uploads\/sites\/13\/2021\/12\/thumbnail_GRAN-MODELO-VENEZUELA-2021-12.jpg","contentUrl":"https:\/\/noti-america.com\/site\/mexico\/wp-content\/uploads\/sites\/13\/2021\/12\/thumbnail_GRAN-MODELO-VENEZUELA-2021-12.jpg","width":1100,"height":929},{"@type":"BreadcrumbList","@id":"https:\/\/noti-america.com\/site\/mexico\/2021\/12\/10\/gran-modelo-venezuela-volvio-a-las-pasarelas\/#breadcrumb","itemListElement":[{"@type":"ListItem","position":1,"name":"Portada","item":"https:\/\/noti-america.com\/site\/mexico\/"},{"@type":"ListItem","position":2,"name":"GRAN MODELO VENEZUELA VOLVI\u00d3 A LAS PASARELAS"}]},{"@type":"WebSite","@id":"https:\/\/noti-america.com\/site\/mexico\/#website","url":"https:\/\/noti-america.com\/site\/mexico\/","name":"M\u00e9xico | Noti-America.com","description":"","publisher":{"@id":"https:\/\/noti-america.com\/site\/mexico\/#organization"},"potentialAction":[{"@type":"SearchAction","target":{"@type":"EntryPoint","urlTemplate":"https:\/\/noti-america.com\/site\/mexico\/?s={search_term_string}"},"query-input":{"@type":"PropertyValueSpecification","valueRequired":true,"valueName":"search_term_string"}}],"inLanguage":"es"},{"@type":"Organization","@id":"https:\/\/noti-america.com\/site\/mexico\/#organization","name":"Noti-America LLC | M\u00e9xico","url":"https:\/\/noti-america.com\/site\/mexico\/","logo":{"@type":"ImageObject","inLanguage":"es","@id":"https:\/\/noti-america.com\/site\/mexico\/#\/schema\/logo\/image\/","url":"https:\/\/noti-america.com\/site\/mexico\/wp-content\/uploads\/sites\/13\/2020\/07\/LogoNA-4x3-1.jpg","contentUrl":"https:\/\/noti-america.com\/site\/mexico\/wp-content\/uploads\/sites\/13\/2020\/07\/LogoNA-4x3-1.jpg","width":1236,"height":1080,"caption":"Noti-America LLC | M\u00e9xico"},"image":{"@id":"https:\/\/noti-america.com\/site\/mexico\/#\/schema\/logo\/image\/"}},{"@type":"Person","@id":"https:\/\/noti-america.com\/site\/mexico\/#\/schema\/person\/376ccc7b3cc7a8d5a43c3ece07a43857","name":"Yoelvzla","image":{"@type":"ImageObject","inLanguage":"es","@id":"https:\/\/secure.gravatar.com\/avatar\/13a96a72123e0e9aa76fe82e8847f726c63a1c5ef6a8d0fadd844c1a5a83b212?s=96&d=mm&r=g","url":"https:\/\/secure.gravatar.com\/avatar\/13a96a72123e0e9aa76fe82e8847f726c63a1c5ef6a8d0fadd844c1a5a83b212?s=96&d=mm&r=g","contentUrl":"https:\/\/secure.gravatar.com\/avatar\/13a96a72123e0e9aa76fe82e8847f726c63a1c5ef6a8d0fadd844c1a5a83b212?s=96&d=mm&r=g","caption":"Yoelvzla"},"url":"https:\/\/noti-america.com\/site\/mexico\/author\/ydiaz\/"}]}},"_links":{"self":[{"href":"https:\/\/noti-america.com\/site\/mexico\/wp-json\/wp\/v2\/posts\/7168","targetHints":{"allow":["GET"]}}],"collection":[{"href":"https:\/\/noti-america.com\/site\/mexico\/wp-json\/wp\/v2\/posts"}],"about":[{"href":"https:\/\/noti-america.com\/site\/mexico\/wp-json\/wp\/v2\/types\/post"}],"author":[{"embeddable":true,"href":"https:\/\/noti-america.com\/site\/mexico\/wp-json\/wp\/v2\/users\/127"}],"replies":[{"embeddable":true,"href":"https:\/\/noti-america.com\/site\/mexico\/wp-json\/wp\/v2\/comments?post=7168"}],"version-history":[{"count":1,"href":"https:\/\/noti-america.com\/site\/mexico\/wp-json\/wp\/v2\/posts\/7168\/revisions"}],"predecessor-version":[{"id":7170,"href":"https:\/\/noti-america.com\/site\/mexico\/wp-json\/wp\/v2\/posts\/7168\/revisions\/7170"}],"wp:featuredmedia":[{"embeddable":true,"href":"https:\/\/noti-america.com\/site\/mexico\/wp-json\/wp\/v2\/media\/7169"}],"wp:attachment":[{"href":"https:\/\/noti-america.com\/site\/mexico\/wp-json\/wp\/v2\/media?parent=7168"}],"wp:term":[{"taxonomy":"category","embeddable":true,"href":"https:\/\/noti-america.com\/site\/mexico\/wp-json\/wp\/v2\/categories?post=7168"},{"taxonomy":"post_tag","embeddable":true,"href":"https:\/\/noti-america.com\/site\/mexico\/wp-json\/wp\/v2\/tags?post=7168"}],"curies":[{"name":"wp","href":"https:\/\/api.w.org\/{rel}","templated":true}]}}