{"id":7146,"date":"2021-12-08T16:06:43","date_gmt":"2021-12-08T16:06:43","guid":{"rendered":"https:\/\/noti-america.com\/site\/mexico\/?p=7146"},"modified":"2021-12-08T16:07:29","modified_gmt":"2021-12-08T16:07:29","slug":"cesita-regreso-a-los-escenarios","status":"publish","type":"post","link":"https:\/\/noti-america.com\/site\/mexico\/2021\/12\/08\/cesita-regreso-a-los-escenarios\/","title":{"rendered":"\u00abCesita\u00bb regreso a los escenarios"},"content":{"rendered":"<div>El comediante e influencer <strong>Cesita<\/strong> dijo presente el pasado <strong>27 de noviembre<\/strong> en el <strong>Centro Comercial Ciudad Tamanaco<\/strong> donde estuvo en la animaci\u00f3n del concierto de <strong>Big Soto y Neutro<\/strong>.<\/div>\n<div><\/div>\n<div><a href=\"https:\/\/www.instagram.com\/p\/CW1mMmBghvc\/\">https:\/\/www.instagram.com\/p\/CW1mMmBghvc\/<\/a><\/div>\n<div dir=\"ltr\"><\/div>\n<div>En sus redes sociales aleg\u00f3 que se sinti\u00f3 muy agradecido por esta oportunidad y agradeci\u00f3 a sus fan\u00e1ticos por todo el apoyo brindado.<\/div>\n<div dir=\"ltr\"><\/div>\n<div>Desde el pasado <strong>2019<\/strong> el venezolano no pisaba escenarios y por eso est\u00e1 agradecido con esta oportunidad que le permiti\u00f3 compartir nuevamente con su gente y sentir el calor del p\u00fablico que siempre ha estado apoyando su carrera profesional.<\/div>\n<div dir=\"ltr\"><\/div>\n<div>Por si fuera poco, a <strong>Cesita<\/strong> no solo le est\u00e1 yendo bien en el trabajo sino que tambi\u00e9n en el amor as\u00ed lo anunci\u00f3 a trav\u00e9s de su Instagram con una fotograf\u00eda en la que aparec\u00ed acaramelado con su nueva novia.<\/div>\n<div><\/div>\n<div><a href=\"https:\/\/www.instagram.com\/p\/CW6rMpKPqUz\/\">https:\/\/www.instagram.com\/p\/CW6rMpKPqUz\/<\/a><\/div>\n<div dir=\"ltr\"><\/div>\n<div>En el post se ve\u00eda muy feliz en un importante restarurant del <strong>Litoral Central<\/strong>.<\/div>\n<div dir=\"ltr\"><\/div>\n<p>Recordemos que el influencer meses atr\u00e1s anunci\u00f3 su ruptura sentimental con <strong>\u201cLale Barranco\u201d<\/strong>.<\/p>\n","protected":false},"excerpt":{"rendered":"<p>El comediante e influencer Cesita dijo presente el pasado 27 de noviembre en el Centro Comercial Ciudad Tamanaco donde estuvo en la animaci\u00f3n del concierto de Big Soto y Neutro. https:\/\/www.instagram.com\/p\/CW1mMmBghvc\/ En sus redes&#46;&#46;&#46;<\/p>\n","protected":false},"author":127,"featured_media":7147,"comment_status":"open","ping_status":"open","sticky":false,"template":"","format":"image","meta":{"_acf_changed":false,"om_disable_all_campaigns":false,"rop_custom_images_group":[],"rop_custom_messages_group":[],"rop_publish_now":"initial","rop_publish_now_accounts":{"twitter_242054905_242054905":""},"rop_publish_now_history":[],"rop_publish_now_status":"pending","_uf_show_specific_survey":0,"_uf_disable_surveys":false,"footnotes":""},"categories":[417],"tags":[841],"class_list":["post-7146","post","type-post","status-publish","format-image","has-post-thumbnail","hentry","category-venezuela","tag-cesita","post_format-post-format-image"],"acf":[],"aioseo_notices":[],"yoast_head":"<!-- This site is optimized with the Yoast SEO Premium plugin v24.9 (Yoast SEO v27.2) - https:\/\/yoast.com\/product\/yoast-seo-premium-wordpress\/ -->\n<title>&quot;Cesita&quot; regreso a los escenarios - M\u00e9xico<\/title>\n<meta name=\"robots\" content=\"index, follow, max-snippet:-1, max-image-preview:large, max-video-preview:-1\" \/>\n<link rel=\"canonical\" href=\"https:\/\/noti-america.com\/site\/mexico\/2021\/12\/08\/cesita-regreso-a-los-escenarios\/\" \/>\n<meta property=\"og:locale\" content=\"es_ES\" \/>\n<meta property=\"og:type\" content=\"article\" \/>\n<meta property=\"og:title\" content=\"&quot;Cesita&quot; regreso a los escenarios\" \/>\n<meta property=\"og:description\" content=\"El comediante e influencer Cesita dijo presente el pasado 27 de noviembre en el Centro Comercial Ciudad Tamanaco donde estuvo en la animaci\u00f3n del concierto de Big Soto y Neutro. https:\/\/www.instagram.com\/p\/CW1mMmBghvc\/ En sus redes&#046;&#046;&#046;\" \/>\n<meta property=\"og:url\" content=\"https:\/\/noti-america.com\/site\/mexico\/2021\/12\/08\/cesita-regreso-a-los-escenarios\/\" \/>\n<meta property=\"og:site_name\" content=\"M\u00e9xico\" \/>\n<meta property=\"article:published_time\" content=\"2021-12-08T16:06:43+00:00\" \/>\n<meta property=\"article:modified_time\" content=\"2021-12-08T16:07:29+00:00\" \/>\n<meta property=\"og:image\" content=\"https:\/\/noti-america.com\/site\/mexico\/wp-content\/uploads\/sites\/13\/2021\/12\/descarga-1.png\" \/>\n\t<meta property=\"og:image:width\" content=\"1124\" \/>\n\t<meta property=\"og:image:height\" content=\"610\" \/>\n\t<meta property=\"og:image:type\" content=\"image\/png\" \/>\n<meta name=\"author\" content=\"Yoelvzla\" \/>\n<meta name=\"twitter:card\" content=\"summary_large_image\" \/>\n<meta name=\"twitter:label1\" content=\"Escrito por\" \/>\n\t<meta name=\"twitter:data1\" content=\"Yoelvzla\" \/>\n\t<meta name=\"twitter:label2\" content=\"Tiempo estimado de lectura\" \/>\n\t<meta name=\"twitter:data2\" content=\"1 minuto\" \/>\n<script type=\"application\/ld+json\" class=\"yoast-schema-graph\">{\"@context\":\"https:\/\/schema.org\",\"@graph\":[{\"@type\":\"Article\",\"@id\":\"https:\/\/noti-america.com\/site\/mexico\/2021\/12\/08\/cesita-regreso-a-los-escenarios\/#article\",\"isPartOf\":{\"@id\":\"https:\/\/noti-america.com\/site\/mexico\/2021\/12\/08\/cesita-regreso-a-los-escenarios\/\"},\"author\":{\"name\":\"Yoelvzla\",\"@id\":\"https:\/\/noti-america.com\/site\/mexico\/#\/schema\/person\/376ccc7b3cc7a8d5a43c3ece07a43857\"},\"headline\":\"\u00abCesita\u00bb regreso a los escenarios\",\"datePublished\":\"2021-12-08T16:06:43+00:00\",\"dateModified\":\"2021-12-08T16:07:29+00:00\",\"mainEntityOfPage\":{\"@id\":\"https:\/\/noti-america.com\/site\/mexico\/2021\/12\/08\/cesita-regreso-a-los-escenarios\/\"},\"wordCount\":185,\"commentCount\":0,\"publisher\":{\"@id\":\"https:\/\/noti-america.com\/site\/mexico\/#organization\"},\"image\":{\"@id\":\"https:\/\/noti-america.com\/site\/mexico\/2021\/12\/08\/cesita-regreso-a-los-escenarios\/#primaryimage\"},\"thumbnailUrl\":\"https:\/\/noti-america.com\/site\/mexico\/wp-content\/uploads\/sites\/13\/2021\/12\/descarga-1.png\",\"keywords\":[\"#Cesita\"],\"articleSection\":[\"Venezuela\"],\"inLanguage\":\"es\",\"potentialAction\":[{\"@type\":\"CommentAction\",\"name\":\"Comment\",\"target\":[\"https:\/\/noti-america.com\/site\/mexico\/2021\/12\/08\/cesita-regreso-a-los-escenarios\/#respond\"]}]},{\"@type\":\"WebPage\",\"@id\":\"https:\/\/noti-america.com\/site\/mexico\/2021\/12\/08\/cesita-regreso-a-los-escenarios\/\",\"url\":\"https:\/\/noti-america.com\/site\/mexico\/2021\/12\/08\/cesita-regreso-a-los-escenarios\/\",\"name\":\"\\\"Cesita\\\" regreso a los escenarios - M\u00e9xico\",\"isPartOf\":{\"@id\":\"https:\/\/noti-america.com\/site\/mexico\/#website\"},\"primaryImageOfPage\":{\"@id\":\"https:\/\/noti-america.com\/site\/mexico\/2021\/12\/08\/cesita-regreso-a-los-escenarios\/#primaryimage\"},\"image\":{\"@id\":\"https:\/\/noti-america.com\/site\/mexico\/2021\/12\/08\/cesita-regreso-a-los-escenarios\/#primaryimage\"},\"thumbnailUrl\":\"https:\/\/noti-america.com\/site\/mexico\/wp-content\/uploads\/sites\/13\/2021\/12\/descarga-1.png\",\"datePublished\":\"2021-12-08T16:06:43+00:00\",\"dateModified\":\"2021-12-08T16:07:29+00:00\",\"breadcrumb\":{\"@id\":\"https:\/\/noti-america.com\/site\/mexico\/2021\/12\/08\/cesita-regreso-a-los-escenarios\/#breadcrumb\"},\"inLanguage\":\"es\",\"potentialAction\":[{\"@type\":\"ReadAction\",\"target\":[\"https:\/\/noti-america.com\/site\/mexico\/2021\/12\/08\/cesita-regreso-a-los-escenarios\/\"]}]},{\"@type\":\"ImageObject\",\"inLanguage\":\"es\",\"@id\":\"https:\/\/noti-america.com\/site\/mexico\/2021\/12\/08\/cesita-regreso-a-los-escenarios\/#primaryimage\",\"url\":\"https:\/\/noti-america.com\/site\/mexico\/wp-content\/uploads\/sites\/13\/2021\/12\/descarga-1.png\",\"contentUrl\":\"https:\/\/noti-america.com\/site\/mexico\/wp-content\/uploads\/sites\/13\/2021\/12\/descarga-1.png\",\"width\":1124,\"height\":610},{\"@type\":\"BreadcrumbList\",\"@id\":\"https:\/\/noti-america.com\/site\/mexico\/2021\/12\/08\/cesita-regreso-a-los-escenarios\/#breadcrumb\",\"itemListElement\":[{\"@type\":\"ListItem\",\"position\":1,\"name\":\"Portada\",\"item\":\"https:\/\/noti-america.com\/site\/mexico\/\"},{\"@type\":\"ListItem\",\"position\":2,\"name\":\"\u00abCesita\u00bb regreso a los escenarios\"}]},{\"@type\":\"WebSite\",\"@id\":\"https:\/\/noti-america.com\/site\/mexico\/#website\",\"url\":\"https:\/\/noti-america.com\/site\/mexico\/\",\"name\":\"M\u00e9xico | Noti-America.com\",\"description\":\"\",\"publisher\":{\"@id\":\"https:\/\/noti-america.com\/site\/mexico\/#organization\"},\"potentialAction\":[{\"@type\":\"SearchAction\",\"target\":{\"@type\":\"EntryPoint\",\"urlTemplate\":\"https:\/\/noti-america.com\/site\/mexico\/?s={search_term_string}\"},\"query-input\":{\"@type\":\"PropertyValueSpecification\",\"valueRequired\":true,\"valueName\":\"search_term_string\"}}],\"inLanguage\":\"es\"},{\"@type\":\"Organization\",\"@id\":\"https:\/\/noti-america.com\/site\/mexico\/#organization\",\"name\":\"Noti-America LLC | M\u00e9xico\",\"url\":\"https:\/\/noti-america.com\/site\/mexico\/\",\"logo\":{\"@type\":\"ImageObject\",\"inLanguage\":\"es\",\"@id\":\"https:\/\/noti-america.com\/site\/mexico\/#\/schema\/logo\/image\/\",\"url\":\"https:\/\/noti-america.com\/site\/mexico\/wp-content\/uploads\/sites\/13\/2020\/07\/LogoNA-4x3-1.jpg\",\"contentUrl\":\"https:\/\/noti-america.com\/site\/mexico\/wp-content\/uploads\/sites\/13\/2020\/07\/LogoNA-4x3-1.jpg\",\"width\":1236,\"height\":1080,\"caption\":\"Noti-America LLC | M\u00e9xico\"},\"image\":{\"@id\":\"https:\/\/noti-america.com\/site\/mexico\/#\/schema\/logo\/image\/\"}},{\"@type\":\"Person\",\"@id\":\"https:\/\/noti-america.com\/site\/mexico\/#\/schema\/person\/376ccc7b3cc7a8d5a43c3ece07a43857\",\"name\":\"Yoelvzla\",\"image\":{\"@type\":\"ImageObject\",\"inLanguage\":\"es\",\"@id\":\"https:\/\/secure.gravatar.com\/avatar\/13a96a72123e0e9aa76fe82e8847f726c63a1c5ef6a8d0fadd844c1a5a83b212?s=96&d=mm&r=g\",\"url\":\"https:\/\/secure.gravatar.com\/avatar\/13a96a72123e0e9aa76fe82e8847f726c63a1c5ef6a8d0fadd844c1a5a83b212?s=96&d=mm&r=g\",\"contentUrl\":\"https:\/\/secure.gravatar.com\/avatar\/13a96a72123e0e9aa76fe82e8847f726c63a1c5ef6a8d0fadd844c1a5a83b212?s=96&d=mm&r=g\",\"caption\":\"Yoelvzla\"},\"url\":\"https:\/\/noti-america.com\/site\/mexico\/author\/ydiaz\/\"}]}<\/script>\n<!-- \/ Yoast SEO Premium plugin. -->","yoast_head_json":{"title":"\"Cesita\" regreso a los escenarios - M\u00e9xico","robots":{"index":"index","follow":"follow","max-snippet":"max-snippet:-1","max-image-preview":"max-image-preview:large","max-video-preview":"max-video-preview:-1"},"canonical":"https:\/\/noti-america.com\/site\/mexico\/2021\/12\/08\/cesita-regreso-a-los-escenarios\/","og_locale":"es_ES","og_type":"article","og_title":"\"Cesita\" regreso a los escenarios","og_description":"El comediante e influencer Cesita dijo presente el pasado 27 de noviembre en el Centro Comercial Ciudad Tamanaco donde estuvo en la animaci\u00f3n del concierto de Big Soto y Neutro. https:\/\/www.instagram.com\/p\/CW1mMmBghvc\/ En sus redes&#46;&#46;&#46;","og_url":"https:\/\/noti-america.com\/site\/mexico\/2021\/12\/08\/cesita-regreso-a-los-escenarios\/","og_site_name":"M\u00e9xico","article_published_time":"2021-12-08T16:06:43+00:00","article_modified_time":"2021-12-08T16:07:29+00:00","og_image":[{"width":1124,"height":610,"url":"https:\/\/noti-america.com\/site\/mexico\/wp-content\/uploads\/sites\/13\/2021\/12\/descarga-1.png","type":"image\/png"}],"author":"Yoelvzla","twitter_card":"summary_large_image","twitter_misc":{"Escrito por":"Yoelvzla","Tiempo estimado de lectura":"1 minuto"},"schema":{"@context":"https:\/\/schema.org","@graph":[{"@type":"Article","@id":"https:\/\/noti-america.com\/site\/mexico\/2021\/12\/08\/cesita-regreso-a-los-escenarios\/#article","isPartOf":{"@id":"https:\/\/noti-america.com\/site\/mexico\/2021\/12\/08\/cesita-regreso-a-los-escenarios\/"},"author":{"name":"Yoelvzla","@id":"https:\/\/noti-america.com\/site\/mexico\/#\/schema\/person\/376ccc7b3cc7a8d5a43c3ece07a43857"},"headline":"\u00abCesita\u00bb regreso a los escenarios","datePublished":"2021-12-08T16:06:43+00:00","dateModified":"2021-12-08T16:07:29+00:00","mainEntityOfPage":{"@id":"https:\/\/noti-america.com\/site\/mexico\/2021\/12\/08\/cesita-regreso-a-los-escenarios\/"},"wordCount":185,"commentCount":0,"publisher":{"@id":"https:\/\/noti-america.com\/site\/mexico\/#organization"},"image":{"@id":"https:\/\/noti-america.com\/site\/mexico\/2021\/12\/08\/cesita-regreso-a-los-escenarios\/#primaryimage"},"thumbnailUrl":"https:\/\/noti-america.com\/site\/mexico\/wp-content\/uploads\/sites\/13\/2021\/12\/descarga-1.png","keywords":["#Cesita"],"articleSection":["Venezuela"],"inLanguage":"es","potentialAction":[{"@type":"CommentAction","name":"Comment","target":["https:\/\/noti-america.com\/site\/mexico\/2021\/12\/08\/cesita-regreso-a-los-escenarios\/#respond"]}]},{"@type":"WebPage","@id":"https:\/\/noti-america.com\/site\/mexico\/2021\/12\/08\/cesita-regreso-a-los-escenarios\/","url":"https:\/\/noti-america.com\/site\/mexico\/2021\/12\/08\/cesita-regreso-a-los-escenarios\/","name":"\"Cesita\" regreso a los escenarios - M\u00e9xico","isPartOf":{"@id":"https:\/\/noti-america.com\/site\/mexico\/#website"},"primaryImageOfPage":{"@id":"https:\/\/noti-america.com\/site\/mexico\/2021\/12\/08\/cesita-regreso-a-los-escenarios\/#primaryimage"},"image":{"@id":"https:\/\/noti-america.com\/site\/mexico\/2021\/12\/08\/cesita-regreso-a-los-escenarios\/#primaryimage"},"thumbnailUrl":"https:\/\/noti-america.com\/site\/mexico\/wp-content\/uploads\/sites\/13\/2021\/12\/descarga-1.png","datePublished":"2021-12-08T16:06:43+00:00","dateModified":"2021-12-08T16:07:29+00:00","breadcrumb":{"@id":"https:\/\/noti-america.com\/site\/mexico\/2021\/12\/08\/cesita-regreso-a-los-escenarios\/#breadcrumb"},"inLanguage":"es","potentialAction":[{"@type":"ReadAction","target":["https:\/\/noti-america.com\/site\/mexico\/2021\/12\/08\/cesita-regreso-a-los-escenarios\/"]}]},{"@type":"ImageObject","inLanguage":"es","@id":"https:\/\/noti-america.com\/site\/mexico\/2021\/12\/08\/cesita-regreso-a-los-escenarios\/#primaryimage","url":"https:\/\/noti-america.com\/site\/mexico\/wp-content\/uploads\/sites\/13\/2021\/12\/descarga-1.png","contentUrl":"https:\/\/noti-america.com\/site\/mexico\/wp-content\/uploads\/sites\/13\/2021\/12\/descarga-1.png","width":1124,"height":610},{"@type":"BreadcrumbList","@id":"https:\/\/noti-america.com\/site\/mexico\/2021\/12\/08\/cesita-regreso-a-los-escenarios\/#breadcrumb","itemListElement":[{"@type":"ListItem","position":1,"name":"Portada","item":"https:\/\/noti-america.com\/site\/mexico\/"},{"@type":"ListItem","position":2,"name":"\u00abCesita\u00bb regreso a los escenarios"}]},{"@type":"WebSite","@id":"https:\/\/noti-america.com\/site\/mexico\/#website","url":"https:\/\/noti-america.com\/site\/mexico\/","name":"M\u00e9xico | Noti-America.com","description":"","publisher":{"@id":"https:\/\/noti-america.com\/site\/mexico\/#organization"},"potentialAction":[{"@type":"SearchAction","target":{"@type":"EntryPoint","urlTemplate":"https:\/\/noti-america.com\/site\/mexico\/?s={search_term_string}"},"query-input":{"@type":"PropertyValueSpecification","valueRequired":true,"valueName":"search_term_string"}}],"inLanguage":"es"},{"@type":"Organization","@id":"https:\/\/noti-america.com\/site\/mexico\/#organization","name":"Noti-America LLC | M\u00e9xico","url":"https:\/\/noti-america.com\/site\/mexico\/","logo":{"@type":"ImageObject","inLanguage":"es","@id":"https:\/\/noti-america.com\/site\/mexico\/#\/schema\/logo\/image\/","url":"https:\/\/noti-america.com\/site\/mexico\/wp-content\/uploads\/sites\/13\/2020\/07\/LogoNA-4x3-1.jpg","contentUrl":"https:\/\/noti-america.com\/site\/mexico\/wp-content\/uploads\/sites\/13\/2020\/07\/LogoNA-4x3-1.jpg","width":1236,"height":1080,"caption":"Noti-America LLC | M\u00e9xico"},"image":{"@id":"https:\/\/noti-america.com\/site\/mexico\/#\/schema\/logo\/image\/"}},{"@type":"Person","@id":"https:\/\/noti-america.com\/site\/mexico\/#\/schema\/person\/376ccc7b3cc7a8d5a43c3ece07a43857","name":"Yoelvzla","image":{"@type":"ImageObject","inLanguage":"es","@id":"https:\/\/secure.gravatar.com\/avatar\/13a96a72123e0e9aa76fe82e8847f726c63a1c5ef6a8d0fadd844c1a5a83b212?s=96&d=mm&r=g","url":"https:\/\/secure.gravatar.com\/avatar\/13a96a72123e0e9aa76fe82e8847f726c63a1c5ef6a8d0fadd844c1a5a83b212?s=96&d=mm&r=g","contentUrl":"https:\/\/secure.gravatar.com\/avatar\/13a96a72123e0e9aa76fe82e8847f726c63a1c5ef6a8d0fadd844c1a5a83b212?s=96&d=mm&r=g","caption":"Yoelvzla"},"url":"https:\/\/noti-america.com\/site\/mexico\/author\/ydiaz\/"}]}},"_links":{"self":[{"href":"https:\/\/noti-america.com\/site\/mexico\/wp-json\/wp\/v2\/posts\/7146","targetHints":{"allow":["GET"]}}],"collection":[{"href":"https:\/\/noti-america.com\/site\/mexico\/wp-json\/wp\/v2\/posts"}],"about":[{"href":"https:\/\/noti-america.com\/site\/mexico\/wp-json\/wp\/v2\/types\/post"}],"author":[{"embeddable":true,"href":"https:\/\/noti-america.com\/site\/mexico\/wp-json\/wp\/v2\/users\/127"}],"replies":[{"embeddable":true,"href":"https:\/\/noti-america.com\/site\/mexico\/wp-json\/wp\/v2\/comments?post=7146"}],"version-history":[{"count":2,"href":"https:\/\/noti-america.com\/site\/mexico\/wp-json\/wp\/v2\/posts\/7146\/revisions"}],"predecessor-version":[{"id":7149,"href":"https:\/\/noti-america.com\/site\/mexico\/wp-json\/wp\/v2\/posts\/7146\/revisions\/7149"}],"wp:featuredmedia":[{"embeddable":true,"href":"https:\/\/noti-america.com\/site\/mexico\/wp-json\/wp\/v2\/media\/7147"}],"wp:attachment":[{"href":"https:\/\/noti-america.com\/site\/mexico\/wp-json\/wp\/v2\/media?parent=7146"}],"wp:term":[{"taxonomy":"category","embeddable":true,"href":"https:\/\/noti-america.com\/site\/mexico\/wp-json\/wp\/v2\/categories?post=7146"},{"taxonomy":"post_tag","embeddable":true,"href":"https:\/\/noti-america.com\/site\/mexico\/wp-json\/wp\/v2\/tags?post=7146"}],"curies":[{"name":"wp","href":"https:\/\/api.w.org\/{rel}","templated":true}]}}