{"id":7122,"date":"2021-12-07T14:32:03","date_gmt":"2021-12-07T14:32:03","guid":{"rendered":"https:\/\/noti-america.com\/site\/mexico\/2021\/12\/07\/la-pequita-rd-y-su-nueva-campana-a-favor-de-la-ninez-2\/"},"modified":"2021-12-07T14:32:03","modified_gmt":"2021-12-07T14:32:03","slug":"la-pequita-rd-y-su-nueva-campana-a-favor-de-la-ninez-2","status":"publish","type":"post","link":"https:\/\/noti-america.com\/site\/mexico\/2021\/12\/07\/la-pequita-rd-y-su-nueva-campana-a-favor-de-la-ninez-2\/","title":{"rendered":"La Pequita RD y su nueva campa\u00f1a a favor de la ni\u00f1ez"},"content":{"rendered":"<div><span style=\"font-family: georgia\">Adelaida Garc\u00eda, mejor conocida como <strong>La Pequita RD<\/strong>, personaje que trabaja en contra del abuso sexual infantil, e<\/span><span style=\"font-family: georgia\">n el marco del d\u00eda mundial de la infancia y el d\u00eda internacional de los derechos de la ni\u00f1ez , lanzo su nueva campa\u00f1a\u00a0<\/span><span style=\"font-family: georgia\"><strong>#NoAlMatrimonioInfantil<\/strong> acto que se celebro el pasado 20 de noviembre 2021, en la celebraci\u00f3n\u00a0de los premios crecer en\u00a0<\/span><span><span style=\"font-family: georgia\">el centro cultural narciso Gonz\u00e1lez.<\/span><\/span><\/div>\n<div><span><span style=\"font-family: georgia\">\u00a0<\/span><\/span><\/div>\n<div><strong>Adelaida Garc\u00eda<\/strong> La pequita RD expreso , los ni\u00f1os y ni\u00f1as tienen derecho a un techo y a la\u00a0 protecci\u00f3n y en el marco del d\u00eda internacional de los derechos de los ni\u00f1os nos unimos a campa\u00f1as a favor de nuestra ni\u00f1ez por sus derechos con esta nueva campa\u00f1a #NoAlMatrimonioInfantil &#8230;.<\/div>\n<div><\/div>\n<div>Nuestro trabajo es arduo , pero no desmayaremos y seguiremos tratando de concientizar\u00a0 a los padres que casarlas o entregarlas a su verdugo porque ellas quieran no es la opci\u00f3n, nuestra meta es la eliminaci\u00f3n del concubinato infantil y tratar de ver menos ni\u00f1as embarazadas en los hospitales del pa\u00eds.<\/div>\n<div><b>\u00a0<\/b><\/div>\n<div>\n<div><span style=\"font-family: georgia\"><b>Sobre la Pequita RD<\/b><\/span><\/div>\n<div>\n<div>\n<div>La Pequita RD ha desempe\u00f1ado esta loable labor desde hace varios a\u00f1os en el pa\u00eds, llevando conferencias, charlas y llenando las tardes de alegr\u00eda de muchos infantes en las\u00a0 escuelas ,\u00a0 colegios, orfanatos , hogar de ni\u00f1os y ni\u00f1as , clubes y iglesias dentro y fuera del territorio nacional. \u201cEn nuestros encuentros siempre les explico a los ni\u00f1os y adolescentes que nadie tiene derecho a tocarlos y que si les sucede no deben quedarse callados por temor a represalias;\u00a0 que deben cont\u00e1rselo a sus padres o alguna persona de suma\u00a0 confianza\u201d, explic\u00f3.<\/div>\n<\/div>\n<\/div>\n<\/div>\n<div><\/div>\n<div><strong>Nota de Prensa<\/strong><\/div>\n","protected":false},"excerpt":{"rendered":"<p>Adelaida Garc\u00eda, mejor conocida como La Pequita RD, personaje que trabaja en contra del abuso sexual infantil, en el marco del d\u00eda mundial de la infancia y el d\u00eda internacional de los derechos de&#46;&#46;&#46;<\/p>\n","protected":false},"author":127,"featured_media":7123,"comment_status":"open","ping_status":"open","sticky":false,"template":"","format":"image","meta":{"_acf_changed":false,"om_disable_all_campaigns":false,"rop_custom_images_group":[],"rop_custom_messages_group":[],"rop_publish_now":"initial","rop_publish_now_accounts":{"twitter_242054905_242054905":""},"rop_publish_now_history":[],"rop_publish_now_status":"pending","_uf_show_specific_survey":0,"_uf_disable_surveys":false,"footnotes":""},"categories":[56],"tags":[],"class_list":["post-7122","post","type-post","status-publish","format-image","has-post-thumbnail","hentry","category-farandula","post_format-post-format-image"],"acf":[],"aioseo_notices":[],"yoast_head":"<!-- This site is optimized with the Yoast SEO Premium plugin v24.9 (Yoast SEO v27.2) - https:\/\/yoast.com\/product\/yoast-seo-premium-wordpress\/ -->\n<title>La Pequita RD y su nueva campa\u00f1a a favor de la ni\u00f1ez - M\u00e9xico<\/title>\n<meta name=\"robots\" content=\"index, follow, max-snippet:-1, max-image-preview:large, max-video-preview:-1\" \/>\n<link rel=\"canonical\" href=\"https:\/\/noti-america.com\/site\/mexico\/2021\/12\/07\/la-pequita-rd-y-su-nueva-campana-a-favor-de-la-ninez-2\/\" \/>\n<meta property=\"og:locale\" content=\"es_ES\" \/>\n<meta property=\"og:type\" content=\"article\" \/>\n<meta property=\"og:title\" content=\"La Pequita RD y su nueva campa\u00f1a a favor de la ni\u00f1ez\" \/>\n<meta property=\"og:description\" content=\"Adelaida Garc\u00eda, mejor conocida como La Pequita RD, personaje que trabaja en contra del abuso sexual infantil, en el marco del d\u00eda mundial de la infancia y el d\u00eda internacional de los derechos de&#046;&#046;&#046;\" \/>\n<meta property=\"og:url\" content=\"https:\/\/noti-america.com\/site\/mexico\/2021\/12\/07\/la-pequita-rd-y-su-nueva-campana-a-favor-de-la-ninez-2\/\" \/>\n<meta property=\"og:site_name\" content=\"M\u00e9xico\" \/>\n<meta property=\"article:published_time\" content=\"2021-12-07T14:32:03+00:00\" \/>\n<meta property=\"og:image\" content=\"https:\/\/noti-america.com\/site\/mexico\/wp-content\/uploads\/sites\/13\/2021\/12\/thumbnail_WhatsApp-Image-2021-11-22-at-08.27.01-1.jpg\" \/>\n\t<meta property=\"og:image:width\" content=\"1200\" \/>\n\t<meta property=\"og:image:height\" content=\"1200\" \/>\n\t<meta property=\"og:image:type\" content=\"image\/jpeg\" \/>\n<meta name=\"author\" content=\"Yoelvzla\" \/>\n<meta name=\"twitter:card\" content=\"summary_large_image\" \/>\n<meta name=\"twitter:label1\" content=\"Escrito por\" \/>\n\t<meta name=\"twitter:data1\" content=\"Yoelvzla\" \/>\n\t<meta name=\"twitter:label2\" content=\"Tiempo estimado de lectura\" \/>\n\t<meta name=\"twitter:data2\" content=\"2 minutos\" \/>\n<script type=\"application\/ld+json\" class=\"yoast-schema-graph\">{\"@context\":\"https:\/\/schema.org\",\"@graph\":[{\"@type\":\"Article\",\"@id\":\"https:\/\/noti-america.com\/site\/mexico\/2021\/12\/07\/la-pequita-rd-y-su-nueva-campana-a-favor-de-la-ninez-2\/#article\",\"isPartOf\":{\"@id\":\"https:\/\/noti-america.com\/site\/mexico\/2021\/12\/07\/la-pequita-rd-y-su-nueva-campana-a-favor-de-la-ninez-2\/\"},\"author\":{\"name\":\"Yoelvzla\",\"@id\":\"https:\/\/noti-america.com\/site\/mexico\/#\/schema\/person\/376ccc7b3cc7a8d5a43c3ece07a43857\"},\"headline\":\"La Pequita RD y su nueva campa\u00f1a a favor de la ni\u00f1ez\",\"datePublished\":\"2021-12-07T14:32:03+00:00\",\"mainEntityOfPage\":{\"@id\":\"https:\/\/noti-america.com\/site\/mexico\/2021\/12\/07\/la-pequita-rd-y-su-nueva-campana-a-favor-de-la-ninez-2\/\"},\"wordCount\":299,\"commentCount\":0,\"publisher\":{\"@id\":\"https:\/\/noti-america.com\/site\/mexico\/#organization\"},\"image\":{\"@id\":\"https:\/\/noti-america.com\/site\/mexico\/2021\/12\/07\/la-pequita-rd-y-su-nueva-campana-a-favor-de-la-ninez-2\/#primaryimage\"},\"thumbnailUrl\":\"https:\/\/noti-america.com\/site\/mexico\/wp-content\/uploads\/sites\/13\/2021\/12\/thumbnail_WhatsApp-Image-2021-11-22-at-08.27.01-1.jpg\",\"articleSection\":[\"Far\u00e1ndula\"],\"inLanguage\":\"es\",\"potentialAction\":[{\"@type\":\"CommentAction\",\"name\":\"Comment\",\"target\":[\"https:\/\/noti-america.com\/site\/mexico\/2021\/12\/07\/la-pequita-rd-y-su-nueva-campana-a-favor-de-la-ninez-2\/#respond\"]}]},{\"@type\":\"WebPage\",\"@id\":\"https:\/\/noti-america.com\/site\/mexico\/2021\/12\/07\/la-pequita-rd-y-su-nueva-campana-a-favor-de-la-ninez-2\/\",\"url\":\"https:\/\/noti-america.com\/site\/mexico\/2021\/12\/07\/la-pequita-rd-y-su-nueva-campana-a-favor-de-la-ninez-2\/\",\"name\":\"La Pequita RD y su nueva campa\u00f1a a favor de la ni\u00f1ez - M\u00e9xico\",\"isPartOf\":{\"@id\":\"https:\/\/noti-america.com\/site\/mexico\/#website\"},\"primaryImageOfPage\":{\"@id\":\"https:\/\/noti-america.com\/site\/mexico\/2021\/12\/07\/la-pequita-rd-y-su-nueva-campana-a-favor-de-la-ninez-2\/#primaryimage\"},\"image\":{\"@id\":\"https:\/\/noti-america.com\/site\/mexico\/2021\/12\/07\/la-pequita-rd-y-su-nueva-campana-a-favor-de-la-ninez-2\/#primaryimage\"},\"thumbnailUrl\":\"https:\/\/noti-america.com\/site\/mexico\/wp-content\/uploads\/sites\/13\/2021\/12\/thumbnail_WhatsApp-Image-2021-11-22-at-08.27.01-1.jpg\",\"datePublished\":\"2021-12-07T14:32:03+00:00\",\"breadcrumb\":{\"@id\":\"https:\/\/noti-america.com\/site\/mexico\/2021\/12\/07\/la-pequita-rd-y-su-nueva-campana-a-favor-de-la-ninez-2\/#breadcrumb\"},\"inLanguage\":\"es\",\"potentialAction\":[{\"@type\":\"ReadAction\",\"target\":[\"https:\/\/noti-america.com\/site\/mexico\/2021\/12\/07\/la-pequita-rd-y-su-nueva-campana-a-favor-de-la-ninez-2\/\"]}]},{\"@type\":\"ImageObject\",\"inLanguage\":\"es\",\"@id\":\"https:\/\/noti-america.com\/site\/mexico\/2021\/12\/07\/la-pequita-rd-y-su-nueva-campana-a-favor-de-la-ninez-2\/#primaryimage\",\"url\":\"https:\/\/noti-america.com\/site\/mexico\/wp-content\/uploads\/sites\/13\/2021\/12\/thumbnail_WhatsApp-Image-2021-11-22-at-08.27.01-1.jpg\",\"contentUrl\":\"https:\/\/noti-america.com\/site\/mexico\/wp-content\/uploads\/sites\/13\/2021\/12\/thumbnail_WhatsApp-Image-2021-11-22-at-08.27.01-1.jpg\",\"width\":1200,\"height\":1200},{\"@type\":\"BreadcrumbList\",\"@id\":\"https:\/\/noti-america.com\/site\/mexico\/2021\/12\/07\/la-pequita-rd-y-su-nueva-campana-a-favor-de-la-ninez-2\/#breadcrumb\",\"itemListElement\":[{\"@type\":\"ListItem\",\"position\":1,\"name\":\"Portada\",\"item\":\"https:\/\/noti-america.com\/site\/mexico\/\"},{\"@type\":\"ListItem\",\"position\":2,\"name\":\"La Pequita RD y su nueva campa\u00f1a a favor de la ni\u00f1ez\"}]},{\"@type\":\"WebSite\",\"@id\":\"https:\/\/noti-america.com\/site\/mexico\/#website\",\"url\":\"https:\/\/noti-america.com\/site\/mexico\/\",\"name\":\"M\u00e9xico | Noti-America.com\",\"description\":\"\",\"publisher\":{\"@id\":\"https:\/\/noti-america.com\/site\/mexico\/#organization\"},\"potentialAction\":[{\"@type\":\"SearchAction\",\"target\":{\"@type\":\"EntryPoint\",\"urlTemplate\":\"https:\/\/noti-america.com\/site\/mexico\/?s={search_term_string}\"},\"query-input\":{\"@type\":\"PropertyValueSpecification\",\"valueRequired\":true,\"valueName\":\"search_term_string\"}}],\"inLanguage\":\"es\"},{\"@type\":\"Organization\",\"@id\":\"https:\/\/noti-america.com\/site\/mexico\/#organization\",\"name\":\"Noti-America LLC | M\u00e9xico\",\"url\":\"https:\/\/noti-america.com\/site\/mexico\/\",\"logo\":{\"@type\":\"ImageObject\",\"inLanguage\":\"es\",\"@id\":\"https:\/\/noti-america.com\/site\/mexico\/#\/schema\/logo\/image\/\",\"url\":\"https:\/\/noti-america.com\/site\/mexico\/wp-content\/uploads\/sites\/13\/2020\/07\/LogoNA-4x3-1.jpg\",\"contentUrl\":\"https:\/\/noti-america.com\/site\/mexico\/wp-content\/uploads\/sites\/13\/2020\/07\/LogoNA-4x3-1.jpg\",\"width\":1236,\"height\":1080,\"caption\":\"Noti-America LLC | M\u00e9xico\"},\"image\":{\"@id\":\"https:\/\/noti-america.com\/site\/mexico\/#\/schema\/logo\/image\/\"}},{\"@type\":\"Person\",\"@id\":\"https:\/\/noti-america.com\/site\/mexico\/#\/schema\/person\/376ccc7b3cc7a8d5a43c3ece07a43857\",\"name\":\"Yoelvzla\",\"image\":{\"@type\":\"ImageObject\",\"inLanguage\":\"es\",\"@id\":\"https:\/\/secure.gravatar.com\/avatar\/13a96a72123e0e9aa76fe82e8847f726c63a1c5ef6a8d0fadd844c1a5a83b212?s=96&d=mm&r=g\",\"url\":\"https:\/\/secure.gravatar.com\/avatar\/13a96a72123e0e9aa76fe82e8847f726c63a1c5ef6a8d0fadd844c1a5a83b212?s=96&d=mm&r=g\",\"contentUrl\":\"https:\/\/secure.gravatar.com\/avatar\/13a96a72123e0e9aa76fe82e8847f726c63a1c5ef6a8d0fadd844c1a5a83b212?s=96&d=mm&r=g\",\"caption\":\"Yoelvzla\"},\"url\":\"https:\/\/noti-america.com\/site\/mexico\/author\/ydiaz\/\"}]}<\/script>\n<!-- \/ Yoast SEO Premium plugin. -->","yoast_head_json":{"title":"La Pequita RD y su nueva campa\u00f1a a favor de la ni\u00f1ez - M\u00e9xico","robots":{"index":"index","follow":"follow","max-snippet":"max-snippet:-1","max-image-preview":"max-image-preview:large","max-video-preview":"max-video-preview:-1"},"canonical":"https:\/\/noti-america.com\/site\/mexico\/2021\/12\/07\/la-pequita-rd-y-su-nueva-campana-a-favor-de-la-ninez-2\/","og_locale":"es_ES","og_type":"article","og_title":"La Pequita RD y su nueva campa\u00f1a a favor de la ni\u00f1ez","og_description":"Adelaida Garc\u00eda, mejor conocida como La Pequita RD, personaje que trabaja en contra del abuso sexual infantil, en el marco del d\u00eda mundial de la infancia y el d\u00eda internacional de los derechos de&#46;&#46;&#46;","og_url":"https:\/\/noti-america.com\/site\/mexico\/2021\/12\/07\/la-pequita-rd-y-su-nueva-campana-a-favor-de-la-ninez-2\/","og_site_name":"M\u00e9xico","article_published_time":"2021-12-07T14:32:03+00:00","og_image":[{"width":1200,"height":1200,"url":"https:\/\/noti-america.com\/site\/mexico\/wp-content\/uploads\/sites\/13\/2021\/12\/thumbnail_WhatsApp-Image-2021-11-22-at-08.27.01-1.jpg","type":"image\/jpeg"}],"author":"Yoelvzla","twitter_card":"summary_large_image","twitter_misc":{"Escrito por":"Yoelvzla","Tiempo estimado de lectura":"2 minutos"},"schema":{"@context":"https:\/\/schema.org","@graph":[{"@type":"Article","@id":"https:\/\/noti-america.com\/site\/mexico\/2021\/12\/07\/la-pequita-rd-y-su-nueva-campana-a-favor-de-la-ninez-2\/#article","isPartOf":{"@id":"https:\/\/noti-america.com\/site\/mexico\/2021\/12\/07\/la-pequita-rd-y-su-nueva-campana-a-favor-de-la-ninez-2\/"},"author":{"name":"Yoelvzla","@id":"https:\/\/noti-america.com\/site\/mexico\/#\/schema\/person\/376ccc7b3cc7a8d5a43c3ece07a43857"},"headline":"La Pequita RD y su nueva campa\u00f1a a favor de la ni\u00f1ez","datePublished":"2021-12-07T14:32:03+00:00","mainEntityOfPage":{"@id":"https:\/\/noti-america.com\/site\/mexico\/2021\/12\/07\/la-pequita-rd-y-su-nueva-campana-a-favor-de-la-ninez-2\/"},"wordCount":299,"commentCount":0,"publisher":{"@id":"https:\/\/noti-america.com\/site\/mexico\/#organization"},"image":{"@id":"https:\/\/noti-america.com\/site\/mexico\/2021\/12\/07\/la-pequita-rd-y-su-nueva-campana-a-favor-de-la-ninez-2\/#primaryimage"},"thumbnailUrl":"https:\/\/noti-america.com\/site\/mexico\/wp-content\/uploads\/sites\/13\/2021\/12\/thumbnail_WhatsApp-Image-2021-11-22-at-08.27.01-1.jpg","articleSection":["Far\u00e1ndula"],"inLanguage":"es","potentialAction":[{"@type":"CommentAction","name":"Comment","target":["https:\/\/noti-america.com\/site\/mexico\/2021\/12\/07\/la-pequita-rd-y-su-nueva-campana-a-favor-de-la-ninez-2\/#respond"]}]},{"@type":"WebPage","@id":"https:\/\/noti-america.com\/site\/mexico\/2021\/12\/07\/la-pequita-rd-y-su-nueva-campana-a-favor-de-la-ninez-2\/","url":"https:\/\/noti-america.com\/site\/mexico\/2021\/12\/07\/la-pequita-rd-y-su-nueva-campana-a-favor-de-la-ninez-2\/","name":"La Pequita RD y su nueva campa\u00f1a a favor de la ni\u00f1ez - M\u00e9xico","isPartOf":{"@id":"https:\/\/noti-america.com\/site\/mexico\/#website"},"primaryImageOfPage":{"@id":"https:\/\/noti-america.com\/site\/mexico\/2021\/12\/07\/la-pequita-rd-y-su-nueva-campana-a-favor-de-la-ninez-2\/#primaryimage"},"image":{"@id":"https:\/\/noti-america.com\/site\/mexico\/2021\/12\/07\/la-pequita-rd-y-su-nueva-campana-a-favor-de-la-ninez-2\/#primaryimage"},"thumbnailUrl":"https:\/\/noti-america.com\/site\/mexico\/wp-content\/uploads\/sites\/13\/2021\/12\/thumbnail_WhatsApp-Image-2021-11-22-at-08.27.01-1.jpg","datePublished":"2021-12-07T14:32:03+00:00","breadcrumb":{"@id":"https:\/\/noti-america.com\/site\/mexico\/2021\/12\/07\/la-pequita-rd-y-su-nueva-campana-a-favor-de-la-ninez-2\/#breadcrumb"},"inLanguage":"es","potentialAction":[{"@type":"ReadAction","target":["https:\/\/noti-america.com\/site\/mexico\/2021\/12\/07\/la-pequita-rd-y-su-nueva-campana-a-favor-de-la-ninez-2\/"]}]},{"@type":"ImageObject","inLanguage":"es","@id":"https:\/\/noti-america.com\/site\/mexico\/2021\/12\/07\/la-pequita-rd-y-su-nueva-campana-a-favor-de-la-ninez-2\/#primaryimage","url":"https:\/\/noti-america.com\/site\/mexico\/wp-content\/uploads\/sites\/13\/2021\/12\/thumbnail_WhatsApp-Image-2021-11-22-at-08.27.01-1.jpg","contentUrl":"https:\/\/noti-america.com\/site\/mexico\/wp-content\/uploads\/sites\/13\/2021\/12\/thumbnail_WhatsApp-Image-2021-11-22-at-08.27.01-1.jpg","width":1200,"height":1200},{"@type":"BreadcrumbList","@id":"https:\/\/noti-america.com\/site\/mexico\/2021\/12\/07\/la-pequita-rd-y-su-nueva-campana-a-favor-de-la-ninez-2\/#breadcrumb","itemListElement":[{"@type":"ListItem","position":1,"name":"Portada","item":"https:\/\/noti-america.com\/site\/mexico\/"},{"@type":"ListItem","position":2,"name":"La Pequita RD y su nueva campa\u00f1a a favor de la ni\u00f1ez"}]},{"@type":"WebSite","@id":"https:\/\/noti-america.com\/site\/mexico\/#website","url":"https:\/\/noti-america.com\/site\/mexico\/","name":"M\u00e9xico | Noti-America.com","description":"","publisher":{"@id":"https:\/\/noti-america.com\/site\/mexico\/#organization"},"potentialAction":[{"@type":"SearchAction","target":{"@type":"EntryPoint","urlTemplate":"https:\/\/noti-america.com\/site\/mexico\/?s={search_term_string}"},"query-input":{"@type":"PropertyValueSpecification","valueRequired":true,"valueName":"search_term_string"}}],"inLanguage":"es"},{"@type":"Organization","@id":"https:\/\/noti-america.com\/site\/mexico\/#organization","name":"Noti-America LLC | M\u00e9xico","url":"https:\/\/noti-america.com\/site\/mexico\/","logo":{"@type":"ImageObject","inLanguage":"es","@id":"https:\/\/noti-america.com\/site\/mexico\/#\/schema\/logo\/image\/","url":"https:\/\/noti-america.com\/site\/mexico\/wp-content\/uploads\/sites\/13\/2020\/07\/LogoNA-4x3-1.jpg","contentUrl":"https:\/\/noti-america.com\/site\/mexico\/wp-content\/uploads\/sites\/13\/2020\/07\/LogoNA-4x3-1.jpg","width":1236,"height":1080,"caption":"Noti-America LLC | M\u00e9xico"},"image":{"@id":"https:\/\/noti-america.com\/site\/mexico\/#\/schema\/logo\/image\/"}},{"@type":"Person","@id":"https:\/\/noti-america.com\/site\/mexico\/#\/schema\/person\/376ccc7b3cc7a8d5a43c3ece07a43857","name":"Yoelvzla","image":{"@type":"ImageObject","inLanguage":"es","@id":"https:\/\/secure.gravatar.com\/avatar\/13a96a72123e0e9aa76fe82e8847f726c63a1c5ef6a8d0fadd844c1a5a83b212?s=96&d=mm&r=g","url":"https:\/\/secure.gravatar.com\/avatar\/13a96a72123e0e9aa76fe82e8847f726c63a1c5ef6a8d0fadd844c1a5a83b212?s=96&d=mm&r=g","contentUrl":"https:\/\/secure.gravatar.com\/avatar\/13a96a72123e0e9aa76fe82e8847f726c63a1c5ef6a8d0fadd844c1a5a83b212?s=96&d=mm&r=g","caption":"Yoelvzla"},"url":"https:\/\/noti-america.com\/site\/mexico\/author\/ydiaz\/"}]}},"_links":{"self":[{"href":"https:\/\/noti-america.com\/site\/mexico\/wp-json\/wp\/v2\/posts\/7122","targetHints":{"allow":["GET"]}}],"collection":[{"href":"https:\/\/noti-america.com\/site\/mexico\/wp-json\/wp\/v2\/posts"}],"about":[{"href":"https:\/\/noti-america.com\/site\/mexico\/wp-json\/wp\/v2\/types\/post"}],"author":[{"embeddable":true,"href":"https:\/\/noti-america.com\/site\/mexico\/wp-json\/wp\/v2\/users\/127"}],"replies":[{"embeddable":true,"href":"https:\/\/noti-america.com\/site\/mexico\/wp-json\/wp\/v2\/comments?post=7122"}],"version-history":[{"count":0,"href":"https:\/\/noti-america.com\/site\/mexico\/wp-json\/wp\/v2\/posts\/7122\/revisions"}],"wp:featuredmedia":[{"embeddable":true,"href":"https:\/\/noti-america.com\/site\/mexico\/wp-json\/wp\/v2\/media\/7123"}],"wp:attachment":[{"href":"https:\/\/noti-america.com\/site\/mexico\/wp-json\/wp\/v2\/media?parent=7122"}],"wp:term":[{"taxonomy":"category","embeddable":true,"href":"https:\/\/noti-america.com\/site\/mexico\/wp-json\/wp\/v2\/categories?post=7122"},{"taxonomy":"post_tag","embeddable":true,"href":"https:\/\/noti-america.com\/site\/mexico\/wp-json\/wp\/v2\/tags?post=7122"}],"curies":[{"name":"wp","href":"https:\/\/api.w.org\/{rel}","templated":true}]}}