{"id":7111,"date":"2021-12-07T14:17:12","date_gmt":"2021-12-07T14:17:12","guid":{"rendered":"https:\/\/noti-america.com\/site\/mexico\/?p=7111"},"modified":"2021-12-07T14:17:12","modified_gmt":"2021-12-07T14:17:12","slug":"anabella-queen-nos-presenta-su-nuevo-sencillo-promocional","status":"publish","type":"post","link":"https:\/\/noti-america.com\/site\/mexico\/2021\/12\/07\/anabella-queen-nos-presenta-su-nuevo-sencillo-promocional\/","title":{"rendered":"\u00abANABELLA QUEEN\u00bb nos presenta su nuevo sencillo promocional"},"content":{"rendered":"<p class=\"x_ydpb2b397b9yiv3860678557ydp2454228byiv3413474315ydpd8e62251yiv5834101946MsoNormal\"><span lang=\"ES-VE\">El nuevo sencillo promocional de\u00a0<a href=\"https:\/\/www.youtube.com\/watch?v=TseDwfKve2k\"><b>Anabella Queen<\/b><\/a>, titulado\u00a0<b>\u201cAl Rev\u00e9s\u201d<\/b>\u00a0\u00a0fue escrito y producido\u00a0 por\u00a0<b>Francisco Romero<\/b>\u00a0y -como en temas anteriores-\u00a0 nos invita a ser felices con las peque\u00f1as pero importantes cosas de la vida como jugar, correr y saltar, entre otras cosas divertidas.<\/span><\/p>\n<p class=\"x_ydpb2b397b9yiv3860678557ydp2454228byiv3413474315ydpd8e62251yiv5834101946MsoNormal\"><span lang=\"ES-VE\">El video fue grabado en la ciudad de Caracas, bajo la direcci\u00f3n de\u00a0<b>Poe Polanco<\/b>, protagonizado por\u00a0<b>Anabella Queen<\/b>,\u00a0<b>Jordan Mendoza<\/b>\u00a0(animador del programa Portadas)\u00a0<b>Sol Nu\u00f1ez<\/b>\u00a0y la mascota de Anabella \u201c<b>Dulce\u201d<\/b>.<\/span><\/p>\n<p class=\"x_ydpb2b397b9yiv3860678557ydp2454228byiv3413474315ydpd8e62251yiv5834101946MsoNormal\"><span lang=\"ES-VE\">La tem\u00e1tica de esta producci\u00f3n es infantil y so\u00f1adora. En el video, destaca que Anabella adquiere poderes m\u00e1gicos, llenando la pantalla de diversi\u00f3n y efectos especiales, colocando -como su nombre lo indica- las cosas al rev\u00e9s\u2026<\/span><\/p>\n<p class=\"x_ydpb2b397b9yiv3860678557ydp2454228byiv3413474315ydpd8e62251yiv5834101946MsoNormal\"><b><span lang=\"ES-VE\">Los colores y el arte<\/span><\/b><span lang=\"ES-VE\">\u00a0predominan en las escenas cotidianas que tendr\u00eda cualquier ni\u00f1a de su edad, tanto en casa como al aire libre, mezclando el canto, la m\u00fasica y el baile.<\/span><\/p>\n<p class=\"x_ydpb2b397b9yiv3860678557ydp2454228byiv3413474315ydpd8e62251yiv5834101946MsoNormal\"><span lang=\"ES-VE\">Cabe destacar,<\/span><b><span lang=\"ES-VE\">\u00a0que Anabella Queen<\/span><\/b><span lang=\"ES-VE\">\u00a0contin\u00faa cosechando triunfos en el \u00e1mbito musical, y prueba de ello es la reciente nominaci\u00f3n como\u00a0<b>Icono Infantil venezolano\/<\/b>\u00a0<b>Revelaci\u00f3n Internacional del A\u00f1o<\/b>\u00a0en los premios nacionales\u00a0<b>Mara de Oro.<\/b><\/span><\/p>\n<p class=\"x_ydpb2b397b9yiv3860678557ydp2454228byiv3413474315ydpd8e62251yiv5834101946MsoNormal\"><b><span lang=\"ES-VE\">Anabella Queen<\/span><\/b><span lang=\"ES-VE\">\u00a0viene de obtener rotundos \u00e9xitos durante todo el a\u00f1o con sencillos como\u00a0<b>\u201cSigue tu coraz\u00f3n\u201d,<\/b>\u00a0\u201c<b>Destino<\/b>\u201d, \u201c<b>Mam\u00e1\u201d<\/b>\u00a0y\u00a0<b>Thiago,<\/b>\u00a0los cuales se posicionaron dentro de los primeros lugares de las carteleras musicales m\u00e1s importantes en Venezuela.<\/span><\/p>\n<p class=\"x_ydpb2b397b9yiv3860678557ydp2454228byiv3413474315ydpd8e62251yiv5834101946MsoNormal\"><span lang=\"ES-VE\">Desde ya,\u00a0<b>Anabella Queen<\/b>\u00a0se prepara para estrenar nuevos temas el pr\u00f3ximo a\u00f1o y sin duda, nos sorprender\u00e1 con muchas m\u00e1s sorpresas. Disfruta su nuevo videoclip\u00a0<b>\u201cAl rev\u00e9s\u201d<\/b>\u00a0en el canal oficial de esta peque\u00f1a gran artista.<\/span><\/p>\n","protected":false},"excerpt":{"rendered":"<p>El nuevo sencillo promocional de\u00a0Anabella Queen, titulado\u00a0\u201cAl Rev\u00e9s\u201d\u00a0\u00a0fue escrito y producido\u00a0 por\u00a0Francisco Romero\u00a0y -como en temas anteriores-\u00a0 nos invita a ser felices con las peque\u00f1as pero importantes cosas de la vida como jugar, correr&#46;&#46;&#46;<\/p>\n","protected":false},"author":127,"featured_media":7112,"comment_status":"open","ping_status":"open","sticky":false,"template":"","format":"image","meta":{"_acf_changed":false,"om_disable_all_campaigns":false,"rop_custom_images_group":[],"rop_custom_messages_group":[],"rop_publish_now":"initial","rop_publish_now_accounts":{"twitter_242054905_242054905":""},"rop_publish_now_history":[],"rop_publish_now_status":"pending","_uf_show_specific_survey":0,"_uf_disable_surveys":false,"footnotes":""},"categories":[56],"tags":[],"class_list":["post-7111","post","type-post","status-publish","format-image","has-post-thumbnail","hentry","category-farandula","post_format-post-format-image"],"acf":[],"aioseo_notices":[],"yoast_head":"<!-- This site is optimized with the Yoast SEO Premium plugin v24.9 (Yoast SEO v27.2) - https:\/\/yoast.com\/product\/yoast-seo-premium-wordpress\/ -->\n<title>&quot;ANABELLA QUEEN&quot; nos presenta su nuevo sencillo promocional - M\u00e9xico<\/title>\n<meta name=\"robots\" content=\"index, follow, max-snippet:-1, max-image-preview:large, max-video-preview:-1\" \/>\n<link rel=\"canonical\" href=\"https:\/\/noti-america.com\/site\/mexico\/2021\/12\/07\/anabella-queen-nos-presenta-su-nuevo-sencillo-promocional\/\" \/>\n<meta property=\"og:locale\" content=\"es_ES\" \/>\n<meta property=\"og:type\" content=\"article\" \/>\n<meta property=\"og:title\" content=\"&quot;ANABELLA QUEEN&quot; nos presenta su nuevo sencillo promocional\" \/>\n<meta property=\"og:description\" content=\"El nuevo sencillo promocional de\u00a0Anabella Queen, titulado\u00a0\u201cAl Rev\u00e9s\u201d\u00a0\u00a0fue escrito y producido\u00a0 por\u00a0Francisco Romero\u00a0y -como en temas anteriores-\u00a0 nos invita a ser felices con las peque\u00f1as pero importantes cosas de la vida como jugar, correr&#046;&#046;&#046;\" \/>\n<meta property=\"og:url\" content=\"https:\/\/noti-america.com\/site\/mexico\/2021\/12\/07\/anabella-queen-nos-presenta-su-nuevo-sencillo-promocional\/\" \/>\n<meta property=\"og:site_name\" content=\"M\u00e9xico\" \/>\n<meta property=\"article:published_time\" content=\"2021-12-07T14:17:12+00:00\" \/>\n<meta property=\"og:image\" content=\"https:\/\/noti-america.com\/site\/mexico\/wp-content\/uploads\/sites\/13\/2021\/12\/thumbnail_share_33088583.jpg\" \/>\n\t<meta property=\"og:image:width\" content=\"512\" \/>\n\t<meta property=\"og:image:height\" content=\"288\" \/>\n\t<meta property=\"og:image:type\" content=\"image\/jpeg\" \/>\n<meta name=\"author\" content=\"Yoelvzla\" \/>\n<meta name=\"twitter:card\" content=\"summary_large_image\" \/>\n<meta name=\"twitter:label1\" content=\"Escrito por\" \/>\n\t<meta name=\"twitter:data1\" content=\"Yoelvzla\" \/>\n\t<meta name=\"twitter:label2\" content=\"Tiempo estimado de lectura\" \/>\n\t<meta name=\"twitter:data2\" content=\"2 minutos\" \/>\n<script type=\"application\/ld+json\" class=\"yoast-schema-graph\">{\"@context\":\"https:\/\/schema.org\",\"@graph\":[{\"@type\":\"Article\",\"@id\":\"https:\/\/noti-america.com\/site\/mexico\/2021\/12\/07\/anabella-queen-nos-presenta-su-nuevo-sencillo-promocional\/#article\",\"isPartOf\":{\"@id\":\"https:\/\/noti-america.com\/site\/mexico\/2021\/12\/07\/anabella-queen-nos-presenta-su-nuevo-sencillo-promocional\/\"},\"author\":{\"name\":\"Yoelvzla\",\"@id\":\"https:\/\/noti-america.com\/site\/mexico\/#\/schema\/person\/376ccc7b3cc7a8d5a43c3ece07a43857\"},\"headline\":\"\u00abANABELLA QUEEN\u00bb nos presenta su nuevo sencillo promocional\",\"datePublished\":\"2021-12-07T14:17:12+00:00\",\"mainEntityOfPage\":{\"@id\":\"https:\/\/noti-america.com\/site\/mexico\/2021\/12\/07\/anabella-queen-nos-presenta-su-nuevo-sencillo-promocional\/\"},\"wordCount\":289,\"commentCount\":0,\"publisher\":{\"@id\":\"https:\/\/noti-america.com\/site\/mexico\/#organization\"},\"image\":{\"@id\":\"https:\/\/noti-america.com\/site\/mexico\/2021\/12\/07\/anabella-queen-nos-presenta-su-nuevo-sencillo-promocional\/#primaryimage\"},\"thumbnailUrl\":\"https:\/\/noti-america.com\/site\/mexico\/wp-content\/uploads\/sites\/13\/2021\/12\/thumbnail_share_33088583.jpg\",\"articleSection\":[\"Far\u00e1ndula\"],\"inLanguage\":\"es\",\"potentialAction\":[{\"@type\":\"CommentAction\",\"name\":\"Comment\",\"target\":[\"https:\/\/noti-america.com\/site\/mexico\/2021\/12\/07\/anabella-queen-nos-presenta-su-nuevo-sencillo-promocional\/#respond\"]}]},{\"@type\":\"WebPage\",\"@id\":\"https:\/\/noti-america.com\/site\/mexico\/2021\/12\/07\/anabella-queen-nos-presenta-su-nuevo-sencillo-promocional\/\",\"url\":\"https:\/\/noti-america.com\/site\/mexico\/2021\/12\/07\/anabella-queen-nos-presenta-su-nuevo-sencillo-promocional\/\",\"name\":\"\\\"ANABELLA QUEEN\\\" nos presenta su nuevo sencillo promocional - M\u00e9xico\",\"isPartOf\":{\"@id\":\"https:\/\/noti-america.com\/site\/mexico\/#website\"},\"primaryImageOfPage\":{\"@id\":\"https:\/\/noti-america.com\/site\/mexico\/2021\/12\/07\/anabella-queen-nos-presenta-su-nuevo-sencillo-promocional\/#primaryimage\"},\"image\":{\"@id\":\"https:\/\/noti-america.com\/site\/mexico\/2021\/12\/07\/anabella-queen-nos-presenta-su-nuevo-sencillo-promocional\/#primaryimage\"},\"thumbnailUrl\":\"https:\/\/noti-america.com\/site\/mexico\/wp-content\/uploads\/sites\/13\/2021\/12\/thumbnail_share_33088583.jpg\",\"datePublished\":\"2021-12-07T14:17:12+00:00\",\"breadcrumb\":{\"@id\":\"https:\/\/noti-america.com\/site\/mexico\/2021\/12\/07\/anabella-queen-nos-presenta-su-nuevo-sencillo-promocional\/#breadcrumb\"},\"inLanguage\":\"es\",\"potentialAction\":[{\"@type\":\"ReadAction\",\"target\":[\"https:\/\/noti-america.com\/site\/mexico\/2021\/12\/07\/anabella-queen-nos-presenta-su-nuevo-sencillo-promocional\/\"]}]},{\"@type\":\"ImageObject\",\"inLanguage\":\"es\",\"@id\":\"https:\/\/noti-america.com\/site\/mexico\/2021\/12\/07\/anabella-queen-nos-presenta-su-nuevo-sencillo-promocional\/#primaryimage\",\"url\":\"https:\/\/noti-america.com\/site\/mexico\/wp-content\/uploads\/sites\/13\/2021\/12\/thumbnail_share_33088583.jpg\",\"contentUrl\":\"https:\/\/noti-america.com\/site\/mexico\/wp-content\/uploads\/sites\/13\/2021\/12\/thumbnail_share_33088583.jpg\",\"width\":512,\"height\":288},{\"@type\":\"BreadcrumbList\",\"@id\":\"https:\/\/noti-america.com\/site\/mexico\/2021\/12\/07\/anabella-queen-nos-presenta-su-nuevo-sencillo-promocional\/#breadcrumb\",\"itemListElement\":[{\"@type\":\"ListItem\",\"position\":1,\"name\":\"Portada\",\"item\":\"https:\/\/noti-america.com\/site\/mexico\/\"},{\"@type\":\"ListItem\",\"position\":2,\"name\":\"\u00abANABELLA QUEEN\u00bb nos presenta su nuevo sencillo promocional\"}]},{\"@type\":\"WebSite\",\"@id\":\"https:\/\/noti-america.com\/site\/mexico\/#website\",\"url\":\"https:\/\/noti-america.com\/site\/mexico\/\",\"name\":\"M\u00e9xico | Noti-America.com\",\"description\":\"\",\"publisher\":{\"@id\":\"https:\/\/noti-america.com\/site\/mexico\/#organization\"},\"potentialAction\":[{\"@type\":\"SearchAction\",\"target\":{\"@type\":\"EntryPoint\",\"urlTemplate\":\"https:\/\/noti-america.com\/site\/mexico\/?s={search_term_string}\"},\"query-input\":{\"@type\":\"PropertyValueSpecification\",\"valueRequired\":true,\"valueName\":\"search_term_string\"}}],\"inLanguage\":\"es\"},{\"@type\":\"Organization\",\"@id\":\"https:\/\/noti-america.com\/site\/mexico\/#organization\",\"name\":\"Noti-America LLC | M\u00e9xico\",\"url\":\"https:\/\/noti-america.com\/site\/mexico\/\",\"logo\":{\"@type\":\"ImageObject\",\"inLanguage\":\"es\",\"@id\":\"https:\/\/noti-america.com\/site\/mexico\/#\/schema\/logo\/image\/\",\"url\":\"https:\/\/noti-america.com\/site\/mexico\/wp-content\/uploads\/sites\/13\/2020\/07\/LogoNA-4x3-1.jpg\",\"contentUrl\":\"https:\/\/noti-america.com\/site\/mexico\/wp-content\/uploads\/sites\/13\/2020\/07\/LogoNA-4x3-1.jpg\",\"width\":1236,\"height\":1080,\"caption\":\"Noti-America LLC | M\u00e9xico\"},\"image\":{\"@id\":\"https:\/\/noti-america.com\/site\/mexico\/#\/schema\/logo\/image\/\"}},{\"@type\":\"Person\",\"@id\":\"https:\/\/noti-america.com\/site\/mexico\/#\/schema\/person\/376ccc7b3cc7a8d5a43c3ece07a43857\",\"name\":\"Yoelvzla\",\"image\":{\"@type\":\"ImageObject\",\"inLanguage\":\"es\",\"@id\":\"https:\/\/secure.gravatar.com\/avatar\/13a96a72123e0e9aa76fe82e8847f726c63a1c5ef6a8d0fadd844c1a5a83b212?s=96&d=mm&r=g\",\"url\":\"https:\/\/secure.gravatar.com\/avatar\/13a96a72123e0e9aa76fe82e8847f726c63a1c5ef6a8d0fadd844c1a5a83b212?s=96&d=mm&r=g\",\"contentUrl\":\"https:\/\/secure.gravatar.com\/avatar\/13a96a72123e0e9aa76fe82e8847f726c63a1c5ef6a8d0fadd844c1a5a83b212?s=96&d=mm&r=g\",\"caption\":\"Yoelvzla\"},\"url\":\"https:\/\/noti-america.com\/site\/mexico\/author\/ydiaz\/\"}]}<\/script>\n<!-- \/ Yoast SEO Premium plugin. -->","yoast_head_json":{"title":"\"ANABELLA QUEEN\" nos presenta su nuevo sencillo promocional - M\u00e9xico","robots":{"index":"index","follow":"follow","max-snippet":"max-snippet:-1","max-image-preview":"max-image-preview:large","max-video-preview":"max-video-preview:-1"},"canonical":"https:\/\/noti-america.com\/site\/mexico\/2021\/12\/07\/anabella-queen-nos-presenta-su-nuevo-sencillo-promocional\/","og_locale":"es_ES","og_type":"article","og_title":"\"ANABELLA QUEEN\" nos presenta su nuevo sencillo promocional","og_description":"El nuevo sencillo promocional de\u00a0Anabella Queen, titulado\u00a0\u201cAl Rev\u00e9s\u201d\u00a0\u00a0fue escrito y producido\u00a0 por\u00a0Francisco Romero\u00a0y -como en temas anteriores-\u00a0 nos invita a ser felices con las peque\u00f1as pero importantes cosas de la vida como jugar, correr&#46;&#46;&#46;","og_url":"https:\/\/noti-america.com\/site\/mexico\/2021\/12\/07\/anabella-queen-nos-presenta-su-nuevo-sencillo-promocional\/","og_site_name":"M\u00e9xico","article_published_time":"2021-12-07T14:17:12+00:00","og_image":[{"width":512,"height":288,"url":"https:\/\/noti-america.com\/site\/mexico\/wp-content\/uploads\/sites\/13\/2021\/12\/thumbnail_share_33088583.jpg","type":"image\/jpeg"}],"author":"Yoelvzla","twitter_card":"summary_large_image","twitter_misc":{"Escrito por":"Yoelvzla","Tiempo estimado de lectura":"2 minutos"},"schema":{"@context":"https:\/\/schema.org","@graph":[{"@type":"Article","@id":"https:\/\/noti-america.com\/site\/mexico\/2021\/12\/07\/anabella-queen-nos-presenta-su-nuevo-sencillo-promocional\/#article","isPartOf":{"@id":"https:\/\/noti-america.com\/site\/mexico\/2021\/12\/07\/anabella-queen-nos-presenta-su-nuevo-sencillo-promocional\/"},"author":{"name":"Yoelvzla","@id":"https:\/\/noti-america.com\/site\/mexico\/#\/schema\/person\/376ccc7b3cc7a8d5a43c3ece07a43857"},"headline":"\u00abANABELLA QUEEN\u00bb nos presenta su nuevo sencillo promocional","datePublished":"2021-12-07T14:17:12+00:00","mainEntityOfPage":{"@id":"https:\/\/noti-america.com\/site\/mexico\/2021\/12\/07\/anabella-queen-nos-presenta-su-nuevo-sencillo-promocional\/"},"wordCount":289,"commentCount":0,"publisher":{"@id":"https:\/\/noti-america.com\/site\/mexico\/#organization"},"image":{"@id":"https:\/\/noti-america.com\/site\/mexico\/2021\/12\/07\/anabella-queen-nos-presenta-su-nuevo-sencillo-promocional\/#primaryimage"},"thumbnailUrl":"https:\/\/noti-america.com\/site\/mexico\/wp-content\/uploads\/sites\/13\/2021\/12\/thumbnail_share_33088583.jpg","articleSection":["Far\u00e1ndula"],"inLanguage":"es","potentialAction":[{"@type":"CommentAction","name":"Comment","target":["https:\/\/noti-america.com\/site\/mexico\/2021\/12\/07\/anabella-queen-nos-presenta-su-nuevo-sencillo-promocional\/#respond"]}]},{"@type":"WebPage","@id":"https:\/\/noti-america.com\/site\/mexico\/2021\/12\/07\/anabella-queen-nos-presenta-su-nuevo-sencillo-promocional\/","url":"https:\/\/noti-america.com\/site\/mexico\/2021\/12\/07\/anabella-queen-nos-presenta-su-nuevo-sencillo-promocional\/","name":"\"ANABELLA QUEEN\" nos presenta su nuevo sencillo promocional - M\u00e9xico","isPartOf":{"@id":"https:\/\/noti-america.com\/site\/mexico\/#website"},"primaryImageOfPage":{"@id":"https:\/\/noti-america.com\/site\/mexico\/2021\/12\/07\/anabella-queen-nos-presenta-su-nuevo-sencillo-promocional\/#primaryimage"},"image":{"@id":"https:\/\/noti-america.com\/site\/mexico\/2021\/12\/07\/anabella-queen-nos-presenta-su-nuevo-sencillo-promocional\/#primaryimage"},"thumbnailUrl":"https:\/\/noti-america.com\/site\/mexico\/wp-content\/uploads\/sites\/13\/2021\/12\/thumbnail_share_33088583.jpg","datePublished":"2021-12-07T14:17:12+00:00","breadcrumb":{"@id":"https:\/\/noti-america.com\/site\/mexico\/2021\/12\/07\/anabella-queen-nos-presenta-su-nuevo-sencillo-promocional\/#breadcrumb"},"inLanguage":"es","potentialAction":[{"@type":"ReadAction","target":["https:\/\/noti-america.com\/site\/mexico\/2021\/12\/07\/anabella-queen-nos-presenta-su-nuevo-sencillo-promocional\/"]}]},{"@type":"ImageObject","inLanguage":"es","@id":"https:\/\/noti-america.com\/site\/mexico\/2021\/12\/07\/anabella-queen-nos-presenta-su-nuevo-sencillo-promocional\/#primaryimage","url":"https:\/\/noti-america.com\/site\/mexico\/wp-content\/uploads\/sites\/13\/2021\/12\/thumbnail_share_33088583.jpg","contentUrl":"https:\/\/noti-america.com\/site\/mexico\/wp-content\/uploads\/sites\/13\/2021\/12\/thumbnail_share_33088583.jpg","width":512,"height":288},{"@type":"BreadcrumbList","@id":"https:\/\/noti-america.com\/site\/mexico\/2021\/12\/07\/anabella-queen-nos-presenta-su-nuevo-sencillo-promocional\/#breadcrumb","itemListElement":[{"@type":"ListItem","position":1,"name":"Portada","item":"https:\/\/noti-america.com\/site\/mexico\/"},{"@type":"ListItem","position":2,"name":"\u00abANABELLA QUEEN\u00bb nos presenta su nuevo sencillo promocional"}]},{"@type":"WebSite","@id":"https:\/\/noti-america.com\/site\/mexico\/#website","url":"https:\/\/noti-america.com\/site\/mexico\/","name":"M\u00e9xico | Noti-America.com","description":"","publisher":{"@id":"https:\/\/noti-america.com\/site\/mexico\/#organization"},"potentialAction":[{"@type":"SearchAction","target":{"@type":"EntryPoint","urlTemplate":"https:\/\/noti-america.com\/site\/mexico\/?s={search_term_string}"},"query-input":{"@type":"PropertyValueSpecification","valueRequired":true,"valueName":"search_term_string"}}],"inLanguage":"es"},{"@type":"Organization","@id":"https:\/\/noti-america.com\/site\/mexico\/#organization","name":"Noti-America LLC | M\u00e9xico","url":"https:\/\/noti-america.com\/site\/mexico\/","logo":{"@type":"ImageObject","inLanguage":"es","@id":"https:\/\/noti-america.com\/site\/mexico\/#\/schema\/logo\/image\/","url":"https:\/\/noti-america.com\/site\/mexico\/wp-content\/uploads\/sites\/13\/2020\/07\/LogoNA-4x3-1.jpg","contentUrl":"https:\/\/noti-america.com\/site\/mexico\/wp-content\/uploads\/sites\/13\/2020\/07\/LogoNA-4x3-1.jpg","width":1236,"height":1080,"caption":"Noti-America LLC | M\u00e9xico"},"image":{"@id":"https:\/\/noti-america.com\/site\/mexico\/#\/schema\/logo\/image\/"}},{"@type":"Person","@id":"https:\/\/noti-america.com\/site\/mexico\/#\/schema\/person\/376ccc7b3cc7a8d5a43c3ece07a43857","name":"Yoelvzla","image":{"@type":"ImageObject","inLanguage":"es","@id":"https:\/\/secure.gravatar.com\/avatar\/13a96a72123e0e9aa76fe82e8847f726c63a1c5ef6a8d0fadd844c1a5a83b212?s=96&d=mm&r=g","url":"https:\/\/secure.gravatar.com\/avatar\/13a96a72123e0e9aa76fe82e8847f726c63a1c5ef6a8d0fadd844c1a5a83b212?s=96&d=mm&r=g","contentUrl":"https:\/\/secure.gravatar.com\/avatar\/13a96a72123e0e9aa76fe82e8847f726c63a1c5ef6a8d0fadd844c1a5a83b212?s=96&d=mm&r=g","caption":"Yoelvzla"},"url":"https:\/\/noti-america.com\/site\/mexico\/author\/ydiaz\/"}]}},"_links":{"self":[{"href":"https:\/\/noti-america.com\/site\/mexico\/wp-json\/wp\/v2\/posts\/7111","targetHints":{"allow":["GET"]}}],"collection":[{"href":"https:\/\/noti-america.com\/site\/mexico\/wp-json\/wp\/v2\/posts"}],"about":[{"href":"https:\/\/noti-america.com\/site\/mexico\/wp-json\/wp\/v2\/types\/post"}],"author":[{"embeddable":true,"href":"https:\/\/noti-america.com\/site\/mexico\/wp-json\/wp\/v2\/users\/127"}],"replies":[{"embeddable":true,"href":"https:\/\/noti-america.com\/site\/mexico\/wp-json\/wp\/v2\/comments?post=7111"}],"version-history":[{"count":1,"href":"https:\/\/noti-america.com\/site\/mexico\/wp-json\/wp\/v2\/posts\/7111\/revisions"}],"predecessor-version":[{"id":7113,"href":"https:\/\/noti-america.com\/site\/mexico\/wp-json\/wp\/v2\/posts\/7111\/revisions\/7113"}],"wp:featuredmedia":[{"embeddable":true,"href":"https:\/\/noti-america.com\/site\/mexico\/wp-json\/wp\/v2\/media\/7112"}],"wp:attachment":[{"href":"https:\/\/noti-america.com\/site\/mexico\/wp-json\/wp\/v2\/media?parent=7111"}],"wp:term":[{"taxonomy":"category","embeddable":true,"href":"https:\/\/noti-america.com\/site\/mexico\/wp-json\/wp\/v2\/categories?post=7111"},{"taxonomy":"post_tag","embeddable":true,"href":"https:\/\/noti-america.com\/site\/mexico\/wp-json\/wp\/v2\/tags?post=7111"}],"curies":[{"name":"wp","href":"https:\/\/api.w.org\/{rel}","templated":true}]}}