{"id":7085,"date":"2021-12-02T15:24:40","date_gmt":"2021-12-02T15:24:40","guid":{"rendered":"https:\/\/noti-america.com\/site\/mexico\/?p=7085"},"modified":"2021-12-02T15:24:40","modified_gmt":"2021-12-02T15:24:40","slug":"alejandro-palma-fue-es-responsable-del-traje-tipico-de-la-miss-argentina","status":"publish","type":"post","link":"https:\/\/noti-america.com\/site\/mexico\/2021\/12\/02\/alejandro-palma-fue-es-responsable-del-traje-tipico-de-la-miss-argentina\/","title":{"rendered":"Alejandro Palma fue es responsable del traje t\u00edpico de la Miss Argentina"},"content":{"rendered":"<p><img loading=\"lazy\" decoding=\"async\" class=\"wp-image-7087 aligncenter\" src=\"https:\/\/noti-america.com\/site\/mexico\/wp-content\/uploads\/sites\/13\/2021\/12\/WhatsApp-Image-2021-11-27-at-9.25.48-AM-9-300x184.jpeg\" alt=\"\" width=\"409\" height=\"251\" srcset=\"https:\/\/noti-america.com\/site\/mexico\/wp-content\/uploads\/sites\/13\/2021\/12\/WhatsApp-Image-2021-11-27-at-9.25.48-AM-9-300x184.jpeg 300w, https:\/\/noti-america.com\/site\/mexico\/wp-content\/uploads\/sites\/13\/2021\/12\/WhatsApp-Image-2021-11-27-at-9.25.48-AM-9-1024x630.jpeg 1024w, https:\/\/noti-america.com\/site\/mexico\/wp-content\/uploads\/sites\/13\/2021\/12\/WhatsApp-Image-2021-11-27-at-9.25.48-AM-9-768x472.jpeg 768w, https:\/\/noti-america.com\/site\/mexico\/wp-content\/uploads\/sites\/13\/2021\/12\/WhatsApp-Image-2021-11-27-at-9.25.48-AM-9.jpeg 1080w\" sizes=\"auto, (max-width: 409px) 100vw, 409px\" \/><\/p>\n<p class=\"selectionShareable\">El venezolano\u00a0<strong>Alejandro Palma<\/strong>\u00a0fue el responsable de la creaci\u00f3n del traje de t\u00edpico de\u00a0<strong>Julieta Garc\u00eda<\/strong>\u00a0quien representara el pa\u00eds del tango,\u00a0<strong>Argentina<\/strong>\u00a0en el\u00a0<strong>Miss Universo<\/strong>\u00a0desde las redes sociales de los fot\u00f3grafos\u00a0<strong>Samuel Betancourt y Jose Mata<\/strong>\u00a0dejaron mostrar el traje t\u00edpico que lucir\u00e1 la argentina en el concurso de belleza que ser\u00e1 realizado el pr\u00f3ximo\u00a0<strong>11 de diciembre<\/strong>\u00a0que se celebrar\u00e1 en\u00a0<strong>Israel<\/strong>.<\/p>\n<p>&nbsp;<\/p>\n<p><strong>Garc\u00eda todo parece que mostrara el deterioro de los glaciares de su pa\u00eds natal el traje fue realizado con material reciclable m\u00e1s all\u00e1 de mostrar la belleza<\/strong>, quiere transmitir un mensaje al mundo por el cambio clim\u00e1tico que viene atravesando el mundo la reina de belleza estuvo en suelo venezolano donde se encontraba con la preparaci\u00f3n del zar de la belleza\u00a0<strong>Osmel Sousa<\/strong>.<\/p>\n<p>&nbsp;<\/p>\n<p class=\"selectionShareable\">El maquillaje estuvo dirigido por la valenciana <strong>Mafe Martino<\/strong>, un trabajo realizado por puros talentos criollos, veremos a\u00a0<strong>Julieta Garc\u00eda<\/strong>\u00a0mostrando un traje t\u00edpico realizado por un venezolano, lo cierto es que el pa\u00eds de la arepas tiene muchos talentos y se encuentran trabajando para representar a su tricolor nacional como se debe.<\/p>\n","protected":false},"excerpt":{"rendered":"<p>El venezolano\u00a0Alejandro Palma\u00a0fue el responsable de la creaci\u00f3n del traje de t\u00edpico de\u00a0Julieta Garc\u00eda\u00a0quien representara el pa\u00eds del tango,\u00a0Argentina\u00a0en el\u00a0Miss Universo\u00a0desde las redes sociales de los fot\u00f3grafos\u00a0Samuel Betancourt y Jose Mata\u00a0dejaron mostrar el traje&#46;&#46;&#46;<\/p>\n","protected":false},"author":127,"featured_media":0,"comment_status":"open","ping_status":"open","sticky":false,"template":"","format":"standard","meta":{"_acf_changed":false,"om_disable_all_campaigns":false,"rop_custom_images_group":[],"rop_custom_messages_group":[],"rop_publish_now":"initial","rop_publish_now_accounts":{"twitter_242054905_242054905":""},"rop_publish_now_history":[],"rop_publish_now_status":"pending","_uf_show_specific_survey":0,"_uf_disable_surveys":false,"footnotes":""},"categories":[56],"tags":[836],"class_list":["post-7085","post","type-post","status-publish","format-standard","hentry","category-farandula","tag-missargentina-alejandropalma"],"acf":[],"aioseo_notices":[],"yoast_head":"<!-- This site is optimized with the Yoast SEO Premium plugin v24.9 (Yoast SEO v27.2) - https:\/\/yoast.com\/product\/yoast-seo-premium-wordpress\/ -->\n<title>Alejandro Palma fue es responsable del traje t\u00edpico de la Miss Argentina - M\u00e9xico<\/title>\n<meta name=\"robots\" content=\"index, follow, max-snippet:-1, max-image-preview:large, max-video-preview:-1\" \/>\n<link rel=\"canonical\" href=\"https:\/\/noti-america.com\/site\/mexico\/2021\/12\/02\/alejandro-palma-fue-es-responsable-del-traje-tipico-de-la-miss-argentina\/\" \/>\n<meta property=\"og:locale\" content=\"es_ES\" \/>\n<meta property=\"og:type\" content=\"article\" \/>\n<meta property=\"og:title\" content=\"Alejandro Palma fue es responsable del traje t\u00edpico de la Miss Argentina\" \/>\n<meta property=\"og:description\" content=\"El venezolano\u00a0Alejandro Palma\u00a0fue el responsable de la creaci\u00f3n del traje de t\u00edpico de\u00a0Julieta Garc\u00eda\u00a0quien representara el pa\u00eds del tango,\u00a0Argentina\u00a0en el\u00a0Miss Universo\u00a0desde las redes sociales de los fot\u00f3grafos\u00a0Samuel Betancourt y Jose Mata\u00a0dejaron mostrar el traje&#046;&#046;&#046;\" \/>\n<meta property=\"og:url\" content=\"https:\/\/noti-america.com\/site\/mexico\/2021\/12\/02\/alejandro-palma-fue-es-responsable-del-traje-tipico-de-la-miss-argentina\/\" \/>\n<meta property=\"og:site_name\" content=\"M\u00e9xico\" \/>\n<meta property=\"article:published_time\" content=\"2021-12-02T15:24:40+00:00\" \/>\n<meta property=\"og:image\" content=\"https:\/\/noti-america.com\/site\/mexico\/wp-content\/uploads\/sites\/13\/2021\/12\/WhatsApp-Image-2021-11-27-at-9.25.48-AM-9-300x184.jpeg\" \/>\n<meta name=\"author\" content=\"Yoelvzla\" \/>\n<meta name=\"twitter:card\" content=\"summary_large_image\" \/>\n<meta name=\"twitter:label1\" content=\"Escrito por\" \/>\n\t<meta name=\"twitter:data1\" content=\"Yoelvzla\" \/>\n\t<meta name=\"twitter:label2\" content=\"Tiempo estimado de lectura\" \/>\n\t<meta name=\"twitter:data2\" content=\"2 minutos\" \/>\n<script type=\"application\/ld+json\" class=\"yoast-schema-graph\">{\"@context\":\"https:\/\/schema.org\",\"@graph\":[{\"@type\":\"Article\",\"@id\":\"https:\/\/noti-america.com\/site\/mexico\/2021\/12\/02\/alejandro-palma-fue-es-responsable-del-traje-tipico-de-la-miss-argentina\/#article\",\"isPartOf\":{\"@id\":\"https:\/\/noti-america.com\/site\/mexico\/2021\/12\/02\/alejandro-palma-fue-es-responsable-del-traje-tipico-de-la-miss-argentina\/\"},\"author\":{\"name\":\"Yoelvzla\",\"@id\":\"https:\/\/noti-america.com\/site\/mexico\/#\/schema\/person\/376ccc7b3cc7a8d5a43c3ece07a43857\"},\"headline\":\"Alejandro Palma fue es responsable del traje t\u00edpico de la Miss Argentina\",\"datePublished\":\"2021-12-02T15:24:40+00:00\",\"mainEntityOfPage\":{\"@id\":\"https:\/\/noti-america.com\/site\/mexico\/2021\/12\/02\/alejandro-palma-fue-es-responsable-del-traje-tipico-de-la-miss-argentina\/\"},\"wordCount\":212,\"commentCount\":0,\"publisher\":{\"@id\":\"https:\/\/noti-america.com\/site\/mexico\/#organization\"},\"image\":{\"@id\":\"https:\/\/noti-america.com\/site\/mexico\/2021\/12\/02\/alejandro-palma-fue-es-responsable-del-traje-tipico-de-la-miss-argentina\/#primaryimage\"},\"thumbnailUrl\":\"https:\/\/noti-america.com\/site\/mexico\/wp-content\/uploads\/sites\/13\/2021\/12\/WhatsApp-Image-2021-11-27-at-9.25.48-AM-9-300x184.jpeg\",\"keywords\":[\"#MissArgentina #AlejandroPalma\"],\"articleSection\":[\"Far\u00e1ndula\"],\"inLanguage\":\"es\",\"potentialAction\":[{\"@type\":\"CommentAction\",\"name\":\"Comment\",\"target\":[\"https:\/\/noti-america.com\/site\/mexico\/2021\/12\/02\/alejandro-palma-fue-es-responsable-del-traje-tipico-de-la-miss-argentina\/#respond\"]}]},{\"@type\":\"WebPage\",\"@id\":\"https:\/\/noti-america.com\/site\/mexico\/2021\/12\/02\/alejandro-palma-fue-es-responsable-del-traje-tipico-de-la-miss-argentina\/\",\"url\":\"https:\/\/noti-america.com\/site\/mexico\/2021\/12\/02\/alejandro-palma-fue-es-responsable-del-traje-tipico-de-la-miss-argentina\/\",\"name\":\"Alejandro Palma fue es responsable del traje t\u00edpico de la Miss Argentina - M\u00e9xico\",\"isPartOf\":{\"@id\":\"https:\/\/noti-america.com\/site\/mexico\/#website\"},\"primaryImageOfPage\":{\"@id\":\"https:\/\/noti-america.com\/site\/mexico\/2021\/12\/02\/alejandro-palma-fue-es-responsable-del-traje-tipico-de-la-miss-argentina\/#primaryimage\"},\"image\":{\"@id\":\"https:\/\/noti-america.com\/site\/mexico\/2021\/12\/02\/alejandro-palma-fue-es-responsable-del-traje-tipico-de-la-miss-argentina\/#primaryimage\"},\"thumbnailUrl\":\"https:\/\/noti-america.com\/site\/mexico\/wp-content\/uploads\/sites\/13\/2021\/12\/WhatsApp-Image-2021-11-27-at-9.25.48-AM-9-300x184.jpeg\",\"datePublished\":\"2021-12-02T15:24:40+00:00\",\"breadcrumb\":{\"@id\":\"https:\/\/noti-america.com\/site\/mexico\/2021\/12\/02\/alejandro-palma-fue-es-responsable-del-traje-tipico-de-la-miss-argentina\/#breadcrumb\"},\"inLanguage\":\"es\",\"potentialAction\":[{\"@type\":\"ReadAction\",\"target\":[\"https:\/\/noti-america.com\/site\/mexico\/2021\/12\/02\/alejandro-palma-fue-es-responsable-del-traje-tipico-de-la-miss-argentina\/\"]}]},{\"@type\":\"ImageObject\",\"inLanguage\":\"es\",\"@id\":\"https:\/\/noti-america.com\/site\/mexico\/2021\/12\/02\/alejandro-palma-fue-es-responsable-del-traje-tipico-de-la-miss-argentina\/#primaryimage\",\"url\":\"https:\/\/noti-america.com\/site\/mexico\/wp-content\/uploads\/sites\/13\/2021\/12\/WhatsApp-Image-2021-11-27-at-9.25.48-AM-9.jpeg\",\"contentUrl\":\"https:\/\/noti-america.com\/site\/mexico\/wp-content\/uploads\/sites\/13\/2021\/12\/WhatsApp-Image-2021-11-27-at-9.25.48-AM-9.jpeg\",\"width\":1080,\"height\":664},{\"@type\":\"BreadcrumbList\",\"@id\":\"https:\/\/noti-america.com\/site\/mexico\/2021\/12\/02\/alejandro-palma-fue-es-responsable-del-traje-tipico-de-la-miss-argentina\/#breadcrumb\",\"itemListElement\":[{\"@type\":\"ListItem\",\"position\":1,\"name\":\"Portada\",\"item\":\"https:\/\/noti-america.com\/site\/mexico\/\"},{\"@type\":\"ListItem\",\"position\":2,\"name\":\"Alejandro Palma fue es responsable del traje t\u00edpico de la Miss Argentina\"}]},{\"@type\":\"WebSite\",\"@id\":\"https:\/\/noti-america.com\/site\/mexico\/#website\",\"url\":\"https:\/\/noti-america.com\/site\/mexico\/\",\"name\":\"M\u00e9xico | Noti-America.com\",\"description\":\"\",\"publisher\":{\"@id\":\"https:\/\/noti-america.com\/site\/mexico\/#organization\"},\"potentialAction\":[{\"@type\":\"SearchAction\",\"target\":{\"@type\":\"EntryPoint\",\"urlTemplate\":\"https:\/\/noti-america.com\/site\/mexico\/?s={search_term_string}\"},\"query-input\":{\"@type\":\"PropertyValueSpecification\",\"valueRequired\":true,\"valueName\":\"search_term_string\"}}],\"inLanguage\":\"es\"},{\"@type\":\"Organization\",\"@id\":\"https:\/\/noti-america.com\/site\/mexico\/#organization\",\"name\":\"Noti-America LLC | M\u00e9xico\",\"url\":\"https:\/\/noti-america.com\/site\/mexico\/\",\"logo\":{\"@type\":\"ImageObject\",\"inLanguage\":\"es\",\"@id\":\"https:\/\/noti-america.com\/site\/mexico\/#\/schema\/logo\/image\/\",\"url\":\"https:\/\/noti-america.com\/site\/mexico\/wp-content\/uploads\/sites\/13\/2020\/07\/LogoNA-4x3-1.jpg\",\"contentUrl\":\"https:\/\/noti-america.com\/site\/mexico\/wp-content\/uploads\/sites\/13\/2020\/07\/LogoNA-4x3-1.jpg\",\"width\":1236,\"height\":1080,\"caption\":\"Noti-America LLC | M\u00e9xico\"},\"image\":{\"@id\":\"https:\/\/noti-america.com\/site\/mexico\/#\/schema\/logo\/image\/\"}},{\"@type\":\"Person\",\"@id\":\"https:\/\/noti-america.com\/site\/mexico\/#\/schema\/person\/376ccc7b3cc7a8d5a43c3ece07a43857\",\"name\":\"Yoelvzla\",\"image\":{\"@type\":\"ImageObject\",\"inLanguage\":\"es\",\"@id\":\"https:\/\/secure.gravatar.com\/avatar\/13a96a72123e0e9aa76fe82e8847f726c63a1c5ef6a8d0fadd844c1a5a83b212?s=96&d=mm&r=g\",\"url\":\"https:\/\/secure.gravatar.com\/avatar\/13a96a72123e0e9aa76fe82e8847f726c63a1c5ef6a8d0fadd844c1a5a83b212?s=96&d=mm&r=g\",\"contentUrl\":\"https:\/\/secure.gravatar.com\/avatar\/13a96a72123e0e9aa76fe82e8847f726c63a1c5ef6a8d0fadd844c1a5a83b212?s=96&d=mm&r=g\",\"caption\":\"Yoelvzla\"},\"url\":\"https:\/\/noti-america.com\/site\/mexico\/author\/ydiaz\/\"}]}<\/script>\n<!-- \/ Yoast SEO Premium plugin. -->","yoast_head_json":{"title":"Alejandro Palma fue es responsable del traje t\u00edpico de la Miss Argentina - M\u00e9xico","robots":{"index":"index","follow":"follow","max-snippet":"max-snippet:-1","max-image-preview":"max-image-preview:large","max-video-preview":"max-video-preview:-1"},"canonical":"https:\/\/noti-america.com\/site\/mexico\/2021\/12\/02\/alejandro-palma-fue-es-responsable-del-traje-tipico-de-la-miss-argentina\/","og_locale":"es_ES","og_type":"article","og_title":"Alejandro Palma fue es responsable del traje t\u00edpico de la Miss Argentina","og_description":"El venezolano\u00a0Alejandro Palma\u00a0fue el responsable de la creaci\u00f3n del traje de t\u00edpico de\u00a0Julieta Garc\u00eda\u00a0quien representara el pa\u00eds del tango,\u00a0Argentina\u00a0en el\u00a0Miss Universo\u00a0desde las redes sociales de los fot\u00f3grafos\u00a0Samuel Betancourt y Jose Mata\u00a0dejaron mostrar el traje&#46;&#46;&#46;","og_url":"https:\/\/noti-america.com\/site\/mexico\/2021\/12\/02\/alejandro-palma-fue-es-responsable-del-traje-tipico-de-la-miss-argentina\/","og_site_name":"M\u00e9xico","article_published_time":"2021-12-02T15:24:40+00:00","og_image":[{"url":"https:\/\/noti-america.com\/site\/mexico\/wp-content\/uploads\/sites\/13\/2021\/12\/WhatsApp-Image-2021-11-27-at-9.25.48-AM-9-300x184.jpeg","type":"","width":"","height":""}],"author":"Yoelvzla","twitter_card":"summary_large_image","twitter_misc":{"Escrito por":"Yoelvzla","Tiempo estimado de lectura":"2 minutos"},"schema":{"@context":"https:\/\/schema.org","@graph":[{"@type":"Article","@id":"https:\/\/noti-america.com\/site\/mexico\/2021\/12\/02\/alejandro-palma-fue-es-responsable-del-traje-tipico-de-la-miss-argentina\/#article","isPartOf":{"@id":"https:\/\/noti-america.com\/site\/mexico\/2021\/12\/02\/alejandro-palma-fue-es-responsable-del-traje-tipico-de-la-miss-argentina\/"},"author":{"name":"Yoelvzla","@id":"https:\/\/noti-america.com\/site\/mexico\/#\/schema\/person\/376ccc7b3cc7a8d5a43c3ece07a43857"},"headline":"Alejandro Palma fue es responsable del traje t\u00edpico de la Miss Argentina","datePublished":"2021-12-02T15:24:40+00:00","mainEntityOfPage":{"@id":"https:\/\/noti-america.com\/site\/mexico\/2021\/12\/02\/alejandro-palma-fue-es-responsable-del-traje-tipico-de-la-miss-argentina\/"},"wordCount":212,"commentCount":0,"publisher":{"@id":"https:\/\/noti-america.com\/site\/mexico\/#organization"},"image":{"@id":"https:\/\/noti-america.com\/site\/mexico\/2021\/12\/02\/alejandro-palma-fue-es-responsable-del-traje-tipico-de-la-miss-argentina\/#primaryimage"},"thumbnailUrl":"https:\/\/noti-america.com\/site\/mexico\/wp-content\/uploads\/sites\/13\/2021\/12\/WhatsApp-Image-2021-11-27-at-9.25.48-AM-9-300x184.jpeg","keywords":["#MissArgentina #AlejandroPalma"],"articleSection":["Far\u00e1ndula"],"inLanguage":"es","potentialAction":[{"@type":"CommentAction","name":"Comment","target":["https:\/\/noti-america.com\/site\/mexico\/2021\/12\/02\/alejandro-palma-fue-es-responsable-del-traje-tipico-de-la-miss-argentina\/#respond"]}]},{"@type":"WebPage","@id":"https:\/\/noti-america.com\/site\/mexico\/2021\/12\/02\/alejandro-palma-fue-es-responsable-del-traje-tipico-de-la-miss-argentina\/","url":"https:\/\/noti-america.com\/site\/mexico\/2021\/12\/02\/alejandro-palma-fue-es-responsable-del-traje-tipico-de-la-miss-argentina\/","name":"Alejandro Palma fue es responsable del traje t\u00edpico de la Miss Argentina - M\u00e9xico","isPartOf":{"@id":"https:\/\/noti-america.com\/site\/mexico\/#website"},"primaryImageOfPage":{"@id":"https:\/\/noti-america.com\/site\/mexico\/2021\/12\/02\/alejandro-palma-fue-es-responsable-del-traje-tipico-de-la-miss-argentina\/#primaryimage"},"image":{"@id":"https:\/\/noti-america.com\/site\/mexico\/2021\/12\/02\/alejandro-palma-fue-es-responsable-del-traje-tipico-de-la-miss-argentina\/#primaryimage"},"thumbnailUrl":"https:\/\/noti-america.com\/site\/mexico\/wp-content\/uploads\/sites\/13\/2021\/12\/WhatsApp-Image-2021-11-27-at-9.25.48-AM-9-300x184.jpeg","datePublished":"2021-12-02T15:24:40+00:00","breadcrumb":{"@id":"https:\/\/noti-america.com\/site\/mexico\/2021\/12\/02\/alejandro-palma-fue-es-responsable-del-traje-tipico-de-la-miss-argentina\/#breadcrumb"},"inLanguage":"es","potentialAction":[{"@type":"ReadAction","target":["https:\/\/noti-america.com\/site\/mexico\/2021\/12\/02\/alejandro-palma-fue-es-responsable-del-traje-tipico-de-la-miss-argentina\/"]}]},{"@type":"ImageObject","inLanguage":"es","@id":"https:\/\/noti-america.com\/site\/mexico\/2021\/12\/02\/alejandro-palma-fue-es-responsable-del-traje-tipico-de-la-miss-argentina\/#primaryimage","url":"https:\/\/noti-america.com\/site\/mexico\/wp-content\/uploads\/sites\/13\/2021\/12\/WhatsApp-Image-2021-11-27-at-9.25.48-AM-9.jpeg","contentUrl":"https:\/\/noti-america.com\/site\/mexico\/wp-content\/uploads\/sites\/13\/2021\/12\/WhatsApp-Image-2021-11-27-at-9.25.48-AM-9.jpeg","width":1080,"height":664},{"@type":"BreadcrumbList","@id":"https:\/\/noti-america.com\/site\/mexico\/2021\/12\/02\/alejandro-palma-fue-es-responsable-del-traje-tipico-de-la-miss-argentina\/#breadcrumb","itemListElement":[{"@type":"ListItem","position":1,"name":"Portada","item":"https:\/\/noti-america.com\/site\/mexico\/"},{"@type":"ListItem","position":2,"name":"Alejandro Palma fue es responsable del traje t\u00edpico de la Miss Argentina"}]},{"@type":"WebSite","@id":"https:\/\/noti-america.com\/site\/mexico\/#website","url":"https:\/\/noti-america.com\/site\/mexico\/","name":"M\u00e9xico | Noti-America.com","description":"","publisher":{"@id":"https:\/\/noti-america.com\/site\/mexico\/#organization"},"potentialAction":[{"@type":"SearchAction","target":{"@type":"EntryPoint","urlTemplate":"https:\/\/noti-america.com\/site\/mexico\/?s={search_term_string}"},"query-input":{"@type":"PropertyValueSpecification","valueRequired":true,"valueName":"search_term_string"}}],"inLanguage":"es"},{"@type":"Organization","@id":"https:\/\/noti-america.com\/site\/mexico\/#organization","name":"Noti-America LLC | M\u00e9xico","url":"https:\/\/noti-america.com\/site\/mexico\/","logo":{"@type":"ImageObject","inLanguage":"es","@id":"https:\/\/noti-america.com\/site\/mexico\/#\/schema\/logo\/image\/","url":"https:\/\/noti-america.com\/site\/mexico\/wp-content\/uploads\/sites\/13\/2020\/07\/LogoNA-4x3-1.jpg","contentUrl":"https:\/\/noti-america.com\/site\/mexico\/wp-content\/uploads\/sites\/13\/2020\/07\/LogoNA-4x3-1.jpg","width":1236,"height":1080,"caption":"Noti-America LLC | M\u00e9xico"},"image":{"@id":"https:\/\/noti-america.com\/site\/mexico\/#\/schema\/logo\/image\/"}},{"@type":"Person","@id":"https:\/\/noti-america.com\/site\/mexico\/#\/schema\/person\/376ccc7b3cc7a8d5a43c3ece07a43857","name":"Yoelvzla","image":{"@type":"ImageObject","inLanguage":"es","@id":"https:\/\/secure.gravatar.com\/avatar\/13a96a72123e0e9aa76fe82e8847f726c63a1c5ef6a8d0fadd844c1a5a83b212?s=96&d=mm&r=g","url":"https:\/\/secure.gravatar.com\/avatar\/13a96a72123e0e9aa76fe82e8847f726c63a1c5ef6a8d0fadd844c1a5a83b212?s=96&d=mm&r=g","contentUrl":"https:\/\/secure.gravatar.com\/avatar\/13a96a72123e0e9aa76fe82e8847f726c63a1c5ef6a8d0fadd844c1a5a83b212?s=96&d=mm&r=g","caption":"Yoelvzla"},"url":"https:\/\/noti-america.com\/site\/mexico\/author\/ydiaz\/"}]}},"_links":{"self":[{"href":"https:\/\/noti-america.com\/site\/mexico\/wp-json\/wp\/v2\/posts\/7085","targetHints":{"allow":["GET"]}}],"collection":[{"href":"https:\/\/noti-america.com\/site\/mexico\/wp-json\/wp\/v2\/posts"}],"about":[{"href":"https:\/\/noti-america.com\/site\/mexico\/wp-json\/wp\/v2\/types\/post"}],"author":[{"embeddable":true,"href":"https:\/\/noti-america.com\/site\/mexico\/wp-json\/wp\/v2\/users\/127"}],"replies":[{"embeddable":true,"href":"https:\/\/noti-america.com\/site\/mexico\/wp-json\/wp\/v2\/comments?post=7085"}],"version-history":[{"count":1,"href":"https:\/\/noti-america.com\/site\/mexico\/wp-json\/wp\/v2\/posts\/7085\/revisions"}],"predecessor-version":[{"id":7088,"href":"https:\/\/noti-america.com\/site\/mexico\/wp-json\/wp\/v2\/posts\/7085\/revisions\/7088"}],"wp:attachment":[{"href":"https:\/\/noti-america.com\/site\/mexico\/wp-json\/wp\/v2\/media?parent=7085"}],"wp:term":[{"taxonomy":"category","embeddable":true,"href":"https:\/\/noti-america.com\/site\/mexico\/wp-json\/wp\/v2\/categories?post=7085"},{"taxonomy":"post_tag","embeddable":true,"href":"https:\/\/noti-america.com\/site\/mexico\/wp-json\/wp\/v2\/tags?post=7085"}],"curies":[{"name":"wp","href":"https:\/\/api.w.org\/{rel}","templated":true}]}}