{"id":7065,"date":"2021-11-30T00:34:57","date_gmt":"2021-11-30T00:34:57","guid":{"rendered":"https:\/\/noti-america.com\/site\/mexico\/?p=7065"},"modified":"2021-11-30T00:34:57","modified_gmt":"2021-11-30T00:34:57","slug":"venevision-revive-la-tradicion-de-su-mensaje-navideno-en-familia","status":"publish","type":"post","link":"https:\/\/noti-america.com\/site\/mexico\/2021\/11\/30\/venevision-revive-la-tradicion-de-su-mensaje-navideno-en-familia\/","title":{"rendered":"VENEVISI\u00d3N REVIVE LA TRADICI\u00d3N  DE SU MENSAJE NAVIDE\u00d1O EN FAMILIA"},"content":{"rendered":"<p><img loading=\"lazy\" decoding=\"async\" class=\"alignnone size-medium wp-image-7066\" src=\"https:\/\/noti-america.com\/site\/mexico\/wp-content\/uploads\/sites\/13\/2021\/11\/thumbnail_CUNA-NAVIDAD-VENEVISION-8-300x200.jpg\" alt=\"\" width=\"300\" height=\"200\" srcset=\"https:\/\/noti-america.com\/site\/mexico\/wp-content\/uploads\/sites\/13\/2021\/11\/thumbnail_CUNA-NAVIDAD-VENEVISION-8-300x200.jpg 300w, https:\/\/noti-america.com\/site\/mexico\/wp-content\/uploads\/sites\/13\/2021\/11\/thumbnail_CUNA-NAVIDAD-VENEVISION-8-1024x682.jpg 1024w, https:\/\/noti-america.com\/site\/mexico\/wp-content\/uploads\/sites\/13\/2021\/11\/thumbnail_CUNA-NAVIDAD-VENEVISION-8-768x512.jpg 768w, https:\/\/noti-america.com\/site\/mexico\/wp-content\/uploads\/sites\/13\/2021\/11\/thumbnail_CUNA-NAVIDAD-VENEVISION-8-272x182.jpg 272w, https:\/\/noti-america.com\/site\/mexico\/wp-content\/uploads\/sites\/13\/2021\/11\/thumbnail_CUNA-NAVIDAD-VENEVISION-8.jpg 1100w\" sizes=\"auto, (max-width: 300px) 100vw, 300px\" \/><\/p>\n<p class=\"x_MsoNormal\"><b>Venevisi\u00f3n estren\u00f3 su mensaje navide\u00f1o 2021\u00a0 en el marco de la revista matutina Portada\u00b4s, \u00a0este Lunes 29 de Noviembre a las 11:00 am, retomando las tradicionales cu\u00f1as\u00a0 que siempre han congregado\u00a0 a su talento art\u00edstico,\u00a0\u00a0 de cada uno de los programas que dan vida a la pantalla. Todos unidos en solo canto,\u00a0\u00a0 para expresar un saludo pleno de\u00a0 fe , alegr\u00eda, hermandad, optimismo\u00a0 y paz, con los mejores deseos para \u00a0los hogares de Venezuela,\u00a0 ante el advenimiento del nuevo a\u00f1o.<\/b><\/p>\n<p class=\"x_MsoNormal\"><b>\u201cEl mensaje de este a\u00f1o trata de rescatar un poco lo que son las costumbres venezolanas en la Navidad, el amor\u00a0 a Dios, a Jesucristo,\u00a0 el pesebre, la familia,\u00a0\u00a0 cuya letra y m\u00fasica de\u00a0 Isa\u00edas Urbina,\u00a0 refleja un poco el sentimiento de todos los venezolanos en la situaci\u00f3n que estamos viviendo.\u00a0 Y es un mensaje de optimismo para el pr\u00f3ximo a\u00f1o. Lo volvimos\u00a0 a grabar en el estudio mayor de Venevisi\u00f3n , tuvimos la colaboraci\u00f3n de un profesional de la decoraci\u00f3n Francisco Carrasquel, que al igual que Isaias Urbina, con el \u00a0\u00a0apoyo\u00a0 del personal de Venevisi\u00f3n\u00a0 decor\u00f3 el estudio 1. Y de verdad que le pusimos alma ,\u00a0 coraz\u00f3n y vida, contamos con\u00a0\u00a0 un equipo de productores que\u00a0 se uni\u00f3\u00a0 a esta realizaci\u00f3n de manera\u00a0 voluntaria, dirigidos por\u00a0 \u2018El Pollo\u2019 Erik Simonato, y con una cantidad de\u00a0 personas de todos los departamentos de Venevisi\u00f3n que trabajaron con mucha m\u00edstica\u201d, afirm\u00f3 Hugo Carregal Vicepresidente de Variedades y productor ejecutivo de este mensaje ,\u00a0 a lo que a\u00f1adi\u00f3, \u201cesta cu\u00f1a de Navidad de alguna manera marca un renacer, un regreso a nuestras ra\u00edces, a la familia que somos cada uno de nosotros en nuestro hogar,\u00a0 con nuestra esposa,\u00a0 hijos y nietos, y nos hace recordar tambi\u00e9n\u00a0 a los que se fueron y est\u00e1n en otro plano. Entonces escuchar la letra y la m\u00fasica me llena\u00a0 de nostalgia, me llena\u00a0 de un deseo de seguir trabajando, por Venezuela\u201d.<\/b><\/p>\n<p class=\"x_MsoNormal\"><b>\u00a0<\/b><\/p>\n<p class=\"x_MsoNormal\"><b>\u00a0\u00a0\u00a0\u00a0\u00a0\u00a0\u00a0\u00a0\u00a0\u00a0\u00a0 Por su parte\u00a0 \u201cEl Pollo\u201d Erik Simonato, como productor y director,\u00a0 comparti\u00f3 lo que para \u00e9l signific\u00f3 estar realizaci\u00f3n: \u201c Despu\u00e9s de mucho tiempo primero\u00a0 a causa de la\u00a0 pandemia ,\u00a0 no \u00a0se volvieron a hacer estas\u00a0 cu\u00f1as masivas. Nosotros\u00a0 aqu\u00ed en Venevisi\u00f3n siempre fuimos los estandartes\u00a0 en\u00a0 hacer las cu\u00f1as de Navidad bajo la batuta del mago\u00a0 Joaqu\u00edn Riviera,\u00a0 y se quiso retomar\u00a0 otra vez , de una\u00a0 u otra forma,\u00a0 lo que se hab\u00eda realizado en a\u00f1os anteriores \u00a0y fue en realidad muy emotivo. Les vamos a mostrar a los televidentes un producto digno, de calidad y con mucho sentimiento. Hay un personaje all\u00ed que lo guardamos por mucho tiempo , que la \u00fanica persona que lo utilizaba era Joaqu\u00edn (Riviera), pues \u00a0le dimos vida,\u00a0\u00a0 como\u00a0 quien dice,\u00a0 otra vez al tigrito de Venevisi\u00f3n y les puedo decir que\u00a0 expreso mis palabras con mucha motivaci\u00f3n, cari\u00f1o y\u00a0\u00a0 admiraci\u00f3n. Primero le quiero dar las gracias a los artistas\u00a0 que\u00a0 asistieron\u00a0 a la grabaci\u00f3n. La presencia del tigrito es\u00a0 muy significativa\u00a0 en este mensaje.\u00a0 Cuando se encendi\u00f3 esa\u00a0 luz en Portada\u2019s, \u00a0le dimos la bienvenida a la Navidad en Venevisi\u00f3n\u201d, puntualiz\u00f3.<\/b><\/p>\n<p class=\"x_MsoNormal\"><b>\u00a0<\/b><\/p>\n<p class=\"x_MsoNormal\"><b>\u00a0\u00a0\u00a0\u00a0\u00a0\u00a0\u00a0\u00a0\u00a0\u00a0 Y es que la intervenci\u00f3n del emblem\u00e1tico y querido tigrito fue toda\u00a0 una sorpresa, que \u00a0nadie esperaba,\u00a0 secreto que\u00a0 \u201cEl Pollo\u201d guard\u00f3, \u201cyo me call\u00e9\u00a0 est\u00e1 opci\u00f3n de incorporar al tigre, y bueno\u00a0 lo traje al escenario\u00a0 despu\u00e9s que los artistas estaban\u00a0 colocados en sus posiciones para grabar, el tigrito hizo su aparici\u00f3n. Creo que ese tipo de tradiciones no se deben perder, son las historias que quedan en la vida de cada uno de nosotros. Yo me puedo sentir orgulloso de cumplir 41 a\u00f1os en Venevisi\u00f3n de los cuales 37 a\u00f1os\u00a0 he hecho el mensaje\u00a0 de Navidad,\u00a0 como 38 a\u00f1os he hecho el certamen de Miss Venezuela. Y de verdad que siento una gran satisfacci\u00f3n de formar parte de la Organizaci\u00f3n Cisneros y de Venevisi\u00f3n , como un grupo de amigos, queremos que nuestra industria televisiva siga siendo aquella que hemos vivido y so\u00f1ado durante\u00a0 40 a\u00f1os que yo tengo trabajando aqu\u00ed. Gracias al se\u00f1or\u00a0 Manuel Fra\u00edz-Grijalba,\u00a0 a Joaqu\u00edn Riviera, Ram\u00f3n Sol\u00f3rzano y a\u00a0 Jos\u00e9\u00a0 Ram\u00f3n De La Cotera; yo a todos les doy las gracias por las oportunidades y responsabilidades que me han dado,\u00a0 siempre hemos salido\u00a0 hacia adelante y eso lo voy a agradecer por toda la vida y\u00a0\u00a0 mi familia tambi\u00e9n\u201d, subray\u00f3.<\/b><\/p>\n<p class=\"x_MsoNormal\"><b>El contagioso\u00a0 tema musical que se titula \u201cNavidad en Venevisi\u00f3n 2021\u201d , bajo la direcci\u00f3n y arreglos\u00a0 de Isa\u00edas Urbina, nos sumerge de inmediato en una celebraci\u00f3n que exalta el valor del abrazo\u00a0 y\u00a0 el hecho de\u00a0 compartir en familia\u00a0 y\u00a0 con amigos.<\/b><\/p>\n<p class=\"x_MsoNormal\"><b>\u00a0<\/b><\/p>\n<p class=\"x_MsoNormal\"><b>\u00a0\u00a0\u00a0\u00a0\u00a0\u00a0\u00a0\u00a0\u00a0\u00a0\u00a0\u00a0\u00a0\u00a0\u00a0\u00a0\u00a0\u00a0\u00a0<u>El Equipo\u2026.<\/u><\/b><\/p>\n<p class=\"x_MsoNormal\"><b><u>\u00a0<\/u><\/b><\/p>\n<p class=\"x_MsoNormal\"><b>\u00a0\u00a0\u00a0\u00a0\u00a0\u00a0\u00a0\u00a0\u00a0\u00a0\u00a0 La producci\u00f3n ejecutiva del c\u00e1lido mensaje\u00a0 fue responsabilidad de Hugo Carregal; bajo la producci\u00f3n y direcci\u00f3n\u00a0 de Erik\u00a0 \u201cEl Pollo\u201d Simonato. El equipo de Producci\u00f3n est\u00e1 formado por Celin\u00e9 Mari\u00f1o, Damarys Padilla, Sol Su\u00e1rez, Mireya S\u00e1nchez, \u00a0y el pasante de producci\u00f3n Samuel Riera.\u00a0 M\u00fasica, direcci\u00f3n y arreglos de Isa\u00edas Urbina. Voces y Coros de Delia Dorta, Anna\u00e9 Torrealba, Mily Osuna, Sol Gardez, \u00a0Jos\u00e9 Andr\u00e9s Padr\u00f3n, Henrys Silva y Hugo Carregal, respectivamente.<\/b><\/p>\n<p class=\"x_MsoNormal\"><b>\u00a0\u00a0\u00a0\u00a0\u00a0\u00a0\u00a0\u00a0\u00a0\u00a0\u00a0\u00a0\u00a0\u00a0\u00a0\u00a0\u00a0\u00a0\u00a0\u00a0\u00a0\u00a0\u00a0 La direcci\u00f3n de fotograf\u00eda de Antonio Gonz\u00e1lez;\u00a0 la musicalizaci\u00f3n corresponde a Jos\u00e9 Cordero. Como coordinador Jos\u00e9 Palacios;\u00a0 Yamir G\u00e1mez , Asistente de c\u00e1mara; Alex Mu\u00f1oz, Operador de boom; Jorge Rojano en la\u00a0 Iluminaci\u00f3n; Henry Hidalgo como Auxiliar de iluminaci\u00f3n; Jes\u00fas Manotas se desempe\u00f1\u00f3 como Auxiliar \u00a0de luces m\u00f3viles. Por su parte, Jos\u00e9 Rond\u00f3n, \u00a0 Jefe T\u00e9cnico Estudios; \u00a0Omar Noguera,\u00a0 Jefe de Audio y Telefon\u00eda; Jhovanny Pi\u00f1ango,\u00a0 T\u00e9cnico de Audio; Richard V\u00e1squez,\u00a0 T\u00e9cnico de Video; Nelson Zambrano , T\u00e9cnico de Estudios; Edwin Ben\u00edtez,\u00a0 T\u00e9cnico de Estudios; Jos\u00e9 Torrealba, Supervisor de Iluminaci\u00f3n T\u00e9cnica; Pedro Pablo Sarmiento,\u00a0 Jefe Ing. Control Central.\u00a0 El dise\u00f1o gr\u00e1fico y post-producci\u00f3n , Departamento de Imagen , corresponden a Oskar Vera.<\/b><\/p>\n<p class=\"x_MsoNormal\"><b>\u00a0\u00a0\u00a0\u00a0\u00a0\u00a0\u00a0\u00a0\u00a0\u00a0La escenograf\u00eda fue encomendada a Lupe Villalobos y Eunice Padilla, ambientaci\u00f3n de Ingrid Ru\u00edz y la decoraci\u00f3n de Francisco Carrasquel.\u00a0 Grisel Valderrama, Gerente de Log\u00edstica de Servicios a Producci\u00f3n; Dilio S\u00e1ez, Jefe de Montaje y Talleres;\u00a0\u00a0 Jos\u00e9 Moreno, Pastor Guerrero, Johan Zambrano en el \u00e1rea de \u00a0Tramoya; Alexis Sandoval, William Carballo como utileros; Sa\u00fal Mart\u00ednez coordinador de lencer\u00eda y cortinas; Ricardo Lira, asistente de estudio; Franklin Villegas, supervisor de utiler\u00eda. \u00a0 Mientras que el mantenimiento del Estudio 1 fue responsabilidad de Joselin Gonz\u00e1lez.<\/b><\/p>\n<p class=\"x_MsoNormal\"><b>\u00a0\u00a0\u00a0\u00a0\u00a0\u00a0\u00a0\u00a0\u00a0\u00a0\u00a0 Rossana Rivero, Jefe de maquillaje; Nelson Gonz\u00e1lez y Henry Sarmiento, maquilladores y Claudia Palmar, Jefe de Vestuario.<\/b><\/p>\n","protected":false},"excerpt":{"rendered":"<p>Venevisi\u00f3n estren\u00f3 su mensaje navide\u00f1o 2021\u00a0 en el marco de la revista matutina Portada\u00b4s, \u00a0este Lunes 29 de Noviembre a las 11:00 am, retomando las tradicionales cu\u00f1as\u00a0 que siempre han congregado\u00a0 a su talento&#46;&#46;&#46;<\/p>\n","protected":false},"author":127,"featured_media":0,"comment_status":"open","ping_status":"open","sticky":false,"template":"","format":"standard","meta":{"_acf_changed":false,"om_disable_all_campaigns":false,"rop_custom_images_group":[],"rop_custom_messages_group":[],"rop_publish_now":"initial","rop_publish_now_accounts":{"twitter_242054905_242054905":""},"rop_publish_now_history":[],"rop_publish_now_status":"pending","_uf_show_specific_survey":0,"_uf_disable_surveys":false,"footnotes":""},"categories":[417],"tags":[831],"class_list":["post-7065","post","type-post","status-publish","format-standard","hentry","category-venezuela","tag-vnevision"],"acf":[],"aioseo_notices":[],"yoast_head":"<!-- This site is optimized with the Yoast SEO Premium plugin v24.9 (Yoast SEO v27.2) - https:\/\/yoast.com\/product\/yoast-seo-premium-wordpress\/ -->\n<title>VENEVISI\u00d3N REVIVE LA TRADICI\u00d3N DE SU MENSAJE NAVIDE\u00d1O EN FAMILIA - M\u00e9xico<\/title>\n<meta name=\"robots\" content=\"index, follow, max-snippet:-1, max-image-preview:large, max-video-preview:-1\" \/>\n<link rel=\"canonical\" href=\"https:\/\/noti-america.com\/site\/mexico\/2021\/11\/30\/venevision-revive-la-tradicion-de-su-mensaje-navideno-en-familia\/\" \/>\n<meta property=\"og:locale\" content=\"es_ES\" \/>\n<meta property=\"og:type\" content=\"article\" \/>\n<meta property=\"og:title\" content=\"VENEVISI\u00d3N REVIVE LA TRADICI\u00d3N DE SU MENSAJE NAVIDE\u00d1O EN FAMILIA\" \/>\n<meta property=\"og:description\" content=\"Venevisi\u00f3n estren\u00f3 su mensaje navide\u00f1o 2021\u00a0 en el marco de la revista matutina Portada\u00b4s, \u00a0este Lunes 29 de Noviembre a las 11:00 am, retomando las tradicionales cu\u00f1as\u00a0 que siempre han congregado\u00a0 a su talento&#046;&#046;&#046;\" \/>\n<meta property=\"og:url\" content=\"https:\/\/noti-america.com\/site\/mexico\/2021\/11\/30\/venevision-revive-la-tradicion-de-su-mensaje-navideno-en-familia\/\" \/>\n<meta property=\"og:site_name\" content=\"M\u00e9xico\" \/>\n<meta property=\"article:published_time\" content=\"2021-11-30T00:34:57+00:00\" \/>\n<meta property=\"og:image\" content=\"https:\/\/noti-america.com\/site\/mexico\/wp-content\/uploads\/sites\/13\/2021\/11\/thumbnail_CUNA-NAVIDAD-VENEVISION-8-300x200.jpg\" \/>\n<meta name=\"author\" content=\"Yoelvzla\" \/>\n<meta name=\"twitter:card\" content=\"summary_large_image\" \/>\n<meta name=\"twitter:label1\" content=\"Escrito por\" \/>\n\t<meta name=\"twitter:data1\" content=\"Yoelvzla\" \/>\n\t<meta name=\"twitter:label2\" content=\"Tiempo estimado de lectura\" \/>\n\t<meta name=\"twitter:data2\" content=\"5 minutos\" \/>\n<script type=\"application\/ld+json\" class=\"yoast-schema-graph\">{\"@context\":\"https:\/\/schema.org\",\"@graph\":[{\"@type\":\"Article\",\"@id\":\"https:\/\/noti-america.com\/site\/mexico\/2021\/11\/30\/venevision-revive-la-tradicion-de-su-mensaje-navideno-en-familia\/#article\",\"isPartOf\":{\"@id\":\"https:\/\/noti-america.com\/site\/mexico\/2021\/11\/30\/venevision-revive-la-tradicion-de-su-mensaje-navideno-en-familia\/\"},\"author\":{\"name\":\"Yoelvzla\",\"@id\":\"https:\/\/noti-america.com\/site\/mexico\/#\/schema\/person\/376ccc7b3cc7a8d5a43c3ece07a43857\"},\"headline\":\"VENEVISI\u00d3N REVIVE LA TRADICI\u00d3N DE SU MENSAJE NAVIDE\u00d1O EN FAMILIA\",\"datePublished\":\"2021-11-30T00:34:57+00:00\",\"mainEntityOfPage\":{\"@id\":\"https:\/\/noti-america.com\/site\/mexico\/2021\/11\/30\/venevision-revive-la-tradicion-de-su-mensaje-navideno-en-familia\/\"},\"wordCount\":1148,\"commentCount\":0,\"publisher\":{\"@id\":\"https:\/\/noti-america.com\/site\/mexico\/#organization\"},\"image\":{\"@id\":\"https:\/\/noti-america.com\/site\/mexico\/2021\/11\/30\/venevision-revive-la-tradicion-de-su-mensaje-navideno-en-familia\/#primaryimage\"},\"thumbnailUrl\":\"https:\/\/noti-america.com\/site\/mexico\/wp-content\/uploads\/sites\/13\/2021\/11\/thumbnail_CUNA-NAVIDAD-VENEVISION-8-300x200.jpg\",\"keywords\":[\"#Vnevision\"],\"articleSection\":[\"Venezuela\"],\"inLanguage\":\"es\",\"potentialAction\":[{\"@type\":\"CommentAction\",\"name\":\"Comment\",\"target\":[\"https:\/\/noti-america.com\/site\/mexico\/2021\/11\/30\/venevision-revive-la-tradicion-de-su-mensaje-navideno-en-familia\/#respond\"]}]},{\"@type\":\"WebPage\",\"@id\":\"https:\/\/noti-america.com\/site\/mexico\/2021\/11\/30\/venevision-revive-la-tradicion-de-su-mensaje-navideno-en-familia\/\",\"url\":\"https:\/\/noti-america.com\/site\/mexico\/2021\/11\/30\/venevision-revive-la-tradicion-de-su-mensaje-navideno-en-familia\/\",\"name\":\"VENEVISI\u00d3N REVIVE LA TRADICI\u00d3N DE SU MENSAJE NAVIDE\u00d1O EN FAMILIA - M\u00e9xico\",\"isPartOf\":{\"@id\":\"https:\/\/noti-america.com\/site\/mexico\/#website\"},\"primaryImageOfPage\":{\"@id\":\"https:\/\/noti-america.com\/site\/mexico\/2021\/11\/30\/venevision-revive-la-tradicion-de-su-mensaje-navideno-en-familia\/#primaryimage\"},\"image\":{\"@id\":\"https:\/\/noti-america.com\/site\/mexico\/2021\/11\/30\/venevision-revive-la-tradicion-de-su-mensaje-navideno-en-familia\/#primaryimage\"},\"thumbnailUrl\":\"https:\/\/noti-america.com\/site\/mexico\/wp-content\/uploads\/sites\/13\/2021\/11\/thumbnail_CUNA-NAVIDAD-VENEVISION-8-300x200.jpg\",\"datePublished\":\"2021-11-30T00:34:57+00:00\",\"breadcrumb\":{\"@id\":\"https:\/\/noti-america.com\/site\/mexico\/2021\/11\/30\/venevision-revive-la-tradicion-de-su-mensaje-navideno-en-familia\/#breadcrumb\"},\"inLanguage\":\"es\",\"potentialAction\":[{\"@type\":\"ReadAction\",\"target\":[\"https:\/\/noti-america.com\/site\/mexico\/2021\/11\/30\/venevision-revive-la-tradicion-de-su-mensaje-navideno-en-familia\/\"]}]},{\"@type\":\"ImageObject\",\"inLanguage\":\"es\",\"@id\":\"https:\/\/noti-america.com\/site\/mexico\/2021\/11\/30\/venevision-revive-la-tradicion-de-su-mensaje-navideno-en-familia\/#primaryimage\",\"url\":\"https:\/\/noti-america.com\/site\/mexico\/wp-content\/uploads\/sites\/13\/2021\/11\/thumbnail_CUNA-NAVIDAD-VENEVISION-8.jpg\",\"contentUrl\":\"https:\/\/noti-america.com\/site\/mexico\/wp-content\/uploads\/sites\/13\/2021\/11\/thumbnail_CUNA-NAVIDAD-VENEVISION-8.jpg\",\"width\":1100,\"height\":733},{\"@type\":\"BreadcrumbList\",\"@id\":\"https:\/\/noti-america.com\/site\/mexico\/2021\/11\/30\/venevision-revive-la-tradicion-de-su-mensaje-navideno-en-familia\/#breadcrumb\",\"itemListElement\":[{\"@type\":\"ListItem\",\"position\":1,\"name\":\"Portada\",\"item\":\"https:\/\/noti-america.com\/site\/mexico\/\"},{\"@type\":\"ListItem\",\"position\":2,\"name\":\"VENEVISI\u00d3N REVIVE LA TRADICI\u00d3N DE SU MENSAJE NAVIDE\u00d1O EN FAMILIA\"}]},{\"@type\":\"WebSite\",\"@id\":\"https:\/\/noti-america.com\/site\/mexico\/#website\",\"url\":\"https:\/\/noti-america.com\/site\/mexico\/\",\"name\":\"M\u00e9xico | Noti-America.com\",\"description\":\"\",\"publisher\":{\"@id\":\"https:\/\/noti-america.com\/site\/mexico\/#organization\"},\"potentialAction\":[{\"@type\":\"SearchAction\",\"target\":{\"@type\":\"EntryPoint\",\"urlTemplate\":\"https:\/\/noti-america.com\/site\/mexico\/?s={search_term_string}\"},\"query-input\":{\"@type\":\"PropertyValueSpecification\",\"valueRequired\":true,\"valueName\":\"search_term_string\"}}],\"inLanguage\":\"es\"},{\"@type\":\"Organization\",\"@id\":\"https:\/\/noti-america.com\/site\/mexico\/#organization\",\"name\":\"Noti-America LLC | M\u00e9xico\",\"url\":\"https:\/\/noti-america.com\/site\/mexico\/\",\"logo\":{\"@type\":\"ImageObject\",\"inLanguage\":\"es\",\"@id\":\"https:\/\/noti-america.com\/site\/mexico\/#\/schema\/logo\/image\/\",\"url\":\"https:\/\/noti-america.com\/site\/mexico\/wp-content\/uploads\/sites\/13\/2020\/07\/LogoNA-4x3-1.jpg\",\"contentUrl\":\"https:\/\/noti-america.com\/site\/mexico\/wp-content\/uploads\/sites\/13\/2020\/07\/LogoNA-4x3-1.jpg\",\"width\":1236,\"height\":1080,\"caption\":\"Noti-America LLC | M\u00e9xico\"},\"image\":{\"@id\":\"https:\/\/noti-america.com\/site\/mexico\/#\/schema\/logo\/image\/\"}},{\"@type\":\"Person\",\"@id\":\"https:\/\/noti-america.com\/site\/mexico\/#\/schema\/person\/376ccc7b3cc7a8d5a43c3ece07a43857\",\"name\":\"Yoelvzla\",\"image\":{\"@type\":\"ImageObject\",\"inLanguage\":\"es\",\"@id\":\"https:\/\/secure.gravatar.com\/avatar\/13a96a72123e0e9aa76fe82e8847f726c63a1c5ef6a8d0fadd844c1a5a83b212?s=96&d=mm&r=g\",\"url\":\"https:\/\/secure.gravatar.com\/avatar\/13a96a72123e0e9aa76fe82e8847f726c63a1c5ef6a8d0fadd844c1a5a83b212?s=96&d=mm&r=g\",\"contentUrl\":\"https:\/\/secure.gravatar.com\/avatar\/13a96a72123e0e9aa76fe82e8847f726c63a1c5ef6a8d0fadd844c1a5a83b212?s=96&d=mm&r=g\",\"caption\":\"Yoelvzla\"},\"url\":\"https:\/\/noti-america.com\/site\/mexico\/author\/ydiaz\/\"}]}<\/script>\n<!-- \/ Yoast SEO Premium plugin. -->","yoast_head_json":{"title":"VENEVISI\u00d3N REVIVE LA TRADICI\u00d3N DE SU MENSAJE NAVIDE\u00d1O EN FAMILIA - M\u00e9xico","robots":{"index":"index","follow":"follow","max-snippet":"max-snippet:-1","max-image-preview":"max-image-preview:large","max-video-preview":"max-video-preview:-1"},"canonical":"https:\/\/noti-america.com\/site\/mexico\/2021\/11\/30\/venevision-revive-la-tradicion-de-su-mensaje-navideno-en-familia\/","og_locale":"es_ES","og_type":"article","og_title":"VENEVISI\u00d3N REVIVE LA TRADICI\u00d3N DE SU MENSAJE NAVIDE\u00d1O EN FAMILIA","og_description":"Venevisi\u00f3n estren\u00f3 su mensaje navide\u00f1o 2021\u00a0 en el marco de la revista matutina Portada\u00b4s, \u00a0este Lunes 29 de Noviembre a las 11:00 am, retomando las tradicionales cu\u00f1as\u00a0 que siempre han congregado\u00a0 a su talento&#46;&#46;&#46;","og_url":"https:\/\/noti-america.com\/site\/mexico\/2021\/11\/30\/venevision-revive-la-tradicion-de-su-mensaje-navideno-en-familia\/","og_site_name":"M\u00e9xico","article_published_time":"2021-11-30T00:34:57+00:00","og_image":[{"url":"https:\/\/noti-america.com\/site\/mexico\/wp-content\/uploads\/sites\/13\/2021\/11\/thumbnail_CUNA-NAVIDAD-VENEVISION-8-300x200.jpg","type":"","width":"","height":""}],"author":"Yoelvzla","twitter_card":"summary_large_image","twitter_misc":{"Escrito por":"Yoelvzla","Tiempo estimado de lectura":"5 minutos"},"schema":{"@context":"https:\/\/schema.org","@graph":[{"@type":"Article","@id":"https:\/\/noti-america.com\/site\/mexico\/2021\/11\/30\/venevision-revive-la-tradicion-de-su-mensaje-navideno-en-familia\/#article","isPartOf":{"@id":"https:\/\/noti-america.com\/site\/mexico\/2021\/11\/30\/venevision-revive-la-tradicion-de-su-mensaje-navideno-en-familia\/"},"author":{"name":"Yoelvzla","@id":"https:\/\/noti-america.com\/site\/mexico\/#\/schema\/person\/376ccc7b3cc7a8d5a43c3ece07a43857"},"headline":"VENEVISI\u00d3N REVIVE LA TRADICI\u00d3N DE SU MENSAJE NAVIDE\u00d1O EN FAMILIA","datePublished":"2021-11-30T00:34:57+00:00","mainEntityOfPage":{"@id":"https:\/\/noti-america.com\/site\/mexico\/2021\/11\/30\/venevision-revive-la-tradicion-de-su-mensaje-navideno-en-familia\/"},"wordCount":1148,"commentCount":0,"publisher":{"@id":"https:\/\/noti-america.com\/site\/mexico\/#organization"},"image":{"@id":"https:\/\/noti-america.com\/site\/mexico\/2021\/11\/30\/venevision-revive-la-tradicion-de-su-mensaje-navideno-en-familia\/#primaryimage"},"thumbnailUrl":"https:\/\/noti-america.com\/site\/mexico\/wp-content\/uploads\/sites\/13\/2021\/11\/thumbnail_CUNA-NAVIDAD-VENEVISION-8-300x200.jpg","keywords":["#Vnevision"],"articleSection":["Venezuela"],"inLanguage":"es","potentialAction":[{"@type":"CommentAction","name":"Comment","target":["https:\/\/noti-america.com\/site\/mexico\/2021\/11\/30\/venevision-revive-la-tradicion-de-su-mensaje-navideno-en-familia\/#respond"]}]},{"@type":"WebPage","@id":"https:\/\/noti-america.com\/site\/mexico\/2021\/11\/30\/venevision-revive-la-tradicion-de-su-mensaje-navideno-en-familia\/","url":"https:\/\/noti-america.com\/site\/mexico\/2021\/11\/30\/venevision-revive-la-tradicion-de-su-mensaje-navideno-en-familia\/","name":"VENEVISI\u00d3N REVIVE LA TRADICI\u00d3N DE SU MENSAJE NAVIDE\u00d1O EN FAMILIA - M\u00e9xico","isPartOf":{"@id":"https:\/\/noti-america.com\/site\/mexico\/#website"},"primaryImageOfPage":{"@id":"https:\/\/noti-america.com\/site\/mexico\/2021\/11\/30\/venevision-revive-la-tradicion-de-su-mensaje-navideno-en-familia\/#primaryimage"},"image":{"@id":"https:\/\/noti-america.com\/site\/mexico\/2021\/11\/30\/venevision-revive-la-tradicion-de-su-mensaje-navideno-en-familia\/#primaryimage"},"thumbnailUrl":"https:\/\/noti-america.com\/site\/mexico\/wp-content\/uploads\/sites\/13\/2021\/11\/thumbnail_CUNA-NAVIDAD-VENEVISION-8-300x200.jpg","datePublished":"2021-11-30T00:34:57+00:00","breadcrumb":{"@id":"https:\/\/noti-america.com\/site\/mexico\/2021\/11\/30\/venevision-revive-la-tradicion-de-su-mensaje-navideno-en-familia\/#breadcrumb"},"inLanguage":"es","potentialAction":[{"@type":"ReadAction","target":["https:\/\/noti-america.com\/site\/mexico\/2021\/11\/30\/venevision-revive-la-tradicion-de-su-mensaje-navideno-en-familia\/"]}]},{"@type":"ImageObject","inLanguage":"es","@id":"https:\/\/noti-america.com\/site\/mexico\/2021\/11\/30\/venevision-revive-la-tradicion-de-su-mensaje-navideno-en-familia\/#primaryimage","url":"https:\/\/noti-america.com\/site\/mexico\/wp-content\/uploads\/sites\/13\/2021\/11\/thumbnail_CUNA-NAVIDAD-VENEVISION-8.jpg","contentUrl":"https:\/\/noti-america.com\/site\/mexico\/wp-content\/uploads\/sites\/13\/2021\/11\/thumbnail_CUNA-NAVIDAD-VENEVISION-8.jpg","width":1100,"height":733},{"@type":"BreadcrumbList","@id":"https:\/\/noti-america.com\/site\/mexico\/2021\/11\/30\/venevision-revive-la-tradicion-de-su-mensaje-navideno-en-familia\/#breadcrumb","itemListElement":[{"@type":"ListItem","position":1,"name":"Portada","item":"https:\/\/noti-america.com\/site\/mexico\/"},{"@type":"ListItem","position":2,"name":"VENEVISI\u00d3N REVIVE LA TRADICI\u00d3N DE SU MENSAJE NAVIDE\u00d1O EN FAMILIA"}]},{"@type":"WebSite","@id":"https:\/\/noti-america.com\/site\/mexico\/#website","url":"https:\/\/noti-america.com\/site\/mexico\/","name":"M\u00e9xico | Noti-America.com","description":"","publisher":{"@id":"https:\/\/noti-america.com\/site\/mexico\/#organization"},"potentialAction":[{"@type":"SearchAction","target":{"@type":"EntryPoint","urlTemplate":"https:\/\/noti-america.com\/site\/mexico\/?s={search_term_string}"},"query-input":{"@type":"PropertyValueSpecification","valueRequired":true,"valueName":"search_term_string"}}],"inLanguage":"es"},{"@type":"Organization","@id":"https:\/\/noti-america.com\/site\/mexico\/#organization","name":"Noti-America LLC | M\u00e9xico","url":"https:\/\/noti-america.com\/site\/mexico\/","logo":{"@type":"ImageObject","inLanguage":"es","@id":"https:\/\/noti-america.com\/site\/mexico\/#\/schema\/logo\/image\/","url":"https:\/\/noti-america.com\/site\/mexico\/wp-content\/uploads\/sites\/13\/2020\/07\/LogoNA-4x3-1.jpg","contentUrl":"https:\/\/noti-america.com\/site\/mexico\/wp-content\/uploads\/sites\/13\/2020\/07\/LogoNA-4x3-1.jpg","width":1236,"height":1080,"caption":"Noti-America LLC | M\u00e9xico"},"image":{"@id":"https:\/\/noti-america.com\/site\/mexico\/#\/schema\/logo\/image\/"}},{"@type":"Person","@id":"https:\/\/noti-america.com\/site\/mexico\/#\/schema\/person\/376ccc7b3cc7a8d5a43c3ece07a43857","name":"Yoelvzla","image":{"@type":"ImageObject","inLanguage":"es","@id":"https:\/\/secure.gravatar.com\/avatar\/13a96a72123e0e9aa76fe82e8847f726c63a1c5ef6a8d0fadd844c1a5a83b212?s=96&d=mm&r=g","url":"https:\/\/secure.gravatar.com\/avatar\/13a96a72123e0e9aa76fe82e8847f726c63a1c5ef6a8d0fadd844c1a5a83b212?s=96&d=mm&r=g","contentUrl":"https:\/\/secure.gravatar.com\/avatar\/13a96a72123e0e9aa76fe82e8847f726c63a1c5ef6a8d0fadd844c1a5a83b212?s=96&d=mm&r=g","caption":"Yoelvzla"},"url":"https:\/\/noti-america.com\/site\/mexico\/author\/ydiaz\/"}]}},"_links":{"self":[{"href":"https:\/\/noti-america.com\/site\/mexico\/wp-json\/wp\/v2\/posts\/7065","targetHints":{"allow":["GET"]}}],"collection":[{"href":"https:\/\/noti-america.com\/site\/mexico\/wp-json\/wp\/v2\/posts"}],"about":[{"href":"https:\/\/noti-america.com\/site\/mexico\/wp-json\/wp\/v2\/types\/post"}],"author":[{"embeddable":true,"href":"https:\/\/noti-america.com\/site\/mexico\/wp-json\/wp\/v2\/users\/127"}],"replies":[{"embeddable":true,"href":"https:\/\/noti-america.com\/site\/mexico\/wp-json\/wp\/v2\/comments?post=7065"}],"version-history":[{"count":1,"href":"https:\/\/noti-america.com\/site\/mexico\/wp-json\/wp\/v2\/posts\/7065\/revisions"}],"predecessor-version":[{"id":7067,"href":"https:\/\/noti-america.com\/site\/mexico\/wp-json\/wp\/v2\/posts\/7065\/revisions\/7067"}],"wp:attachment":[{"href":"https:\/\/noti-america.com\/site\/mexico\/wp-json\/wp\/v2\/media?parent=7065"}],"wp:term":[{"taxonomy":"category","embeddable":true,"href":"https:\/\/noti-america.com\/site\/mexico\/wp-json\/wp\/v2\/categories?post=7065"},{"taxonomy":"post_tag","embeddable":true,"href":"https:\/\/noti-america.com\/site\/mexico\/wp-json\/wp\/v2\/tags?post=7065"}],"curies":[{"name":"wp","href":"https:\/\/api.w.org\/{rel}","templated":true}]}}