{"id":7038,"date":"2021-11-20T19:45:58","date_gmt":"2021-11-20T19:45:58","guid":{"rendered":"https:\/\/noti-america.com\/site\/mexico\/2021\/11\/20\/mundial-de-futbol-7-sera-en-puebla-el-2023-primera-vez-en-mexico-2\/"},"modified":"2021-11-20T19:45:58","modified_gmt":"2021-11-20T19:45:58","slug":"mundial-de-futbol-7-sera-en-puebla-el-2023-primera-vez-en-mexico-2","status":"publish","type":"post","link":"https:\/\/noti-america.com\/site\/mexico\/2021\/11\/20\/mundial-de-futbol-7-sera-en-puebla-el-2023-primera-vez-en-mexico-2\/","title":{"rendered":"Mundial de F\u00fatbol 7 ser\u00e1 en Puebla el 2023; primera vez en M\u00e9xico"},"content":{"rendered":"<p><strong>Noti-Am\u00e9rica M\u00e9xico<\/strong><br \/>\n<strong>Ciudad de M\u00e9xico,DF.<\/strong><\/p>\n<div dir=\"auto\" style=\"text-align: justify\">El gobernador del Puebla, Miguel Barbosa Huerta, el presidente municipal, Eduardo Rivera P\u00e9rez, y el presidente de la Federaci\u00f3n Internacional de Futbol 7 Am\u00e9ricas, Fabi\u00e1n Canaveris Ferraz, anunciaron oficialmente a Puebla como sede para organizar el Mundial de \u2018Futbol 7\u2019 2023, con la participaci\u00f3n al menos 32 pa\u00edses en las ramas varonil y femenil.<\/div>\n<div dir=\"auto\" style=\"text-align: justify\"><\/div>\n<div dir=\"auto\" style=\"text-align: justify\">El convenio fue realizado en el famoso y renovado Estadio Cuauht\u00e9moc, recinto hist\u00f3rico que alberg\u00f3 partidos mundialistas y distintos encuentros de la liga nacional.<\/div>\n<div dir=\"auto\" style=\"text-align: justify\"><\/div>\n<div dir=\"auto\" style=\"text-align: justify\">En la presentaci\u00f3n de la firma del convenio y la confirmaci\u00f3n de la sede para Puebla, que se convierte as\u00ed en la primera ciudad del pa\u00eds en organizar este evento mundial, estuvieron adem\u00e1s el promotor principal del evento, el exfutbolista Antonio Iriarte Gonz\u00e1lez, titular del deporte municipal; Adolfo D\u00edaz, presidente de Futbol 7 M\u00e9xico; Yadira Lira, titular del deporte estatal; Alberto Garc\u00eda Aspe, ex seleccionado nacional mexicano y los comentaristas Gaby Corea (ESPN) y Alberto Lati (Fox Sport).<\/div>\n<div dir=\"auto\"><\/div>\n<div dir=\"auto\">Fuente : <a href=\"http:\/\/Elsoldemexico.com.mx\" target=\"_blank\" rel=\"noopener\" data-saferedirecturl=\"https:\/\/www.google.com\/url?q=http:\/\/Elsoldemexico.com.mx&amp;source=gmail&amp;ust=1637523711261000&amp;usg=AOvVaw1v9iKfl9_xSSjjGNLTFDIO\">Elsoldemexico.com.mx<\/a><\/div>\n<div dir=\"auto\">En #deportes por Carlos Urdaneta<br \/>\nInstagram @javierurdaneta16<\/div>\n","protected":false},"excerpt":{"rendered":"<p>Noti-Am\u00e9rica M\u00e9xico Ciudad de M\u00e9xico,DF. El gobernador del Puebla, Miguel Barbosa Huerta, el presidente municipal, Eduardo Rivera P\u00e9rez, y el presidente de la Federaci\u00f3n Internacional de Futbol 7 Am\u00e9ricas, Fabi\u00e1n Canaveris Ferraz, anunciaron oficialmente&#46;&#46;&#46;<\/p>\n","protected":false},"author":126,"featured_media":7039,"comment_status":"open","ping_status":"open","sticky":false,"template":"","format":"image","meta":{"_acf_changed":false,"om_disable_all_campaigns":false,"rop_custom_images_group":[],"rop_custom_messages_group":[],"rop_publish_now":"initial","rop_publish_now_accounts":{"twitter_242054905_242054905":""},"rop_publish_now_history":[],"rop_publish_now_status":"pending","_uf_show_specific_survey":0,"_uf_disable_surveys":false,"footnotes":""},"categories":[16],"tags":[],"class_list":["post-7038","post","type-post","status-publish","format-image","has-post-thumbnail","hentry","category-deportes","post_format-post-format-image"],"acf":[],"aioseo_notices":[],"yoast_head":"<!-- This site is optimized with the Yoast SEO Premium plugin v24.9 (Yoast SEO v27.2) - https:\/\/yoast.com\/product\/yoast-seo-premium-wordpress\/ -->\n<title>Mundial de F\u00fatbol 7 ser\u00e1 en Puebla el 2023; primera vez en M\u00e9xico - M\u00e9xico<\/title>\n<meta name=\"robots\" content=\"index, follow, max-snippet:-1, max-image-preview:large, max-video-preview:-1\" \/>\n<link rel=\"canonical\" href=\"https:\/\/noti-america.com\/site\/mexico\/2021\/11\/20\/mundial-de-futbol-7-sera-en-puebla-el-2023-primera-vez-en-mexico-2\/\" \/>\n<meta property=\"og:locale\" content=\"es_ES\" \/>\n<meta property=\"og:type\" content=\"article\" \/>\n<meta property=\"og:title\" content=\"Mundial de F\u00fatbol 7 ser\u00e1 en Puebla el 2023; primera vez en M\u00e9xico\" \/>\n<meta property=\"og:description\" content=\"Noti-Am\u00e9rica M\u00e9xico Ciudad de M\u00e9xico,DF. El gobernador del Puebla, Miguel Barbosa Huerta, el presidente municipal, Eduardo Rivera P\u00e9rez, y el presidente de la Federaci\u00f3n Internacional de Futbol 7 Am\u00e9ricas, Fabi\u00e1n Canaveris Ferraz, anunciaron oficialmente&#046;&#046;&#046;\" \/>\n<meta property=\"og:url\" content=\"https:\/\/noti-america.com\/site\/mexico\/2021\/11\/20\/mundial-de-futbol-7-sera-en-puebla-el-2023-primera-vez-en-mexico-2\/\" \/>\n<meta property=\"og:site_name\" content=\"M\u00e9xico\" \/>\n<meta property=\"article:published_time\" content=\"2021-11-20T19:45:58+00:00\" \/>\n<meta property=\"og:image\" content=\"https:\/\/noti-america.com\/site\/mexico\/wp-content\/uploads\/sites\/13\/2021\/11\/En-2023-Puebla-capital-sera-sede-del-Mundial-de-Futbol-7.jpg\" \/>\n\t<meta property=\"og:image:width\" content=\"620\" \/>\n\t<meta property=\"og:image:height\" content=\"330\" \/>\n\t<meta property=\"og:image:type\" content=\"image\/jpeg\" \/>\n<meta name=\"author\" content=\"Carlos Urdaneta\" \/>\n<meta name=\"twitter:card\" content=\"summary_large_image\" \/>\n<meta name=\"twitter:label1\" content=\"Escrito por\" \/>\n\t<meta name=\"twitter:data1\" content=\"Carlos Urdaneta\" \/>\n\t<meta name=\"twitter:label2\" content=\"Tiempo estimado de lectura\" \/>\n\t<meta name=\"twitter:data2\" content=\"1 minuto\" \/>\n<script type=\"application\/ld+json\" class=\"yoast-schema-graph\">{\"@context\":\"https:\/\/schema.org\",\"@graph\":[{\"@type\":\"Article\",\"@id\":\"https:\/\/noti-america.com\/site\/mexico\/2021\/11\/20\/mundial-de-futbol-7-sera-en-puebla-el-2023-primera-vez-en-mexico-2\/#article\",\"isPartOf\":{\"@id\":\"https:\/\/noti-america.com\/site\/mexico\/2021\/11\/20\/mundial-de-futbol-7-sera-en-puebla-el-2023-primera-vez-en-mexico-2\/\"},\"author\":{\"name\":\"Carlos Urdaneta\",\"@id\":\"https:\/\/noti-america.com\/site\/mexico\/#\/schema\/person\/18dc43134c35467d05547aa2cfdb744f\"},\"headline\":\"Mundial de F\u00fatbol 7 ser\u00e1 en Puebla el 2023; primera vez en M\u00e9xico\",\"datePublished\":\"2021-11-20T19:45:58+00:00\",\"mainEntityOfPage\":{\"@id\":\"https:\/\/noti-america.com\/site\/mexico\/2021\/11\/20\/mundial-de-futbol-7-sera-en-puebla-el-2023-primera-vez-en-mexico-2\/\"},\"wordCount\":200,\"commentCount\":0,\"publisher\":{\"@id\":\"https:\/\/noti-america.com\/site\/mexico\/#organization\"},\"image\":{\"@id\":\"https:\/\/noti-america.com\/site\/mexico\/2021\/11\/20\/mundial-de-futbol-7-sera-en-puebla-el-2023-primera-vez-en-mexico-2\/#primaryimage\"},\"thumbnailUrl\":\"https:\/\/noti-america.com\/site\/mexico\/wp-content\/uploads\/sites\/13\/2021\/11\/En-2023-Puebla-capital-sera-sede-del-Mundial-de-Futbol-7.jpg\",\"articleSection\":[\"Deportes\"],\"inLanguage\":\"es\",\"potentialAction\":[{\"@type\":\"CommentAction\",\"name\":\"Comment\",\"target\":[\"https:\/\/noti-america.com\/site\/mexico\/2021\/11\/20\/mundial-de-futbol-7-sera-en-puebla-el-2023-primera-vez-en-mexico-2\/#respond\"]}]},{\"@type\":\"WebPage\",\"@id\":\"https:\/\/noti-america.com\/site\/mexico\/2021\/11\/20\/mundial-de-futbol-7-sera-en-puebla-el-2023-primera-vez-en-mexico-2\/\",\"url\":\"https:\/\/noti-america.com\/site\/mexico\/2021\/11\/20\/mundial-de-futbol-7-sera-en-puebla-el-2023-primera-vez-en-mexico-2\/\",\"name\":\"Mundial de F\u00fatbol 7 ser\u00e1 en Puebla el 2023; primera vez en M\u00e9xico - M\u00e9xico\",\"isPartOf\":{\"@id\":\"https:\/\/noti-america.com\/site\/mexico\/#website\"},\"primaryImageOfPage\":{\"@id\":\"https:\/\/noti-america.com\/site\/mexico\/2021\/11\/20\/mundial-de-futbol-7-sera-en-puebla-el-2023-primera-vez-en-mexico-2\/#primaryimage\"},\"image\":{\"@id\":\"https:\/\/noti-america.com\/site\/mexico\/2021\/11\/20\/mundial-de-futbol-7-sera-en-puebla-el-2023-primera-vez-en-mexico-2\/#primaryimage\"},\"thumbnailUrl\":\"https:\/\/noti-america.com\/site\/mexico\/wp-content\/uploads\/sites\/13\/2021\/11\/En-2023-Puebla-capital-sera-sede-del-Mundial-de-Futbol-7.jpg\",\"datePublished\":\"2021-11-20T19:45:58+00:00\",\"breadcrumb\":{\"@id\":\"https:\/\/noti-america.com\/site\/mexico\/2021\/11\/20\/mundial-de-futbol-7-sera-en-puebla-el-2023-primera-vez-en-mexico-2\/#breadcrumb\"},\"inLanguage\":\"es\",\"potentialAction\":[{\"@type\":\"ReadAction\",\"target\":[\"https:\/\/noti-america.com\/site\/mexico\/2021\/11\/20\/mundial-de-futbol-7-sera-en-puebla-el-2023-primera-vez-en-mexico-2\/\"]}]},{\"@type\":\"ImageObject\",\"inLanguage\":\"es\",\"@id\":\"https:\/\/noti-america.com\/site\/mexico\/2021\/11\/20\/mundial-de-futbol-7-sera-en-puebla-el-2023-primera-vez-en-mexico-2\/#primaryimage\",\"url\":\"https:\/\/noti-america.com\/site\/mexico\/wp-content\/uploads\/sites\/13\/2021\/11\/En-2023-Puebla-capital-sera-sede-del-Mundial-de-Futbol-7.jpg\",\"contentUrl\":\"https:\/\/noti-america.com\/site\/mexico\/wp-content\/uploads\/sites\/13\/2021\/11\/En-2023-Puebla-capital-sera-sede-del-Mundial-de-Futbol-7.jpg\",\"width\":620,\"height\":330},{\"@type\":\"BreadcrumbList\",\"@id\":\"https:\/\/noti-america.com\/site\/mexico\/2021\/11\/20\/mundial-de-futbol-7-sera-en-puebla-el-2023-primera-vez-en-mexico-2\/#breadcrumb\",\"itemListElement\":[{\"@type\":\"ListItem\",\"position\":1,\"name\":\"Portada\",\"item\":\"https:\/\/noti-america.com\/site\/mexico\/\"},{\"@type\":\"ListItem\",\"position\":2,\"name\":\"Mundial de F\u00fatbol 7 ser\u00e1 en Puebla el 2023; primera vez en M\u00e9xico\"}]},{\"@type\":\"WebSite\",\"@id\":\"https:\/\/noti-america.com\/site\/mexico\/#website\",\"url\":\"https:\/\/noti-america.com\/site\/mexico\/\",\"name\":\"M\u00e9xico | Noti-America.com\",\"description\":\"\",\"publisher\":{\"@id\":\"https:\/\/noti-america.com\/site\/mexico\/#organization\"},\"potentialAction\":[{\"@type\":\"SearchAction\",\"target\":{\"@type\":\"EntryPoint\",\"urlTemplate\":\"https:\/\/noti-america.com\/site\/mexico\/?s={search_term_string}\"},\"query-input\":{\"@type\":\"PropertyValueSpecification\",\"valueRequired\":true,\"valueName\":\"search_term_string\"}}],\"inLanguage\":\"es\"},{\"@type\":\"Organization\",\"@id\":\"https:\/\/noti-america.com\/site\/mexico\/#organization\",\"name\":\"Noti-America LLC | M\u00e9xico\",\"url\":\"https:\/\/noti-america.com\/site\/mexico\/\",\"logo\":{\"@type\":\"ImageObject\",\"inLanguage\":\"es\",\"@id\":\"https:\/\/noti-america.com\/site\/mexico\/#\/schema\/logo\/image\/\",\"url\":\"https:\/\/noti-america.com\/site\/mexico\/wp-content\/uploads\/sites\/13\/2020\/07\/LogoNA-4x3-1.jpg\",\"contentUrl\":\"https:\/\/noti-america.com\/site\/mexico\/wp-content\/uploads\/sites\/13\/2020\/07\/LogoNA-4x3-1.jpg\",\"width\":1236,\"height\":1080,\"caption\":\"Noti-America LLC | M\u00e9xico\"},\"image\":{\"@id\":\"https:\/\/noti-america.com\/site\/mexico\/#\/schema\/logo\/image\/\"}},{\"@type\":\"Person\",\"@id\":\"https:\/\/noti-america.com\/site\/mexico\/#\/schema\/person\/18dc43134c35467d05547aa2cfdb744f\",\"name\":\"Carlos Urdaneta\",\"image\":{\"@type\":\"ImageObject\",\"inLanguage\":\"es\",\"@id\":\"https:\/\/secure.gravatar.com\/avatar\/843c67273bc917c180627124c4fe3cf00fcaca57b3ba18ff59659bf7d38ed1d6?s=96&d=mm&r=g\",\"url\":\"https:\/\/secure.gravatar.com\/avatar\/843c67273bc917c180627124c4fe3cf00fcaca57b3ba18ff59659bf7d38ed1d6?s=96&d=mm&r=g\",\"contentUrl\":\"https:\/\/secure.gravatar.com\/avatar\/843c67273bc917c180627124c4fe3cf00fcaca57b3ba18ff59659bf7d38ed1d6?s=96&d=mm&r=g\",\"caption\":\"Carlos Urdaneta\"},\"description\":\"Licenciado en Educaci\u00f3n F\u00edsica\",\"url\":\"https:\/\/noti-america.com\/site\/mexico\/author\/curdaneta\/\"}]}<\/script>\n<!-- \/ Yoast SEO Premium plugin. -->","yoast_head_json":{"title":"Mundial de F\u00fatbol 7 ser\u00e1 en Puebla el 2023; primera vez en M\u00e9xico - M\u00e9xico","robots":{"index":"index","follow":"follow","max-snippet":"max-snippet:-1","max-image-preview":"max-image-preview:large","max-video-preview":"max-video-preview:-1"},"canonical":"https:\/\/noti-america.com\/site\/mexico\/2021\/11\/20\/mundial-de-futbol-7-sera-en-puebla-el-2023-primera-vez-en-mexico-2\/","og_locale":"es_ES","og_type":"article","og_title":"Mundial de F\u00fatbol 7 ser\u00e1 en Puebla el 2023; primera vez en M\u00e9xico","og_description":"Noti-Am\u00e9rica M\u00e9xico Ciudad de M\u00e9xico,DF. El gobernador del Puebla, Miguel Barbosa Huerta, el presidente municipal, Eduardo Rivera P\u00e9rez, y el presidente de la Federaci\u00f3n Internacional de Futbol 7 Am\u00e9ricas, Fabi\u00e1n Canaveris Ferraz, anunciaron oficialmente&#46;&#46;&#46;","og_url":"https:\/\/noti-america.com\/site\/mexico\/2021\/11\/20\/mundial-de-futbol-7-sera-en-puebla-el-2023-primera-vez-en-mexico-2\/","og_site_name":"M\u00e9xico","article_published_time":"2021-11-20T19:45:58+00:00","og_image":[{"width":620,"height":330,"url":"https:\/\/noti-america.com\/site\/mexico\/wp-content\/uploads\/sites\/13\/2021\/11\/En-2023-Puebla-capital-sera-sede-del-Mundial-de-Futbol-7.jpg","type":"image\/jpeg"}],"author":"Carlos Urdaneta","twitter_card":"summary_large_image","twitter_misc":{"Escrito por":"Carlos Urdaneta","Tiempo estimado de lectura":"1 minuto"},"schema":{"@context":"https:\/\/schema.org","@graph":[{"@type":"Article","@id":"https:\/\/noti-america.com\/site\/mexico\/2021\/11\/20\/mundial-de-futbol-7-sera-en-puebla-el-2023-primera-vez-en-mexico-2\/#article","isPartOf":{"@id":"https:\/\/noti-america.com\/site\/mexico\/2021\/11\/20\/mundial-de-futbol-7-sera-en-puebla-el-2023-primera-vez-en-mexico-2\/"},"author":{"name":"Carlos Urdaneta","@id":"https:\/\/noti-america.com\/site\/mexico\/#\/schema\/person\/18dc43134c35467d05547aa2cfdb744f"},"headline":"Mundial de F\u00fatbol 7 ser\u00e1 en Puebla el 2023; primera vez en M\u00e9xico","datePublished":"2021-11-20T19:45:58+00:00","mainEntityOfPage":{"@id":"https:\/\/noti-america.com\/site\/mexico\/2021\/11\/20\/mundial-de-futbol-7-sera-en-puebla-el-2023-primera-vez-en-mexico-2\/"},"wordCount":200,"commentCount":0,"publisher":{"@id":"https:\/\/noti-america.com\/site\/mexico\/#organization"},"image":{"@id":"https:\/\/noti-america.com\/site\/mexico\/2021\/11\/20\/mundial-de-futbol-7-sera-en-puebla-el-2023-primera-vez-en-mexico-2\/#primaryimage"},"thumbnailUrl":"https:\/\/noti-america.com\/site\/mexico\/wp-content\/uploads\/sites\/13\/2021\/11\/En-2023-Puebla-capital-sera-sede-del-Mundial-de-Futbol-7.jpg","articleSection":["Deportes"],"inLanguage":"es","potentialAction":[{"@type":"CommentAction","name":"Comment","target":["https:\/\/noti-america.com\/site\/mexico\/2021\/11\/20\/mundial-de-futbol-7-sera-en-puebla-el-2023-primera-vez-en-mexico-2\/#respond"]}]},{"@type":"WebPage","@id":"https:\/\/noti-america.com\/site\/mexico\/2021\/11\/20\/mundial-de-futbol-7-sera-en-puebla-el-2023-primera-vez-en-mexico-2\/","url":"https:\/\/noti-america.com\/site\/mexico\/2021\/11\/20\/mundial-de-futbol-7-sera-en-puebla-el-2023-primera-vez-en-mexico-2\/","name":"Mundial de F\u00fatbol 7 ser\u00e1 en Puebla el 2023; primera vez en M\u00e9xico - M\u00e9xico","isPartOf":{"@id":"https:\/\/noti-america.com\/site\/mexico\/#website"},"primaryImageOfPage":{"@id":"https:\/\/noti-america.com\/site\/mexico\/2021\/11\/20\/mundial-de-futbol-7-sera-en-puebla-el-2023-primera-vez-en-mexico-2\/#primaryimage"},"image":{"@id":"https:\/\/noti-america.com\/site\/mexico\/2021\/11\/20\/mundial-de-futbol-7-sera-en-puebla-el-2023-primera-vez-en-mexico-2\/#primaryimage"},"thumbnailUrl":"https:\/\/noti-america.com\/site\/mexico\/wp-content\/uploads\/sites\/13\/2021\/11\/En-2023-Puebla-capital-sera-sede-del-Mundial-de-Futbol-7.jpg","datePublished":"2021-11-20T19:45:58+00:00","breadcrumb":{"@id":"https:\/\/noti-america.com\/site\/mexico\/2021\/11\/20\/mundial-de-futbol-7-sera-en-puebla-el-2023-primera-vez-en-mexico-2\/#breadcrumb"},"inLanguage":"es","potentialAction":[{"@type":"ReadAction","target":["https:\/\/noti-america.com\/site\/mexico\/2021\/11\/20\/mundial-de-futbol-7-sera-en-puebla-el-2023-primera-vez-en-mexico-2\/"]}]},{"@type":"ImageObject","inLanguage":"es","@id":"https:\/\/noti-america.com\/site\/mexico\/2021\/11\/20\/mundial-de-futbol-7-sera-en-puebla-el-2023-primera-vez-en-mexico-2\/#primaryimage","url":"https:\/\/noti-america.com\/site\/mexico\/wp-content\/uploads\/sites\/13\/2021\/11\/En-2023-Puebla-capital-sera-sede-del-Mundial-de-Futbol-7.jpg","contentUrl":"https:\/\/noti-america.com\/site\/mexico\/wp-content\/uploads\/sites\/13\/2021\/11\/En-2023-Puebla-capital-sera-sede-del-Mundial-de-Futbol-7.jpg","width":620,"height":330},{"@type":"BreadcrumbList","@id":"https:\/\/noti-america.com\/site\/mexico\/2021\/11\/20\/mundial-de-futbol-7-sera-en-puebla-el-2023-primera-vez-en-mexico-2\/#breadcrumb","itemListElement":[{"@type":"ListItem","position":1,"name":"Portada","item":"https:\/\/noti-america.com\/site\/mexico\/"},{"@type":"ListItem","position":2,"name":"Mundial de F\u00fatbol 7 ser\u00e1 en Puebla el 2023; primera vez en M\u00e9xico"}]},{"@type":"WebSite","@id":"https:\/\/noti-america.com\/site\/mexico\/#website","url":"https:\/\/noti-america.com\/site\/mexico\/","name":"M\u00e9xico | Noti-America.com","description":"","publisher":{"@id":"https:\/\/noti-america.com\/site\/mexico\/#organization"},"potentialAction":[{"@type":"SearchAction","target":{"@type":"EntryPoint","urlTemplate":"https:\/\/noti-america.com\/site\/mexico\/?s={search_term_string}"},"query-input":{"@type":"PropertyValueSpecification","valueRequired":true,"valueName":"search_term_string"}}],"inLanguage":"es"},{"@type":"Organization","@id":"https:\/\/noti-america.com\/site\/mexico\/#organization","name":"Noti-America LLC | M\u00e9xico","url":"https:\/\/noti-america.com\/site\/mexico\/","logo":{"@type":"ImageObject","inLanguage":"es","@id":"https:\/\/noti-america.com\/site\/mexico\/#\/schema\/logo\/image\/","url":"https:\/\/noti-america.com\/site\/mexico\/wp-content\/uploads\/sites\/13\/2020\/07\/LogoNA-4x3-1.jpg","contentUrl":"https:\/\/noti-america.com\/site\/mexico\/wp-content\/uploads\/sites\/13\/2020\/07\/LogoNA-4x3-1.jpg","width":1236,"height":1080,"caption":"Noti-America LLC | M\u00e9xico"},"image":{"@id":"https:\/\/noti-america.com\/site\/mexico\/#\/schema\/logo\/image\/"}},{"@type":"Person","@id":"https:\/\/noti-america.com\/site\/mexico\/#\/schema\/person\/18dc43134c35467d05547aa2cfdb744f","name":"Carlos Urdaneta","image":{"@type":"ImageObject","inLanguage":"es","@id":"https:\/\/secure.gravatar.com\/avatar\/843c67273bc917c180627124c4fe3cf00fcaca57b3ba18ff59659bf7d38ed1d6?s=96&d=mm&r=g","url":"https:\/\/secure.gravatar.com\/avatar\/843c67273bc917c180627124c4fe3cf00fcaca57b3ba18ff59659bf7d38ed1d6?s=96&d=mm&r=g","contentUrl":"https:\/\/secure.gravatar.com\/avatar\/843c67273bc917c180627124c4fe3cf00fcaca57b3ba18ff59659bf7d38ed1d6?s=96&d=mm&r=g","caption":"Carlos Urdaneta"},"description":"Licenciado en Educaci\u00f3n F\u00edsica","url":"https:\/\/noti-america.com\/site\/mexico\/author\/curdaneta\/"}]}},"_links":{"self":[{"href":"https:\/\/noti-america.com\/site\/mexico\/wp-json\/wp\/v2\/posts\/7038","targetHints":{"allow":["GET"]}}],"collection":[{"href":"https:\/\/noti-america.com\/site\/mexico\/wp-json\/wp\/v2\/posts"}],"about":[{"href":"https:\/\/noti-america.com\/site\/mexico\/wp-json\/wp\/v2\/types\/post"}],"author":[{"embeddable":true,"href":"https:\/\/noti-america.com\/site\/mexico\/wp-json\/wp\/v2\/users\/126"}],"replies":[{"embeddable":true,"href":"https:\/\/noti-america.com\/site\/mexico\/wp-json\/wp\/v2\/comments?post=7038"}],"version-history":[{"count":0,"href":"https:\/\/noti-america.com\/site\/mexico\/wp-json\/wp\/v2\/posts\/7038\/revisions"}],"wp:featuredmedia":[{"embeddable":true,"href":"https:\/\/noti-america.com\/site\/mexico\/wp-json\/wp\/v2\/media\/7039"}],"wp:attachment":[{"href":"https:\/\/noti-america.com\/site\/mexico\/wp-json\/wp\/v2\/media?parent=7038"}],"wp:term":[{"taxonomy":"category","embeddable":true,"href":"https:\/\/noti-america.com\/site\/mexico\/wp-json\/wp\/v2\/categories?post=7038"},{"taxonomy":"post_tag","embeddable":true,"href":"https:\/\/noti-america.com\/site\/mexico\/wp-json\/wp\/v2\/tags?post=7038"}],"curies":[{"name":"wp","href":"https:\/\/api.w.org\/{rel}","templated":true}]}}