{"id":7017,"date":"2021-11-17T17:26:13","date_gmt":"2021-11-17T17:26:13","guid":{"rendered":"https:\/\/noti-america.com\/site\/mexico\/?p=7017"},"modified":"2021-11-17T17:26:13","modified_gmt":"2021-11-17T17:26:13","slug":"andrea-linardi-presenta-su-nuevo-libro-mujeres-negocios-la-inclusion-que-las-organizaciones-requieren","status":"publish","type":"post","link":"https:\/\/noti-america.com\/site\/mexico\/2021\/11\/17\/andrea-linardi-presenta-su-nuevo-libro-mujeres-negocios-la-inclusion-que-las-organizaciones-requieren\/","title":{"rendered":"Andrea Linardi presenta su nuevo libro  \u201cMUJERES &amp; NEGOCIOS, la Inclusi\u00f3n que las Organizaciones Requieren\u201d"},"content":{"rendered":"<p><img loading=\"lazy\" decoding=\"async\" class=\"alignnone size-medium wp-image-7018\" src=\"https:\/\/noti-america.com\/site\/mexico\/wp-content\/uploads\/sites\/13\/2021\/11\/thumbnail_2021-Andrea-Linardi-Lk-199x300.jpg\" alt=\"\" width=\"199\" height=\"300\" srcset=\"https:\/\/noti-america.com\/site\/mexico\/wp-content\/uploads\/sites\/13\/2021\/11\/thumbnail_2021-Andrea-Linardi-Lk-199x300.jpg 199w, https:\/\/noti-america.com\/site\/mexico\/wp-content\/uploads\/sites\/13\/2021\/11\/thumbnail_2021-Andrea-Linardi-Lk-678x1024.jpg 678w, https:\/\/noti-america.com\/site\/mexico\/wp-content\/uploads\/sites\/13\/2021\/11\/thumbnail_2021-Andrea-Linardi-Lk-768x1161.jpg 768w, https:\/\/noti-america.com\/site\/mexico\/wp-content\/uploads\/sites\/13\/2021\/11\/thumbnail_2021-Andrea-Linardi-Lk.jpg 847w\" sizes=\"auto, (max-width: 199px) 100vw, 199px\" \/><\/p>\n<p>En el marco de la Feria Internacional del libro, la empresaria, coach de negocios y escritora argentina, Andrea Linardi, presenta su libro MUJERES &amp; NEGOCIOS, una propuesta para la inclusi\u00f3n de las mujeres m\u00e1s activamente en el mundo de los negocios sustentada con hechos tangibles de estudios realizados por importantes organizaciones que valoran y exaltan de manera positiva, las cualidades propias de las mujeres para liderar empresas.<\/p>\n<p>&nbsp;<\/p>\n<p>En este sentido, hace referencia a Christine Lagarde, cuando a\u00fan se desempe\u00f1aba como directora gerenta del Fondo Monetario Internacional (FMI) en el 2019, quien dijo, \u00a8los n\u00fameros del informe de FMI demuestran que tener una mujer m\u00e1s en la alta gerencia o en el consejo directivo de una empresa, sin cambiar la cantidad de sus integrantes, eleva entre 8 y 13 puntos el rendimiento de los activos.<\/p>\n<p>&nbsp;<\/p>\n<p>Por su parte, Paula Santini, CEO de PepsiCo Latinoam\u00e9rica, responsable de un negocio que genera 7,6 mil millones de d\u00f3lares en ingresos netos anuales y contemplada entre las 100 mujeres m\u00e1s poderosas de Forbes, indic\u00f3 que \u00a8las mujeres son una fuerza de trabajo muy poderosa en Latinoam\u00e9rica; son comprometidas, disciplinadas, resilientes, emp\u00e1ticas, tenaces, determinadas, tienen una gran calidad humana y se esfuerzan todos los d\u00edas por hacer bien su trabajo, pero \u00a1tenemos que cre\u00e9rnosla!.\u00a8<\/p>\n<p>&nbsp;<\/p>\n<p>MUJERES &amp; NEGOCIOS es un libro que resignifica los atributos gerenciales de la mujer, quien ha sido tipificada de d\u00e9bil, sensible y muy emocional para los negocios, siendo excluida de muchos cargos ejecutivos y teniendo sueldos m\u00e1s bajos que los hombres durante d\u00e9cadas. Un estudio realizado por la firma Grant Thornton muestra que los principales atributos gerenciales de la l\u00edder mujer en sus respectivos \u00e1mbitos laborales son: comunicaci\u00f3n, habilidad de inspirar y confianza. Un modelo gerencial que se ajusta de manera innata mucho m\u00e1s al liderazgo transformacional que requiere el momento actual.<\/p>\n<p>&nbsp;<\/p>\n<p>Seg\u00fan Andrea Linardi, autora de MUJERES &amp; NEGOCIOS, este es el momento en el que los l\u00edderes masculinos y los departamentos de RRHH deber\u00edan mirar m\u00e1s a las l\u00edderes femeninas con el \u00e1nimo de reconocer otros caminos para un liderazgo menos autoritario, m\u00e1s emp\u00e1tico y m\u00e1s inspirador para algo superior. Sin embargo, es necesario resignificar el liderazgo femenino per se para que esto acontezca, pues los prejuicios sociales y el impacto en la autoimagen que las l\u00edderes femeninas generan sobre ellas mismas opacan sus propias capacidades y pueden sentirse en desventaja a la hora de expresar sus ideas, cuando estas son censuradas o cuestionadas en la organizaci\u00f3n por el solo hecho de ser mujeres.<\/p>\n<p>&nbsp;<\/p>\n<p>Andrea Linardi estar\u00e1 en la feria Internacional del libro de Miami 2021, firmando su libro MUJERES &amp; NEGOCIOS el s\u00e1bado 20 de noviembre a las 2:00pm en el stand de escritores independientes que, por cuarto a\u00f1o consecutivo promueve la periodista Maria Elena Lavaud a trav\u00e9s de su empresa Mel Projects Publishing (ubicado en la secci\u00f3n C de la feria).<\/p>\n<p>&nbsp;<\/p>\n<p>MUJERES &amp; NEGOCIOS, la inclusi\u00f3n que las organizaciones requieren, de Andrea Linardi est\u00e1 disponible en Amazon y Barnes &amp; Noble y su autora puede ser contactada para conferencias y coaching de negocios a trav\u00e9s de www.andrealinardi.com o encontrarla por sus redes sociales LinkedIn: Andrea Linardi, Instagram: @andrea.linardi y en Facebook: Andrea Linardi.<\/p>\n<p>&nbsp;<\/p>\n<p>\u2026\/<\/p>\n<p>&nbsp;<\/p>\n<p>&nbsp;<\/p>\n<p>M\u00e1s acerca de Andrea Linardi<\/p>\n<p>Andrea Linardi es Doctor in Business Administration (UAD ADEN University, Panama\u0301), MBA (UCES, Argentina). Es adema\u0301s Licenciada en Relaciones Pu\u0301blicas (UADE, Argentina), certificada en Coaching Ontolo\u0301gico (Newfield Consulting Echeverri\u0301a &amp; Universidad del Desarrollo, Chile), diplomada en Biologi\u0301a Cultural: Habilidades para la Transformacio\u0301n Cultural en las organizaciones (Escuela Matri\u0301ztica de Santiago H. Maturana, Chile), certificada Internacional en Benziger Thinking Styles Assessment. PDD Programa de Desarrollo Directivo (IAE Business School, Argentina).<\/p>\n<p>&nbsp;<\/p>\n<p>Es Socia Fundadora de Al Grupo Humano, consultora enfocada en la gestio\u0301n con personas en organizaciones. Recibi\u00f3 el Premio Iluminis 2012 a la categor\u00eda Excelencia en Desarrollo Ejecutivo de la Universidad de Ciencias Empresariales y Sociales de Argentina. Se desempe\u00f1\u00f3 por m\u00e1s de 20 a\u00f1os en el \u00e1rea de marketing de empresas de consumo masivo, tales como Philip Morris Internacional y Grupo Cepas Gancia Bacardi con una mirada integral de negocios.<\/p>\n<p>&nbsp;<\/p>\n<p>Asimismo, es coautora del libro \u201cMarketing para RRHH, Comunicaciones Internas para la Marca Empleador\u201d Granica, 2017, y Speaker Internacional en congresos y seminarios.<\/p>\n","protected":false},"excerpt":{"rendered":"<p>En el marco de la Feria Internacional del libro, la empresaria, coach de negocios y escritora argentina, Andrea Linardi, presenta su libro MUJERES &amp; NEGOCIOS, una propuesta para la inclusi\u00f3n de las mujeres m\u00e1s&#46;&#46;&#46;<\/p>\n","protected":false},"author":127,"featured_media":0,"comment_status":"open","ping_status":"open","sticky":false,"template":"","format":"standard","meta":{"_acf_changed":false,"om_disable_all_campaigns":false,"rop_custom_images_group":[],"rop_custom_messages_group":[],"rop_publish_now":"initial","rop_publish_now_accounts":{"twitter_242054905_242054905":""},"rop_publish_now_history":[],"rop_publish_now_status":"pending","_uf_show_specific_survey":0,"_uf_disable_surveys":false,"footnotes":""},"categories":[56],"tags":[823],"class_list":["post-7017","post","type-post","status-publish","format-standard","hentry","category-farandula","tag-caracas-veenzuela"],"acf":[],"aioseo_notices":[],"yoast_head":"<!-- This site is optimized with the Yoast SEO Premium plugin v24.9 (Yoast SEO v27.2) - https:\/\/yoast.com\/product\/yoast-seo-premium-wordpress\/ -->\n<title>Andrea Linardi presenta su nuevo libro \u201cMUJERES &amp; NEGOCIOS, la Inclusi\u00f3n que las Organizaciones Requieren\u201d - M\u00e9xico<\/title>\n<meta name=\"robots\" content=\"index, follow, max-snippet:-1, max-image-preview:large, max-video-preview:-1\" \/>\n<link rel=\"canonical\" href=\"https:\/\/noti-america.com\/site\/mexico\/2021\/11\/17\/andrea-linardi-presenta-su-nuevo-libro-mujeres-negocios-la-inclusion-que-las-organizaciones-requieren\/\" \/>\n<meta property=\"og:locale\" content=\"es_ES\" \/>\n<meta property=\"og:type\" content=\"article\" \/>\n<meta property=\"og:title\" content=\"Andrea Linardi presenta su nuevo libro \u201cMUJERES &amp; NEGOCIOS, la Inclusi\u00f3n que las Organizaciones Requieren\u201d\" \/>\n<meta property=\"og:description\" content=\"En el marco de la Feria Internacional del libro, la empresaria, coach de negocios y escritora argentina, Andrea Linardi, presenta su libro MUJERES &amp; NEGOCIOS, una propuesta para la inclusi\u00f3n de las mujeres m\u00e1s&#046;&#046;&#046;\" \/>\n<meta property=\"og:url\" content=\"https:\/\/noti-america.com\/site\/mexico\/2021\/11\/17\/andrea-linardi-presenta-su-nuevo-libro-mujeres-negocios-la-inclusion-que-las-organizaciones-requieren\/\" \/>\n<meta property=\"og:site_name\" content=\"M\u00e9xico\" \/>\n<meta property=\"article:published_time\" content=\"2021-11-17T17:26:13+00:00\" \/>\n<meta property=\"og:image\" content=\"https:\/\/noti-america.com\/site\/mexico\/wp-content\/uploads\/sites\/13\/2021\/11\/thumbnail_2021-Andrea-Linardi-Lk-199x300.jpg\" \/>\n<meta name=\"author\" content=\"Yoelvzla\" \/>\n<meta name=\"twitter:card\" content=\"summary_large_image\" \/>\n<meta name=\"twitter:label1\" content=\"Escrito por\" \/>\n\t<meta name=\"twitter:data1\" content=\"Yoelvzla\" \/>\n\t<meta name=\"twitter:label2\" content=\"Tiempo estimado de lectura\" \/>\n\t<meta name=\"twitter:data2\" content=\"4 minutos\" \/>\n<script type=\"application\/ld+json\" class=\"yoast-schema-graph\">{\"@context\":\"https:\/\/schema.org\",\"@graph\":[{\"@type\":\"Article\",\"@id\":\"https:\/\/noti-america.com\/site\/mexico\/2021\/11\/17\/andrea-linardi-presenta-su-nuevo-libro-mujeres-negocios-la-inclusion-que-las-organizaciones-requieren\/#article\",\"isPartOf\":{\"@id\":\"https:\/\/noti-america.com\/site\/mexico\/2021\/11\/17\/andrea-linardi-presenta-su-nuevo-libro-mujeres-negocios-la-inclusion-que-las-organizaciones-requieren\/\"},\"author\":{\"name\":\"Yoelvzla\",\"@id\":\"https:\/\/noti-america.com\/site\/mexico\/#\/schema\/person\/376ccc7b3cc7a8d5a43c3ece07a43857\"},\"headline\":\"Andrea Linardi presenta su nuevo libro \u201cMUJERES &amp; NEGOCIOS, la Inclusi\u00f3n que las Organizaciones Requieren\u201d\",\"datePublished\":\"2021-11-17T17:26:13+00:00\",\"mainEntityOfPage\":{\"@id\":\"https:\/\/noti-america.com\/site\/mexico\/2021\/11\/17\/andrea-linardi-presenta-su-nuevo-libro-mujeres-negocios-la-inclusion-que-las-organizaciones-requieren\/\"},\"wordCount\":760,\"commentCount\":0,\"publisher\":{\"@id\":\"https:\/\/noti-america.com\/site\/mexico\/#organization\"},\"image\":{\"@id\":\"https:\/\/noti-america.com\/site\/mexico\/2021\/11\/17\/andrea-linardi-presenta-su-nuevo-libro-mujeres-negocios-la-inclusion-que-las-organizaciones-requieren\/#primaryimage\"},\"thumbnailUrl\":\"https:\/\/noti-america.com\/site\/mexico\/wp-content\/uploads\/sites\/13\/2021\/11\/thumbnail_2021-Andrea-Linardi-Lk-199x300.jpg\",\"keywords\":[\"#Caracas #Veenzuela\"],\"articleSection\":[\"Far\u00e1ndula\"],\"inLanguage\":\"es\",\"potentialAction\":[{\"@type\":\"CommentAction\",\"name\":\"Comment\",\"target\":[\"https:\/\/noti-america.com\/site\/mexico\/2021\/11\/17\/andrea-linardi-presenta-su-nuevo-libro-mujeres-negocios-la-inclusion-que-las-organizaciones-requieren\/#respond\"]}]},{\"@type\":\"WebPage\",\"@id\":\"https:\/\/noti-america.com\/site\/mexico\/2021\/11\/17\/andrea-linardi-presenta-su-nuevo-libro-mujeres-negocios-la-inclusion-que-las-organizaciones-requieren\/\",\"url\":\"https:\/\/noti-america.com\/site\/mexico\/2021\/11\/17\/andrea-linardi-presenta-su-nuevo-libro-mujeres-negocios-la-inclusion-que-las-organizaciones-requieren\/\",\"name\":\"Andrea Linardi presenta su nuevo libro \u201cMUJERES &amp; NEGOCIOS, la Inclusi\u00f3n que las Organizaciones Requieren\u201d - M\u00e9xico\",\"isPartOf\":{\"@id\":\"https:\/\/noti-america.com\/site\/mexico\/#website\"},\"primaryImageOfPage\":{\"@id\":\"https:\/\/noti-america.com\/site\/mexico\/2021\/11\/17\/andrea-linardi-presenta-su-nuevo-libro-mujeres-negocios-la-inclusion-que-las-organizaciones-requieren\/#primaryimage\"},\"image\":{\"@id\":\"https:\/\/noti-america.com\/site\/mexico\/2021\/11\/17\/andrea-linardi-presenta-su-nuevo-libro-mujeres-negocios-la-inclusion-que-las-organizaciones-requieren\/#primaryimage\"},\"thumbnailUrl\":\"https:\/\/noti-america.com\/site\/mexico\/wp-content\/uploads\/sites\/13\/2021\/11\/thumbnail_2021-Andrea-Linardi-Lk-199x300.jpg\",\"datePublished\":\"2021-11-17T17:26:13+00:00\",\"breadcrumb\":{\"@id\":\"https:\/\/noti-america.com\/site\/mexico\/2021\/11\/17\/andrea-linardi-presenta-su-nuevo-libro-mujeres-negocios-la-inclusion-que-las-organizaciones-requieren\/#breadcrumb\"},\"inLanguage\":\"es\",\"potentialAction\":[{\"@type\":\"ReadAction\",\"target\":[\"https:\/\/noti-america.com\/site\/mexico\/2021\/11\/17\/andrea-linardi-presenta-su-nuevo-libro-mujeres-negocios-la-inclusion-que-las-organizaciones-requieren\/\"]}]},{\"@type\":\"ImageObject\",\"inLanguage\":\"es\",\"@id\":\"https:\/\/noti-america.com\/site\/mexico\/2021\/11\/17\/andrea-linardi-presenta-su-nuevo-libro-mujeres-negocios-la-inclusion-que-las-organizaciones-requieren\/#primaryimage\",\"url\":\"https:\/\/noti-america.com\/site\/mexico\/wp-content\/uploads\/sites\/13\/2021\/11\/thumbnail_2021-Andrea-Linardi-Lk.jpg\",\"contentUrl\":\"https:\/\/noti-america.com\/site\/mexico\/wp-content\/uploads\/sites\/13\/2021\/11\/thumbnail_2021-Andrea-Linardi-Lk.jpg\",\"width\":847,\"height\":1280},{\"@type\":\"BreadcrumbList\",\"@id\":\"https:\/\/noti-america.com\/site\/mexico\/2021\/11\/17\/andrea-linardi-presenta-su-nuevo-libro-mujeres-negocios-la-inclusion-que-las-organizaciones-requieren\/#breadcrumb\",\"itemListElement\":[{\"@type\":\"ListItem\",\"position\":1,\"name\":\"Portada\",\"item\":\"https:\/\/noti-america.com\/site\/mexico\/\"},{\"@type\":\"ListItem\",\"position\":2,\"name\":\"Andrea Linardi presenta su nuevo libro \u201cMUJERES &amp; NEGOCIOS, la Inclusi\u00f3n que las Organizaciones Requieren\u201d\"}]},{\"@type\":\"WebSite\",\"@id\":\"https:\/\/noti-america.com\/site\/mexico\/#website\",\"url\":\"https:\/\/noti-america.com\/site\/mexico\/\",\"name\":\"M\u00e9xico | Noti-America.com\",\"description\":\"\",\"publisher\":{\"@id\":\"https:\/\/noti-america.com\/site\/mexico\/#organization\"},\"potentialAction\":[{\"@type\":\"SearchAction\",\"target\":{\"@type\":\"EntryPoint\",\"urlTemplate\":\"https:\/\/noti-america.com\/site\/mexico\/?s={search_term_string}\"},\"query-input\":{\"@type\":\"PropertyValueSpecification\",\"valueRequired\":true,\"valueName\":\"search_term_string\"}}],\"inLanguage\":\"es\"},{\"@type\":\"Organization\",\"@id\":\"https:\/\/noti-america.com\/site\/mexico\/#organization\",\"name\":\"Noti-America LLC | M\u00e9xico\",\"url\":\"https:\/\/noti-america.com\/site\/mexico\/\",\"logo\":{\"@type\":\"ImageObject\",\"inLanguage\":\"es\",\"@id\":\"https:\/\/noti-america.com\/site\/mexico\/#\/schema\/logo\/image\/\",\"url\":\"https:\/\/noti-america.com\/site\/mexico\/wp-content\/uploads\/sites\/13\/2020\/07\/LogoNA-4x3-1.jpg\",\"contentUrl\":\"https:\/\/noti-america.com\/site\/mexico\/wp-content\/uploads\/sites\/13\/2020\/07\/LogoNA-4x3-1.jpg\",\"width\":1236,\"height\":1080,\"caption\":\"Noti-America LLC | M\u00e9xico\"},\"image\":{\"@id\":\"https:\/\/noti-america.com\/site\/mexico\/#\/schema\/logo\/image\/\"}},{\"@type\":\"Person\",\"@id\":\"https:\/\/noti-america.com\/site\/mexico\/#\/schema\/person\/376ccc7b3cc7a8d5a43c3ece07a43857\",\"name\":\"Yoelvzla\",\"image\":{\"@type\":\"ImageObject\",\"inLanguage\":\"es\",\"@id\":\"https:\/\/secure.gravatar.com\/avatar\/13a96a72123e0e9aa76fe82e8847f726c63a1c5ef6a8d0fadd844c1a5a83b212?s=96&d=mm&r=g\",\"url\":\"https:\/\/secure.gravatar.com\/avatar\/13a96a72123e0e9aa76fe82e8847f726c63a1c5ef6a8d0fadd844c1a5a83b212?s=96&d=mm&r=g\",\"contentUrl\":\"https:\/\/secure.gravatar.com\/avatar\/13a96a72123e0e9aa76fe82e8847f726c63a1c5ef6a8d0fadd844c1a5a83b212?s=96&d=mm&r=g\",\"caption\":\"Yoelvzla\"},\"url\":\"https:\/\/noti-america.com\/site\/mexico\/author\/ydiaz\/\"}]}<\/script>\n<!-- \/ Yoast SEO Premium plugin. -->","yoast_head_json":{"title":"Andrea Linardi presenta su nuevo libro \u201cMUJERES &amp; NEGOCIOS, la Inclusi\u00f3n que las Organizaciones Requieren\u201d - M\u00e9xico","robots":{"index":"index","follow":"follow","max-snippet":"max-snippet:-1","max-image-preview":"max-image-preview:large","max-video-preview":"max-video-preview:-1"},"canonical":"https:\/\/noti-america.com\/site\/mexico\/2021\/11\/17\/andrea-linardi-presenta-su-nuevo-libro-mujeres-negocios-la-inclusion-que-las-organizaciones-requieren\/","og_locale":"es_ES","og_type":"article","og_title":"Andrea Linardi presenta su nuevo libro \u201cMUJERES &amp; NEGOCIOS, la Inclusi\u00f3n que las Organizaciones Requieren\u201d","og_description":"En el marco de la Feria Internacional del libro, la empresaria, coach de negocios y escritora argentina, Andrea Linardi, presenta su libro MUJERES &amp; NEGOCIOS, una propuesta para la inclusi\u00f3n de las mujeres m\u00e1s&#46;&#46;&#46;","og_url":"https:\/\/noti-america.com\/site\/mexico\/2021\/11\/17\/andrea-linardi-presenta-su-nuevo-libro-mujeres-negocios-la-inclusion-que-las-organizaciones-requieren\/","og_site_name":"M\u00e9xico","article_published_time":"2021-11-17T17:26:13+00:00","og_image":[{"url":"https:\/\/noti-america.com\/site\/mexico\/wp-content\/uploads\/sites\/13\/2021\/11\/thumbnail_2021-Andrea-Linardi-Lk-199x300.jpg","type":"","width":"","height":""}],"author":"Yoelvzla","twitter_card":"summary_large_image","twitter_misc":{"Escrito por":"Yoelvzla","Tiempo estimado de lectura":"4 minutos"},"schema":{"@context":"https:\/\/schema.org","@graph":[{"@type":"Article","@id":"https:\/\/noti-america.com\/site\/mexico\/2021\/11\/17\/andrea-linardi-presenta-su-nuevo-libro-mujeres-negocios-la-inclusion-que-las-organizaciones-requieren\/#article","isPartOf":{"@id":"https:\/\/noti-america.com\/site\/mexico\/2021\/11\/17\/andrea-linardi-presenta-su-nuevo-libro-mujeres-negocios-la-inclusion-que-las-organizaciones-requieren\/"},"author":{"name":"Yoelvzla","@id":"https:\/\/noti-america.com\/site\/mexico\/#\/schema\/person\/376ccc7b3cc7a8d5a43c3ece07a43857"},"headline":"Andrea Linardi presenta su nuevo libro \u201cMUJERES &amp; NEGOCIOS, la Inclusi\u00f3n que las Organizaciones Requieren\u201d","datePublished":"2021-11-17T17:26:13+00:00","mainEntityOfPage":{"@id":"https:\/\/noti-america.com\/site\/mexico\/2021\/11\/17\/andrea-linardi-presenta-su-nuevo-libro-mujeres-negocios-la-inclusion-que-las-organizaciones-requieren\/"},"wordCount":760,"commentCount":0,"publisher":{"@id":"https:\/\/noti-america.com\/site\/mexico\/#organization"},"image":{"@id":"https:\/\/noti-america.com\/site\/mexico\/2021\/11\/17\/andrea-linardi-presenta-su-nuevo-libro-mujeres-negocios-la-inclusion-que-las-organizaciones-requieren\/#primaryimage"},"thumbnailUrl":"https:\/\/noti-america.com\/site\/mexico\/wp-content\/uploads\/sites\/13\/2021\/11\/thumbnail_2021-Andrea-Linardi-Lk-199x300.jpg","keywords":["#Caracas #Veenzuela"],"articleSection":["Far\u00e1ndula"],"inLanguage":"es","potentialAction":[{"@type":"CommentAction","name":"Comment","target":["https:\/\/noti-america.com\/site\/mexico\/2021\/11\/17\/andrea-linardi-presenta-su-nuevo-libro-mujeres-negocios-la-inclusion-que-las-organizaciones-requieren\/#respond"]}]},{"@type":"WebPage","@id":"https:\/\/noti-america.com\/site\/mexico\/2021\/11\/17\/andrea-linardi-presenta-su-nuevo-libro-mujeres-negocios-la-inclusion-que-las-organizaciones-requieren\/","url":"https:\/\/noti-america.com\/site\/mexico\/2021\/11\/17\/andrea-linardi-presenta-su-nuevo-libro-mujeres-negocios-la-inclusion-que-las-organizaciones-requieren\/","name":"Andrea Linardi presenta su nuevo libro \u201cMUJERES &amp; NEGOCIOS, la Inclusi\u00f3n que las Organizaciones Requieren\u201d - M\u00e9xico","isPartOf":{"@id":"https:\/\/noti-america.com\/site\/mexico\/#website"},"primaryImageOfPage":{"@id":"https:\/\/noti-america.com\/site\/mexico\/2021\/11\/17\/andrea-linardi-presenta-su-nuevo-libro-mujeres-negocios-la-inclusion-que-las-organizaciones-requieren\/#primaryimage"},"image":{"@id":"https:\/\/noti-america.com\/site\/mexico\/2021\/11\/17\/andrea-linardi-presenta-su-nuevo-libro-mujeres-negocios-la-inclusion-que-las-organizaciones-requieren\/#primaryimage"},"thumbnailUrl":"https:\/\/noti-america.com\/site\/mexico\/wp-content\/uploads\/sites\/13\/2021\/11\/thumbnail_2021-Andrea-Linardi-Lk-199x300.jpg","datePublished":"2021-11-17T17:26:13+00:00","breadcrumb":{"@id":"https:\/\/noti-america.com\/site\/mexico\/2021\/11\/17\/andrea-linardi-presenta-su-nuevo-libro-mujeres-negocios-la-inclusion-que-las-organizaciones-requieren\/#breadcrumb"},"inLanguage":"es","potentialAction":[{"@type":"ReadAction","target":["https:\/\/noti-america.com\/site\/mexico\/2021\/11\/17\/andrea-linardi-presenta-su-nuevo-libro-mujeres-negocios-la-inclusion-que-las-organizaciones-requieren\/"]}]},{"@type":"ImageObject","inLanguage":"es","@id":"https:\/\/noti-america.com\/site\/mexico\/2021\/11\/17\/andrea-linardi-presenta-su-nuevo-libro-mujeres-negocios-la-inclusion-que-las-organizaciones-requieren\/#primaryimage","url":"https:\/\/noti-america.com\/site\/mexico\/wp-content\/uploads\/sites\/13\/2021\/11\/thumbnail_2021-Andrea-Linardi-Lk.jpg","contentUrl":"https:\/\/noti-america.com\/site\/mexico\/wp-content\/uploads\/sites\/13\/2021\/11\/thumbnail_2021-Andrea-Linardi-Lk.jpg","width":847,"height":1280},{"@type":"BreadcrumbList","@id":"https:\/\/noti-america.com\/site\/mexico\/2021\/11\/17\/andrea-linardi-presenta-su-nuevo-libro-mujeres-negocios-la-inclusion-que-las-organizaciones-requieren\/#breadcrumb","itemListElement":[{"@type":"ListItem","position":1,"name":"Portada","item":"https:\/\/noti-america.com\/site\/mexico\/"},{"@type":"ListItem","position":2,"name":"Andrea Linardi presenta su nuevo libro \u201cMUJERES &amp; NEGOCIOS, la Inclusi\u00f3n que las Organizaciones Requieren\u201d"}]},{"@type":"WebSite","@id":"https:\/\/noti-america.com\/site\/mexico\/#website","url":"https:\/\/noti-america.com\/site\/mexico\/","name":"M\u00e9xico | Noti-America.com","description":"","publisher":{"@id":"https:\/\/noti-america.com\/site\/mexico\/#organization"},"potentialAction":[{"@type":"SearchAction","target":{"@type":"EntryPoint","urlTemplate":"https:\/\/noti-america.com\/site\/mexico\/?s={search_term_string}"},"query-input":{"@type":"PropertyValueSpecification","valueRequired":true,"valueName":"search_term_string"}}],"inLanguage":"es"},{"@type":"Organization","@id":"https:\/\/noti-america.com\/site\/mexico\/#organization","name":"Noti-America LLC | M\u00e9xico","url":"https:\/\/noti-america.com\/site\/mexico\/","logo":{"@type":"ImageObject","inLanguage":"es","@id":"https:\/\/noti-america.com\/site\/mexico\/#\/schema\/logo\/image\/","url":"https:\/\/noti-america.com\/site\/mexico\/wp-content\/uploads\/sites\/13\/2020\/07\/LogoNA-4x3-1.jpg","contentUrl":"https:\/\/noti-america.com\/site\/mexico\/wp-content\/uploads\/sites\/13\/2020\/07\/LogoNA-4x3-1.jpg","width":1236,"height":1080,"caption":"Noti-America LLC | M\u00e9xico"},"image":{"@id":"https:\/\/noti-america.com\/site\/mexico\/#\/schema\/logo\/image\/"}},{"@type":"Person","@id":"https:\/\/noti-america.com\/site\/mexico\/#\/schema\/person\/376ccc7b3cc7a8d5a43c3ece07a43857","name":"Yoelvzla","image":{"@type":"ImageObject","inLanguage":"es","@id":"https:\/\/secure.gravatar.com\/avatar\/13a96a72123e0e9aa76fe82e8847f726c63a1c5ef6a8d0fadd844c1a5a83b212?s=96&d=mm&r=g","url":"https:\/\/secure.gravatar.com\/avatar\/13a96a72123e0e9aa76fe82e8847f726c63a1c5ef6a8d0fadd844c1a5a83b212?s=96&d=mm&r=g","contentUrl":"https:\/\/secure.gravatar.com\/avatar\/13a96a72123e0e9aa76fe82e8847f726c63a1c5ef6a8d0fadd844c1a5a83b212?s=96&d=mm&r=g","caption":"Yoelvzla"},"url":"https:\/\/noti-america.com\/site\/mexico\/author\/ydiaz\/"}]}},"_links":{"self":[{"href":"https:\/\/noti-america.com\/site\/mexico\/wp-json\/wp\/v2\/posts\/7017","targetHints":{"allow":["GET"]}}],"collection":[{"href":"https:\/\/noti-america.com\/site\/mexico\/wp-json\/wp\/v2\/posts"}],"about":[{"href":"https:\/\/noti-america.com\/site\/mexico\/wp-json\/wp\/v2\/types\/post"}],"author":[{"embeddable":true,"href":"https:\/\/noti-america.com\/site\/mexico\/wp-json\/wp\/v2\/users\/127"}],"replies":[{"embeddable":true,"href":"https:\/\/noti-america.com\/site\/mexico\/wp-json\/wp\/v2\/comments?post=7017"}],"version-history":[{"count":1,"href":"https:\/\/noti-america.com\/site\/mexico\/wp-json\/wp\/v2\/posts\/7017\/revisions"}],"predecessor-version":[{"id":7019,"href":"https:\/\/noti-america.com\/site\/mexico\/wp-json\/wp\/v2\/posts\/7017\/revisions\/7019"}],"wp:attachment":[{"href":"https:\/\/noti-america.com\/site\/mexico\/wp-json\/wp\/v2\/media?parent=7017"}],"wp:term":[{"taxonomy":"category","embeddable":true,"href":"https:\/\/noti-america.com\/site\/mexico\/wp-json\/wp\/v2\/categories?post=7017"},{"taxonomy":"post_tag","embeddable":true,"href":"https:\/\/noti-america.com\/site\/mexico\/wp-json\/wp\/v2\/tags?post=7017"}],"curies":[{"name":"wp","href":"https:\/\/api.w.org\/{rel}","templated":true}]}}