{"id":7001,"date":"2021-11-17T15:23:20","date_gmt":"2021-11-17T15:23:20","guid":{"rendered":"https:\/\/noti-america.com\/site\/mexico\/?p=7001"},"modified":"2021-11-17T15:23:20","modified_gmt":"2021-11-17T15:23:20","slug":"yenifer-dreams-estreno-su-album-musical","status":"publish","type":"post","link":"https:\/\/noti-america.com\/site\/mexico\/2021\/11\/17\/yenifer-dreams-estreno-su-album-musical\/","title":{"rendered":"Yenifer Dreams estren\u00f3 su \u00e1lbum musical"},"content":{"rendered":"<p><img loading=\"lazy\" decoding=\"async\" class=\"alignnone size-medium wp-image-7002\" src=\"https:\/\/noti-america.com\/site\/mexico\/wp-content\/uploads\/sites\/13\/2021\/11\/thumbnail_Image-8-254x300.jpg\" alt=\"\" width=\"254\" height=\"300\" srcset=\"https:\/\/noti-america.com\/site\/mexico\/wp-content\/uploads\/sites\/13\/2021\/11\/thumbnail_Image-8-254x300.jpg 254w, https:\/\/noti-america.com\/site\/mexico\/wp-content\/uploads\/sites\/13\/2021\/11\/thumbnail_Image-8-866x1024.jpg 866w, https:\/\/noti-america.com\/site\/mexico\/wp-content\/uploads\/sites\/13\/2021\/11\/thumbnail_Image-8-768x909.jpg 768w, https:\/\/noti-america.com\/site\/mexico\/wp-content\/uploads\/sites\/13\/2021\/11\/thumbnail_Image-8.jpg 1082w\" sizes=\"auto, (max-width: 254px) 100vw, 254px\" \/><\/p>\n<p>La dj <strong>Yenifer Dreams<\/strong>, quiere conquistar los corazones de sus fans, hace unas semanas atr\u00e1s estreno su \u00e1lbum de <strong>guaracha<\/strong>, el cual ser\u00eda la primera vez en la que tuvo la colaboraci\u00f3n de <strong>Witty Management<\/strong>. El \u00e1lbum consta de 10 temas con una variedad para que el p\u00fablico se pueda distraer y disfrutar de buena m\u00fasica como caracteriza a los latinos.<\/p>\n<p>&nbsp;<\/p>\n<p><a href=\"https:\/\/www.youtube.com\/watch?v=03_IO9nJevc\">https:\/\/www.youtube.com\/watch?v=03_IO9nJevc<\/a><\/p>\n<p>Un aproximado de ocho meses llev\u00f3 a Yenifer en crear esta producci\u00f3n musical, trabajo con importantes figuras de la industria y ya se encuentra disponible en todas las plataformas 2.0, aprovecho para invitar a los internautas a descargar su \u00e1lbum as\u00ed sonar en diferentes pa\u00edses.<\/p>\n<p>&nbsp;<\/p>\n<p><a href=\"https:\/\/www.instagram.com\/p\/CWO87csPzO2\/\">https:\/\/www.instagram.com\/p\/CWO87csPzO2\/<\/a><\/p>\n<p>&nbsp;<\/p>\n<p class=\"x_MsoNormal\">\u00a0\u00a0Aunque muchos se encerraron por la pandemia, esta importante artista se encontraba trabajando para cerrar su <strong>2021<\/strong> por todo lo alto y as\u00ed arrancar el pr\u00f3ximo con el pie derecho, luego realizar\u00e1 una gira por diferentes continentes y contagiarlos con su talento.<\/p>\n<p class=\"x_MsoNormal\">\n<p class=\"x_MsoNormal\">\u00a0\u00a0Desde la red social de Instagram se muestra muy sensual y explosiva dejando a m\u00e1s de uno con la boca abierta por sus exuberantes curvas.<\/p>\n","protected":false},"excerpt":{"rendered":"<p>La dj Yenifer Dreams, quiere conquistar los corazones de sus fans, hace unas semanas atr\u00e1s estreno su \u00e1lbum de guaracha, el cual ser\u00eda la primera vez en la que tuvo la colaboraci\u00f3n de Witty&#46;&#46;&#46;<\/p>\n","protected":false},"author":127,"featured_media":0,"comment_status":"open","ping_status":"open","sticky":false,"template":"","format":"standard","meta":{"_acf_changed":false,"om_disable_all_campaigns":false,"rop_custom_images_group":[],"rop_custom_messages_group":[],"rop_publish_now":"initial","rop_publish_now_accounts":{"twitter_242054905_242054905":""},"rop_publish_now_history":[],"rop_publish_now_status":"pending","_uf_show_specific_survey":0,"_uf_disable_surveys":false,"footnotes":""},"categories":[56],"tags":[822],"class_list":["post-7001","post","type-post","status-publish","format-standard","hentry","category-farandula","tag-mexico-guaracha-colombia"],"acf":[],"aioseo_notices":[],"yoast_head":"<!-- This site is optimized with the Yoast SEO Premium plugin v24.9 (Yoast SEO v27.2) - https:\/\/yoast.com\/product\/yoast-seo-premium-wordpress\/ -->\n<title>Yenifer Dreams estren\u00f3 su \u00e1lbum musical - M\u00e9xico<\/title>\n<meta name=\"robots\" content=\"index, follow, max-snippet:-1, max-image-preview:large, max-video-preview:-1\" \/>\n<link rel=\"canonical\" href=\"https:\/\/noti-america.com\/site\/mexico\/2021\/11\/17\/yenifer-dreams-estreno-su-album-musical\/\" \/>\n<meta property=\"og:locale\" content=\"es_ES\" \/>\n<meta property=\"og:type\" content=\"article\" \/>\n<meta property=\"og:title\" content=\"Yenifer Dreams estren\u00f3 su \u00e1lbum musical\" \/>\n<meta property=\"og:description\" content=\"La dj Yenifer Dreams, quiere conquistar los corazones de sus fans, hace unas semanas atr\u00e1s estreno su \u00e1lbum de guaracha, el cual ser\u00eda la primera vez en la que tuvo la colaboraci\u00f3n de Witty&#046;&#046;&#046;\" \/>\n<meta property=\"og:url\" content=\"https:\/\/noti-america.com\/site\/mexico\/2021\/11\/17\/yenifer-dreams-estreno-su-album-musical\/\" \/>\n<meta property=\"og:site_name\" content=\"M\u00e9xico\" \/>\n<meta property=\"article:published_time\" content=\"2021-11-17T15:23:20+00:00\" \/>\n<meta property=\"og:image\" content=\"https:\/\/noti-america.com\/site\/mexico\/wp-content\/uploads\/sites\/13\/2021\/11\/thumbnail_Image-8-254x300.jpg\" \/>\n<meta name=\"author\" content=\"Yoelvzla\" \/>\n<meta name=\"twitter:card\" content=\"summary_large_image\" \/>\n<meta name=\"twitter:label1\" content=\"Escrito por\" \/>\n\t<meta name=\"twitter:data1\" content=\"Yoelvzla\" \/>\n\t<meta name=\"twitter:label2\" content=\"Tiempo estimado de lectura\" \/>\n\t<meta name=\"twitter:data2\" content=\"1 minuto\" \/>\n<script type=\"application\/ld+json\" class=\"yoast-schema-graph\">{\"@context\":\"https:\/\/schema.org\",\"@graph\":[{\"@type\":\"Article\",\"@id\":\"https:\/\/noti-america.com\/site\/mexico\/2021\/11\/17\/yenifer-dreams-estreno-su-album-musical\/#article\",\"isPartOf\":{\"@id\":\"https:\/\/noti-america.com\/site\/mexico\/2021\/11\/17\/yenifer-dreams-estreno-su-album-musical\/\"},\"author\":{\"name\":\"Yoelvzla\",\"@id\":\"https:\/\/noti-america.com\/site\/mexico\/#\/schema\/person\/376ccc7b3cc7a8d5a43c3ece07a43857\"},\"headline\":\"Yenifer Dreams estren\u00f3 su \u00e1lbum musical\",\"datePublished\":\"2021-11-17T15:23:20+00:00\",\"mainEntityOfPage\":{\"@id\":\"https:\/\/noti-america.com\/site\/mexico\/2021\/11\/17\/yenifer-dreams-estreno-su-album-musical\/\"},\"wordCount\":203,\"commentCount\":0,\"publisher\":{\"@id\":\"https:\/\/noti-america.com\/site\/mexico\/#organization\"},\"image\":{\"@id\":\"https:\/\/noti-america.com\/site\/mexico\/2021\/11\/17\/yenifer-dreams-estreno-su-album-musical\/#primaryimage\"},\"thumbnailUrl\":\"https:\/\/noti-america.com\/site\/mexico\/wp-content\/uploads\/sites\/13\/2021\/11\/thumbnail_Image-8-254x300.jpg\",\"keywords\":[\"#Mexico #Guaracha #Colombia\"],\"articleSection\":[\"Far\u00e1ndula\"],\"inLanguage\":\"es\",\"potentialAction\":[{\"@type\":\"CommentAction\",\"name\":\"Comment\",\"target\":[\"https:\/\/noti-america.com\/site\/mexico\/2021\/11\/17\/yenifer-dreams-estreno-su-album-musical\/#respond\"]}]},{\"@type\":\"WebPage\",\"@id\":\"https:\/\/noti-america.com\/site\/mexico\/2021\/11\/17\/yenifer-dreams-estreno-su-album-musical\/\",\"url\":\"https:\/\/noti-america.com\/site\/mexico\/2021\/11\/17\/yenifer-dreams-estreno-su-album-musical\/\",\"name\":\"Yenifer Dreams estren\u00f3 su \u00e1lbum musical - M\u00e9xico\",\"isPartOf\":{\"@id\":\"https:\/\/noti-america.com\/site\/mexico\/#website\"},\"primaryImageOfPage\":{\"@id\":\"https:\/\/noti-america.com\/site\/mexico\/2021\/11\/17\/yenifer-dreams-estreno-su-album-musical\/#primaryimage\"},\"image\":{\"@id\":\"https:\/\/noti-america.com\/site\/mexico\/2021\/11\/17\/yenifer-dreams-estreno-su-album-musical\/#primaryimage\"},\"thumbnailUrl\":\"https:\/\/noti-america.com\/site\/mexico\/wp-content\/uploads\/sites\/13\/2021\/11\/thumbnail_Image-8-254x300.jpg\",\"datePublished\":\"2021-11-17T15:23:20+00:00\",\"breadcrumb\":{\"@id\":\"https:\/\/noti-america.com\/site\/mexico\/2021\/11\/17\/yenifer-dreams-estreno-su-album-musical\/#breadcrumb\"},\"inLanguage\":\"es\",\"potentialAction\":[{\"@type\":\"ReadAction\",\"target\":[\"https:\/\/noti-america.com\/site\/mexico\/2021\/11\/17\/yenifer-dreams-estreno-su-album-musical\/\"]}]},{\"@type\":\"ImageObject\",\"inLanguage\":\"es\",\"@id\":\"https:\/\/noti-america.com\/site\/mexico\/2021\/11\/17\/yenifer-dreams-estreno-su-album-musical\/#primaryimage\",\"url\":\"https:\/\/noti-america.com\/site\/mexico\/wp-content\/uploads\/sites\/13\/2021\/11\/thumbnail_Image-8.jpg\",\"contentUrl\":\"https:\/\/noti-america.com\/site\/mexico\/wp-content\/uploads\/sites\/13\/2021\/11\/thumbnail_Image-8.jpg\",\"width\":1082,\"height\":1280},{\"@type\":\"BreadcrumbList\",\"@id\":\"https:\/\/noti-america.com\/site\/mexico\/2021\/11\/17\/yenifer-dreams-estreno-su-album-musical\/#breadcrumb\",\"itemListElement\":[{\"@type\":\"ListItem\",\"position\":1,\"name\":\"Portada\",\"item\":\"https:\/\/noti-america.com\/site\/mexico\/\"},{\"@type\":\"ListItem\",\"position\":2,\"name\":\"Yenifer Dreams estren\u00f3 su \u00e1lbum musical\"}]},{\"@type\":\"WebSite\",\"@id\":\"https:\/\/noti-america.com\/site\/mexico\/#website\",\"url\":\"https:\/\/noti-america.com\/site\/mexico\/\",\"name\":\"M\u00e9xico | Noti-America.com\",\"description\":\"\",\"publisher\":{\"@id\":\"https:\/\/noti-america.com\/site\/mexico\/#organization\"},\"potentialAction\":[{\"@type\":\"SearchAction\",\"target\":{\"@type\":\"EntryPoint\",\"urlTemplate\":\"https:\/\/noti-america.com\/site\/mexico\/?s={search_term_string}\"},\"query-input\":{\"@type\":\"PropertyValueSpecification\",\"valueRequired\":true,\"valueName\":\"search_term_string\"}}],\"inLanguage\":\"es\"},{\"@type\":\"Organization\",\"@id\":\"https:\/\/noti-america.com\/site\/mexico\/#organization\",\"name\":\"Noti-America LLC | M\u00e9xico\",\"url\":\"https:\/\/noti-america.com\/site\/mexico\/\",\"logo\":{\"@type\":\"ImageObject\",\"inLanguage\":\"es\",\"@id\":\"https:\/\/noti-america.com\/site\/mexico\/#\/schema\/logo\/image\/\",\"url\":\"https:\/\/noti-america.com\/site\/mexico\/wp-content\/uploads\/sites\/13\/2020\/07\/LogoNA-4x3-1.jpg\",\"contentUrl\":\"https:\/\/noti-america.com\/site\/mexico\/wp-content\/uploads\/sites\/13\/2020\/07\/LogoNA-4x3-1.jpg\",\"width\":1236,\"height\":1080,\"caption\":\"Noti-America LLC | M\u00e9xico\"},\"image\":{\"@id\":\"https:\/\/noti-america.com\/site\/mexico\/#\/schema\/logo\/image\/\"}},{\"@type\":\"Person\",\"@id\":\"https:\/\/noti-america.com\/site\/mexico\/#\/schema\/person\/376ccc7b3cc7a8d5a43c3ece07a43857\",\"name\":\"Yoelvzla\",\"image\":{\"@type\":\"ImageObject\",\"inLanguage\":\"es\",\"@id\":\"https:\/\/secure.gravatar.com\/avatar\/13a96a72123e0e9aa76fe82e8847f726c63a1c5ef6a8d0fadd844c1a5a83b212?s=96&d=mm&r=g\",\"url\":\"https:\/\/secure.gravatar.com\/avatar\/13a96a72123e0e9aa76fe82e8847f726c63a1c5ef6a8d0fadd844c1a5a83b212?s=96&d=mm&r=g\",\"contentUrl\":\"https:\/\/secure.gravatar.com\/avatar\/13a96a72123e0e9aa76fe82e8847f726c63a1c5ef6a8d0fadd844c1a5a83b212?s=96&d=mm&r=g\",\"caption\":\"Yoelvzla\"},\"url\":\"https:\/\/noti-america.com\/site\/mexico\/author\/ydiaz\/\"}]}<\/script>\n<!-- \/ Yoast SEO Premium plugin. -->","yoast_head_json":{"title":"Yenifer Dreams estren\u00f3 su \u00e1lbum musical - M\u00e9xico","robots":{"index":"index","follow":"follow","max-snippet":"max-snippet:-1","max-image-preview":"max-image-preview:large","max-video-preview":"max-video-preview:-1"},"canonical":"https:\/\/noti-america.com\/site\/mexico\/2021\/11\/17\/yenifer-dreams-estreno-su-album-musical\/","og_locale":"es_ES","og_type":"article","og_title":"Yenifer Dreams estren\u00f3 su \u00e1lbum musical","og_description":"La dj Yenifer Dreams, quiere conquistar los corazones de sus fans, hace unas semanas atr\u00e1s estreno su \u00e1lbum de guaracha, el cual ser\u00eda la primera vez en la que tuvo la colaboraci\u00f3n de Witty&#46;&#46;&#46;","og_url":"https:\/\/noti-america.com\/site\/mexico\/2021\/11\/17\/yenifer-dreams-estreno-su-album-musical\/","og_site_name":"M\u00e9xico","article_published_time":"2021-11-17T15:23:20+00:00","og_image":[{"url":"https:\/\/noti-america.com\/site\/mexico\/wp-content\/uploads\/sites\/13\/2021\/11\/thumbnail_Image-8-254x300.jpg","type":"","width":"","height":""}],"author":"Yoelvzla","twitter_card":"summary_large_image","twitter_misc":{"Escrito por":"Yoelvzla","Tiempo estimado de lectura":"1 minuto"},"schema":{"@context":"https:\/\/schema.org","@graph":[{"@type":"Article","@id":"https:\/\/noti-america.com\/site\/mexico\/2021\/11\/17\/yenifer-dreams-estreno-su-album-musical\/#article","isPartOf":{"@id":"https:\/\/noti-america.com\/site\/mexico\/2021\/11\/17\/yenifer-dreams-estreno-su-album-musical\/"},"author":{"name":"Yoelvzla","@id":"https:\/\/noti-america.com\/site\/mexico\/#\/schema\/person\/376ccc7b3cc7a8d5a43c3ece07a43857"},"headline":"Yenifer Dreams estren\u00f3 su \u00e1lbum musical","datePublished":"2021-11-17T15:23:20+00:00","mainEntityOfPage":{"@id":"https:\/\/noti-america.com\/site\/mexico\/2021\/11\/17\/yenifer-dreams-estreno-su-album-musical\/"},"wordCount":203,"commentCount":0,"publisher":{"@id":"https:\/\/noti-america.com\/site\/mexico\/#organization"},"image":{"@id":"https:\/\/noti-america.com\/site\/mexico\/2021\/11\/17\/yenifer-dreams-estreno-su-album-musical\/#primaryimage"},"thumbnailUrl":"https:\/\/noti-america.com\/site\/mexico\/wp-content\/uploads\/sites\/13\/2021\/11\/thumbnail_Image-8-254x300.jpg","keywords":["#Mexico #Guaracha #Colombia"],"articleSection":["Far\u00e1ndula"],"inLanguage":"es","potentialAction":[{"@type":"CommentAction","name":"Comment","target":["https:\/\/noti-america.com\/site\/mexico\/2021\/11\/17\/yenifer-dreams-estreno-su-album-musical\/#respond"]}]},{"@type":"WebPage","@id":"https:\/\/noti-america.com\/site\/mexico\/2021\/11\/17\/yenifer-dreams-estreno-su-album-musical\/","url":"https:\/\/noti-america.com\/site\/mexico\/2021\/11\/17\/yenifer-dreams-estreno-su-album-musical\/","name":"Yenifer Dreams estren\u00f3 su \u00e1lbum musical - M\u00e9xico","isPartOf":{"@id":"https:\/\/noti-america.com\/site\/mexico\/#website"},"primaryImageOfPage":{"@id":"https:\/\/noti-america.com\/site\/mexico\/2021\/11\/17\/yenifer-dreams-estreno-su-album-musical\/#primaryimage"},"image":{"@id":"https:\/\/noti-america.com\/site\/mexico\/2021\/11\/17\/yenifer-dreams-estreno-su-album-musical\/#primaryimage"},"thumbnailUrl":"https:\/\/noti-america.com\/site\/mexico\/wp-content\/uploads\/sites\/13\/2021\/11\/thumbnail_Image-8-254x300.jpg","datePublished":"2021-11-17T15:23:20+00:00","breadcrumb":{"@id":"https:\/\/noti-america.com\/site\/mexico\/2021\/11\/17\/yenifer-dreams-estreno-su-album-musical\/#breadcrumb"},"inLanguage":"es","potentialAction":[{"@type":"ReadAction","target":["https:\/\/noti-america.com\/site\/mexico\/2021\/11\/17\/yenifer-dreams-estreno-su-album-musical\/"]}]},{"@type":"ImageObject","inLanguage":"es","@id":"https:\/\/noti-america.com\/site\/mexico\/2021\/11\/17\/yenifer-dreams-estreno-su-album-musical\/#primaryimage","url":"https:\/\/noti-america.com\/site\/mexico\/wp-content\/uploads\/sites\/13\/2021\/11\/thumbnail_Image-8.jpg","contentUrl":"https:\/\/noti-america.com\/site\/mexico\/wp-content\/uploads\/sites\/13\/2021\/11\/thumbnail_Image-8.jpg","width":1082,"height":1280},{"@type":"BreadcrumbList","@id":"https:\/\/noti-america.com\/site\/mexico\/2021\/11\/17\/yenifer-dreams-estreno-su-album-musical\/#breadcrumb","itemListElement":[{"@type":"ListItem","position":1,"name":"Portada","item":"https:\/\/noti-america.com\/site\/mexico\/"},{"@type":"ListItem","position":2,"name":"Yenifer Dreams estren\u00f3 su \u00e1lbum musical"}]},{"@type":"WebSite","@id":"https:\/\/noti-america.com\/site\/mexico\/#website","url":"https:\/\/noti-america.com\/site\/mexico\/","name":"M\u00e9xico | Noti-America.com","description":"","publisher":{"@id":"https:\/\/noti-america.com\/site\/mexico\/#organization"},"potentialAction":[{"@type":"SearchAction","target":{"@type":"EntryPoint","urlTemplate":"https:\/\/noti-america.com\/site\/mexico\/?s={search_term_string}"},"query-input":{"@type":"PropertyValueSpecification","valueRequired":true,"valueName":"search_term_string"}}],"inLanguage":"es"},{"@type":"Organization","@id":"https:\/\/noti-america.com\/site\/mexico\/#organization","name":"Noti-America LLC | M\u00e9xico","url":"https:\/\/noti-america.com\/site\/mexico\/","logo":{"@type":"ImageObject","inLanguage":"es","@id":"https:\/\/noti-america.com\/site\/mexico\/#\/schema\/logo\/image\/","url":"https:\/\/noti-america.com\/site\/mexico\/wp-content\/uploads\/sites\/13\/2020\/07\/LogoNA-4x3-1.jpg","contentUrl":"https:\/\/noti-america.com\/site\/mexico\/wp-content\/uploads\/sites\/13\/2020\/07\/LogoNA-4x3-1.jpg","width":1236,"height":1080,"caption":"Noti-America LLC | M\u00e9xico"},"image":{"@id":"https:\/\/noti-america.com\/site\/mexico\/#\/schema\/logo\/image\/"}},{"@type":"Person","@id":"https:\/\/noti-america.com\/site\/mexico\/#\/schema\/person\/376ccc7b3cc7a8d5a43c3ece07a43857","name":"Yoelvzla","image":{"@type":"ImageObject","inLanguage":"es","@id":"https:\/\/secure.gravatar.com\/avatar\/13a96a72123e0e9aa76fe82e8847f726c63a1c5ef6a8d0fadd844c1a5a83b212?s=96&d=mm&r=g","url":"https:\/\/secure.gravatar.com\/avatar\/13a96a72123e0e9aa76fe82e8847f726c63a1c5ef6a8d0fadd844c1a5a83b212?s=96&d=mm&r=g","contentUrl":"https:\/\/secure.gravatar.com\/avatar\/13a96a72123e0e9aa76fe82e8847f726c63a1c5ef6a8d0fadd844c1a5a83b212?s=96&d=mm&r=g","caption":"Yoelvzla"},"url":"https:\/\/noti-america.com\/site\/mexico\/author\/ydiaz\/"}]}},"_links":{"self":[{"href":"https:\/\/noti-america.com\/site\/mexico\/wp-json\/wp\/v2\/posts\/7001","targetHints":{"allow":["GET"]}}],"collection":[{"href":"https:\/\/noti-america.com\/site\/mexico\/wp-json\/wp\/v2\/posts"}],"about":[{"href":"https:\/\/noti-america.com\/site\/mexico\/wp-json\/wp\/v2\/types\/post"}],"author":[{"embeddable":true,"href":"https:\/\/noti-america.com\/site\/mexico\/wp-json\/wp\/v2\/users\/127"}],"replies":[{"embeddable":true,"href":"https:\/\/noti-america.com\/site\/mexico\/wp-json\/wp\/v2\/comments?post=7001"}],"version-history":[{"count":1,"href":"https:\/\/noti-america.com\/site\/mexico\/wp-json\/wp\/v2\/posts\/7001\/revisions"}],"predecessor-version":[{"id":7003,"href":"https:\/\/noti-america.com\/site\/mexico\/wp-json\/wp\/v2\/posts\/7001\/revisions\/7003"}],"wp:attachment":[{"href":"https:\/\/noti-america.com\/site\/mexico\/wp-json\/wp\/v2\/media?parent=7001"}],"wp:term":[{"taxonomy":"category","embeddable":true,"href":"https:\/\/noti-america.com\/site\/mexico\/wp-json\/wp\/v2\/categories?post=7001"},{"taxonomy":"post_tag","embeddable":true,"href":"https:\/\/noti-america.com\/site\/mexico\/wp-json\/wp\/v2\/tags?post=7001"}],"curies":[{"name":"wp","href":"https:\/\/api.w.org\/{rel}","templated":true}]}}