{"id":6959,"date":"2021-11-13T01:52:30","date_gmt":"2021-11-13T01:52:30","guid":{"rendered":"https:\/\/noti-america.com\/site\/mexico\/?p=6959"},"modified":"2021-11-13T01:54:42","modified_gmt":"2021-11-13T01:54:42","slug":"om-designer-deslumbra-en-la-gala-del-reinado-de-la-feria-de-la-chinita-en-veenzuea","status":"publish","type":"post","link":"https:\/\/noti-america.com\/site\/mexico\/2021\/11\/13\/om-designer-deslumbra-en-la-gala-del-reinado-de-la-feria-de-la-chinita-en-veenzuea\/","title":{"rendered":"OM Designer deslumbra en la gala del Reinado de la Feria de la Chinita en Venezuela"},"content":{"rendered":"<p><img loading=\"lazy\" decoding=\"async\" class=\"alignnone size-medium wp-image-6960\" src=\"https:\/\/noti-america.com\/site\/mexico\/wp-content\/uploads\/sites\/13\/2021\/11\/thumbnail_IMG-20211111-WA0091-300x200.jpg\" alt=\"\" width=\"300\" height=\"200\" srcset=\"https:\/\/noti-america.com\/site\/mexico\/wp-content\/uploads\/sites\/13\/2021\/11\/thumbnail_IMG-20211111-WA0091-300x200.jpg 300w, https:\/\/noti-america.com\/site\/mexico\/wp-content\/uploads\/sites\/13\/2021\/11\/thumbnail_IMG-20211111-WA0091-1024x683.jpg 1024w, https:\/\/noti-america.com\/site\/mexico\/wp-content\/uploads\/sites\/13\/2021\/11\/thumbnail_IMG-20211111-WA0091-768x512.jpg 768w, https:\/\/noti-america.com\/site\/mexico\/wp-content\/uploads\/sites\/13\/2021\/11\/thumbnail_IMG-20211111-WA0091-272x182.jpg 272w, https:\/\/noti-america.com\/site\/mexico\/wp-content\/uploads\/sites\/13\/2021\/11\/thumbnail_IMG-20211111-WA0091.jpg 1080w\" sizes=\"auto, (max-width: 300px) 100vw, 300px\" \/><\/p>\n<div dir=\"auto\">Con una perfecta fusi\u00f3n de moda y arte, la empresaria y dise\u00f1adora zuliana, Omaira Molero, CEO de OM Designer, cautiv\u00f3 a todos los presentes con un opening y una original producci\u00f3n en el desfile de traje de ba\u00f1o con Maracaibo y las 21 candidatas del Reinado de la Feria Internacional de La Chinita como protagonistas.<\/div>\n<div dir=\"auto\"><\/div>\n<div dir=\"auto\">Para el opening, las concursantes vistieron unas hermosas mantas goajiras dise\u00f1adas por la zuliana, elaboradas en chiffon de seda y bordadas en lentejuelas con los colores alusivos al arco\u00edris.<\/div>\n<div dir=\"auto\"><\/div>\n<div dir=\"auto\">De igual forma, m\u00e1s adelante en la Gala Final, las 21 aspirantes a la corona lucieron los trajes de ba\u00f1o de OM Designer con los mismos alegres colores y una curiosa capa negra, que al desplegarse, sorprendi\u00f3 a todos los presentes con la innovadora propuesta de la marca.<\/div>\n<div dir=\"auto\"><\/div>\n<div dir=\"auto\">Algunas capas ten\u00edan una letra, que al unirlas completaban el nombre de la capital del Zulia, \u201cMaracaibo\u201d. Adem\u00e1s, como parte de la carta de presentaci\u00f3n de OM Designer, otras llevaban impresa fotograf\u00edas de la ciudad con un borde art\u00edstico para completar el desfile sin precedentes y dejar a todos boquiabiertos.<\/div>\n<div dir=\"auto\"><\/div>\n<div dir=\"auto\">Este trabajo fue elaborado gracias a la innovadora tecnolog\u00eda textil de la marca, que prepara el lanzamiento de su nueva colecci\u00f3n inspirada en Maracaibo.<\/div>\n<div dir=\"auto\"><\/div>\n<div dir=\"auto\">Durante el show, la dise\u00f1adora marabina recibi\u00f3 un reconocimiento por la \u201cespectacular labor\u201d durante la quincuag\u00e9sima quinta edici\u00f3n del Reinado Internacional de la Feria de La Chinita.<\/div>\n","protected":false},"excerpt":{"rendered":"<p>Con una perfecta fusi\u00f3n de moda y arte, la empresaria y dise\u00f1adora zuliana, Omaira Molero, CEO de OM Designer, cautiv\u00f3 a todos los presentes con un opening y una original producci\u00f3n en el desfile&#46;&#46;&#46;<\/p>\n","protected":false},"author":127,"featured_media":0,"comment_status":"open","ping_status":"open","sticky":false,"template":"","format":"standard","meta":{"_acf_changed":false,"om_disable_all_campaigns":false,"rop_custom_images_group":[],"rop_custom_messages_group":[],"rop_publish_now":"initial","rop_publish_now_accounts":{"twitter_242054905_242054905":""},"rop_publish_now_history":[],"rop_publish_now_status":"pending","_uf_show_specific_survey":0,"_uf_disable_surveys":false,"footnotes":""},"categories":[417],"tags":[820],"class_list":["post-6959","post","type-post","status-publish","format-standard","hentry","category-venezuela","tag-chinita"],"acf":[],"aioseo_notices":[],"yoast_head":"<!-- This site is optimized with the Yoast SEO Premium plugin v24.9 (Yoast SEO v27.2) - https:\/\/yoast.com\/product\/yoast-seo-premium-wordpress\/ -->\n<title>OM Designer deslumbra en la gala del Reinado de la Feria de la Chinita en Venezuela - M\u00e9xico<\/title>\n<meta name=\"robots\" content=\"index, follow, max-snippet:-1, max-image-preview:large, max-video-preview:-1\" \/>\n<link rel=\"canonical\" href=\"https:\/\/noti-america.com\/site\/mexico\/2021\/11\/13\/om-designer-deslumbra-en-la-gala-del-reinado-de-la-feria-de-la-chinita-en-veenzuea\/\" \/>\n<meta property=\"og:locale\" content=\"es_ES\" \/>\n<meta property=\"og:type\" content=\"article\" \/>\n<meta property=\"og:title\" content=\"OM Designer deslumbra en la gala del Reinado de la Feria de la Chinita en Venezuela\" \/>\n<meta property=\"og:description\" content=\"Con una perfecta fusi\u00f3n de moda y arte, la empresaria y dise\u00f1adora zuliana, Omaira Molero, CEO de OM Designer, cautiv\u00f3 a todos los presentes con un opening y una original producci\u00f3n en el desfile&#046;&#046;&#046;\" \/>\n<meta property=\"og:url\" content=\"https:\/\/noti-america.com\/site\/mexico\/2021\/11\/13\/om-designer-deslumbra-en-la-gala-del-reinado-de-la-feria-de-la-chinita-en-veenzuea\/\" \/>\n<meta property=\"og:site_name\" content=\"M\u00e9xico\" \/>\n<meta property=\"article:published_time\" content=\"2021-11-13T01:52:30+00:00\" \/>\n<meta property=\"article:modified_time\" content=\"2021-11-13T01:54:42+00:00\" \/>\n<meta property=\"og:image\" content=\"https:\/\/noti-america.com\/site\/mexico\/wp-content\/uploads\/sites\/13\/2021\/11\/thumbnail_IMG-20211111-WA0091-300x200.jpg\" \/>\n<meta name=\"author\" content=\"Yoelvzla\" \/>\n<meta name=\"twitter:card\" content=\"summary_large_image\" \/>\n<meta name=\"twitter:label1\" content=\"Escrito por\" \/>\n\t<meta name=\"twitter:data1\" content=\"Yoelvzla\" \/>\n\t<meta name=\"twitter:label2\" content=\"Tiempo estimado de lectura\" \/>\n\t<meta name=\"twitter:data2\" content=\"1 minuto\" \/>\n<script type=\"application\/ld+json\" class=\"yoast-schema-graph\">{\"@context\":\"https:\/\/schema.org\",\"@graph\":[{\"@type\":\"Article\",\"@id\":\"https:\/\/noti-america.com\/site\/mexico\/2021\/11\/13\/om-designer-deslumbra-en-la-gala-del-reinado-de-la-feria-de-la-chinita-en-veenzuea\/#article\",\"isPartOf\":{\"@id\":\"https:\/\/noti-america.com\/site\/mexico\/2021\/11\/13\/om-designer-deslumbra-en-la-gala-del-reinado-de-la-feria-de-la-chinita-en-veenzuea\/\"},\"author\":{\"name\":\"Yoelvzla\",\"@id\":\"https:\/\/noti-america.com\/site\/mexico\/#\/schema\/person\/376ccc7b3cc7a8d5a43c3ece07a43857\"},\"headline\":\"OM Designer deslumbra en la gala del Reinado de la Feria de la Chinita en Venezuela\",\"datePublished\":\"2021-11-13T01:52:30+00:00\",\"dateModified\":\"2021-11-13T01:54:42+00:00\",\"mainEntityOfPage\":{\"@id\":\"https:\/\/noti-america.com\/site\/mexico\/2021\/11\/13\/om-designer-deslumbra-en-la-gala-del-reinado-de-la-feria-de-la-chinita-en-veenzuea\/\"},\"wordCount\":265,\"commentCount\":0,\"publisher\":{\"@id\":\"https:\/\/noti-america.com\/site\/mexico\/#organization\"},\"image\":{\"@id\":\"https:\/\/noti-america.com\/site\/mexico\/2021\/11\/13\/om-designer-deslumbra-en-la-gala-del-reinado-de-la-feria-de-la-chinita-en-veenzuea\/#primaryimage\"},\"thumbnailUrl\":\"https:\/\/noti-america.com\/site\/mexico\/wp-content\/uploads\/sites\/13\/2021\/11\/thumbnail_IMG-20211111-WA0091-300x200.jpg\",\"keywords\":[\"#Chinita\"],\"articleSection\":[\"Venezuela\"],\"inLanguage\":\"es\",\"potentialAction\":[{\"@type\":\"CommentAction\",\"name\":\"Comment\",\"target\":[\"https:\/\/noti-america.com\/site\/mexico\/2021\/11\/13\/om-designer-deslumbra-en-la-gala-del-reinado-de-la-feria-de-la-chinita-en-veenzuea\/#respond\"]}]},{\"@type\":\"WebPage\",\"@id\":\"https:\/\/noti-america.com\/site\/mexico\/2021\/11\/13\/om-designer-deslumbra-en-la-gala-del-reinado-de-la-feria-de-la-chinita-en-veenzuea\/\",\"url\":\"https:\/\/noti-america.com\/site\/mexico\/2021\/11\/13\/om-designer-deslumbra-en-la-gala-del-reinado-de-la-feria-de-la-chinita-en-veenzuea\/\",\"name\":\"OM Designer deslumbra en la gala del Reinado de la Feria de la Chinita en Venezuela - M\u00e9xico\",\"isPartOf\":{\"@id\":\"https:\/\/noti-america.com\/site\/mexico\/#website\"},\"primaryImageOfPage\":{\"@id\":\"https:\/\/noti-america.com\/site\/mexico\/2021\/11\/13\/om-designer-deslumbra-en-la-gala-del-reinado-de-la-feria-de-la-chinita-en-veenzuea\/#primaryimage\"},\"image\":{\"@id\":\"https:\/\/noti-america.com\/site\/mexico\/2021\/11\/13\/om-designer-deslumbra-en-la-gala-del-reinado-de-la-feria-de-la-chinita-en-veenzuea\/#primaryimage\"},\"thumbnailUrl\":\"https:\/\/noti-america.com\/site\/mexico\/wp-content\/uploads\/sites\/13\/2021\/11\/thumbnail_IMG-20211111-WA0091-300x200.jpg\",\"datePublished\":\"2021-11-13T01:52:30+00:00\",\"dateModified\":\"2021-11-13T01:54:42+00:00\",\"breadcrumb\":{\"@id\":\"https:\/\/noti-america.com\/site\/mexico\/2021\/11\/13\/om-designer-deslumbra-en-la-gala-del-reinado-de-la-feria-de-la-chinita-en-veenzuea\/#breadcrumb\"},\"inLanguage\":\"es\",\"potentialAction\":[{\"@type\":\"ReadAction\",\"target\":[\"https:\/\/noti-america.com\/site\/mexico\/2021\/11\/13\/om-designer-deslumbra-en-la-gala-del-reinado-de-la-feria-de-la-chinita-en-veenzuea\/\"]}]},{\"@type\":\"ImageObject\",\"inLanguage\":\"es\",\"@id\":\"https:\/\/noti-america.com\/site\/mexico\/2021\/11\/13\/om-designer-deslumbra-en-la-gala-del-reinado-de-la-feria-de-la-chinita-en-veenzuea\/#primaryimage\",\"url\":\"https:\/\/noti-america.com\/site\/mexico\/wp-content\/uploads\/sites\/13\/2021\/11\/thumbnail_IMG-20211111-WA0091.jpg\",\"contentUrl\":\"https:\/\/noti-america.com\/site\/mexico\/wp-content\/uploads\/sites\/13\/2021\/11\/thumbnail_IMG-20211111-WA0091.jpg\",\"width\":1080,\"height\":720},{\"@type\":\"BreadcrumbList\",\"@id\":\"https:\/\/noti-america.com\/site\/mexico\/2021\/11\/13\/om-designer-deslumbra-en-la-gala-del-reinado-de-la-feria-de-la-chinita-en-veenzuea\/#breadcrumb\",\"itemListElement\":[{\"@type\":\"ListItem\",\"position\":1,\"name\":\"Portada\",\"item\":\"https:\/\/noti-america.com\/site\/mexico\/\"},{\"@type\":\"ListItem\",\"position\":2,\"name\":\"OM Designer deslumbra en la gala del Reinado de la Feria de la Chinita en Venezuela\"}]},{\"@type\":\"WebSite\",\"@id\":\"https:\/\/noti-america.com\/site\/mexico\/#website\",\"url\":\"https:\/\/noti-america.com\/site\/mexico\/\",\"name\":\"M\u00e9xico | Noti-America.com\",\"description\":\"\",\"publisher\":{\"@id\":\"https:\/\/noti-america.com\/site\/mexico\/#organization\"},\"potentialAction\":[{\"@type\":\"SearchAction\",\"target\":{\"@type\":\"EntryPoint\",\"urlTemplate\":\"https:\/\/noti-america.com\/site\/mexico\/?s={search_term_string}\"},\"query-input\":{\"@type\":\"PropertyValueSpecification\",\"valueRequired\":true,\"valueName\":\"search_term_string\"}}],\"inLanguage\":\"es\"},{\"@type\":\"Organization\",\"@id\":\"https:\/\/noti-america.com\/site\/mexico\/#organization\",\"name\":\"Noti-America LLC | M\u00e9xico\",\"url\":\"https:\/\/noti-america.com\/site\/mexico\/\",\"logo\":{\"@type\":\"ImageObject\",\"inLanguage\":\"es\",\"@id\":\"https:\/\/noti-america.com\/site\/mexico\/#\/schema\/logo\/image\/\",\"url\":\"https:\/\/noti-america.com\/site\/mexico\/wp-content\/uploads\/sites\/13\/2020\/07\/LogoNA-4x3-1.jpg\",\"contentUrl\":\"https:\/\/noti-america.com\/site\/mexico\/wp-content\/uploads\/sites\/13\/2020\/07\/LogoNA-4x3-1.jpg\",\"width\":1236,\"height\":1080,\"caption\":\"Noti-America LLC | M\u00e9xico\"},\"image\":{\"@id\":\"https:\/\/noti-america.com\/site\/mexico\/#\/schema\/logo\/image\/\"}},{\"@type\":\"Person\",\"@id\":\"https:\/\/noti-america.com\/site\/mexico\/#\/schema\/person\/376ccc7b3cc7a8d5a43c3ece07a43857\",\"name\":\"Yoelvzla\",\"image\":{\"@type\":\"ImageObject\",\"inLanguage\":\"es\",\"@id\":\"https:\/\/secure.gravatar.com\/avatar\/13a96a72123e0e9aa76fe82e8847f726c63a1c5ef6a8d0fadd844c1a5a83b212?s=96&d=mm&r=g\",\"url\":\"https:\/\/secure.gravatar.com\/avatar\/13a96a72123e0e9aa76fe82e8847f726c63a1c5ef6a8d0fadd844c1a5a83b212?s=96&d=mm&r=g\",\"contentUrl\":\"https:\/\/secure.gravatar.com\/avatar\/13a96a72123e0e9aa76fe82e8847f726c63a1c5ef6a8d0fadd844c1a5a83b212?s=96&d=mm&r=g\",\"caption\":\"Yoelvzla\"},\"url\":\"https:\/\/noti-america.com\/site\/mexico\/author\/ydiaz\/\"}]}<\/script>\n<!-- \/ Yoast SEO Premium plugin. -->","yoast_head_json":{"title":"OM Designer deslumbra en la gala del Reinado de la Feria de la Chinita en Venezuela - M\u00e9xico","robots":{"index":"index","follow":"follow","max-snippet":"max-snippet:-1","max-image-preview":"max-image-preview:large","max-video-preview":"max-video-preview:-1"},"canonical":"https:\/\/noti-america.com\/site\/mexico\/2021\/11\/13\/om-designer-deslumbra-en-la-gala-del-reinado-de-la-feria-de-la-chinita-en-veenzuea\/","og_locale":"es_ES","og_type":"article","og_title":"OM Designer deslumbra en la gala del Reinado de la Feria de la Chinita en Venezuela","og_description":"Con una perfecta fusi\u00f3n de moda y arte, la empresaria y dise\u00f1adora zuliana, Omaira Molero, CEO de OM Designer, cautiv\u00f3 a todos los presentes con un opening y una original producci\u00f3n en el desfile&#46;&#46;&#46;","og_url":"https:\/\/noti-america.com\/site\/mexico\/2021\/11\/13\/om-designer-deslumbra-en-la-gala-del-reinado-de-la-feria-de-la-chinita-en-veenzuea\/","og_site_name":"M\u00e9xico","article_published_time":"2021-11-13T01:52:30+00:00","article_modified_time":"2021-11-13T01:54:42+00:00","og_image":[{"url":"https:\/\/noti-america.com\/site\/mexico\/wp-content\/uploads\/sites\/13\/2021\/11\/thumbnail_IMG-20211111-WA0091-300x200.jpg","type":"","width":"","height":""}],"author":"Yoelvzla","twitter_card":"summary_large_image","twitter_misc":{"Escrito por":"Yoelvzla","Tiempo estimado de lectura":"1 minuto"},"schema":{"@context":"https:\/\/schema.org","@graph":[{"@type":"Article","@id":"https:\/\/noti-america.com\/site\/mexico\/2021\/11\/13\/om-designer-deslumbra-en-la-gala-del-reinado-de-la-feria-de-la-chinita-en-veenzuea\/#article","isPartOf":{"@id":"https:\/\/noti-america.com\/site\/mexico\/2021\/11\/13\/om-designer-deslumbra-en-la-gala-del-reinado-de-la-feria-de-la-chinita-en-veenzuea\/"},"author":{"name":"Yoelvzla","@id":"https:\/\/noti-america.com\/site\/mexico\/#\/schema\/person\/376ccc7b3cc7a8d5a43c3ece07a43857"},"headline":"OM Designer deslumbra en la gala del Reinado de la Feria de la Chinita en Venezuela","datePublished":"2021-11-13T01:52:30+00:00","dateModified":"2021-11-13T01:54:42+00:00","mainEntityOfPage":{"@id":"https:\/\/noti-america.com\/site\/mexico\/2021\/11\/13\/om-designer-deslumbra-en-la-gala-del-reinado-de-la-feria-de-la-chinita-en-veenzuea\/"},"wordCount":265,"commentCount":0,"publisher":{"@id":"https:\/\/noti-america.com\/site\/mexico\/#organization"},"image":{"@id":"https:\/\/noti-america.com\/site\/mexico\/2021\/11\/13\/om-designer-deslumbra-en-la-gala-del-reinado-de-la-feria-de-la-chinita-en-veenzuea\/#primaryimage"},"thumbnailUrl":"https:\/\/noti-america.com\/site\/mexico\/wp-content\/uploads\/sites\/13\/2021\/11\/thumbnail_IMG-20211111-WA0091-300x200.jpg","keywords":["#Chinita"],"articleSection":["Venezuela"],"inLanguage":"es","potentialAction":[{"@type":"CommentAction","name":"Comment","target":["https:\/\/noti-america.com\/site\/mexico\/2021\/11\/13\/om-designer-deslumbra-en-la-gala-del-reinado-de-la-feria-de-la-chinita-en-veenzuea\/#respond"]}]},{"@type":"WebPage","@id":"https:\/\/noti-america.com\/site\/mexico\/2021\/11\/13\/om-designer-deslumbra-en-la-gala-del-reinado-de-la-feria-de-la-chinita-en-veenzuea\/","url":"https:\/\/noti-america.com\/site\/mexico\/2021\/11\/13\/om-designer-deslumbra-en-la-gala-del-reinado-de-la-feria-de-la-chinita-en-veenzuea\/","name":"OM Designer deslumbra en la gala del Reinado de la Feria de la Chinita en Venezuela - M\u00e9xico","isPartOf":{"@id":"https:\/\/noti-america.com\/site\/mexico\/#website"},"primaryImageOfPage":{"@id":"https:\/\/noti-america.com\/site\/mexico\/2021\/11\/13\/om-designer-deslumbra-en-la-gala-del-reinado-de-la-feria-de-la-chinita-en-veenzuea\/#primaryimage"},"image":{"@id":"https:\/\/noti-america.com\/site\/mexico\/2021\/11\/13\/om-designer-deslumbra-en-la-gala-del-reinado-de-la-feria-de-la-chinita-en-veenzuea\/#primaryimage"},"thumbnailUrl":"https:\/\/noti-america.com\/site\/mexico\/wp-content\/uploads\/sites\/13\/2021\/11\/thumbnail_IMG-20211111-WA0091-300x200.jpg","datePublished":"2021-11-13T01:52:30+00:00","dateModified":"2021-11-13T01:54:42+00:00","breadcrumb":{"@id":"https:\/\/noti-america.com\/site\/mexico\/2021\/11\/13\/om-designer-deslumbra-en-la-gala-del-reinado-de-la-feria-de-la-chinita-en-veenzuea\/#breadcrumb"},"inLanguage":"es","potentialAction":[{"@type":"ReadAction","target":["https:\/\/noti-america.com\/site\/mexico\/2021\/11\/13\/om-designer-deslumbra-en-la-gala-del-reinado-de-la-feria-de-la-chinita-en-veenzuea\/"]}]},{"@type":"ImageObject","inLanguage":"es","@id":"https:\/\/noti-america.com\/site\/mexico\/2021\/11\/13\/om-designer-deslumbra-en-la-gala-del-reinado-de-la-feria-de-la-chinita-en-veenzuea\/#primaryimage","url":"https:\/\/noti-america.com\/site\/mexico\/wp-content\/uploads\/sites\/13\/2021\/11\/thumbnail_IMG-20211111-WA0091.jpg","contentUrl":"https:\/\/noti-america.com\/site\/mexico\/wp-content\/uploads\/sites\/13\/2021\/11\/thumbnail_IMG-20211111-WA0091.jpg","width":1080,"height":720},{"@type":"BreadcrumbList","@id":"https:\/\/noti-america.com\/site\/mexico\/2021\/11\/13\/om-designer-deslumbra-en-la-gala-del-reinado-de-la-feria-de-la-chinita-en-veenzuea\/#breadcrumb","itemListElement":[{"@type":"ListItem","position":1,"name":"Portada","item":"https:\/\/noti-america.com\/site\/mexico\/"},{"@type":"ListItem","position":2,"name":"OM Designer deslumbra en la gala del Reinado de la Feria de la Chinita en Venezuela"}]},{"@type":"WebSite","@id":"https:\/\/noti-america.com\/site\/mexico\/#website","url":"https:\/\/noti-america.com\/site\/mexico\/","name":"M\u00e9xico | Noti-America.com","description":"","publisher":{"@id":"https:\/\/noti-america.com\/site\/mexico\/#organization"},"potentialAction":[{"@type":"SearchAction","target":{"@type":"EntryPoint","urlTemplate":"https:\/\/noti-america.com\/site\/mexico\/?s={search_term_string}"},"query-input":{"@type":"PropertyValueSpecification","valueRequired":true,"valueName":"search_term_string"}}],"inLanguage":"es"},{"@type":"Organization","@id":"https:\/\/noti-america.com\/site\/mexico\/#organization","name":"Noti-America LLC | M\u00e9xico","url":"https:\/\/noti-america.com\/site\/mexico\/","logo":{"@type":"ImageObject","inLanguage":"es","@id":"https:\/\/noti-america.com\/site\/mexico\/#\/schema\/logo\/image\/","url":"https:\/\/noti-america.com\/site\/mexico\/wp-content\/uploads\/sites\/13\/2020\/07\/LogoNA-4x3-1.jpg","contentUrl":"https:\/\/noti-america.com\/site\/mexico\/wp-content\/uploads\/sites\/13\/2020\/07\/LogoNA-4x3-1.jpg","width":1236,"height":1080,"caption":"Noti-America LLC | M\u00e9xico"},"image":{"@id":"https:\/\/noti-america.com\/site\/mexico\/#\/schema\/logo\/image\/"}},{"@type":"Person","@id":"https:\/\/noti-america.com\/site\/mexico\/#\/schema\/person\/376ccc7b3cc7a8d5a43c3ece07a43857","name":"Yoelvzla","image":{"@type":"ImageObject","inLanguage":"es","@id":"https:\/\/secure.gravatar.com\/avatar\/13a96a72123e0e9aa76fe82e8847f726c63a1c5ef6a8d0fadd844c1a5a83b212?s=96&d=mm&r=g","url":"https:\/\/secure.gravatar.com\/avatar\/13a96a72123e0e9aa76fe82e8847f726c63a1c5ef6a8d0fadd844c1a5a83b212?s=96&d=mm&r=g","contentUrl":"https:\/\/secure.gravatar.com\/avatar\/13a96a72123e0e9aa76fe82e8847f726c63a1c5ef6a8d0fadd844c1a5a83b212?s=96&d=mm&r=g","caption":"Yoelvzla"},"url":"https:\/\/noti-america.com\/site\/mexico\/author\/ydiaz\/"}]}},"_links":{"self":[{"href":"https:\/\/noti-america.com\/site\/mexico\/wp-json\/wp\/v2\/posts\/6959","targetHints":{"allow":["GET"]}}],"collection":[{"href":"https:\/\/noti-america.com\/site\/mexico\/wp-json\/wp\/v2\/posts"}],"about":[{"href":"https:\/\/noti-america.com\/site\/mexico\/wp-json\/wp\/v2\/types\/post"}],"author":[{"embeddable":true,"href":"https:\/\/noti-america.com\/site\/mexico\/wp-json\/wp\/v2\/users\/127"}],"replies":[{"embeddable":true,"href":"https:\/\/noti-america.com\/site\/mexico\/wp-json\/wp\/v2\/comments?post=6959"}],"version-history":[{"count":2,"href":"https:\/\/noti-america.com\/site\/mexico\/wp-json\/wp\/v2\/posts\/6959\/revisions"}],"predecessor-version":[{"id":6963,"href":"https:\/\/noti-america.com\/site\/mexico\/wp-json\/wp\/v2\/posts\/6959\/revisions\/6963"}],"wp:attachment":[{"href":"https:\/\/noti-america.com\/site\/mexico\/wp-json\/wp\/v2\/media?parent=6959"}],"wp:term":[{"taxonomy":"category","embeddable":true,"href":"https:\/\/noti-america.com\/site\/mexico\/wp-json\/wp\/v2\/categories?post=6959"},{"taxonomy":"post_tag","embeddable":true,"href":"https:\/\/noti-america.com\/site\/mexico\/wp-json\/wp\/v2\/tags?post=6959"}],"curies":[{"name":"wp","href":"https:\/\/api.w.org\/{rel}","templated":true}]}}