{"id":6923,"date":"2021-11-09T14:48:45","date_gmt":"2021-11-09T14:48:45","guid":{"rendered":"https:\/\/noti-america.com\/site\/mexico\/?p=6923"},"modified":"2021-11-09T14:48:45","modified_gmt":"2021-11-09T14:48:45","slug":"corazon-salsero-la-nueva-generacion-marcara-un-antes-y-un-despues-en-de-la-salsa-en-venezuela","status":"publish","type":"post","link":"https:\/\/noti-america.com\/site\/mexico\/2021\/11\/09\/corazon-salsero-la-nueva-generacion-marcara-un-antes-y-un-despues-en-de-la-salsa-en-venezuela\/","title":{"rendered":"\u201cCoraz\u00f3n salsero: la nueva generaci\u00f3n\u201d marcar\u00e1 un antes y un despu\u00e9s en de la salsa en Venezuela"},"content":{"rendered":"<p><img loading=\"lazy\" decoding=\"async\" class=\"alignnone size-medium wp-image-6924\" src=\"https:\/\/noti-america.com\/site\/mexico\/wp-content\/uploads\/sites\/13\/2021\/11\/thumbnail_IMG-20211101-WA0049-300x200.jpg\" alt=\"\" width=\"300\" height=\"200\" srcset=\"https:\/\/noti-america.com\/site\/mexico\/wp-content\/uploads\/sites\/13\/2021\/11\/thumbnail_IMG-20211101-WA0049-300x200.jpg 300w, https:\/\/noti-america.com\/site\/mexico\/wp-content\/uploads\/sites\/13\/2021\/11\/thumbnail_IMG-20211101-WA0049-1024x682.jpg 1024w, https:\/\/noti-america.com\/site\/mexico\/wp-content\/uploads\/sites\/13\/2021\/11\/thumbnail_IMG-20211101-WA0049-768x511.jpg 768w, https:\/\/noti-america.com\/site\/mexico\/wp-content\/uploads\/sites\/13\/2021\/11\/thumbnail_IMG-20211101-WA0049-272x182.jpg 272w, https:\/\/noti-america.com\/site\/mexico\/wp-content\/uploads\/sites\/13\/2021\/11\/thumbnail_IMG-20211101-WA0049.jpg 1080w\" sizes=\"auto, (max-width: 300px) 100vw, 300px\" \/><\/p>\n<div dir=\"auto\">En busca de ampliar la programaci\u00f3n y de incluir a los peque\u00f1os de la casa, Javier Key, presidente de la fundaci\u00f3n \u201cCoraz\u00f3n salsero\u201d, presenta \u201cCoraz\u00f3n salsero: la nueva generaci\u00f3n\u201d, un programa que ser\u00e1 transmitido cada viernes a trav\u00e9s de Tv FANB, AN TV y TVes en el \u00e1mbito nacional de 5 a 6 de la tarde.<\/div>\n<div dir=\"auto\"><\/div>\n<div dir=\"auto\">El espacio, que incluye a m\u00e1s de 158 ni\u00f1os de varias partes del pa\u00eds, contar\u00e1 con la animaci\u00f3n y producci\u00f3n de Javier Key, acompa\u00f1ado de Eukaris, \u201cLa nena sexy de la salsa\u201d.<\/div>\n<div dir=\"auto\"><\/div>\n<div dir=\"auto\">Adem\u00e1s, tendr\u00e1 la presencia de un jurado calificador con artistas de renombre como Orlando Jos\u00e9 Castillo \u201cWATUSI\u201d, quien participa desde Mil\u00e1n, Mauricio Silva desde Miami, Wilmer Lozano, Mariana \u201cLa Sonera de Venezuela\u201d y Marianella, La pionera de la salsa rom\u00e1ntica en Venezuela.<\/div>\n<div dir=\"auto\"><\/div>\n<div dir=\"auto\">El jurado ser\u00e1 el encargado de catalogar y orientar a este semillero venezolano en la primera etapa del programa.<\/div>\n<div dir=\"auto\"><\/div>\n<div dir=\"auto\">De acuerdo con lo expuesto por Key, la idea principal del proyecto es \u201cdemostrar que hay talento emergente. Veremos ni\u00f1as y ni\u00f1os de todas partes de Venezuela como Puerto Ayacucho, Delta Amacuro, Amazonas. Ni\u00f1os y ni\u00f1as cantando salsa en edades comprendidas de 5 a 12 a\u00f1os. Es un programa que traer\u00e1 mucha alegr\u00eda a los salseros\u201d.<\/div>\n<div dir=\"auto\"><\/div>\n<div dir=\"auto\">Importante destacar que es un programa in\u00e9dito en Venezuela. Es el primer festival salsero virtual infantil que se hace en Venezuela a trav\u00e9s de Coraz\u00f3n Salsero. \u201cApostamos, so\u00f1amos y creemos que va a ser un impacto cultural bastante interesante porque all\u00ed est\u00e1 el semillero de la nueva generaci\u00f3n de la salsa\u201d, agreg\u00f3 el presidente de la fundaci\u00f3n.<\/div>\n","protected":false},"excerpt":{"rendered":"<p>En busca de ampliar la programaci\u00f3n y de incluir a los peque\u00f1os de la casa, Javier Key, presidente de la fundaci\u00f3n \u201cCoraz\u00f3n salsero\u201d, presenta \u201cCoraz\u00f3n salsero: la nueva generaci\u00f3n\u201d, un programa que ser\u00e1 transmitido&#46;&#46;&#46;<\/p>\n","protected":false},"author":127,"featured_media":0,"comment_status":"open","ping_status":"open","sticky":false,"template":"","format":"standard","meta":{"_acf_changed":false,"om_disable_all_campaigns":false,"rop_custom_images_group":[],"rop_custom_messages_group":[],"rop_publish_now":"initial","rop_publish_now_accounts":{"twitter_242054905_242054905":""},"rop_publish_now_history":[],"rop_publish_now_status":"pending","_uf_show_specific_survey":0,"_uf_disable_surveys":false,"footnotes":""},"categories":[417],"tags":[813],"class_list":["post-6923","post","type-post","status-publish","format-standard","hentry","category-venezuela","tag-venezuela-salsa"],"acf":[],"aioseo_notices":[],"yoast_head":"<!-- This site is optimized with the Yoast SEO Premium plugin v24.9 (Yoast SEO v27.2) - https:\/\/yoast.com\/product\/yoast-seo-premium-wordpress\/ -->\n<title>\u201cCoraz\u00f3n salsero: la nueva generaci\u00f3n\u201d marcar\u00e1 un antes y un despu\u00e9s en de la salsa en Venezuela - M\u00e9xico<\/title>\n<meta name=\"robots\" content=\"index, follow, max-snippet:-1, max-image-preview:large, max-video-preview:-1\" \/>\n<link rel=\"canonical\" href=\"https:\/\/noti-america.com\/site\/mexico\/2021\/11\/09\/corazon-salsero-la-nueva-generacion-marcara-un-antes-y-un-despues-en-de-la-salsa-en-venezuela\/\" \/>\n<meta property=\"og:locale\" content=\"es_ES\" \/>\n<meta property=\"og:type\" content=\"article\" \/>\n<meta property=\"og:title\" content=\"\u201cCoraz\u00f3n salsero: la nueva generaci\u00f3n\u201d marcar\u00e1 un antes y un despu\u00e9s en de la salsa en Venezuela\" \/>\n<meta property=\"og:description\" content=\"En busca de ampliar la programaci\u00f3n y de incluir a los peque\u00f1os de la casa, Javier Key, presidente de la fundaci\u00f3n \u201cCoraz\u00f3n salsero\u201d, presenta \u201cCoraz\u00f3n salsero: la nueva generaci\u00f3n\u201d, un programa que ser\u00e1 transmitido&#046;&#046;&#046;\" \/>\n<meta property=\"og:url\" content=\"https:\/\/noti-america.com\/site\/mexico\/2021\/11\/09\/corazon-salsero-la-nueva-generacion-marcara-un-antes-y-un-despues-en-de-la-salsa-en-venezuela\/\" \/>\n<meta property=\"og:site_name\" content=\"M\u00e9xico\" \/>\n<meta property=\"article:published_time\" content=\"2021-11-09T14:48:45+00:00\" \/>\n<meta property=\"og:image\" content=\"https:\/\/noti-america.com\/site\/mexico\/wp-content\/uploads\/sites\/13\/2021\/11\/thumbnail_IMG-20211101-WA0049-300x200.jpg\" \/>\n<meta name=\"author\" content=\"Yoelvzla\" \/>\n<meta name=\"twitter:card\" content=\"summary_large_image\" \/>\n<meta name=\"twitter:label1\" content=\"Escrito por\" \/>\n\t<meta name=\"twitter:data1\" content=\"Yoelvzla\" \/>\n\t<meta name=\"twitter:label2\" content=\"Tiempo estimado de lectura\" \/>\n\t<meta name=\"twitter:data2\" content=\"2 minutos\" \/>\n<script type=\"application\/ld+json\" class=\"yoast-schema-graph\">{\"@context\":\"https:\/\/schema.org\",\"@graph\":[{\"@type\":\"Article\",\"@id\":\"https:\/\/noti-america.com\/site\/mexico\/2021\/11\/09\/corazon-salsero-la-nueva-generacion-marcara-un-antes-y-un-despues-en-de-la-salsa-en-venezuela\/#article\",\"isPartOf\":{\"@id\":\"https:\/\/noti-america.com\/site\/mexico\/2021\/11\/09\/corazon-salsero-la-nueva-generacion-marcara-un-antes-y-un-despues-en-de-la-salsa-en-venezuela\/\"},\"author\":{\"name\":\"Yoelvzla\",\"@id\":\"https:\/\/noti-america.com\/site\/mexico\/#\/schema\/person\/376ccc7b3cc7a8d5a43c3ece07a43857\"},\"headline\":\"\u201cCoraz\u00f3n salsero: la nueva generaci\u00f3n\u201d marcar\u00e1 un antes y un despu\u00e9s en de la salsa en Venezuela\",\"datePublished\":\"2021-11-09T14:48:45+00:00\",\"mainEntityOfPage\":{\"@id\":\"https:\/\/noti-america.com\/site\/mexico\/2021\/11\/09\/corazon-salsero-la-nueva-generacion-marcara-un-antes-y-un-despues-en-de-la-salsa-en-venezuela\/\"},\"wordCount\":305,\"commentCount\":0,\"publisher\":{\"@id\":\"https:\/\/noti-america.com\/site\/mexico\/#organization\"},\"image\":{\"@id\":\"https:\/\/noti-america.com\/site\/mexico\/2021\/11\/09\/corazon-salsero-la-nueva-generacion-marcara-un-antes-y-un-despues-en-de-la-salsa-en-venezuela\/#primaryimage\"},\"thumbnailUrl\":\"https:\/\/noti-america.com\/site\/mexico\/wp-content\/uploads\/sites\/13\/2021\/11\/thumbnail_IMG-20211101-WA0049-300x200.jpg\",\"keywords\":[\"#Venezuela #Salsa\"],\"articleSection\":[\"Venezuela\"],\"inLanguage\":\"es\",\"potentialAction\":[{\"@type\":\"CommentAction\",\"name\":\"Comment\",\"target\":[\"https:\/\/noti-america.com\/site\/mexico\/2021\/11\/09\/corazon-salsero-la-nueva-generacion-marcara-un-antes-y-un-despues-en-de-la-salsa-en-venezuela\/#respond\"]}]},{\"@type\":\"WebPage\",\"@id\":\"https:\/\/noti-america.com\/site\/mexico\/2021\/11\/09\/corazon-salsero-la-nueva-generacion-marcara-un-antes-y-un-despues-en-de-la-salsa-en-venezuela\/\",\"url\":\"https:\/\/noti-america.com\/site\/mexico\/2021\/11\/09\/corazon-salsero-la-nueva-generacion-marcara-un-antes-y-un-despues-en-de-la-salsa-en-venezuela\/\",\"name\":\"\u201cCoraz\u00f3n salsero: la nueva generaci\u00f3n\u201d marcar\u00e1 un antes y un despu\u00e9s en de la salsa en Venezuela - M\u00e9xico\",\"isPartOf\":{\"@id\":\"https:\/\/noti-america.com\/site\/mexico\/#website\"},\"primaryImageOfPage\":{\"@id\":\"https:\/\/noti-america.com\/site\/mexico\/2021\/11\/09\/corazon-salsero-la-nueva-generacion-marcara-un-antes-y-un-despues-en-de-la-salsa-en-venezuela\/#primaryimage\"},\"image\":{\"@id\":\"https:\/\/noti-america.com\/site\/mexico\/2021\/11\/09\/corazon-salsero-la-nueva-generacion-marcara-un-antes-y-un-despues-en-de-la-salsa-en-venezuela\/#primaryimage\"},\"thumbnailUrl\":\"https:\/\/noti-america.com\/site\/mexico\/wp-content\/uploads\/sites\/13\/2021\/11\/thumbnail_IMG-20211101-WA0049-300x200.jpg\",\"datePublished\":\"2021-11-09T14:48:45+00:00\",\"breadcrumb\":{\"@id\":\"https:\/\/noti-america.com\/site\/mexico\/2021\/11\/09\/corazon-salsero-la-nueva-generacion-marcara-un-antes-y-un-despues-en-de-la-salsa-en-venezuela\/#breadcrumb\"},\"inLanguage\":\"es\",\"potentialAction\":[{\"@type\":\"ReadAction\",\"target\":[\"https:\/\/noti-america.com\/site\/mexico\/2021\/11\/09\/corazon-salsero-la-nueva-generacion-marcara-un-antes-y-un-despues-en-de-la-salsa-en-venezuela\/\"]}]},{\"@type\":\"ImageObject\",\"inLanguage\":\"es\",\"@id\":\"https:\/\/noti-america.com\/site\/mexico\/2021\/11\/09\/corazon-salsero-la-nueva-generacion-marcara-un-antes-y-un-despues-en-de-la-salsa-en-venezuela\/#primaryimage\",\"url\":\"https:\/\/noti-america.com\/site\/mexico\/wp-content\/uploads\/sites\/13\/2021\/11\/thumbnail_IMG-20211101-WA0049.jpg\",\"contentUrl\":\"https:\/\/noti-america.com\/site\/mexico\/wp-content\/uploads\/sites\/13\/2021\/11\/thumbnail_IMG-20211101-WA0049.jpg\",\"width\":1080,\"height\":719},{\"@type\":\"BreadcrumbList\",\"@id\":\"https:\/\/noti-america.com\/site\/mexico\/2021\/11\/09\/corazon-salsero-la-nueva-generacion-marcara-un-antes-y-un-despues-en-de-la-salsa-en-venezuela\/#breadcrumb\",\"itemListElement\":[{\"@type\":\"ListItem\",\"position\":1,\"name\":\"Portada\",\"item\":\"https:\/\/noti-america.com\/site\/mexico\/\"},{\"@type\":\"ListItem\",\"position\":2,\"name\":\"\u201cCoraz\u00f3n salsero: la nueva generaci\u00f3n\u201d marcar\u00e1 un antes y un despu\u00e9s en de la salsa en Venezuela\"}]},{\"@type\":\"WebSite\",\"@id\":\"https:\/\/noti-america.com\/site\/mexico\/#website\",\"url\":\"https:\/\/noti-america.com\/site\/mexico\/\",\"name\":\"M\u00e9xico | Noti-America.com\",\"description\":\"\",\"publisher\":{\"@id\":\"https:\/\/noti-america.com\/site\/mexico\/#organization\"},\"potentialAction\":[{\"@type\":\"SearchAction\",\"target\":{\"@type\":\"EntryPoint\",\"urlTemplate\":\"https:\/\/noti-america.com\/site\/mexico\/?s={search_term_string}\"},\"query-input\":{\"@type\":\"PropertyValueSpecification\",\"valueRequired\":true,\"valueName\":\"search_term_string\"}}],\"inLanguage\":\"es\"},{\"@type\":\"Organization\",\"@id\":\"https:\/\/noti-america.com\/site\/mexico\/#organization\",\"name\":\"Noti-America LLC | M\u00e9xico\",\"url\":\"https:\/\/noti-america.com\/site\/mexico\/\",\"logo\":{\"@type\":\"ImageObject\",\"inLanguage\":\"es\",\"@id\":\"https:\/\/noti-america.com\/site\/mexico\/#\/schema\/logo\/image\/\",\"url\":\"https:\/\/noti-america.com\/site\/mexico\/wp-content\/uploads\/sites\/13\/2020\/07\/LogoNA-4x3-1.jpg\",\"contentUrl\":\"https:\/\/noti-america.com\/site\/mexico\/wp-content\/uploads\/sites\/13\/2020\/07\/LogoNA-4x3-1.jpg\",\"width\":1236,\"height\":1080,\"caption\":\"Noti-America LLC | M\u00e9xico\"},\"image\":{\"@id\":\"https:\/\/noti-america.com\/site\/mexico\/#\/schema\/logo\/image\/\"}},{\"@type\":\"Person\",\"@id\":\"https:\/\/noti-america.com\/site\/mexico\/#\/schema\/person\/376ccc7b3cc7a8d5a43c3ece07a43857\",\"name\":\"Yoelvzla\",\"image\":{\"@type\":\"ImageObject\",\"inLanguage\":\"es\",\"@id\":\"https:\/\/secure.gravatar.com\/avatar\/13a96a72123e0e9aa76fe82e8847f726c63a1c5ef6a8d0fadd844c1a5a83b212?s=96&d=mm&r=g\",\"url\":\"https:\/\/secure.gravatar.com\/avatar\/13a96a72123e0e9aa76fe82e8847f726c63a1c5ef6a8d0fadd844c1a5a83b212?s=96&d=mm&r=g\",\"contentUrl\":\"https:\/\/secure.gravatar.com\/avatar\/13a96a72123e0e9aa76fe82e8847f726c63a1c5ef6a8d0fadd844c1a5a83b212?s=96&d=mm&r=g\",\"caption\":\"Yoelvzla\"},\"url\":\"https:\/\/noti-america.com\/site\/mexico\/author\/ydiaz\/\"}]}<\/script>\n<!-- \/ Yoast SEO Premium plugin. -->","yoast_head_json":{"title":"\u201cCoraz\u00f3n salsero: la nueva generaci\u00f3n\u201d marcar\u00e1 un antes y un despu\u00e9s en de la salsa en Venezuela - M\u00e9xico","robots":{"index":"index","follow":"follow","max-snippet":"max-snippet:-1","max-image-preview":"max-image-preview:large","max-video-preview":"max-video-preview:-1"},"canonical":"https:\/\/noti-america.com\/site\/mexico\/2021\/11\/09\/corazon-salsero-la-nueva-generacion-marcara-un-antes-y-un-despues-en-de-la-salsa-en-venezuela\/","og_locale":"es_ES","og_type":"article","og_title":"\u201cCoraz\u00f3n salsero: la nueva generaci\u00f3n\u201d marcar\u00e1 un antes y un despu\u00e9s en de la salsa en Venezuela","og_description":"En busca de ampliar la programaci\u00f3n y de incluir a los peque\u00f1os de la casa, Javier Key, presidente de la fundaci\u00f3n \u201cCoraz\u00f3n salsero\u201d, presenta \u201cCoraz\u00f3n salsero: la nueva generaci\u00f3n\u201d, un programa que ser\u00e1 transmitido&#46;&#46;&#46;","og_url":"https:\/\/noti-america.com\/site\/mexico\/2021\/11\/09\/corazon-salsero-la-nueva-generacion-marcara-un-antes-y-un-despues-en-de-la-salsa-en-venezuela\/","og_site_name":"M\u00e9xico","article_published_time":"2021-11-09T14:48:45+00:00","og_image":[{"url":"https:\/\/noti-america.com\/site\/mexico\/wp-content\/uploads\/sites\/13\/2021\/11\/thumbnail_IMG-20211101-WA0049-300x200.jpg","type":"","width":"","height":""}],"author":"Yoelvzla","twitter_card":"summary_large_image","twitter_misc":{"Escrito por":"Yoelvzla","Tiempo estimado de lectura":"2 minutos"},"schema":{"@context":"https:\/\/schema.org","@graph":[{"@type":"Article","@id":"https:\/\/noti-america.com\/site\/mexico\/2021\/11\/09\/corazon-salsero-la-nueva-generacion-marcara-un-antes-y-un-despues-en-de-la-salsa-en-venezuela\/#article","isPartOf":{"@id":"https:\/\/noti-america.com\/site\/mexico\/2021\/11\/09\/corazon-salsero-la-nueva-generacion-marcara-un-antes-y-un-despues-en-de-la-salsa-en-venezuela\/"},"author":{"name":"Yoelvzla","@id":"https:\/\/noti-america.com\/site\/mexico\/#\/schema\/person\/376ccc7b3cc7a8d5a43c3ece07a43857"},"headline":"\u201cCoraz\u00f3n salsero: la nueva generaci\u00f3n\u201d marcar\u00e1 un antes y un despu\u00e9s en de la salsa en Venezuela","datePublished":"2021-11-09T14:48:45+00:00","mainEntityOfPage":{"@id":"https:\/\/noti-america.com\/site\/mexico\/2021\/11\/09\/corazon-salsero-la-nueva-generacion-marcara-un-antes-y-un-despues-en-de-la-salsa-en-venezuela\/"},"wordCount":305,"commentCount":0,"publisher":{"@id":"https:\/\/noti-america.com\/site\/mexico\/#organization"},"image":{"@id":"https:\/\/noti-america.com\/site\/mexico\/2021\/11\/09\/corazon-salsero-la-nueva-generacion-marcara-un-antes-y-un-despues-en-de-la-salsa-en-venezuela\/#primaryimage"},"thumbnailUrl":"https:\/\/noti-america.com\/site\/mexico\/wp-content\/uploads\/sites\/13\/2021\/11\/thumbnail_IMG-20211101-WA0049-300x200.jpg","keywords":["#Venezuela #Salsa"],"articleSection":["Venezuela"],"inLanguage":"es","potentialAction":[{"@type":"CommentAction","name":"Comment","target":["https:\/\/noti-america.com\/site\/mexico\/2021\/11\/09\/corazon-salsero-la-nueva-generacion-marcara-un-antes-y-un-despues-en-de-la-salsa-en-venezuela\/#respond"]}]},{"@type":"WebPage","@id":"https:\/\/noti-america.com\/site\/mexico\/2021\/11\/09\/corazon-salsero-la-nueva-generacion-marcara-un-antes-y-un-despues-en-de-la-salsa-en-venezuela\/","url":"https:\/\/noti-america.com\/site\/mexico\/2021\/11\/09\/corazon-salsero-la-nueva-generacion-marcara-un-antes-y-un-despues-en-de-la-salsa-en-venezuela\/","name":"\u201cCoraz\u00f3n salsero: la nueva generaci\u00f3n\u201d marcar\u00e1 un antes y un despu\u00e9s en de la salsa en Venezuela - M\u00e9xico","isPartOf":{"@id":"https:\/\/noti-america.com\/site\/mexico\/#website"},"primaryImageOfPage":{"@id":"https:\/\/noti-america.com\/site\/mexico\/2021\/11\/09\/corazon-salsero-la-nueva-generacion-marcara-un-antes-y-un-despues-en-de-la-salsa-en-venezuela\/#primaryimage"},"image":{"@id":"https:\/\/noti-america.com\/site\/mexico\/2021\/11\/09\/corazon-salsero-la-nueva-generacion-marcara-un-antes-y-un-despues-en-de-la-salsa-en-venezuela\/#primaryimage"},"thumbnailUrl":"https:\/\/noti-america.com\/site\/mexico\/wp-content\/uploads\/sites\/13\/2021\/11\/thumbnail_IMG-20211101-WA0049-300x200.jpg","datePublished":"2021-11-09T14:48:45+00:00","breadcrumb":{"@id":"https:\/\/noti-america.com\/site\/mexico\/2021\/11\/09\/corazon-salsero-la-nueva-generacion-marcara-un-antes-y-un-despues-en-de-la-salsa-en-venezuela\/#breadcrumb"},"inLanguage":"es","potentialAction":[{"@type":"ReadAction","target":["https:\/\/noti-america.com\/site\/mexico\/2021\/11\/09\/corazon-salsero-la-nueva-generacion-marcara-un-antes-y-un-despues-en-de-la-salsa-en-venezuela\/"]}]},{"@type":"ImageObject","inLanguage":"es","@id":"https:\/\/noti-america.com\/site\/mexico\/2021\/11\/09\/corazon-salsero-la-nueva-generacion-marcara-un-antes-y-un-despues-en-de-la-salsa-en-venezuela\/#primaryimage","url":"https:\/\/noti-america.com\/site\/mexico\/wp-content\/uploads\/sites\/13\/2021\/11\/thumbnail_IMG-20211101-WA0049.jpg","contentUrl":"https:\/\/noti-america.com\/site\/mexico\/wp-content\/uploads\/sites\/13\/2021\/11\/thumbnail_IMG-20211101-WA0049.jpg","width":1080,"height":719},{"@type":"BreadcrumbList","@id":"https:\/\/noti-america.com\/site\/mexico\/2021\/11\/09\/corazon-salsero-la-nueva-generacion-marcara-un-antes-y-un-despues-en-de-la-salsa-en-venezuela\/#breadcrumb","itemListElement":[{"@type":"ListItem","position":1,"name":"Portada","item":"https:\/\/noti-america.com\/site\/mexico\/"},{"@type":"ListItem","position":2,"name":"\u201cCoraz\u00f3n salsero: la nueva generaci\u00f3n\u201d marcar\u00e1 un antes y un despu\u00e9s en de la salsa en Venezuela"}]},{"@type":"WebSite","@id":"https:\/\/noti-america.com\/site\/mexico\/#website","url":"https:\/\/noti-america.com\/site\/mexico\/","name":"M\u00e9xico | Noti-America.com","description":"","publisher":{"@id":"https:\/\/noti-america.com\/site\/mexico\/#organization"},"potentialAction":[{"@type":"SearchAction","target":{"@type":"EntryPoint","urlTemplate":"https:\/\/noti-america.com\/site\/mexico\/?s={search_term_string}"},"query-input":{"@type":"PropertyValueSpecification","valueRequired":true,"valueName":"search_term_string"}}],"inLanguage":"es"},{"@type":"Organization","@id":"https:\/\/noti-america.com\/site\/mexico\/#organization","name":"Noti-America LLC | M\u00e9xico","url":"https:\/\/noti-america.com\/site\/mexico\/","logo":{"@type":"ImageObject","inLanguage":"es","@id":"https:\/\/noti-america.com\/site\/mexico\/#\/schema\/logo\/image\/","url":"https:\/\/noti-america.com\/site\/mexico\/wp-content\/uploads\/sites\/13\/2020\/07\/LogoNA-4x3-1.jpg","contentUrl":"https:\/\/noti-america.com\/site\/mexico\/wp-content\/uploads\/sites\/13\/2020\/07\/LogoNA-4x3-1.jpg","width":1236,"height":1080,"caption":"Noti-America LLC | M\u00e9xico"},"image":{"@id":"https:\/\/noti-america.com\/site\/mexico\/#\/schema\/logo\/image\/"}},{"@type":"Person","@id":"https:\/\/noti-america.com\/site\/mexico\/#\/schema\/person\/376ccc7b3cc7a8d5a43c3ece07a43857","name":"Yoelvzla","image":{"@type":"ImageObject","inLanguage":"es","@id":"https:\/\/secure.gravatar.com\/avatar\/13a96a72123e0e9aa76fe82e8847f726c63a1c5ef6a8d0fadd844c1a5a83b212?s=96&d=mm&r=g","url":"https:\/\/secure.gravatar.com\/avatar\/13a96a72123e0e9aa76fe82e8847f726c63a1c5ef6a8d0fadd844c1a5a83b212?s=96&d=mm&r=g","contentUrl":"https:\/\/secure.gravatar.com\/avatar\/13a96a72123e0e9aa76fe82e8847f726c63a1c5ef6a8d0fadd844c1a5a83b212?s=96&d=mm&r=g","caption":"Yoelvzla"},"url":"https:\/\/noti-america.com\/site\/mexico\/author\/ydiaz\/"}]}},"_links":{"self":[{"href":"https:\/\/noti-america.com\/site\/mexico\/wp-json\/wp\/v2\/posts\/6923","targetHints":{"allow":["GET"]}}],"collection":[{"href":"https:\/\/noti-america.com\/site\/mexico\/wp-json\/wp\/v2\/posts"}],"about":[{"href":"https:\/\/noti-america.com\/site\/mexico\/wp-json\/wp\/v2\/types\/post"}],"author":[{"embeddable":true,"href":"https:\/\/noti-america.com\/site\/mexico\/wp-json\/wp\/v2\/users\/127"}],"replies":[{"embeddable":true,"href":"https:\/\/noti-america.com\/site\/mexico\/wp-json\/wp\/v2\/comments?post=6923"}],"version-history":[{"count":1,"href":"https:\/\/noti-america.com\/site\/mexico\/wp-json\/wp\/v2\/posts\/6923\/revisions"}],"predecessor-version":[{"id":6925,"href":"https:\/\/noti-america.com\/site\/mexico\/wp-json\/wp\/v2\/posts\/6923\/revisions\/6925"}],"wp:attachment":[{"href":"https:\/\/noti-america.com\/site\/mexico\/wp-json\/wp\/v2\/media?parent=6923"}],"wp:term":[{"taxonomy":"category","embeddable":true,"href":"https:\/\/noti-america.com\/site\/mexico\/wp-json\/wp\/v2\/categories?post=6923"},{"taxonomy":"post_tag","embeddable":true,"href":"https:\/\/noti-america.com\/site\/mexico\/wp-json\/wp\/v2\/tags?post=6923"}],"curies":[{"name":"wp","href":"https:\/\/api.w.org\/{rel}","templated":true}]}}