{"id":6882,"date":"2021-11-03T00:59:26","date_gmt":"2021-11-03T00:59:26","guid":{"rendered":"https:\/\/noti-america.com\/site\/mexico\/?p=6882"},"modified":"2021-11-03T01:06:02","modified_gmt":"2021-11-03T01:06:02","slug":"jose-mata-y-samuel-betancourt-resaltaron-a-yulimar-rojas-en-fotos","status":"publish","type":"post","link":"https:\/\/noti-america.com\/site\/mexico\/2021\/11\/03\/jose-mata-y-samuel-betancourt-resaltaron-a-yulimar-rojas-en-fotos\/","title":{"rendered":"Jose Mata y Samuel Betancourt resaltaron a Yulimar Rojas en fotos"},"content":{"rendered":"<p><img loading=\"lazy\" decoding=\"async\" class=\"wp-image-6883 alignleft\" src=\"https:\/\/noti-america.com\/site\/mexico\/wp-content\/uploads\/sites\/13\/2021\/11\/thumbnail_IMG-8474-250x300.jpg\" alt=\"\" width=\"259\" height=\"311\" srcset=\"https:\/\/noti-america.com\/site\/mexico\/wp-content\/uploads\/sites\/13\/2021\/11\/thumbnail_IMG-8474-250x300.jpg 250w, https:\/\/noti-america.com\/site\/mexico\/wp-content\/uploads\/sites\/13\/2021\/11\/thumbnail_IMG-8474-854x1024.jpg 854w, https:\/\/noti-america.com\/site\/mexico\/wp-content\/uploads\/sites\/13\/2021\/11\/thumbnail_IMG-8474-768x921.jpg 768w, https:\/\/noti-america.com\/site\/mexico\/wp-content\/uploads\/sites\/13\/2021\/11\/thumbnail_IMG-8474.jpg 1067w\" sizes=\"auto, (max-width: 259px) 100vw, 259px\" \/><\/p>\n<p>&nbsp;<\/p>\n<p>&nbsp;<\/p>\n<p>&nbsp;<\/p>\n<p>&nbsp;<\/p>\n<p>&nbsp;<\/p>\n<p>&nbsp;<\/p>\n<p>&nbsp;<\/p>\n<p>&nbsp;<\/p>\n<p>&nbsp;<\/p>\n<div dir=\"auto\">La campeona ol\u00edmpica <strong>Yulimar Rojas,<\/strong> se rob\u00f3 las miradas recientemente por unas fotograf\u00edas cargadas de mucho brillo y belleza \u00a0mostr\u00e1ndose muy diferente, la criolla dijo presente en el <strong>Miss Venezuela<\/strong> el pasado <strong>28 de octubre<\/strong> la atleta lleg\u00f3 a <strong>Venevisi\u00f3n<\/strong> con un look que dejo a todos impactados.<\/div>\n<div dir=\"auto\"><\/div>\n<div dir=\"auto\"><img loading=\"lazy\" decoding=\"async\" class=\"alignnone size-medium wp-image-6884\" src=\"https:\/\/noti-america.com\/site\/mexico\/wp-content\/uploads\/sites\/13\/2021\/11\/thumbnail_IMG-8473-249x300.jpg\" alt=\"\" width=\"249\" height=\"300\" srcset=\"https:\/\/noti-america.com\/site\/mexico\/wp-content\/uploads\/sites\/13\/2021\/11\/thumbnail_IMG-8473-249x300.jpg 249w, https:\/\/noti-america.com\/site\/mexico\/wp-content\/uploads\/sites\/13\/2021\/11\/thumbnail_IMG-8473-851x1024.jpg 851w, https:\/\/noti-america.com\/site\/mexico\/wp-content\/uploads\/sites\/13\/2021\/11\/thumbnail_IMG-8473-768x924.jpg 768w, https:\/\/noti-america.com\/site\/mexico\/wp-content\/uploads\/sites\/13\/2021\/11\/thumbnail_IMG-8473.jpg 1064w\" sizes=\"auto, (max-width: 249px) 100vw, 249px\" \/><\/div>\n<div dir=\"auto\"><\/div>\n<div dir=\"auto\">D\u00edas atr\u00e1s se vio a la venezolana en el atelier del dise\u00f1ador internacional Hugo Espina, quien fue el responsable de su elegante vestido. El trabajo fotogr\u00e1fico estuvo bajo la direcci\u00f3n de <strong>Jose<\/strong> <strong>Mata y Samuel<\/strong> <strong>Betancourt<\/strong>, estas fotograf\u00edas se robaron las miradas y dejaron algunos comentarios positivos como, \u201cLa corona le queda mejor a Yulimar\u201d, estos criollos han venido trabajando para importantes celebridades, \u00a0han sido muchos los que han posado para el lente de este par oriundos de <strong>Valencia estado Carabobo<\/strong>, con el pasar de los a\u00f1os se han ganado el cari\u00f1o y sobre todo el respeto.<\/div>\n<div dir=\"auto\"><\/div>\n<div dir=\"auto\"><strong>Jose y Samuel<\/strong> vienen con un proyecto entre manos que dar\u00e1 de que hablar, mas all\u00e1 de una fotograf\u00eda en las redes sociales buscan en marcar la diferencia.<\/div>\n","protected":false},"excerpt":{"rendered":"<p>&nbsp; &nbsp; &nbsp; &nbsp; &nbsp; &nbsp; &nbsp; &nbsp; &nbsp; La campeona ol\u00edmpica Yulimar Rojas, se rob\u00f3 las miradas recientemente por unas fotograf\u00edas cargadas de mucho brillo y belleza \u00a0mostr\u00e1ndose muy diferente, la criolla dijo&#46;&#46;&#46;<\/p>\n","protected":false},"author":127,"featured_media":0,"comment_status":"open","ping_status":"open","sticky":false,"template":"","format":"standard","meta":{"_acf_changed":false,"om_disable_all_campaigns":false,"rop_custom_images_group":[],"rop_custom_messages_group":[],"rop_publish_now":"initial","rop_publish_now_accounts":{"twitter_242054905_242054905":""},"rop_publish_now_history":[],"rop_publish_now_status":"pending","_uf_show_specific_survey":0,"_uf_disable_surveys":false,"footnotes":""},"categories":[56],"tags":[811],"class_list":["post-6882","post","type-post","status-publish","format-standard","hentry","category-farandula","tag-yulimarrojas-venezuela-missvenezuela"],"acf":[],"aioseo_notices":[],"yoast_head":"<!-- This site is optimized with the Yoast SEO Premium plugin v24.9 (Yoast SEO v27.2) - https:\/\/yoast.com\/product\/yoast-seo-premium-wordpress\/ -->\n<title>Jose Mata y Samuel Betancourt resaltaron a Yulimar Rojas en fotos - M\u00e9xico<\/title>\n<meta name=\"robots\" content=\"index, follow, max-snippet:-1, max-image-preview:large, max-video-preview:-1\" \/>\n<link rel=\"canonical\" href=\"https:\/\/noti-america.com\/site\/mexico\/2021\/11\/03\/jose-mata-y-samuel-betancourt-resaltaron-a-yulimar-rojas-en-fotos\/\" \/>\n<meta property=\"og:locale\" content=\"es_ES\" \/>\n<meta property=\"og:type\" content=\"article\" \/>\n<meta property=\"og:title\" content=\"Jose Mata y Samuel Betancourt resaltaron a Yulimar Rojas en fotos\" \/>\n<meta property=\"og:description\" content=\"&nbsp; &nbsp; &nbsp; &nbsp; &nbsp; &nbsp; &nbsp; &nbsp; &nbsp; La campeona ol\u00edmpica Yulimar Rojas, se rob\u00f3 las miradas recientemente por unas fotograf\u00edas cargadas de mucho brillo y belleza \u00a0mostr\u00e1ndose muy diferente, la criolla dijo&#046;&#046;&#046;\" \/>\n<meta property=\"og:url\" content=\"https:\/\/noti-america.com\/site\/mexico\/2021\/11\/03\/jose-mata-y-samuel-betancourt-resaltaron-a-yulimar-rojas-en-fotos\/\" \/>\n<meta property=\"og:site_name\" content=\"M\u00e9xico\" \/>\n<meta property=\"article:published_time\" content=\"2021-11-03T00:59:26+00:00\" \/>\n<meta property=\"article:modified_time\" content=\"2021-11-03T01:06:02+00:00\" \/>\n<meta property=\"og:image\" content=\"https:\/\/noti-america.com\/site\/mexico\/wp-content\/uploads\/sites\/13\/2021\/11\/thumbnail_IMG-8474-250x300.jpg\" \/>\n<meta name=\"author\" content=\"Yoelvzla\" \/>\n<meta name=\"twitter:card\" content=\"summary_large_image\" \/>\n<meta name=\"twitter:label1\" content=\"Escrito por\" \/>\n\t<meta name=\"twitter:data1\" content=\"Yoelvzla\" \/>\n\t<meta name=\"twitter:label2\" content=\"Tiempo estimado de lectura\" \/>\n\t<meta name=\"twitter:data2\" content=\"2 minutos\" \/>\n<script type=\"application\/ld+json\" class=\"yoast-schema-graph\">{\"@context\":\"https:\/\/schema.org\",\"@graph\":[{\"@type\":\"Article\",\"@id\":\"https:\/\/noti-america.com\/site\/mexico\/2021\/11\/03\/jose-mata-y-samuel-betancourt-resaltaron-a-yulimar-rojas-en-fotos\/#article\",\"isPartOf\":{\"@id\":\"https:\/\/noti-america.com\/site\/mexico\/2021\/11\/03\/jose-mata-y-samuel-betancourt-resaltaron-a-yulimar-rojas-en-fotos\/\"},\"author\":{\"name\":\"Yoelvzla\",\"@id\":\"https:\/\/noti-america.com\/site\/mexico\/#\/schema\/person\/376ccc7b3cc7a8d5a43c3ece07a43857\"},\"headline\":\"Jose Mata y Samuel Betancourt resaltaron a Yulimar Rojas en fotos\",\"datePublished\":\"2021-11-03T00:59:26+00:00\",\"dateModified\":\"2021-11-03T01:06:02+00:00\",\"mainEntityOfPage\":{\"@id\":\"https:\/\/noti-america.com\/site\/mexico\/2021\/11\/03\/jose-mata-y-samuel-betancourt-resaltaron-a-yulimar-rojas-en-fotos\/\"},\"wordCount\":205,\"commentCount\":0,\"publisher\":{\"@id\":\"https:\/\/noti-america.com\/site\/mexico\/#organization\"},\"image\":{\"@id\":\"https:\/\/noti-america.com\/site\/mexico\/2021\/11\/03\/jose-mata-y-samuel-betancourt-resaltaron-a-yulimar-rojas-en-fotos\/#primaryimage\"},\"thumbnailUrl\":\"https:\/\/noti-america.com\/site\/mexico\/wp-content\/uploads\/sites\/13\/2021\/11\/thumbnail_IMG-8474-250x300.jpg\",\"keywords\":[\"#YulimarRojas #Venezuela #MissVenezuela\"],\"articleSection\":[\"Far\u00e1ndula\"],\"inLanguage\":\"es\",\"potentialAction\":[{\"@type\":\"CommentAction\",\"name\":\"Comment\",\"target\":[\"https:\/\/noti-america.com\/site\/mexico\/2021\/11\/03\/jose-mata-y-samuel-betancourt-resaltaron-a-yulimar-rojas-en-fotos\/#respond\"]}]},{\"@type\":\"WebPage\",\"@id\":\"https:\/\/noti-america.com\/site\/mexico\/2021\/11\/03\/jose-mata-y-samuel-betancourt-resaltaron-a-yulimar-rojas-en-fotos\/\",\"url\":\"https:\/\/noti-america.com\/site\/mexico\/2021\/11\/03\/jose-mata-y-samuel-betancourt-resaltaron-a-yulimar-rojas-en-fotos\/\",\"name\":\"Jose Mata y Samuel Betancourt resaltaron a Yulimar Rojas en fotos - M\u00e9xico\",\"isPartOf\":{\"@id\":\"https:\/\/noti-america.com\/site\/mexico\/#website\"},\"primaryImageOfPage\":{\"@id\":\"https:\/\/noti-america.com\/site\/mexico\/2021\/11\/03\/jose-mata-y-samuel-betancourt-resaltaron-a-yulimar-rojas-en-fotos\/#primaryimage\"},\"image\":{\"@id\":\"https:\/\/noti-america.com\/site\/mexico\/2021\/11\/03\/jose-mata-y-samuel-betancourt-resaltaron-a-yulimar-rojas-en-fotos\/#primaryimage\"},\"thumbnailUrl\":\"https:\/\/noti-america.com\/site\/mexico\/wp-content\/uploads\/sites\/13\/2021\/11\/thumbnail_IMG-8474-250x300.jpg\",\"datePublished\":\"2021-11-03T00:59:26+00:00\",\"dateModified\":\"2021-11-03T01:06:02+00:00\",\"breadcrumb\":{\"@id\":\"https:\/\/noti-america.com\/site\/mexico\/2021\/11\/03\/jose-mata-y-samuel-betancourt-resaltaron-a-yulimar-rojas-en-fotos\/#breadcrumb\"},\"inLanguage\":\"es\",\"potentialAction\":[{\"@type\":\"ReadAction\",\"target\":[\"https:\/\/noti-america.com\/site\/mexico\/2021\/11\/03\/jose-mata-y-samuel-betancourt-resaltaron-a-yulimar-rojas-en-fotos\/\"]}]},{\"@type\":\"ImageObject\",\"inLanguage\":\"es\",\"@id\":\"https:\/\/noti-america.com\/site\/mexico\/2021\/11\/03\/jose-mata-y-samuel-betancourt-resaltaron-a-yulimar-rojas-en-fotos\/#primaryimage\",\"url\":\"https:\/\/noti-america.com\/site\/mexico\/wp-content\/uploads\/sites\/13\/2021\/11\/thumbnail_IMG-8474.jpg\",\"contentUrl\":\"https:\/\/noti-america.com\/site\/mexico\/wp-content\/uploads\/sites\/13\/2021\/11\/thumbnail_IMG-8474.jpg\",\"width\":1067,\"height\":1280},{\"@type\":\"BreadcrumbList\",\"@id\":\"https:\/\/noti-america.com\/site\/mexico\/2021\/11\/03\/jose-mata-y-samuel-betancourt-resaltaron-a-yulimar-rojas-en-fotos\/#breadcrumb\",\"itemListElement\":[{\"@type\":\"ListItem\",\"position\":1,\"name\":\"Portada\",\"item\":\"https:\/\/noti-america.com\/site\/mexico\/\"},{\"@type\":\"ListItem\",\"position\":2,\"name\":\"Jose Mata y Samuel Betancourt resaltaron a Yulimar Rojas en fotos\"}]},{\"@type\":\"WebSite\",\"@id\":\"https:\/\/noti-america.com\/site\/mexico\/#website\",\"url\":\"https:\/\/noti-america.com\/site\/mexico\/\",\"name\":\"M\u00e9xico | Noti-America.com\",\"description\":\"\",\"publisher\":{\"@id\":\"https:\/\/noti-america.com\/site\/mexico\/#organization\"},\"potentialAction\":[{\"@type\":\"SearchAction\",\"target\":{\"@type\":\"EntryPoint\",\"urlTemplate\":\"https:\/\/noti-america.com\/site\/mexico\/?s={search_term_string}\"},\"query-input\":{\"@type\":\"PropertyValueSpecification\",\"valueRequired\":true,\"valueName\":\"search_term_string\"}}],\"inLanguage\":\"es\"},{\"@type\":\"Organization\",\"@id\":\"https:\/\/noti-america.com\/site\/mexico\/#organization\",\"name\":\"Noti-America LLC | M\u00e9xico\",\"url\":\"https:\/\/noti-america.com\/site\/mexico\/\",\"logo\":{\"@type\":\"ImageObject\",\"inLanguage\":\"es\",\"@id\":\"https:\/\/noti-america.com\/site\/mexico\/#\/schema\/logo\/image\/\",\"url\":\"https:\/\/noti-america.com\/site\/mexico\/wp-content\/uploads\/sites\/13\/2020\/07\/LogoNA-4x3-1.jpg\",\"contentUrl\":\"https:\/\/noti-america.com\/site\/mexico\/wp-content\/uploads\/sites\/13\/2020\/07\/LogoNA-4x3-1.jpg\",\"width\":1236,\"height\":1080,\"caption\":\"Noti-America LLC | M\u00e9xico\"},\"image\":{\"@id\":\"https:\/\/noti-america.com\/site\/mexico\/#\/schema\/logo\/image\/\"}},{\"@type\":\"Person\",\"@id\":\"https:\/\/noti-america.com\/site\/mexico\/#\/schema\/person\/376ccc7b3cc7a8d5a43c3ece07a43857\",\"name\":\"Yoelvzla\",\"image\":{\"@type\":\"ImageObject\",\"inLanguage\":\"es\",\"@id\":\"https:\/\/secure.gravatar.com\/avatar\/13a96a72123e0e9aa76fe82e8847f726c63a1c5ef6a8d0fadd844c1a5a83b212?s=96&d=mm&r=g\",\"url\":\"https:\/\/secure.gravatar.com\/avatar\/13a96a72123e0e9aa76fe82e8847f726c63a1c5ef6a8d0fadd844c1a5a83b212?s=96&d=mm&r=g\",\"contentUrl\":\"https:\/\/secure.gravatar.com\/avatar\/13a96a72123e0e9aa76fe82e8847f726c63a1c5ef6a8d0fadd844c1a5a83b212?s=96&d=mm&r=g\",\"caption\":\"Yoelvzla\"},\"url\":\"https:\/\/noti-america.com\/site\/mexico\/author\/ydiaz\/\"}]}<\/script>\n<!-- \/ Yoast SEO Premium plugin. -->","yoast_head_json":{"title":"Jose Mata y Samuel Betancourt resaltaron a Yulimar Rojas en fotos - M\u00e9xico","robots":{"index":"index","follow":"follow","max-snippet":"max-snippet:-1","max-image-preview":"max-image-preview:large","max-video-preview":"max-video-preview:-1"},"canonical":"https:\/\/noti-america.com\/site\/mexico\/2021\/11\/03\/jose-mata-y-samuel-betancourt-resaltaron-a-yulimar-rojas-en-fotos\/","og_locale":"es_ES","og_type":"article","og_title":"Jose Mata y Samuel Betancourt resaltaron a Yulimar Rojas en fotos","og_description":"&nbsp; &nbsp; &nbsp; &nbsp; &nbsp; &nbsp; &nbsp; &nbsp; &nbsp; La campeona ol\u00edmpica Yulimar Rojas, se rob\u00f3 las miradas recientemente por unas fotograf\u00edas cargadas de mucho brillo y belleza \u00a0mostr\u00e1ndose muy diferente, la criolla dijo&#46;&#46;&#46;","og_url":"https:\/\/noti-america.com\/site\/mexico\/2021\/11\/03\/jose-mata-y-samuel-betancourt-resaltaron-a-yulimar-rojas-en-fotos\/","og_site_name":"M\u00e9xico","article_published_time":"2021-11-03T00:59:26+00:00","article_modified_time":"2021-11-03T01:06:02+00:00","og_image":[{"url":"https:\/\/noti-america.com\/site\/mexico\/wp-content\/uploads\/sites\/13\/2021\/11\/thumbnail_IMG-8474-250x300.jpg","type":"","width":"","height":""}],"author":"Yoelvzla","twitter_card":"summary_large_image","twitter_misc":{"Escrito por":"Yoelvzla","Tiempo estimado de lectura":"2 minutos"},"schema":{"@context":"https:\/\/schema.org","@graph":[{"@type":"Article","@id":"https:\/\/noti-america.com\/site\/mexico\/2021\/11\/03\/jose-mata-y-samuel-betancourt-resaltaron-a-yulimar-rojas-en-fotos\/#article","isPartOf":{"@id":"https:\/\/noti-america.com\/site\/mexico\/2021\/11\/03\/jose-mata-y-samuel-betancourt-resaltaron-a-yulimar-rojas-en-fotos\/"},"author":{"name":"Yoelvzla","@id":"https:\/\/noti-america.com\/site\/mexico\/#\/schema\/person\/376ccc7b3cc7a8d5a43c3ece07a43857"},"headline":"Jose Mata y Samuel Betancourt resaltaron a Yulimar Rojas en fotos","datePublished":"2021-11-03T00:59:26+00:00","dateModified":"2021-11-03T01:06:02+00:00","mainEntityOfPage":{"@id":"https:\/\/noti-america.com\/site\/mexico\/2021\/11\/03\/jose-mata-y-samuel-betancourt-resaltaron-a-yulimar-rojas-en-fotos\/"},"wordCount":205,"commentCount":0,"publisher":{"@id":"https:\/\/noti-america.com\/site\/mexico\/#organization"},"image":{"@id":"https:\/\/noti-america.com\/site\/mexico\/2021\/11\/03\/jose-mata-y-samuel-betancourt-resaltaron-a-yulimar-rojas-en-fotos\/#primaryimage"},"thumbnailUrl":"https:\/\/noti-america.com\/site\/mexico\/wp-content\/uploads\/sites\/13\/2021\/11\/thumbnail_IMG-8474-250x300.jpg","keywords":["#YulimarRojas #Venezuela #MissVenezuela"],"articleSection":["Far\u00e1ndula"],"inLanguage":"es","potentialAction":[{"@type":"CommentAction","name":"Comment","target":["https:\/\/noti-america.com\/site\/mexico\/2021\/11\/03\/jose-mata-y-samuel-betancourt-resaltaron-a-yulimar-rojas-en-fotos\/#respond"]}]},{"@type":"WebPage","@id":"https:\/\/noti-america.com\/site\/mexico\/2021\/11\/03\/jose-mata-y-samuel-betancourt-resaltaron-a-yulimar-rojas-en-fotos\/","url":"https:\/\/noti-america.com\/site\/mexico\/2021\/11\/03\/jose-mata-y-samuel-betancourt-resaltaron-a-yulimar-rojas-en-fotos\/","name":"Jose Mata y Samuel Betancourt resaltaron a Yulimar Rojas en fotos - M\u00e9xico","isPartOf":{"@id":"https:\/\/noti-america.com\/site\/mexico\/#website"},"primaryImageOfPage":{"@id":"https:\/\/noti-america.com\/site\/mexico\/2021\/11\/03\/jose-mata-y-samuel-betancourt-resaltaron-a-yulimar-rojas-en-fotos\/#primaryimage"},"image":{"@id":"https:\/\/noti-america.com\/site\/mexico\/2021\/11\/03\/jose-mata-y-samuel-betancourt-resaltaron-a-yulimar-rojas-en-fotos\/#primaryimage"},"thumbnailUrl":"https:\/\/noti-america.com\/site\/mexico\/wp-content\/uploads\/sites\/13\/2021\/11\/thumbnail_IMG-8474-250x300.jpg","datePublished":"2021-11-03T00:59:26+00:00","dateModified":"2021-11-03T01:06:02+00:00","breadcrumb":{"@id":"https:\/\/noti-america.com\/site\/mexico\/2021\/11\/03\/jose-mata-y-samuel-betancourt-resaltaron-a-yulimar-rojas-en-fotos\/#breadcrumb"},"inLanguage":"es","potentialAction":[{"@type":"ReadAction","target":["https:\/\/noti-america.com\/site\/mexico\/2021\/11\/03\/jose-mata-y-samuel-betancourt-resaltaron-a-yulimar-rojas-en-fotos\/"]}]},{"@type":"ImageObject","inLanguage":"es","@id":"https:\/\/noti-america.com\/site\/mexico\/2021\/11\/03\/jose-mata-y-samuel-betancourt-resaltaron-a-yulimar-rojas-en-fotos\/#primaryimage","url":"https:\/\/noti-america.com\/site\/mexico\/wp-content\/uploads\/sites\/13\/2021\/11\/thumbnail_IMG-8474.jpg","contentUrl":"https:\/\/noti-america.com\/site\/mexico\/wp-content\/uploads\/sites\/13\/2021\/11\/thumbnail_IMG-8474.jpg","width":1067,"height":1280},{"@type":"BreadcrumbList","@id":"https:\/\/noti-america.com\/site\/mexico\/2021\/11\/03\/jose-mata-y-samuel-betancourt-resaltaron-a-yulimar-rojas-en-fotos\/#breadcrumb","itemListElement":[{"@type":"ListItem","position":1,"name":"Portada","item":"https:\/\/noti-america.com\/site\/mexico\/"},{"@type":"ListItem","position":2,"name":"Jose Mata y Samuel Betancourt resaltaron a Yulimar Rojas en fotos"}]},{"@type":"WebSite","@id":"https:\/\/noti-america.com\/site\/mexico\/#website","url":"https:\/\/noti-america.com\/site\/mexico\/","name":"M\u00e9xico | Noti-America.com","description":"","publisher":{"@id":"https:\/\/noti-america.com\/site\/mexico\/#organization"},"potentialAction":[{"@type":"SearchAction","target":{"@type":"EntryPoint","urlTemplate":"https:\/\/noti-america.com\/site\/mexico\/?s={search_term_string}"},"query-input":{"@type":"PropertyValueSpecification","valueRequired":true,"valueName":"search_term_string"}}],"inLanguage":"es"},{"@type":"Organization","@id":"https:\/\/noti-america.com\/site\/mexico\/#organization","name":"Noti-America LLC | M\u00e9xico","url":"https:\/\/noti-america.com\/site\/mexico\/","logo":{"@type":"ImageObject","inLanguage":"es","@id":"https:\/\/noti-america.com\/site\/mexico\/#\/schema\/logo\/image\/","url":"https:\/\/noti-america.com\/site\/mexico\/wp-content\/uploads\/sites\/13\/2020\/07\/LogoNA-4x3-1.jpg","contentUrl":"https:\/\/noti-america.com\/site\/mexico\/wp-content\/uploads\/sites\/13\/2020\/07\/LogoNA-4x3-1.jpg","width":1236,"height":1080,"caption":"Noti-America LLC | M\u00e9xico"},"image":{"@id":"https:\/\/noti-america.com\/site\/mexico\/#\/schema\/logo\/image\/"}},{"@type":"Person","@id":"https:\/\/noti-america.com\/site\/mexico\/#\/schema\/person\/376ccc7b3cc7a8d5a43c3ece07a43857","name":"Yoelvzla","image":{"@type":"ImageObject","inLanguage":"es","@id":"https:\/\/secure.gravatar.com\/avatar\/13a96a72123e0e9aa76fe82e8847f726c63a1c5ef6a8d0fadd844c1a5a83b212?s=96&d=mm&r=g","url":"https:\/\/secure.gravatar.com\/avatar\/13a96a72123e0e9aa76fe82e8847f726c63a1c5ef6a8d0fadd844c1a5a83b212?s=96&d=mm&r=g","contentUrl":"https:\/\/secure.gravatar.com\/avatar\/13a96a72123e0e9aa76fe82e8847f726c63a1c5ef6a8d0fadd844c1a5a83b212?s=96&d=mm&r=g","caption":"Yoelvzla"},"url":"https:\/\/noti-america.com\/site\/mexico\/author\/ydiaz\/"}]}},"_links":{"self":[{"href":"https:\/\/noti-america.com\/site\/mexico\/wp-json\/wp\/v2\/posts\/6882","targetHints":{"allow":["GET"]}}],"collection":[{"href":"https:\/\/noti-america.com\/site\/mexico\/wp-json\/wp\/v2\/posts"}],"about":[{"href":"https:\/\/noti-america.com\/site\/mexico\/wp-json\/wp\/v2\/types\/post"}],"author":[{"embeddable":true,"href":"https:\/\/noti-america.com\/site\/mexico\/wp-json\/wp\/v2\/users\/127"}],"replies":[{"embeddable":true,"href":"https:\/\/noti-america.com\/site\/mexico\/wp-json\/wp\/v2\/comments?post=6882"}],"version-history":[{"count":3,"href":"https:\/\/noti-america.com\/site\/mexico\/wp-json\/wp\/v2\/posts\/6882\/revisions"}],"predecessor-version":[{"id":6887,"href":"https:\/\/noti-america.com\/site\/mexico\/wp-json\/wp\/v2\/posts\/6882\/revisions\/6887"}],"wp:attachment":[{"href":"https:\/\/noti-america.com\/site\/mexico\/wp-json\/wp\/v2\/media?parent=6882"}],"wp:term":[{"taxonomy":"category","embeddable":true,"href":"https:\/\/noti-america.com\/site\/mexico\/wp-json\/wp\/v2\/categories?post=6882"},{"taxonomy":"post_tag","embeddable":true,"href":"https:\/\/noti-america.com\/site\/mexico\/wp-json\/wp\/v2\/tags?post=6882"}],"curies":[{"name":"wp","href":"https:\/\/api.w.org\/{rel}","templated":true}]}}