{"id":6833,"date":"2021-10-26T00:47:53","date_gmt":"2021-10-26T00:47:53","guid":{"rendered":"https:\/\/noti-america.com\/site\/mexico\/?p=6833"},"modified":"2021-10-26T00:47:53","modified_gmt":"2021-10-26T00:47:53","slug":"jairo-ariza-el-psicologo-venezolano-que-lidera-un-grupo-de-expertos-profesionales-en-la-salud-intima","status":"publish","type":"post","link":"https:\/\/noti-america.com\/site\/mexico\/2021\/10\/26\/jairo-ariza-el-psicologo-venezolano-que-lidera-un-grupo-de-expertos-profesionales-en-la-salud-intima\/","title":{"rendered":"Jairo Ariza, el psic\u00f3logo venezolano que lidera un grupo de expertos profesionales en la salud \u00edntima"},"content":{"rendered":"<p><img loading=\"lazy\" decoding=\"async\" class=\"alignnone size-medium wp-image-6834\" src=\"https:\/\/noti-america.com\/site\/mexico\/wp-content\/uploads\/sites\/13\/2021\/10\/thumbnail_provoca--300x154.jpg\" alt=\"\" width=\"300\" height=\"154\" srcset=\"https:\/\/noti-america.com\/site\/mexico\/wp-content\/uploads\/sites\/13\/2021\/10\/thumbnail_provoca--300x154.jpg 300w, https:\/\/noti-america.com\/site\/mexico\/wp-content\/uploads\/sites\/13\/2021\/10\/thumbnail_provoca-.jpg 768w\" sizes=\"auto, (max-width: 300px) 100vw, 300px\" \/><\/p>\n<p>Con el pasar de los a\u00f1os, <strong>Teprovoca.com<\/strong> ha logrado posicionarse en el mercado latinoamericano; un grupo de expertos se han encargado de hacer a un lado los tabu\u00e9s que siguen arropando al mundo en cuanto a temas sexuales se refieren.<\/p>\n<p>No solo con la amplia gama de juguetes que ofrecen han captado al p\u00fablico, sino tambi\u00e9n con la informaci\u00f3n que brindan tanto el psic\u00f3logo Jairo Ariza, -fundador y creador-, y su equipo de trabajo dividido entre psic\u00f3logos, psiquiatras, sex\u00f3logos y terapeutas.<\/p>\n<p>Los expertos de Teprovoca.com, imparten conocimientos de la salud y el descubrimiento sexual, tambi\u00e9n terapias de parejas y disfunciones sexuales.<\/p>\n<p>Vale resaltar que Teprovoca.com, es la tienda l\u00edder en el mercado del sexshop en toda Am\u00e9rica; ofreciendo m\u00e1s de 7.000 juguetes para adultos.<\/p>\n<p>En redes sociales ha quedado evidenciada la receptividad de la marca y es que grandes estrellas han publicitado, impartiendo desde su calidad y servicio, entre ellas: <strong>Vanessa Senior, Yohana Vargas, Markos Music, Jorge Villaveces, Beta Mejia, Yei Love, Ana Alicia Alba Diosa Canales, Daniela Alvarado, Sabrina Salemi, Ivette Dominguez, Adriana Romero y Maria Antonieta Duque.<\/strong><\/p>\n<p>Actualmente cuentan con casi 300.000 seguidores en Instagram <strong>@teprovocaonline<\/strong>. Y, est\u00e1n franquiciado la marca, tienen sede en Venezuela, Estados Unidos, Per\u00fa, Colombia y pr\u00f3ximamente en Espa\u00f1a. Despachos a nivel Mundial.<\/p>\n","protected":false},"excerpt":{"rendered":"<p>Con el pasar de los a\u00f1os, Teprovoca.com ha logrado posicionarse en el mercado latinoamericano; un grupo de expertos se han encargado de hacer a un lado los tabu\u00e9s que siguen arropando al mundo en&#46;&#46;&#46;<\/p>\n","protected":false},"author":127,"featured_media":0,"comment_status":"open","ping_status":"open","sticky":false,"template":"","format":"standard","meta":{"_acf_changed":false,"om_disable_all_campaigns":false,"rop_custom_images_group":[],"rop_custom_messages_group":[],"rop_publish_now":"initial","rop_publish_now_accounts":{"twitter_242054905_242054905":""},"rop_publish_now_history":[],"rop_publish_now_status":"pending","_uf_show_specific_survey":0,"_uf_disable_surveys":false,"footnotes":""},"categories":[56],"tags":[799],"class_list":["post-6833","post","type-post","status-publish","format-standard","hentry","category-farandula","tag-mexico-venezuela"],"acf":[],"aioseo_notices":[],"yoast_head":"<!-- This site is optimized with the Yoast SEO Premium plugin v24.9 (Yoast SEO v27.2) - https:\/\/yoast.com\/product\/yoast-seo-premium-wordpress\/ -->\n<title>Jairo Ariza, el psic\u00f3logo venezolano que lidera un grupo de expertos profesionales en la salud \u00edntima - M\u00e9xico<\/title>\n<meta name=\"robots\" content=\"index, follow, max-snippet:-1, max-image-preview:large, max-video-preview:-1\" \/>\n<link rel=\"canonical\" href=\"https:\/\/noti-america.com\/site\/mexico\/2021\/10\/26\/jairo-ariza-el-psicologo-venezolano-que-lidera-un-grupo-de-expertos-profesionales-en-la-salud-intima\/\" \/>\n<meta property=\"og:locale\" content=\"es_ES\" \/>\n<meta property=\"og:type\" content=\"article\" \/>\n<meta property=\"og:title\" content=\"Jairo Ariza, el psic\u00f3logo venezolano que lidera un grupo de expertos profesionales en la salud \u00edntima\" \/>\n<meta property=\"og:description\" content=\"Con el pasar de los a\u00f1os, Teprovoca.com ha logrado posicionarse en el mercado latinoamericano; un grupo de expertos se han encargado de hacer a un lado los tabu\u00e9s que siguen arropando al mundo en&#046;&#046;&#046;\" \/>\n<meta property=\"og:url\" content=\"https:\/\/noti-america.com\/site\/mexico\/2021\/10\/26\/jairo-ariza-el-psicologo-venezolano-que-lidera-un-grupo-de-expertos-profesionales-en-la-salud-intima\/\" \/>\n<meta property=\"og:site_name\" content=\"M\u00e9xico\" \/>\n<meta property=\"article:published_time\" content=\"2021-10-26T00:47:53+00:00\" \/>\n<meta property=\"og:image\" content=\"https:\/\/noti-america.com\/site\/mexico\/wp-content\/uploads\/sites\/13\/2021\/10\/thumbnail_provoca--300x154.jpg\" \/>\n<meta name=\"author\" content=\"Yoelvzla\" \/>\n<meta name=\"twitter:card\" content=\"summary_large_image\" \/>\n<meta name=\"twitter:label1\" content=\"Escrito por\" \/>\n\t<meta name=\"twitter:data1\" content=\"Yoelvzla\" \/>\n\t<meta name=\"twitter:label2\" content=\"Tiempo estimado de lectura\" \/>\n\t<meta name=\"twitter:data2\" content=\"1 minuto\" \/>\n<script type=\"application\/ld+json\" class=\"yoast-schema-graph\">{\"@context\":\"https:\/\/schema.org\",\"@graph\":[{\"@type\":\"Article\",\"@id\":\"https:\/\/noti-america.com\/site\/mexico\/2021\/10\/26\/jairo-ariza-el-psicologo-venezolano-que-lidera-un-grupo-de-expertos-profesionales-en-la-salud-intima\/#article\",\"isPartOf\":{\"@id\":\"https:\/\/noti-america.com\/site\/mexico\/2021\/10\/26\/jairo-ariza-el-psicologo-venezolano-que-lidera-un-grupo-de-expertos-profesionales-en-la-salud-intima\/\"},\"author\":{\"name\":\"Yoelvzla\",\"@id\":\"https:\/\/noti-america.com\/site\/mexico\/#\/schema\/person\/376ccc7b3cc7a8d5a43c3ece07a43857\"},\"headline\":\"Jairo Ariza, el psic\u00f3logo venezolano que lidera un grupo de expertos profesionales en la salud \u00edntima\",\"datePublished\":\"2021-10-26T00:47:53+00:00\",\"mainEntityOfPage\":{\"@id\":\"https:\/\/noti-america.com\/site\/mexico\/2021\/10\/26\/jairo-ariza-el-psicologo-venezolano-que-lidera-un-grupo-de-expertos-profesionales-en-la-salud-intima\/\"},\"wordCount\":242,\"commentCount\":0,\"publisher\":{\"@id\":\"https:\/\/noti-america.com\/site\/mexico\/#organization\"},\"image\":{\"@id\":\"https:\/\/noti-america.com\/site\/mexico\/2021\/10\/26\/jairo-ariza-el-psicologo-venezolano-que-lidera-un-grupo-de-expertos-profesionales-en-la-salud-intima\/#primaryimage\"},\"thumbnailUrl\":\"https:\/\/noti-america.com\/site\/mexico\/wp-content\/uploads\/sites\/13\/2021\/10\/thumbnail_provoca--300x154.jpg\",\"keywords\":[\"#Mexico #Venezuela\"],\"articleSection\":[\"Far\u00e1ndula\"],\"inLanguage\":\"es\",\"potentialAction\":[{\"@type\":\"CommentAction\",\"name\":\"Comment\",\"target\":[\"https:\/\/noti-america.com\/site\/mexico\/2021\/10\/26\/jairo-ariza-el-psicologo-venezolano-que-lidera-un-grupo-de-expertos-profesionales-en-la-salud-intima\/#respond\"]}]},{\"@type\":\"WebPage\",\"@id\":\"https:\/\/noti-america.com\/site\/mexico\/2021\/10\/26\/jairo-ariza-el-psicologo-venezolano-que-lidera-un-grupo-de-expertos-profesionales-en-la-salud-intima\/\",\"url\":\"https:\/\/noti-america.com\/site\/mexico\/2021\/10\/26\/jairo-ariza-el-psicologo-venezolano-que-lidera-un-grupo-de-expertos-profesionales-en-la-salud-intima\/\",\"name\":\"Jairo Ariza, el psic\u00f3logo venezolano que lidera un grupo de expertos profesionales en la salud \u00edntima - M\u00e9xico\",\"isPartOf\":{\"@id\":\"https:\/\/noti-america.com\/site\/mexico\/#website\"},\"primaryImageOfPage\":{\"@id\":\"https:\/\/noti-america.com\/site\/mexico\/2021\/10\/26\/jairo-ariza-el-psicologo-venezolano-que-lidera-un-grupo-de-expertos-profesionales-en-la-salud-intima\/#primaryimage\"},\"image\":{\"@id\":\"https:\/\/noti-america.com\/site\/mexico\/2021\/10\/26\/jairo-ariza-el-psicologo-venezolano-que-lidera-un-grupo-de-expertos-profesionales-en-la-salud-intima\/#primaryimage\"},\"thumbnailUrl\":\"https:\/\/noti-america.com\/site\/mexico\/wp-content\/uploads\/sites\/13\/2021\/10\/thumbnail_provoca--300x154.jpg\",\"datePublished\":\"2021-10-26T00:47:53+00:00\",\"breadcrumb\":{\"@id\":\"https:\/\/noti-america.com\/site\/mexico\/2021\/10\/26\/jairo-ariza-el-psicologo-venezolano-que-lidera-un-grupo-de-expertos-profesionales-en-la-salud-intima\/#breadcrumb\"},\"inLanguage\":\"es\",\"potentialAction\":[{\"@type\":\"ReadAction\",\"target\":[\"https:\/\/noti-america.com\/site\/mexico\/2021\/10\/26\/jairo-ariza-el-psicologo-venezolano-que-lidera-un-grupo-de-expertos-profesionales-en-la-salud-intima\/\"]}]},{\"@type\":\"ImageObject\",\"inLanguage\":\"es\",\"@id\":\"https:\/\/noti-america.com\/site\/mexico\/2021\/10\/26\/jairo-ariza-el-psicologo-venezolano-que-lidera-un-grupo-de-expertos-profesionales-en-la-salud-intima\/#primaryimage\",\"url\":\"https:\/\/noti-america.com\/site\/mexico\/wp-content\/uploads\/sites\/13\/2021\/10\/thumbnail_provoca-.jpg\",\"contentUrl\":\"https:\/\/noti-america.com\/site\/mexico\/wp-content\/uploads\/sites\/13\/2021\/10\/thumbnail_provoca-.jpg\",\"width\":768,\"height\":394},{\"@type\":\"BreadcrumbList\",\"@id\":\"https:\/\/noti-america.com\/site\/mexico\/2021\/10\/26\/jairo-ariza-el-psicologo-venezolano-que-lidera-un-grupo-de-expertos-profesionales-en-la-salud-intima\/#breadcrumb\",\"itemListElement\":[{\"@type\":\"ListItem\",\"position\":1,\"name\":\"Portada\",\"item\":\"https:\/\/noti-america.com\/site\/mexico\/\"},{\"@type\":\"ListItem\",\"position\":2,\"name\":\"Jairo Ariza, el psic\u00f3logo venezolano que lidera un grupo de expertos profesionales en la salud \u00edntima\"}]},{\"@type\":\"WebSite\",\"@id\":\"https:\/\/noti-america.com\/site\/mexico\/#website\",\"url\":\"https:\/\/noti-america.com\/site\/mexico\/\",\"name\":\"M\u00e9xico | Noti-America.com\",\"description\":\"\",\"publisher\":{\"@id\":\"https:\/\/noti-america.com\/site\/mexico\/#organization\"},\"potentialAction\":[{\"@type\":\"SearchAction\",\"target\":{\"@type\":\"EntryPoint\",\"urlTemplate\":\"https:\/\/noti-america.com\/site\/mexico\/?s={search_term_string}\"},\"query-input\":{\"@type\":\"PropertyValueSpecification\",\"valueRequired\":true,\"valueName\":\"search_term_string\"}}],\"inLanguage\":\"es\"},{\"@type\":\"Organization\",\"@id\":\"https:\/\/noti-america.com\/site\/mexico\/#organization\",\"name\":\"Noti-America LLC | M\u00e9xico\",\"url\":\"https:\/\/noti-america.com\/site\/mexico\/\",\"logo\":{\"@type\":\"ImageObject\",\"inLanguage\":\"es\",\"@id\":\"https:\/\/noti-america.com\/site\/mexico\/#\/schema\/logo\/image\/\",\"url\":\"https:\/\/noti-america.com\/site\/mexico\/wp-content\/uploads\/sites\/13\/2020\/07\/LogoNA-4x3-1.jpg\",\"contentUrl\":\"https:\/\/noti-america.com\/site\/mexico\/wp-content\/uploads\/sites\/13\/2020\/07\/LogoNA-4x3-1.jpg\",\"width\":1236,\"height\":1080,\"caption\":\"Noti-America LLC | M\u00e9xico\"},\"image\":{\"@id\":\"https:\/\/noti-america.com\/site\/mexico\/#\/schema\/logo\/image\/\"}},{\"@type\":\"Person\",\"@id\":\"https:\/\/noti-america.com\/site\/mexico\/#\/schema\/person\/376ccc7b3cc7a8d5a43c3ece07a43857\",\"name\":\"Yoelvzla\",\"image\":{\"@type\":\"ImageObject\",\"inLanguage\":\"es\",\"@id\":\"https:\/\/secure.gravatar.com\/avatar\/13a96a72123e0e9aa76fe82e8847f726c63a1c5ef6a8d0fadd844c1a5a83b212?s=96&d=mm&r=g\",\"url\":\"https:\/\/secure.gravatar.com\/avatar\/13a96a72123e0e9aa76fe82e8847f726c63a1c5ef6a8d0fadd844c1a5a83b212?s=96&d=mm&r=g\",\"contentUrl\":\"https:\/\/secure.gravatar.com\/avatar\/13a96a72123e0e9aa76fe82e8847f726c63a1c5ef6a8d0fadd844c1a5a83b212?s=96&d=mm&r=g\",\"caption\":\"Yoelvzla\"},\"url\":\"https:\/\/noti-america.com\/site\/mexico\/author\/ydiaz\/\"}]}<\/script>\n<!-- \/ Yoast SEO Premium plugin. -->","yoast_head_json":{"title":"Jairo Ariza, el psic\u00f3logo venezolano que lidera un grupo de expertos profesionales en la salud \u00edntima - M\u00e9xico","robots":{"index":"index","follow":"follow","max-snippet":"max-snippet:-1","max-image-preview":"max-image-preview:large","max-video-preview":"max-video-preview:-1"},"canonical":"https:\/\/noti-america.com\/site\/mexico\/2021\/10\/26\/jairo-ariza-el-psicologo-venezolano-que-lidera-un-grupo-de-expertos-profesionales-en-la-salud-intima\/","og_locale":"es_ES","og_type":"article","og_title":"Jairo Ariza, el psic\u00f3logo venezolano que lidera un grupo de expertos profesionales en la salud \u00edntima","og_description":"Con el pasar de los a\u00f1os, Teprovoca.com ha logrado posicionarse en el mercado latinoamericano; un grupo de expertos se han encargado de hacer a un lado los tabu\u00e9s que siguen arropando al mundo en&#46;&#46;&#46;","og_url":"https:\/\/noti-america.com\/site\/mexico\/2021\/10\/26\/jairo-ariza-el-psicologo-venezolano-que-lidera-un-grupo-de-expertos-profesionales-en-la-salud-intima\/","og_site_name":"M\u00e9xico","article_published_time":"2021-10-26T00:47:53+00:00","og_image":[{"url":"https:\/\/noti-america.com\/site\/mexico\/wp-content\/uploads\/sites\/13\/2021\/10\/thumbnail_provoca--300x154.jpg","type":"","width":"","height":""}],"author":"Yoelvzla","twitter_card":"summary_large_image","twitter_misc":{"Escrito por":"Yoelvzla","Tiempo estimado de lectura":"1 minuto"},"schema":{"@context":"https:\/\/schema.org","@graph":[{"@type":"Article","@id":"https:\/\/noti-america.com\/site\/mexico\/2021\/10\/26\/jairo-ariza-el-psicologo-venezolano-que-lidera-un-grupo-de-expertos-profesionales-en-la-salud-intima\/#article","isPartOf":{"@id":"https:\/\/noti-america.com\/site\/mexico\/2021\/10\/26\/jairo-ariza-el-psicologo-venezolano-que-lidera-un-grupo-de-expertos-profesionales-en-la-salud-intima\/"},"author":{"name":"Yoelvzla","@id":"https:\/\/noti-america.com\/site\/mexico\/#\/schema\/person\/376ccc7b3cc7a8d5a43c3ece07a43857"},"headline":"Jairo Ariza, el psic\u00f3logo venezolano que lidera un grupo de expertos profesionales en la salud \u00edntima","datePublished":"2021-10-26T00:47:53+00:00","mainEntityOfPage":{"@id":"https:\/\/noti-america.com\/site\/mexico\/2021\/10\/26\/jairo-ariza-el-psicologo-venezolano-que-lidera-un-grupo-de-expertos-profesionales-en-la-salud-intima\/"},"wordCount":242,"commentCount":0,"publisher":{"@id":"https:\/\/noti-america.com\/site\/mexico\/#organization"},"image":{"@id":"https:\/\/noti-america.com\/site\/mexico\/2021\/10\/26\/jairo-ariza-el-psicologo-venezolano-que-lidera-un-grupo-de-expertos-profesionales-en-la-salud-intima\/#primaryimage"},"thumbnailUrl":"https:\/\/noti-america.com\/site\/mexico\/wp-content\/uploads\/sites\/13\/2021\/10\/thumbnail_provoca--300x154.jpg","keywords":["#Mexico #Venezuela"],"articleSection":["Far\u00e1ndula"],"inLanguage":"es","potentialAction":[{"@type":"CommentAction","name":"Comment","target":["https:\/\/noti-america.com\/site\/mexico\/2021\/10\/26\/jairo-ariza-el-psicologo-venezolano-que-lidera-un-grupo-de-expertos-profesionales-en-la-salud-intima\/#respond"]}]},{"@type":"WebPage","@id":"https:\/\/noti-america.com\/site\/mexico\/2021\/10\/26\/jairo-ariza-el-psicologo-venezolano-que-lidera-un-grupo-de-expertos-profesionales-en-la-salud-intima\/","url":"https:\/\/noti-america.com\/site\/mexico\/2021\/10\/26\/jairo-ariza-el-psicologo-venezolano-que-lidera-un-grupo-de-expertos-profesionales-en-la-salud-intima\/","name":"Jairo Ariza, el psic\u00f3logo venezolano que lidera un grupo de expertos profesionales en la salud \u00edntima - M\u00e9xico","isPartOf":{"@id":"https:\/\/noti-america.com\/site\/mexico\/#website"},"primaryImageOfPage":{"@id":"https:\/\/noti-america.com\/site\/mexico\/2021\/10\/26\/jairo-ariza-el-psicologo-venezolano-que-lidera-un-grupo-de-expertos-profesionales-en-la-salud-intima\/#primaryimage"},"image":{"@id":"https:\/\/noti-america.com\/site\/mexico\/2021\/10\/26\/jairo-ariza-el-psicologo-venezolano-que-lidera-un-grupo-de-expertos-profesionales-en-la-salud-intima\/#primaryimage"},"thumbnailUrl":"https:\/\/noti-america.com\/site\/mexico\/wp-content\/uploads\/sites\/13\/2021\/10\/thumbnail_provoca--300x154.jpg","datePublished":"2021-10-26T00:47:53+00:00","breadcrumb":{"@id":"https:\/\/noti-america.com\/site\/mexico\/2021\/10\/26\/jairo-ariza-el-psicologo-venezolano-que-lidera-un-grupo-de-expertos-profesionales-en-la-salud-intima\/#breadcrumb"},"inLanguage":"es","potentialAction":[{"@type":"ReadAction","target":["https:\/\/noti-america.com\/site\/mexico\/2021\/10\/26\/jairo-ariza-el-psicologo-venezolano-que-lidera-un-grupo-de-expertos-profesionales-en-la-salud-intima\/"]}]},{"@type":"ImageObject","inLanguage":"es","@id":"https:\/\/noti-america.com\/site\/mexico\/2021\/10\/26\/jairo-ariza-el-psicologo-venezolano-que-lidera-un-grupo-de-expertos-profesionales-en-la-salud-intima\/#primaryimage","url":"https:\/\/noti-america.com\/site\/mexico\/wp-content\/uploads\/sites\/13\/2021\/10\/thumbnail_provoca-.jpg","contentUrl":"https:\/\/noti-america.com\/site\/mexico\/wp-content\/uploads\/sites\/13\/2021\/10\/thumbnail_provoca-.jpg","width":768,"height":394},{"@type":"BreadcrumbList","@id":"https:\/\/noti-america.com\/site\/mexico\/2021\/10\/26\/jairo-ariza-el-psicologo-venezolano-que-lidera-un-grupo-de-expertos-profesionales-en-la-salud-intima\/#breadcrumb","itemListElement":[{"@type":"ListItem","position":1,"name":"Portada","item":"https:\/\/noti-america.com\/site\/mexico\/"},{"@type":"ListItem","position":2,"name":"Jairo Ariza, el psic\u00f3logo venezolano que lidera un grupo de expertos profesionales en la salud \u00edntima"}]},{"@type":"WebSite","@id":"https:\/\/noti-america.com\/site\/mexico\/#website","url":"https:\/\/noti-america.com\/site\/mexico\/","name":"M\u00e9xico | Noti-America.com","description":"","publisher":{"@id":"https:\/\/noti-america.com\/site\/mexico\/#organization"},"potentialAction":[{"@type":"SearchAction","target":{"@type":"EntryPoint","urlTemplate":"https:\/\/noti-america.com\/site\/mexico\/?s={search_term_string}"},"query-input":{"@type":"PropertyValueSpecification","valueRequired":true,"valueName":"search_term_string"}}],"inLanguage":"es"},{"@type":"Organization","@id":"https:\/\/noti-america.com\/site\/mexico\/#organization","name":"Noti-America LLC | M\u00e9xico","url":"https:\/\/noti-america.com\/site\/mexico\/","logo":{"@type":"ImageObject","inLanguage":"es","@id":"https:\/\/noti-america.com\/site\/mexico\/#\/schema\/logo\/image\/","url":"https:\/\/noti-america.com\/site\/mexico\/wp-content\/uploads\/sites\/13\/2020\/07\/LogoNA-4x3-1.jpg","contentUrl":"https:\/\/noti-america.com\/site\/mexico\/wp-content\/uploads\/sites\/13\/2020\/07\/LogoNA-4x3-1.jpg","width":1236,"height":1080,"caption":"Noti-America LLC | M\u00e9xico"},"image":{"@id":"https:\/\/noti-america.com\/site\/mexico\/#\/schema\/logo\/image\/"}},{"@type":"Person","@id":"https:\/\/noti-america.com\/site\/mexico\/#\/schema\/person\/376ccc7b3cc7a8d5a43c3ece07a43857","name":"Yoelvzla","image":{"@type":"ImageObject","inLanguage":"es","@id":"https:\/\/secure.gravatar.com\/avatar\/13a96a72123e0e9aa76fe82e8847f726c63a1c5ef6a8d0fadd844c1a5a83b212?s=96&d=mm&r=g","url":"https:\/\/secure.gravatar.com\/avatar\/13a96a72123e0e9aa76fe82e8847f726c63a1c5ef6a8d0fadd844c1a5a83b212?s=96&d=mm&r=g","contentUrl":"https:\/\/secure.gravatar.com\/avatar\/13a96a72123e0e9aa76fe82e8847f726c63a1c5ef6a8d0fadd844c1a5a83b212?s=96&d=mm&r=g","caption":"Yoelvzla"},"url":"https:\/\/noti-america.com\/site\/mexico\/author\/ydiaz\/"}]}},"_links":{"self":[{"href":"https:\/\/noti-america.com\/site\/mexico\/wp-json\/wp\/v2\/posts\/6833","targetHints":{"allow":["GET"]}}],"collection":[{"href":"https:\/\/noti-america.com\/site\/mexico\/wp-json\/wp\/v2\/posts"}],"about":[{"href":"https:\/\/noti-america.com\/site\/mexico\/wp-json\/wp\/v2\/types\/post"}],"author":[{"embeddable":true,"href":"https:\/\/noti-america.com\/site\/mexico\/wp-json\/wp\/v2\/users\/127"}],"replies":[{"embeddable":true,"href":"https:\/\/noti-america.com\/site\/mexico\/wp-json\/wp\/v2\/comments?post=6833"}],"version-history":[{"count":1,"href":"https:\/\/noti-america.com\/site\/mexico\/wp-json\/wp\/v2\/posts\/6833\/revisions"}],"predecessor-version":[{"id":6835,"href":"https:\/\/noti-america.com\/site\/mexico\/wp-json\/wp\/v2\/posts\/6833\/revisions\/6835"}],"wp:attachment":[{"href":"https:\/\/noti-america.com\/site\/mexico\/wp-json\/wp\/v2\/media?parent=6833"}],"wp:term":[{"taxonomy":"category","embeddable":true,"href":"https:\/\/noti-america.com\/site\/mexico\/wp-json\/wp\/v2\/categories?post=6833"},{"taxonomy":"post_tag","embeddable":true,"href":"https:\/\/noti-america.com\/site\/mexico\/wp-json\/wp\/v2\/tags?post=6833"}],"curies":[{"name":"wp","href":"https:\/\/api.w.org\/{rel}","templated":true}]}}