{"id":6741,"date":"2021-10-13T22:17:59","date_gmt":"2021-10-13T22:17:59","guid":{"rendered":"https:\/\/noti-america.com\/site\/mexico\/?p=6741"},"modified":"2021-10-14T00:11:48","modified_gmt":"2021-10-14T00:11:48","slug":"espiritistas-reanudaron-el-baile-en-candela-pidiendo-terminar-el-covid-19","status":"publish","type":"post","link":"https:\/\/noti-america.com\/site\/mexico\/2021\/10\/13\/espiritistas-reanudaron-el-baile-en-candela-pidiendo-terminar-el-covid-19\/","title":{"rendered":"Espiritistas reanudaron el baile en candela pidiendo terminar el Covid-19"},"content":{"rendered":"<p><img loading=\"lazy\" decoding=\"async\" class=\"alignnone size-medium wp-image-6742\" src=\"https:\/\/noti-america.com\/site\/mexico\/wp-content\/uploads\/sites\/13\/2021\/10\/thumbnail_IMG_6670-300x225.jpg\" alt=\"\" width=\"300\" height=\"225\" srcset=\"https:\/\/noti-america.com\/site\/mexico\/wp-content\/uploads\/sites\/13\/2021\/10\/thumbnail_IMG_6670-300x225.jpg 300w, https:\/\/noti-america.com\/site\/mexico\/wp-content\/uploads\/sites\/13\/2021\/10\/thumbnail_IMG_6670-1024x768.jpg 1024w, https:\/\/noti-america.com\/site\/mexico\/wp-content\/uploads\/sites\/13\/2021\/10\/thumbnail_IMG_6670-768x576.jpg 768w, https:\/\/noti-america.com\/site\/mexico\/wp-content\/uploads\/sites\/13\/2021\/10\/thumbnail_IMG_6670.jpg 1280w\" sizes=\"auto, (max-width: 300px) 100vw, 300px\" \/><\/p>\n<div dir=\"auto\">\n<div>\n<p class=\"x_MsoNormal\">El pasado 12 de octubre se realiz\u00f3, el popular baile en candela que se realiza cada a\u00f1o en la Monta\u00f1a de Sorte en sus cuatros sectores Sorte, Quibayo, El Loro y Aracal que divide el Monumento Natural Cerro de Mar\u00eda Lionza, ubicado en el Municipio Bruzual del estado Yaracuy, un aproximado de cuatro mil personas dijeron presente para agradecer a Mar\u00eda Lionza, entre sus oraciones fueron que este virus que mantiene azotado el mundo se vaya por completo, para continuar una vida normal.<\/p>\n<\/div>\n<p><img loading=\"lazy\" decoding=\"async\" class=\"alignnone size-medium wp-image-6743\" src=\"https:\/\/noti-america.com\/site\/mexico\/wp-content\/uploads\/sites\/13\/2021\/10\/IMG_6895-300x158.jpeg\" alt=\"\" width=\"300\" height=\"158\" srcset=\"https:\/\/noti-america.com\/site\/mexico\/wp-content\/uploads\/sites\/13\/2021\/10\/IMG_6895-300x158.jpeg 300w, https:\/\/noti-america.com\/site\/mexico\/wp-content\/uploads\/sites\/13\/2021\/10\/IMG_6895-1024x540.jpeg 1024w, https:\/\/noti-america.com\/site\/mexico\/wp-content\/uploads\/sites\/13\/2021\/10\/IMG_6895-768x405.jpeg 768w, https:\/\/noti-america.com\/site\/mexico\/wp-content\/uploads\/sites\/13\/2021\/10\/IMG_6895.jpeg 1124w\" sizes=\"auto, (max-width: 300px) 100vw, 300px\" \/><\/p>\n<div>\n<p class=\"x_MsoNormal\">Desde el a\u00f1o 2019, no se realizaba este tradicional danza al fuego, por la pandemia donde el gobierno del estado se vio en la necesidad de cerrar sus puertas para evitar la propagaci\u00f3n de la Covid-19, este a\u00f1o el dispositivo de seguridad\u00a0\u00a0la custodio la\u00a0\u00a0Guardia Nacional Bolivariana (GNB), Polic\u00eda del estado Yaracuy, Polic\u00eda Nacional Bolivariana, Bomberos del estado Yaracuy, Inparques, d\u00edas antes del baile religiosos fueron sorprendidos en la monta\u00f1a adentro por delincuentes, donde hicieron una denuncia p\u00fablica\u00a0\u00a0que requieren m\u00e1s seguridad para evitar ser despojados de\u00a0\u00a0sus partencias aseguran que muchos van a rezar y otros para apoderase de lo ajeno.<\/p>\n<p class=\"x_MsoNormal\">El acto estuvo dirigido por el \u201cPortal Urimare\u201d de San Casimiro, estado Aragua\u00a0\u00a0donde contaron con la presencia de 27 bancos y 27 materias para realizar este importante acto de fe, entre los danzantes se encontraba Edward Guidice oriundo de Guatire estado Miranda con m\u00e1s de 20 a\u00f1os danz\u00e1ndole a la corte ind\u00edgena en una entrevista dijo \u201cMe siento orgulloso de ser hijo de mi madre reina, cada a\u00f1o digo presente en homenaje a ella para hacer este ritual requiere una preparaci\u00f3n no comer carnes rojas, ayuno, leer la biblia, meditaci\u00f3n para luego que llegue el d\u00eda las entidades espir\u00edtales bajen a trasmitir su mensaje\u201d dijo el creyente esta deidad aut\u00f3ctona de Venezuela.<\/p>\n<p><img loading=\"lazy\" decoding=\"async\" class=\"alignnone size-medium wp-image-6747\" src=\"https:\/\/noti-america.com\/site\/mexico\/wp-content\/uploads\/sites\/13\/2021\/10\/thumbnail_IMG_6662-300x225.jpg\" alt=\"\" width=\"300\" height=\"225\" srcset=\"https:\/\/noti-america.com\/site\/mexico\/wp-content\/uploads\/sites\/13\/2021\/10\/thumbnail_IMG_6662-300x225.jpg 300w, https:\/\/noti-america.com\/site\/mexico\/wp-content\/uploads\/sites\/13\/2021\/10\/thumbnail_IMG_6662-1024x768.jpg 1024w, https:\/\/noti-america.com\/site\/mexico\/wp-content\/uploads\/sites\/13\/2021\/10\/thumbnail_IMG_6662-768x576.jpg 768w, https:\/\/noti-america.com\/site\/mexico\/wp-content\/uploads\/sites\/13\/2021\/10\/thumbnail_IMG_6662.jpg 1280w\" sizes=\"auto, (max-width: 300px) 100vw, 300px\" \/><\/p>\n<p class=\"x_MsoNormal\">Estos hombres y mujeres luego de pedir permiso a la Reina Mar\u00eda Lionza, bailan por grupos sobre brasas ardientes, como una manera de honrar a la diosa yaracuyana por los favores recibidos.<\/p>\n<p class=\"x_MsoNormal\">Esta festividad incluye desde las m\u00e1s modestas ofrendas como flores, velas, rezos e inciensos hasta la bajada de esp\u00edritus a trav\u00e9s de m\u00e9diums en cualquier lugar de Venezuela.<\/p>\n<p class=\"x_MsoNormal\">Aunque existieron algunos factores, entre ellos la devaluaci\u00f3n la moneda y problemas con la gasolina no le fue impedimento para movilizarse a este lugar, al ingresar al Parque Natural las autoridades le realizaban una charla, donde el preguntaban cuando sal\u00edan del lugar, evitar de sacar celulares u objetos de valor para evitar ser sorprendidos por el hampa, Inparques le exig\u00eda a los religioso que no se pod\u00eda realizar reventamiento con coco, es una contaminaci\u00f3n s\u00f3nica y esas explosiones afecta los deslizamientos, este ritual es realizado con esta fruta y p\u00f3lvora que hace estallar con un sonido muy fuerte.<\/p>\n<\/div>\n<div>\n<div id=\"x_x_Signature\">\n<div>\n<div id=\"x_x_divtagdefaultwrapper\" dir=\"ltr\">\n<div><img loading=\"lazy\" decoding=\"async\" class=\"alignnone size-medium wp-image-6744\" src=\"https:\/\/noti-america.com\/site\/mexico\/wp-content\/uploads\/sites\/13\/2021\/10\/thumbnail_IMG_6619-300x225.jpg\" alt=\"\" width=\"300\" height=\"225\" srcset=\"https:\/\/noti-america.com\/site\/mexico\/wp-content\/uploads\/sites\/13\/2021\/10\/thumbnail_IMG_6619-300x225.jpg 300w, https:\/\/noti-america.com\/site\/mexico\/wp-content\/uploads\/sites\/13\/2021\/10\/thumbnail_IMG_6619-1024x768.jpg 1024w, https:\/\/noti-america.com\/site\/mexico\/wp-content\/uploads\/sites\/13\/2021\/10\/thumbnail_IMG_6619-768x576.jpg 768w, https:\/\/noti-america.com\/site\/mexico\/wp-content\/uploads\/sites\/13\/2021\/10\/thumbnail_IMG_6619.jpg 1280w\" sizes=\"auto, (max-width: 300px) 100vw, 300px\" \/><\/div>\n<\/div>\n<\/div>\n<\/div>\n<\/div>\n<\/div>\n","protected":false},"excerpt":{"rendered":"<p>El pasado 12 de octubre se realiz\u00f3, el popular baile en candela que se realiza cada a\u00f1o en la Monta\u00f1a de Sorte en sus cuatros sectores Sorte, Quibayo, El Loro y Aracal que divide&#46;&#46;&#46;<\/p>\n","protected":false},"author":127,"featured_media":0,"comment_status":"open","ping_status":"open","sticky":false,"template":"","format":"standard","meta":{"_acf_changed":false,"om_disable_all_campaigns":false,"rop_custom_images_group":[],"rop_custom_messages_group":[],"rop_publish_now":"initial","rop_publish_now_accounts":{"twitter_242054905_242054905":""},"rop_publish_now_history":[],"rop_publish_now_status":"pending","_uf_show_specific_survey":0,"_uf_disable_surveys":false,"footnotes":""},"categories":[417],"tags":[796],"class_list":["post-6741","post","type-post","status-publish","format-standard","hentry","category-venezuela","tag-montanadesorte-quibayo-yaracuy-venezuela-baileencandela"],"acf":[],"aioseo_notices":[],"yoast_head":"<!-- This site is optimized with the Yoast SEO Premium plugin v24.9 (Yoast SEO v27.2) - https:\/\/yoast.com\/product\/yoast-seo-premium-wordpress\/ -->\n<title>Espiritistas reanudaron el baile en candela pidiendo terminar el Covid-19 - M\u00e9xico<\/title>\n<meta name=\"robots\" content=\"index, follow, max-snippet:-1, max-image-preview:large, max-video-preview:-1\" \/>\n<link rel=\"canonical\" href=\"https:\/\/noti-america.com\/site\/mexico\/2021\/10\/13\/espiritistas-reanudaron-el-baile-en-candela-pidiendo-terminar-el-covid-19\/\" \/>\n<meta property=\"og:locale\" content=\"es_ES\" \/>\n<meta property=\"og:type\" content=\"article\" \/>\n<meta property=\"og:title\" content=\"Espiritistas reanudaron el baile en candela pidiendo terminar el Covid-19\" \/>\n<meta property=\"og:description\" content=\"El pasado 12 de octubre se realiz\u00f3, el popular baile en candela que se realiza cada a\u00f1o en la Monta\u00f1a de Sorte en sus cuatros sectores Sorte, Quibayo, El Loro y Aracal que divide&#046;&#046;&#046;\" \/>\n<meta property=\"og:url\" content=\"https:\/\/noti-america.com\/site\/mexico\/2021\/10\/13\/espiritistas-reanudaron-el-baile-en-candela-pidiendo-terminar-el-covid-19\/\" \/>\n<meta property=\"og:site_name\" content=\"M\u00e9xico\" \/>\n<meta property=\"article:published_time\" content=\"2021-10-13T22:17:59+00:00\" \/>\n<meta property=\"article:modified_time\" content=\"2021-10-14T00:11:48+00:00\" \/>\n<meta property=\"og:image\" content=\"https:\/\/noti-america.com\/site\/mexico\/wp-content\/uploads\/sites\/13\/2021\/10\/thumbnail_IMG_6670-300x225.jpg\" \/>\n<meta name=\"author\" content=\"Yoelvzla\" \/>\n<meta name=\"twitter:card\" content=\"summary_large_image\" \/>\n<meta name=\"twitter:label1\" content=\"Escrito por\" \/>\n\t<meta name=\"twitter:data1\" content=\"Yoelvzla\" \/>\n\t<meta name=\"twitter:label2\" content=\"Tiempo estimado de lectura\" \/>\n\t<meta name=\"twitter:data2\" content=\"3 minutos\" \/>\n<script type=\"application\/ld+json\" class=\"yoast-schema-graph\">{\"@context\":\"https:\/\/schema.org\",\"@graph\":[{\"@type\":\"Article\",\"@id\":\"https:\/\/noti-america.com\/site\/mexico\/2021\/10\/13\/espiritistas-reanudaron-el-baile-en-candela-pidiendo-terminar-el-covid-19\/#article\",\"isPartOf\":{\"@id\":\"https:\/\/noti-america.com\/site\/mexico\/2021\/10\/13\/espiritistas-reanudaron-el-baile-en-candela-pidiendo-terminar-el-covid-19\/\"},\"author\":{\"name\":\"Yoelvzla\",\"@id\":\"https:\/\/noti-america.com\/site\/mexico\/#\/schema\/person\/376ccc7b3cc7a8d5a43c3ece07a43857\"},\"headline\":\"Espiritistas reanudaron el baile en candela pidiendo terminar el Covid-19\",\"datePublished\":\"2021-10-13T22:17:59+00:00\",\"dateModified\":\"2021-10-14T00:11:48+00:00\",\"mainEntityOfPage\":{\"@id\":\"https:\/\/noti-america.com\/site\/mexico\/2021\/10\/13\/espiritistas-reanudaron-el-baile-en-candela-pidiendo-terminar-el-covid-19\/\"},\"wordCount\":497,\"commentCount\":0,\"publisher\":{\"@id\":\"https:\/\/noti-america.com\/site\/mexico\/#organization\"},\"image\":{\"@id\":\"https:\/\/noti-america.com\/site\/mexico\/2021\/10\/13\/espiritistas-reanudaron-el-baile-en-candela-pidiendo-terminar-el-covid-19\/#primaryimage\"},\"thumbnailUrl\":\"https:\/\/noti-america.com\/site\/mexico\/wp-content\/uploads\/sites\/13\/2021\/10\/thumbnail_IMG_6670-300x225.jpg\",\"keywords\":[\"#Monta\u00f1adeSorte #Quibayo #Yaracuy #Venezuela #BaileEnCandela\"],\"articleSection\":[\"Venezuela\"],\"inLanguage\":\"es\",\"potentialAction\":[{\"@type\":\"CommentAction\",\"name\":\"Comment\",\"target\":[\"https:\/\/noti-america.com\/site\/mexico\/2021\/10\/13\/espiritistas-reanudaron-el-baile-en-candela-pidiendo-terminar-el-covid-19\/#respond\"]}]},{\"@type\":\"WebPage\",\"@id\":\"https:\/\/noti-america.com\/site\/mexico\/2021\/10\/13\/espiritistas-reanudaron-el-baile-en-candela-pidiendo-terminar-el-covid-19\/\",\"url\":\"https:\/\/noti-america.com\/site\/mexico\/2021\/10\/13\/espiritistas-reanudaron-el-baile-en-candela-pidiendo-terminar-el-covid-19\/\",\"name\":\"Espiritistas reanudaron el baile en candela pidiendo terminar el Covid-19 - M\u00e9xico\",\"isPartOf\":{\"@id\":\"https:\/\/noti-america.com\/site\/mexico\/#website\"},\"primaryImageOfPage\":{\"@id\":\"https:\/\/noti-america.com\/site\/mexico\/2021\/10\/13\/espiritistas-reanudaron-el-baile-en-candela-pidiendo-terminar-el-covid-19\/#primaryimage\"},\"image\":{\"@id\":\"https:\/\/noti-america.com\/site\/mexico\/2021\/10\/13\/espiritistas-reanudaron-el-baile-en-candela-pidiendo-terminar-el-covid-19\/#primaryimage\"},\"thumbnailUrl\":\"https:\/\/noti-america.com\/site\/mexico\/wp-content\/uploads\/sites\/13\/2021\/10\/thumbnail_IMG_6670-300x225.jpg\",\"datePublished\":\"2021-10-13T22:17:59+00:00\",\"dateModified\":\"2021-10-14T00:11:48+00:00\",\"breadcrumb\":{\"@id\":\"https:\/\/noti-america.com\/site\/mexico\/2021\/10\/13\/espiritistas-reanudaron-el-baile-en-candela-pidiendo-terminar-el-covid-19\/#breadcrumb\"},\"inLanguage\":\"es\",\"potentialAction\":[{\"@type\":\"ReadAction\",\"target\":[\"https:\/\/noti-america.com\/site\/mexico\/2021\/10\/13\/espiritistas-reanudaron-el-baile-en-candela-pidiendo-terminar-el-covid-19\/\"]}]},{\"@type\":\"ImageObject\",\"inLanguage\":\"es\",\"@id\":\"https:\/\/noti-america.com\/site\/mexico\/2021\/10\/13\/espiritistas-reanudaron-el-baile-en-candela-pidiendo-terminar-el-covid-19\/#primaryimage\",\"url\":\"https:\/\/noti-america.com\/site\/mexico\/wp-content\/uploads\/sites\/13\/2021\/10\/thumbnail_IMG_6670.jpg\",\"contentUrl\":\"https:\/\/noti-america.com\/site\/mexico\/wp-content\/uploads\/sites\/13\/2021\/10\/thumbnail_IMG_6670.jpg\",\"width\":1280,\"height\":960},{\"@type\":\"BreadcrumbList\",\"@id\":\"https:\/\/noti-america.com\/site\/mexico\/2021\/10\/13\/espiritistas-reanudaron-el-baile-en-candela-pidiendo-terminar-el-covid-19\/#breadcrumb\",\"itemListElement\":[{\"@type\":\"ListItem\",\"position\":1,\"name\":\"Portada\",\"item\":\"https:\/\/noti-america.com\/site\/mexico\/\"},{\"@type\":\"ListItem\",\"position\":2,\"name\":\"Espiritistas reanudaron el baile en candela pidiendo terminar el Covid-19\"}]},{\"@type\":\"WebSite\",\"@id\":\"https:\/\/noti-america.com\/site\/mexico\/#website\",\"url\":\"https:\/\/noti-america.com\/site\/mexico\/\",\"name\":\"M\u00e9xico | Noti-America.com\",\"description\":\"\",\"publisher\":{\"@id\":\"https:\/\/noti-america.com\/site\/mexico\/#organization\"},\"potentialAction\":[{\"@type\":\"SearchAction\",\"target\":{\"@type\":\"EntryPoint\",\"urlTemplate\":\"https:\/\/noti-america.com\/site\/mexico\/?s={search_term_string}\"},\"query-input\":{\"@type\":\"PropertyValueSpecification\",\"valueRequired\":true,\"valueName\":\"search_term_string\"}}],\"inLanguage\":\"es\"},{\"@type\":\"Organization\",\"@id\":\"https:\/\/noti-america.com\/site\/mexico\/#organization\",\"name\":\"Noti-America LLC | M\u00e9xico\",\"url\":\"https:\/\/noti-america.com\/site\/mexico\/\",\"logo\":{\"@type\":\"ImageObject\",\"inLanguage\":\"es\",\"@id\":\"https:\/\/noti-america.com\/site\/mexico\/#\/schema\/logo\/image\/\",\"url\":\"https:\/\/noti-america.com\/site\/mexico\/wp-content\/uploads\/sites\/13\/2020\/07\/LogoNA-4x3-1.jpg\",\"contentUrl\":\"https:\/\/noti-america.com\/site\/mexico\/wp-content\/uploads\/sites\/13\/2020\/07\/LogoNA-4x3-1.jpg\",\"width\":1236,\"height\":1080,\"caption\":\"Noti-America LLC | M\u00e9xico\"},\"image\":{\"@id\":\"https:\/\/noti-america.com\/site\/mexico\/#\/schema\/logo\/image\/\"}},{\"@type\":\"Person\",\"@id\":\"https:\/\/noti-america.com\/site\/mexico\/#\/schema\/person\/376ccc7b3cc7a8d5a43c3ece07a43857\",\"name\":\"Yoelvzla\",\"image\":{\"@type\":\"ImageObject\",\"inLanguage\":\"es\",\"@id\":\"https:\/\/secure.gravatar.com\/avatar\/13a96a72123e0e9aa76fe82e8847f726c63a1c5ef6a8d0fadd844c1a5a83b212?s=96&d=mm&r=g\",\"url\":\"https:\/\/secure.gravatar.com\/avatar\/13a96a72123e0e9aa76fe82e8847f726c63a1c5ef6a8d0fadd844c1a5a83b212?s=96&d=mm&r=g\",\"contentUrl\":\"https:\/\/secure.gravatar.com\/avatar\/13a96a72123e0e9aa76fe82e8847f726c63a1c5ef6a8d0fadd844c1a5a83b212?s=96&d=mm&r=g\",\"caption\":\"Yoelvzla\"},\"url\":\"https:\/\/noti-america.com\/site\/mexico\/author\/ydiaz\/\"}]}<\/script>\n<!-- \/ Yoast SEO Premium plugin. -->","yoast_head_json":{"title":"Espiritistas reanudaron el baile en candela pidiendo terminar el Covid-19 - M\u00e9xico","robots":{"index":"index","follow":"follow","max-snippet":"max-snippet:-1","max-image-preview":"max-image-preview:large","max-video-preview":"max-video-preview:-1"},"canonical":"https:\/\/noti-america.com\/site\/mexico\/2021\/10\/13\/espiritistas-reanudaron-el-baile-en-candela-pidiendo-terminar-el-covid-19\/","og_locale":"es_ES","og_type":"article","og_title":"Espiritistas reanudaron el baile en candela pidiendo terminar el Covid-19","og_description":"El pasado 12 de octubre se realiz\u00f3, el popular baile en candela que se realiza cada a\u00f1o en la Monta\u00f1a de Sorte en sus cuatros sectores Sorte, Quibayo, El Loro y Aracal que divide&#46;&#46;&#46;","og_url":"https:\/\/noti-america.com\/site\/mexico\/2021\/10\/13\/espiritistas-reanudaron-el-baile-en-candela-pidiendo-terminar-el-covid-19\/","og_site_name":"M\u00e9xico","article_published_time":"2021-10-13T22:17:59+00:00","article_modified_time":"2021-10-14T00:11:48+00:00","og_image":[{"url":"https:\/\/noti-america.com\/site\/mexico\/wp-content\/uploads\/sites\/13\/2021\/10\/thumbnail_IMG_6670-300x225.jpg","type":"","width":"","height":""}],"author":"Yoelvzla","twitter_card":"summary_large_image","twitter_misc":{"Escrito por":"Yoelvzla","Tiempo estimado de lectura":"3 minutos"},"schema":{"@context":"https:\/\/schema.org","@graph":[{"@type":"Article","@id":"https:\/\/noti-america.com\/site\/mexico\/2021\/10\/13\/espiritistas-reanudaron-el-baile-en-candela-pidiendo-terminar-el-covid-19\/#article","isPartOf":{"@id":"https:\/\/noti-america.com\/site\/mexico\/2021\/10\/13\/espiritistas-reanudaron-el-baile-en-candela-pidiendo-terminar-el-covid-19\/"},"author":{"name":"Yoelvzla","@id":"https:\/\/noti-america.com\/site\/mexico\/#\/schema\/person\/376ccc7b3cc7a8d5a43c3ece07a43857"},"headline":"Espiritistas reanudaron el baile en candela pidiendo terminar el Covid-19","datePublished":"2021-10-13T22:17:59+00:00","dateModified":"2021-10-14T00:11:48+00:00","mainEntityOfPage":{"@id":"https:\/\/noti-america.com\/site\/mexico\/2021\/10\/13\/espiritistas-reanudaron-el-baile-en-candela-pidiendo-terminar-el-covid-19\/"},"wordCount":497,"commentCount":0,"publisher":{"@id":"https:\/\/noti-america.com\/site\/mexico\/#organization"},"image":{"@id":"https:\/\/noti-america.com\/site\/mexico\/2021\/10\/13\/espiritistas-reanudaron-el-baile-en-candela-pidiendo-terminar-el-covid-19\/#primaryimage"},"thumbnailUrl":"https:\/\/noti-america.com\/site\/mexico\/wp-content\/uploads\/sites\/13\/2021\/10\/thumbnail_IMG_6670-300x225.jpg","keywords":["#Monta\u00f1adeSorte #Quibayo #Yaracuy #Venezuela #BaileEnCandela"],"articleSection":["Venezuela"],"inLanguage":"es","potentialAction":[{"@type":"CommentAction","name":"Comment","target":["https:\/\/noti-america.com\/site\/mexico\/2021\/10\/13\/espiritistas-reanudaron-el-baile-en-candela-pidiendo-terminar-el-covid-19\/#respond"]}]},{"@type":"WebPage","@id":"https:\/\/noti-america.com\/site\/mexico\/2021\/10\/13\/espiritistas-reanudaron-el-baile-en-candela-pidiendo-terminar-el-covid-19\/","url":"https:\/\/noti-america.com\/site\/mexico\/2021\/10\/13\/espiritistas-reanudaron-el-baile-en-candela-pidiendo-terminar-el-covid-19\/","name":"Espiritistas reanudaron el baile en candela pidiendo terminar el Covid-19 - M\u00e9xico","isPartOf":{"@id":"https:\/\/noti-america.com\/site\/mexico\/#website"},"primaryImageOfPage":{"@id":"https:\/\/noti-america.com\/site\/mexico\/2021\/10\/13\/espiritistas-reanudaron-el-baile-en-candela-pidiendo-terminar-el-covid-19\/#primaryimage"},"image":{"@id":"https:\/\/noti-america.com\/site\/mexico\/2021\/10\/13\/espiritistas-reanudaron-el-baile-en-candela-pidiendo-terminar-el-covid-19\/#primaryimage"},"thumbnailUrl":"https:\/\/noti-america.com\/site\/mexico\/wp-content\/uploads\/sites\/13\/2021\/10\/thumbnail_IMG_6670-300x225.jpg","datePublished":"2021-10-13T22:17:59+00:00","dateModified":"2021-10-14T00:11:48+00:00","breadcrumb":{"@id":"https:\/\/noti-america.com\/site\/mexico\/2021\/10\/13\/espiritistas-reanudaron-el-baile-en-candela-pidiendo-terminar-el-covid-19\/#breadcrumb"},"inLanguage":"es","potentialAction":[{"@type":"ReadAction","target":["https:\/\/noti-america.com\/site\/mexico\/2021\/10\/13\/espiritistas-reanudaron-el-baile-en-candela-pidiendo-terminar-el-covid-19\/"]}]},{"@type":"ImageObject","inLanguage":"es","@id":"https:\/\/noti-america.com\/site\/mexico\/2021\/10\/13\/espiritistas-reanudaron-el-baile-en-candela-pidiendo-terminar-el-covid-19\/#primaryimage","url":"https:\/\/noti-america.com\/site\/mexico\/wp-content\/uploads\/sites\/13\/2021\/10\/thumbnail_IMG_6670.jpg","contentUrl":"https:\/\/noti-america.com\/site\/mexico\/wp-content\/uploads\/sites\/13\/2021\/10\/thumbnail_IMG_6670.jpg","width":1280,"height":960},{"@type":"BreadcrumbList","@id":"https:\/\/noti-america.com\/site\/mexico\/2021\/10\/13\/espiritistas-reanudaron-el-baile-en-candela-pidiendo-terminar-el-covid-19\/#breadcrumb","itemListElement":[{"@type":"ListItem","position":1,"name":"Portada","item":"https:\/\/noti-america.com\/site\/mexico\/"},{"@type":"ListItem","position":2,"name":"Espiritistas reanudaron el baile en candela pidiendo terminar el Covid-19"}]},{"@type":"WebSite","@id":"https:\/\/noti-america.com\/site\/mexico\/#website","url":"https:\/\/noti-america.com\/site\/mexico\/","name":"M\u00e9xico | Noti-America.com","description":"","publisher":{"@id":"https:\/\/noti-america.com\/site\/mexico\/#organization"},"potentialAction":[{"@type":"SearchAction","target":{"@type":"EntryPoint","urlTemplate":"https:\/\/noti-america.com\/site\/mexico\/?s={search_term_string}"},"query-input":{"@type":"PropertyValueSpecification","valueRequired":true,"valueName":"search_term_string"}}],"inLanguage":"es"},{"@type":"Organization","@id":"https:\/\/noti-america.com\/site\/mexico\/#organization","name":"Noti-America LLC | M\u00e9xico","url":"https:\/\/noti-america.com\/site\/mexico\/","logo":{"@type":"ImageObject","inLanguage":"es","@id":"https:\/\/noti-america.com\/site\/mexico\/#\/schema\/logo\/image\/","url":"https:\/\/noti-america.com\/site\/mexico\/wp-content\/uploads\/sites\/13\/2020\/07\/LogoNA-4x3-1.jpg","contentUrl":"https:\/\/noti-america.com\/site\/mexico\/wp-content\/uploads\/sites\/13\/2020\/07\/LogoNA-4x3-1.jpg","width":1236,"height":1080,"caption":"Noti-America LLC | M\u00e9xico"},"image":{"@id":"https:\/\/noti-america.com\/site\/mexico\/#\/schema\/logo\/image\/"}},{"@type":"Person","@id":"https:\/\/noti-america.com\/site\/mexico\/#\/schema\/person\/376ccc7b3cc7a8d5a43c3ece07a43857","name":"Yoelvzla","image":{"@type":"ImageObject","inLanguage":"es","@id":"https:\/\/secure.gravatar.com\/avatar\/13a96a72123e0e9aa76fe82e8847f726c63a1c5ef6a8d0fadd844c1a5a83b212?s=96&d=mm&r=g","url":"https:\/\/secure.gravatar.com\/avatar\/13a96a72123e0e9aa76fe82e8847f726c63a1c5ef6a8d0fadd844c1a5a83b212?s=96&d=mm&r=g","contentUrl":"https:\/\/secure.gravatar.com\/avatar\/13a96a72123e0e9aa76fe82e8847f726c63a1c5ef6a8d0fadd844c1a5a83b212?s=96&d=mm&r=g","caption":"Yoelvzla"},"url":"https:\/\/noti-america.com\/site\/mexico\/author\/ydiaz\/"}]}},"_links":{"self":[{"href":"https:\/\/noti-america.com\/site\/mexico\/wp-json\/wp\/v2\/posts\/6741","targetHints":{"allow":["GET"]}}],"collection":[{"href":"https:\/\/noti-america.com\/site\/mexico\/wp-json\/wp\/v2\/posts"}],"about":[{"href":"https:\/\/noti-america.com\/site\/mexico\/wp-json\/wp\/v2\/types\/post"}],"author":[{"embeddable":true,"href":"https:\/\/noti-america.com\/site\/mexico\/wp-json\/wp\/v2\/users\/127"}],"replies":[{"embeddable":true,"href":"https:\/\/noti-america.com\/site\/mexico\/wp-json\/wp\/v2\/comments?post=6741"}],"version-history":[{"count":3,"href":"https:\/\/noti-america.com\/site\/mexico\/wp-json\/wp\/v2\/posts\/6741\/revisions"}],"predecessor-version":[{"id":6749,"href":"https:\/\/noti-america.com\/site\/mexico\/wp-json\/wp\/v2\/posts\/6741\/revisions\/6749"}],"wp:attachment":[{"href":"https:\/\/noti-america.com\/site\/mexico\/wp-json\/wp\/v2\/media?parent=6741"}],"wp:term":[{"taxonomy":"category","embeddable":true,"href":"https:\/\/noti-america.com\/site\/mexico\/wp-json\/wp\/v2\/categories?post=6741"},{"taxonomy":"post_tag","embeddable":true,"href":"https:\/\/noti-america.com\/site\/mexico\/wp-json\/wp\/v2\/tags?post=6741"}],"curies":[{"name":"wp","href":"https:\/\/api.w.org\/{rel}","templated":true}]}}