{"id":6716,"date":"2021-10-09T13:40:49","date_gmt":"2021-10-09T13:40:49","guid":{"rendered":"https:\/\/noti-america.com\/site\/mexico\/?p=6716"},"modified":"2021-10-09T21:43:41","modified_gmt":"2021-10-09T21:43:41","slug":"clandestino-un-escape-dentro-de-caracas-venezuela","status":"publish","type":"post","link":"https:\/\/noti-america.com\/site\/mexico\/2021\/10\/09\/clandestino-un-escape-dentro-de-caracas-venezuela\/","title":{"rendered":"Clandestino un escape dentro de Caracas, Venezuela"},"content":{"rendered":"<p><img loading=\"lazy\" decoding=\"async\" class=\"alignnone size-medium wp-image-6717\" src=\"https:\/\/noti-america.com\/site\/mexico\/wp-content\/uploads\/sites\/13\/2021\/10\/thumbnail_Image-1-300x148.jpg\" alt=\"\" width=\"300\" height=\"148\" srcset=\"https:\/\/noti-america.com\/site\/mexico\/wp-content\/uploads\/sites\/13\/2021\/10\/thumbnail_Image-1-300x148.jpg 300w, https:\/\/noti-america.com\/site\/mexico\/wp-content\/uploads\/sites\/13\/2021\/10\/thumbnail_Image-1-1024x506.jpg 1024w, https:\/\/noti-america.com\/site\/mexico\/wp-content\/uploads\/sites\/13\/2021\/10\/thumbnail_Image-1-768x379.jpg 768w, https:\/\/noti-america.com\/site\/mexico\/wp-content\/uploads\/sites\/13\/2021\/10\/thumbnail_Image-1.jpg 1124w\" sizes=\"auto, (max-width: 300px) 100vw, 300px\" \/><img loading=\"lazy\" decoding=\"async\" class=\"alignnone size-medium wp-image-6714\" src=\"https:\/\/noti-america.com\/site\/mexico\/wp-content\/uploads\/sites\/13\/2021\/10\/16334371061431361750-300x270.jpg\" alt=\"\" width=\"300\" height=\"270\" srcset=\"https:\/\/noti-america.com\/site\/mexico\/wp-content\/uploads\/sites\/13\/2021\/10\/16334371061431361750-300x270.jpg 300w, https:\/\/noti-america.com\/site\/mexico\/wp-content\/uploads\/sites\/13\/2021\/10\/16334371061431361750.jpg 444w\" sizes=\"auto, (max-width: 300px) 100vw, 300px\" \/><\/p>\n<div>Existen marcas y empresarios que siguen apostando a <strong>Venezuela<\/strong>, <strong>Clandestino<\/strong> se encuentra ubicado en la ciudad de los techos rojo, espec\u00edficamente en el <strong>Para\u00edso<\/strong> justo en<strong> Caracas<\/strong>. D\u00f3nde buscan mostrar el arte expresado en todas las instalaciones del lugar, que se encuentra dividido en tres experiencias distintas entre tatuajes, barber\u00eda m\u00e1s un estudio de grabaci\u00f3n.<\/div>\n<div><\/div>\n<div><a href=\"https:\/\/www.instagram.com\/p\/CUvrrmJg42A\/\" target=\"_blank\" rel=\"noopener\">https:\/\/www.instagram.com\/p\/CUvrrmJg42A\/<\/a><\/div>\n<div><\/div>\n<div>Este proyecto buscan es marcar una diferencia entres los locales tradicionales hacia una visi\u00f3n m\u00e1s global de los negocios, que tenga capacidad de robarse las miradas de sus clientes pero adem\u00e1s le ofrecen un lugar especial para desarrollar conciertos o videos musicales, utilizando una estructura dise\u00f1ada para inspirarse en las caricaturas de animaci\u00f3n m\u00e1s populares de la \u00e9poca,<strong>\u00abRec Sessions\u00bb<\/strong>.<\/div>\n<div dir=\"ltr\"><\/div>\n<div>Clandestino, les ofrecen a los acompa\u00f1antes una sala de espera d\u00f3nde se puede \u00a0pasar un rato dedicados \u00fanicamente a los videojuegos, esta nueva propuesta busca romper estereotipos y que todo se encuentre en un solo lugar, en Clandestino.<\/div>\n<div dir=\"ltr\"><\/div>\n<p>Se espera que, para el nuevo a\u00f1o, vengan con nuevas propuestas, para seguir invirtiendo en la industria de la m\u00fasica, generando alianzas culturales, motivando a los j\u00f3venes a integrarse a la movida y marcar un diferencia real en la comunidad.<\/p>\n","protected":false},"excerpt":{"rendered":"<p>Existen marcas y empresarios que siguen apostando a Venezuela, Clandestino se encuentra ubicado en la ciudad de los techos rojo, espec\u00edficamente en el Para\u00edso justo en Caracas. D\u00f3nde buscan mostrar el arte expresado en&#46;&#46;&#46;<\/p>\n","protected":false},"author":127,"featured_media":0,"comment_status":"open","ping_status":"open","sticky":false,"template":"","format":"standard","meta":{"_acf_changed":false,"om_disable_all_campaigns":false,"rop_custom_images_group":[],"rop_custom_messages_group":[],"rop_publish_now":"initial","rop_publish_now_accounts":{"twitter_242054905_242054905":""},"rop_publish_now_history":[],"rop_publish_now_status":"pending","_uf_show_specific_survey":0,"_uf_disable_surveys":false,"footnotes":""},"categories":[56],"tags":[795],"class_list":["post-6716","post","type-post","status-publish","format-standard","hentry","category-farandula","tag-mexico-venezuela-caracas-barberia"],"acf":[],"aioseo_notices":[],"yoast_head":"<!-- This site is optimized with the Yoast SEO Premium plugin v24.9 (Yoast SEO v27.2) - https:\/\/yoast.com\/product\/yoast-seo-premium-wordpress\/ -->\n<title>Clandestino un escape dentro de Caracas, Venezuela - M\u00e9xico<\/title>\n<meta name=\"robots\" content=\"index, follow, max-snippet:-1, max-image-preview:large, max-video-preview:-1\" \/>\n<link rel=\"canonical\" href=\"https:\/\/noti-america.com\/site\/mexico\/2021\/10\/09\/clandestino-un-escape-dentro-de-caracas-venezuela\/\" \/>\n<meta property=\"og:locale\" content=\"es_ES\" \/>\n<meta property=\"og:type\" content=\"article\" \/>\n<meta property=\"og:title\" content=\"Clandestino un escape dentro de Caracas, Venezuela\" \/>\n<meta property=\"og:description\" content=\"Existen marcas y empresarios que siguen apostando a Venezuela, Clandestino se encuentra ubicado en la ciudad de los techos rojo, espec\u00edficamente en el Para\u00edso justo en Caracas. D\u00f3nde buscan mostrar el arte expresado en&#046;&#046;&#046;\" \/>\n<meta property=\"og:url\" content=\"https:\/\/noti-america.com\/site\/mexico\/2021\/10\/09\/clandestino-un-escape-dentro-de-caracas-venezuela\/\" \/>\n<meta property=\"og:site_name\" content=\"M\u00e9xico\" \/>\n<meta property=\"article:published_time\" content=\"2021-10-09T13:40:49+00:00\" \/>\n<meta property=\"article:modified_time\" content=\"2021-10-09T21:43:41+00:00\" \/>\n<meta property=\"og:image\" content=\"https:\/\/noti-america.com\/site\/mexico\/wp-content\/uploads\/sites\/13\/2021\/10\/thumbnail_Image-1-300x148.jpg\" \/>\n<meta name=\"author\" content=\"Yoelvzla\" \/>\n<meta name=\"twitter:card\" content=\"summary_large_image\" \/>\n<meta name=\"twitter:label1\" content=\"Escrito por\" \/>\n\t<meta name=\"twitter:data1\" content=\"Yoelvzla\" \/>\n\t<meta name=\"twitter:label2\" content=\"Tiempo estimado de lectura\" \/>\n\t<meta name=\"twitter:data2\" content=\"2 minutos\" \/>\n<script type=\"application\/ld+json\" class=\"yoast-schema-graph\">{\"@context\":\"https:\/\/schema.org\",\"@graph\":[{\"@type\":\"Article\",\"@id\":\"https:\/\/noti-america.com\/site\/mexico\/2021\/10\/09\/clandestino-un-escape-dentro-de-caracas-venezuela\/#article\",\"isPartOf\":{\"@id\":\"https:\/\/noti-america.com\/site\/mexico\/2021\/10\/09\/clandestino-un-escape-dentro-de-caracas-venezuela\/\"},\"author\":{\"name\":\"Yoelvzla\",\"@id\":\"https:\/\/noti-america.com\/site\/mexico\/#\/schema\/person\/376ccc7b3cc7a8d5a43c3ece07a43857\"},\"headline\":\"Clandestino un escape dentro de Caracas, Venezuela\",\"datePublished\":\"2021-10-09T13:40:49+00:00\",\"dateModified\":\"2021-10-09T21:43:41+00:00\",\"mainEntityOfPage\":{\"@id\":\"https:\/\/noti-america.com\/site\/mexico\/2021\/10\/09\/clandestino-un-escape-dentro-de-caracas-venezuela\/\"},\"wordCount\":224,\"commentCount\":0,\"publisher\":{\"@id\":\"https:\/\/noti-america.com\/site\/mexico\/#organization\"},\"image\":{\"@id\":\"https:\/\/noti-america.com\/site\/mexico\/2021\/10\/09\/clandestino-un-escape-dentro-de-caracas-venezuela\/#primaryimage\"},\"thumbnailUrl\":\"https:\/\/noti-america.com\/site\/mexico\/wp-content\/uploads\/sites\/13\/2021\/10\/thumbnail_Image-1-300x148.jpg\",\"keywords\":[\"#Mexico #Venezuela #Caracas #Barberia\"],\"articleSection\":[\"Far\u00e1ndula\"],\"inLanguage\":\"es\",\"potentialAction\":[{\"@type\":\"CommentAction\",\"name\":\"Comment\",\"target\":[\"https:\/\/noti-america.com\/site\/mexico\/2021\/10\/09\/clandestino-un-escape-dentro-de-caracas-venezuela\/#respond\"]}]},{\"@type\":\"WebPage\",\"@id\":\"https:\/\/noti-america.com\/site\/mexico\/2021\/10\/09\/clandestino-un-escape-dentro-de-caracas-venezuela\/\",\"url\":\"https:\/\/noti-america.com\/site\/mexico\/2021\/10\/09\/clandestino-un-escape-dentro-de-caracas-venezuela\/\",\"name\":\"Clandestino un escape dentro de Caracas, Venezuela - M\u00e9xico\",\"isPartOf\":{\"@id\":\"https:\/\/noti-america.com\/site\/mexico\/#website\"},\"primaryImageOfPage\":{\"@id\":\"https:\/\/noti-america.com\/site\/mexico\/2021\/10\/09\/clandestino-un-escape-dentro-de-caracas-venezuela\/#primaryimage\"},\"image\":{\"@id\":\"https:\/\/noti-america.com\/site\/mexico\/2021\/10\/09\/clandestino-un-escape-dentro-de-caracas-venezuela\/#primaryimage\"},\"thumbnailUrl\":\"https:\/\/noti-america.com\/site\/mexico\/wp-content\/uploads\/sites\/13\/2021\/10\/thumbnail_Image-1-300x148.jpg\",\"datePublished\":\"2021-10-09T13:40:49+00:00\",\"dateModified\":\"2021-10-09T21:43:41+00:00\",\"breadcrumb\":{\"@id\":\"https:\/\/noti-america.com\/site\/mexico\/2021\/10\/09\/clandestino-un-escape-dentro-de-caracas-venezuela\/#breadcrumb\"},\"inLanguage\":\"es\",\"potentialAction\":[{\"@type\":\"ReadAction\",\"target\":[\"https:\/\/noti-america.com\/site\/mexico\/2021\/10\/09\/clandestino-un-escape-dentro-de-caracas-venezuela\/\"]}]},{\"@type\":\"ImageObject\",\"inLanguage\":\"es\",\"@id\":\"https:\/\/noti-america.com\/site\/mexico\/2021\/10\/09\/clandestino-un-escape-dentro-de-caracas-venezuela\/#primaryimage\",\"url\":\"https:\/\/noti-america.com\/site\/mexico\/wp-content\/uploads\/sites\/13\/2021\/10\/thumbnail_Image-1.jpg\",\"contentUrl\":\"https:\/\/noti-america.com\/site\/mexico\/wp-content\/uploads\/sites\/13\/2021\/10\/thumbnail_Image-1.jpg\",\"width\":1124,\"height\":555},{\"@type\":\"BreadcrumbList\",\"@id\":\"https:\/\/noti-america.com\/site\/mexico\/2021\/10\/09\/clandestino-un-escape-dentro-de-caracas-venezuela\/#breadcrumb\",\"itemListElement\":[{\"@type\":\"ListItem\",\"position\":1,\"name\":\"Portada\",\"item\":\"https:\/\/noti-america.com\/site\/mexico\/\"},{\"@type\":\"ListItem\",\"position\":2,\"name\":\"Clandestino un escape dentro de Caracas, Venezuela\"}]},{\"@type\":\"WebSite\",\"@id\":\"https:\/\/noti-america.com\/site\/mexico\/#website\",\"url\":\"https:\/\/noti-america.com\/site\/mexico\/\",\"name\":\"M\u00e9xico | Noti-America.com\",\"description\":\"\",\"publisher\":{\"@id\":\"https:\/\/noti-america.com\/site\/mexico\/#organization\"},\"potentialAction\":[{\"@type\":\"SearchAction\",\"target\":{\"@type\":\"EntryPoint\",\"urlTemplate\":\"https:\/\/noti-america.com\/site\/mexico\/?s={search_term_string}\"},\"query-input\":{\"@type\":\"PropertyValueSpecification\",\"valueRequired\":true,\"valueName\":\"search_term_string\"}}],\"inLanguage\":\"es\"},{\"@type\":\"Organization\",\"@id\":\"https:\/\/noti-america.com\/site\/mexico\/#organization\",\"name\":\"Noti-America LLC | M\u00e9xico\",\"url\":\"https:\/\/noti-america.com\/site\/mexico\/\",\"logo\":{\"@type\":\"ImageObject\",\"inLanguage\":\"es\",\"@id\":\"https:\/\/noti-america.com\/site\/mexico\/#\/schema\/logo\/image\/\",\"url\":\"https:\/\/noti-america.com\/site\/mexico\/wp-content\/uploads\/sites\/13\/2020\/07\/LogoNA-4x3-1.jpg\",\"contentUrl\":\"https:\/\/noti-america.com\/site\/mexico\/wp-content\/uploads\/sites\/13\/2020\/07\/LogoNA-4x3-1.jpg\",\"width\":1236,\"height\":1080,\"caption\":\"Noti-America LLC | M\u00e9xico\"},\"image\":{\"@id\":\"https:\/\/noti-america.com\/site\/mexico\/#\/schema\/logo\/image\/\"}},{\"@type\":\"Person\",\"@id\":\"https:\/\/noti-america.com\/site\/mexico\/#\/schema\/person\/376ccc7b3cc7a8d5a43c3ece07a43857\",\"name\":\"Yoelvzla\",\"image\":{\"@type\":\"ImageObject\",\"inLanguage\":\"es\",\"@id\":\"https:\/\/secure.gravatar.com\/avatar\/13a96a72123e0e9aa76fe82e8847f726c63a1c5ef6a8d0fadd844c1a5a83b212?s=96&d=mm&r=g\",\"url\":\"https:\/\/secure.gravatar.com\/avatar\/13a96a72123e0e9aa76fe82e8847f726c63a1c5ef6a8d0fadd844c1a5a83b212?s=96&d=mm&r=g\",\"contentUrl\":\"https:\/\/secure.gravatar.com\/avatar\/13a96a72123e0e9aa76fe82e8847f726c63a1c5ef6a8d0fadd844c1a5a83b212?s=96&d=mm&r=g\",\"caption\":\"Yoelvzla\"},\"url\":\"https:\/\/noti-america.com\/site\/mexico\/author\/ydiaz\/\"}]}<\/script>\n<!-- \/ Yoast SEO Premium plugin. -->","yoast_head_json":{"title":"Clandestino un escape dentro de Caracas, Venezuela - M\u00e9xico","robots":{"index":"index","follow":"follow","max-snippet":"max-snippet:-1","max-image-preview":"max-image-preview:large","max-video-preview":"max-video-preview:-1"},"canonical":"https:\/\/noti-america.com\/site\/mexico\/2021\/10\/09\/clandestino-un-escape-dentro-de-caracas-venezuela\/","og_locale":"es_ES","og_type":"article","og_title":"Clandestino un escape dentro de Caracas, Venezuela","og_description":"Existen marcas y empresarios que siguen apostando a Venezuela, Clandestino se encuentra ubicado en la ciudad de los techos rojo, espec\u00edficamente en el Para\u00edso justo en Caracas. D\u00f3nde buscan mostrar el arte expresado en&#46;&#46;&#46;","og_url":"https:\/\/noti-america.com\/site\/mexico\/2021\/10\/09\/clandestino-un-escape-dentro-de-caracas-venezuela\/","og_site_name":"M\u00e9xico","article_published_time":"2021-10-09T13:40:49+00:00","article_modified_time":"2021-10-09T21:43:41+00:00","og_image":[{"url":"https:\/\/noti-america.com\/site\/mexico\/wp-content\/uploads\/sites\/13\/2021\/10\/thumbnail_Image-1-300x148.jpg","type":"","width":"","height":""}],"author":"Yoelvzla","twitter_card":"summary_large_image","twitter_misc":{"Escrito por":"Yoelvzla","Tiempo estimado de lectura":"2 minutos"},"schema":{"@context":"https:\/\/schema.org","@graph":[{"@type":"Article","@id":"https:\/\/noti-america.com\/site\/mexico\/2021\/10\/09\/clandestino-un-escape-dentro-de-caracas-venezuela\/#article","isPartOf":{"@id":"https:\/\/noti-america.com\/site\/mexico\/2021\/10\/09\/clandestino-un-escape-dentro-de-caracas-venezuela\/"},"author":{"name":"Yoelvzla","@id":"https:\/\/noti-america.com\/site\/mexico\/#\/schema\/person\/376ccc7b3cc7a8d5a43c3ece07a43857"},"headline":"Clandestino un escape dentro de Caracas, Venezuela","datePublished":"2021-10-09T13:40:49+00:00","dateModified":"2021-10-09T21:43:41+00:00","mainEntityOfPage":{"@id":"https:\/\/noti-america.com\/site\/mexico\/2021\/10\/09\/clandestino-un-escape-dentro-de-caracas-venezuela\/"},"wordCount":224,"commentCount":0,"publisher":{"@id":"https:\/\/noti-america.com\/site\/mexico\/#organization"},"image":{"@id":"https:\/\/noti-america.com\/site\/mexico\/2021\/10\/09\/clandestino-un-escape-dentro-de-caracas-venezuela\/#primaryimage"},"thumbnailUrl":"https:\/\/noti-america.com\/site\/mexico\/wp-content\/uploads\/sites\/13\/2021\/10\/thumbnail_Image-1-300x148.jpg","keywords":["#Mexico #Venezuela #Caracas #Barberia"],"articleSection":["Far\u00e1ndula"],"inLanguage":"es","potentialAction":[{"@type":"CommentAction","name":"Comment","target":["https:\/\/noti-america.com\/site\/mexico\/2021\/10\/09\/clandestino-un-escape-dentro-de-caracas-venezuela\/#respond"]}]},{"@type":"WebPage","@id":"https:\/\/noti-america.com\/site\/mexico\/2021\/10\/09\/clandestino-un-escape-dentro-de-caracas-venezuela\/","url":"https:\/\/noti-america.com\/site\/mexico\/2021\/10\/09\/clandestino-un-escape-dentro-de-caracas-venezuela\/","name":"Clandestino un escape dentro de Caracas, Venezuela - M\u00e9xico","isPartOf":{"@id":"https:\/\/noti-america.com\/site\/mexico\/#website"},"primaryImageOfPage":{"@id":"https:\/\/noti-america.com\/site\/mexico\/2021\/10\/09\/clandestino-un-escape-dentro-de-caracas-venezuela\/#primaryimage"},"image":{"@id":"https:\/\/noti-america.com\/site\/mexico\/2021\/10\/09\/clandestino-un-escape-dentro-de-caracas-venezuela\/#primaryimage"},"thumbnailUrl":"https:\/\/noti-america.com\/site\/mexico\/wp-content\/uploads\/sites\/13\/2021\/10\/thumbnail_Image-1-300x148.jpg","datePublished":"2021-10-09T13:40:49+00:00","dateModified":"2021-10-09T21:43:41+00:00","breadcrumb":{"@id":"https:\/\/noti-america.com\/site\/mexico\/2021\/10\/09\/clandestino-un-escape-dentro-de-caracas-venezuela\/#breadcrumb"},"inLanguage":"es","potentialAction":[{"@type":"ReadAction","target":["https:\/\/noti-america.com\/site\/mexico\/2021\/10\/09\/clandestino-un-escape-dentro-de-caracas-venezuela\/"]}]},{"@type":"ImageObject","inLanguage":"es","@id":"https:\/\/noti-america.com\/site\/mexico\/2021\/10\/09\/clandestino-un-escape-dentro-de-caracas-venezuela\/#primaryimage","url":"https:\/\/noti-america.com\/site\/mexico\/wp-content\/uploads\/sites\/13\/2021\/10\/thumbnail_Image-1.jpg","contentUrl":"https:\/\/noti-america.com\/site\/mexico\/wp-content\/uploads\/sites\/13\/2021\/10\/thumbnail_Image-1.jpg","width":1124,"height":555},{"@type":"BreadcrumbList","@id":"https:\/\/noti-america.com\/site\/mexico\/2021\/10\/09\/clandestino-un-escape-dentro-de-caracas-venezuela\/#breadcrumb","itemListElement":[{"@type":"ListItem","position":1,"name":"Portada","item":"https:\/\/noti-america.com\/site\/mexico\/"},{"@type":"ListItem","position":2,"name":"Clandestino un escape dentro de Caracas, Venezuela"}]},{"@type":"WebSite","@id":"https:\/\/noti-america.com\/site\/mexico\/#website","url":"https:\/\/noti-america.com\/site\/mexico\/","name":"M\u00e9xico | Noti-America.com","description":"","publisher":{"@id":"https:\/\/noti-america.com\/site\/mexico\/#organization"},"potentialAction":[{"@type":"SearchAction","target":{"@type":"EntryPoint","urlTemplate":"https:\/\/noti-america.com\/site\/mexico\/?s={search_term_string}"},"query-input":{"@type":"PropertyValueSpecification","valueRequired":true,"valueName":"search_term_string"}}],"inLanguage":"es"},{"@type":"Organization","@id":"https:\/\/noti-america.com\/site\/mexico\/#organization","name":"Noti-America LLC | M\u00e9xico","url":"https:\/\/noti-america.com\/site\/mexico\/","logo":{"@type":"ImageObject","inLanguage":"es","@id":"https:\/\/noti-america.com\/site\/mexico\/#\/schema\/logo\/image\/","url":"https:\/\/noti-america.com\/site\/mexico\/wp-content\/uploads\/sites\/13\/2020\/07\/LogoNA-4x3-1.jpg","contentUrl":"https:\/\/noti-america.com\/site\/mexico\/wp-content\/uploads\/sites\/13\/2020\/07\/LogoNA-4x3-1.jpg","width":1236,"height":1080,"caption":"Noti-America LLC | M\u00e9xico"},"image":{"@id":"https:\/\/noti-america.com\/site\/mexico\/#\/schema\/logo\/image\/"}},{"@type":"Person","@id":"https:\/\/noti-america.com\/site\/mexico\/#\/schema\/person\/376ccc7b3cc7a8d5a43c3ece07a43857","name":"Yoelvzla","image":{"@type":"ImageObject","inLanguage":"es","@id":"https:\/\/secure.gravatar.com\/avatar\/13a96a72123e0e9aa76fe82e8847f726c63a1c5ef6a8d0fadd844c1a5a83b212?s=96&d=mm&r=g","url":"https:\/\/secure.gravatar.com\/avatar\/13a96a72123e0e9aa76fe82e8847f726c63a1c5ef6a8d0fadd844c1a5a83b212?s=96&d=mm&r=g","contentUrl":"https:\/\/secure.gravatar.com\/avatar\/13a96a72123e0e9aa76fe82e8847f726c63a1c5ef6a8d0fadd844c1a5a83b212?s=96&d=mm&r=g","caption":"Yoelvzla"},"url":"https:\/\/noti-america.com\/site\/mexico\/author\/ydiaz\/"}]}},"_links":{"self":[{"href":"https:\/\/noti-america.com\/site\/mexico\/wp-json\/wp\/v2\/posts\/6716","targetHints":{"allow":["GET"]}}],"collection":[{"href":"https:\/\/noti-america.com\/site\/mexico\/wp-json\/wp\/v2\/posts"}],"about":[{"href":"https:\/\/noti-america.com\/site\/mexico\/wp-json\/wp\/v2\/types\/post"}],"author":[{"embeddable":true,"href":"https:\/\/noti-america.com\/site\/mexico\/wp-json\/wp\/v2\/users\/127"}],"replies":[{"embeddable":true,"href":"https:\/\/noti-america.com\/site\/mexico\/wp-json\/wp\/v2\/comments?post=6716"}],"version-history":[{"count":2,"href":"https:\/\/noti-america.com\/site\/mexico\/wp-json\/wp\/v2\/posts\/6716\/revisions"}],"predecessor-version":[{"id":6729,"href":"https:\/\/noti-america.com\/site\/mexico\/wp-json\/wp\/v2\/posts\/6716\/revisions\/6729"}],"wp:attachment":[{"href":"https:\/\/noti-america.com\/site\/mexico\/wp-json\/wp\/v2\/media?parent=6716"}],"wp:term":[{"taxonomy":"category","embeddable":true,"href":"https:\/\/noti-america.com\/site\/mexico\/wp-json\/wp\/v2\/categories?post=6716"},{"taxonomy":"post_tag","embeddable":true,"href":"https:\/\/noti-america.com\/site\/mexico\/wp-json\/wp\/v2\/tags?post=6716"}],"curies":[{"name":"wp","href":"https:\/\/api.w.org\/{rel}","templated":true}]}}