{"id":6672,"date":"2021-10-06T14:53:09","date_gmt":"2021-10-06T14:53:09","guid":{"rendered":"https:\/\/noti-america.com\/site\/mexico\/?p=6672"},"modified":"2021-10-06T14:53:09","modified_gmt":"2021-10-06T14:53:09","slug":"cantante-espanol-jose-miguel-tiene-a-venezuela-en-su-radar","status":"publish","type":"post","link":"https:\/\/noti-america.com\/site\/mexico\/2021\/10\/06\/cantante-espanol-jose-miguel-tiene-a-venezuela-en-su-radar\/","title":{"rendered":"Cantante espa\u00f1ol Jos\u00e9 Miguel tiene a Venezuela en su radar"},"content":{"rendered":"<p><img loading=\"lazy\" decoding=\"async\" class=\"alignnone size-medium wp-image-6673\" src=\"https:\/\/noti-america.com\/site\/mexico\/wp-content\/uploads\/sites\/13\/2021\/10\/thumbnail_WhatsApp-Image-2021-09-15-at-15.03.15-696x870-1-240x300.jpg\" alt=\"\" width=\"240\" height=\"300\" srcset=\"https:\/\/noti-america.com\/site\/mexico\/wp-content\/uploads\/sites\/13\/2021\/10\/thumbnail_WhatsApp-Image-2021-09-15-at-15.03.15-696x870-1-240x300.jpg 240w, https:\/\/noti-america.com\/site\/mexico\/wp-content\/uploads\/sites\/13\/2021\/10\/thumbnail_WhatsApp-Image-2021-09-15-at-15.03.15-696x870-1.jpg 696w\" sizes=\"auto, (max-width: 240px) 100vw, 240px\" \/><\/p>\n<p>El cantante espa\u00f1ol Jos\u00e9 Miguel trabaja en la producci\u00f3n de su nuevo \u00e1lbum. En lo que va de a\u00f1o, estren\u00f3 los sencillos\u00a0<strong><a href=\"https:\/\/www.youtube.com\/watch?v=w5eaZIj2Sdw\" target=\"_blank\" rel=\"noopener noreferrer\" data-auth=\"NotApplicable\" data-linkindex=\"0\">\u201cVolar\u00e9\u201d\u00a0<\/a><\/strong>y\u00a0<strong>\u201c\u00a0<a href=\"https:\/\/www.youtube.com\/watch?v=Fo0xEiGmiKE\" target=\"_blank\" rel=\"noopener noreferrer\" data-auth=\"NotApplicable\" data-linkindex=\"1\">Mi Anhelo<\/a>\u201d<\/strong>, que tuvieron buena receptividad en las radios de diferentes pa\u00edses.<\/p>\n<h2>Cantante espa\u00f1ol Jos\u00e9 Miguel quiere venir a Venezuela<\/h2>\n<p>El vocalista indic\u00f3 que esta producci\u00f3n servir\u00e1 para cerrar el a\u00f1o 2021 \u201cpor todo lo alto\u201d. Record\u00f3 que por muchos a\u00f1os vivi\u00f3 en Puerto Rico, pa\u00eds en el que hizo colaboraciones y comparti\u00f3 en los escenarios con reconocidas figuras boricuas.<\/p>\n<div><a id=\"LPlnk843263\" href=\"https:\/\/www.youtube.com\/watch?v=Fo0xEiGmiKE\" target=\"_blank\" rel=\"noopener noreferrer\" data-auth=\"NotApplicable\" data-linkindex=\"2\">https:\/\/www.youtube.com\/watch?v=Fo0xEiGmiKE<\/a><\/div>\n<div><\/div>\n<div>Se pudo conocer que est\u00e1 en conversaciones con un artista latino y as\u00ed \u201cenloquecer a los fans (\u2026) Tambi\u00e9n me gustar\u00eda grabar con un artista venezolano, aunque no he ido al pa\u00eds y quisiera tambi\u00e9n conocer sus bellezas naturales\u201d, a\u00f1adi\u00f3.<\/div>\n<div><\/div>\n","protected":false},"excerpt":{"rendered":"<p>El cantante espa\u00f1ol Jos\u00e9 Miguel trabaja en la producci\u00f3n de su nuevo \u00e1lbum. En lo que va de a\u00f1o, estren\u00f3 los sencillos\u00a0\u201cVolar\u00e9\u201d\u00a0y\u00a0\u201c\u00a0Mi Anhelo\u201d, que tuvieron buena receptividad en las radios de diferentes pa\u00edses. Cantante&#46;&#46;&#46;<\/p>\n","protected":false},"author":127,"featured_media":0,"comment_status":"open","ping_status":"open","sticky":false,"template":"","format":"standard","meta":{"_acf_changed":false,"om_disable_all_campaigns":false,"rop_custom_images_group":[],"rop_custom_messages_group":[],"rop_publish_now":"initial","rop_publish_now_accounts":{"twitter_242054905_242054905":""},"rop_publish_now_history":[],"rop_publish_now_status":"pending","_uf_show_specific_survey":0,"_uf_disable_surveys":false,"footnotes":""},"categories":[38],"tags":[790],"class_list":["post-6672","post","type-post","status-publish","format-standard","hentry","category-musica","tag-mexico-valencia-espana-colombia-musica-josemiguelcanta-concierto"],"acf":[],"aioseo_notices":[],"yoast_head":"<!-- This site is optimized with the Yoast SEO Premium plugin v24.9 (Yoast SEO v27.2) - https:\/\/yoast.com\/product\/yoast-seo-premium-wordpress\/ -->\n<title>Cantante espa\u00f1ol Jos\u00e9 Miguel tiene a Venezuela en su radar - M\u00e9xico<\/title>\n<meta name=\"robots\" content=\"index, follow, max-snippet:-1, max-image-preview:large, max-video-preview:-1\" \/>\n<link rel=\"canonical\" href=\"https:\/\/noti-america.com\/site\/mexico\/2021\/10\/06\/cantante-espanol-jose-miguel-tiene-a-venezuela-en-su-radar\/\" \/>\n<meta property=\"og:locale\" content=\"es_ES\" \/>\n<meta property=\"og:type\" content=\"article\" \/>\n<meta property=\"og:title\" content=\"Cantante espa\u00f1ol Jos\u00e9 Miguel tiene a Venezuela en su radar\" \/>\n<meta property=\"og:description\" content=\"El cantante espa\u00f1ol Jos\u00e9 Miguel trabaja en la producci\u00f3n de su nuevo \u00e1lbum. En lo que va de a\u00f1o, estren\u00f3 los sencillos\u00a0\u201cVolar\u00e9\u201d\u00a0y\u00a0\u201c\u00a0Mi Anhelo\u201d, que tuvieron buena receptividad en las radios de diferentes pa\u00edses. Cantante&#046;&#046;&#046;\" \/>\n<meta property=\"og:url\" content=\"https:\/\/noti-america.com\/site\/mexico\/2021\/10\/06\/cantante-espanol-jose-miguel-tiene-a-venezuela-en-su-radar\/\" \/>\n<meta property=\"og:site_name\" content=\"M\u00e9xico\" \/>\n<meta property=\"article:published_time\" content=\"2021-10-06T14:53:09+00:00\" \/>\n<meta property=\"og:image\" content=\"https:\/\/noti-america.com\/site\/mexico\/wp-content\/uploads\/sites\/13\/2021\/10\/thumbnail_WhatsApp-Image-2021-09-15-at-15.03.15-696x870-1-240x300.jpg\" \/>\n<meta name=\"author\" content=\"Yoelvzla\" \/>\n<meta name=\"twitter:card\" content=\"summary_large_image\" \/>\n<meta name=\"twitter:label1\" content=\"Escrito por\" \/>\n\t<meta name=\"twitter:data1\" content=\"Yoelvzla\" \/>\n\t<meta name=\"twitter:label2\" content=\"Tiempo estimado de lectura\" \/>\n\t<meta name=\"twitter:data2\" content=\"1 minuto\" \/>\n<script type=\"application\/ld+json\" class=\"yoast-schema-graph\">{\"@context\":\"https:\/\/schema.org\",\"@graph\":[{\"@type\":\"Article\",\"@id\":\"https:\/\/noti-america.com\/site\/mexico\/2021\/10\/06\/cantante-espanol-jose-miguel-tiene-a-venezuela-en-su-radar\/#article\",\"isPartOf\":{\"@id\":\"https:\/\/noti-america.com\/site\/mexico\/2021\/10\/06\/cantante-espanol-jose-miguel-tiene-a-venezuela-en-su-radar\/\"},\"author\":{\"name\":\"Yoelvzla\",\"@id\":\"https:\/\/noti-america.com\/site\/mexico\/#\/schema\/person\/376ccc7b3cc7a8d5a43c3ece07a43857\"},\"headline\":\"Cantante espa\u00f1ol Jos\u00e9 Miguel tiene a Venezuela en su radar\",\"datePublished\":\"2021-10-06T14:53:09+00:00\",\"mainEntityOfPage\":{\"@id\":\"https:\/\/noti-america.com\/site\/mexico\/2021\/10\/06\/cantante-espanol-jose-miguel-tiene-a-venezuela-en-su-radar\/\"},\"wordCount\":155,\"commentCount\":0,\"publisher\":{\"@id\":\"https:\/\/noti-america.com\/site\/mexico\/#organization\"},\"image\":{\"@id\":\"https:\/\/noti-america.com\/site\/mexico\/2021\/10\/06\/cantante-espanol-jose-miguel-tiene-a-venezuela-en-su-radar\/#primaryimage\"},\"thumbnailUrl\":\"https:\/\/noti-america.com\/site\/mexico\/wp-content\/uploads\/sites\/13\/2021\/10\/thumbnail_WhatsApp-Image-2021-09-15-at-15.03.15-696x870-1-240x300.jpg\",\"keywords\":[\"#Mexico #Valencia #Espa\u00f1a #Colombia #Musica #JoseMiguelCanta #Concierto\"],\"articleSection\":[\"M\u00fasica\"],\"inLanguage\":\"es\",\"potentialAction\":[{\"@type\":\"CommentAction\",\"name\":\"Comment\",\"target\":[\"https:\/\/noti-america.com\/site\/mexico\/2021\/10\/06\/cantante-espanol-jose-miguel-tiene-a-venezuela-en-su-radar\/#respond\"]}]},{\"@type\":\"WebPage\",\"@id\":\"https:\/\/noti-america.com\/site\/mexico\/2021\/10\/06\/cantante-espanol-jose-miguel-tiene-a-venezuela-en-su-radar\/\",\"url\":\"https:\/\/noti-america.com\/site\/mexico\/2021\/10\/06\/cantante-espanol-jose-miguel-tiene-a-venezuela-en-su-radar\/\",\"name\":\"Cantante espa\u00f1ol Jos\u00e9 Miguel tiene a Venezuela en su radar - M\u00e9xico\",\"isPartOf\":{\"@id\":\"https:\/\/noti-america.com\/site\/mexico\/#website\"},\"primaryImageOfPage\":{\"@id\":\"https:\/\/noti-america.com\/site\/mexico\/2021\/10\/06\/cantante-espanol-jose-miguel-tiene-a-venezuela-en-su-radar\/#primaryimage\"},\"image\":{\"@id\":\"https:\/\/noti-america.com\/site\/mexico\/2021\/10\/06\/cantante-espanol-jose-miguel-tiene-a-venezuela-en-su-radar\/#primaryimage\"},\"thumbnailUrl\":\"https:\/\/noti-america.com\/site\/mexico\/wp-content\/uploads\/sites\/13\/2021\/10\/thumbnail_WhatsApp-Image-2021-09-15-at-15.03.15-696x870-1-240x300.jpg\",\"datePublished\":\"2021-10-06T14:53:09+00:00\",\"breadcrumb\":{\"@id\":\"https:\/\/noti-america.com\/site\/mexico\/2021\/10\/06\/cantante-espanol-jose-miguel-tiene-a-venezuela-en-su-radar\/#breadcrumb\"},\"inLanguage\":\"es\",\"potentialAction\":[{\"@type\":\"ReadAction\",\"target\":[\"https:\/\/noti-america.com\/site\/mexico\/2021\/10\/06\/cantante-espanol-jose-miguel-tiene-a-venezuela-en-su-radar\/\"]}]},{\"@type\":\"ImageObject\",\"inLanguage\":\"es\",\"@id\":\"https:\/\/noti-america.com\/site\/mexico\/2021\/10\/06\/cantante-espanol-jose-miguel-tiene-a-venezuela-en-su-radar\/#primaryimage\",\"url\":\"https:\/\/noti-america.com\/site\/mexico\/wp-content\/uploads\/sites\/13\/2021\/10\/thumbnail_WhatsApp-Image-2021-09-15-at-15.03.15-696x870-1.jpg\",\"contentUrl\":\"https:\/\/noti-america.com\/site\/mexico\/wp-content\/uploads\/sites\/13\/2021\/10\/thumbnail_WhatsApp-Image-2021-09-15-at-15.03.15-696x870-1.jpg\",\"width\":696,\"height\":870},{\"@type\":\"BreadcrumbList\",\"@id\":\"https:\/\/noti-america.com\/site\/mexico\/2021\/10\/06\/cantante-espanol-jose-miguel-tiene-a-venezuela-en-su-radar\/#breadcrumb\",\"itemListElement\":[{\"@type\":\"ListItem\",\"position\":1,\"name\":\"Portada\",\"item\":\"https:\/\/noti-america.com\/site\/mexico\/\"},{\"@type\":\"ListItem\",\"position\":2,\"name\":\"Cantante espa\u00f1ol Jos\u00e9 Miguel tiene a Venezuela en su radar\"}]},{\"@type\":\"WebSite\",\"@id\":\"https:\/\/noti-america.com\/site\/mexico\/#website\",\"url\":\"https:\/\/noti-america.com\/site\/mexico\/\",\"name\":\"M\u00e9xico | Noti-America.com\",\"description\":\"\",\"publisher\":{\"@id\":\"https:\/\/noti-america.com\/site\/mexico\/#organization\"},\"potentialAction\":[{\"@type\":\"SearchAction\",\"target\":{\"@type\":\"EntryPoint\",\"urlTemplate\":\"https:\/\/noti-america.com\/site\/mexico\/?s={search_term_string}\"},\"query-input\":{\"@type\":\"PropertyValueSpecification\",\"valueRequired\":true,\"valueName\":\"search_term_string\"}}],\"inLanguage\":\"es\"},{\"@type\":\"Organization\",\"@id\":\"https:\/\/noti-america.com\/site\/mexico\/#organization\",\"name\":\"Noti-America LLC | M\u00e9xico\",\"url\":\"https:\/\/noti-america.com\/site\/mexico\/\",\"logo\":{\"@type\":\"ImageObject\",\"inLanguage\":\"es\",\"@id\":\"https:\/\/noti-america.com\/site\/mexico\/#\/schema\/logo\/image\/\",\"url\":\"https:\/\/noti-america.com\/site\/mexico\/wp-content\/uploads\/sites\/13\/2020\/07\/LogoNA-4x3-1.jpg\",\"contentUrl\":\"https:\/\/noti-america.com\/site\/mexico\/wp-content\/uploads\/sites\/13\/2020\/07\/LogoNA-4x3-1.jpg\",\"width\":1236,\"height\":1080,\"caption\":\"Noti-America LLC | M\u00e9xico\"},\"image\":{\"@id\":\"https:\/\/noti-america.com\/site\/mexico\/#\/schema\/logo\/image\/\"}},{\"@type\":\"Person\",\"@id\":\"https:\/\/noti-america.com\/site\/mexico\/#\/schema\/person\/376ccc7b3cc7a8d5a43c3ece07a43857\",\"name\":\"Yoelvzla\",\"image\":{\"@type\":\"ImageObject\",\"inLanguage\":\"es\",\"@id\":\"https:\/\/secure.gravatar.com\/avatar\/13a96a72123e0e9aa76fe82e8847f726c63a1c5ef6a8d0fadd844c1a5a83b212?s=96&d=mm&r=g\",\"url\":\"https:\/\/secure.gravatar.com\/avatar\/13a96a72123e0e9aa76fe82e8847f726c63a1c5ef6a8d0fadd844c1a5a83b212?s=96&d=mm&r=g\",\"contentUrl\":\"https:\/\/secure.gravatar.com\/avatar\/13a96a72123e0e9aa76fe82e8847f726c63a1c5ef6a8d0fadd844c1a5a83b212?s=96&d=mm&r=g\",\"caption\":\"Yoelvzla\"},\"url\":\"https:\/\/noti-america.com\/site\/mexico\/author\/ydiaz\/\"}]}<\/script>\n<!-- \/ Yoast SEO Premium plugin. -->","yoast_head_json":{"title":"Cantante espa\u00f1ol Jos\u00e9 Miguel tiene a Venezuela en su radar - M\u00e9xico","robots":{"index":"index","follow":"follow","max-snippet":"max-snippet:-1","max-image-preview":"max-image-preview:large","max-video-preview":"max-video-preview:-1"},"canonical":"https:\/\/noti-america.com\/site\/mexico\/2021\/10\/06\/cantante-espanol-jose-miguel-tiene-a-venezuela-en-su-radar\/","og_locale":"es_ES","og_type":"article","og_title":"Cantante espa\u00f1ol Jos\u00e9 Miguel tiene a Venezuela en su radar","og_description":"El cantante espa\u00f1ol Jos\u00e9 Miguel trabaja en la producci\u00f3n de su nuevo \u00e1lbum. En lo que va de a\u00f1o, estren\u00f3 los sencillos\u00a0\u201cVolar\u00e9\u201d\u00a0y\u00a0\u201c\u00a0Mi Anhelo\u201d, que tuvieron buena receptividad en las radios de diferentes pa\u00edses. Cantante&#46;&#46;&#46;","og_url":"https:\/\/noti-america.com\/site\/mexico\/2021\/10\/06\/cantante-espanol-jose-miguel-tiene-a-venezuela-en-su-radar\/","og_site_name":"M\u00e9xico","article_published_time":"2021-10-06T14:53:09+00:00","og_image":[{"url":"https:\/\/noti-america.com\/site\/mexico\/wp-content\/uploads\/sites\/13\/2021\/10\/thumbnail_WhatsApp-Image-2021-09-15-at-15.03.15-696x870-1-240x300.jpg","type":"","width":"","height":""}],"author":"Yoelvzla","twitter_card":"summary_large_image","twitter_misc":{"Escrito por":"Yoelvzla","Tiempo estimado de lectura":"1 minuto"},"schema":{"@context":"https:\/\/schema.org","@graph":[{"@type":"Article","@id":"https:\/\/noti-america.com\/site\/mexico\/2021\/10\/06\/cantante-espanol-jose-miguel-tiene-a-venezuela-en-su-radar\/#article","isPartOf":{"@id":"https:\/\/noti-america.com\/site\/mexico\/2021\/10\/06\/cantante-espanol-jose-miguel-tiene-a-venezuela-en-su-radar\/"},"author":{"name":"Yoelvzla","@id":"https:\/\/noti-america.com\/site\/mexico\/#\/schema\/person\/376ccc7b3cc7a8d5a43c3ece07a43857"},"headline":"Cantante espa\u00f1ol Jos\u00e9 Miguel tiene a Venezuela en su radar","datePublished":"2021-10-06T14:53:09+00:00","mainEntityOfPage":{"@id":"https:\/\/noti-america.com\/site\/mexico\/2021\/10\/06\/cantante-espanol-jose-miguel-tiene-a-venezuela-en-su-radar\/"},"wordCount":155,"commentCount":0,"publisher":{"@id":"https:\/\/noti-america.com\/site\/mexico\/#organization"},"image":{"@id":"https:\/\/noti-america.com\/site\/mexico\/2021\/10\/06\/cantante-espanol-jose-miguel-tiene-a-venezuela-en-su-radar\/#primaryimage"},"thumbnailUrl":"https:\/\/noti-america.com\/site\/mexico\/wp-content\/uploads\/sites\/13\/2021\/10\/thumbnail_WhatsApp-Image-2021-09-15-at-15.03.15-696x870-1-240x300.jpg","keywords":["#Mexico #Valencia #Espa\u00f1a #Colombia #Musica #JoseMiguelCanta #Concierto"],"articleSection":["M\u00fasica"],"inLanguage":"es","potentialAction":[{"@type":"CommentAction","name":"Comment","target":["https:\/\/noti-america.com\/site\/mexico\/2021\/10\/06\/cantante-espanol-jose-miguel-tiene-a-venezuela-en-su-radar\/#respond"]}]},{"@type":"WebPage","@id":"https:\/\/noti-america.com\/site\/mexico\/2021\/10\/06\/cantante-espanol-jose-miguel-tiene-a-venezuela-en-su-radar\/","url":"https:\/\/noti-america.com\/site\/mexico\/2021\/10\/06\/cantante-espanol-jose-miguel-tiene-a-venezuela-en-su-radar\/","name":"Cantante espa\u00f1ol Jos\u00e9 Miguel tiene a Venezuela en su radar - M\u00e9xico","isPartOf":{"@id":"https:\/\/noti-america.com\/site\/mexico\/#website"},"primaryImageOfPage":{"@id":"https:\/\/noti-america.com\/site\/mexico\/2021\/10\/06\/cantante-espanol-jose-miguel-tiene-a-venezuela-en-su-radar\/#primaryimage"},"image":{"@id":"https:\/\/noti-america.com\/site\/mexico\/2021\/10\/06\/cantante-espanol-jose-miguel-tiene-a-venezuela-en-su-radar\/#primaryimage"},"thumbnailUrl":"https:\/\/noti-america.com\/site\/mexico\/wp-content\/uploads\/sites\/13\/2021\/10\/thumbnail_WhatsApp-Image-2021-09-15-at-15.03.15-696x870-1-240x300.jpg","datePublished":"2021-10-06T14:53:09+00:00","breadcrumb":{"@id":"https:\/\/noti-america.com\/site\/mexico\/2021\/10\/06\/cantante-espanol-jose-miguel-tiene-a-venezuela-en-su-radar\/#breadcrumb"},"inLanguage":"es","potentialAction":[{"@type":"ReadAction","target":["https:\/\/noti-america.com\/site\/mexico\/2021\/10\/06\/cantante-espanol-jose-miguel-tiene-a-venezuela-en-su-radar\/"]}]},{"@type":"ImageObject","inLanguage":"es","@id":"https:\/\/noti-america.com\/site\/mexico\/2021\/10\/06\/cantante-espanol-jose-miguel-tiene-a-venezuela-en-su-radar\/#primaryimage","url":"https:\/\/noti-america.com\/site\/mexico\/wp-content\/uploads\/sites\/13\/2021\/10\/thumbnail_WhatsApp-Image-2021-09-15-at-15.03.15-696x870-1.jpg","contentUrl":"https:\/\/noti-america.com\/site\/mexico\/wp-content\/uploads\/sites\/13\/2021\/10\/thumbnail_WhatsApp-Image-2021-09-15-at-15.03.15-696x870-1.jpg","width":696,"height":870},{"@type":"BreadcrumbList","@id":"https:\/\/noti-america.com\/site\/mexico\/2021\/10\/06\/cantante-espanol-jose-miguel-tiene-a-venezuela-en-su-radar\/#breadcrumb","itemListElement":[{"@type":"ListItem","position":1,"name":"Portada","item":"https:\/\/noti-america.com\/site\/mexico\/"},{"@type":"ListItem","position":2,"name":"Cantante espa\u00f1ol Jos\u00e9 Miguel tiene a Venezuela en su radar"}]},{"@type":"WebSite","@id":"https:\/\/noti-america.com\/site\/mexico\/#website","url":"https:\/\/noti-america.com\/site\/mexico\/","name":"M\u00e9xico | Noti-America.com","description":"","publisher":{"@id":"https:\/\/noti-america.com\/site\/mexico\/#organization"},"potentialAction":[{"@type":"SearchAction","target":{"@type":"EntryPoint","urlTemplate":"https:\/\/noti-america.com\/site\/mexico\/?s={search_term_string}"},"query-input":{"@type":"PropertyValueSpecification","valueRequired":true,"valueName":"search_term_string"}}],"inLanguage":"es"},{"@type":"Organization","@id":"https:\/\/noti-america.com\/site\/mexico\/#organization","name":"Noti-America LLC | M\u00e9xico","url":"https:\/\/noti-america.com\/site\/mexico\/","logo":{"@type":"ImageObject","inLanguage":"es","@id":"https:\/\/noti-america.com\/site\/mexico\/#\/schema\/logo\/image\/","url":"https:\/\/noti-america.com\/site\/mexico\/wp-content\/uploads\/sites\/13\/2020\/07\/LogoNA-4x3-1.jpg","contentUrl":"https:\/\/noti-america.com\/site\/mexico\/wp-content\/uploads\/sites\/13\/2020\/07\/LogoNA-4x3-1.jpg","width":1236,"height":1080,"caption":"Noti-America LLC | M\u00e9xico"},"image":{"@id":"https:\/\/noti-america.com\/site\/mexico\/#\/schema\/logo\/image\/"}},{"@type":"Person","@id":"https:\/\/noti-america.com\/site\/mexico\/#\/schema\/person\/376ccc7b3cc7a8d5a43c3ece07a43857","name":"Yoelvzla","image":{"@type":"ImageObject","inLanguage":"es","@id":"https:\/\/secure.gravatar.com\/avatar\/13a96a72123e0e9aa76fe82e8847f726c63a1c5ef6a8d0fadd844c1a5a83b212?s=96&d=mm&r=g","url":"https:\/\/secure.gravatar.com\/avatar\/13a96a72123e0e9aa76fe82e8847f726c63a1c5ef6a8d0fadd844c1a5a83b212?s=96&d=mm&r=g","contentUrl":"https:\/\/secure.gravatar.com\/avatar\/13a96a72123e0e9aa76fe82e8847f726c63a1c5ef6a8d0fadd844c1a5a83b212?s=96&d=mm&r=g","caption":"Yoelvzla"},"url":"https:\/\/noti-america.com\/site\/mexico\/author\/ydiaz\/"}]}},"_links":{"self":[{"href":"https:\/\/noti-america.com\/site\/mexico\/wp-json\/wp\/v2\/posts\/6672","targetHints":{"allow":["GET"]}}],"collection":[{"href":"https:\/\/noti-america.com\/site\/mexico\/wp-json\/wp\/v2\/posts"}],"about":[{"href":"https:\/\/noti-america.com\/site\/mexico\/wp-json\/wp\/v2\/types\/post"}],"author":[{"embeddable":true,"href":"https:\/\/noti-america.com\/site\/mexico\/wp-json\/wp\/v2\/users\/127"}],"replies":[{"embeddable":true,"href":"https:\/\/noti-america.com\/site\/mexico\/wp-json\/wp\/v2\/comments?post=6672"}],"version-history":[{"count":1,"href":"https:\/\/noti-america.com\/site\/mexico\/wp-json\/wp\/v2\/posts\/6672\/revisions"}],"predecessor-version":[{"id":6674,"href":"https:\/\/noti-america.com\/site\/mexico\/wp-json\/wp\/v2\/posts\/6672\/revisions\/6674"}],"wp:attachment":[{"href":"https:\/\/noti-america.com\/site\/mexico\/wp-json\/wp\/v2\/media?parent=6672"}],"wp:term":[{"taxonomy":"category","embeddable":true,"href":"https:\/\/noti-america.com\/site\/mexico\/wp-json\/wp\/v2\/categories?post=6672"},{"taxonomy":"post_tag","embeddable":true,"href":"https:\/\/noti-america.com\/site\/mexico\/wp-json\/wp\/v2\/tags?post=6672"}],"curies":[{"name":"wp","href":"https:\/\/api.w.org\/{rel}","templated":true}]}}