{"id":6669,"date":"2021-10-06T14:46:40","date_gmt":"2021-10-06T14:46:40","guid":{"rendered":"https:\/\/noti-america.com\/site\/mexico\/?p=6669"},"modified":"2021-10-06T14:46:40","modified_gmt":"2021-10-06T14:46:40","slug":"el-venezolano-emmanuel-marcano-esta-brincando-en-una-pata","status":"publish","type":"post","link":"https:\/\/noti-america.com\/site\/mexico\/2021\/10\/06\/el-venezolano-emmanuel-marcano-esta-brincando-en-una-pata\/","title":{"rendered":"El Venezolano Emmanuel Marcano est\u00e1 brincando en \u00abuna pata\u00bb"},"content":{"rendered":"<p><img loading=\"lazy\" decoding=\"async\" class=\"alignnone size-medium wp-image-6670\" src=\"https:\/\/noti-america.com\/site\/mexico\/wp-content\/uploads\/sites\/13\/2021\/10\/16329317631864536315-300x178.jpg\" alt=\"\" width=\"300\" height=\"178\" srcset=\"https:\/\/noti-america.com\/site\/mexico\/wp-content\/uploads\/sites\/13\/2021\/10\/16329317631864536315-300x178.jpg 300w, https:\/\/noti-america.com\/site\/mexico\/wp-content\/uploads\/sites\/13\/2021\/10\/16329317631864536315.jpg 675w\" sizes=\"auto, (max-width: 300px) 100vw, 300px\" \/><\/p>\n<p class=\"selectionShareable\">El generador de contenido venezolano, <strong>Emmanuel Marcano<\/strong>, anunci\u00f3 desde sus redes sociales que se encontraba muy feliz luego de tantos sacrifico se compr\u00f3 su apartamento, Marcano venia de una zona popular de la ciudad de los techos rojos, \u201ce<strong>l l\u00edmite es el cielo uno debe perseguir sus sue\u00f1os y nunca darse por vencido\u201d,<\/strong>\u00a0se\u00f1al\u00f3 el influencer.<\/p>\n<p class=\"selectionShareable\">Semanas atr\u00e1s p\u00fablico su nueva producci\u00f3n musical llamada \u201c<strong>Mi Historia<\/strong>\u201d Marcano expres\u00f3 desde sus plataformas digitales que\u00a0<strong>no se iba a dedicar a la industria musical<\/strong>, solo quiso realizar este sencillo para narrar todo lo que vivi\u00f3 para poder llegar a la fama y se lo dedico a su madre\u00a0<strong>Zuleyma Y\u00e1nez<\/strong>.<\/p>\n<p>El caraque\u00f1o no solo se quiere dedicar en la creaci\u00f3n de contenido, sino har\u00e1 su debut como actor en la gran pantalla en el film \u201c<strong>Mi Abuela Esta Loca De Remate<\/strong>\u201d donde tendr\u00e1 una participaci\u00f3n especial, el venezolano no para de cosechar \u00e9xitos y\u00a0<strong>sigue creciendo como la espuma<\/strong>. Se espera que en unas semanas anuncie importantes noticias\u00a0 para los internautas.<\/p>\n","protected":false},"excerpt":{"rendered":"<p>El generador de contenido venezolano, Emmanuel Marcano, anunci\u00f3 desde sus redes sociales que se encontraba muy feliz luego de tantos sacrifico se compr\u00f3 su apartamento, Marcano venia de una zona popular de la ciudad&#46;&#46;&#46;<\/p>\n","protected":false},"author":127,"featured_media":0,"comment_status":"open","ping_status":"open","sticky":false,"template":"","format":"standard","meta":{"_acf_changed":false,"om_disable_all_campaigns":false,"rop_custom_images_group":[],"rop_custom_messages_group":[],"rop_publish_now":"initial","rop_publish_now_accounts":{"twitter_242054905_242054905":""},"rop_publish_now_history":[],"rop_publish_now_status":"pending","_uf_show_specific_survey":0,"_uf_disable_surveys":false,"footnotes":""},"categories":[56],"tags":[789],"class_list":["post-6669","post","type-post","status-publish","format-standard","hentry","category-farandula","tag-mexico-caracas-venezuela-estadosunidos"],"acf":[],"aioseo_notices":[],"yoast_head":"<!-- This site is optimized with the Yoast SEO Premium plugin v24.9 (Yoast SEO v27.2) - https:\/\/yoast.com\/product\/yoast-seo-premium-wordpress\/ -->\n<title>El Venezolano Emmanuel Marcano est\u00e1 brincando en &quot;una pata&quot; - M\u00e9xico<\/title>\n<meta name=\"robots\" content=\"index, follow, max-snippet:-1, max-image-preview:large, max-video-preview:-1\" \/>\n<link rel=\"canonical\" href=\"https:\/\/noti-america.com\/site\/mexico\/2021\/10\/06\/el-venezolano-emmanuel-marcano-esta-brincando-en-una-pata\/\" \/>\n<meta property=\"og:locale\" content=\"es_ES\" \/>\n<meta property=\"og:type\" content=\"article\" \/>\n<meta property=\"og:title\" content=\"El Venezolano Emmanuel Marcano est\u00e1 brincando en &quot;una pata&quot;\" \/>\n<meta property=\"og:description\" content=\"El generador de contenido venezolano, Emmanuel Marcano, anunci\u00f3 desde sus redes sociales que se encontraba muy feliz luego de tantos sacrifico se compr\u00f3 su apartamento, Marcano venia de una zona popular de la ciudad&#046;&#046;&#046;\" \/>\n<meta property=\"og:url\" content=\"https:\/\/noti-america.com\/site\/mexico\/2021\/10\/06\/el-venezolano-emmanuel-marcano-esta-brincando-en-una-pata\/\" \/>\n<meta property=\"og:site_name\" content=\"M\u00e9xico\" \/>\n<meta property=\"article:published_time\" content=\"2021-10-06T14:46:40+00:00\" \/>\n<meta property=\"og:image\" content=\"https:\/\/noti-america.com\/site\/mexico\/wp-content\/uploads\/sites\/13\/2021\/10\/16329317631864536315-300x178.jpg\" \/>\n<meta name=\"author\" content=\"Yoelvzla\" \/>\n<meta name=\"twitter:card\" content=\"summary_large_image\" \/>\n<meta name=\"twitter:label1\" content=\"Escrito por\" \/>\n\t<meta name=\"twitter:data1\" content=\"Yoelvzla\" \/>\n\t<meta name=\"twitter:label2\" content=\"Tiempo estimado de lectura\" \/>\n\t<meta name=\"twitter:data2\" content=\"1 minuto\" \/>\n<script type=\"application\/ld+json\" class=\"yoast-schema-graph\">{\"@context\":\"https:\/\/schema.org\",\"@graph\":[{\"@type\":\"Article\",\"@id\":\"https:\/\/noti-america.com\/site\/mexico\/2021\/10\/06\/el-venezolano-emmanuel-marcano-esta-brincando-en-una-pata\/#article\",\"isPartOf\":{\"@id\":\"https:\/\/noti-america.com\/site\/mexico\/2021\/10\/06\/el-venezolano-emmanuel-marcano-esta-brincando-en-una-pata\/\"},\"author\":{\"name\":\"Yoelvzla\",\"@id\":\"https:\/\/noti-america.com\/site\/mexico\/#\/schema\/person\/376ccc7b3cc7a8d5a43c3ece07a43857\"},\"headline\":\"El Venezolano Emmanuel Marcano est\u00e1 brincando en \u00abuna pata\u00bb\",\"datePublished\":\"2021-10-06T14:46:40+00:00\",\"mainEntityOfPage\":{\"@id\":\"https:\/\/noti-america.com\/site\/mexico\/2021\/10\/06\/el-venezolano-emmanuel-marcano-esta-brincando-en-una-pata\/\"},\"wordCount\":188,\"commentCount\":0,\"publisher\":{\"@id\":\"https:\/\/noti-america.com\/site\/mexico\/#organization\"},\"image\":{\"@id\":\"https:\/\/noti-america.com\/site\/mexico\/2021\/10\/06\/el-venezolano-emmanuel-marcano-esta-brincando-en-una-pata\/#primaryimage\"},\"thumbnailUrl\":\"https:\/\/noti-america.com\/site\/mexico\/wp-content\/uploads\/sites\/13\/2021\/10\/16329317631864536315-300x178.jpg\",\"keywords\":[\"#Mexico #Caracas #Venezuela #EstadosUnidos\"],\"articleSection\":[\"Far\u00e1ndula\"],\"inLanguage\":\"es\",\"potentialAction\":[{\"@type\":\"CommentAction\",\"name\":\"Comment\",\"target\":[\"https:\/\/noti-america.com\/site\/mexico\/2021\/10\/06\/el-venezolano-emmanuel-marcano-esta-brincando-en-una-pata\/#respond\"]}]},{\"@type\":\"WebPage\",\"@id\":\"https:\/\/noti-america.com\/site\/mexico\/2021\/10\/06\/el-venezolano-emmanuel-marcano-esta-brincando-en-una-pata\/\",\"url\":\"https:\/\/noti-america.com\/site\/mexico\/2021\/10\/06\/el-venezolano-emmanuel-marcano-esta-brincando-en-una-pata\/\",\"name\":\"El Venezolano Emmanuel Marcano est\u00e1 brincando en \\\"una pata\\\" - M\u00e9xico\",\"isPartOf\":{\"@id\":\"https:\/\/noti-america.com\/site\/mexico\/#website\"},\"primaryImageOfPage\":{\"@id\":\"https:\/\/noti-america.com\/site\/mexico\/2021\/10\/06\/el-venezolano-emmanuel-marcano-esta-brincando-en-una-pata\/#primaryimage\"},\"image\":{\"@id\":\"https:\/\/noti-america.com\/site\/mexico\/2021\/10\/06\/el-venezolano-emmanuel-marcano-esta-brincando-en-una-pata\/#primaryimage\"},\"thumbnailUrl\":\"https:\/\/noti-america.com\/site\/mexico\/wp-content\/uploads\/sites\/13\/2021\/10\/16329317631864536315-300x178.jpg\",\"datePublished\":\"2021-10-06T14:46:40+00:00\",\"breadcrumb\":{\"@id\":\"https:\/\/noti-america.com\/site\/mexico\/2021\/10\/06\/el-venezolano-emmanuel-marcano-esta-brincando-en-una-pata\/#breadcrumb\"},\"inLanguage\":\"es\",\"potentialAction\":[{\"@type\":\"ReadAction\",\"target\":[\"https:\/\/noti-america.com\/site\/mexico\/2021\/10\/06\/el-venezolano-emmanuel-marcano-esta-brincando-en-una-pata\/\"]}]},{\"@type\":\"ImageObject\",\"inLanguage\":\"es\",\"@id\":\"https:\/\/noti-america.com\/site\/mexico\/2021\/10\/06\/el-venezolano-emmanuel-marcano-esta-brincando-en-una-pata\/#primaryimage\",\"url\":\"https:\/\/noti-america.com\/site\/mexico\/wp-content\/uploads\/sites\/13\/2021\/10\/16329317631864536315.jpg\",\"contentUrl\":\"https:\/\/noti-america.com\/site\/mexico\/wp-content\/uploads\/sites\/13\/2021\/10\/16329317631864536315.jpg\",\"width\":675,\"height\":400},{\"@type\":\"BreadcrumbList\",\"@id\":\"https:\/\/noti-america.com\/site\/mexico\/2021\/10\/06\/el-venezolano-emmanuel-marcano-esta-brincando-en-una-pata\/#breadcrumb\",\"itemListElement\":[{\"@type\":\"ListItem\",\"position\":1,\"name\":\"Portada\",\"item\":\"https:\/\/noti-america.com\/site\/mexico\/\"},{\"@type\":\"ListItem\",\"position\":2,\"name\":\"El Venezolano Emmanuel Marcano est\u00e1 brincando en \u00abuna pata\u00bb\"}]},{\"@type\":\"WebSite\",\"@id\":\"https:\/\/noti-america.com\/site\/mexico\/#website\",\"url\":\"https:\/\/noti-america.com\/site\/mexico\/\",\"name\":\"M\u00e9xico | Noti-America.com\",\"description\":\"\",\"publisher\":{\"@id\":\"https:\/\/noti-america.com\/site\/mexico\/#organization\"},\"potentialAction\":[{\"@type\":\"SearchAction\",\"target\":{\"@type\":\"EntryPoint\",\"urlTemplate\":\"https:\/\/noti-america.com\/site\/mexico\/?s={search_term_string}\"},\"query-input\":{\"@type\":\"PropertyValueSpecification\",\"valueRequired\":true,\"valueName\":\"search_term_string\"}}],\"inLanguage\":\"es\"},{\"@type\":\"Organization\",\"@id\":\"https:\/\/noti-america.com\/site\/mexico\/#organization\",\"name\":\"Noti-America LLC | M\u00e9xico\",\"url\":\"https:\/\/noti-america.com\/site\/mexico\/\",\"logo\":{\"@type\":\"ImageObject\",\"inLanguage\":\"es\",\"@id\":\"https:\/\/noti-america.com\/site\/mexico\/#\/schema\/logo\/image\/\",\"url\":\"https:\/\/noti-america.com\/site\/mexico\/wp-content\/uploads\/sites\/13\/2020\/07\/LogoNA-4x3-1.jpg\",\"contentUrl\":\"https:\/\/noti-america.com\/site\/mexico\/wp-content\/uploads\/sites\/13\/2020\/07\/LogoNA-4x3-1.jpg\",\"width\":1236,\"height\":1080,\"caption\":\"Noti-America LLC | M\u00e9xico\"},\"image\":{\"@id\":\"https:\/\/noti-america.com\/site\/mexico\/#\/schema\/logo\/image\/\"}},{\"@type\":\"Person\",\"@id\":\"https:\/\/noti-america.com\/site\/mexico\/#\/schema\/person\/376ccc7b3cc7a8d5a43c3ece07a43857\",\"name\":\"Yoelvzla\",\"image\":{\"@type\":\"ImageObject\",\"inLanguage\":\"es\",\"@id\":\"https:\/\/secure.gravatar.com\/avatar\/13a96a72123e0e9aa76fe82e8847f726c63a1c5ef6a8d0fadd844c1a5a83b212?s=96&d=mm&r=g\",\"url\":\"https:\/\/secure.gravatar.com\/avatar\/13a96a72123e0e9aa76fe82e8847f726c63a1c5ef6a8d0fadd844c1a5a83b212?s=96&d=mm&r=g\",\"contentUrl\":\"https:\/\/secure.gravatar.com\/avatar\/13a96a72123e0e9aa76fe82e8847f726c63a1c5ef6a8d0fadd844c1a5a83b212?s=96&d=mm&r=g\",\"caption\":\"Yoelvzla\"},\"url\":\"https:\/\/noti-america.com\/site\/mexico\/author\/ydiaz\/\"}]}<\/script>\n<!-- \/ Yoast SEO Premium plugin. -->","yoast_head_json":{"title":"El Venezolano Emmanuel Marcano est\u00e1 brincando en \"una pata\" - M\u00e9xico","robots":{"index":"index","follow":"follow","max-snippet":"max-snippet:-1","max-image-preview":"max-image-preview:large","max-video-preview":"max-video-preview:-1"},"canonical":"https:\/\/noti-america.com\/site\/mexico\/2021\/10\/06\/el-venezolano-emmanuel-marcano-esta-brincando-en-una-pata\/","og_locale":"es_ES","og_type":"article","og_title":"El Venezolano Emmanuel Marcano est\u00e1 brincando en \"una pata\"","og_description":"El generador de contenido venezolano, Emmanuel Marcano, anunci\u00f3 desde sus redes sociales que se encontraba muy feliz luego de tantos sacrifico se compr\u00f3 su apartamento, Marcano venia de una zona popular de la ciudad&#46;&#46;&#46;","og_url":"https:\/\/noti-america.com\/site\/mexico\/2021\/10\/06\/el-venezolano-emmanuel-marcano-esta-brincando-en-una-pata\/","og_site_name":"M\u00e9xico","article_published_time":"2021-10-06T14:46:40+00:00","og_image":[{"url":"https:\/\/noti-america.com\/site\/mexico\/wp-content\/uploads\/sites\/13\/2021\/10\/16329317631864536315-300x178.jpg","type":"","width":"","height":""}],"author":"Yoelvzla","twitter_card":"summary_large_image","twitter_misc":{"Escrito por":"Yoelvzla","Tiempo estimado de lectura":"1 minuto"},"schema":{"@context":"https:\/\/schema.org","@graph":[{"@type":"Article","@id":"https:\/\/noti-america.com\/site\/mexico\/2021\/10\/06\/el-venezolano-emmanuel-marcano-esta-brincando-en-una-pata\/#article","isPartOf":{"@id":"https:\/\/noti-america.com\/site\/mexico\/2021\/10\/06\/el-venezolano-emmanuel-marcano-esta-brincando-en-una-pata\/"},"author":{"name":"Yoelvzla","@id":"https:\/\/noti-america.com\/site\/mexico\/#\/schema\/person\/376ccc7b3cc7a8d5a43c3ece07a43857"},"headline":"El Venezolano Emmanuel Marcano est\u00e1 brincando en \u00abuna pata\u00bb","datePublished":"2021-10-06T14:46:40+00:00","mainEntityOfPage":{"@id":"https:\/\/noti-america.com\/site\/mexico\/2021\/10\/06\/el-venezolano-emmanuel-marcano-esta-brincando-en-una-pata\/"},"wordCount":188,"commentCount":0,"publisher":{"@id":"https:\/\/noti-america.com\/site\/mexico\/#organization"},"image":{"@id":"https:\/\/noti-america.com\/site\/mexico\/2021\/10\/06\/el-venezolano-emmanuel-marcano-esta-brincando-en-una-pata\/#primaryimage"},"thumbnailUrl":"https:\/\/noti-america.com\/site\/mexico\/wp-content\/uploads\/sites\/13\/2021\/10\/16329317631864536315-300x178.jpg","keywords":["#Mexico #Caracas #Venezuela #EstadosUnidos"],"articleSection":["Far\u00e1ndula"],"inLanguage":"es","potentialAction":[{"@type":"CommentAction","name":"Comment","target":["https:\/\/noti-america.com\/site\/mexico\/2021\/10\/06\/el-venezolano-emmanuel-marcano-esta-brincando-en-una-pata\/#respond"]}]},{"@type":"WebPage","@id":"https:\/\/noti-america.com\/site\/mexico\/2021\/10\/06\/el-venezolano-emmanuel-marcano-esta-brincando-en-una-pata\/","url":"https:\/\/noti-america.com\/site\/mexico\/2021\/10\/06\/el-venezolano-emmanuel-marcano-esta-brincando-en-una-pata\/","name":"El Venezolano Emmanuel Marcano est\u00e1 brincando en \"una pata\" - M\u00e9xico","isPartOf":{"@id":"https:\/\/noti-america.com\/site\/mexico\/#website"},"primaryImageOfPage":{"@id":"https:\/\/noti-america.com\/site\/mexico\/2021\/10\/06\/el-venezolano-emmanuel-marcano-esta-brincando-en-una-pata\/#primaryimage"},"image":{"@id":"https:\/\/noti-america.com\/site\/mexico\/2021\/10\/06\/el-venezolano-emmanuel-marcano-esta-brincando-en-una-pata\/#primaryimage"},"thumbnailUrl":"https:\/\/noti-america.com\/site\/mexico\/wp-content\/uploads\/sites\/13\/2021\/10\/16329317631864536315-300x178.jpg","datePublished":"2021-10-06T14:46:40+00:00","breadcrumb":{"@id":"https:\/\/noti-america.com\/site\/mexico\/2021\/10\/06\/el-venezolano-emmanuel-marcano-esta-brincando-en-una-pata\/#breadcrumb"},"inLanguage":"es","potentialAction":[{"@type":"ReadAction","target":["https:\/\/noti-america.com\/site\/mexico\/2021\/10\/06\/el-venezolano-emmanuel-marcano-esta-brincando-en-una-pata\/"]}]},{"@type":"ImageObject","inLanguage":"es","@id":"https:\/\/noti-america.com\/site\/mexico\/2021\/10\/06\/el-venezolano-emmanuel-marcano-esta-brincando-en-una-pata\/#primaryimage","url":"https:\/\/noti-america.com\/site\/mexico\/wp-content\/uploads\/sites\/13\/2021\/10\/16329317631864536315.jpg","contentUrl":"https:\/\/noti-america.com\/site\/mexico\/wp-content\/uploads\/sites\/13\/2021\/10\/16329317631864536315.jpg","width":675,"height":400},{"@type":"BreadcrumbList","@id":"https:\/\/noti-america.com\/site\/mexico\/2021\/10\/06\/el-venezolano-emmanuel-marcano-esta-brincando-en-una-pata\/#breadcrumb","itemListElement":[{"@type":"ListItem","position":1,"name":"Portada","item":"https:\/\/noti-america.com\/site\/mexico\/"},{"@type":"ListItem","position":2,"name":"El Venezolano Emmanuel Marcano est\u00e1 brincando en \u00abuna pata\u00bb"}]},{"@type":"WebSite","@id":"https:\/\/noti-america.com\/site\/mexico\/#website","url":"https:\/\/noti-america.com\/site\/mexico\/","name":"M\u00e9xico | Noti-America.com","description":"","publisher":{"@id":"https:\/\/noti-america.com\/site\/mexico\/#organization"},"potentialAction":[{"@type":"SearchAction","target":{"@type":"EntryPoint","urlTemplate":"https:\/\/noti-america.com\/site\/mexico\/?s={search_term_string}"},"query-input":{"@type":"PropertyValueSpecification","valueRequired":true,"valueName":"search_term_string"}}],"inLanguage":"es"},{"@type":"Organization","@id":"https:\/\/noti-america.com\/site\/mexico\/#organization","name":"Noti-America LLC | M\u00e9xico","url":"https:\/\/noti-america.com\/site\/mexico\/","logo":{"@type":"ImageObject","inLanguage":"es","@id":"https:\/\/noti-america.com\/site\/mexico\/#\/schema\/logo\/image\/","url":"https:\/\/noti-america.com\/site\/mexico\/wp-content\/uploads\/sites\/13\/2020\/07\/LogoNA-4x3-1.jpg","contentUrl":"https:\/\/noti-america.com\/site\/mexico\/wp-content\/uploads\/sites\/13\/2020\/07\/LogoNA-4x3-1.jpg","width":1236,"height":1080,"caption":"Noti-America LLC | M\u00e9xico"},"image":{"@id":"https:\/\/noti-america.com\/site\/mexico\/#\/schema\/logo\/image\/"}},{"@type":"Person","@id":"https:\/\/noti-america.com\/site\/mexico\/#\/schema\/person\/376ccc7b3cc7a8d5a43c3ece07a43857","name":"Yoelvzla","image":{"@type":"ImageObject","inLanguage":"es","@id":"https:\/\/secure.gravatar.com\/avatar\/13a96a72123e0e9aa76fe82e8847f726c63a1c5ef6a8d0fadd844c1a5a83b212?s=96&d=mm&r=g","url":"https:\/\/secure.gravatar.com\/avatar\/13a96a72123e0e9aa76fe82e8847f726c63a1c5ef6a8d0fadd844c1a5a83b212?s=96&d=mm&r=g","contentUrl":"https:\/\/secure.gravatar.com\/avatar\/13a96a72123e0e9aa76fe82e8847f726c63a1c5ef6a8d0fadd844c1a5a83b212?s=96&d=mm&r=g","caption":"Yoelvzla"},"url":"https:\/\/noti-america.com\/site\/mexico\/author\/ydiaz\/"}]}},"_links":{"self":[{"href":"https:\/\/noti-america.com\/site\/mexico\/wp-json\/wp\/v2\/posts\/6669","targetHints":{"allow":["GET"]}}],"collection":[{"href":"https:\/\/noti-america.com\/site\/mexico\/wp-json\/wp\/v2\/posts"}],"about":[{"href":"https:\/\/noti-america.com\/site\/mexico\/wp-json\/wp\/v2\/types\/post"}],"author":[{"embeddable":true,"href":"https:\/\/noti-america.com\/site\/mexico\/wp-json\/wp\/v2\/users\/127"}],"replies":[{"embeddable":true,"href":"https:\/\/noti-america.com\/site\/mexico\/wp-json\/wp\/v2\/comments?post=6669"}],"version-history":[{"count":1,"href":"https:\/\/noti-america.com\/site\/mexico\/wp-json\/wp\/v2\/posts\/6669\/revisions"}],"predecessor-version":[{"id":6671,"href":"https:\/\/noti-america.com\/site\/mexico\/wp-json\/wp\/v2\/posts\/6669\/revisions\/6671"}],"wp:attachment":[{"href":"https:\/\/noti-america.com\/site\/mexico\/wp-json\/wp\/v2\/media?parent=6669"}],"wp:term":[{"taxonomy":"category","embeddable":true,"href":"https:\/\/noti-america.com\/site\/mexico\/wp-json\/wp\/v2\/categories?post=6669"},{"taxonomy":"post_tag","embeddable":true,"href":"https:\/\/noti-america.com\/site\/mexico\/wp-json\/wp\/v2\/tags?post=6669"}],"curies":[{"name":"wp","href":"https:\/\/api.w.org\/{rel}","templated":true}]}}