{"id":6659,"date":"2021-10-05T15:21:22","date_gmt":"2021-10-05T15:21:22","guid":{"rendered":"https:\/\/noti-america.com\/site\/mexico\/?p=6659"},"modified":"2021-10-05T15:21:22","modified_gmt":"2021-10-05T15:21:22","slug":"realizan-almuerzo-pro-fondos-para-el-santuario-de-fatima","status":"publish","type":"post","link":"https:\/\/noti-america.com\/site\/mexico\/2021\/10\/05\/realizan-almuerzo-pro-fondos-para-el-santuario-de-fatima\/","title":{"rendered":"Realizan almuerzo pro-fondos para el Santuario de F\u00e1tima"},"content":{"rendered":"<p><img loading=\"lazy\" decoding=\"async\" class=\"alignnone size-medium wp-image-6660\" src=\"https:\/\/noti-america.com\/site\/mexico\/wp-content\/uploads\/sites\/13\/2021\/10\/thumbnail_IMG-20210927-WA0049-300x225.jpg\" alt=\"\" width=\"300\" height=\"225\" srcset=\"https:\/\/noti-america.com\/site\/mexico\/wp-content\/uploads\/sites\/13\/2021\/10\/thumbnail_IMG-20210927-WA0049-300x225.jpg 300w, https:\/\/noti-america.com\/site\/mexico\/wp-content\/uploads\/sites\/13\/2021\/10\/thumbnail_IMG-20210927-WA0049-768x576.jpg 768w, https:\/\/noti-america.com\/site\/mexico\/wp-content\/uploads\/sites\/13\/2021\/10\/thumbnail_IMG-20210927-WA0049.jpg 1000w\" sizes=\"auto, (max-width: 300px) 100vw, 300px\" \/><\/p>\n<p class=\"x_x_MsoNormal\">El\u00a0<b>17 de octubre de 2021<\/b>\u00a0es la fecha escogida por la\u00a0<b>Asociaci\u00f3n Civil Amigos de Nuestra Se\u00f1ora de F\u00e1tima y Sabor a Portugal<\/b>\u00a0para llevar a cabo un almuerzo pro-fondos para la culminaci\u00f3n del Santuario Nuestra Se\u00f1ora de F\u00e1tima en Los Altos Mirandinos.<\/p>\n<p class=\"x_x_MsoNormal\">\n<p class=\"x_x_MsoNormal\"><span style=\"font-family: Calibri, sans-serif\">Seg\u00fan lo expuesto por\u00a0<\/span><b>Seraf\u00edn de Abreu<\/b><span style=\"font-family: Calibri, sans-serif\">, organizador del evento llevado a cabo en el mismo Santuario, a partir de las 12pm los feligreses y devotos de la virgen que adquieran las entradas no solo disfrutar\u00e1n de un almuerzo tipo\u00a0<\/span><span style=\"font-family: calibri, sans-serif\">buffet<\/span>\u00a0sino tambi\u00e9n de un encuentro de acordeonistas caraque\u00f1os, del valenciano Jos\u00e9 Fern\u00e1ndez con su grupo Aries y Sabor a Portugal que ambientar\u00e1 con buena m\u00fasica.<\/p>\n<p class=\"x_x_MsoNormal\">\n<p class=\"x_x_MsoNormal\">En el evento tambi\u00e9n se dar\u00e1n a conocer diferentes instituciones que apoyan a la Asociaci\u00f3n, entre las que destacan Instituto Portugu\u00e9s de Cultura e Instituto Luis de Camoes.<\/p>\n<p class=\"x_x_MsoNormal\">\n<p class=\"x_x_MsoNormal\">Se espera contar con la presencia del Centro Portugu\u00e9s de Caracas, La Hermandad Gallega, el Centro \u00edtalo, el embajador de Portugal, el C\u00f3nsul de Venezuela, el C\u00f3nsul de Portugal para los Altos Mirandinos, el licenciado\u00a0<b>Pedro Gonz\u00e1lez<\/b>\u00a0y los respectivos patrocinantes.<\/p>\n<p class=\"x_x_MsoNormal\">\n<p class=\"x_x_MsoNormal\">250 personas tendr\u00e1n la oportunidad de decir presente en este evento por una noble causa para la Iglesia Cat\u00f3lica.<\/p>\n<p class=\"x_x_MsoNormal\">\n<p class=\"x_x_MsoNormal\"><b>M\u00e1s sobre el Santuario<\/b><\/p>\n<p class=\"x_x_MsoNormal\">\n<p class=\"x_x_MsoNormal\"><b>Isidro Gonz\u00e1lez<\/b>, jefe de prensa del Santuario, coment\u00f3 que la obra est\u00e1 construida en un 98% incluyendo bancos, puertas y altar. En la actualidad se est\u00e1 culminando el vitral principal que tiene 144 metros cuadrados y la iluminaci\u00f3n.<\/p>\n<p class=\"x_x_MsoNormal\">\n<p class=\"x_x_MsoNormal\">Esta r\u00e9plica modernizada del Santuario de F\u00e1tima de Portugal es la \u00fanica en el mundo y cuenta con 1800 metros cuadrados de construcci\u00f3n, 17 metros de altura y capacidad de albergar 750 feligreses sentados.<\/p>\n<p class=\"x_x_MsoNormal\">\n<p class=\"x_x_MsoNormal\">La imagen de la Virgen de F\u00e1tima tiene una altura de cinco metros cuadrados y peso de una tonelada. Es de madera y fue tra\u00edda desde Ecuador.<\/p>\n","protected":false},"excerpt":{"rendered":"<p>El\u00a017 de octubre de 2021\u00a0es la fecha escogida por la\u00a0Asociaci\u00f3n Civil Amigos de Nuestra Se\u00f1ora de F\u00e1tima y Sabor a Portugal\u00a0para llevar a cabo un almuerzo pro-fondos para la culminaci\u00f3n del Santuario Nuestra Se\u00f1ora&#46;&#46;&#46;<\/p>\n","protected":false},"author":127,"featured_media":0,"comment_status":"open","ping_status":"open","sticky":false,"template":"","format":"standard","meta":{"_acf_changed":false,"om_disable_all_campaigns":false,"rop_custom_images_group":[],"rop_custom_messages_group":[],"rop_publish_now":"initial","rop_publish_now_accounts":{"twitter_242054905_242054905":""},"rop_publish_now_history":[],"rop_publish_now_status":"pending","_uf_show_specific_survey":0,"_uf_disable_surveys":false,"footnotes":""},"categories":[417],"tags":[786],"class_list":["post-6659","post","type-post","status-publish","format-standard","hentry","category-venezuela","tag-virgendefatima-venezuela-portugal"],"acf":[],"aioseo_notices":[],"yoast_head":"<!-- This site is optimized with the Yoast SEO Premium plugin v24.9 (Yoast SEO v27.2) - https:\/\/yoast.com\/product\/yoast-seo-premium-wordpress\/ -->\n<title>Realizan almuerzo pro-fondos para el Santuario de F\u00e1tima - M\u00e9xico<\/title>\n<meta name=\"robots\" content=\"index, follow, max-snippet:-1, max-image-preview:large, max-video-preview:-1\" \/>\n<link rel=\"canonical\" href=\"https:\/\/noti-america.com\/site\/mexico\/2021\/10\/05\/realizan-almuerzo-pro-fondos-para-el-santuario-de-fatima\/\" \/>\n<meta property=\"og:locale\" content=\"es_ES\" \/>\n<meta property=\"og:type\" content=\"article\" \/>\n<meta property=\"og:title\" content=\"Realizan almuerzo pro-fondos para el Santuario de F\u00e1tima\" \/>\n<meta property=\"og:description\" content=\"El\u00a017 de octubre de 2021\u00a0es la fecha escogida por la\u00a0Asociaci\u00f3n Civil Amigos de Nuestra Se\u00f1ora de F\u00e1tima y Sabor a Portugal\u00a0para llevar a cabo un almuerzo pro-fondos para la culminaci\u00f3n del Santuario Nuestra Se\u00f1ora&#046;&#046;&#046;\" \/>\n<meta property=\"og:url\" content=\"https:\/\/noti-america.com\/site\/mexico\/2021\/10\/05\/realizan-almuerzo-pro-fondos-para-el-santuario-de-fatima\/\" \/>\n<meta property=\"og:site_name\" content=\"M\u00e9xico\" \/>\n<meta property=\"article:published_time\" content=\"2021-10-05T15:21:22+00:00\" \/>\n<meta property=\"og:image\" content=\"https:\/\/noti-america.com\/site\/mexico\/wp-content\/uploads\/sites\/13\/2021\/10\/thumbnail_IMG-20210927-WA0049-300x225.jpg\" \/>\n<meta name=\"author\" content=\"Yoelvzla\" \/>\n<meta name=\"twitter:card\" content=\"summary_large_image\" \/>\n<meta name=\"twitter:label1\" content=\"Escrito por\" \/>\n\t<meta name=\"twitter:data1\" content=\"Yoelvzla\" \/>\n\t<meta name=\"twitter:label2\" content=\"Tiempo estimado de lectura\" \/>\n\t<meta name=\"twitter:data2\" content=\"2 minutos\" \/>\n<script type=\"application\/ld+json\" class=\"yoast-schema-graph\">{\"@context\":\"https:\/\/schema.org\",\"@graph\":[{\"@type\":\"Article\",\"@id\":\"https:\/\/noti-america.com\/site\/mexico\/2021\/10\/05\/realizan-almuerzo-pro-fondos-para-el-santuario-de-fatima\/#article\",\"isPartOf\":{\"@id\":\"https:\/\/noti-america.com\/site\/mexico\/2021\/10\/05\/realizan-almuerzo-pro-fondos-para-el-santuario-de-fatima\/\"},\"author\":{\"name\":\"Yoelvzla\",\"@id\":\"https:\/\/noti-america.com\/site\/mexico\/#\/schema\/person\/376ccc7b3cc7a8d5a43c3ece07a43857\"},\"headline\":\"Realizan almuerzo pro-fondos para el Santuario de F\u00e1tima\",\"datePublished\":\"2021-10-05T15:21:22+00:00\",\"mainEntityOfPage\":{\"@id\":\"https:\/\/noti-america.com\/site\/mexico\/2021\/10\/05\/realizan-almuerzo-pro-fondos-para-el-santuario-de-fatima\/\"},\"wordCount\":333,\"commentCount\":0,\"publisher\":{\"@id\":\"https:\/\/noti-america.com\/site\/mexico\/#organization\"},\"image\":{\"@id\":\"https:\/\/noti-america.com\/site\/mexico\/2021\/10\/05\/realizan-almuerzo-pro-fondos-para-el-santuario-de-fatima\/#primaryimage\"},\"thumbnailUrl\":\"https:\/\/noti-america.com\/site\/mexico\/wp-content\/uploads\/sites\/13\/2021\/10\/thumbnail_IMG-20210927-WA0049-300x225.jpg\",\"keywords\":[\"#VirgendeFatima #Venezuela #Portugal\"],\"articleSection\":[\"Venezuela\"],\"inLanguage\":\"es\",\"potentialAction\":[{\"@type\":\"CommentAction\",\"name\":\"Comment\",\"target\":[\"https:\/\/noti-america.com\/site\/mexico\/2021\/10\/05\/realizan-almuerzo-pro-fondos-para-el-santuario-de-fatima\/#respond\"]}]},{\"@type\":\"WebPage\",\"@id\":\"https:\/\/noti-america.com\/site\/mexico\/2021\/10\/05\/realizan-almuerzo-pro-fondos-para-el-santuario-de-fatima\/\",\"url\":\"https:\/\/noti-america.com\/site\/mexico\/2021\/10\/05\/realizan-almuerzo-pro-fondos-para-el-santuario-de-fatima\/\",\"name\":\"Realizan almuerzo pro-fondos para el Santuario de F\u00e1tima - M\u00e9xico\",\"isPartOf\":{\"@id\":\"https:\/\/noti-america.com\/site\/mexico\/#website\"},\"primaryImageOfPage\":{\"@id\":\"https:\/\/noti-america.com\/site\/mexico\/2021\/10\/05\/realizan-almuerzo-pro-fondos-para-el-santuario-de-fatima\/#primaryimage\"},\"image\":{\"@id\":\"https:\/\/noti-america.com\/site\/mexico\/2021\/10\/05\/realizan-almuerzo-pro-fondos-para-el-santuario-de-fatima\/#primaryimage\"},\"thumbnailUrl\":\"https:\/\/noti-america.com\/site\/mexico\/wp-content\/uploads\/sites\/13\/2021\/10\/thumbnail_IMG-20210927-WA0049-300x225.jpg\",\"datePublished\":\"2021-10-05T15:21:22+00:00\",\"breadcrumb\":{\"@id\":\"https:\/\/noti-america.com\/site\/mexico\/2021\/10\/05\/realizan-almuerzo-pro-fondos-para-el-santuario-de-fatima\/#breadcrumb\"},\"inLanguage\":\"es\",\"potentialAction\":[{\"@type\":\"ReadAction\",\"target\":[\"https:\/\/noti-america.com\/site\/mexico\/2021\/10\/05\/realizan-almuerzo-pro-fondos-para-el-santuario-de-fatima\/\"]}]},{\"@type\":\"ImageObject\",\"inLanguage\":\"es\",\"@id\":\"https:\/\/noti-america.com\/site\/mexico\/2021\/10\/05\/realizan-almuerzo-pro-fondos-para-el-santuario-de-fatima\/#primaryimage\",\"url\":\"https:\/\/noti-america.com\/site\/mexico\/wp-content\/uploads\/sites\/13\/2021\/10\/thumbnail_IMG-20210927-WA0049.jpg\",\"contentUrl\":\"https:\/\/noti-america.com\/site\/mexico\/wp-content\/uploads\/sites\/13\/2021\/10\/thumbnail_IMG-20210927-WA0049.jpg\",\"width\":1000,\"height\":750},{\"@type\":\"BreadcrumbList\",\"@id\":\"https:\/\/noti-america.com\/site\/mexico\/2021\/10\/05\/realizan-almuerzo-pro-fondos-para-el-santuario-de-fatima\/#breadcrumb\",\"itemListElement\":[{\"@type\":\"ListItem\",\"position\":1,\"name\":\"Portada\",\"item\":\"https:\/\/noti-america.com\/site\/mexico\/\"},{\"@type\":\"ListItem\",\"position\":2,\"name\":\"Realizan almuerzo pro-fondos para el Santuario de F\u00e1tima\"}]},{\"@type\":\"WebSite\",\"@id\":\"https:\/\/noti-america.com\/site\/mexico\/#website\",\"url\":\"https:\/\/noti-america.com\/site\/mexico\/\",\"name\":\"M\u00e9xico | Noti-America.com\",\"description\":\"\",\"publisher\":{\"@id\":\"https:\/\/noti-america.com\/site\/mexico\/#organization\"},\"potentialAction\":[{\"@type\":\"SearchAction\",\"target\":{\"@type\":\"EntryPoint\",\"urlTemplate\":\"https:\/\/noti-america.com\/site\/mexico\/?s={search_term_string}\"},\"query-input\":{\"@type\":\"PropertyValueSpecification\",\"valueRequired\":true,\"valueName\":\"search_term_string\"}}],\"inLanguage\":\"es\"},{\"@type\":\"Organization\",\"@id\":\"https:\/\/noti-america.com\/site\/mexico\/#organization\",\"name\":\"Noti-America LLC | M\u00e9xico\",\"url\":\"https:\/\/noti-america.com\/site\/mexico\/\",\"logo\":{\"@type\":\"ImageObject\",\"inLanguage\":\"es\",\"@id\":\"https:\/\/noti-america.com\/site\/mexico\/#\/schema\/logo\/image\/\",\"url\":\"https:\/\/noti-america.com\/site\/mexico\/wp-content\/uploads\/sites\/13\/2020\/07\/LogoNA-4x3-1.jpg\",\"contentUrl\":\"https:\/\/noti-america.com\/site\/mexico\/wp-content\/uploads\/sites\/13\/2020\/07\/LogoNA-4x3-1.jpg\",\"width\":1236,\"height\":1080,\"caption\":\"Noti-America LLC | M\u00e9xico\"},\"image\":{\"@id\":\"https:\/\/noti-america.com\/site\/mexico\/#\/schema\/logo\/image\/\"}},{\"@type\":\"Person\",\"@id\":\"https:\/\/noti-america.com\/site\/mexico\/#\/schema\/person\/376ccc7b3cc7a8d5a43c3ece07a43857\",\"name\":\"Yoelvzla\",\"image\":{\"@type\":\"ImageObject\",\"inLanguage\":\"es\",\"@id\":\"https:\/\/secure.gravatar.com\/avatar\/13a96a72123e0e9aa76fe82e8847f726c63a1c5ef6a8d0fadd844c1a5a83b212?s=96&d=mm&r=g\",\"url\":\"https:\/\/secure.gravatar.com\/avatar\/13a96a72123e0e9aa76fe82e8847f726c63a1c5ef6a8d0fadd844c1a5a83b212?s=96&d=mm&r=g\",\"contentUrl\":\"https:\/\/secure.gravatar.com\/avatar\/13a96a72123e0e9aa76fe82e8847f726c63a1c5ef6a8d0fadd844c1a5a83b212?s=96&d=mm&r=g\",\"caption\":\"Yoelvzla\"},\"url\":\"https:\/\/noti-america.com\/site\/mexico\/author\/ydiaz\/\"}]}<\/script>\n<!-- \/ Yoast SEO Premium plugin. -->","yoast_head_json":{"title":"Realizan almuerzo pro-fondos para el Santuario de F\u00e1tima - M\u00e9xico","robots":{"index":"index","follow":"follow","max-snippet":"max-snippet:-1","max-image-preview":"max-image-preview:large","max-video-preview":"max-video-preview:-1"},"canonical":"https:\/\/noti-america.com\/site\/mexico\/2021\/10\/05\/realizan-almuerzo-pro-fondos-para-el-santuario-de-fatima\/","og_locale":"es_ES","og_type":"article","og_title":"Realizan almuerzo pro-fondos para el Santuario de F\u00e1tima","og_description":"El\u00a017 de octubre de 2021\u00a0es la fecha escogida por la\u00a0Asociaci\u00f3n Civil Amigos de Nuestra Se\u00f1ora de F\u00e1tima y Sabor a Portugal\u00a0para llevar a cabo un almuerzo pro-fondos para la culminaci\u00f3n del Santuario Nuestra Se\u00f1ora&#46;&#46;&#46;","og_url":"https:\/\/noti-america.com\/site\/mexico\/2021\/10\/05\/realizan-almuerzo-pro-fondos-para-el-santuario-de-fatima\/","og_site_name":"M\u00e9xico","article_published_time":"2021-10-05T15:21:22+00:00","og_image":[{"url":"https:\/\/noti-america.com\/site\/mexico\/wp-content\/uploads\/sites\/13\/2021\/10\/thumbnail_IMG-20210927-WA0049-300x225.jpg","type":"","width":"","height":""}],"author":"Yoelvzla","twitter_card":"summary_large_image","twitter_misc":{"Escrito por":"Yoelvzla","Tiempo estimado de lectura":"2 minutos"},"schema":{"@context":"https:\/\/schema.org","@graph":[{"@type":"Article","@id":"https:\/\/noti-america.com\/site\/mexico\/2021\/10\/05\/realizan-almuerzo-pro-fondos-para-el-santuario-de-fatima\/#article","isPartOf":{"@id":"https:\/\/noti-america.com\/site\/mexico\/2021\/10\/05\/realizan-almuerzo-pro-fondos-para-el-santuario-de-fatima\/"},"author":{"name":"Yoelvzla","@id":"https:\/\/noti-america.com\/site\/mexico\/#\/schema\/person\/376ccc7b3cc7a8d5a43c3ece07a43857"},"headline":"Realizan almuerzo pro-fondos para el Santuario de F\u00e1tima","datePublished":"2021-10-05T15:21:22+00:00","mainEntityOfPage":{"@id":"https:\/\/noti-america.com\/site\/mexico\/2021\/10\/05\/realizan-almuerzo-pro-fondos-para-el-santuario-de-fatima\/"},"wordCount":333,"commentCount":0,"publisher":{"@id":"https:\/\/noti-america.com\/site\/mexico\/#organization"},"image":{"@id":"https:\/\/noti-america.com\/site\/mexico\/2021\/10\/05\/realizan-almuerzo-pro-fondos-para-el-santuario-de-fatima\/#primaryimage"},"thumbnailUrl":"https:\/\/noti-america.com\/site\/mexico\/wp-content\/uploads\/sites\/13\/2021\/10\/thumbnail_IMG-20210927-WA0049-300x225.jpg","keywords":["#VirgendeFatima #Venezuela #Portugal"],"articleSection":["Venezuela"],"inLanguage":"es","potentialAction":[{"@type":"CommentAction","name":"Comment","target":["https:\/\/noti-america.com\/site\/mexico\/2021\/10\/05\/realizan-almuerzo-pro-fondos-para-el-santuario-de-fatima\/#respond"]}]},{"@type":"WebPage","@id":"https:\/\/noti-america.com\/site\/mexico\/2021\/10\/05\/realizan-almuerzo-pro-fondos-para-el-santuario-de-fatima\/","url":"https:\/\/noti-america.com\/site\/mexico\/2021\/10\/05\/realizan-almuerzo-pro-fondos-para-el-santuario-de-fatima\/","name":"Realizan almuerzo pro-fondos para el Santuario de F\u00e1tima - M\u00e9xico","isPartOf":{"@id":"https:\/\/noti-america.com\/site\/mexico\/#website"},"primaryImageOfPage":{"@id":"https:\/\/noti-america.com\/site\/mexico\/2021\/10\/05\/realizan-almuerzo-pro-fondos-para-el-santuario-de-fatima\/#primaryimage"},"image":{"@id":"https:\/\/noti-america.com\/site\/mexico\/2021\/10\/05\/realizan-almuerzo-pro-fondos-para-el-santuario-de-fatima\/#primaryimage"},"thumbnailUrl":"https:\/\/noti-america.com\/site\/mexico\/wp-content\/uploads\/sites\/13\/2021\/10\/thumbnail_IMG-20210927-WA0049-300x225.jpg","datePublished":"2021-10-05T15:21:22+00:00","breadcrumb":{"@id":"https:\/\/noti-america.com\/site\/mexico\/2021\/10\/05\/realizan-almuerzo-pro-fondos-para-el-santuario-de-fatima\/#breadcrumb"},"inLanguage":"es","potentialAction":[{"@type":"ReadAction","target":["https:\/\/noti-america.com\/site\/mexico\/2021\/10\/05\/realizan-almuerzo-pro-fondos-para-el-santuario-de-fatima\/"]}]},{"@type":"ImageObject","inLanguage":"es","@id":"https:\/\/noti-america.com\/site\/mexico\/2021\/10\/05\/realizan-almuerzo-pro-fondos-para-el-santuario-de-fatima\/#primaryimage","url":"https:\/\/noti-america.com\/site\/mexico\/wp-content\/uploads\/sites\/13\/2021\/10\/thumbnail_IMG-20210927-WA0049.jpg","contentUrl":"https:\/\/noti-america.com\/site\/mexico\/wp-content\/uploads\/sites\/13\/2021\/10\/thumbnail_IMG-20210927-WA0049.jpg","width":1000,"height":750},{"@type":"BreadcrumbList","@id":"https:\/\/noti-america.com\/site\/mexico\/2021\/10\/05\/realizan-almuerzo-pro-fondos-para-el-santuario-de-fatima\/#breadcrumb","itemListElement":[{"@type":"ListItem","position":1,"name":"Portada","item":"https:\/\/noti-america.com\/site\/mexico\/"},{"@type":"ListItem","position":2,"name":"Realizan almuerzo pro-fondos para el Santuario de F\u00e1tima"}]},{"@type":"WebSite","@id":"https:\/\/noti-america.com\/site\/mexico\/#website","url":"https:\/\/noti-america.com\/site\/mexico\/","name":"M\u00e9xico | Noti-America.com","description":"","publisher":{"@id":"https:\/\/noti-america.com\/site\/mexico\/#organization"},"potentialAction":[{"@type":"SearchAction","target":{"@type":"EntryPoint","urlTemplate":"https:\/\/noti-america.com\/site\/mexico\/?s={search_term_string}"},"query-input":{"@type":"PropertyValueSpecification","valueRequired":true,"valueName":"search_term_string"}}],"inLanguage":"es"},{"@type":"Organization","@id":"https:\/\/noti-america.com\/site\/mexico\/#organization","name":"Noti-America LLC | M\u00e9xico","url":"https:\/\/noti-america.com\/site\/mexico\/","logo":{"@type":"ImageObject","inLanguage":"es","@id":"https:\/\/noti-america.com\/site\/mexico\/#\/schema\/logo\/image\/","url":"https:\/\/noti-america.com\/site\/mexico\/wp-content\/uploads\/sites\/13\/2020\/07\/LogoNA-4x3-1.jpg","contentUrl":"https:\/\/noti-america.com\/site\/mexico\/wp-content\/uploads\/sites\/13\/2020\/07\/LogoNA-4x3-1.jpg","width":1236,"height":1080,"caption":"Noti-America LLC | M\u00e9xico"},"image":{"@id":"https:\/\/noti-america.com\/site\/mexico\/#\/schema\/logo\/image\/"}},{"@type":"Person","@id":"https:\/\/noti-america.com\/site\/mexico\/#\/schema\/person\/376ccc7b3cc7a8d5a43c3ece07a43857","name":"Yoelvzla","image":{"@type":"ImageObject","inLanguage":"es","@id":"https:\/\/secure.gravatar.com\/avatar\/13a96a72123e0e9aa76fe82e8847f726c63a1c5ef6a8d0fadd844c1a5a83b212?s=96&d=mm&r=g","url":"https:\/\/secure.gravatar.com\/avatar\/13a96a72123e0e9aa76fe82e8847f726c63a1c5ef6a8d0fadd844c1a5a83b212?s=96&d=mm&r=g","contentUrl":"https:\/\/secure.gravatar.com\/avatar\/13a96a72123e0e9aa76fe82e8847f726c63a1c5ef6a8d0fadd844c1a5a83b212?s=96&d=mm&r=g","caption":"Yoelvzla"},"url":"https:\/\/noti-america.com\/site\/mexico\/author\/ydiaz\/"}]}},"_links":{"self":[{"href":"https:\/\/noti-america.com\/site\/mexico\/wp-json\/wp\/v2\/posts\/6659","targetHints":{"allow":["GET"]}}],"collection":[{"href":"https:\/\/noti-america.com\/site\/mexico\/wp-json\/wp\/v2\/posts"}],"about":[{"href":"https:\/\/noti-america.com\/site\/mexico\/wp-json\/wp\/v2\/types\/post"}],"author":[{"embeddable":true,"href":"https:\/\/noti-america.com\/site\/mexico\/wp-json\/wp\/v2\/users\/127"}],"replies":[{"embeddable":true,"href":"https:\/\/noti-america.com\/site\/mexico\/wp-json\/wp\/v2\/comments?post=6659"}],"version-history":[{"count":1,"href":"https:\/\/noti-america.com\/site\/mexico\/wp-json\/wp\/v2\/posts\/6659\/revisions"}],"predecessor-version":[{"id":6661,"href":"https:\/\/noti-america.com\/site\/mexico\/wp-json\/wp\/v2\/posts\/6659\/revisions\/6661"}],"wp:attachment":[{"href":"https:\/\/noti-america.com\/site\/mexico\/wp-json\/wp\/v2\/media?parent=6659"}],"wp:term":[{"taxonomy":"category","embeddable":true,"href":"https:\/\/noti-america.com\/site\/mexico\/wp-json\/wp\/v2\/categories?post=6659"},{"taxonomy":"post_tag","embeddable":true,"href":"https:\/\/noti-america.com\/site\/mexico\/wp-json\/wp\/v2\/tags?post=6659"}],"curies":[{"name":"wp","href":"https:\/\/api.w.org\/{rel}","templated":true}]}}