{"id":663,"date":"2017-12-14T07:30:29","date_gmt":"2017-12-14T07:30:29","guid":{"rendered":"http:\/\/noti-america.com\/site\/mexico\/?p=663"},"modified":"2017-12-14T07:30:29","modified_gmt":"2017-12-14T07:30:29","slug":"bcs-primer-estado-en-incorporar-ensenanza-del-ajedrez-en-planteles-educativos","status":"publish","type":"post","link":"https:\/\/noti-america.com\/site\/mexico\/2017\/12\/14\/bcs-primer-estado-en-incorporar-ensenanza-del-ajedrez-en-planteles-educativos\/","title":{"rendered":"BCS, PRIMER ESTADO EN INCORPORAR \u00abENSE\u00d1ANZA DEL AJEDREZ EN PLANTELES EDUCATIVOS\u00bb"},"content":{"rendered":"<div class=\"entry-headline h5\">Ser\u00e1 a partir de enero del 2018 se dar\u00e1 inicio al programa de ense\u00f1anza, considerando al ajedrez como una herramienta de valor educativo; participar\u00e1n cerca de 180 monitores<\/div>\n<p>La\u00a0<strong>Secretar\u00eda de Educaci\u00f3n P\u00fablica (SEP<\/strong>) y la\u00a0<strong>Federaci\u00f3n Nacional de Ajedrez (FENAMAC)<\/strong>, implementaron un proyecto denominado \u201cEl Ajedrez en la Reforma Educativa\u201d, el cual permiti\u00f3 colocar a\u00a0<strong>Baja California Sur<\/strong>\u00a0como el primer estado en incorporar esta disciplina en los planteles educativos de la entidad.<\/p>\n<p>En relaci\u00f3n con lo anterior, el director general del\u00a0<strong>Instituto Sudcaliforniano del Deporte (Insude),<\/strong>\u00a0<strong>Jos\u00e9 Avila Geraldo<\/strong>, manifest\u00f3 que estas acciones permitir\u00e1n que los estudiantes incrementen sus habilidades cognitivas, ya que ser\u00e1 implementado en el plan de estudios como herramienta de valor educativo.<\/p>\n<p>Por su parte, inform\u00f3 que este jueves se entregar\u00e1n 180 certificaciones a los primeros monitores que iniciar\u00e1n la ense\u00f1anza del ajedrez en las escuelas de tiempo completo, contando con la participaci\u00f3n de capacitadores de la federaci\u00f3n, contando con su evaluaci\u00f3n pertinente.<\/p>\n<p>Ser\u00e1 a partir del mes de enero cuando se empezar\u00e1 a implementar la ense\u00f1anza del ajedrez en los planteles educativos, contemplando que los ni\u00f1os puedan ser considerados para los eventos de representaci\u00f3n estatal y nacional, anex\u00e1ndose a la lista de campeones de Baja California Sur.<\/p>\n<p>Se record\u00f3 que, actualmente,\u00a0<strong>Ayleen Maribel Ram\u00edrez Toledo<\/strong>\u00a0es la m\u00e1xima representante de esta disciplina en la entidad, misma que\u00a0<a href=\"http:\/\/www.bcsnoticias.mx\/ajedrecista-bcs-representara-mexico-panamericano-ajedrez-chile-2018\/\">representar\u00e1 a\u00a0<strong>M\u00e9xico<\/strong>\u00a0en el\u00a0<strong>Panamericano de Ajedrez Chile 2018<\/strong><\/a>.<\/p>\n<p>Entre otros aspectos se visito a las escuelas y\u00a0 el personal docente de baja california sur opino que no necesitan la capacitaci\u00f3n de ajedrez y no est\u00e1n dispuestos a participar en estos cursos, ya que est\u00e1n ocupados evaluando a los alumnos que es un proceso significativo y concluir actividades escolares para terminar el mes de diciembre.<\/p>\n","protected":false},"excerpt":{"rendered":"<p>Ser\u00e1 a partir de enero del 2018 se dar\u00e1 inicio al programa de ense\u00f1anza, considerando al ajedrez como una herramienta de valor educativo; participar\u00e1n cerca de 180 monitores La\u00a0Secretar\u00eda de Educaci\u00f3n P\u00fablica (SEP) y&#46;&#46;&#46;<\/p>\n","protected":false},"author":16,"featured_media":664,"comment_status":"open","ping_status":"open","sticky":false,"template":"","format":"standard","meta":{"_acf_changed":false,"om_disable_all_campaigns":false,"rop_custom_images_group":[],"rop_custom_messages_group":[],"rop_publish_now":"initial","rop_publish_now_accounts":{"twitter_242054905_242054905":""},"rop_publish_now_history":[],"rop_publish_now_status":"pending","_uf_show_specific_survey":0,"_uf_disable_surveys":false,"footnotes":""},"categories":[12],"tags":[],"class_list":["post-663","post","type-post","status-publish","format-standard","has-post-thumbnail","hentry","category-opinion"],"acf":[],"aioseo_notices":[],"yoast_head":"<!-- This site is optimized with the Yoast SEO Premium plugin v24.9 (Yoast SEO v27.2) - https:\/\/yoast.com\/product\/yoast-seo-premium-wordpress\/ -->\n<title>BCS, PRIMER ESTADO EN INCORPORAR &quot;ENSE\u00d1ANZA DEL AJEDREZ EN PLANTELES EDUCATIVOS&quot; - M\u00e9xico<\/title>\n<meta name=\"robots\" content=\"index, follow, max-snippet:-1, max-image-preview:large, max-video-preview:-1\" \/>\n<link rel=\"canonical\" href=\"https:\/\/noti-america.com\/site\/mexico\/2017\/12\/14\/bcs-primer-estado-en-incorporar-ensenanza-del-ajedrez-en-planteles-educativos\/\" \/>\n<meta property=\"og:locale\" content=\"es_ES\" \/>\n<meta property=\"og:type\" content=\"article\" \/>\n<meta property=\"og:title\" content=\"BCS, PRIMER ESTADO EN INCORPORAR &quot;ENSE\u00d1ANZA DEL AJEDREZ EN PLANTELES EDUCATIVOS&quot;\" \/>\n<meta property=\"og:description\" content=\"Ser\u00e1 a partir de enero del 2018 se dar\u00e1 inicio al programa de ense\u00f1anza, considerando al ajedrez como una herramienta de valor educativo; participar\u00e1n cerca de 180 monitores La\u00a0Secretar\u00eda de Educaci\u00f3n P\u00fablica (SEP) y&#046;&#046;&#046;\" \/>\n<meta property=\"og:url\" content=\"https:\/\/noti-america.com\/site\/mexico\/2017\/12\/14\/bcs-primer-estado-en-incorporar-ensenanza-del-ajedrez-en-planteles-educativos\/\" \/>\n<meta property=\"og:site_name\" content=\"M\u00e9xico\" \/>\n<meta property=\"article:published_time\" content=\"2017-12-14T07:30:29+00:00\" \/>\n<meta property=\"og:image\" content=\"https:\/\/noti-america.com\/site\/mexico\/wp-content\/uploads\/sites\/13\/2017\/12\/ajedrez-ni\u00f1os-torneo-1320x880.jpg\" \/>\n\t<meta property=\"og:image:width\" content=\"1320\" \/>\n\t<meta property=\"og:image:height\" content=\"880\" \/>\n\t<meta property=\"og:image:type\" content=\"image\/jpeg\" \/>\n<meta name=\"author\" content=\"Paloma Olachea\" \/>\n<meta name=\"twitter:card\" content=\"summary_large_image\" \/>\n<meta name=\"twitter:label1\" content=\"Escrito por\" \/>\n\t<meta name=\"twitter:data1\" content=\"Paloma Olachea\" \/>\n\t<meta name=\"twitter:label2\" content=\"Tiempo estimado de lectura\" \/>\n\t<meta name=\"twitter:data2\" content=\"2 minutos\" \/>\n<script type=\"application\/ld+json\" class=\"yoast-schema-graph\">{\"@context\":\"https:\/\/schema.org\",\"@graph\":[{\"@type\":\"Article\",\"@id\":\"https:\/\/noti-america.com\/site\/mexico\/2017\/12\/14\/bcs-primer-estado-en-incorporar-ensenanza-del-ajedrez-en-planteles-educativos\/#article\",\"isPartOf\":{\"@id\":\"https:\/\/noti-america.com\/site\/mexico\/2017\/12\/14\/bcs-primer-estado-en-incorporar-ensenanza-del-ajedrez-en-planteles-educativos\/\"},\"author\":{\"name\":\"Paloma Olachea\",\"@id\":\"https:\/\/noti-america.com\/site\/mexico\/#\/schema\/person\/0055de23daadb69055b7fe942f37dcf3\"},\"headline\":\"BCS, PRIMER ESTADO EN INCORPORAR \u00abENSE\u00d1ANZA DEL AJEDREZ EN PLANTELES EDUCATIVOS\u00bb\",\"datePublished\":\"2017-12-14T07:30:29+00:00\",\"mainEntityOfPage\":{\"@id\":\"https:\/\/noti-america.com\/site\/mexico\/2017\/12\/14\/bcs-primer-estado-en-incorporar-ensenanza-del-ajedrez-en-planteles-educativos\/\"},\"wordCount\":321,\"commentCount\":0,\"publisher\":{\"@id\":\"https:\/\/noti-america.com\/site\/mexico\/#organization\"},\"image\":{\"@id\":\"https:\/\/noti-america.com\/site\/mexico\/2017\/12\/14\/bcs-primer-estado-en-incorporar-ensenanza-del-ajedrez-en-planteles-educativos\/#primaryimage\"},\"thumbnailUrl\":\"https:\/\/noti-america.com\/site\/mexico\/wp-content\/uploads\/sites\/13\/2017\/12\/ajedrez-ni\u00f1os-torneo-1320x880.jpg\",\"articleSection\":[\"Opini\u00f3n\"],\"inLanguage\":\"es\",\"potentialAction\":[{\"@type\":\"CommentAction\",\"name\":\"Comment\",\"target\":[\"https:\/\/noti-america.com\/site\/mexico\/2017\/12\/14\/bcs-primer-estado-en-incorporar-ensenanza-del-ajedrez-en-planteles-educativos\/#respond\"]}]},{\"@type\":\"WebPage\",\"@id\":\"https:\/\/noti-america.com\/site\/mexico\/2017\/12\/14\/bcs-primer-estado-en-incorporar-ensenanza-del-ajedrez-en-planteles-educativos\/\",\"url\":\"https:\/\/noti-america.com\/site\/mexico\/2017\/12\/14\/bcs-primer-estado-en-incorporar-ensenanza-del-ajedrez-en-planteles-educativos\/\",\"name\":\"BCS, PRIMER ESTADO EN INCORPORAR \\\"ENSE\u00d1ANZA DEL AJEDREZ EN PLANTELES EDUCATIVOS\\\" - M\u00e9xico\",\"isPartOf\":{\"@id\":\"https:\/\/noti-america.com\/site\/mexico\/#website\"},\"primaryImageOfPage\":{\"@id\":\"https:\/\/noti-america.com\/site\/mexico\/2017\/12\/14\/bcs-primer-estado-en-incorporar-ensenanza-del-ajedrez-en-planteles-educativos\/#primaryimage\"},\"image\":{\"@id\":\"https:\/\/noti-america.com\/site\/mexico\/2017\/12\/14\/bcs-primer-estado-en-incorporar-ensenanza-del-ajedrez-en-planteles-educativos\/#primaryimage\"},\"thumbnailUrl\":\"https:\/\/noti-america.com\/site\/mexico\/wp-content\/uploads\/sites\/13\/2017\/12\/ajedrez-ni\u00f1os-torneo-1320x880.jpg\",\"datePublished\":\"2017-12-14T07:30:29+00:00\",\"breadcrumb\":{\"@id\":\"https:\/\/noti-america.com\/site\/mexico\/2017\/12\/14\/bcs-primer-estado-en-incorporar-ensenanza-del-ajedrez-en-planteles-educativos\/#breadcrumb\"},\"inLanguage\":\"es\",\"potentialAction\":[{\"@type\":\"ReadAction\",\"target\":[\"https:\/\/noti-america.com\/site\/mexico\/2017\/12\/14\/bcs-primer-estado-en-incorporar-ensenanza-del-ajedrez-en-planteles-educativos\/\"]}]},{\"@type\":\"ImageObject\",\"inLanguage\":\"es\",\"@id\":\"https:\/\/noti-america.com\/site\/mexico\/2017\/12\/14\/bcs-primer-estado-en-incorporar-ensenanza-del-ajedrez-en-planteles-educativos\/#primaryimage\",\"url\":\"https:\/\/noti-america.com\/site\/mexico\/wp-content\/uploads\/sites\/13\/2017\/12\/ajedrez-ni\u00f1os-torneo-1320x880.jpg\",\"contentUrl\":\"https:\/\/noti-america.com\/site\/mexico\/wp-content\/uploads\/sites\/13\/2017\/12\/ajedrez-ni\u00f1os-torneo-1320x880.jpg\",\"width\":1320,\"height\":880},{\"@type\":\"BreadcrumbList\",\"@id\":\"https:\/\/noti-america.com\/site\/mexico\/2017\/12\/14\/bcs-primer-estado-en-incorporar-ensenanza-del-ajedrez-en-planteles-educativos\/#breadcrumb\",\"itemListElement\":[{\"@type\":\"ListItem\",\"position\":1,\"name\":\"Portada\",\"item\":\"https:\/\/noti-america.com\/site\/mexico\/\"},{\"@type\":\"ListItem\",\"position\":2,\"name\":\"BCS, PRIMER ESTADO EN INCORPORAR \u00abENSE\u00d1ANZA DEL AJEDREZ EN PLANTELES EDUCATIVOS\u00bb\"}]},{\"@type\":\"WebSite\",\"@id\":\"https:\/\/noti-america.com\/site\/mexico\/#website\",\"url\":\"https:\/\/noti-america.com\/site\/mexico\/\",\"name\":\"M\u00e9xico | Noti-America.com\",\"description\":\"\",\"publisher\":{\"@id\":\"https:\/\/noti-america.com\/site\/mexico\/#organization\"},\"potentialAction\":[{\"@type\":\"SearchAction\",\"target\":{\"@type\":\"EntryPoint\",\"urlTemplate\":\"https:\/\/noti-america.com\/site\/mexico\/?s={search_term_string}\"},\"query-input\":{\"@type\":\"PropertyValueSpecification\",\"valueRequired\":true,\"valueName\":\"search_term_string\"}}],\"inLanguage\":\"es\"},{\"@type\":\"Organization\",\"@id\":\"https:\/\/noti-america.com\/site\/mexico\/#organization\",\"name\":\"Noti-America LLC | M\u00e9xico\",\"url\":\"https:\/\/noti-america.com\/site\/mexico\/\",\"logo\":{\"@type\":\"ImageObject\",\"inLanguage\":\"es\",\"@id\":\"https:\/\/noti-america.com\/site\/mexico\/#\/schema\/logo\/image\/\",\"url\":\"https:\/\/noti-america.com\/site\/mexico\/wp-content\/uploads\/sites\/13\/2020\/07\/LogoNA-4x3-1.jpg\",\"contentUrl\":\"https:\/\/noti-america.com\/site\/mexico\/wp-content\/uploads\/sites\/13\/2020\/07\/LogoNA-4x3-1.jpg\",\"width\":1236,\"height\":1080,\"caption\":\"Noti-America LLC | M\u00e9xico\"},\"image\":{\"@id\":\"https:\/\/noti-america.com\/site\/mexico\/#\/schema\/logo\/image\/\"}},{\"@type\":\"Person\",\"@id\":\"https:\/\/noti-america.com\/site\/mexico\/#\/schema\/person\/0055de23daadb69055b7fe942f37dcf3\",\"name\":\"Paloma Olachea\",\"image\":{\"@type\":\"ImageObject\",\"inLanguage\":\"es\",\"@id\":\"https:\/\/secure.gravatar.com\/avatar\/bdea3a4c796d2085779e77a5d654205f160117a0245752e5d3a2230b2f1e9cce?s=96&d=mm&r=g\",\"url\":\"https:\/\/secure.gravatar.com\/avatar\/bdea3a4c796d2085779e77a5d654205f160117a0245752e5d3a2230b2f1e9cce?s=96&d=mm&r=g\",\"contentUrl\":\"https:\/\/secure.gravatar.com\/avatar\/bdea3a4c796d2085779e77a5d654205f160117a0245752e5d3a2230b2f1e9cce?s=96&d=mm&r=g\",\"caption\":\"Paloma Olachea\"},\"description\":\"Egresada de La Universidad Aut\u00f3noma de Baja California Sur, en la Licenciatura de Comunicaci\u00f3n, donde aprendi\u00f3 de los grandes maestros de esta M\u00e1xima Casa de Estudios como lo son: La Maestra Brenda Ramirez, Maestra Rossana Almada, Aletxe Almada, Lic. Francisco Fuentes, Profr. Carrillo de Fotograf\u00eda, Dr. Ruben Olachea , critica cinematogr\u00e1fica en Diplomados, Padre Juan Gom\u00e9z, en el cual desarrollo los temas mas importantes de comunicaci\u00f3n Social y sus teor\u00edas, en el transcurso de estudios, realizo su servicio y practicas profesionales, en la Unidad de Atenci\u00f3n Ciudadana del Gobierno del Estado de Baja California Sur, como asistente de la Lic. Nilda Moreno Armenta, Jefa de departamento de control y gesti\u00f3n Gubernamental en el tiempo de el Lic. Sergio Barron Pinto quien era el Director de la instituci\u00f3n gubernamental. Directora de Click Fotograf\u00eda explica con detalle que ha trabajado para grandes industrias como La Revista Bajacalifornianos.net con el Empresario Edgar Barrag\u00e1n, donde se formo por primera vez en el \u00e1mbito Fotogr\u00e1fico en la Secci\u00f3n Sociales y Ciencia BCS, en la Empresa Metamorphosis de Lic. Yamel Arti\u00f1o, mercadologa, aprendi\u00f3 los diversos temas y t\u00e9cnicas en el ramo de la Mercadotecnia para diferentes empresas y la mas importante para la compa\u00f1\u00eda Telcel, contratada por la Gran Mujer Lic. Cristina Flores, propietaria de Anuncios y Letreros el autodominio, fortaleza y emprendedora al activarse con una comunicaci\u00f3n eficaz, una gran maestra y a la vez una mujer que no se limita a ning\u00fan trabajo publicitario, El Ing. Gerardo Valenzuela de la Empresa Radiof\u00f3nica Radio Mochis Sinaloa y Director de la Revista ABC, el cual tiene un gran aprecio aparte de maestro, Padrino, en el cual ella aprendi\u00f3 a desarrollarse en el \u00e1mbito period\u00edstico, a conocer mas a los grandes ilustres y corresponsales de diferentes medios, en otro punto importante le ha permitido desarrollarse durante 7 a\u00f1os en el \u00e1mbito de programas de edici\u00f3n publicitaria y ahora forma parte de la Asociaci\u00f3n Radio Pace\u00f1ita, Realiza el dise\u00f1o actual de la Revista La Discapacidad en Acci\u00f3n de el C. Francisco Diaz Zu\u00f1iga, entre otras trabajar en el \u00e1rea de ventas con la Dise\u00f1adora Gr\u00e1fica Carmen Wences, en el cual tambi\u00e9n obtuvo asesoramiento y preparaci\u00f3n, entre los medios period\u00edsticos laboro para Mauricio Diaz anterior Director Peninsular Digital, en diversas notas y obtuvo el cambio al \u00e1rea de estad\u00edstica. En la Delegaci\u00f3n de Cabo San Lucas Trabajo con el C. Lucio Chavira propietario de Los Cabos Tve el cual ve como su padre quien le dio apoyo, familia y le dio capacitaci\u00f3n en fotogr\u00e1fica La C. Julia Ruiz de Chavira, ademas de laborar con el Lic. Ricardo del Rio en diversos trabajos de video y edici\u00f3n. Entre sus tantas Actividades labora para La Secretaria de Educaci\u00f3n Publica, primeramente en el Subsistema de Escuelas T\u00e9cnicas y as\u00ed pasado al Subsistema de Telesecundaria, En el DIF Estatal de Baja California Sur, como tallerista y en los Negocios de Banner Publicitario, Alder Dise\u00f1o y Casa Productora Pitahaya Productions como Propietaria, de antemano destacamos una opci\u00f3n mas laboral en el Medio Digital Noti America en el cual su Jefe Rafael Pi\u00f1a Loaiza le da la oportunidad de dar a conocer las noticias a nivel internacional destacando primordial mente su pa\u00eds natal Mexico.\",\"url\":\"https:\/\/noti-america.com\/site\/mexico\/author\/polachea\/\"}]}<\/script>\n<!-- \/ Yoast SEO Premium plugin. -->","yoast_head_json":{"title":"BCS, PRIMER ESTADO EN INCORPORAR \"ENSE\u00d1ANZA DEL AJEDREZ EN PLANTELES EDUCATIVOS\" - M\u00e9xico","robots":{"index":"index","follow":"follow","max-snippet":"max-snippet:-1","max-image-preview":"max-image-preview:large","max-video-preview":"max-video-preview:-1"},"canonical":"https:\/\/noti-america.com\/site\/mexico\/2017\/12\/14\/bcs-primer-estado-en-incorporar-ensenanza-del-ajedrez-en-planteles-educativos\/","og_locale":"es_ES","og_type":"article","og_title":"BCS, PRIMER ESTADO EN INCORPORAR \"ENSE\u00d1ANZA DEL AJEDREZ EN PLANTELES EDUCATIVOS\"","og_description":"Ser\u00e1 a partir de enero del 2018 se dar\u00e1 inicio al programa de ense\u00f1anza, considerando al ajedrez como una herramienta de valor educativo; participar\u00e1n cerca de 180 monitores La\u00a0Secretar\u00eda de Educaci\u00f3n P\u00fablica (SEP) y&#46;&#46;&#46;","og_url":"https:\/\/noti-america.com\/site\/mexico\/2017\/12\/14\/bcs-primer-estado-en-incorporar-ensenanza-del-ajedrez-en-planteles-educativos\/","og_site_name":"M\u00e9xico","article_published_time":"2017-12-14T07:30:29+00:00","og_image":[{"width":1320,"height":880,"url":"https:\/\/noti-america.com\/site\/mexico\/wp-content\/uploads\/sites\/13\/2017\/12\/ajedrez-ni\u00f1os-torneo-1320x880.jpg","type":"image\/jpeg"}],"author":"Paloma Olachea","twitter_card":"summary_large_image","twitter_misc":{"Escrito por":"Paloma Olachea","Tiempo estimado de lectura":"2 minutos"},"schema":{"@context":"https:\/\/schema.org","@graph":[{"@type":"Article","@id":"https:\/\/noti-america.com\/site\/mexico\/2017\/12\/14\/bcs-primer-estado-en-incorporar-ensenanza-del-ajedrez-en-planteles-educativos\/#article","isPartOf":{"@id":"https:\/\/noti-america.com\/site\/mexico\/2017\/12\/14\/bcs-primer-estado-en-incorporar-ensenanza-del-ajedrez-en-planteles-educativos\/"},"author":{"name":"Paloma Olachea","@id":"https:\/\/noti-america.com\/site\/mexico\/#\/schema\/person\/0055de23daadb69055b7fe942f37dcf3"},"headline":"BCS, PRIMER ESTADO EN INCORPORAR \u00abENSE\u00d1ANZA DEL AJEDREZ EN PLANTELES EDUCATIVOS\u00bb","datePublished":"2017-12-14T07:30:29+00:00","mainEntityOfPage":{"@id":"https:\/\/noti-america.com\/site\/mexico\/2017\/12\/14\/bcs-primer-estado-en-incorporar-ensenanza-del-ajedrez-en-planteles-educativos\/"},"wordCount":321,"commentCount":0,"publisher":{"@id":"https:\/\/noti-america.com\/site\/mexico\/#organization"},"image":{"@id":"https:\/\/noti-america.com\/site\/mexico\/2017\/12\/14\/bcs-primer-estado-en-incorporar-ensenanza-del-ajedrez-en-planteles-educativos\/#primaryimage"},"thumbnailUrl":"https:\/\/noti-america.com\/site\/mexico\/wp-content\/uploads\/sites\/13\/2017\/12\/ajedrez-ni\u00f1os-torneo-1320x880.jpg","articleSection":["Opini\u00f3n"],"inLanguage":"es","potentialAction":[{"@type":"CommentAction","name":"Comment","target":["https:\/\/noti-america.com\/site\/mexico\/2017\/12\/14\/bcs-primer-estado-en-incorporar-ensenanza-del-ajedrez-en-planteles-educativos\/#respond"]}]},{"@type":"WebPage","@id":"https:\/\/noti-america.com\/site\/mexico\/2017\/12\/14\/bcs-primer-estado-en-incorporar-ensenanza-del-ajedrez-en-planteles-educativos\/","url":"https:\/\/noti-america.com\/site\/mexico\/2017\/12\/14\/bcs-primer-estado-en-incorporar-ensenanza-del-ajedrez-en-planteles-educativos\/","name":"BCS, PRIMER ESTADO EN INCORPORAR \"ENSE\u00d1ANZA DEL AJEDREZ EN PLANTELES EDUCATIVOS\" - M\u00e9xico","isPartOf":{"@id":"https:\/\/noti-america.com\/site\/mexico\/#website"},"primaryImageOfPage":{"@id":"https:\/\/noti-america.com\/site\/mexico\/2017\/12\/14\/bcs-primer-estado-en-incorporar-ensenanza-del-ajedrez-en-planteles-educativos\/#primaryimage"},"image":{"@id":"https:\/\/noti-america.com\/site\/mexico\/2017\/12\/14\/bcs-primer-estado-en-incorporar-ensenanza-del-ajedrez-en-planteles-educativos\/#primaryimage"},"thumbnailUrl":"https:\/\/noti-america.com\/site\/mexico\/wp-content\/uploads\/sites\/13\/2017\/12\/ajedrez-ni\u00f1os-torneo-1320x880.jpg","datePublished":"2017-12-14T07:30:29+00:00","breadcrumb":{"@id":"https:\/\/noti-america.com\/site\/mexico\/2017\/12\/14\/bcs-primer-estado-en-incorporar-ensenanza-del-ajedrez-en-planteles-educativos\/#breadcrumb"},"inLanguage":"es","potentialAction":[{"@type":"ReadAction","target":["https:\/\/noti-america.com\/site\/mexico\/2017\/12\/14\/bcs-primer-estado-en-incorporar-ensenanza-del-ajedrez-en-planteles-educativos\/"]}]},{"@type":"ImageObject","inLanguage":"es","@id":"https:\/\/noti-america.com\/site\/mexico\/2017\/12\/14\/bcs-primer-estado-en-incorporar-ensenanza-del-ajedrez-en-planteles-educativos\/#primaryimage","url":"https:\/\/noti-america.com\/site\/mexico\/wp-content\/uploads\/sites\/13\/2017\/12\/ajedrez-ni\u00f1os-torneo-1320x880.jpg","contentUrl":"https:\/\/noti-america.com\/site\/mexico\/wp-content\/uploads\/sites\/13\/2017\/12\/ajedrez-ni\u00f1os-torneo-1320x880.jpg","width":1320,"height":880},{"@type":"BreadcrumbList","@id":"https:\/\/noti-america.com\/site\/mexico\/2017\/12\/14\/bcs-primer-estado-en-incorporar-ensenanza-del-ajedrez-en-planteles-educativos\/#breadcrumb","itemListElement":[{"@type":"ListItem","position":1,"name":"Portada","item":"https:\/\/noti-america.com\/site\/mexico\/"},{"@type":"ListItem","position":2,"name":"BCS, PRIMER ESTADO EN INCORPORAR \u00abENSE\u00d1ANZA DEL AJEDREZ EN PLANTELES EDUCATIVOS\u00bb"}]},{"@type":"WebSite","@id":"https:\/\/noti-america.com\/site\/mexico\/#website","url":"https:\/\/noti-america.com\/site\/mexico\/","name":"M\u00e9xico | Noti-America.com","description":"","publisher":{"@id":"https:\/\/noti-america.com\/site\/mexico\/#organization"},"potentialAction":[{"@type":"SearchAction","target":{"@type":"EntryPoint","urlTemplate":"https:\/\/noti-america.com\/site\/mexico\/?s={search_term_string}"},"query-input":{"@type":"PropertyValueSpecification","valueRequired":true,"valueName":"search_term_string"}}],"inLanguage":"es"},{"@type":"Organization","@id":"https:\/\/noti-america.com\/site\/mexico\/#organization","name":"Noti-America LLC | M\u00e9xico","url":"https:\/\/noti-america.com\/site\/mexico\/","logo":{"@type":"ImageObject","inLanguage":"es","@id":"https:\/\/noti-america.com\/site\/mexico\/#\/schema\/logo\/image\/","url":"https:\/\/noti-america.com\/site\/mexico\/wp-content\/uploads\/sites\/13\/2020\/07\/LogoNA-4x3-1.jpg","contentUrl":"https:\/\/noti-america.com\/site\/mexico\/wp-content\/uploads\/sites\/13\/2020\/07\/LogoNA-4x3-1.jpg","width":1236,"height":1080,"caption":"Noti-America LLC | M\u00e9xico"},"image":{"@id":"https:\/\/noti-america.com\/site\/mexico\/#\/schema\/logo\/image\/"}},{"@type":"Person","@id":"https:\/\/noti-america.com\/site\/mexico\/#\/schema\/person\/0055de23daadb69055b7fe942f37dcf3","name":"Paloma Olachea","image":{"@type":"ImageObject","inLanguage":"es","@id":"https:\/\/secure.gravatar.com\/avatar\/bdea3a4c796d2085779e77a5d654205f160117a0245752e5d3a2230b2f1e9cce?s=96&d=mm&r=g","url":"https:\/\/secure.gravatar.com\/avatar\/bdea3a4c796d2085779e77a5d654205f160117a0245752e5d3a2230b2f1e9cce?s=96&d=mm&r=g","contentUrl":"https:\/\/secure.gravatar.com\/avatar\/bdea3a4c796d2085779e77a5d654205f160117a0245752e5d3a2230b2f1e9cce?s=96&d=mm&r=g","caption":"Paloma Olachea"},"description":"Egresada de La Universidad Aut\u00f3noma de Baja California Sur, en la Licenciatura de Comunicaci\u00f3n, donde aprendi\u00f3 de los grandes maestros de esta M\u00e1xima Casa de Estudios como lo son: La Maestra Brenda Ramirez, Maestra Rossana Almada, Aletxe Almada, Lic. Francisco Fuentes, Profr. Carrillo de Fotograf\u00eda, Dr. Ruben Olachea , critica cinematogr\u00e1fica en Diplomados, Padre Juan Gom\u00e9z, en el cual desarrollo los temas mas importantes de comunicaci\u00f3n Social y sus teor\u00edas, en el transcurso de estudios, realizo su servicio y practicas profesionales, en la Unidad de Atenci\u00f3n Ciudadana del Gobierno del Estado de Baja California Sur, como asistente de la Lic. Nilda Moreno Armenta, Jefa de departamento de control y gesti\u00f3n Gubernamental en el tiempo de el Lic. Sergio Barron Pinto quien era el Director de la instituci\u00f3n gubernamental. Directora de Click Fotograf\u00eda explica con detalle que ha trabajado para grandes industrias como La Revista Bajacalifornianos.net con el Empresario Edgar Barrag\u00e1n, donde se formo por primera vez en el \u00e1mbito Fotogr\u00e1fico en la Secci\u00f3n Sociales y Ciencia BCS, en la Empresa Metamorphosis de Lic. Yamel Arti\u00f1o, mercadologa, aprendi\u00f3 los diversos temas y t\u00e9cnicas en el ramo de la Mercadotecnia para diferentes empresas y la mas importante para la compa\u00f1\u00eda Telcel, contratada por la Gran Mujer Lic. Cristina Flores, propietaria de Anuncios y Letreros el autodominio, fortaleza y emprendedora al activarse con una comunicaci\u00f3n eficaz, una gran maestra y a la vez una mujer que no se limita a ning\u00fan trabajo publicitario, El Ing. Gerardo Valenzuela de la Empresa Radiof\u00f3nica Radio Mochis Sinaloa y Director de la Revista ABC, el cual tiene un gran aprecio aparte de maestro, Padrino, en el cual ella aprendi\u00f3 a desarrollarse en el \u00e1mbito period\u00edstico, a conocer mas a los grandes ilustres y corresponsales de diferentes medios, en otro punto importante le ha permitido desarrollarse durante 7 a\u00f1os en el \u00e1mbito de programas de edici\u00f3n publicitaria y ahora forma parte de la Asociaci\u00f3n Radio Pace\u00f1ita, Realiza el dise\u00f1o actual de la Revista La Discapacidad en Acci\u00f3n de el C. Francisco Diaz Zu\u00f1iga, entre otras trabajar en el \u00e1rea de ventas con la Dise\u00f1adora Gr\u00e1fica Carmen Wences, en el cual tambi\u00e9n obtuvo asesoramiento y preparaci\u00f3n, entre los medios period\u00edsticos laboro para Mauricio Diaz anterior Director Peninsular Digital, en diversas notas y obtuvo el cambio al \u00e1rea de estad\u00edstica. En la Delegaci\u00f3n de Cabo San Lucas Trabajo con el C. Lucio Chavira propietario de Los Cabos Tve el cual ve como su padre quien le dio apoyo, familia y le dio capacitaci\u00f3n en fotogr\u00e1fica La C. Julia Ruiz de Chavira, ademas de laborar con el Lic. Ricardo del Rio en diversos trabajos de video y edici\u00f3n. Entre sus tantas Actividades labora para La Secretaria de Educaci\u00f3n Publica, primeramente en el Subsistema de Escuelas T\u00e9cnicas y as\u00ed pasado al Subsistema de Telesecundaria, En el DIF Estatal de Baja California Sur, como tallerista y en los Negocios de Banner Publicitario, Alder Dise\u00f1o y Casa Productora Pitahaya Productions como Propietaria, de antemano destacamos una opci\u00f3n mas laboral en el Medio Digital Noti America en el cual su Jefe Rafael Pi\u00f1a Loaiza le da la oportunidad de dar a conocer las noticias a nivel internacional destacando primordial mente su pa\u00eds natal Mexico.","url":"https:\/\/noti-america.com\/site\/mexico\/author\/polachea\/"}]}},"_links":{"self":[{"href":"https:\/\/noti-america.com\/site\/mexico\/wp-json\/wp\/v2\/posts\/663","targetHints":{"allow":["GET"]}}],"collection":[{"href":"https:\/\/noti-america.com\/site\/mexico\/wp-json\/wp\/v2\/posts"}],"about":[{"href":"https:\/\/noti-america.com\/site\/mexico\/wp-json\/wp\/v2\/types\/post"}],"author":[{"embeddable":true,"href":"https:\/\/noti-america.com\/site\/mexico\/wp-json\/wp\/v2\/users\/16"}],"replies":[{"embeddable":true,"href":"https:\/\/noti-america.com\/site\/mexico\/wp-json\/wp\/v2\/comments?post=663"}],"version-history":[{"count":1,"href":"https:\/\/noti-america.com\/site\/mexico\/wp-json\/wp\/v2\/posts\/663\/revisions"}],"predecessor-version":[{"id":665,"href":"https:\/\/noti-america.com\/site\/mexico\/wp-json\/wp\/v2\/posts\/663\/revisions\/665"}],"wp:featuredmedia":[{"embeddable":true,"href":"https:\/\/noti-america.com\/site\/mexico\/wp-json\/wp\/v2\/media\/664"}],"wp:attachment":[{"href":"https:\/\/noti-america.com\/site\/mexico\/wp-json\/wp\/v2\/media?parent=663"}],"wp:term":[{"taxonomy":"category","embeddable":true,"href":"https:\/\/noti-america.com\/site\/mexico\/wp-json\/wp\/v2\/categories?post=663"},{"taxonomy":"post_tag","embeddable":true,"href":"https:\/\/noti-america.com\/site\/mexico\/wp-json\/wp\/v2\/tags?post=663"}],"curies":[{"name":"wp","href":"https:\/\/api.w.org\/{rel}","templated":true}]}}