{"id":6626,"date":"2021-09-29T11:48:13","date_gmt":"2021-09-29T11:48:13","guid":{"rendered":"https:\/\/noti-america.com\/site\/mexico\/2021\/09\/29\/regresa-el-maraton-cdmx-2021\/"},"modified":"2021-09-29T11:48:13","modified_gmt":"2021-09-29T11:48:13","slug":"regresa-el-maraton-cdmx-2021","status":"publish","type":"post","link":"https:\/\/noti-america.com\/site\/mexico\/2021\/09\/29\/regresa-el-maraton-cdmx-2021\/","title":{"rendered":"Regresa el Marat\u00f3n CDMX 2021"},"content":{"rendered":"<p><strong>Noti-Am\u00e9rica (M\u00e9xico)<\/strong><br \/>\n<strong>Ciudad de M\u00e9xico,DF.<\/strong><\/p>\n<p>&nbsp;<\/p>\n<div dir=\"auto\" style=\"text-align: justify\">El Marat\u00f3n de la Ciudad de M\u00e9xico 2021 est\u00e1 de vuelta y se realizar\u00e1 el 28 de noviembre, informaron las autoridades. El evento, que tiene categor\u00eda elite de la World Athletics, espera reunir cerca de 20 mil competidores que deber\u00e1n respetar las medidas sanitarias.<\/div>\n<div dir=\"auto\" style=\"text-align: justify\"><\/div>\n<div dir=\"auto\" style=\"text-align: justify\">\u00abEstamos contentos, ya hac\u00eda falta regresar este evento a la poblaci\u00f3n, el optimismo y la vida sana para que la ciudadan\u00eda se empate de la buena vibra\u00bb, dijo a Efe el director de la carrera, Javier Carvallo, un maratonista recreativo clasificado varias veces al Marat\u00f3n de Boston.<\/div>\n<div dir=\"auto\" style=\"text-align: justify\"><\/div>\n<div dir=\"auto\" style=\"text-align: justify\">Creado en 1983, el Marat\u00f3n ha sido ganado por figuras de primer nivel como los subcampeones mundiales Sim\u00f3n Biwott, de Kenya, y Dionicio Cer\u00f3n, de M\u00e9xico y los peruanos Gladys Tejeda y Ra\u00fal Pacheco, campeones de los Juegos Panamericanos.<\/div>\n<div dir=\"auto\" style=\"text-align: justify\"><\/div>\n<div dir=\"auto\" style=\"text-align: justify\">Los organizadores insistieron en que tomar\u00e1n medidas para garantizar que no haya riesgos de contagios del coronavirus, a pesar de la cantidad de atletas que se reunir\u00e1n.<\/div>\n<div dir=\"auto\" style=\"text-align: justify\"><\/div>\n<div dir=\"auto\" style=\"text-align: justify\">Habr\u00e1 tambi\u00e9n una convocatoria virtual, para correr la distancia de 42 kil\u00f3metros 195 metros entre el 22 y el 31 de octubre o para juntar varias carreras que sumen la cantidad de kil\u00f3metros del marat\u00f3n, una manera.<\/div>\n<div dir=\"auto\" style=\"text-align: justify\"><\/div>\n<div dir=\"auto\" style=\"text-align: justify\">Tres semanas despu\u00e9s de la carrera, se celebrar\u00e1 en la capital el Medio Marat\u00f3n de la Ciudad de M\u00e9xico, que tambi\u00e9n tendr\u00e1 unos 20 mil corredores.<\/div>\n<div dir=\"auto\" style=\"text-align: justify\"><\/div>\n<div dir=\"auto\">\u00bfC\u00f3mo inscribirse?<\/div>\n<div dir=\"auto\">Marat\u00f3n de Ciudad de M\u00e9xico: <a href=\"http:\/\/maraton.cdmx.gob.mx\" target=\"_blank\" rel=\"noopener\" data-saferedirecturl=\"https:\/\/www.google.com\/url?q=http:\/\/maraton.cdmx.gob.mx&amp;source=gmail&amp;ust=1633016650225000&amp;usg=AFQjCNHXjR5Z2DCIkXpEf4fponzVUt33Dg\">maraton.cdmx.gob.mx<\/a><\/div>\n<div dir=\"auto\"><\/div>\n<div dir=\"auto\">Medio Marat\u00f3n: <a href=\"http:\/\/21k.cdmx.gob.mx\" target=\"_blank\" rel=\"noopener\" data-saferedirecturl=\"https:\/\/www.google.com\/url?q=http:\/\/21k.cdmx.gob.mx&amp;source=gmail&amp;ust=1633016650225000&amp;usg=AFQjCNG2Dua6LcPWRrO906A9l6vrnYQ8ig\">21k.cdmx.gob.mx<\/a><\/div>\n<div dir=\"auto\"><\/div>\n<div dir=\"auto\">Tiendas Mart\u00ed<\/div>\n<div dir=\"auto\"><\/div>\n<div dir=\"auto\">Sport City<\/div>\n<div dir=\"auto\"><\/div>\n<div dir=\"auto\">\u00bfCu\u00e1les son los requisitos?<\/div>\n<div dir=\"auto\">Los participantes al Marat\u00f3n CDMX 2021 deber\u00e1n presentar su constancia de vacunaci\u00f3n contra Covid-19 y\/o una prueba negativa con un m\u00e1ximo 72 horas antes del evento.<\/div>\n<div dir=\"auto\"><\/div>\n<div dir=\"auto\">FUENTE : Elsoldemexico.com.mex<\/div>\n<div dir=\"auto\">En #deportes por Carlos Urdaneta @javierurdaneta16<\/div>\n","protected":false},"excerpt":{"rendered":"<p>Noti-Am\u00e9rica (M\u00e9xico) Ciudad de M\u00e9xico,DF. &nbsp; El Marat\u00f3n de la Ciudad de M\u00e9xico 2021 est\u00e1 de vuelta y se realizar\u00e1 el 28 de noviembre, informaron las autoridades. El evento, que tiene categor\u00eda elite de&#46;&#46;&#46;<\/p>\n","protected":false},"author":126,"featured_media":6627,"comment_status":"open","ping_status":"open","sticky":false,"template":"","format":"image","meta":{"_acf_changed":false,"om_disable_all_campaigns":false,"rop_custom_images_group":[],"rop_custom_messages_group":[],"rop_publish_now":"initial","rop_publish_now_accounts":{"twitter_242054905_242054905":""},"rop_publish_now_history":[],"rop_publish_now_status":"pending","_uf_show_specific_survey":0,"_uf_disable_surveys":false,"footnotes":""},"categories":[16],"tags":[],"class_list":["post-6626","post","type-post","status-publish","format-image","has-post-thumbnail","hentry","category-deportes","post_format-post-format-image"],"acf":[],"aioseo_notices":[],"yoast_head":"<!-- This site is optimized with the Yoast SEO Premium plugin v24.9 (Yoast SEO v27.2) - https:\/\/yoast.com\/product\/yoast-seo-premium-wordpress\/ -->\n<title>Regresa el Marat\u00f3n CDMX 2021 - M\u00e9xico<\/title>\n<meta name=\"robots\" content=\"index, follow, max-snippet:-1, max-image-preview:large, max-video-preview:-1\" \/>\n<link rel=\"canonical\" href=\"https:\/\/noti-america.com\/site\/mexico\/2021\/09\/29\/regresa-el-maraton-cdmx-2021\/\" \/>\n<meta property=\"og:locale\" content=\"es_ES\" \/>\n<meta property=\"og:type\" content=\"article\" \/>\n<meta property=\"og:title\" content=\"Regresa el Marat\u00f3n CDMX 2021\" \/>\n<meta property=\"og:description\" content=\"Noti-Am\u00e9rica (M\u00e9xico) Ciudad de M\u00e9xico,DF. &nbsp; El Marat\u00f3n de la Ciudad de M\u00e9xico 2021 est\u00e1 de vuelta y se realizar\u00e1 el 28 de noviembre, informaron las autoridades. El evento, que tiene categor\u00eda elite de&#046;&#046;&#046;\" \/>\n<meta property=\"og:url\" content=\"https:\/\/noti-america.com\/site\/mexico\/2021\/09\/29\/regresa-el-maraton-cdmx-2021\/\" \/>\n<meta property=\"og:site_name\" content=\"M\u00e9xico\" \/>\n<meta property=\"article:published_time\" content=\"2021-09-29T11:48:13+00:00\" \/>\n<meta property=\"og:image\" content=\"https:\/\/noti-america.com\/site\/mexico\/wp-content\/uploads\/sites\/13\/2021\/09\/243223742_998912607323098_3417731281747772315_n.jpg\" \/>\n\t<meta property=\"og:image:width\" content=\"277\" \/>\n\t<meta property=\"og:image:height\" content=\"206\" \/>\n\t<meta property=\"og:image:type\" content=\"image\/jpeg\" \/>\n<meta name=\"author\" content=\"Carlos Urdaneta\" \/>\n<meta name=\"twitter:card\" content=\"summary_large_image\" \/>\n<meta name=\"twitter:label1\" content=\"Escrito por\" \/>\n\t<meta name=\"twitter:data1\" content=\"Carlos Urdaneta\" \/>\n\t<meta name=\"twitter:label2\" content=\"Tiempo estimado de lectura\" \/>\n\t<meta name=\"twitter:data2\" content=\"2 minutos\" \/>\n<script type=\"application\/ld+json\" class=\"yoast-schema-graph\">{\"@context\":\"https:\/\/schema.org\",\"@graph\":[{\"@type\":\"Article\",\"@id\":\"https:\/\/noti-america.com\/site\/mexico\/2021\/09\/29\/regresa-el-maraton-cdmx-2021\/#article\",\"isPartOf\":{\"@id\":\"https:\/\/noti-america.com\/site\/mexico\/2021\/09\/29\/regresa-el-maraton-cdmx-2021\/\"},\"author\":{\"name\":\"Carlos Urdaneta\",\"@id\":\"https:\/\/noti-america.com\/site\/mexico\/#\/schema\/person\/18dc43134c35467d05547aa2cfdb744f\"},\"headline\":\"Regresa el Marat\u00f3n CDMX 2021\",\"datePublished\":\"2021-09-29T11:48:13+00:00\",\"mainEntityOfPage\":{\"@id\":\"https:\/\/noti-america.com\/site\/mexico\/2021\/09\/29\/regresa-el-maraton-cdmx-2021\/\"},\"wordCount\":318,\"commentCount\":0,\"publisher\":{\"@id\":\"https:\/\/noti-america.com\/site\/mexico\/#organization\"},\"image\":{\"@id\":\"https:\/\/noti-america.com\/site\/mexico\/2021\/09\/29\/regresa-el-maraton-cdmx-2021\/#primaryimage\"},\"thumbnailUrl\":\"https:\/\/noti-america.com\/site\/mexico\/wp-content\/uploads\/sites\/13\/2021\/09\/243223742_998912607323098_3417731281747772315_n.jpg\",\"articleSection\":[\"Deportes\"],\"inLanguage\":\"es\",\"potentialAction\":[{\"@type\":\"CommentAction\",\"name\":\"Comment\",\"target\":[\"https:\/\/noti-america.com\/site\/mexico\/2021\/09\/29\/regresa-el-maraton-cdmx-2021\/#respond\"]}]},{\"@type\":\"WebPage\",\"@id\":\"https:\/\/noti-america.com\/site\/mexico\/2021\/09\/29\/regresa-el-maraton-cdmx-2021\/\",\"url\":\"https:\/\/noti-america.com\/site\/mexico\/2021\/09\/29\/regresa-el-maraton-cdmx-2021\/\",\"name\":\"Regresa el Marat\u00f3n CDMX 2021 - M\u00e9xico\",\"isPartOf\":{\"@id\":\"https:\/\/noti-america.com\/site\/mexico\/#website\"},\"primaryImageOfPage\":{\"@id\":\"https:\/\/noti-america.com\/site\/mexico\/2021\/09\/29\/regresa-el-maraton-cdmx-2021\/#primaryimage\"},\"image\":{\"@id\":\"https:\/\/noti-america.com\/site\/mexico\/2021\/09\/29\/regresa-el-maraton-cdmx-2021\/#primaryimage\"},\"thumbnailUrl\":\"https:\/\/noti-america.com\/site\/mexico\/wp-content\/uploads\/sites\/13\/2021\/09\/243223742_998912607323098_3417731281747772315_n.jpg\",\"datePublished\":\"2021-09-29T11:48:13+00:00\",\"breadcrumb\":{\"@id\":\"https:\/\/noti-america.com\/site\/mexico\/2021\/09\/29\/regresa-el-maraton-cdmx-2021\/#breadcrumb\"},\"inLanguage\":\"es\",\"potentialAction\":[{\"@type\":\"ReadAction\",\"target\":[\"https:\/\/noti-america.com\/site\/mexico\/2021\/09\/29\/regresa-el-maraton-cdmx-2021\/\"]}]},{\"@type\":\"ImageObject\",\"inLanguage\":\"es\",\"@id\":\"https:\/\/noti-america.com\/site\/mexico\/2021\/09\/29\/regresa-el-maraton-cdmx-2021\/#primaryimage\",\"url\":\"https:\/\/noti-america.com\/site\/mexico\/wp-content\/uploads\/sites\/13\/2021\/09\/243223742_998912607323098_3417731281747772315_n.jpg\",\"contentUrl\":\"https:\/\/noti-america.com\/site\/mexico\/wp-content\/uploads\/sites\/13\/2021\/09\/243223742_998912607323098_3417731281747772315_n.jpg\",\"width\":277,\"height\":206},{\"@type\":\"BreadcrumbList\",\"@id\":\"https:\/\/noti-america.com\/site\/mexico\/2021\/09\/29\/regresa-el-maraton-cdmx-2021\/#breadcrumb\",\"itemListElement\":[{\"@type\":\"ListItem\",\"position\":1,\"name\":\"Portada\",\"item\":\"https:\/\/noti-america.com\/site\/mexico\/\"},{\"@type\":\"ListItem\",\"position\":2,\"name\":\"Regresa el Marat\u00f3n CDMX 2021\"}]},{\"@type\":\"WebSite\",\"@id\":\"https:\/\/noti-america.com\/site\/mexico\/#website\",\"url\":\"https:\/\/noti-america.com\/site\/mexico\/\",\"name\":\"M\u00e9xico | Noti-America.com\",\"description\":\"\",\"publisher\":{\"@id\":\"https:\/\/noti-america.com\/site\/mexico\/#organization\"},\"potentialAction\":[{\"@type\":\"SearchAction\",\"target\":{\"@type\":\"EntryPoint\",\"urlTemplate\":\"https:\/\/noti-america.com\/site\/mexico\/?s={search_term_string}\"},\"query-input\":{\"@type\":\"PropertyValueSpecification\",\"valueRequired\":true,\"valueName\":\"search_term_string\"}}],\"inLanguage\":\"es\"},{\"@type\":\"Organization\",\"@id\":\"https:\/\/noti-america.com\/site\/mexico\/#organization\",\"name\":\"Noti-America LLC | M\u00e9xico\",\"url\":\"https:\/\/noti-america.com\/site\/mexico\/\",\"logo\":{\"@type\":\"ImageObject\",\"inLanguage\":\"es\",\"@id\":\"https:\/\/noti-america.com\/site\/mexico\/#\/schema\/logo\/image\/\",\"url\":\"https:\/\/noti-america.com\/site\/mexico\/wp-content\/uploads\/sites\/13\/2020\/07\/LogoNA-4x3-1.jpg\",\"contentUrl\":\"https:\/\/noti-america.com\/site\/mexico\/wp-content\/uploads\/sites\/13\/2020\/07\/LogoNA-4x3-1.jpg\",\"width\":1236,\"height\":1080,\"caption\":\"Noti-America LLC | M\u00e9xico\"},\"image\":{\"@id\":\"https:\/\/noti-america.com\/site\/mexico\/#\/schema\/logo\/image\/\"}},{\"@type\":\"Person\",\"@id\":\"https:\/\/noti-america.com\/site\/mexico\/#\/schema\/person\/18dc43134c35467d05547aa2cfdb744f\",\"name\":\"Carlos Urdaneta\",\"image\":{\"@type\":\"ImageObject\",\"inLanguage\":\"es\",\"@id\":\"https:\/\/secure.gravatar.com\/avatar\/843c67273bc917c180627124c4fe3cf00fcaca57b3ba18ff59659bf7d38ed1d6?s=96&d=mm&r=g\",\"url\":\"https:\/\/secure.gravatar.com\/avatar\/843c67273bc917c180627124c4fe3cf00fcaca57b3ba18ff59659bf7d38ed1d6?s=96&d=mm&r=g\",\"contentUrl\":\"https:\/\/secure.gravatar.com\/avatar\/843c67273bc917c180627124c4fe3cf00fcaca57b3ba18ff59659bf7d38ed1d6?s=96&d=mm&r=g\",\"caption\":\"Carlos Urdaneta\"},\"description\":\"Licenciado en Educaci\u00f3n F\u00edsica\",\"url\":\"https:\/\/noti-america.com\/site\/mexico\/author\/curdaneta\/\"}]}<\/script>\n<!-- \/ Yoast SEO Premium plugin. -->","yoast_head_json":{"title":"Regresa el Marat\u00f3n CDMX 2021 - M\u00e9xico","robots":{"index":"index","follow":"follow","max-snippet":"max-snippet:-1","max-image-preview":"max-image-preview:large","max-video-preview":"max-video-preview:-1"},"canonical":"https:\/\/noti-america.com\/site\/mexico\/2021\/09\/29\/regresa-el-maraton-cdmx-2021\/","og_locale":"es_ES","og_type":"article","og_title":"Regresa el Marat\u00f3n CDMX 2021","og_description":"Noti-Am\u00e9rica (M\u00e9xico) Ciudad de M\u00e9xico,DF. &nbsp; El Marat\u00f3n de la Ciudad de M\u00e9xico 2021 est\u00e1 de vuelta y se realizar\u00e1 el 28 de noviembre, informaron las autoridades. El evento, que tiene categor\u00eda elite de&#46;&#46;&#46;","og_url":"https:\/\/noti-america.com\/site\/mexico\/2021\/09\/29\/regresa-el-maraton-cdmx-2021\/","og_site_name":"M\u00e9xico","article_published_time":"2021-09-29T11:48:13+00:00","og_image":[{"width":277,"height":206,"url":"https:\/\/noti-america.com\/site\/mexico\/wp-content\/uploads\/sites\/13\/2021\/09\/243223742_998912607323098_3417731281747772315_n.jpg","type":"image\/jpeg"}],"author":"Carlos Urdaneta","twitter_card":"summary_large_image","twitter_misc":{"Escrito por":"Carlos Urdaneta","Tiempo estimado de lectura":"2 minutos"},"schema":{"@context":"https:\/\/schema.org","@graph":[{"@type":"Article","@id":"https:\/\/noti-america.com\/site\/mexico\/2021\/09\/29\/regresa-el-maraton-cdmx-2021\/#article","isPartOf":{"@id":"https:\/\/noti-america.com\/site\/mexico\/2021\/09\/29\/regresa-el-maraton-cdmx-2021\/"},"author":{"name":"Carlos Urdaneta","@id":"https:\/\/noti-america.com\/site\/mexico\/#\/schema\/person\/18dc43134c35467d05547aa2cfdb744f"},"headline":"Regresa el Marat\u00f3n CDMX 2021","datePublished":"2021-09-29T11:48:13+00:00","mainEntityOfPage":{"@id":"https:\/\/noti-america.com\/site\/mexico\/2021\/09\/29\/regresa-el-maraton-cdmx-2021\/"},"wordCount":318,"commentCount":0,"publisher":{"@id":"https:\/\/noti-america.com\/site\/mexico\/#organization"},"image":{"@id":"https:\/\/noti-america.com\/site\/mexico\/2021\/09\/29\/regresa-el-maraton-cdmx-2021\/#primaryimage"},"thumbnailUrl":"https:\/\/noti-america.com\/site\/mexico\/wp-content\/uploads\/sites\/13\/2021\/09\/243223742_998912607323098_3417731281747772315_n.jpg","articleSection":["Deportes"],"inLanguage":"es","potentialAction":[{"@type":"CommentAction","name":"Comment","target":["https:\/\/noti-america.com\/site\/mexico\/2021\/09\/29\/regresa-el-maraton-cdmx-2021\/#respond"]}]},{"@type":"WebPage","@id":"https:\/\/noti-america.com\/site\/mexico\/2021\/09\/29\/regresa-el-maraton-cdmx-2021\/","url":"https:\/\/noti-america.com\/site\/mexico\/2021\/09\/29\/regresa-el-maraton-cdmx-2021\/","name":"Regresa el Marat\u00f3n CDMX 2021 - M\u00e9xico","isPartOf":{"@id":"https:\/\/noti-america.com\/site\/mexico\/#website"},"primaryImageOfPage":{"@id":"https:\/\/noti-america.com\/site\/mexico\/2021\/09\/29\/regresa-el-maraton-cdmx-2021\/#primaryimage"},"image":{"@id":"https:\/\/noti-america.com\/site\/mexico\/2021\/09\/29\/regresa-el-maraton-cdmx-2021\/#primaryimage"},"thumbnailUrl":"https:\/\/noti-america.com\/site\/mexico\/wp-content\/uploads\/sites\/13\/2021\/09\/243223742_998912607323098_3417731281747772315_n.jpg","datePublished":"2021-09-29T11:48:13+00:00","breadcrumb":{"@id":"https:\/\/noti-america.com\/site\/mexico\/2021\/09\/29\/regresa-el-maraton-cdmx-2021\/#breadcrumb"},"inLanguage":"es","potentialAction":[{"@type":"ReadAction","target":["https:\/\/noti-america.com\/site\/mexico\/2021\/09\/29\/regresa-el-maraton-cdmx-2021\/"]}]},{"@type":"ImageObject","inLanguage":"es","@id":"https:\/\/noti-america.com\/site\/mexico\/2021\/09\/29\/regresa-el-maraton-cdmx-2021\/#primaryimage","url":"https:\/\/noti-america.com\/site\/mexico\/wp-content\/uploads\/sites\/13\/2021\/09\/243223742_998912607323098_3417731281747772315_n.jpg","contentUrl":"https:\/\/noti-america.com\/site\/mexico\/wp-content\/uploads\/sites\/13\/2021\/09\/243223742_998912607323098_3417731281747772315_n.jpg","width":277,"height":206},{"@type":"BreadcrumbList","@id":"https:\/\/noti-america.com\/site\/mexico\/2021\/09\/29\/regresa-el-maraton-cdmx-2021\/#breadcrumb","itemListElement":[{"@type":"ListItem","position":1,"name":"Portada","item":"https:\/\/noti-america.com\/site\/mexico\/"},{"@type":"ListItem","position":2,"name":"Regresa el Marat\u00f3n CDMX 2021"}]},{"@type":"WebSite","@id":"https:\/\/noti-america.com\/site\/mexico\/#website","url":"https:\/\/noti-america.com\/site\/mexico\/","name":"M\u00e9xico | Noti-America.com","description":"","publisher":{"@id":"https:\/\/noti-america.com\/site\/mexico\/#organization"},"potentialAction":[{"@type":"SearchAction","target":{"@type":"EntryPoint","urlTemplate":"https:\/\/noti-america.com\/site\/mexico\/?s={search_term_string}"},"query-input":{"@type":"PropertyValueSpecification","valueRequired":true,"valueName":"search_term_string"}}],"inLanguage":"es"},{"@type":"Organization","@id":"https:\/\/noti-america.com\/site\/mexico\/#organization","name":"Noti-America LLC | M\u00e9xico","url":"https:\/\/noti-america.com\/site\/mexico\/","logo":{"@type":"ImageObject","inLanguage":"es","@id":"https:\/\/noti-america.com\/site\/mexico\/#\/schema\/logo\/image\/","url":"https:\/\/noti-america.com\/site\/mexico\/wp-content\/uploads\/sites\/13\/2020\/07\/LogoNA-4x3-1.jpg","contentUrl":"https:\/\/noti-america.com\/site\/mexico\/wp-content\/uploads\/sites\/13\/2020\/07\/LogoNA-4x3-1.jpg","width":1236,"height":1080,"caption":"Noti-America LLC | M\u00e9xico"},"image":{"@id":"https:\/\/noti-america.com\/site\/mexico\/#\/schema\/logo\/image\/"}},{"@type":"Person","@id":"https:\/\/noti-america.com\/site\/mexico\/#\/schema\/person\/18dc43134c35467d05547aa2cfdb744f","name":"Carlos Urdaneta","image":{"@type":"ImageObject","inLanguage":"es","@id":"https:\/\/secure.gravatar.com\/avatar\/843c67273bc917c180627124c4fe3cf00fcaca57b3ba18ff59659bf7d38ed1d6?s=96&d=mm&r=g","url":"https:\/\/secure.gravatar.com\/avatar\/843c67273bc917c180627124c4fe3cf00fcaca57b3ba18ff59659bf7d38ed1d6?s=96&d=mm&r=g","contentUrl":"https:\/\/secure.gravatar.com\/avatar\/843c67273bc917c180627124c4fe3cf00fcaca57b3ba18ff59659bf7d38ed1d6?s=96&d=mm&r=g","caption":"Carlos Urdaneta"},"description":"Licenciado en Educaci\u00f3n F\u00edsica","url":"https:\/\/noti-america.com\/site\/mexico\/author\/curdaneta\/"}]}},"_links":{"self":[{"href":"https:\/\/noti-america.com\/site\/mexico\/wp-json\/wp\/v2\/posts\/6626","targetHints":{"allow":["GET"]}}],"collection":[{"href":"https:\/\/noti-america.com\/site\/mexico\/wp-json\/wp\/v2\/posts"}],"about":[{"href":"https:\/\/noti-america.com\/site\/mexico\/wp-json\/wp\/v2\/types\/post"}],"author":[{"embeddable":true,"href":"https:\/\/noti-america.com\/site\/mexico\/wp-json\/wp\/v2\/users\/126"}],"replies":[{"embeddable":true,"href":"https:\/\/noti-america.com\/site\/mexico\/wp-json\/wp\/v2\/comments?post=6626"}],"version-history":[{"count":0,"href":"https:\/\/noti-america.com\/site\/mexico\/wp-json\/wp\/v2\/posts\/6626\/revisions"}],"wp:featuredmedia":[{"embeddable":true,"href":"https:\/\/noti-america.com\/site\/mexico\/wp-json\/wp\/v2\/media\/6627"}],"wp:attachment":[{"href":"https:\/\/noti-america.com\/site\/mexico\/wp-json\/wp\/v2\/media?parent=6626"}],"wp:term":[{"taxonomy":"category","embeddable":true,"href":"https:\/\/noti-america.com\/site\/mexico\/wp-json\/wp\/v2\/categories?post=6626"},{"taxonomy":"post_tag","embeddable":true,"href":"https:\/\/noti-america.com\/site\/mexico\/wp-json\/wp\/v2\/tags?post=6626"}],"curies":[{"name":"wp","href":"https:\/\/api.w.org\/{rel}","templated":true}]}}